{"id":8128,"date":"2022-02-16T05:58:00","date_gmt":"2022-02-16T08:58:00","guid":{"rendered":"https:\/\/www.padreeustaquio.com.br\/?p=8128"},"modified":"2022-02-14T21:10:46","modified_gmt":"2022-02-15T00:10:46","slug":"encuentro-de-formacion-de-ministros-de-la-eucaristia-realizado-en-el-teatro-padre-eustaquio","status":"publish","type":"post","link":"https:\/\/www.padreeustaquio.com.br\/es\/encuentro-de-formacion-de-ministros-de-la-eucaristia-realizado-en-el-teatro-padre-eustaquio\/","title":{"rendered":"Se realiza encuentro de formaci\u00f3n de Ministros de la Eucarist\u00eda en el Teatro Padre Eustaquio."},"content":{"rendered":"<p>El Teatro Padre Eust\u00e1quio, anexo al Santuario de Salud y Paz de Belo Horizonte, ofrecer\u00e1 un curso de capacitaci\u00f3n para Ministros Extraordinarios de la Sagrada Comuni\u00f3n durante cuatro s\u00e1bados. El primer d\u00eda de capacitaci\u00f3n tuvo lugar el fin de semana pasado, el 12 de febrero.<\/p>\n\n\n\n<p>En la primera reuni\u00f3n participaron aproximadamente 200 personas. Se trata de feligreses del Decanato S\u00e3o Francisco das Chagas, regi\u00f3n episcopal de Nossa Senhora da Esperan\u00e7a, perteneciente a la Arquidi\u00f3cesis de Belo Horizonte.<\/p>\n\n\n\n<p>El objetivo de la reuni\u00f3n es ofrecer a los nuevos ministros fundamentos b\u00edblicos, teol\u00f3gicos, lit\u00fargicos y pastorales para el Ministerio Extraordinario de la Sagrada Comuni\u00f3n. La capacitaci\u00f3n estuvo a cargo del asesor pastoral y representante de la Arquidi\u00f3cesis de Belo Horizonte, Daniel Reis. El te\u00f3logo orient\u00f3 el trabajo bas\u00e1ndose en documentos de la Iglesia Cat\u00f3lica proporcionados por la Santa Sede, la CNBB (Conferencia Nacional de Obispos de Brasil) y la Arquidi\u00f3cesis de Belo Horizonte.<\/p>\n\n\n\n<p>El pr\u00f3ximo encuentro se realizar\u00e1 el 19 de febrero, tambi\u00e9n en el Teatro Padre Eust\u00e1quio.<\/p>\n\n\n\n<p><\/p>","protected":false},"excerpt":{"rendered":"<p>O Teatro Padre Eust\u00e1quio, anexo ao Santu\u00e1rio Sa\u00fade e Paz, em Belo Horizonte, receber\u00e1 durante quatro s\u00e1bados o Encontro de Forma\u00e7\u00e3o para Ministros Extraordin\u00e1rios da Comunh\u00e3o Eucar\u00edstica. O primeiro dia de forma\u00e7\u00e3o foi no \u00faltimo fim de semana, dia 12 de fevereiro. Cerca de 200 pessoas participaram da primeira reuni\u00e3o. Eles s\u00e3o paroquianos da Forania S\u00e3o Francisco das Chagas, regi\u00e3o episcopal Nossa Senhora da Esperan\u00e7a, que pertence \u00e0 Arquidiocese de Belo Horizonte. A ideia do encontro \u00e9 oferecer aos novos ministros fundamentos b\u00edblicos, teol\u00f3gicos, lit\u00fargicos e pastorais do Minist\u00e9rio Extraordin\u00e1rio da Comunh\u00e3o Eucar\u00edstica. O momento de forma\u00e7\u00e3o foi ministrado pelo [&hellip;]<\/p>\n","protected":false},"author":2,"featured_media":8129,"comment_status":"open","ping_status":"closed","sticky":false,"template":"","format":"standard","meta":{"_acf_changed":false,"footnotes":""},"categories":[611],"tags":[],"class_list":["post-8128","post","type-post","status-publish","format-standard","has-post-thumbnail","hentry","category-noticias"],"acf":[],"yoast_head":"<!-- This site is optimized with the Yoast SEO plugin v27.2 - https:\/\/yoast.com\/product\/yoast-seo-wordpress\/ -->\n<title>Encontro para forma\u00e7\u00e3o de Ministros da Eucaristia \u00e9 realizado no Teatro Padre Eust\u00e1quio<\/title>\n<meta name=\"description\" content=\"O Teatro Padre Eust\u00e1quio, anexo ao Santu\u00e1rio Sa\u00fade e Paz, em Belo Horizonte, receber\u00e1 durante quatro s\u00e1bados o Encontro de Forma\u00e7\u00e3o para Ministros Extraordin\u00e1rios da Comunh\u00e3o Eucar\u00edstica. O primeiro dia de forma\u00e7\u00e3o foi no \u00faltimo fim de semana.\" \/>\n<meta name=\"robots\" content=\"index, follow, max-snippet:-1, max-image-preview:large, max-video-preview:-1\" \/>\n<link rel=\"canonical\" href=\"https:\/\/www.padreeustaquio.com.br\/es\/encuentro-de-formacion-de-ministros-de-la-eucaristia-realizado-en-el-teatro-padre-eustaquio\/\" \/>\n<meta property=\"og:locale\" content=\"es_ES\" \/>\n<meta property=\"og:type\" content=\"article\" \/>\n<meta property=\"og:title\" content=\"Encontro para forma\u00e7\u00e3o de Ministros da Eucaristia \u00e9 realizado no Teatro Padre Eust\u00e1quio\" \/>\n<meta property=\"og:description\" content=\"O Teatro Padre Eust\u00e1quio, anexo ao Santu\u00e1rio Sa\u00fade e Paz, em Belo Horizonte, receber\u00e1 durante quatro s\u00e1bados o Encontro de Forma\u00e7\u00e3o para Ministros Extraordin\u00e1rios da Comunh\u00e3o Eucar\u00edstica. O primeiro dia de forma\u00e7\u00e3o foi no \u00faltimo fim de semana.\" \/>\n<meta property=\"og:url\" content=\"https:\/\/www.padreeustaquio.com.br\/es\/encuentro-de-formacion-de-ministros-de-la-eucaristia-realizado-en-el-teatro-padre-eustaquio\/\" \/>\n<meta property=\"og:site_name\" content=\"Padre Eust\u00e1quio\" \/>\n<meta property=\"article:publisher\" content=\"https:\/\/www.facebook.com\/beatopadreeustaquio\/\" \/>\n<meta property=\"article:published_time\" content=\"2022-02-16T08:58:00+00:00\" \/>\n<meta property=\"og:image\" content=\"https:\/\/www.padreeustaquio.com.br\/wp-content\/uploads\/2022\/02\/formacao-ministros.jpg\" \/>\n\t<meta property=\"og:image:width\" content=\"748\" \/>\n\t<meta property=\"og:image:height\" content=\"394\" \/>\n\t<meta property=\"og:image:type\" content=\"image\/jpeg\" \/>\n<meta name=\"author\" content=\"@sscc\" \/>\n<meta name=\"twitter:card\" content=\"summary_large_image\" \/>\n<meta name=\"twitter:creator\" content=\"@beatopeustaquio\" \/>\n<meta name=\"twitter:site\" content=\"@beatopeustaquio\" \/>\n<meta name=\"twitter:label1\" content=\"Escrito por\" \/>\n\t<meta name=\"twitter:data1\" content=\"@sscc\" \/>\n\t<meta name=\"twitter:label2\" content=\"Tiempo de lectura\" \/>\n\t<meta name=\"twitter:data2\" content=\"1 minuto\" \/>\n<script type=\"application\/ld+json\" class=\"yoast-schema-graph\">{\"@context\":\"https:\/\/schema.org\",\"@graph\":[{\"@type\":\"Article\",\"@id\":\"https:\/\/www.padreeustaquio.com.br\/encontro-para-formacao-de-ministros-da-eucaristia-e-realizado-no-teatro-padre-eustaquio\/#article\",\"isPartOf\":{\"@id\":\"https:\/\/www.padreeustaquio.com.br\/encontro-para-formacao-de-ministros-da-eucaristia-e-realizado-no-teatro-padre-eustaquio\/\"},\"author\":{\"name\":\"@sscc\",\"@id\":\"https:\/\/www.padreeustaquio.com.br\/#\/schema\/person\/a2a51db1d00f1a7af0204a0f1ddb1566\"},\"headline\":\"Encontro para forma\u00e7\u00e3o de Ministros da Eucaristia \u00e9 realizado no Teatro Padre Eust\u00e1quio\",\"datePublished\":\"2022-02-16T08:58:00+00:00\",\"mainEntityOfPage\":{\"@id\":\"https:\/\/www.padreeustaquio.com.br\/encontro-para-formacao-de-ministros-da-eucaristia-e-realizado-no-teatro-padre-eustaquio\/\"},\"wordCount\":184,\"commentCount\":0,\"publisher\":{\"@id\":\"https:\/\/www.padreeustaquio.com.br\/#organization\"},\"image\":{\"@id\":\"https:\/\/www.padreeustaquio.com.br\/encontro-para-formacao-de-ministros-da-eucaristia-e-realizado-no-teatro-padre-eustaquio\/#primaryimage\"},\"thumbnailUrl\":\"https:\/\/www.padreeustaquio.com.br\/wp-content\/uploads\/2022\/02\/formacao-ministros.jpg\",\"articleSection\":[\"Not\u00edcias\"],\"inLanguage\":\"es\",\"potentialAction\":[{\"@type\":\"CommentAction\",\"name\":\"Comment\",\"target\":[\"https:\/\/www.padreeustaquio.com.br\/encontro-para-formacao-de-ministros-da-eucaristia-e-realizado-no-teatro-padre-eustaquio\/#respond\"]}]},{\"@type\":\"WebPage\",\"@id\":\"https:\/\/www.padreeustaquio.com.br\/encontro-para-formacao-de-ministros-da-eucaristia-e-realizado-no-teatro-padre-eustaquio\/\",\"url\":\"https:\/\/www.padreeustaquio.com.br\/encontro-para-formacao-de-ministros-da-eucaristia-e-realizado-no-teatro-padre-eustaquio\/\",\"name\":\"Encontro para forma\u00e7\u00e3o de Ministros da Eucaristia \u00e9 realizado no Teatro Padre Eust\u00e1quio\",\"isPartOf\":{\"@id\":\"https:\/\/www.padreeustaquio.com.br\/#website\"},\"primaryImageOfPage\":{\"@id\":\"https:\/\/www.padreeustaquio.com.br\/encontro-para-formacao-de-ministros-da-eucaristia-e-realizado-no-teatro-padre-eustaquio\/#primaryimage\"},\"image\":{\"@id\":\"https:\/\/www.padreeustaquio.com.br\/encontro-para-formacao-de-ministros-da-eucaristia-e-realizado-no-teatro-padre-eustaquio\/#primaryimage\"},\"thumbnailUrl\":\"https:\/\/www.padreeustaquio.com.br\/wp-content\/uploads\/2022\/02\/formacao-ministros.jpg\",\"datePublished\":\"2022-02-16T08:58:00+00:00\",\"description\":\"O Teatro Padre Eust\u00e1quio, anexo ao Santu\u00e1rio Sa\u00fade e Paz, em Belo Horizonte, receber\u00e1 durante quatro s\u00e1bados o Encontro de Forma\u00e7\u00e3o para Ministros Extraordin\u00e1rios da Comunh\u00e3o Eucar\u00edstica. O primeiro dia de forma\u00e7\u00e3o foi no \u00faltimo fim de semana.\",\"breadcrumb\":{\"@id\":\"https:\/\/www.padreeustaquio.com.br\/encontro-para-formacao-de-ministros-da-eucaristia-e-realizado-no-teatro-padre-eustaquio\/#breadcrumb\"},\"inLanguage\":\"es\",\"potentialAction\":[{\"@type\":\"ReadAction\",\"target\":[\"https:\/\/www.padreeustaquio.com.br\/encontro-para-formacao-de-ministros-da-eucaristia-e-realizado-no-teatro-padre-eustaquio\/\"]}]},{\"@type\":\"ImageObject\",\"inLanguage\":\"es\",\"@id\":\"https:\/\/www.padreeustaquio.com.br\/encontro-para-formacao-de-ministros-da-eucaristia-e-realizado-no-teatro-padre-eustaquio\/#primaryimage\",\"url\":\"https:\/\/www.padreeustaquio.com.br\/wp-content\/uploads\/2022\/02\/formacao-ministros.jpg\",\"contentUrl\":\"https:\/\/www.padreeustaquio.com.br\/wp-content\/uploads\/2022\/02\/formacao-ministros.jpg\",\"width\":748,\"height\":394},{\"@type\":\"BreadcrumbList\",\"@id\":\"https:\/\/www.padreeustaquio.com.br\/encontro-para-formacao-de-ministros-da-eucaristia-e-realizado-no-teatro-padre-eustaquio\/#breadcrumb\",\"itemListElement\":[{\"@type\":\"ListItem\",\"position\":1,\"name\":\"In\u00edcio\",\"item\":\"https:\/\/www.padreeustaquio.com.br\/\"},{\"@type\":\"ListItem\",\"position\":2,\"name\":\"Encontro para forma\u00e7\u00e3o de Ministros da Eucaristia \u00e9 realizado no Teatro Padre Eust\u00e1quio\"}]},{\"@type\":\"WebSite\",\"@id\":\"https:\/\/www.padreeustaquio.com.br\/#website\",\"url\":\"https:\/\/www.padreeustaquio.com.br\/\",\"name\":\"Padre Eust\u00e1quio\",\"description\":\"Sa\u00fade e Paz\",\"publisher\":{\"@id\":\"https:\/\/www.padreeustaquio.com.br\/#organization\"},\"potentialAction\":[{\"@type\":\"SearchAction\",\"target\":{\"@type\":\"EntryPoint\",\"urlTemplate\":\"https:\/\/www.padreeustaquio.com.br\/?s={search_term_string}\"},\"query-input\":{\"@type\":\"PropertyValueSpecification\",\"valueRequired\":true,\"valueName\":\"search_term_string\"}}],\"inLanguage\":\"es\"},{\"@type\":\"Organization\",\"@id\":\"https:\/\/www.padreeustaquio.com.br\/#organization\",\"name\":\"Padre Eust\u00e1quio\",\"url\":\"https:\/\/www.padreeustaquio.com.br\/\",\"logo\":{\"@type\":\"ImageObject\",\"inLanguage\":\"es\",\"@id\":\"https:\/\/www.padreeustaquio.com.br\/#\/schema\/logo\/image\/\",\"url\":\"https:\/\/www.padreeustaquio.com.br\/wp-content\/uploads\/2019\/08\/marca.png\",\"contentUrl\":\"https:\/\/www.padreeustaquio.com.br\/wp-content\/uploads\/2019\/08\/marca.png\",\"width\":350,\"height\":400,\"caption\":\"Padre Eust\u00e1quio\"},\"image\":{\"@id\":\"https:\/\/www.padreeustaquio.com.br\/#\/schema\/logo\/image\/\"},\"sameAs\":[\"https:\/\/www.facebook.com\/beatopadreeustaquio\/\",\"https:\/\/x.com\/beatopeustaquio\",\"https:\/\/www.instagram.com\/beatopadreeustaquio\/\",\"https:\/\/www.youtube.com\/channel\/UCRhw7vfabnajwLxb1ZXMeIw\"]},{\"@type\":\"Person\",\"@id\":\"https:\/\/www.padreeustaquio.com.br\/#\/schema\/person\/a2a51db1d00f1a7af0204a0f1ddb1566\",\"name\":\"@sscc\",\"image\":{\"@type\":\"ImageObject\",\"inLanguage\":\"es\",\"@id\":\"https:\/\/secure.gravatar.com\/avatar\/68cfafa5f44617fea54071e215026e0ff06be366c3d54a8425f04fdcb86f8c5f?s=96&d=mm&r=g\",\"url\":\"https:\/\/secure.gravatar.com\/avatar\/68cfafa5f44617fea54071e215026e0ff06be366c3d54a8425f04fdcb86f8c5f?s=96&d=mm&r=g\",\"contentUrl\":\"https:\/\/secure.gravatar.com\/avatar\/68cfafa5f44617fea54071e215026e0ff06be366c3d54a8425f04fdcb86f8c5f?s=96&d=mm&r=g\",\"caption\":\"@sscc\"},\"url\":\"https:\/\/www.padreeustaquio.com.br\/es\/author\/sscc\/\"}]}<\/script>\n<!-- \/ Yoast SEO plugin. -->","yoast_head_json":{"title":"Se realiza encuentro de formaci\u00f3n de Ministros de la Eucarist\u00eda en el Teatro Padre Eustaquio.","description":"El Teatro Padre Eust\u00e1quio, anexo al Santuario de Salud y Paz de Belo Horizonte, ofrecer\u00e1 un curso de capacitaci\u00f3n para Ministros Extraordinarios de la Sagrada Comuni\u00f3n durante cuatro s\u00e1bados. El primer d\u00eda de capacitaci\u00f3n tuvo lugar el fin de semana pasado.","robots":{"index":"index","follow":"follow","max-snippet":"max-snippet:-1","max-image-preview":"max-image-preview:large","max-video-preview":"max-video-preview:-1"},"canonical":"https:\/\/www.padreeustaquio.com.br\/es\/encuentro-de-formacion-de-ministros-de-la-eucaristia-realizado-en-el-teatro-padre-eustaquio\/","og_locale":"es_ES","og_type":"article","og_title":"Encontro para forma\u00e7\u00e3o de Ministros da Eucaristia \u00e9 realizado no Teatro Padre Eust\u00e1quio","og_description":"O Teatro Padre Eust\u00e1quio, anexo ao Santu\u00e1rio Sa\u00fade e Paz, em Belo Horizonte, receber\u00e1 durante quatro s\u00e1bados o Encontro de Forma\u00e7\u00e3o para Ministros Extraordin\u00e1rios da Comunh\u00e3o Eucar\u00edstica. O primeiro dia de forma\u00e7\u00e3o foi no \u00faltimo fim de semana.","og_url":"https:\/\/www.padreeustaquio.com.br\/es\/encuentro-de-formacion-de-ministros-de-la-eucaristia-realizado-en-el-teatro-padre-eustaquio\/","og_site_name":"Padre Eust\u00e1quio","article_publisher":"https:\/\/www.facebook.com\/beatopadreeustaquio\/","article_published_time":"2022-02-16T08:58:00+00:00","og_image":[{"width":748,"height":394,"url":"https:\/\/www.padreeustaquio.com.br\/wp-content\/uploads\/2022\/02\/formacao-ministros.jpg","type":"image\/jpeg"}],"author":"@sscc","twitter_card":"summary_large_image","twitter_creator":"@beatopeustaquio","twitter_site":"@beatopeustaquio","twitter_misc":{"Escrito por":"@sscc","Tiempo de lectura":"1 minuto"},"schema":{"@context":"https:\/\/schema.org","@graph":[{"@type":"Article","@id":"https:\/\/www.padreeustaquio.com.br\/encontro-para-formacao-de-ministros-da-eucaristia-e-realizado-no-teatro-padre-eustaquio\/#article","isPartOf":{"@id":"https:\/\/www.padreeustaquio.com.br\/encontro-para-formacao-de-ministros-da-eucaristia-e-realizado-no-teatro-padre-eustaquio\/"},"author":{"name":"@sscc","@id":"https:\/\/www.padreeustaquio.com.br\/#\/schema\/person\/a2a51db1d00f1a7af0204a0f1ddb1566"},"headline":"Encontro para forma\u00e7\u00e3o de Ministros da Eucaristia \u00e9 realizado no Teatro Padre Eust\u00e1quio","datePublished":"2022-02-16T08:58:00+00:00","mainEntityOfPage":{"@id":"https:\/\/www.padreeustaquio.com.br\/encontro-para-formacao-de-ministros-da-eucaristia-e-realizado-no-teatro-padre-eustaquio\/"},"wordCount":184,"commentCount":0,"publisher":{"@id":"https:\/\/www.padreeustaquio.com.br\/#organization"},"image":{"@id":"https:\/\/www.padreeustaquio.com.br\/encontro-para-formacao-de-ministros-da-eucaristia-e-realizado-no-teatro-padre-eustaquio\/#primaryimage"},"thumbnailUrl":"https:\/\/www.padreeustaquio.com.br\/wp-content\/uploads\/2022\/02\/formacao-ministros.jpg","articleSection":["Not\u00edcias"],"inLanguage":"es","potentialAction":[{"@type":"CommentAction","name":"Comment","target":["https:\/\/www.padreeustaquio.com.br\/encontro-para-formacao-de-ministros-da-eucaristia-e-realizado-no-teatro-padre-eustaquio\/#respond"]}]},{"@type":"WebPage","@id":"https:\/\/www.padreeustaquio.com.br\/encontro-para-formacao-de-ministros-da-eucaristia-e-realizado-no-teatro-padre-eustaquio\/","url":"https:\/\/www.padreeustaquio.com.br\/encontro-para-formacao-de-ministros-da-eucaristia-e-realizado-no-teatro-padre-eustaquio\/","name":"Se realiza encuentro de formaci\u00f3n de Ministros de la Eucarist\u00eda en el Teatro Padre Eustaquio.","isPartOf":{"@id":"https:\/\/www.padreeustaquio.com.br\/#website"},"primaryImageOfPage":{"@id":"https:\/\/www.padreeustaquio.com.br\/encontro-para-formacao-de-ministros-da-eucaristia-e-realizado-no-teatro-padre-eustaquio\/#primaryimage"},"image":{"@id":"https:\/\/www.padreeustaquio.com.br\/encontro-para-formacao-de-ministros-da-eucaristia-e-realizado-no-teatro-padre-eustaquio\/#primaryimage"},"thumbnailUrl":"https:\/\/www.padreeustaquio.com.br\/wp-content\/uploads\/2022\/02\/formacao-ministros.jpg","datePublished":"2022-02-16T08:58:00+00:00","description":"El Teatro Padre Eust\u00e1quio, anexo al Santuario de Salud y Paz de Belo Horizonte, ofrecer\u00e1 un curso de capacitaci\u00f3n para Ministros Extraordinarios de la Sagrada Comuni\u00f3n durante cuatro s\u00e1bados. El primer d\u00eda de capacitaci\u00f3n tuvo lugar el fin de semana pasado.","breadcrumb":{"@id":"https:\/\/www.padreeustaquio.com.br\/encontro-para-formacao-de-ministros-da-eucaristia-e-realizado-no-teatro-padre-eustaquio\/#breadcrumb"},"inLanguage":"es","potentialAction":[{"@type":"ReadAction","target":["https:\/\/www.padreeustaquio.com.br\/encontro-para-formacao-de-ministros-da-eucaristia-e-realizado-no-teatro-padre-eustaquio\/"]}]},{"@type":"ImageObject","inLanguage":"es","@id":"https:\/\/www.padreeustaquio.com.br\/encontro-para-formacao-de-ministros-da-eucaristia-e-realizado-no-teatro-padre-eustaquio\/#primaryimage","url":"https:\/\/www.padreeustaquio.com.br\/wp-content\/uploads\/2022\/02\/formacao-ministros.jpg","contentUrl":"https:\/\/www.padreeustaquio.com.br\/wp-content\/uploads\/2022\/02\/formacao-ministros.jpg","width":748,"height":394},{"@type":"BreadcrumbList","@id":"https:\/\/www.padreeustaquio.com.br\/encontro-para-formacao-de-ministros-da-eucaristia-e-realizado-no-teatro-padre-eustaquio\/#breadcrumb","itemListElement":[{"@type":"ListItem","position":1,"name":"In\u00edcio","item":"https:\/\/www.padreeustaquio.com.br\/"},{"@type":"ListItem","position":2,"name":"Encontro para forma\u00e7\u00e3o de Ministros da Eucaristia \u00e9 realizado no Teatro Padre Eust\u00e1quio"}]},{"@type":"WebSite","@id":"https:\/\/www.padreeustaquio.com.br\/#website","url":"https:\/\/www.padreeustaquio.com.br\/","name":"Padre Eustace","description":"Salud y Paz","publisher":{"@id":"https:\/\/www.padreeustaquio.com.br\/#organization"},"potentialAction":[{"@type":"SearchAction","target":{"@type":"EntryPoint","urlTemplate":"https:\/\/www.padreeustaquio.com.br\/?s={search_term_string}"},"query-input":{"@type":"PropertyValueSpecification","valueRequired":true,"valueName":"search_term_string"}}],"inLanguage":"es"},{"@type":"Organization","@id":"https:\/\/www.padreeustaquio.com.br\/#organization","name":"Padre Eustace","url":"https:\/\/www.padreeustaquio.com.br\/","logo":{"@type":"ImageObject","inLanguage":"es","@id":"https:\/\/www.padreeustaquio.com.br\/#\/schema\/logo\/image\/","url":"https:\/\/www.padreeustaquio.com.br\/wp-content\/uploads\/2019\/08\/marca.png","contentUrl":"https:\/\/www.padreeustaquio.com.br\/wp-content\/uploads\/2019\/08\/marca.png","width":350,"height":400,"caption":"Padre Eust\u00e1quio"},"image":{"@id":"https:\/\/www.padreeustaquio.com.br\/#\/schema\/logo\/image\/"},"sameAs":["https:\/\/www.facebook.com\/beatopadreeustaquio\/","https:\/\/x.com\/beatopeustaquio","https:\/\/www.instagram.com\/beatopadreeustaquio\/","https:\/\/www.youtube.com\/channel\/UCRhw7vfabnajwLxb1ZXMeIw"]},{"@type":"Person","@id":"https:\/\/www.padreeustaquio.com.br\/#\/schema\/person\/a2a51db1d00f1a7af0204a0f1ddb1566","name":"@sscc","image":{"@type":"ImageObject","inLanguage":"es","@id":"https:\/\/secure.gravatar.com\/avatar\/68cfafa5f44617fea54071e215026e0ff06be366c3d54a8425f04fdcb86f8c5f?s=96&d=mm&r=g","url":"https:\/\/secure.gravatar.com\/avatar\/68cfafa5f44617fea54071e215026e0ff06be366c3d54a8425f04fdcb86f8c5f?s=96&d=mm&r=g","contentUrl":"https:\/\/secure.gravatar.com\/avatar\/68cfafa5f44617fea54071e215026e0ff06be366c3d54a8425f04fdcb86f8c5f?s=96&d=mm&r=g","caption":"@sscc"},"url":"https:\/\/www.padreeustaquio.com.br\/es\/author\/sscc\/"}]}},"_links":{"self":[{"href":"https:\/\/www.padreeustaquio.com.br\/es\/wp-json\/wp\/v2\/posts\/8128","targetHints":{"allow":["GET"]}}],"collection":[{"href":"https:\/\/www.padreeustaquio.com.br\/es\/wp-json\/wp\/v2\/posts"}],"about":[{"href":"https:\/\/www.padreeustaquio.com.br\/es\/wp-json\/wp\/v2\/types\/post"}],"author":[{"embeddable":true,"href":"https:\/\/www.padreeustaquio.com.br\/es\/wp-json\/wp\/v2\/users\/2"}],"replies":[{"embeddable":true,"href":"https:\/\/www.padreeustaquio.com.br\/es\/wp-json\/wp\/v2\/comments?post=8128"}],"version-history":[{"count":0,"href":"https:\/\/www.padreeustaquio.com.br\/es\/wp-json\/wp\/v2\/posts\/8128\/revisions"}],"wp:featuredmedia":[{"embeddable":true,"href":"https:\/\/www.padreeustaquio.com.br\/es\/wp-json\/wp\/v2\/media\/8129"}],"wp:attachment":[{"href":"https:\/\/www.padreeustaquio.com.br\/es\/wp-json\/wp\/v2\/media?parent=8128"}],"wp:term":[{"taxonomy":"category","embeddable":true,"href":"https:\/\/www.padreeustaquio.com.br\/es\/wp-json\/wp\/v2\/categories?post=8128"},{"taxonomy":"post_tag","embeddable":true,"href":"https:\/\/www.padreeustaquio.com.br\/es\/wp-json\/wp\/v2\/tags?post=8128"}],"curies":[{"name":"wp","href":"https:\/\/api.w.org\/{rel}","templated":true}]}}