{"id":8123,"date":"2022-02-15T06:20:00","date_gmt":"2022-02-15T09:20:00","guid":{"rendered":"https:\/\/www.padreeustaquio.com.br\/?p=8123"},"modified":"2022-02-14T20:52:09","modified_gmt":"2022-02-14T23:52:09","slug":"el-rosario-de-hombres-se-realiza-nuevamente-en-la-iglesia-del-padre-eustaquio-en-belo-horizonte","status":"publish","type":"post","link":"https:\/\/www.padreeustaquio.com.br\/es\/el-rosario-de-hombres-se-realiza-nuevamente-en-la-iglesia-del-padre-eustaquio-en-belo-horizonte\/","title":{"rendered":"\u201cEl \u201dRosario de Hombres\u201d regresa a la Iglesia de Padre Eust\u00e1quio, en Belo Horizonte."},"content":{"rendered":"<p>Tras un largo periodo sin reunirse, el movimiento &quot;Rosario de Hombres&quot; se re\u00fane de nuevo hoy (15 de febrero) en el Santuario de la Salud y la Paz. El grupo suspendi\u00f3 sus actividades en marzo de 2020 debido a la pandemia de COVID-19.<\/p>\n\n\n\n<p>El martes por la noche, inmediatamente despu\u00e9s de la Santa Misa, los hombres que rezan juntos el rosario mariano en el Santuario de la Salud y la Paz se reunir\u00e1n tras casi dos a\u00f1os sin reunirse. Todos los hombres est\u00e1n invitados a participar. La Celebraci\u00f3n Eucar\u00edstica tendr\u00e1 lugar a las 19:00 h; posteriormente, el grupo se reunir\u00e1 en la nave izquierda de la iglesia. Con cantos y meditaci\u00f3n sobre la vida de Jes\u00fas, los participantes orar\u00e1n, har\u00e1n sus peticiones y dar\u00e1n gracias a Dios por la valiosa intercesi\u00f3n de Mar\u00eda.<\/p>\n\n\n\n<p>A partir de hoy, todos los martes, alrededor de las 20 horas, se realizar\u00e1 el &quot;Rosario de Hombres&quot; en la Iglesia Padre Eust\u00e1quio, en Belo Horizonte, Minas Gerais.<\/p>\n\n\n\n<p><strong>El surgimiento del Rosario de Hombres.<\/strong><\/p>\n\n\n\n<p>Bajo la gu\u00eda del Padre Am\u00e9rico Vasconcelos, sacerdote salesiano, y la Sra. Oneida Ara\u00fajo da Silva, la primera semilla del Rosario de Hombres a nivel parroquial germin\u00f3 en 1997 en el municipio de Jaboat\u00e3o dos Guararapes\/PE. Este inicio tuvo lugar en la capilla de Nuestra Se\u00f1ora de la Liberaci\u00f3n, transformada en el Santuario Parroquial de Schoenstatt. El grupo comenz\u00f3 con 15 hombres.<\/p>\n\n\n\n<p>El Padre Jos\u00e9 Pontes, del Instituto Secular de los Padres de Schoenstatt, al conocer esta iniciativa, decidi\u00f3 probarla en el Santuario de la Nueva Evangelizaci\u00f3n, en la Di\u00f3cesis de Olinda-Recife\/PE y<strong>\u00a0<\/strong>El Rosario comenz\u00f3 su significativo desarrollo, integr\u00e1ndose en la fecundidad del Santuario y la fuerza del carisma de su Movimiento. Pasaron varios a\u00f1os antes de que arraigara y se organizara adecuadamente. En mayo de 1998, el Rosario comenz\u00f3 a rezarse semanalmente. Con este ritmo, se expandir\u00e1 hacia nuevos horizontes. La definici\u00f3n del nombre, Rosario de Hombres de la Reina Madre, lleg\u00f3 en marzo de 2007.<\/p>\n\n\n\n<p><\/p>","protected":false},"excerpt":{"rendered":"<p>Depois de um longo tempo sem se reunir, o movimento &#8220;Ter\u00e7o dos Homens&#8221; volta, hoje (15 de fevereiro) a se encontrar no Santu\u00e1rio da Sa\u00fade e da Paz. O grupo havia paralisado as atividades em mar\u00e7o de 2020 por causa da pandemia da Covid-19. Na noite desta ter\u00e7a-feira, logo ap\u00f3s a celebra\u00e7\u00e3o da Santa Missa, os homens que rezam juntos o ter\u00e7o mariano no Santu\u00e1rio da Sa\u00fade e da Paz, v\u00e3o se encontrar depois de quase dois anos sem se reunir. Todos os homens est\u00e3o convidados a participar. A Celebra\u00e7\u00e3o Eucar\u00edstica \u00e9 realizada \u00e0s 19h; em seguida o grupo se [&hellip;]<\/p>\n","protected":false},"author":2,"featured_media":8125,"comment_status":"open","ping_status":"closed","sticky":false,"template":"","format":"standard","meta":{"_acf_changed":false,"footnotes":""},"categories":[611],"tags":[],"class_list":["post-8123","post","type-post","status-publish","format-standard","has-post-thumbnail","hentry","category-noticias"],"acf":[],"yoast_head":"<!-- This site is optimized with the Yoast SEO plugin v27.2 - https:\/\/yoast.com\/product\/yoast-seo-wordpress\/ -->\n<title>&quot;Ter\u00e7o dos Homens&quot; volta a acontecer na Igreja do Padre Eust\u00e1quio, em BH<\/title>\n<meta name=\"description\" content=\"Depois de um longo tempo sem se reunir, o movimento &quot;Ter\u00e7o dos Homens&quot; volta, hoje (15 de fevereiro) a se encontrar no Santu\u00e1rio da Sa\u00fade e da Paz. O grupo havia paralisado as atividades em mar\u00e7o de 2020 por causa da pandemia da Covid-19.\" \/>\n<meta name=\"robots\" content=\"index, follow, max-snippet:-1, max-image-preview:large, max-video-preview:-1\" \/>\n<link rel=\"canonical\" href=\"https:\/\/www.padreeustaquio.com.br\/es\/el-rosario-de-hombres-se-realiza-nuevamente-en-la-iglesia-del-padre-eustaquio-en-belo-horizonte\/\" \/>\n<meta property=\"og:locale\" content=\"es_ES\" \/>\n<meta property=\"og:type\" content=\"article\" \/>\n<meta property=\"og:title\" content=\"&quot;Ter\u00e7o dos Homens&quot; volta a acontecer na Igreja do Padre Eust\u00e1quio, em BH\" \/>\n<meta property=\"og:description\" content=\"Depois de um longo tempo sem se reunir, o movimento &quot;Ter\u00e7o dos Homens&quot; volta, hoje (15 de fevereiro) a se encontrar no Santu\u00e1rio da Sa\u00fade e da Paz. O grupo havia paralisado as atividades em mar\u00e7o de 2020 por causa da pandemia da Covid-19.\" \/>\n<meta property=\"og:url\" content=\"https:\/\/www.padreeustaquio.com.br\/es\/el-rosario-de-hombres-se-realiza-nuevamente-en-la-iglesia-del-padre-eustaquio-en-belo-horizonte\/\" \/>\n<meta property=\"og:site_name\" content=\"Padre Eust\u00e1quio\" \/>\n<meta property=\"article:publisher\" content=\"https:\/\/www.facebook.com\/beatopadreeustaquio\/\" \/>\n<meta property=\"article:published_time\" content=\"2022-02-15T09:20:00+00:00\" \/>\n<meta property=\"og:image\" content=\"https:\/\/www.padreeustaquio.com.br\/wp-content\/uploads\/2022\/02\/Design-sem-nome-scaled.jpg\" \/>\n\t<meta property=\"og:image:width\" content=\"2560\" \/>\n\t<meta property=\"og:image:height\" content=\"1280\" \/>\n\t<meta property=\"og:image:type\" content=\"image\/jpeg\" \/>\n<meta name=\"author\" content=\"@sscc\" \/>\n<meta name=\"twitter:card\" content=\"summary_large_image\" \/>\n<meta name=\"twitter:creator\" content=\"@beatopeustaquio\" \/>\n<meta name=\"twitter:site\" content=\"@beatopeustaquio\" \/>\n<meta name=\"twitter:label1\" content=\"Escrito por\" \/>\n\t<meta name=\"twitter:data1\" content=\"@sscc\" \/>\n\t<meta name=\"twitter:label2\" content=\"Tiempo de lectura\" \/>\n\t<meta name=\"twitter:data2\" content=\"2 minutos\" \/>\n<script type=\"application\/ld+json\" class=\"yoast-schema-graph\">{\"@context\":\"https:\/\/schema.org\",\"@graph\":[{\"@type\":\"Article\",\"@id\":\"https:\/\/www.padreeustaquio.com.br\/terco-dos-homens-volta-a-acontecer-na-igreja-do-padre-eustaquio-em-bh\/#article\",\"isPartOf\":{\"@id\":\"https:\/\/www.padreeustaquio.com.br\/terco-dos-homens-volta-a-acontecer-na-igreja-do-padre-eustaquio-em-bh\/\"},\"author\":{\"name\":\"@sscc\",\"@id\":\"https:\/\/www.padreeustaquio.com.br\/#\/schema\/person\/a2a51db1d00f1a7af0204a0f1ddb1566\"},\"headline\":\"&#8220;Ter\u00e7o dos Homens&#8221; volta a acontecer na Igreja do Padre Eust\u00e1quio, em BH\",\"datePublished\":\"2022-02-15T09:20:00+00:00\",\"mainEntityOfPage\":{\"@id\":\"https:\/\/www.padreeustaquio.com.br\/terco-dos-homens-volta-a-acontecer-na-igreja-do-padre-eustaquio-em-bh\/\"},\"wordCount\":367,\"commentCount\":0,\"publisher\":{\"@id\":\"https:\/\/www.padreeustaquio.com.br\/#organization\"},\"image\":{\"@id\":\"https:\/\/www.padreeustaquio.com.br\/terco-dos-homens-volta-a-acontecer-na-igreja-do-padre-eustaquio-em-bh\/#primaryimage\"},\"thumbnailUrl\":\"https:\/\/www.padreeustaquio.com.br\/wp-content\/uploads\/2022\/02\/Design-sem-nome-scaled.jpg\",\"articleSection\":[\"Not\u00edcias\"],\"inLanguage\":\"es\",\"potentialAction\":[{\"@type\":\"CommentAction\",\"name\":\"Comment\",\"target\":[\"https:\/\/www.padreeustaquio.com.br\/terco-dos-homens-volta-a-acontecer-na-igreja-do-padre-eustaquio-em-bh\/#respond\"]}]},{\"@type\":\"WebPage\",\"@id\":\"https:\/\/www.padreeustaquio.com.br\/terco-dos-homens-volta-a-acontecer-na-igreja-do-padre-eustaquio-em-bh\/\",\"url\":\"https:\/\/www.padreeustaquio.com.br\/terco-dos-homens-volta-a-acontecer-na-igreja-do-padre-eustaquio-em-bh\/\",\"name\":\"\\\"Ter\u00e7o dos Homens\\\" volta a acontecer na Igreja do Padre Eust\u00e1quio, em BH\",\"isPartOf\":{\"@id\":\"https:\/\/www.padreeustaquio.com.br\/#website\"},\"primaryImageOfPage\":{\"@id\":\"https:\/\/www.padreeustaquio.com.br\/terco-dos-homens-volta-a-acontecer-na-igreja-do-padre-eustaquio-em-bh\/#primaryimage\"},\"image\":{\"@id\":\"https:\/\/www.padreeustaquio.com.br\/terco-dos-homens-volta-a-acontecer-na-igreja-do-padre-eustaquio-em-bh\/#primaryimage\"},\"thumbnailUrl\":\"https:\/\/www.padreeustaquio.com.br\/wp-content\/uploads\/2022\/02\/Design-sem-nome-scaled.jpg\",\"datePublished\":\"2022-02-15T09:20:00+00:00\",\"description\":\"Depois de um longo tempo sem se reunir, o movimento \\\"Ter\u00e7o dos Homens\\\" volta, hoje (15 de fevereiro) a se encontrar no Santu\u00e1rio da Sa\u00fade e da Paz. O grupo havia paralisado as atividades em mar\u00e7o de 2020 por causa da pandemia da Covid-19.\",\"breadcrumb\":{\"@id\":\"https:\/\/www.padreeustaquio.com.br\/terco-dos-homens-volta-a-acontecer-na-igreja-do-padre-eustaquio-em-bh\/#breadcrumb\"},\"inLanguage\":\"es\",\"potentialAction\":[{\"@type\":\"ReadAction\",\"target\":[\"https:\/\/www.padreeustaquio.com.br\/terco-dos-homens-volta-a-acontecer-na-igreja-do-padre-eustaquio-em-bh\/\"]}]},{\"@type\":\"ImageObject\",\"inLanguage\":\"es\",\"@id\":\"https:\/\/www.padreeustaquio.com.br\/terco-dos-homens-volta-a-acontecer-na-igreja-do-padre-eustaquio-em-bh\/#primaryimage\",\"url\":\"https:\/\/www.padreeustaquio.com.br\/wp-content\/uploads\/2022\/02\/Design-sem-nome-scaled.jpg\",\"contentUrl\":\"https:\/\/www.padreeustaquio.com.br\/wp-content\/uploads\/2022\/02\/Design-sem-nome-scaled.jpg\",\"width\":2560,\"height\":1280},{\"@type\":\"BreadcrumbList\",\"@id\":\"https:\/\/www.padreeustaquio.com.br\/terco-dos-homens-volta-a-acontecer-na-igreja-do-padre-eustaquio-em-bh\/#breadcrumb\",\"itemListElement\":[{\"@type\":\"ListItem\",\"position\":1,\"name\":\"In\u00edcio\",\"item\":\"https:\/\/www.padreeustaquio.com.br\/\"},{\"@type\":\"ListItem\",\"position\":2,\"name\":\"&#8220;Ter\u00e7o dos Homens&#8221; volta a acontecer na Igreja do Padre Eust\u00e1quio, em BH\"}]},{\"@type\":\"WebSite\",\"@id\":\"https:\/\/www.padreeustaquio.com.br\/#website\",\"url\":\"https:\/\/www.padreeustaquio.com.br\/\",\"name\":\"Padre Eust\u00e1quio\",\"description\":\"Sa\u00fade e Paz\",\"publisher\":{\"@id\":\"https:\/\/www.padreeustaquio.com.br\/#organization\"},\"potentialAction\":[{\"@type\":\"SearchAction\",\"target\":{\"@type\":\"EntryPoint\",\"urlTemplate\":\"https:\/\/www.padreeustaquio.com.br\/?s={search_term_string}\"},\"query-input\":{\"@type\":\"PropertyValueSpecification\",\"valueRequired\":true,\"valueName\":\"search_term_string\"}}],\"inLanguage\":\"es\"},{\"@type\":\"Organization\",\"@id\":\"https:\/\/www.padreeustaquio.com.br\/#organization\",\"name\":\"Padre Eust\u00e1quio\",\"url\":\"https:\/\/www.padreeustaquio.com.br\/\",\"logo\":{\"@type\":\"ImageObject\",\"inLanguage\":\"es\",\"@id\":\"https:\/\/www.padreeustaquio.com.br\/#\/schema\/logo\/image\/\",\"url\":\"https:\/\/www.padreeustaquio.com.br\/wp-content\/uploads\/2019\/08\/marca.png\",\"contentUrl\":\"https:\/\/www.padreeustaquio.com.br\/wp-content\/uploads\/2019\/08\/marca.png\",\"width\":350,\"height\":400,\"caption\":\"Padre Eust\u00e1quio\"},\"image\":{\"@id\":\"https:\/\/www.padreeustaquio.com.br\/#\/schema\/logo\/image\/\"},\"sameAs\":[\"https:\/\/www.facebook.com\/beatopadreeustaquio\/\",\"https:\/\/x.com\/beatopeustaquio\",\"https:\/\/www.instagram.com\/beatopadreeustaquio\/\",\"https:\/\/www.youtube.com\/channel\/UCRhw7vfabnajwLxb1ZXMeIw\"]},{\"@type\":\"Person\",\"@id\":\"https:\/\/www.padreeustaquio.com.br\/#\/schema\/person\/a2a51db1d00f1a7af0204a0f1ddb1566\",\"name\":\"@sscc\",\"image\":{\"@type\":\"ImageObject\",\"inLanguage\":\"es\",\"@id\":\"https:\/\/secure.gravatar.com\/avatar\/68cfafa5f44617fea54071e215026e0ff06be366c3d54a8425f04fdcb86f8c5f?s=96&d=mm&r=g\",\"url\":\"https:\/\/secure.gravatar.com\/avatar\/68cfafa5f44617fea54071e215026e0ff06be366c3d54a8425f04fdcb86f8c5f?s=96&d=mm&r=g\",\"contentUrl\":\"https:\/\/secure.gravatar.com\/avatar\/68cfafa5f44617fea54071e215026e0ff06be366c3d54a8425f04fdcb86f8c5f?s=96&d=mm&r=g\",\"caption\":\"@sscc\"},\"url\":\"https:\/\/www.padreeustaquio.com.br\/es\/author\/sscc\/\"}]}<\/script>\n<!-- \/ Yoast SEO plugin. -->","yoast_head_json":{"title":"\"Rosario de Hombres\" regresa a la Iglesia Padre Eust\u00e1quio, en BH.","description":"Tras un largo periodo sin reunirse, el movimiento &quot;Rosario de Hombres&quot; se re\u00fane de nuevo hoy (15 de febrero) en el Santuario de la Salud y la Paz. El grupo suspendi\u00f3 sus actividades en marzo de 2020 debido a la pandemia de COVID-19.","robots":{"index":"index","follow":"follow","max-snippet":"max-snippet:-1","max-image-preview":"max-image-preview:large","max-video-preview":"max-video-preview:-1"},"canonical":"https:\/\/www.padreeustaquio.com.br\/es\/el-rosario-de-hombres-se-realiza-nuevamente-en-la-iglesia-del-padre-eustaquio-en-belo-horizonte\/","og_locale":"es_ES","og_type":"article","og_title":"\"Ter\u00e7o dos Homens\" volta a acontecer na Igreja do Padre Eust\u00e1quio, em BH","og_description":"Depois de um longo tempo sem se reunir, o movimento \"Ter\u00e7o dos Homens\" volta, hoje (15 de fevereiro) a se encontrar no Santu\u00e1rio da Sa\u00fade e da Paz. O grupo havia paralisado as atividades em mar\u00e7o de 2020 por causa da pandemia da Covid-19.","og_url":"https:\/\/www.padreeustaquio.com.br\/es\/el-rosario-de-hombres-se-realiza-nuevamente-en-la-iglesia-del-padre-eustaquio-en-belo-horizonte\/","og_site_name":"Padre Eust\u00e1quio","article_publisher":"https:\/\/www.facebook.com\/beatopadreeustaquio\/","article_published_time":"2022-02-15T09:20:00+00:00","og_image":[{"width":2560,"height":1280,"url":"https:\/\/www.padreeustaquio.com.br\/wp-content\/uploads\/2022\/02\/Design-sem-nome-scaled.jpg","type":"image\/jpeg"}],"author":"@sscc","twitter_card":"summary_large_image","twitter_creator":"@beatopeustaquio","twitter_site":"@beatopeustaquio","twitter_misc":{"Escrito por":"@sscc","Tiempo de lectura":"2 minutos"},"schema":{"@context":"https:\/\/schema.org","@graph":[{"@type":"Article","@id":"https:\/\/www.padreeustaquio.com.br\/terco-dos-homens-volta-a-acontecer-na-igreja-do-padre-eustaquio-em-bh\/#article","isPartOf":{"@id":"https:\/\/www.padreeustaquio.com.br\/terco-dos-homens-volta-a-acontecer-na-igreja-do-padre-eustaquio-em-bh\/"},"author":{"name":"@sscc","@id":"https:\/\/www.padreeustaquio.com.br\/#\/schema\/person\/a2a51db1d00f1a7af0204a0f1ddb1566"},"headline":"&#8220;Ter\u00e7o dos Homens&#8221; volta a acontecer na Igreja do Padre Eust\u00e1quio, em BH","datePublished":"2022-02-15T09:20:00+00:00","mainEntityOfPage":{"@id":"https:\/\/www.padreeustaquio.com.br\/terco-dos-homens-volta-a-acontecer-na-igreja-do-padre-eustaquio-em-bh\/"},"wordCount":367,"commentCount":0,"publisher":{"@id":"https:\/\/www.padreeustaquio.com.br\/#organization"},"image":{"@id":"https:\/\/www.padreeustaquio.com.br\/terco-dos-homens-volta-a-acontecer-na-igreja-do-padre-eustaquio-em-bh\/#primaryimage"},"thumbnailUrl":"https:\/\/www.padreeustaquio.com.br\/wp-content\/uploads\/2022\/02\/Design-sem-nome-scaled.jpg","articleSection":["Not\u00edcias"],"inLanguage":"es","potentialAction":[{"@type":"CommentAction","name":"Comment","target":["https:\/\/www.padreeustaquio.com.br\/terco-dos-homens-volta-a-acontecer-na-igreja-do-padre-eustaquio-em-bh\/#respond"]}]},{"@type":"WebPage","@id":"https:\/\/www.padreeustaquio.com.br\/terco-dos-homens-volta-a-acontecer-na-igreja-do-padre-eustaquio-em-bh\/","url":"https:\/\/www.padreeustaquio.com.br\/terco-dos-homens-volta-a-acontecer-na-igreja-do-padre-eustaquio-em-bh\/","name":"\"Rosario de Hombres\" regresa a la Iglesia Padre Eust\u00e1quio, en BH.","isPartOf":{"@id":"https:\/\/www.padreeustaquio.com.br\/#website"},"primaryImageOfPage":{"@id":"https:\/\/www.padreeustaquio.com.br\/terco-dos-homens-volta-a-acontecer-na-igreja-do-padre-eustaquio-em-bh\/#primaryimage"},"image":{"@id":"https:\/\/www.padreeustaquio.com.br\/terco-dos-homens-volta-a-acontecer-na-igreja-do-padre-eustaquio-em-bh\/#primaryimage"},"thumbnailUrl":"https:\/\/www.padreeustaquio.com.br\/wp-content\/uploads\/2022\/02\/Design-sem-nome-scaled.jpg","datePublished":"2022-02-15T09:20:00+00:00","description":"Tras un largo periodo sin reunirse, el movimiento &quot;Rosario de Hombres&quot; se re\u00fane de nuevo hoy (15 de febrero) en el Santuario de la Salud y la Paz. El grupo suspendi\u00f3 sus actividades en marzo de 2020 debido a la pandemia de COVID-19.","breadcrumb":{"@id":"https:\/\/www.padreeustaquio.com.br\/terco-dos-homens-volta-a-acontecer-na-igreja-do-padre-eustaquio-em-bh\/#breadcrumb"},"inLanguage":"es","potentialAction":[{"@type":"ReadAction","target":["https:\/\/www.padreeustaquio.com.br\/terco-dos-homens-volta-a-acontecer-na-igreja-do-padre-eustaquio-em-bh\/"]}]},{"@type":"ImageObject","inLanguage":"es","@id":"https:\/\/www.padreeustaquio.com.br\/terco-dos-homens-volta-a-acontecer-na-igreja-do-padre-eustaquio-em-bh\/#primaryimage","url":"https:\/\/www.padreeustaquio.com.br\/wp-content\/uploads\/2022\/02\/Design-sem-nome-scaled.jpg","contentUrl":"https:\/\/www.padreeustaquio.com.br\/wp-content\/uploads\/2022\/02\/Design-sem-nome-scaled.jpg","width":2560,"height":1280},{"@type":"BreadcrumbList","@id":"https:\/\/www.padreeustaquio.com.br\/terco-dos-homens-volta-a-acontecer-na-igreja-do-padre-eustaquio-em-bh\/#breadcrumb","itemListElement":[{"@type":"ListItem","position":1,"name":"In\u00edcio","item":"https:\/\/www.padreeustaquio.com.br\/"},{"@type":"ListItem","position":2,"name":"&#8220;Ter\u00e7o dos Homens&#8221; volta a acontecer na Igreja do Padre Eust\u00e1quio, em BH"}]},{"@type":"WebSite","@id":"https:\/\/www.padreeustaquio.com.br\/#website","url":"https:\/\/www.padreeustaquio.com.br\/","name":"Padre Eustace","description":"Salud y Paz","publisher":{"@id":"https:\/\/www.padreeustaquio.com.br\/#organization"},"potentialAction":[{"@type":"SearchAction","target":{"@type":"EntryPoint","urlTemplate":"https:\/\/www.padreeustaquio.com.br\/?s={search_term_string}"},"query-input":{"@type":"PropertyValueSpecification","valueRequired":true,"valueName":"search_term_string"}}],"inLanguage":"es"},{"@type":"Organization","@id":"https:\/\/www.padreeustaquio.com.br\/#organization","name":"Padre Eustace","url":"https:\/\/www.padreeustaquio.com.br\/","logo":{"@type":"ImageObject","inLanguage":"es","@id":"https:\/\/www.padreeustaquio.com.br\/#\/schema\/logo\/image\/","url":"https:\/\/www.padreeustaquio.com.br\/wp-content\/uploads\/2019\/08\/marca.png","contentUrl":"https:\/\/www.padreeustaquio.com.br\/wp-content\/uploads\/2019\/08\/marca.png","width":350,"height":400,"caption":"Padre Eust\u00e1quio"},"image":{"@id":"https:\/\/www.padreeustaquio.com.br\/#\/schema\/logo\/image\/"},"sameAs":["https:\/\/www.facebook.com\/beatopadreeustaquio\/","https:\/\/x.com\/beatopeustaquio","https:\/\/www.instagram.com\/beatopadreeustaquio\/","https:\/\/www.youtube.com\/channel\/UCRhw7vfabnajwLxb1ZXMeIw"]},{"@type":"Person","@id":"https:\/\/www.padreeustaquio.com.br\/#\/schema\/person\/a2a51db1d00f1a7af0204a0f1ddb1566","name":"@sscc","image":{"@type":"ImageObject","inLanguage":"es","@id":"https:\/\/secure.gravatar.com\/avatar\/68cfafa5f44617fea54071e215026e0ff06be366c3d54a8425f04fdcb86f8c5f?s=96&d=mm&r=g","url":"https:\/\/secure.gravatar.com\/avatar\/68cfafa5f44617fea54071e215026e0ff06be366c3d54a8425f04fdcb86f8c5f?s=96&d=mm&r=g","contentUrl":"https:\/\/secure.gravatar.com\/avatar\/68cfafa5f44617fea54071e215026e0ff06be366c3d54a8425f04fdcb86f8c5f?s=96&d=mm&r=g","caption":"@sscc"},"url":"https:\/\/www.padreeustaquio.com.br\/es\/author\/sscc\/"}]}},"_links":{"self":[{"href":"https:\/\/www.padreeustaquio.com.br\/es\/wp-json\/wp\/v2\/posts\/8123","targetHints":{"allow":["GET"]}}],"collection":[{"href":"https:\/\/www.padreeustaquio.com.br\/es\/wp-json\/wp\/v2\/posts"}],"about":[{"href":"https:\/\/www.padreeustaquio.com.br\/es\/wp-json\/wp\/v2\/types\/post"}],"author":[{"embeddable":true,"href":"https:\/\/www.padreeustaquio.com.br\/es\/wp-json\/wp\/v2\/users\/2"}],"replies":[{"embeddable":true,"href":"https:\/\/www.padreeustaquio.com.br\/es\/wp-json\/wp\/v2\/comments?post=8123"}],"version-history":[{"count":0,"href":"https:\/\/www.padreeustaquio.com.br\/es\/wp-json\/wp\/v2\/posts\/8123\/revisions"}],"wp:featuredmedia":[{"embeddable":true,"href":"https:\/\/www.padreeustaquio.com.br\/es\/wp-json\/wp\/v2\/media\/8125"}],"wp:attachment":[{"href":"https:\/\/www.padreeustaquio.com.br\/es\/wp-json\/wp\/v2\/media?parent=8123"}],"wp:term":[{"taxonomy":"category","embeddable":true,"href":"https:\/\/www.padreeustaquio.com.br\/es\/wp-json\/wp\/v2\/categories?post=8123"},{"taxonomy":"post_tag","embeddable":true,"href":"https:\/\/www.padreeustaquio.com.br\/es\/wp-json\/wp\/v2\/tags?post=8123"}],"curies":[{"name":"wp","href":"https:\/\/api.w.org\/{rel}","templated":true}]}}