{"id":8097,"date":"2022-02-11T06:26:00","date_gmt":"2022-02-11T09:26:00","guid":{"rendered":"https:\/\/www.padreeustaquio.com.br\/?p=8097"},"modified":"2022-02-09T10:47:08","modified_gmt":"2022-02-09T13:47:08","slug":"dia-de-nuestra-senora-de-lourdes-lea-lo-que-el-padre-eustaquio-escribio-sobre-ella","status":"publish","type":"post","link":"https:\/\/www.padreeustaquio.com.br\/es\/dia-de-nuestra-senora-de-lourdes-lea-lo-que-el-padre-eustaquio-escribio-sobre-ella\/","title":{"rendered":"D\u00eda de Nuestra Se\u00f1ora de Lourdes \u2013 lea lo que el Padre Eust\u00e1quio escribi\u00f3 sobre ella."},"content":{"rendered":"<p>El Padre Eust\u00e1quio ten\u00eda una gran devoci\u00f3n a Nuestra Se\u00f1ora. Entre sus pertenencias, encontramos numerosos textos dedicados a la madre de Jes\u00fas. Pero uno en particular habla de Nuestra Se\u00f1ora de Lourdes. Durante su estancia en Brasil, el misionero de Salud y Paz fue p\u00e1rroco de la Parroquia de Nuestra Se\u00f1ora de Lourdes, en Po\u00e1-SP, donde se reportaron los primeros milagros.<\/p>\n\n\n\n<p>El siguiente texto, recuperado por el equipo que restaura y cataloga los documentos pertenecientes a la Beata, relata brevemente la historia de las apariciones de Nuestra Se\u00f1ora en Lourdes, Francia, y la devoci\u00f3n que debemos tener a la madre de Nuestro Salvador. Lea el texto completo:<\/p>\n\n\n\n<p><strong>Nuestra Se\u00f1ora de Lourdes<\/strong><\/p>\n\n\n\n<p>\u201c<em>Han pasado menos de cien a\u00f1os desde que una pobre pastora tuvo el gran privilegio de contemplar con claridad a la Sant\u00edsima Virgen Mar\u00eda en una gruta cercana a la ciudad. Al verla, Mar\u00eda vest\u00eda de blanco, con una banda azul, un rosario en la mano y la mirada al cielo. Y como la peque\u00f1a Bernadette le preguntaba constantemente qui\u00e9n era, respondi\u00f3: \u201cSoy la Inmaculada Concepci\u00f3n\u201d. Y para confirmar sus palabras, hizo brotar en ese mismo instante un manantial de agua cristalina al pie de la gruta, en un lugar arenoso donde nadie hab\u00eda descubierto jam\u00e1s una gota de agua. Este manantial milagroso fue presagio de un torrente de milagros que a partir de entonces se producir\u00edan en el privilegiado lugar de Lourdes.<\/em><\/p>\n\n\n\n<p><em>Hace seis a\u00f1os, tuve el gran privilegio de visitar el Santuario de Lourdes por primera vez, y no puedo expresar cu\u00e1nto extra\u00f1o todo lo que vi y escuch\u00e9 all\u00ed. Por un lado, los peregrinos besando fervientemente la gruta donde reposaban los pies de Nuestra Sant\u00edsima Madre. Por otro lado, la inmersi\u00f3n de los enfermos en esa misma agua milagrosa; y por otro lado, la procesi\u00f3n del Sant\u00edsimo Sacramento, en la que cada enfermo \u2014ese d\u00eda hab\u00eda m\u00e1s de mil\u2014 recibe una bendici\u00f3n. \u00a1Cu\u00e1nta miseria humana se concentra en un solo lugar, pero tambi\u00e9n cu\u00e1nta abundancia de consuelo celestial desciende sobre ese mismo lugar!. <\/em><\/p>\n\n\n\n<p><em>Vi a incr\u00e9dulos, solo para abusar de la fe del pueblo, arrodillarse al pie de la gruta y derramar l\u00e1grimas como un hijo pr\u00f3digo. Vi a enfermos, cuya curaci\u00f3n por la ciencia humana hab\u00eda sido declarada imposible, levantarse de sus lechos de dolor, desafiando la sabidur\u00eda del mundo. Vi a enfermos cubiertos de llagas, llenos de dolor y sufrimiento, cantar las alabanzas de Mar\u00eda, quien milagrosamente los consol\u00f3.<\/em><\/p>\n\n\n\n<p><em>Queridos hermanos, fui testigo de que durante la bendici\u00f3n de los enfermos, todos ten\u00edan l\u00e1grimas en los ojos. Padres y madres, llenos de fe, elevaron sus brazos al Sant\u00edsimo Sacramento para la curaci\u00f3n de una hija paralizada, un hijo ciego, un ni\u00f1o moribundo. <\/em><\/p>\n\n\n\n<p><em>Oh Cafarna\u00fam de nuestro tiempo: valle de l\u00e1grimas, pero tambi\u00e9n para\u00edso de consuelo, monta\u00f1a de alegr\u00edas. \u00a1Cu\u00e1nto desear\u00eda que todos pudieran pasar al menos un d\u00eda al pie de la gruta milagrosa de Nuestra Se\u00f1ora de Lourdes! Pero est\u00e1 tan lejos, tan caro.<\/em>.<\/p>\n\n\n\n<p><em>Pero para satisfacer al menos un poco nuestro deseo, en esp\u00edritu, en alabanza de nuestra Sant\u00edsima Madre, visitamos el lugar donde ella quer\u00eda que se invocara y venerara un templo, un santuario. En esp\u00edritu, nos arrodillamos para pedir todas las bendiciones que necesitamos. En esp\u00edritu, nos unimos a esos padres que piden la sanaci\u00f3n de un hijo o una hija, la conversi\u00f3n de un esposo, el \u00e9xito en los negocios, el alivio del dolor, el cese de una crisis y la paz para la familia, el estado y la Iglesia. Oh, pide, pide con gran fervor. \u00a1Se\u00f1ora, hazme ver! \u00a1Oh Sant\u00edsima Madre, hazme caminar! \u00a1Oh Sant\u00edsima Madre, hazme hablar! \u00a1Oh Sant\u00edsima Madre, hazme sanar!<\/em><\/p>\n\n\n\n<p><em>Soy la Inmaculada Concepci\u00f3n, cre\u00eda o\u00edrlo todo el tiempo en la ciudad de Lourdes. Soy la Inmaculada Concepci\u00f3n, quien realiza estos milagros por el poder divino y el de mi hijo Jes\u00fas. Soy la Inmaculada Concepci\u00f3n, quiero sanar a todos los que sufren, a todos los que sufren, quiero preparar el camino de la salvaci\u00f3n para todos.<\/em><\/p>\n\n\n\n<p><em>Examina si no hay un dolor, una cruz que busques alivio; p\u00eddele, p\u00eddele a tu madre, a tu Madre de Lourdes, y Ella te lo conceder\u00e1 con gran placer, con gran alegr\u00eda. Si visitamos en esp\u00edritu el lugar de los milagros, no olvidemos las palabras que nuestra madre dirigi\u00f3 tan solemnemente a Bernadette, para que las transmitiera a toda la posteridad: \u00a1Yo soy la Inmaculada Concepci\u00f3n!<\/em><\/p>\n\n\n\n<p><em>Y cuando una madre habla as\u00ed, sabemos que Mar\u00eda no quiere decir otra cosa que que sus hijos la imiten en su santa virtud de inocencia y pureza. No quiere decir otra cosa que que su imagen se refleja n\u00edtidamente en el espejo cristalino de nuestras almas. No quiere decir otra cosa que que pide a quienes la aman como hijos que se desprendan de todo lo que est\u00e1 manchado, de todo lo que no es inmaculado a los ojos de Dios.<\/em><\/p>\n\n\n\n<p><em>Ella no quiere decir nada m\u00e1s que quienes deseen ser verdaderos hijos e hijas de ella deben ser puros en sus deseos, puros en sus palabras, puros en su amor. Por lo tanto, si alguien tiene el gran deseo de ser escuchado por nuestra Madre de Lourdes, que se esfuerce por imitar a esa madre, y les aseguro que los milagros materiales y espirituales no tardar\u00e1n en llegar, y la mirada de su Madre celestial se posa sobre ustedes con la misma bondad que se pos\u00f3 sobre la peque\u00f1a, inocente y humilde Bernadette. <\/em><\/p>\n\n\n\n<p><em>\u00a1Que as\u00ed sea!\u201d<\/em><\/p>\n\n\n\n<p><\/p>","protected":false},"excerpt":{"rendered":"<p>Padre Eust\u00e1quio nutria uma grande devo\u00e7\u00e3o \u00e0 Nossa Senhora. Em seus pertences, encontramos muitos textos dedicados a m\u00e3e de Jesus. Mas um em especial, fala de Nossa Senhora de Lourdes. Em sua passagem pelo Brasil, o mission\u00e1rio da Sa\u00fade e da Paz foi p\u00e1roco da Par\u00f3quia Nossa Senhora de Lourdes, em Po\u00e1-SP, de onde se t\u00eam not\u00edcias dos primeiros milagres. O texto a seguir, recuperado pela equipe que restaura e cataloga os documentos objetos do Bem-aventurado, conta um pouco sobre a hist\u00f3ria das apari\u00e7\u00f5es de Nossa Senhora em Lourdes, na Fran\u00e7a e sobre a devo\u00e7\u00e3o que devemos ter \u00e0 m\u00e3e [&hellip;]<\/p>\n","protected":false},"author":2,"featured_media":8098,"comment_status":"open","ping_status":"closed","sticky":false,"template":"","format":"standard","meta":{"_acf_changed":false,"footnotes":""},"categories":[611],"tags":[],"class_list":["post-8097","post","type-post","status-publish","format-standard","has-post-thumbnail","hentry","category-noticias"],"acf":[],"yoast_head":"<!-- This site is optimized with the Yoast SEO plugin v27.2 - https:\/\/yoast.com\/product\/yoast-seo-wordpress\/ -->\n<title>Dia de Nossa Senhora de Lourdes - leia o que Padre Eust\u00e1quio escreveu sobre ela<\/title>\n<meta name=\"description\" content=\"Padre Eust\u00e1quio nutria uma grande devo\u00e7\u00e3o \u00e0 Nossa Senhora. Em seus pertences, encontramos muitos textos dedicados a m\u00e3e de Jesus. Mas um em especial, fala de Nossa Senhora de Lourdes. Em sua passagem pelo Brasil, o mission\u00e1rio da Sa\u00fade e da Paz foi p\u00e1roco da Par\u00f3quia Nossa Senhora de Lourdes, em Po\u00e1-SP, de onde se t\u00eam not\u00edcias dos primeiros milagres.\" \/>\n<meta name=\"robots\" content=\"index, follow, max-snippet:-1, max-image-preview:large, max-video-preview:-1\" \/>\n<link rel=\"canonical\" href=\"https:\/\/www.padreeustaquio.com.br\/es\/dia-de-nuestra-senora-de-lourdes-lea-lo-que-el-padre-eustaquio-escribio-sobre-ella\/\" \/>\n<meta property=\"og:locale\" content=\"es_ES\" \/>\n<meta property=\"og:type\" content=\"article\" \/>\n<meta property=\"og:title\" content=\"Dia de Nossa Senhora de Lourdes - leia o que Padre Eust\u00e1quio escreveu sobre ela\" \/>\n<meta property=\"og:description\" content=\"Padre Eust\u00e1quio nutria uma grande devo\u00e7\u00e3o \u00e0 Nossa Senhora. Em seus pertences, encontramos muitos textos dedicados a m\u00e3e de Jesus. Mas um em especial, fala de Nossa Senhora de Lourdes. Em sua passagem pelo Brasil, o mission\u00e1rio da Sa\u00fade e da Paz foi p\u00e1roco da Par\u00f3quia Nossa Senhora de Lourdes, em Po\u00e1-SP, de onde se t\u00eam not\u00edcias dos primeiros milagres.\" \/>\n<meta property=\"og:url\" content=\"https:\/\/www.padreeustaquio.com.br\/es\/dia-de-nuestra-senora-de-lourdes-lea-lo-que-el-padre-eustaquio-escribio-sobre-ella\/\" \/>\n<meta property=\"og:site_name\" content=\"Padre Eust\u00e1quio\" \/>\n<meta property=\"article:publisher\" content=\"https:\/\/www.facebook.com\/beatopadreeustaquio\/\" \/>\n<meta property=\"article:published_time\" content=\"2022-02-11T09:26:00+00:00\" \/>\n<meta property=\"og:image\" content=\"https:\/\/www.padreeustaquio.com.br\/wp-content\/uploads\/2022\/02\/nossa-senhora-de-lourdes.jpg\" \/>\n\t<meta property=\"og:image:width\" content=\"748\" \/>\n\t<meta property=\"og:image:height\" content=\"394\" \/>\n\t<meta property=\"og:image:type\" content=\"image\/jpeg\" \/>\n<meta name=\"author\" content=\"@sscc\" \/>\n<meta name=\"twitter:card\" content=\"summary_large_image\" \/>\n<meta name=\"twitter:creator\" content=\"@beatopeustaquio\" \/>\n<meta name=\"twitter:site\" content=\"@beatopeustaquio\" \/>\n<meta name=\"twitter:label1\" content=\"Escrito por\" \/>\n\t<meta name=\"twitter:data1\" content=\"@sscc\" \/>\n\t<meta name=\"twitter:label2\" content=\"Tiempo de lectura\" \/>\n\t<meta name=\"twitter:data2\" content=\"5 minutos\" \/>\n<script type=\"application\/ld+json\" class=\"yoast-schema-graph\">{\"@context\":\"https:\/\/schema.org\",\"@graph\":[{\"@type\":\"Article\",\"@id\":\"https:\/\/www.padreeustaquio.com.br\/dia-de-nossa-senhora-de-lourdes-leia-o-que-padre-eustaquio-escreveu-sobre-ela\/#article\",\"isPartOf\":{\"@id\":\"https:\/\/www.padreeustaquio.com.br\/dia-de-nossa-senhora-de-lourdes-leia-o-que-padre-eustaquio-escreveu-sobre-ela\/\"},\"author\":{\"name\":\"@sscc\",\"@id\":\"https:\/\/www.padreeustaquio.com.br\/#\/schema\/person\/a2a51db1d00f1a7af0204a0f1ddb1566\"},\"headline\":\"Dia de Nossa Senhora de Lourdes &#8211; leia o que Padre Eust\u00e1quio escreveu sobre ela\",\"datePublished\":\"2022-02-11T09:26:00+00:00\",\"mainEntityOfPage\":{\"@id\":\"https:\/\/www.padreeustaquio.com.br\/dia-de-nossa-senhora-de-lourdes-leia-o-que-padre-eustaquio-escreveu-sobre-ela\/\"},\"wordCount\":1059,\"commentCount\":0,\"publisher\":{\"@id\":\"https:\/\/www.padreeustaquio.com.br\/#organization\"},\"image\":{\"@id\":\"https:\/\/www.padreeustaquio.com.br\/dia-de-nossa-senhora-de-lourdes-leia-o-que-padre-eustaquio-escreveu-sobre-ela\/#primaryimage\"},\"thumbnailUrl\":\"https:\/\/www.padreeustaquio.com.br\/wp-content\/uploads\/2022\/02\/nossa-senhora-de-lourdes.jpg\",\"articleSection\":[\"Not\u00edcias\"],\"inLanguage\":\"es\",\"potentialAction\":[{\"@type\":\"CommentAction\",\"name\":\"Comment\",\"target\":[\"https:\/\/www.padreeustaquio.com.br\/dia-de-nossa-senhora-de-lourdes-leia-o-que-padre-eustaquio-escreveu-sobre-ela\/#respond\"]}]},{\"@type\":\"WebPage\",\"@id\":\"https:\/\/www.padreeustaquio.com.br\/dia-de-nossa-senhora-de-lourdes-leia-o-que-padre-eustaquio-escreveu-sobre-ela\/\",\"url\":\"https:\/\/www.padreeustaquio.com.br\/dia-de-nossa-senhora-de-lourdes-leia-o-que-padre-eustaquio-escreveu-sobre-ela\/\",\"name\":\"Dia de Nossa Senhora de Lourdes - leia o que Padre Eust\u00e1quio escreveu sobre ela\",\"isPartOf\":{\"@id\":\"https:\/\/www.padreeustaquio.com.br\/#website\"},\"primaryImageOfPage\":{\"@id\":\"https:\/\/www.padreeustaquio.com.br\/dia-de-nossa-senhora-de-lourdes-leia-o-que-padre-eustaquio-escreveu-sobre-ela\/#primaryimage\"},\"image\":{\"@id\":\"https:\/\/www.padreeustaquio.com.br\/dia-de-nossa-senhora-de-lourdes-leia-o-que-padre-eustaquio-escreveu-sobre-ela\/#primaryimage\"},\"thumbnailUrl\":\"https:\/\/www.padreeustaquio.com.br\/wp-content\/uploads\/2022\/02\/nossa-senhora-de-lourdes.jpg\",\"datePublished\":\"2022-02-11T09:26:00+00:00\",\"description\":\"Padre Eust\u00e1quio nutria uma grande devo\u00e7\u00e3o \u00e0 Nossa Senhora. Em seus pertences, encontramos muitos textos dedicados a m\u00e3e de Jesus. Mas um em especial, fala de Nossa Senhora de Lourdes. Em sua passagem pelo Brasil, o mission\u00e1rio da Sa\u00fade e da Paz foi p\u00e1roco da Par\u00f3quia Nossa Senhora de Lourdes, em Po\u00e1-SP, de onde se t\u00eam not\u00edcias dos primeiros milagres.\",\"breadcrumb\":{\"@id\":\"https:\/\/www.padreeustaquio.com.br\/dia-de-nossa-senhora-de-lourdes-leia-o-que-padre-eustaquio-escreveu-sobre-ela\/#breadcrumb\"},\"inLanguage\":\"es\",\"potentialAction\":[{\"@type\":\"ReadAction\",\"target\":[\"https:\/\/www.padreeustaquio.com.br\/dia-de-nossa-senhora-de-lourdes-leia-o-que-padre-eustaquio-escreveu-sobre-ela\/\"]}]},{\"@type\":\"ImageObject\",\"inLanguage\":\"es\",\"@id\":\"https:\/\/www.padreeustaquio.com.br\/dia-de-nossa-senhora-de-lourdes-leia-o-que-padre-eustaquio-escreveu-sobre-ela\/#primaryimage\",\"url\":\"https:\/\/www.padreeustaquio.com.br\/wp-content\/uploads\/2022\/02\/nossa-senhora-de-lourdes.jpg\",\"contentUrl\":\"https:\/\/www.padreeustaquio.com.br\/wp-content\/uploads\/2022\/02\/nossa-senhora-de-lourdes.jpg\",\"width\":748,\"height\":394},{\"@type\":\"BreadcrumbList\",\"@id\":\"https:\/\/www.padreeustaquio.com.br\/dia-de-nossa-senhora-de-lourdes-leia-o-que-padre-eustaquio-escreveu-sobre-ela\/#breadcrumb\",\"itemListElement\":[{\"@type\":\"ListItem\",\"position\":1,\"name\":\"In\u00edcio\",\"item\":\"https:\/\/www.padreeustaquio.com.br\/\"},{\"@type\":\"ListItem\",\"position\":2,\"name\":\"Dia de Nossa Senhora de Lourdes &#8211; leia o que Padre Eust\u00e1quio escreveu sobre ela\"}]},{\"@type\":\"WebSite\",\"@id\":\"https:\/\/www.padreeustaquio.com.br\/#website\",\"url\":\"https:\/\/www.padreeustaquio.com.br\/\",\"name\":\"Padre Eust\u00e1quio\",\"description\":\"Sa\u00fade e Paz\",\"publisher\":{\"@id\":\"https:\/\/www.padreeustaquio.com.br\/#organization\"},\"potentialAction\":[{\"@type\":\"SearchAction\",\"target\":{\"@type\":\"EntryPoint\",\"urlTemplate\":\"https:\/\/www.padreeustaquio.com.br\/?s={search_term_string}\"},\"query-input\":{\"@type\":\"PropertyValueSpecification\",\"valueRequired\":true,\"valueName\":\"search_term_string\"}}],\"inLanguage\":\"es\"},{\"@type\":\"Organization\",\"@id\":\"https:\/\/www.padreeustaquio.com.br\/#organization\",\"name\":\"Padre Eust\u00e1quio\",\"url\":\"https:\/\/www.padreeustaquio.com.br\/\",\"logo\":{\"@type\":\"ImageObject\",\"inLanguage\":\"es\",\"@id\":\"https:\/\/www.padreeustaquio.com.br\/#\/schema\/logo\/image\/\",\"url\":\"https:\/\/www.padreeustaquio.com.br\/wp-content\/uploads\/2019\/08\/marca.png\",\"contentUrl\":\"https:\/\/www.padreeustaquio.com.br\/wp-content\/uploads\/2019\/08\/marca.png\",\"width\":350,\"height\":400,\"caption\":\"Padre Eust\u00e1quio\"},\"image\":{\"@id\":\"https:\/\/www.padreeustaquio.com.br\/#\/schema\/logo\/image\/\"},\"sameAs\":[\"https:\/\/www.facebook.com\/beatopadreeustaquio\/\",\"https:\/\/x.com\/beatopeustaquio\",\"https:\/\/www.instagram.com\/beatopadreeustaquio\/\",\"https:\/\/www.youtube.com\/channel\/UCRhw7vfabnajwLxb1ZXMeIw\"]},{\"@type\":\"Person\",\"@id\":\"https:\/\/www.padreeustaquio.com.br\/#\/schema\/person\/a2a51db1d00f1a7af0204a0f1ddb1566\",\"name\":\"@sscc\",\"image\":{\"@type\":\"ImageObject\",\"inLanguage\":\"es\",\"@id\":\"https:\/\/secure.gravatar.com\/avatar\/68cfafa5f44617fea54071e215026e0ff06be366c3d54a8425f04fdcb86f8c5f?s=96&d=mm&r=g\",\"url\":\"https:\/\/secure.gravatar.com\/avatar\/68cfafa5f44617fea54071e215026e0ff06be366c3d54a8425f04fdcb86f8c5f?s=96&d=mm&r=g\",\"contentUrl\":\"https:\/\/secure.gravatar.com\/avatar\/68cfafa5f44617fea54071e215026e0ff06be366c3d54a8425f04fdcb86f8c5f?s=96&d=mm&r=g\",\"caption\":\"@sscc\"},\"url\":\"https:\/\/www.padreeustaquio.com.br\/es\/author\/sscc\/\"}]}<\/script>\n<!-- \/ Yoast SEO plugin. -->","yoast_head_json":{"title":"D\u00eda de Nuestra Se\u00f1ora de Lourdes - lea lo que el Padre Eust\u00e1quio escribi\u00f3 sobre ella.","description":"El Padre Eust\u00e1quio ten\u00eda una gran devoci\u00f3n a Nuestra Se\u00f1ora. Entre sus pertenencias, encontramos numerosos textos dedicados a la madre de Jes\u00fas. Pero uno en particular habla de Nuestra Se\u00f1ora de Lourdes. Durante su estancia en Brasil, el misionero de Salud y Paz fue p\u00e1rroco de la Parroquia de Nuestra Se\u00f1ora de Lourdes, en Po\u00e1-SP, donde se reportaron los primeros milagros.","robots":{"index":"index","follow":"follow","max-snippet":"max-snippet:-1","max-image-preview":"max-image-preview:large","max-video-preview":"max-video-preview:-1"},"canonical":"https:\/\/www.padreeustaquio.com.br\/es\/dia-de-nuestra-senora-de-lourdes-lea-lo-que-el-padre-eustaquio-escribio-sobre-ella\/","og_locale":"es_ES","og_type":"article","og_title":"Dia de Nossa Senhora de Lourdes - leia o que Padre Eust\u00e1quio escreveu sobre ela","og_description":"Padre Eust\u00e1quio nutria uma grande devo\u00e7\u00e3o \u00e0 Nossa Senhora. Em seus pertences, encontramos muitos textos dedicados a m\u00e3e de Jesus. Mas um em especial, fala de Nossa Senhora de Lourdes. Em sua passagem pelo Brasil, o mission\u00e1rio da Sa\u00fade e da Paz foi p\u00e1roco da Par\u00f3quia Nossa Senhora de Lourdes, em Po\u00e1-SP, de onde se t\u00eam not\u00edcias dos primeiros milagres.","og_url":"https:\/\/www.padreeustaquio.com.br\/es\/dia-de-nuestra-senora-de-lourdes-lea-lo-que-el-padre-eustaquio-escribio-sobre-ella\/","og_site_name":"Padre Eust\u00e1quio","article_publisher":"https:\/\/www.facebook.com\/beatopadreeustaquio\/","article_published_time":"2022-02-11T09:26:00+00:00","og_image":[{"width":748,"height":394,"url":"https:\/\/www.padreeustaquio.com.br\/wp-content\/uploads\/2022\/02\/nossa-senhora-de-lourdes.jpg","type":"image\/jpeg"}],"author":"@sscc","twitter_card":"summary_large_image","twitter_creator":"@beatopeustaquio","twitter_site":"@beatopeustaquio","twitter_misc":{"Escrito por":"@sscc","Tiempo de lectura":"5 minutos"},"schema":{"@context":"https:\/\/schema.org","@graph":[{"@type":"Article","@id":"https:\/\/www.padreeustaquio.com.br\/dia-de-nossa-senhora-de-lourdes-leia-o-que-padre-eustaquio-escreveu-sobre-ela\/#article","isPartOf":{"@id":"https:\/\/www.padreeustaquio.com.br\/dia-de-nossa-senhora-de-lourdes-leia-o-que-padre-eustaquio-escreveu-sobre-ela\/"},"author":{"name":"@sscc","@id":"https:\/\/www.padreeustaquio.com.br\/#\/schema\/person\/a2a51db1d00f1a7af0204a0f1ddb1566"},"headline":"Dia de Nossa Senhora de Lourdes &#8211; leia o que Padre Eust\u00e1quio escreveu sobre ela","datePublished":"2022-02-11T09:26:00+00:00","mainEntityOfPage":{"@id":"https:\/\/www.padreeustaquio.com.br\/dia-de-nossa-senhora-de-lourdes-leia-o-que-padre-eustaquio-escreveu-sobre-ela\/"},"wordCount":1059,"commentCount":0,"publisher":{"@id":"https:\/\/www.padreeustaquio.com.br\/#organization"},"image":{"@id":"https:\/\/www.padreeustaquio.com.br\/dia-de-nossa-senhora-de-lourdes-leia-o-que-padre-eustaquio-escreveu-sobre-ela\/#primaryimage"},"thumbnailUrl":"https:\/\/www.padreeustaquio.com.br\/wp-content\/uploads\/2022\/02\/nossa-senhora-de-lourdes.jpg","articleSection":["Not\u00edcias"],"inLanguage":"es","potentialAction":[{"@type":"CommentAction","name":"Comment","target":["https:\/\/www.padreeustaquio.com.br\/dia-de-nossa-senhora-de-lourdes-leia-o-que-padre-eustaquio-escreveu-sobre-ela\/#respond"]}]},{"@type":"WebPage","@id":"https:\/\/www.padreeustaquio.com.br\/dia-de-nossa-senhora-de-lourdes-leia-o-que-padre-eustaquio-escreveu-sobre-ela\/","url":"https:\/\/www.padreeustaquio.com.br\/dia-de-nossa-senhora-de-lourdes-leia-o-que-padre-eustaquio-escreveu-sobre-ela\/","name":"D\u00eda de Nuestra Se\u00f1ora de Lourdes - lea lo que el Padre Eust\u00e1quio escribi\u00f3 sobre ella.","isPartOf":{"@id":"https:\/\/www.padreeustaquio.com.br\/#website"},"primaryImageOfPage":{"@id":"https:\/\/www.padreeustaquio.com.br\/dia-de-nossa-senhora-de-lourdes-leia-o-que-padre-eustaquio-escreveu-sobre-ela\/#primaryimage"},"image":{"@id":"https:\/\/www.padreeustaquio.com.br\/dia-de-nossa-senhora-de-lourdes-leia-o-que-padre-eustaquio-escreveu-sobre-ela\/#primaryimage"},"thumbnailUrl":"https:\/\/www.padreeustaquio.com.br\/wp-content\/uploads\/2022\/02\/nossa-senhora-de-lourdes.jpg","datePublished":"2022-02-11T09:26:00+00:00","description":"El Padre Eust\u00e1quio ten\u00eda una gran devoci\u00f3n a Nuestra Se\u00f1ora. Entre sus pertenencias, encontramos numerosos textos dedicados a la madre de Jes\u00fas. Pero uno en particular habla de Nuestra Se\u00f1ora de Lourdes. Durante su estancia en Brasil, el misionero de Salud y Paz fue p\u00e1rroco de la Parroquia de Nuestra Se\u00f1ora de Lourdes, en Po\u00e1-SP, donde se reportaron los primeros milagros.","breadcrumb":{"@id":"https:\/\/www.padreeustaquio.com.br\/dia-de-nossa-senhora-de-lourdes-leia-o-que-padre-eustaquio-escreveu-sobre-ela\/#breadcrumb"},"inLanguage":"es","potentialAction":[{"@type":"ReadAction","target":["https:\/\/www.padreeustaquio.com.br\/dia-de-nossa-senhora-de-lourdes-leia-o-que-padre-eustaquio-escreveu-sobre-ela\/"]}]},{"@type":"ImageObject","inLanguage":"es","@id":"https:\/\/www.padreeustaquio.com.br\/dia-de-nossa-senhora-de-lourdes-leia-o-que-padre-eustaquio-escreveu-sobre-ela\/#primaryimage","url":"https:\/\/www.padreeustaquio.com.br\/wp-content\/uploads\/2022\/02\/nossa-senhora-de-lourdes.jpg","contentUrl":"https:\/\/www.padreeustaquio.com.br\/wp-content\/uploads\/2022\/02\/nossa-senhora-de-lourdes.jpg","width":748,"height":394},{"@type":"BreadcrumbList","@id":"https:\/\/www.padreeustaquio.com.br\/dia-de-nossa-senhora-de-lourdes-leia-o-que-padre-eustaquio-escreveu-sobre-ela\/#breadcrumb","itemListElement":[{"@type":"ListItem","position":1,"name":"In\u00edcio","item":"https:\/\/www.padreeustaquio.com.br\/"},{"@type":"ListItem","position":2,"name":"Dia de Nossa Senhora de Lourdes &#8211; leia o que Padre Eust\u00e1quio escreveu sobre ela"}]},{"@type":"WebSite","@id":"https:\/\/www.padreeustaquio.com.br\/#website","url":"https:\/\/www.padreeustaquio.com.br\/","name":"Padre Eustace","description":"Salud y Paz","publisher":{"@id":"https:\/\/www.padreeustaquio.com.br\/#organization"},"potentialAction":[{"@type":"SearchAction","target":{"@type":"EntryPoint","urlTemplate":"https:\/\/www.padreeustaquio.com.br\/?s={search_term_string}"},"query-input":{"@type":"PropertyValueSpecification","valueRequired":true,"valueName":"search_term_string"}}],"inLanguage":"es"},{"@type":"Organization","@id":"https:\/\/www.padreeustaquio.com.br\/#organization","name":"Padre Eustace","url":"https:\/\/www.padreeustaquio.com.br\/","logo":{"@type":"ImageObject","inLanguage":"es","@id":"https:\/\/www.padreeustaquio.com.br\/#\/schema\/logo\/image\/","url":"https:\/\/www.padreeustaquio.com.br\/wp-content\/uploads\/2019\/08\/marca.png","contentUrl":"https:\/\/www.padreeustaquio.com.br\/wp-content\/uploads\/2019\/08\/marca.png","width":350,"height":400,"caption":"Padre Eust\u00e1quio"},"image":{"@id":"https:\/\/www.padreeustaquio.com.br\/#\/schema\/logo\/image\/"},"sameAs":["https:\/\/www.facebook.com\/beatopadreeustaquio\/","https:\/\/x.com\/beatopeustaquio","https:\/\/www.instagram.com\/beatopadreeustaquio\/","https:\/\/www.youtube.com\/channel\/UCRhw7vfabnajwLxb1ZXMeIw"]},{"@type":"Person","@id":"https:\/\/www.padreeustaquio.com.br\/#\/schema\/person\/a2a51db1d00f1a7af0204a0f1ddb1566","name":"@sscc","image":{"@type":"ImageObject","inLanguage":"es","@id":"https:\/\/secure.gravatar.com\/avatar\/68cfafa5f44617fea54071e215026e0ff06be366c3d54a8425f04fdcb86f8c5f?s=96&d=mm&r=g","url":"https:\/\/secure.gravatar.com\/avatar\/68cfafa5f44617fea54071e215026e0ff06be366c3d54a8425f04fdcb86f8c5f?s=96&d=mm&r=g","contentUrl":"https:\/\/secure.gravatar.com\/avatar\/68cfafa5f44617fea54071e215026e0ff06be366c3d54a8425f04fdcb86f8c5f?s=96&d=mm&r=g","caption":"@sscc"},"url":"https:\/\/www.padreeustaquio.com.br\/es\/author\/sscc\/"}]}},"_links":{"self":[{"href":"https:\/\/www.padreeustaquio.com.br\/es\/wp-json\/wp\/v2\/posts\/8097","targetHints":{"allow":["GET"]}}],"collection":[{"href":"https:\/\/www.padreeustaquio.com.br\/es\/wp-json\/wp\/v2\/posts"}],"about":[{"href":"https:\/\/www.padreeustaquio.com.br\/es\/wp-json\/wp\/v2\/types\/post"}],"author":[{"embeddable":true,"href":"https:\/\/www.padreeustaquio.com.br\/es\/wp-json\/wp\/v2\/users\/2"}],"replies":[{"embeddable":true,"href":"https:\/\/www.padreeustaquio.com.br\/es\/wp-json\/wp\/v2\/comments?post=8097"}],"version-history":[{"count":0,"href":"https:\/\/www.padreeustaquio.com.br\/es\/wp-json\/wp\/v2\/posts\/8097\/revisions"}],"wp:featuredmedia":[{"embeddable":true,"href":"https:\/\/www.padreeustaquio.com.br\/es\/wp-json\/wp\/v2\/media\/8098"}],"wp:attachment":[{"href":"https:\/\/www.padreeustaquio.com.br\/es\/wp-json\/wp\/v2\/media?parent=8097"}],"wp:term":[{"taxonomy":"category","embeddable":true,"href":"https:\/\/www.padreeustaquio.com.br\/es\/wp-json\/wp\/v2\/categories?post=8097"},{"taxonomy":"post_tag","embeddable":true,"href":"https:\/\/www.padreeustaquio.com.br\/es\/wp-json\/wp\/v2\/tags?post=8097"}],"curies":[{"name":"wp","href":"https:\/\/api.w.org\/{rel}","templated":true}]}}