{"id":8093,"date":"2022-02-10T05:59:00","date_gmt":"2022-02-10T08:59:00","guid":{"rendered":"https:\/\/www.padreeustaquio.com.br\/?p=8093"},"modified":"2022-02-10T13:51:30","modified_gmt":"2022-02-10T16:51:30","slug":"testimonio-de-la-madre-de-odetinha-por-la-causa-del-padre-eustaquio-y-su-recuperacion","status":"publish","type":"post","link":"https:\/\/www.padreeustaquio.com.br\/es\/testimonio-de-la-madre-de-odetinha-por-la-causa-del-padre-eustaquio-y-su-recuperacion\/","title":{"rendered":"Recuperan testimonio de la madre de Odetinha para la Causa del Padre Eust\u00e1quio."},"content":{"rendered":"<p>El padre Eust\u00e1quio ten\u00eda una gran devoci\u00f3n por la ni\u00f1a Odetinha, recientemente proclamada Venerable por la Santa Sede, y por eso, durante algunos a\u00f1os mantuvo contacto con los padres de la ni\u00f1a, de donde surgi\u00f3 una hermosa amistad.<\/p>\n\n\n\n<p>Fue a ra\u00edz de esta experiencia que Alice Vidal de Oliveira, madre de Odetinha, prest\u00f3 testimonio ante el Tribunal Eclesi\u00e1stico para la Causa de Beatificaci\u00f3n y Canonizaci\u00f3n del Padre Eust\u00e1quio. Este testimonio se recogi\u00f3 el 29 de octubre de 1963. Lea el documento completo a continuaci\u00f3n. Fue recuperado por investigadores que trabajaban en la catalogaci\u00f3n de la colecci\u00f3n del futuro Museo Padre Eust\u00e1quio en Belo Horizonte.<\/p>\n\n\n\n<p><em>\u201cRespecto al per\u00edodo que estuvo aqu\u00ed en R\u00edo, puedo atestiguar, como testigo con conocimiento personal, lo siguiente: estuvo en el Convento de su Congregaci\u00f3n y en la Iglesia de los Sagrados Corazones, confiada a la misma Congregaci\u00f3n, es decir, en la Iglesia de Santa Margarita, aunque ni siquiera s\u00e9 si fue a esta iglesia; lo cierto es que fui a buscarlo al propio convento. <\/em><\/p>\n\n\n\n<p><em>La raz\u00f3n que me llev\u00f3 a tomar esta decisi\u00f3n fue la siguiente: sufr\u00eda una dolencia estomacal que llevaba padeciendo unos tres a\u00f1os, y los m\u00e9dicos opinaban que deb\u00eda operarme. Mi esposo, por sugerencia de una monja, la Madre Francisca Xavier de las Concepcionistas del Divino Coraz\u00f3n (ya fallecida), quien dijo que hab\u00eda un sacerdote de la Congregaci\u00f3n de los Sagrados Corazones en R\u00edo que hac\u00eda milagros, me convenci\u00f3 para que fuera a verlo. Por mi parte, ten\u00eda poco inter\u00e9s en buscar esa cura, e incluso prefer\u00eda irme, ya que hab\u00eda perdido a mis tres hijos y no ve\u00eda ning\u00fan prop\u00f3sito en quedarme aqu\u00ed, ya que mi esposo no me extra\u00f1ar\u00eda con una enfermedad tan grave. A pesar de todo, acept\u00e9 la sugerencia de mi esposo y lo acompa\u00f1\u00e9 al convento donde estaba el Padre Eust\u00e1quio.<\/em> <\/p>\n\n\n\n<p><em>Ni mi esposo ni yo lo conoc\u00edamos. Al llegar a casa, hab\u00eda una multitud, muchos enfermos y necesitados, que buscaban al Padre Eustace. No pude verlo, y mucho menos hablar con \u00e9l. As\u00ed que nos dirigimos a la iglesia de Santa Margarita, es decir, la capilla anexa a la casa religiosa, y nos quedamos all\u00ed rezando. En un momento dado, el Padre F\u00e9lix, hermano de h\u00e1bito del Padre Eustace, vino a hablar con nosotros, dici\u00e9ndonos que el Padre Eustace vendr\u00eda a casa esa misma tarde. El Padre F\u00e9lix era amigo de la familia y sab\u00eda de mi enfermedad. Supongo que por eso convenci\u00f3 al Padre Eustace para que nos visitara. De hecho, el Padre Eustace se present\u00f3 en casa alrededor de las siete de la tarde. <\/em><\/p>\n\n\n\n<p><em>Est\u00e1bamos en casa, mi esposo, yo y tres criadas, pero en menos de una hora mi casa se llen\u00f3 de gente que quer\u00eda hablar con el Padre. El Padre Eust\u00e1quio se qued\u00f3 en casa hasta las 9 p. m., cenando con nosotros, y luego se fue a su convento. Alrededor de las 11 p. m. recib\u00ed una llamada del Padre Gil, Provincial de la Orden, pidi\u00e9ndonos que alberg\u00e1ramos al Padre Eust\u00e1quio en nuestra casa esa noche, porque el Cardenal Leme le hab\u00eda pedido que lo sacara del convento. As\u00ed fue como el Padre Eust\u00e1quio regres\u00f3 a nuestra casa y se qued\u00f3 a pasar la noche. <\/em><\/p>\n\n\n\n<p><em>Al d\u00eda siguiente, a las 5:45 a. m., el sacerdote sali\u00f3 para celebrar misa en el Monasterio de San Benito, acompa\u00f1ado por mi esposo. De all\u00ed regres\u00f3 a nuestra casa y se qued\u00f3 con nosotros ese d\u00eda hasta las 8 p. m.<\/em> <em>Cuando el Dr. Lineu de Paula Machado vino a buscarla para llevarla a su finca, S\u00e3o Jos\u00e9. Durante ese segundo d\u00eda que pas\u00f3 con nosotros, ten\u00eda una orden estricta que prohib\u00eda a cualquiera reunirse con \u00e9l. De hecho, al llegar a casa, dijo que si alguien lo buscaba, le dijera que no lo recibir\u00edan porque ten\u00eda prohibido hacerlo, y que solo pod\u00eda confesar. <\/em><\/p>\n\n\n\n<p><em>Entonces le pregunt\u00e9 si alguna persona muy enferma ven\u00eda a mi casa y si no la recibir\u00eda, a lo que el Padre Eustace respondi\u00f3: \u201cSi pudiera sanar al mundo entero y la santa obediencia me lo impidiera, no lo har\u00eda\u201d. As\u00ed fue que, aunque mucha gente lo buscaba en nuestra casa, no los atend\u00eda; a cada persona que llegaba le dec\u00eda que el Padre Eustace no pod\u00eda atenderla; sin embargo, le informaba los nombres de quienes lo buscaban, pero el Padre simplemente dijo que rezar\u00eda por ellos, pero que no pod\u00eda atenderlos. <\/em><\/p>\n\n\n\n<p><em>El sacerdote solo escuch\u00f3 a una persona en confesi\u00f3n. Las horas que pasaba en nuestra casa las dedicaba a rezar su breviario y a escribir, permaneciendo siempre en su habitaci\u00f3n, donde incluso com\u00eda, y yo le llevaba las suyas. Hab\u00eda pasado la noche all\u00ed, y al d\u00eda siguiente observ\u00e9 que la cama estaba en el mismo estado en que la hab\u00eda dejado, lo que me hizo suponer que no hab\u00eda dormido en ella. Todo esto es lo que ocurri\u00f3 en nuestra casa con el propio padre Eustaquio. <\/em><\/p>\n\n\n\n<p><em>En cuanto a las personas que atendi\u00f3 el d\u00eda anterior, cabe destacar que, como dije antes, nuestra casa se llen\u00f3 en una hora.<\/em> <em>Hab\u00eda mucha gente presente. El padre Eust\u00e1quio, tras visitar la habitaci\u00f3n donde falleci\u00f3 nuestra hija, acompa\u00f1ado de mi esposo, quien debi\u00f3 haberle hablado sobre mi estado de salud, baj\u00f3 de la habitaci\u00f3n y, al encontrarse con la gente que estaba en casa, recibi\u00f3 numerosas peticiones de personas que quer\u00edan hablar con \u00e9l en privado y tocarlo. Dos caballeros las retuvieron para evitar cualquier disturbio. <\/em><\/p>\n\n\n\n<p><em>Entonces el Padre Eustaquio dijo a los presentes: \u201cDar\u00e9 la bendici\u00f3n de nuestra Madre y Santa Iglesia especialmente por los enfermos\u201d. Abriendo su libro de oraci\u00f3n, recit\u00f3 la f\u00f3rmula de la bendici\u00f3n en lat\u00edn y, sacando de su bolsillo un espray con agua bendita, comenz\u00f3 a rociarlo uno a uno sobre las personas que estaban arrodilladas en la habitaci\u00f3n; como yo no estaba arrodillado, me orden\u00f3 arrodillarme, y lo hice, y romp\u00ed a llorar. <\/em><\/p>\n\n\n\n<p><em>Hab\u00eda otras personas en el pasillo, y tambi\u00e9n roci\u00f3 agua bendita a quienes no pod\u00edan arrodillarse. En cuanto a m\u00ed, debo decir que, tras recibir esa bendici\u00f3n, olvid\u00e9 cualquier dolor o molestia, y hasta el d\u00eda de hoy no siento nada m\u00e1s.<\/em>.&quot;\u201d<\/p>\n\n\n\n<p><strong>Alice Vidal de Oliveira (madre de la Venerable Odetinha) \u2013 29\/10\/1963<\/strong><\/p>\n\n\n\n<p><\/p>","protected":false},"excerpt":{"rendered":"<p>Padre Eust\u00e1quio mantinha uma grande devo\u00e7\u00e3o \u00e0 menina Odetinha, que recentemente foi proclamada Vener\u00e1vel pela Santa S\u00e9, e por isso, por alguns anos ele manteve contato com os pais da garotinha, surgindo a partir da\u00ed uma bela amizade. Foi por causa dessa viv\u00eancia que Alice Vidal de Oliveira, m\u00e3e de Odetinha, prestou um depoimento para o Tribunal Eclesi\u00e1stico da Causa de Beatifica\u00e7\u00e3o e Canoniza\u00e7\u00e3o do Padre Eust\u00e1quio. Este depoimento foi colhido no dia 29 de outubro de 1963. Leia o documento, na \u00edntegra, a seguir. Ele foi recuperado pelos pesquisadores que trabalham na cataloga\u00e7\u00e3o do acervo do futuro Museu Padre [&hellip;]<\/p>\n","protected":false},"author":2,"featured_media":8094,"comment_status":"open","ping_status":"closed","sticky":false,"template":"","format":"standard","meta":{"_acf_changed":false,"footnotes":""},"categories":[611],"tags":[],"class_list":["post-8093","post","type-post","status-publish","format-standard","has-post-thumbnail","hentry","category-noticias"],"acf":[],"yoast_head":"<!-- This site is optimized with the Yoast SEO plugin v27.2 - https:\/\/yoast.com\/product\/yoast-seo-wordpress\/ -->\n<title>Depoimento da m\u00e3e de Odetinha para a Causa do Padre Eust\u00e1quio \u00e9 recuperado<\/title>\n<meta name=\"description\" content=\"Padre Eust\u00e1quio mantinha uma grande devo\u00e7\u00e3o \u00e0 menina Odetinha, que recentemente foi proclamada Vener\u00e1vel pela Santa S\u00e9, e por isso, por alguns anos ele manteve contato com os pais da garotinha, surgindo a partir da\u00ed uma bela amizade.\" \/>\n<meta name=\"robots\" content=\"index, follow, max-snippet:-1, max-image-preview:large, max-video-preview:-1\" \/>\n<link rel=\"canonical\" href=\"https:\/\/www.padreeustaquio.com.br\/es\/testimonio-de-la-madre-de-odetinha-por-la-causa-del-padre-eustaquio-y-su-recuperacion\/\" \/>\n<meta property=\"og:locale\" content=\"es_ES\" \/>\n<meta property=\"og:type\" content=\"article\" \/>\n<meta property=\"og:title\" content=\"Depoimento da m\u00e3e de Odetinha para a Causa do Padre Eust\u00e1quio \u00e9 recuperado\" \/>\n<meta property=\"og:description\" content=\"Padre Eust\u00e1quio mantinha uma grande devo\u00e7\u00e3o \u00e0 menina Odetinha, que recentemente foi proclamada Vener\u00e1vel pela Santa S\u00e9, e por isso, por alguns anos ele manteve contato com os pais da garotinha, surgindo a partir da\u00ed uma bela amizade.\" \/>\n<meta property=\"og:url\" content=\"https:\/\/www.padreeustaquio.com.br\/es\/testimonio-de-la-madre-de-odetinha-por-la-causa-del-padre-eustaquio-y-su-recuperacion\/\" \/>\n<meta property=\"og:site_name\" content=\"Padre Eust\u00e1quio\" \/>\n<meta property=\"article:publisher\" content=\"https:\/\/www.facebook.com\/beatopadreeustaquio\/\" \/>\n<meta property=\"article:published_time\" content=\"2022-02-10T08:59:00+00:00\" \/>\n<meta property=\"article:modified_time\" content=\"2022-02-10T16:51:30+00:00\" \/>\n<meta property=\"og:image\" content=\"https:\/\/www.padreeustaquio.com.br\/wp-content\/uploads\/2022\/02\/depoimento-mae-odetinha.jpg\" \/>\n\t<meta property=\"og:image:width\" content=\"748\" \/>\n\t<meta property=\"og:image:height\" content=\"394\" \/>\n\t<meta property=\"og:image:type\" content=\"image\/jpeg\" \/>\n<meta name=\"author\" content=\"@sscc\" \/>\n<meta name=\"twitter:card\" content=\"summary_large_image\" \/>\n<meta name=\"twitter:creator\" content=\"@beatopeustaquio\" \/>\n<meta name=\"twitter:site\" content=\"@beatopeustaquio\" \/>\n<meta name=\"twitter:label1\" content=\"Escrito por\" \/>\n\t<meta name=\"twitter:data1\" content=\"@sscc\" \/>\n\t<meta name=\"twitter:label2\" content=\"Tiempo de lectura\" \/>\n\t<meta name=\"twitter:data2\" content=\"5 minutos\" \/>\n<script type=\"application\/ld+json\" class=\"yoast-schema-graph\">{\"@context\":\"https:\/\/schema.org\",\"@graph\":[{\"@type\":\"Article\",\"@id\":\"https:\/\/www.padreeustaquio.com.br\/depoimento-da-mae-de-odetinha-para-a-causa-do-padre-eustaquio-e-recuperado\/#article\",\"isPartOf\":{\"@id\":\"https:\/\/www.padreeustaquio.com.br\/depoimento-da-mae-de-odetinha-para-a-causa-do-padre-eustaquio-e-recuperado\/\"},\"author\":{\"name\":\"@sscc\",\"@id\":\"https:\/\/www.padreeustaquio.com.br\/#\/schema\/person\/a2a51db1d00f1a7af0204a0f1ddb1566\"},\"headline\":\"Depoimento da m\u00e3e de Odetinha para a Causa do Padre Eust\u00e1quio \u00e9 recuperado\",\"datePublished\":\"2022-02-10T08:59:00+00:00\",\"dateModified\":\"2022-02-10T16:51:30+00:00\",\"mainEntityOfPage\":{\"@id\":\"https:\/\/www.padreeustaquio.com.br\/depoimento-da-mae-de-odetinha-para-a-causa-do-padre-eustaquio-e-recuperado\/\"},\"wordCount\":1177,\"commentCount\":0,\"publisher\":{\"@id\":\"https:\/\/www.padreeustaquio.com.br\/#organization\"},\"image\":{\"@id\":\"https:\/\/www.padreeustaquio.com.br\/depoimento-da-mae-de-odetinha-para-a-causa-do-padre-eustaquio-e-recuperado\/#primaryimage\"},\"thumbnailUrl\":\"https:\/\/www.padreeustaquio.com.br\/wp-content\/uploads\/2022\/02\/depoimento-mae-odetinha.jpg\",\"articleSection\":[\"Not\u00edcias\"],\"inLanguage\":\"es\",\"potentialAction\":[{\"@type\":\"CommentAction\",\"name\":\"Comment\",\"target\":[\"https:\/\/www.padreeustaquio.com.br\/depoimento-da-mae-de-odetinha-para-a-causa-do-padre-eustaquio-e-recuperado\/#respond\"]}]},{\"@type\":\"WebPage\",\"@id\":\"https:\/\/www.padreeustaquio.com.br\/depoimento-da-mae-de-odetinha-para-a-causa-do-padre-eustaquio-e-recuperado\/\",\"url\":\"https:\/\/www.padreeustaquio.com.br\/depoimento-da-mae-de-odetinha-para-a-causa-do-padre-eustaquio-e-recuperado\/\",\"name\":\"Depoimento da m\u00e3e de Odetinha para a Causa do Padre Eust\u00e1quio \u00e9 recuperado\",\"isPartOf\":{\"@id\":\"https:\/\/www.padreeustaquio.com.br\/#website\"},\"primaryImageOfPage\":{\"@id\":\"https:\/\/www.padreeustaquio.com.br\/depoimento-da-mae-de-odetinha-para-a-causa-do-padre-eustaquio-e-recuperado\/#primaryimage\"},\"image\":{\"@id\":\"https:\/\/www.padreeustaquio.com.br\/depoimento-da-mae-de-odetinha-para-a-causa-do-padre-eustaquio-e-recuperado\/#primaryimage\"},\"thumbnailUrl\":\"https:\/\/www.padreeustaquio.com.br\/wp-content\/uploads\/2022\/02\/depoimento-mae-odetinha.jpg\",\"datePublished\":\"2022-02-10T08:59:00+00:00\",\"dateModified\":\"2022-02-10T16:51:30+00:00\",\"description\":\"Padre Eust\u00e1quio mantinha uma grande devo\u00e7\u00e3o \u00e0 menina Odetinha, que recentemente foi proclamada Vener\u00e1vel pela Santa S\u00e9, e por isso, por alguns anos ele manteve contato com os pais da garotinha, surgindo a partir da\u00ed uma bela amizade.\",\"breadcrumb\":{\"@id\":\"https:\/\/www.padreeustaquio.com.br\/depoimento-da-mae-de-odetinha-para-a-causa-do-padre-eustaquio-e-recuperado\/#breadcrumb\"},\"inLanguage\":\"es\",\"potentialAction\":[{\"@type\":\"ReadAction\",\"target\":[\"https:\/\/www.padreeustaquio.com.br\/depoimento-da-mae-de-odetinha-para-a-causa-do-padre-eustaquio-e-recuperado\/\"]}]},{\"@type\":\"ImageObject\",\"inLanguage\":\"es\",\"@id\":\"https:\/\/www.padreeustaquio.com.br\/depoimento-da-mae-de-odetinha-para-a-causa-do-padre-eustaquio-e-recuperado\/#primaryimage\",\"url\":\"https:\/\/www.padreeustaquio.com.br\/wp-content\/uploads\/2022\/02\/depoimento-mae-odetinha.jpg\",\"contentUrl\":\"https:\/\/www.padreeustaquio.com.br\/wp-content\/uploads\/2022\/02\/depoimento-mae-odetinha.jpg\",\"width\":748,\"height\":394,\"caption\":\"Odette Vidal Cardoso (Vener\u00e1vel Odetinha) e sua m\u00e3e, Alice Vidal de Oliveira.\"},{\"@type\":\"BreadcrumbList\",\"@id\":\"https:\/\/www.padreeustaquio.com.br\/depoimento-da-mae-de-odetinha-para-a-causa-do-padre-eustaquio-e-recuperado\/#breadcrumb\",\"itemListElement\":[{\"@type\":\"ListItem\",\"position\":1,\"name\":\"In\u00edcio\",\"item\":\"https:\/\/www.padreeustaquio.com.br\/\"},{\"@type\":\"ListItem\",\"position\":2,\"name\":\"Depoimento da m\u00e3e de Odetinha para a Causa do Padre Eust\u00e1quio \u00e9 recuperado\"}]},{\"@type\":\"WebSite\",\"@id\":\"https:\/\/www.padreeustaquio.com.br\/#website\",\"url\":\"https:\/\/www.padreeustaquio.com.br\/\",\"name\":\"Padre Eust\u00e1quio\",\"description\":\"Sa\u00fade e Paz\",\"publisher\":{\"@id\":\"https:\/\/www.padreeustaquio.com.br\/#organization\"},\"potentialAction\":[{\"@type\":\"SearchAction\",\"target\":{\"@type\":\"EntryPoint\",\"urlTemplate\":\"https:\/\/www.padreeustaquio.com.br\/?s={search_term_string}\"},\"query-input\":{\"@type\":\"PropertyValueSpecification\",\"valueRequired\":true,\"valueName\":\"search_term_string\"}}],\"inLanguage\":\"es\"},{\"@type\":\"Organization\",\"@id\":\"https:\/\/www.padreeustaquio.com.br\/#organization\",\"name\":\"Padre Eust\u00e1quio\",\"url\":\"https:\/\/www.padreeustaquio.com.br\/\",\"logo\":{\"@type\":\"ImageObject\",\"inLanguage\":\"es\",\"@id\":\"https:\/\/www.padreeustaquio.com.br\/#\/schema\/logo\/image\/\",\"url\":\"https:\/\/www.padreeustaquio.com.br\/wp-content\/uploads\/2019\/08\/marca.png\",\"contentUrl\":\"https:\/\/www.padreeustaquio.com.br\/wp-content\/uploads\/2019\/08\/marca.png\",\"width\":350,\"height\":400,\"caption\":\"Padre Eust\u00e1quio\"},\"image\":{\"@id\":\"https:\/\/www.padreeustaquio.com.br\/#\/schema\/logo\/image\/\"},\"sameAs\":[\"https:\/\/www.facebook.com\/beatopadreeustaquio\/\",\"https:\/\/x.com\/beatopeustaquio\",\"https:\/\/www.instagram.com\/beatopadreeustaquio\/\",\"https:\/\/www.youtube.com\/channel\/UCRhw7vfabnajwLxb1ZXMeIw\"]},{\"@type\":\"Person\",\"@id\":\"https:\/\/www.padreeustaquio.com.br\/#\/schema\/person\/a2a51db1d00f1a7af0204a0f1ddb1566\",\"name\":\"@sscc\",\"image\":{\"@type\":\"ImageObject\",\"inLanguage\":\"es\",\"@id\":\"https:\/\/secure.gravatar.com\/avatar\/68cfafa5f44617fea54071e215026e0ff06be366c3d54a8425f04fdcb86f8c5f?s=96&d=mm&r=g\",\"url\":\"https:\/\/secure.gravatar.com\/avatar\/68cfafa5f44617fea54071e215026e0ff06be366c3d54a8425f04fdcb86f8c5f?s=96&d=mm&r=g\",\"contentUrl\":\"https:\/\/secure.gravatar.com\/avatar\/68cfafa5f44617fea54071e215026e0ff06be366c3d54a8425f04fdcb86f8c5f?s=96&d=mm&r=g\",\"caption\":\"@sscc\"},\"url\":\"https:\/\/www.padreeustaquio.com.br\/es\/author\/sscc\/\"}]}<\/script>\n<!-- \/ Yoast SEO plugin. -->","yoast_head_json":{"title":"Recuperan testimonio de la madre de Odetinha para la Causa del Padre Eust\u00e1quio.","description":"El padre Eust\u00e1quio ten\u00eda una gran devoci\u00f3n por la ni\u00f1a Odetinha, recientemente proclamada Venerable por la Santa Sede, y por eso, durante algunos a\u00f1os mantuvo contacto con los padres de la ni\u00f1a, de donde surgi\u00f3 una hermosa amistad.","robots":{"index":"index","follow":"follow","max-snippet":"max-snippet:-1","max-image-preview":"max-image-preview:large","max-video-preview":"max-video-preview:-1"},"canonical":"https:\/\/www.padreeustaquio.com.br\/es\/testimonio-de-la-madre-de-odetinha-por-la-causa-del-padre-eustaquio-y-su-recuperacion\/","og_locale":"es_ES","og_type":"article","og_title":"Depoimento da m\u00e3e de Odetinha para a Causa do Padre Eust\u00e1quio \u00e9 recuperado","og_description":"Padre Eust\u00e1quio mantinha uma grande devo\u00e7\u00e3o \u00e0 menina Odetinha, que recentemente foi proclamada Vener\u00e1vel pela Santa S\u00e9, e por isso, por alguns anos ele manteve contato com os pais da garotinha, surgindo a partir da\u00ed uma bela amizade.","og_url":"https:\/\/www.padreeustaquio.com.br\/es\/testimonio-de-la-madre-de-odetinha-por-la-causa-del-padre-eustaquio-y-su-recuperacion\/","og_site_name":"Padre Eust\u00e1quio","article_publisher":"https:\/\/www.facebook.com\/beatopadreeustaquio\/","article_published_time":"2022-02-10T08:59:00+00:00","article_modified_time":"2022-02-10T16:51:30+00:00","og_image":[{"width":748,"height":394,"url":"https:\/\/www.padreeustaquio.com.br\/wp-content\/uploads\/2022\/02\/depoimento-mae-odetinha.jpg","type":"image\/jpeg"}],"author":"@sscc","twitter_card":"summary_large_image","twitter_creator":"@beatopeustaquio","twitter_site":"@beatopeustaquio","twitter_misc":{"Escrito por":"@sscc","Tiempo de lectura":"5 minutos"},"schema":{"@context":"https:\/\/schema.org","@graph":[{"@type":"Article","@id":"https:\/\/www.padreeustaquio.com.br\/depoimento-da-mae-de-odetinha-para-a-causa-do-padre-eustaquio-e-recuperado\/#article","isPartOf":{"@id":"https:\/\/www.padreeustaquio.com.br\/depoimento-da-mae-de-odetinha-para-a-causa-do-padre-eustaquio-e-recuperado\/"},"author":{"name":"@sscc","@id":"https:\/\/www.padreeustaquio.com.br\/#\/schema\/person\/a2a51db1d00f1a7af0204a0f1ddb1566"},"headline":"Depoimento da m\u00e3e de Odetinha para a Causa do Padre Eust\u00e1quio \u00e9 recuperado","datePublished":"2022-02-10T08:59:00+00:00","dateModified":"2022-02-10T16:51:30+00:00","mainEntityOfPage":{"@id":"https:\/\/www.padreeustaquio.com.br\/depoimento-da-mae-de-odetinha-para-a-causa-do-padre-eustaquio-e-recuperado\/"},"wordCount":1177,"commentCount":0,"publisher":{"@id":"https:\/\/www.padreeustaquio.com.br\/#organization"},"image":{"@id":"https:\/\/www.padreeustaquio.com.br\/depoimento-da-mae-de-odetinha-para-a-causa-do-padre-eustaquio-e-recuperado\/#primaryimage"},"thumbnailUrl":"https:\/\/www.padreeustaquio.com.br\/wp-content\/uploads\/2022\/02\/depoimento-mae-odetinha.jpg","articleSection":["Not\u00edcias"],"inLanguage":"es","potentialAction":[{"@type":"CommentAction","name":"Comment","target":["https:\/\/www.padreeustaquio.com.br\/depoimento-da-mae-de-odetinha-para-a-causa-do-padre-eustaquio-e-recuperado\/#respond"]}]},{"@type":"WebPage","@id":"https:\/\/www.padreeustaquio.com.br\/depoimento-da-mae-de-odetinha-para-a-causa-do-padre-eustaquio-e-recuperado\/","url":"https:\/\/www.padreeustaquio.com.br\/depoimento-da-mae-de-odetinha-para-a-causa-do-padre-eustaquio-e-recuperado\/","name":"Recuperan testimonio de la madre de Odetinha para la Causa del Padre Eust\u00e1quio.","isPartOf":{"@id":"https:\/\/www.padreeustaquio.com.br\/#website"},"primaryImageOfPage":{"@id":"https:\/\/www.padreeustaquio.com.br\/depoimento-da-mae-de-odetinha-para-a-causa-do-padre-eustaquio-e-recuperado\/#primaryimage"},"image":{"@id":"https:\/\/www.padreeustaquio.com.br\/depoimento-da-mae-de-odetinha-para-a-causa-do-padre-eustaquio-e-recuperado\/#primaryimage"},"thumbnailUrl":"https:\/\/www.padreeustaquio.com.br\/wp-content\/uploads\/2022\/02\/depoimento-mae-odetinha.jpg","datePublished":"2022-02-10T08:59:00+00:00","dateModified":"2022-02-10T16:51:30+00:00","description":"El padre Eust\u00e1quio ten\u00eda una gran devoci\u00f3n por la ni\u00f1a Odetinha, recientemente proclamada Venerable por la Santa Sede, y por eso, durante algunos a\u00f1os mantuvo contacto con los padres de la ni\u00f1a, de donde surgi\u00f3 una hermosa amistad.","breadcrumb":{"@id":"https:\/\/www.padreeustaquio.com.br\/depoimento-da-mae-de-odetinha-para-a-causa-do-padre-eustaquio-e-recuperado\/#breadcrumb"},"inLanguage":"es","potentialAction":[{"@type":"ReadAction","target":["https:\/\/www.padreeustaquio.com.br\/depoimento-da-mae-de-odetinha-para-a-causa-do-padre-eustaquio-e-recuperado\/"]}]},{"@type":"ImageObject","inLanguage":"es","@id":"https:\/\/www.padreeustaquio.com.br\/depoimento-da-mae-de-odetinha-para-a-causa-do-padre-eustaquio-e-recuperado\/#primaryimage","url":"https:\/\/www.padreeustaquio.com.br\/wp-content\/uploads\/2022\/02\/depoimento-mae-odetinha.jpg","contentUrl":"https:\/\/www.padreeustaquio.com.br\/wp-content\/uploads\/2022\/02\/depoimento-mae-odetinha.jpg","width":748,"height":394,"caption":"Odette Vidal Cardoso (Vener\u00e1vel Odetinha) e sua m\u00e3e, Alice Vidal de Oliveira."},{"@type":"BreadcrumbList","@id":"https:\/\/www.padreeustaquio.com.br\/depoimento-da-mae-de-odetinha-para-a-causa-do-padre-eustaquio-e-recuperado\/#breadcrumb","itemListElement":[{"@type":"ListItem","position":1,"name":"In\u00edcio","item":"https:\/\/www.padreeustaquio.com.br\/"},{"@type":"ListItem","position":2,"name":"Depoimento da m\u00e3e de Odetinha para a Causa do Padre Eust\u00e1quio \u00e9 recuperado"}]},{"@type":"WebSite","@id":"https:\/\/www.padreeustaquio.com.br\/#website","url":"https:\/\/www.padreeustaquio.com.br\/","name":"Padre Eustace","description":"Salud y Paz","publisher":{"@id":"https:\/\/www.padreeustaquio.com.br\/#organization"},"potentialAction":[{"@type":"SearchAction","target":{"@type":"EntryPoint","urlTemplate":"https:\/\/www.padreeustaquio.com.br\/?s={search_term_string}"},"query-input":{"@type":"PropertyValueSpecification","valueRequired":true,"valueName":"search_term_string"}}],"inLanguage":"es"},{"@type":"Organization","@id":"https:\/\/www.padreeustaquio.com.br\/#organization","name":"Padre Eustace","url":"https:\/\/www.padreeustaquio.com.br\/","logo":{"@type":"ImageObject","inLanguage":"es","@id":"https:\/\/www.padreeustaquio.com.br\/#\/schema\/logo\/image\/","url":"https:\/\/www.padreeustaquio.com.br\/wp-content\/uploads\/2019\/08\/marca.png","contentUrl":"https:\/\/www.padreeustaquio.com.br\/wp-content\/uploads\/2019\/08\/marca.png","width":350,"height":400,"caption":"Padre Eust\u00e1quio"},"image":{"@id":"https:\/\/www.padreeustaquio.com.br\/#\/schema\/logo\/image\/"},"sameAs":["https:\/\/www.facebook.com\/beatopadreeustaquio\/","https:\/\/x.com\/beatopeustaquio","https:\/\/www.instagram.com\/beatopadreeustaquio\/","https:\/\/www.youtube.com\/channel\/UCRhw7vfabnajwLxb1ZXMeIw"]},{"@type":"Person","@id":"https:\/\/www.padreeustaquio.com.br\/#\/schema\/person\/a2a51db1d00f1a7af0204a0f1ddb1566","name":"@sscc","image":{"@type":"ImageObject","inLanguage":"es","@id":"https:\/\/secure.gravatar.com\/avatar\/68cfafa5f44617fea54071e215026e0ff06be366c3d54a8425f04fdcb86f8c5f?s=96&d=mm&r=g","url":"https:\/\/secure.gravatar.com\/avatar\/68cfafa5f44617fea54071e215026e0ff06be366c3d54a8425f04fdcb86f8c5f?s=96&d=mm&r=g","contentUrl":"https:\/\/secure.gravatar.com\/avatar\/68cfafa5f44617fea54071e215026e0ff06be366c3d54a8425f04fdcb86f8c5f?s=96&d=mm&r=g","caption":"@sscc"},"url":"https:\/\/www.padreeustaquio.com.br\/es\/author\/sscc\/"}]}},"_links":{"self":[{"href":"https:\/\/www.padreeustaquio.com.br\/es\/wp-json\/wp\/v2\/posts\/8093","targetHints":{"allow":["GET"]}}],"collection":[{"href":"https:\/\/www.padreeustaquio.com.br\/es\/wp-json\/wp\/v2\/posts"}],"about":[{"href":"https:\/\/www.padreeustaquio.com.br\/es\/wp-json\/wp\/v2\/types\/post"}],"author":[{"embeddable":true,"href":"https:\/\/www.padreeustaquio.com.br\/es\/wp-json\/wp\/v2\/users\/2"}],"replies":[{"embeddable":true,"href":"https:\/\/www.padreeustaquio.com.br\/es\/wp-json\/wp\/v2\/comments?post=8093"}],"version-history":[{"count":0,"href":"https:\/\/www.padreeustaquio.com.br\/es\/wp-json\/wp\/v2\/posts\/8093\/revisions"}],"wp:featuredmedia":[{"embeddable":true,"href":"https:\/\/www.padreeustaquio.com.br\/es\/wp-json\/wp\/v2\/media\/8094"}],"wp:attachment":[{"href":"https:\/\/www.padreeustaquio.com.br\/es\/wp-json\/wp\/v2\/media?parent=8093"}],"wp:term":[{"taxonomy":"category","embeddable":true,"href":"https:\/\/www.padreeustaquio.com.br\/es\/wp-json\/wp\/v2\/categories?post=8093"},{"taxonomy":"post_tag","embeddable":true,"href":"https:\/\/www.padreeustaquio.com.br\/es\/wp-json\/wp\/v2\/tags?post=8093"}],"curies":[{"name":"wp","href":"https:\/\/api.w.org\/{rel}","templated":true}]}}