{"id":8076,"date":"2022-02-07T09:33:08","date_gmt":"2022-02-07T12:33:08","guid":{"rendered":"https:\/\/www.padreeustaquio.com.br\/?p=8076"},"modified":"2022-02-07T09:33:20","modified_gmt":"2022-02-07T12:33:20","slug":"muere-en-rio-de-janeiro-el-padre-lorenzo-arbeloa-de-los-sagrados-corazones","status":"publish","type":"post","link":"https:\/\/www.padreeustaquio.com.br\/es\/muere-en-rio-de-janeiro-el-padre-lorenzo-arbeloa-de-los-sagrados-corazones\/","title":{"rendered":"Muere en R\u00edo de Janeiro el padre Lorenzo Arbeloa, de los Sagrados Corazones."},"content":{"rendered":"<p>El padre Lorenzo ten\u00eda 85 a\u00f1os y padec\u00eda problemas card\u00edacos. Inesperadamente, a finales del a\u00f1o pasado, se someti\u00f3 a una cirug\u00eda de implante de marcapasos en Belo Horizonte, Minas Gerais, pero no se recuper\u00f3. Al regresar a R\u00edo de Janeiro, fue hospitalizado de nuevo, donde permaneci\u00f3 dos meses m\u00e1s. El cuerpo del sacerdote yace en vela en R\u00edo de Janeiro, y a las 14:00 de este lunes se celebrar\u00e1 una misa funeral, transmitida por el Canal Padre Eust\u00e1quio. <a href=\"https:\/\/www.youtube.com\/watch?v=Wn4t9BCIVX4\" target=\"_blank\" rel=\"noreferrer noopener\">(Seguir leyendo aqu\u00ed).<\/a><\/p>\n\n\n\n<p>Lorenzo Arbeloa Arbeloa era hijo de Jon\u00e1s Arbeloa Rada y Pascuala Arbeloa Ibero. Naci\u00f3 el 2 de mayo de 1936 en Aibar, Navarra, Espa\u00f1a. Profes\u00f3 sus votos religiosos como miembro de la Congregaci\u00f3n de los Sagrados Corazones el 8 de septiembre de 1955 en San Miguel del Monte, Burgos, tambi\u00e9n en Espa\u00f1a, y fue ordenado sacerdote en Madrid, capital de Espa\u00f1a, el 18 de marzo de 1961, d\u00eda de San Jos\u00e9. Como misionero, fue enviado a Brasil, llegando a R\u00edo de Janeiro el 30 de marzo de 1962, donde falleci\u00f3 60 a\u00f1os despu\u00e9s. <\/p>\n\n\n\n<p>En Brasil, el Padre Lorenzo trabaj\u00f3 en numerosas parroquias y en la formaci\u00f3n inicial en R\u00edo de Janeiro (en las comunidades de Tijuca y Campo Grande); en S\u00e3o Jos\u00e9 dos Pinhais y Curitiba, en Paran\u00e1, as\u00ed como en Belo Horizonte, Minas Gerais. En la capital de Minas Gerais, fue responsable, entre otras cosas, de la construcci\u00f3n de la actual sede de la Guarder\u00eda Infantil Padre Eust\u00e1quio. En la Congregaci\u00f3n, ocup\u00f3 con frecuencia cargos gubernamentales como Consejero, Vicario, Viceprovincial y Provincial. Sus \u00faltimos d\u00edas de lucidez, como toda su vida, fueron un hermoso testimonio de gratitud y alegr\u00eda, confianza y fidelidad. Conociendo los procedimientos que se avecinaban, confi\u00f3 su \u00faltimo adi\u00f3s al Hermano Vanildo Lima Sena, ss.cc., escrito el 3 de enero, pero que se publicar\u00eda solo despu\u00e9s de su fallecimiento. Vea el texto completo a continuaci\u00f3n:<\/p>\n\n\n\n<p><strong>Lorenzo a su<\/strong><\/p>\n\n\n\n<p>Durante estos casi cuarenta d\u00edas en la UCI, una aut\u00e9ntica Cuaresma, sucedieron muchas cosas en mi interior. Estuve a solas conmigo mismo y con Dios. Aqu\u00ed parece que el tiempo se desvanece, no se puede distinguir si es de d\u00eda o de noche. En este retiro pude meditar sobre muchas cosas; mi mente se mov\u00eda entre recuerdos y meditaciones. Recuerdos de mis or\u00edgenes en el peque\u00f1o pueblo de Ayvar, entre mi familia y amigos. Recuerdos del comienzo de mi camino como joven religioso entre mis compa\u00f1eros y, posteriormente, de mi misi\u00f3n en Brasil como joven sacerdote.<\/p>\n\n\n\n<p>Tambi\u00e9n pude meditar, recordando los hermosos pasajes de los Evangelios, y en ellos lo maravilloso que es Jes\u00fas, c\u00f3mo revela la imagen de un Padre que es puro amor y misericordia. Record\u00e9, medit\u00e9 y or\u00e9. Pude repasar mi vida, mis errores y mis aciertos, como cualquier otro hombre, pero c\u00f3mo el Se\u00f1or me sostuvo en el camino. Desde su lecho, Lorenzo habl\u00f3 con su Se\u00f1or, repas\u00f3 su vida y en confesi\u00f3n pidi\u00f3 perd\u00f3n por sus pecados.<\/p>\n\n\n\n<p>Al consagrar mi vida como hijo de los Sagrados Corazones, supe que ya no me pertenec\u00eda a m\u00ed mismo; mi vida estar\u00eda dedicada a buscar la voluntad de Dios. Cuando me enviaron a Brasil en misi\u00f3n, sab\u00eda que quiz\u00e1 no regresar\u00eda a Espa\u00f1a, porque a partir de entonces mi hogar ser\u00eda la misi\u00f3n, dondequiera que estuviera. Nunca olvid\u00e9 mi tierra natal, pero dondequiera que iba me sent\u00eda como en casa; siempre fui bien recibido por mis hermanos de la congregaci\u00f3n y mis amigos.<\/p>\n\n\n\n<p>Finalmente, siento que despu\u00e9s de tantos d\u00edas de lucha y procedimientos m\u00e9dicos, mis fuerzas se est\u00e1n agotando. Nunca imagin\u00e9 que mi salud se acabar\u00eda tan repentinamente, pero acepto este destino con paz. Agradezco a Dios por colmarme con el don de su paz. Es una gran gracia vivir bien y aceptar el resultado de este viaje terrenal. Siempre he tenido muy claro que la vida se trata de servir a los dem\u00e1s, porque al servirles bien, se sirve a Dios mismo.<\/p>\n\n\n\n<p>Un poco m\u00e1s, un poco menos, la muerte se acerca, y con ella el gran encuentro con mi Se\u00f1or. Como Mar\u00eda, puedo cantar: &quot;\u00a1Grandes cosas ha hecho el Se\u00f1or en m\u00ed!&quot;. \u00a1Por todo alabo a Dios! 60 a\u00f1os de misi\u00f3n en Brasil y aqu\u00ed descansar\u00e9 en la paz del Se\u00f1or. Mi agradecimiento a todos, a mis hermanos y familia en Ayvar, Espa\u00f1a: Angelita y Felis; Jes\u00fas y Nieves; Teo y Joaqu\u00edn; Mar\u00eda Jes\u00fas y Jaime; Carlos y Mar\u00eda de Jes\u00fas; Mari y Lourdes.<\/p>\n\n\n\n<p>Tambi\u00e9n a mis hermanos y hermanas de la Congregaci\u00f3n, de Espa\u00f1a y Brasil. Juntos luchamos por el Reino como Hijos de los Sagrados Corazones, siempre en comuni\u00f3n fraterna. Con ustedes pude caminar, impulsado y conmovido por la fuerza de Dios. Que el Se\u00f1or los siga bendiciendo en la misi\u00f3n SS.CC, que entiendo como una misi\u00f3n de vida, amor misericordioso, unidos en la caridad. Y, finalmente, a las comunidades cristianas donde fui uno con ustedes, caminando en la fe y la esperanza: Tijuca, RJ; Belo Horizonte, MG; Campo Grande, RJ; S\u00e3o Jos\u00e9 dos Pinhais, PR.<\/p>\n\n\n\n<p>A todos, mi m\u00e1s profunda gratitud. Me voy en paz, con un coraz\u00f3n alegre y agradecido. \u00a1S\u00e9 en qui\u00e9n cre\u00ed! \u00a1A los Sagrados Corazones de Jes\u00fas y Mar\u00eda, todo honor y toda gloria!<\/p>\n\n\n\n<p><strong><em>Padre Lorenzo Arbeloa Arbeloa, SS.CC.<\/em><\/strong><\/p>","protected":false},"excerpt":{"rendered":"<p>Padre Lorenzo tinha 85 anos e lutava contra problemas card\u00edacos. De forma inesperada, no final do ano passado, ele foi submetido a uma cirurgia de implanta\u00e7\u00e3o de marca-passo em Belo Horizonte-MG, mas n\u00e3o se recuperou mais. Retornando ao Rio de Janeiro foi logo novamente hospitalizado onde permaneceu por mais dois meses. O corpo do sacerdote est\u00e1 sendo velado no Rio de Janeiro e \u00e0s 14h desta segunda-feira, haver\u00e1 a missa de corpo presente, transmitida pelo Canal Padre Eust\u00e1quio (acompanhe aqui). Lorenzo Arbeloa Arbeloa, \u00e9 filho de Jonas Arbeloa Rada e Pascuala Arbeloa Ibero. Ele nasceu no dia 02 de maio [&hellip;]<\/p>\n","protected":false},"author":2,"featured_media":8077,"comment_status":"open","ping_status":"closed","sticky":false,"template":"","format":"standard","meta":{"_acf_changed":false,"footnotes":""},"categories":[611],"tags":[],"class_list":["post-8076","post","type-post","status-publish","format-standard","has-post-thumbnail","hentry","category-noticias"],"acf":[],"yoast_head":"<!-- This site is optimized with the Yoast SEO plugin v27.2 - https:\/\/yoast.com\/product\/yoast-seo-wordpress\/ -->\n<title>Morre, no Rio de Janeiro, Padre Lorenzo Arbeloa, dos Sagrados Cora\u00e7\u00f5es<\/title>\n<meta name=\"description\" content=\"Padre Lorenzo tinha 85 anos e lutava contra problemas card\u00edacos. De forma inesperada, no final do ano passado, ele foi submetido a uma cirurgia de implanta\u00e7\u00e3o de marca-passo em Belo Horizonte-MG, mas n\u00e3o se recuperou mais. Retornando ao Rio de Janeiro foi logo novamente hospitalizado onde permaneceu por mais dois meses.\" \/>\n<meta name=\"robots\" content=\"index, follow, max-snippet:-1, max-image-preview:large, max-video-preview:-1\" \/>\n<link rel=\"canonical\" href=\"https:\/\/www.padreeustaquio.com.br\/es\/muere-en-rio-de-janeiro-el-padre-lorenzo-arbeloa-de-los-sagrados-corazones\/\" \/>\n<meta property=\"og:locale\" content=\"es_ES\" \/>\n<meta property=\"og:type\" content=\"article\" \/>\n<meta property=\"og:title\" content=\"Morre, no Rio de Janeiro, Padre Lorenzo Arbeloa, dos Sagrados Cora\u00e7\u00f5es\" \/>\n<meta property=\"og:description\" content=\"Padre Lorenzo tinha 85 anos e lutava contra problemas card\u00edacos. De forma inesperada, no final do ano passado, ele foi submetido a uma cirurgia de implanta\u00e7\u00e3o de marca-passo em Belo Horizonte-MG, mas n\u00e3o se recuperou mais. Retornando ao Rio de Janeiro foi logo novamente hospitalizado onde permaneceu por mais dois meses.\" \/>\n<meta property=\"og:url\" content=\"https:\/\/www.padreeustaquio.com.br\/es\/muere-en-rio-de-janeiro-el-padre-lorenzo-arbeloa-de-los-sagrados-corazones\/\" \/>\n<meta property=\"og:site_name\" content=\"Padre Eust\u00e1quio\" \/>\n<meta property=\"article:publisher\" content=\"https:\/\/www.facebook.com\/beatopadreeustaquio\/\" \/>\n<meta property=\"article:published_time\" content=\"2022-02-07T12:33:08+00:00\" \/>\n<meta property=\"article:modified_time\" content=\"2022-02-07T12:33:20+00:00\" \/>\n<meta property=\"og:image\" content=\"https:\/\/www.padreeustaquio.com.br\/wp-content\/uploads\/2022\/02\/morre-lorenzo-arbeloa.jpg\" \/>\n\t<meta property=\"og:image:width\" content=\"748\" \/>\n\t<meta property=\"og:image:height\" content=\"394\" \/>\n\t<meta property=\"og:image:type\" content=\"image\/jpeg\" \/>\n<meta name=\"author\" content=\"@sscc\" \/>\n<meta name=\"twitter:card\" content=\"summary_large_image\" \/>\n<meta name=\"twitter:creator\" content=\"@beatopeustaquio\" \/>\n<meta name=\"twitter:site\" content=\"@beatopeustaquio\" \/>\n<meta name=\"twitter:label1\" content=\"Escrito por\" \/>\n\t<meta name=\"twitter:data1\" content=\"@sscc\" \/>\n\t<meta name=\"twitter:label2\" content=\"Tiempo de lectura\" \/>\n\t<meta name=\"twitter:data2\" content=\"4 minutos\" \/>\n<script type=\"application\/ld+json\" class=\"yoast-schema-graph\">{\"@context\":\"https:\/\/schema.org\",\"@graph\":[{\"@type\":\"Article\",\"@id\":\"https:\/\/www.padreeustaquio.com.br\/morre-no-rio-de-janeiro-padre-lorenzo-arbeloa-dos-sagrados-coracoes\/#article\",\"isPartOf\":{\"@id\":\"https:\/\/www.padreeustaquio.com.br\/morre-no-rio-de-janeiro-padre-lorenzo-arbeloa-dos-sagrados-coracoes\/\"},\"author\":{\"name\":\"@sscc\",\"@id\":\"https:\/\/www.padreeustaquio.com.br\/#\/schema\/person\/a2a51db1d00f1a7af0204a0f1ddb1566\"},\"headline\":\"Morre, no Rio de Janeiro, Padre Lorenzo Arbeloa, dos Sagrados Cora\u00e7\u00f5es\",\"datePublished\":\"2022-02-07T12:33:08+00:00\",\"dateModified\":\"2022-02-07T12:33:20+00:00\",\"mainEntityOfPage\":{\"@id\":\"https:\/\/www.padreeustaquio.com.br\/morre-no-rio-de-janeiro-padre-lorenzo-arbeloa-dos-sagrados-coracoes\/\"},\"wordCount\":913,\"commentCount\":0,\"publisher\":{\"@id\":\"https:\/\/www.padreeustaquio.com.br\/#organization\"},\"image\":{\"@id\":\"https:\/\/www.padreeustaquio.com.br\/morre-no-rio-de-janeiro-padre-lorenzo-arbeloa-dos-sagrados-coracoes\/#primaryimage\"},\"thumbnailUrl\":\"https:\/\/www.padreeustaquio.com.br\/wp-content\/uploads\/2022\/02\/morre-lorenzo-arbeloa.jpg\",\"articleSection\":[\"Not\u00edcias\"],\"inLanguage\":\"es\",\"potentialAction\":[{\"@type\":\"CommentAction\",\"name\":\"Comment\",\"target\":[\"https:\/\/www.padreeustaquio.com.br\/morre-no-rio-de-janeiro-padre-lorenzo-arbeloa-dos-sagrados-coracoes\/#respond\"]}]},{\"@type\":\"WebPage\",\"@id\":\"https:\/\/www.padreeustaquio.com.br\/morre-no-rio-de-janeiro-padre-lorenzo-arbeloa-dos-sagrados-coracoes\/\",\"url\":\"https:\/\/www.padreeustaquio.com.br\/morre-no-rio-de-janeiro-padre-lorenzo-arbeloa-dos-sagrados-coracoes\/\",\"name\":\"Morre, no Rio de Janeiro, Padre Lorenzo Arbeloa, dos Sagrados Cora\u00e7\u00f5es\",\"isPartOf\":{\"@id\":\"https:\/\/www.padreeustaquio.com.br\/#website\"},\"primaryImageOfPage\":{\"@id\":\"https:\/\/www.padreeustaquio.com.br\/morre-no-rio-de-janeiro-padre-lorenzo-arbeloa-dos-sagrados-coracoes\/#primaryimage\"},\"image\":{\"@id\":\"https:\/\/www.padreeustaquio.com.br\/morre-no-rio-de-janeiro-padre-lorenzo-arbeloa-dos-sagrados-coracoes\/#primaryimage\"},\"thumbnailUrl\":\"https:\/\/www.padreeustaquio.com.br\/wp-content\/uploads\/2022\/02\/morre-lorenzo-arbeloa.jpg\",\"datePublished\":\"2022-02-07T12:33:08+00:00\",\"dateModified\":\"2022-02-07T12:33:20+00:00\",\"description\":\"Padre Lorenzo tinha 85 anos e lutava contra problemas card\u00edacos. De forma inesperada, no final do ano passado, ele foi submetido a uma cirurgia de implanta\u00e7\u00e3o de marca-passo em Belo Horizonte-MG, mas n\u00e3o se recuperou mais. Retornando ao Rio de Janeiro foi logo novamente hospitalizado onde permaneceu por mais dois meses.\",\"breadcrumb\":{\"@id\":\"https:\/\/www.padreeustaquio.com.br\/morre-no-rio-de-janeiro-padre-lorenzo-arbeloa-dos-sagrados-coracoes\/#breadcrumb\"},\"inLanguage\":\"es\",\"potentialAction\":[{\"@type\":\"ReadAction\",\"target\":[\"https:\/\/www.padreeustaquio.com.br\/morre-no-rio-de-janeiro-padre-lorenzo-arbeloa-dos-sagrados-coracoes\/\"]}]},{\"@type\":\"ImageObject\",\"inLanguage\":\"es\",\"@id\":\"https:\/\/www.padreeustaquio.com.br\/morre-no-rio-de-janeiro-padre-lorenzo-arbeloa-dos-sagrados-coracoes\/#primaryimage\",\"url\":\"https:\/\/www.padreeustaquio.com.br\/wp-content\/uploads\/2022\/02\/morre-lorenzo-arbeloa.jpg\",\"contentUrl\":\"https:\/\/www.padreeustaquio.com.br\/wp-content\/uploads\/2022\/02\/morre-lorenzo-arbeloa.jpg\",\"width\":748,\"height\":394},{\"@type\":\"BreadcrumbList\",\"@id\":\"https:\/\/www.padreeustaquio.com.br\/morre-no-rio-de-janeiro-padre-lorenzo-arbeloa-dos-sagrados-coracoes\/#breadcrumb\",\"itemListElement\":[{\"@type\":\"ListItem\",\"position\":1,\"name\":\"In\u00edcio\",\"item\":\"https:\/\/www.padreeustaquio.com.br\/\"},{\"@type\":\"ListItem\",\"position\":2,\"name\":\"Morre, no Rio de Janeiro, Padre Lorenzo Arbeloa, dos Sagrados Cora\u00e7\u00f5es\"}]},{\"@type\":\"WebSite\",\"@id\":\"https:\/\/www.padreeustaquio.com.br\/#website\",\"url\":\"https:\/\/www.padreeustaquio.com.br\/\",\"name\":\"Padre Eust\u00e1quio\",\"description\":\"Sa\u00fade e Paz\",\"publisher\":{\"@id\":\"https:\/\/www.padreeustaquio.com.br\/#organization\"},\"potentialAction\":[{\"@type\":\"SearchAction\",\"target\":{\"@type\":\"EntryPoint\",\"urlTemplate\":\"https:\/\/www.padreeustaquio.com.br\/?s={search_term_string}\"},\"query-input\":{\"@type\":\"PropertyValueSpecification\",\"valueRequired\":true,\"valueName\":\"search_term_string\"}}],\"inLanguage\":\"es\"},{\"@type\":\"Organization\",\"@id\":\"https:\/\/www.padreeustaquio.com.br\/#organization\",\"name\":\"Padre Eust\u00e1quio\",\"url\":\"https:\/\/www.padreeustaquio.com.br\/\",\"logo\":{\"@type\":\"ImageObject\",\"inLanguage\":\"es\",\"@id\":\"https:\/\/www.padreeustaquio.com.br\/#\/schema\/logo\/image\/\",\"url\":\"https:\/\/www.padreeustaquio.com.br\/wp-content\/uploads\/2019\/08\/marca.png\",\"contentUrl\":\"https:\/\/www.padreeustaquio.com.br\/wp-content\/uploads\/2019\/08\/marca.png\",\"width\":350,\"height\":400,\"caption\":\"Padre Eust\u00e1quio\"},\"image\":{\"@id\":\"https:\/\/www.padreeustaquio.com.br\/#\/schema\/logo\/image\/\"},\"sameAs\":[\"https:\/\/www.facebook.com\/beatopadreeustaquio\/\",\"https:\/\/x.com\/beatopeustaquio\",\"https:\/\/www.instagram.com\/beatopadreeustaquio\/\",\"https:\/\/www.youtube.com\/channel\/UCRhw7vfabnajwLxb1ZXMeIw\"]},{\"@type\":\"Person\",\"@id\":\"https:\/\/www.padreeustaquio.com.br\/#\/schema\/person\/a2a51db1d00f1a7af0204a0f1ddb1566\",\"name\":\"@sscc\",\"image\":{\"@type\":\"ImageObject\",\"inLanguage\":\"es\",\"@id\":\"https:\/\/secure.gravatar.com\/avatar\/68cfafa5f44617fea54071e215026e0ff06be366c3d54a8425f04fdcb86f8c5f?s=96&d=mm&r=g\",\"url\":\"https:\/\/secure.gravatar.com\/avatar\/68cfafa5f44617fea54071e215026e0ff06be366c3d54a8425f04fdcb86f8c5f?s=96&d=mm&r=g\",\"contentUrl\":\"https:\/\/secure.gravatar.com\/avatar\/68cfafa5f44617fea54071e215026e0ff06be366c3d54a8425f04fdcb86f8c5f?s=96&d=mm&r=g\",\"caption\":\"@sscc\"},\"url\":\"https:\/\/www.padreeustaquio.com.br\/es\/author\/sscc\/\"}]}<\/script>\n<!-- \/ Yoast SEO plugin. -->","yoast_head_json":{"title":"Muere en R\u00edo de Janeiro el padre Lorenzo Arbeloa, de los Sagrados Corazones.","description":"El padre Lorenzo ten\u00eda 85 a\u00f1os y padec\u00eda problemas card\u00edacos. Inesperadamente, a finales del a\u00f1o pasado, se someti\u00f3 a una cirug\u00eda de implante de marcapasos en Belo Horizonte, Minas Gerais, pero nunca se recuper\u00f3. Al regresar a R\u00edo de Janeiro, fue hospitalizado de nuevo, donde permaneci\u00f3 dos meses m\u00e1s.","robots":{"index":"index","follow":"follow","max-snippet":"max-snippet:-1","max-image-preview":"max-image-preview:large","max-video-preview":"max-video-preview:-1"},"canonical":"https:\/\/www.padreeustaquio.com.br\/es\/muere-en-rio-de-janeiro-el-padre-lorenzo-arbeloa-de-los-sagrados-corazones\/","og_locale":"es_ES","og_type":"article","og_title":"Morre, no Rio de Janeiro, Padre Lorenzo Arbeloa, dos Sagrados Cora\u00e7\u00f5es","og_description":"Padre Lorenzo tinha 85 anos e lutava contra problemas card\u00edacos. De forma inesperada, no final do ano passado, ele foi submetido a uma cirurgia de implanta\u00e7\u00e3o de marca-passo em Belo Horizonte-MG, mas n\u00e3o se recuperou mais. Retornando ao Rio de Janeiro foi logo novamente hospitalizado onde permaneceu por mais dois meses.","og_url":"https:\/\/www.padreeustaquio.com.br\/es\/muere-en-rio-de-janeiro-el-padre-lorenzo-arbeloa-de-los-sagrados-corazones\/","og_site_name":"Padre Eust\u00e1quio","article_publisher":"https:\/\/www.facebook.com\/beatopadreeustaquio\/","article_published_time":"2022-02-07T12:33:08+00:00","article_modified_time":"2022-02-07T12:33:20+00:00","og_image":[{"width":748,"height":394,"url":"https:\/\/www.padreeustaquio.com.br\/wp-content\/uploads\/2022\/02\/morre-lorenzo-arbeloa.jpg","type":"image\/jpeg"}],"author":"@sscc","twitter_card":"summary_large_image","twitter_creator":"@beatopeustaquio","twitter_site":"@beatopeustaquio","twitter_misc":{"Escrito por":"@sscc","Tiempo de lectura":"4 minutos"},"schema":{"@context":"https:\/\/schema.org","@graph":[{"@type":"Article","@id":"https:\/\/www.padreeustaquio.com.br\/morre-no-rio-de-janeiro-padre-lorenzo-arbeloa-dos-sagrados-coracoes\/#article","isPartOf":{"@id":"https:\/\/www.padreeustaquio.com.br\/morre-no-rio-de-janeiro-padre-lorenzo-arbeloa-dos-sagrados-coracoes\/"},"author":{"name":"@sscc","@id":"https:\/\/www.padreeustaquio.com.br\/#\/schema\/person\/a2a51db1d00f1a7af0204a0f1ddb1566"},"headline":"Morre, no Rio de Janeiro, Padre Lorenzo Arbeloa, dos Sagrados Cora\u00e7\u00f5es","datePublished":"2022-02-07T12:33:08+00:00","dateModified":"2022-02-07T12:33:20+00:00","mainEntityOfPage":{"@id":"https:\/\/www.padreeustaquio.com.br\/morre-no-rio-de-janeiro-padre-lorenzo-arbeloa-dos-sagrados-coracoes\/"},"wordCount":913,"commentCount":0,"publisher":{"@id":"https:\/\/www.padreeustaquio.com.br\/#organization"},"image":{"@id":"https:\/\/www.padreeustaquio.com.br\/morre-no-rio-de-janeiro-padre-lorenzo-arbeloa-dos-sagrados-coracoes\/#primaryimage"},"thumbnailUrl":"https:\/\/www.padreeustaquio.com.br\/wp-content\/uploads\/2022\/02\/morre-lorenzo-arbeloa.jpg","articleSection":["Not\u00edcias"],"inLanguage":"es","potentialAction":[{"@type":"CommentAction","name":"Comment","target":["https:\/\/www.padreeustaquio.com.br\/morre-no-rio-de-janeiro-padre-lorenzo-arbeloa-dos-sagrados-coracoes\/#respond"]}]},{"@type":"WebPage","@id":"https:\/\/www.padreeustaquio.com.br\/morre-no-rio-de-janeiro-padre-lorenzo-arbeloa-dos-sagrados-coracoes\/","url":"https:\/\/www.padreeustaquio.com.br\/morre-no-rio-de-janeiro-padre-lorenzo-arbeloa-dos-sagrados-coracoes\/","name":"Muere en R\u00edo de Janeiro el padre Lorenzo Arbeloa, de los Sagrados Corazones.","isPartOf":{"@id":"https:\/\/www.padreeustaquio.com.br\/#website"},"primaryImageOfPage":{"@id":"https:\/\/www.padreeustaquio.com.br\/morre-no-rio-de-janeiro-padre-lorenzo-arbeloa-dos-sagrados-coracoes\/#primaryimage"},"image":{"@id":"https:\/\/www.padreeustaquio.com.br\/morre-no-rio-de-janeiro-padre-lorenzo-arbeloa-dos-sagrados-coracoes\/#primaryimage"},"thumbnailUrl":"https:\/\/www.padreeustaquio.com.br\/wp-content\/uploads\/2022\/02\/morre-lorenzo-arbeloa.jpg","datePublished":"2022-02-07T12:33:08+00:00","dateModified":"2022-02-07T12:33:20+00:00","description":"El padre Lorenzo ten\u00eda 85 a\u00f1os y padec\u00eda problemas card\u00edacos. Inesperadamente, a finales del a\u00f1o pasado, se someti\u00f3 a una cirug\u00eda de implante de marcapasos en Belo Horizonte, Minas Gerais, pero nunca se recuper\u00f3. Al regresar a R\u00edo de Janeiro, fue hospitalizado de nuevo, donde permaneci\u00f3 dos meses m\u00e1s.","breadcrumb":{"@id":"https:\/\/www.padreeustaquio.com.br\/morre-no-rio-de-janeiro-padre-lorenzo-arbeloa-dos-sagrados-coracoes\/#breadcrumb"},"inLanguage":"es","potentialAction":[{"@type":"ReadAction","target":["https:\/\/www.padreeustaquio.com.br\/morre-no-rio-de-janeiro-padre-lorenzo-arbeloa-dos-sagrados-coracoes\/"]}]},{"@type":"ImageObject","inLanguage":"es","@id":"https:\/\/www.padreeustaquio.com.br\/morre-no-rio-de-janeiro-padre-lorenzo-arbeloa-dos-sagrados-coracoes\/#primaryimage","url":"https:\/\/www.padreeustaquio.com.br\/wp-content\/uploads\/2022\/02\/morre-lorenzo-arbeloa.jpg","contentUrl":"https:\/\/www.padreeustaquio.com.br\/wp-content\/uploads\/2022\/02\/morre-lorenzo-arbeloa.jpg","width":748,"height":394},{"@type":"BreadcrumbList","@id":"https:\/\/www.padreeustaquio.com.br\/morre-no-rio-de-janeiro-padre-lorenzo-arbeloa-dos-sagrados-coracoes\/#breadcrumb","itemListElement":[{"@type":"ListItem","position":1,"name":"In\u00edcio","item":"https:\/\/www.padreeustaquio.com.br\/"},{"@type":"ListItem","position":2,"name":"Morre, no Rio de Janeiro, Padre Lorenzo Arbeloa, dos Sagrados Cora\u00e7\u00f5es"}]},{"@type":"WebSite","@id":"https:\/\/www.padreeustaquio.com.br\/#website","url":"https:\/\/www.padreeustaquio.com.br\/","name":"Padre Eustace","description":"Salud y Paz","publisher":{"@id":"https:\/\/www.padreeustaquio.com.br\/#organization"},"potentialAction":[{"@type":"SearchAction","target":{"@type":"EntryPoint","urlTemplate":"https:\/\/www.padreeustaquio.com.br\/?s={search_term_string}"},"query-input":{"@type":"PropertyValueSpecification","valueRequired":true,"valueName":"search_term_string"}}],"inLanguage":"es"},{"@type":"Organization","@id":"https:\/\/www.padreeustaquio.com.br\/#organization","name":"Padre Eustace","url":"https:\/\/www.padreeustaquio.com.br\/","logo":{"@type":"ImageObject","inLanguage":"es","@id":"https:\/\/www.padreeustaquio.com.br\/#\/schema\/logo\/image\/","url":"https:\/\/www.padreeustaquio.com.br\/wp-content\/uploads\/2019\/08\/marca.png","contentUrl":"https:\/\/www.padreeustaquio.com.br\/wp-content\/uploads\/2019\/08\/marca.png","width":350,"height":400,"caption":"Padre Eust\u00e1quio"},"image":{"@id":"https:\/\/www.padreeustaquio.com.br\/#\/schema\/logo\/image\/"},"sameAs":["https:\/\/www.facebook.com\/beatopadreeustaquio\/","https:\/\/x.com\/beatopeustaquio","https:\/\/www.instagram.com\/beatopadreeustaquio\/","https:\/\/www.youtube.com\/channel\/UCRhw7vfabnajwLxb1ZXMeIw"]},{"@type":"Person","@id":"https:\/\/www.padreeustaquio.com.br\/#\/schema\/person\/a2a51db1d00f1a7af0204a0f1ddb1566","name":"@sscc","image":{"@type":"ImageObject","inLanguage":"es","@id":"https:\/\/secure.gravatar.com\/avatar\/68cfafa5f44617fea54071e215026e0ff06be366c3d54a8425f04fdcb86f8c5f?s=96&d=mm&r=g","url":"https:\/\/secure.gravatar.com\/avatar\/68cfafa5f44617fea54071e215026e0ff06be366c3d54a8425f04fdcb86f8c5f?s=96&d=mm&r=g","contentUrl":"https:\/\/secure.gravatar.com\/avatar\/68cfafa5f44617fea54071e215026e0ff06be366c3d54a8425f04fdcb86f8c5f?s=96&d=mm&r=g","caption":"@sscc"},"url":"https:\/\/www.padreeustaquio.com.br\/es\/author\/sscc\/"}]}},"_links":{"self":[{"href":"https:\/\/www.padreeustaquio.com.br\/es\/wp-json\/wp\/v2\/posts\/8076","targetHints":{"allow":["GET"]}}],"collection":[{"href":"https:\/\/www.padreeustaquio.com.br\/es\/wp-json\/wp\/v2\/posts"}],"about":[{"href":"https:\/\/www.padreeustaquio.com.br\/es\/wp-json\/wp\/v2\/types\/post"}],"author":[{"embeddable":true,"href":"https:\/\/www.padreeustaquio.com.br\/es\/wp-json\/wp\/v2\/users\/2"}],"replies":[{"embeddable":true,"href":"https:\/\/www.padreeustaquio.com.br\/es\/wp-json\/wp\/v2\/comments?post=8076"}],"version-history":[{"count":0,"href":"https:\/\/www.padreeustaquio.com.br\/es\/wp-json\/wp\/v2\/posts\/8076\/revisions"}],"wp:featuredmedia":[{"embeddable":true,"href":"https:\/\/www.padreeustaquio.com.br\/es\/wp-json\/wp\/v2\/media\/8077"}],"wp:attachment":[{"href":"https:\/\/www.padreeustaquio.com.br\/es\/wp-json\/wp\/v2\/media?parent=8076"}],"wp:term":[{"taxonomy":"category","embeddable":true,"href":"https:\/\/www.padreeustaquio.com.br\/es\/wp-json\/wp\/v2\/categories?post=8076"},{"taxonomy":"post_tag","embeddable":true,"href":"https:\/\/www.padreeustaquio.com.br\/es\/wp-json\/wp\/v2\/tags?post=8076"}],"curies":[{"name":"wp","href":"https:\/\/api.w.org\/{rel}","templated":true}]}}