{"id":8063,"date":"2022-02-07T06:11:00","date_gmt":"2022-02-07T09:11:00","guid":{"rendered":"https:\/\/www.padreeustaquio.com.br\/?p=8063"},"modified":"2022-02-04T10:31:53","modified_gmt":"2022-02-04T13:31:53","slug":"iglesia-del-padre-eustaquio-abre-inscripciones-para-talleres-de-oracion-y-vida","status":"publish","type":"post","link":"https:\/\/www.padreeustaquio.com.br\/es\/iglesia-del-padre-eustaquio-abre-inscripciones-para-talleres-de-oracion-y-vida\/","title":{"rendered":"Iglesia Padre Eust\u00e1quio abre inscripciones para Talleres de Oraci\u00f3n y Vida."},"content":{"rendered":"<p>El Santuario de Salud y Paz, Iglesia del Padre Eust\u00e1quio, abre inscripciones para quienes deseen participar en los Talleres de Oraci\u00f3n y Vida. Adultos, adolescentes y ni\u00f1os est\u00e1n invitados a unirse a este viaje de estudio y oraci\u00f3n.<\/p>\n\n\n\n<p>Los talleres de Oraci\u00f3n y Vida del Santuario de Salud y Paz se realizan en encuentros semanales de dos horas de duraci\u00f3n, durante 15 semanas para adultos y 10 semanas para j\u00f3venes, adolescentes y ni\u00f1os.<\/p>\n\n\n\n<p>A lo largo de los encuentros los participantes ser\u00e1n guiados a relacionarse con Dios como amigo; a manejar la Biblia y entender lo que Dios quiere decirnos; a liberarse de tristezas, ansiedades y angustias; y a ser m\u00e1s saludables, alegres, libres y felices.<\/p>\n\n\n\n<p>Los Talleres de Oraci\u00f3n y Vida en la Iglesia Padre Eustaquio comienzan ma\u00f1ana, 8 de febrero, con la Sesi\u00f3n Inaugural, en dos horarios: 15:00 o 19:30, en los Salones del Santuario. Seg\u00fan la preferencia de cada persona, se organizar\u00e1n clases por la tarde y por la noche, con un m\u00e1ximo de siete personas por sal\u00f3n.<\/p>\n\n\n\n<p>Para inscribirse o conocer m\u00e1s sobre los Talleres de Oraci\u00f3n y Vida en el Santuario de Salud y Paz, comun\u00edquese con la Oficina Parroquial, de lunes a viernes, de 7:30 a. m. a 6:00 p. m. S\u00e1bados y domingos, de 8:00 a. m. a 11:30 a. m. El n\u00famero de tel\u00e9fono es... <a href=\"https:\/\/www.google.com\/search?q=santuario+da+saude+e+da+paz&amp;rlz=1C1CHZN_pt-BRBR962BR962&amp;sxsrf=APq-WBvm51OqzucmTy2lgfkNALRegZGdLw%3A1643980510927&amp;ei=3ib9YcrqN8HM1sQP5bCgkAE&amp;oq=santu&amp;gs_lcp=Cgdnd3Mtd2l6EAMYADIECCMQJzIECCMQJzIECCMQJzIECAAQQzIKCAAQsQMQgwEQQzIICAAQgAQQsQMyBAgAEEMyCwguEIAEEMcBEK8BMgUIABCABDILCC4QgAQQxwEQrwE6CwguEIAEELEDEIMBOhEILhCABBCxAxCDARDHARDRAzoLCAAQgAQQsQMQgwE6CAguELEDEIMBOg4ILhCABBCxAxDHARCjAjoECC4QQ0oECEEYAEoECEYYAFAAWJUEYIYMaABwAngAgAGkAYgBwgWSAQMwLjWYAQCgAQHAAQE&amp;sclient=gws-wiz#\">(31) 3462-6557<\/a>. Las preguntas tambi\u00e9n pueden ser respondidas por el responsable de las reuniones (Neide) en el tel\u00e9fono: (31) 98235-0696.<\/p>\n\n\n\n<p><\/p>","protected":false},"excerpt":{"rendered":"<p>O Santu\u00e1rio da Sa\u00fade e Paz, a Igreja do Padre Eust\u00e1quio est\u00e1 com inscri\u00e7\u00f5es abertas \u00e0queles que desejam participar dos encontros das Oficinas de Ora\u00e7\u00e3o e Vida. Adultos, adolescentes e crian\u00e7as est\u00e3o convidados a entrar nesta jornada de estudo e ora\u00e7\u00e3o. As oficinas de Ora\u00e7\u00e3o e Vida no Santu\u00e1rio Sa\u00fade e Paz, s\u00e3o aplicadas em encontros semanais com dura\u00e7\u00e3o de duas horas, durante 15 semanas para adultos e 10 semanas para os jovens, os adolescentes e as crian\u00e7as. No transcorrer dos encontros, os participantes ser\u00e3o conduzidos a relacionar-se com Deus como um amigo; a manusear a B\u00edblia e entender o [&hellip;]<\/p>\n","protected":false},"author":2,"featured_media":8065,"comment_status":"open","ping_status":"closed","sticky":false,"template":"","format":"standard","meta":{"_acf_changed":false,"footnotes":""},"categories":[611],"tags":[],"class_list":["post-8063","post","type-post","status-publish","format-standard","has-post-thumbnail","hentry","category-noticias"],"acf":[],"yoast_head":"<!-- This site is optimized with the Yoast SEO plugin v27.2 - https:\/\/yoast.com\/product\/yoast-seo-wordpress\/ -->\n<title>Igreja do Padre Eust\u00e1quio abre inscri\u00e7\u00f5es para Oficinas de Ora\u00e7\u00e3o e Vida<\/title>\n<meta name=\"description\" content=\"O Santu\u00e1rio da Sa\u00fade e Paz, a Igreja do Padre Eust\u00e1quio est\u00e1 com inscri\u00e7\u00f5es abertas \u00e0queles que desejam participar dos encontros das Oficinas de Ora\u00e7\u00e3o e Vida. Adultos, adolescentes e crian\u00e7as est\u00e3o convidados a entrar nesta jornada de estudo e ora\u00e7\u00e3o.\" \/>\n<meta name=\"robots\" content=\"index, follow, max-snippet:-1, max-image-preview:large, max-video-preview:-1\" \/>\n<link rel=\"canonical\" href=\"https:\/\/www.padreeustaquio.com.br\/es\/iglesia-del-padre-eustaquio-abre-inscripciones-para-talleres-de-oracion-y-vida\/\" \/>\n<meta property=\"og:locale\" content=\"es_ES\" \/>\n<meta property=\"og:type\" content=\"article\" \/>\n<meta property=\"og:title\" content=\"Igreja do Padre Eust\u00e1quio abre inscri\u00e7\u00f5es para Oficinas de Ora\u00e7\u00e3o e Vida\" \/>\n<meta property=\"og:description\" content=\"O Santu\u00e1rio da Sa\u00fade e Paz, a Igreja do Padre Eust\u00e1quio est\u00e1 com inscri\u00e7\u00f5es abertas \u00e0queles que desejam participar dos encontros das Oficinas de Ora\u00e7\u00e3o e Vida. Adultos, adolescentes e crian\u00e7as est\u00e3o convidados a entrar nesta jornada de estudo e ora\u00e7\u00e3o.\" \/>\n<meta property=\"og:url\" content=\"https:\/\/www.padreeustaquio.com.br\/es\/iglesia-del-padre-eustaquio-abre-inscripciones-para-talleres-de-oracion-y-vida\/\" \/>\n<meta property=\"og:site_name\" content=\"Padre Eust\u00e1quio\" \/>\n<meta property=\"article:publisher\" content=\"https:\/\/www.facebook.com\/beatopadreeustaquio\/\" \/>\n<meta property=\"article:published_time\" content=\"2022-02-07T09:11:00+00:00\" \/>\n<meta property=\"og:image\" content=\"https:\/\/www.padreeustaquio.com.br\/wp-content\/uploads\/2022\/02\/oficinas-de-oracao-e-vida.jpg\" \/>\n\t<meta property=\"og:image:width\" content=\"748\" \/>\n\t<meta property=\"og:image:height\" content=\"394\" \/>\n\t<meta property=\"og:image:type\" content=\"image\/jpeg\" \/>\n<meta name=\"author\" content=\"@sscc\" \/>\n<meta name=\"twitter:card\" content=\"summary_large_image\" \/>\n<meta name=\"twitter:creator\" content=\"@beatopeustaquio\" \/>\n<meta name=\"twitter:site\" content=\"@beatopeustaquio\" \/>\n<meta name=\"twitter:label1\" content=\"Escrito por\" \/>\n\t<meta name=\"twitter:data1\" content=\"@sscc\" \/>\n\t<meta name=\"twitter:label2\" content=\"Tiempo de lectura\" \/>\n\t<meta name=\"twitter:data2\" content=\"2 minutos\" \/>\n<script type=\"application\/ld+json\" class=\"yoast-schema-graph\">{\"@context\":\"https:\/\/schema.org\",\"@graph\":[{\"@type\":\"Article\",\"@id\":\"https:\/\/www.padreeustaquio.com.br\/igreja-do-padre-eustaquio-abre-inscricoes-para-oficinas-de-oracao-e-vida\/#article\",\"isPartOf\":{\"@id\":\"https:\/\/www.padreeustaquio.com.br\/igreja-do-padre-eustaquio-abre-inscricoes-para-oficinas-de-oracao-e-vida\/\"},\"author\":{\"name\":\"@sscc\",\"@id\":\"https:\/\/www.padreeustaquio.com.br\/#\/schema\/person\/a2a51db1d00f1a7af0204a0f1ddb1566\"},\"headline\":\"Igreja do Padre Eust\u00e1quio abre inscri\u00e7\u00f5es para Oficinas de Ora\u00e7\u00e3o e Vida\",\"datePublished\":\"2022-02-07T09:11:00+00:00\",\"mainEntityOfPage\":{\"@id\":\"https:\/\/www.padreeustaquio.com.br\/igreja-do-padre-eustaquio-abre-inscricoes-para-oficinas-de-oracao-e-vida\/\"},\"wordCount\":287,\"commentCount\":0,\"publisher\":{\"@id\":\"https:\/\/www.padreeustaquio.com.br\/#organization\"},\"image\":{\"@id\":\"https:\/\/www.padreeustaquio.com.br\/igreja-do-padre-eustaquio-abre-inscricoes-para-oficinas-de-oracao-e-vida\/#primaryimage\"},\"thumbnailUrl\":\"https:\/\/www.padreeustaquio.com.br\/wp-content\/uploads\/2022\/02\/oficinas-de-oracao-e-vida.jpg\",\"articleSection\":[\"Not\u00edcias\"],\"inLanguage\":\"es\",\"potentialAction\":[{\"@type\":\"CommentAction\",\"name\":\"Comment\",\"target\":[\"https:\/\/www.padreeustaquio.com.br\/igreja-do-padre-eustaquio-abre-inscricoes-para-oficinas-de-oracao-e-vida\/#respond\"]}]},{\"@type\":\"WebPage\",\"@id\":\"https:\/\/www.padreeustaquio.com.br\/igreja-do-padre-eustaquio-abre-inscricoes-para-oficinas-de-oracao-e-vida\/\",\"url\":\"https:\/\/www.padreeustaquio.com.br\/igreja-do-padre-eustaquio-abre-inscricoes-para-oficinas-de-oracao-e-vida\/\",\"name\":\"Igreja do Padre Eust\u00e1quio abre inscri\u00e7\u00f5es para Oficinas de Ora\u00e7\u00e3o e Vida\",\"isPartOf\":{\"@id\":\"https:\/\/www.padreeustaquio.com.br\/#website\"},\"primaryImageOfPage\":{\"@id\":\"https:\/\/www.padreeustaquio.com.br\/igreja-do-padre-eustaquio-abre-inscricoes-para-oficinas-de-oracao-e-vida\/#primaryimage\"},\"image\":{\"@id\":\"https:\/\/www.padreeustaquio.com.br\/igreja-do-padre-eustaquio-abre-inscricoes-para-oficinas-de-oracao-e-vida\/#primaryimage\"},\"thumbnailUrl\":\"https:\/\/www.padreeustaquio.com.br\/wp-content\/uploads\/2022\/02\/oficinas-de-oracao-e-vida.jpg\",\"datePublished\":\"2022-02-07T09:11:00+00:00\",\"description\":\"O Santu\u00e1rio da Sa\u00fade e Paz, a Igreja do Padre Eust\u00e1quio est\u00e1 com inscri\u00e7\u00f5es abertas \u00e0queles que desejam participar dos encontros das Oficinas de Ora\u00e7\u00e3o e Vida. Adultos, adolescentes e crian\u00e7as est\u00e3o convidados a entrar nesta jornada de estudo e ora\u00e7\u00e3o.\",\"breadcrumb\":{\"@id\":\"https:\/\/www.padreeustaquio.com.br\/igreja-do-padre-eustaquio-abre-inscricoes-para-oficinas-de-oracao-e-vida\/#breadcrumb\"},\"inLanguage\":\"es\",\"potentialAction\":[{\"@type\":\"ReadAction\",\"target\":[\"https:\/\/www.padreeustaquio.com.br\/igreja-do-padre-eustaquio-abre-inscricoes-para-oficinas-de-oracao-e-vida\/\"]}]},{\"@type\":\"ImageObject\",\"inLanguage\":\"es\",\"@id\":\"https:\/\/www.padreeustaquio.com.br\/igreja-do-padre-eustaquio-abre-inscricoes-para-oficinas-de-oracao-e-vida\/#primaryimage\",\"url\":\"https:\/\/www.padreeustaquio.com.br\/wp-content\/uploads\/2022\/02\/oficinas-de-oracao-e-vida.jpg\",\"contentUrl\":\"https:\/\/www.padreeustaquio.com.br\/wp-content\/uploads\/2022\/02\/oficinas-de-oracao-e-vida.jpg\",\"width\":748,\"height\":394},{\"@type\":\"BreadcrumbList\",\"@id\":\"https:\/\/www.padreeustaquio.com.br\/igreja-do-padre-eustaquio-abre-inscricoes-para-oficinas-de-oracao-e-vida\/#breadcrumb\",\"itemListElement\":[{\"@type\":\"ListItem\",\"position\":1,\"name\":\"In\u00edcio\",\"item\":\"https:\/\/www.padreeustaquio.com.br\/\"},{\"@type\":\"ListItem\",\"position\":2,\"name\":\"Igreja do Padre Eust\u00e1quio abre inscri\u00e7\u00f5es para Oficinas de Ora\u00e7\u00e3o e Vida\"}]},{\"@type\":\"WebSite\",\"@id\":\"https:\/\/www.padreeustaquio.com.br\/#website\",\"url\":\"https:\/\/www.padreeustaquio.com.br\/\",\"name\":\"Padre Eust\u00e1quio\",\"description\":\"Sa\u00fade e Paz\",\"publisher\":{\"@id\":\"https:\/\/www.padreeustaquio.com.br\/#organization\"},\"potentialAction\":[{\"@type\":\"SearchAction\",\"target\":{\"@type\":\"EntryPoint\",\"urlTemplate\":\"https:\/\/www.padreeustaquio.com.br\/?s={search_term_string}\"},\"query-input\":{\"@type\":\"PropertyValueSpecification\",\"valueRequired\":true,\"valueName\":\"search_term_string\"}}],\"inLanguage\":\"es\"},{\"@type\":\"Organization\",\"@id\":\"https:\/\/www.padreeustaquio.com.br\/#organization\",\"name\":\"Padre Eust\u00e1quio\",\"url\":\"https:\/\/www.padreeustaquio.com.br\/\",\"logo\":{\"@type\":\"ImageObject\",\"inLanguage\":\"es\",\"@id\":\"https:\/\/www.padreeustaquio.com.br\/#\/schema\/logo\/image\/\",\"url\":\"https:\/\/www.padreeustaquio.com.br\/wp-content\/uploads\/2019\/08\/marca.png\",\"contentUrl\":\"https:\/\/www.padreeustaquio.com.br\/wp-content\/uploads\/2019\/08\/marca.png\",\"width\":350,\"height\":400,\"caption\":\"Padre Eust\u00e1quio\"},\"image\":{\"@id\":\"https:\/\/www.padreeustaquio.com.br\/#\/schema\/logo\/image\/\"},\"sameAs\":[\"https:\/\/www.facebook.com\/beatopadreeustaquio\/\",\"https:\/\/x.com\/beatopeustaquio\",\"https:\/\/www.instagram.com\/beatopadreeustaquio\/\",\"https:\/\/www.youtube.com\/channel\/UCRhw7vfabnajwLxb1ZXMeIw\"]},{\"@type\":\"Person\",\"@id\":\"https:\/\/www.padreeustaquio.com.br\/#\/schema\/person\/a2a51db1d00f1a7af0204a0f1ddb1566\",\"name\":\"@sscc\",\"image\":{\"@type\":\"ImageObject\",\"inLanguage\":\"es\",\"@id\":\"https:\/\/secure.gravatar.com\/avatar\/68cfafa5f44617fea54071e215026e0ff06be366c3d54a8425f04fdcb86f8c5f?s=96&d=mm&r=g\",\"url\":\"https:\/\/secure.gravatar.com\/avatar\/68cfafa5f44617fea54071e215026e0ff06be366c3d54a8425f04fdcb86f8c5f?s=96&d=mm&r=g\",\"contentUrl\":\"https:\/\/secure.gravatar.com\/avatar\/68cfafa5f44617fea54071e215026e0ff06be366c3d54a8425f04fdcb86f8c5f?s=96&d=mm&r=g\",\"caption\":\"@sscc\"},\"url\":\"https:\/\/www.padreeustaquio.com.br\/es\/author\/sscc\/\"}]}<\/script>\n<!-- \/ Yoast SEO plugin. -->","yoast_head_json":{"title":"Iglesia Padre Eust\u00e1quio abre inscripciones para Talleres de Oraci\u00f3n y Vida.","description":"El Santuario de Salud y Paz, Iglesia del Padre Eust\u00e1quio, abre inscripciones para quienes deseen participar en los Talleres de Oraci\u00f3n y Vida. Adultos, adolescentes y ni\u00f1os est\u00e1n invitados a unirse a este viaje de estudio y oraci\u00f3n.","robots":{"index":"index","follow":"follow","max-snippet":"max-snippet:-1","max-image-preview":"max-image-preview:large","max-video-preview":"max-video-preview:-1"},"canonical":"https:\/\/www.padreeustaquio.com.br\/es\/iglesia-del-padre-eustaquio-abre-inscripciones-para-talleres-de-oracion-y-vida\/","og_locale":"es_ES","og_type":"article","og_title":"Igreja do Padre Eust\u00e1quio abre inscri\u00e7\u00f5es para Oficinas de Ora\u00e7\u00e3o e Vida","og_description":"O Santu\u00e1rio da Sa\u00fade e Paz, a Igreja do Padre Eust\u00e1quio est\u00e1 com inscri\u00e7\u00f5es abertas \u00e0queles que desejam participar dos encontros das Oficinas de Ora\u00e7\u00e3o e Vida. Adultos, adolescentes e crian\u00e7as est\u00e3o convidados a entrar nesta jornada de estudo e ora\u00e7\u00e3o.","og_url":"https:\/\/www.padreeustaquio.com.br\/es\/iglesia-del-padre-eustaquio-abre-inscripciones-para-talleres-de-oracion-y-vida\/","og_site_name":"Padre Eust\u00e1quio","article_publisher":"https:\/\/www.facebook.com\/beatopadreeustaquio\/","article_published_time":"2022-02-07T09:11:00+00:00","og_image":[{"width":748,"height":394,"url":"https:\/\/www.padreeustaquio.com.br\/wp-content\/uploads\/2022\/02\/oficinas-de-oracao-e-vida.jpg","type":"image\/jpeg"}],"author":"@sscc","twitter_card":"summary_large_image","twitter_creator":"@beatopeustaquio","twitter_site":"@beatopeustaquio","twitter_misc":{"Escrito por":"@sscc","Tiempo de lectura":"2 minutos"},"schema":{"@context":"https:\/\/schema.org","@graph":[{"@type":"Article","@id":"https:\/\/www.padreeustaquio.com.br\/igreja-do-padre-eustaquio-abre-inscricoes-para-oficinas-de-oracao-e-vida\/#article","isPartOf":{"@id":"https:\/\/www.padreeustaquio.com.br\/igreja-do-padre-eustaquio-abre-inscricoes-para-oficinas-de-oracao-e-vida\/"},"author":{"name":"@sscc","@id":"https:\/\/www.padreeustaquio.com.br\/#\/schema\/person\/a2a51db1d00f1a7af0204a0f1ddb1566"},"headline":"Igreja do Padre Eust\u00e1quio abre inscri\u00e7\u00f5es para Oficinas de Ora\u00e7\u00e3o e Vida","datePublished":"2022-02-07T09:11:00+00:00","mainEntityOfPage":{"@id":"https:\/\/www.padreeustaquio.com.br\/igreja-do-padre-eustaquio-abre-inscricoes-para-oficinas-de-oracao-e-vida\/"},"wordCount":287,"commentCount":0,"publisher":{"@id":"https:\/\/www.padreeustaquio.com.br\/#organization"},"image":{"@id":"https:\/\/www.padreeustaquio.com.br\/igreja-do-padre-eustaquio-abre-inscricoes-para-oficinas-de-oracao-e-vida\/#primaryimage"},"thumbnailUrl":"https:\/\/www.padreeustaquio.com.br\/wp-content\/uploads\/2022\/02\/oficinas-de-oracao-e-vida.jpg","articleSection":["Not\u00edcias"],"inLanguage":"es","potentialAction":[{"@type":"CommentAction","name":"Comment","target":["https:\/\/www.padreeustaquio.com.br\/igreja-do-padre-eustaquio-abre-inscricoes-para-oficinas-de-oracao-e-vida\/#respond"]}]},{"@type":"WebPage","@id":"https:\/\/www.padreeustaquio.com.br\/igreja-do-padre-eustaquio-abre-inscricoes-para-oficinas-de-oracao-e-vida\/","url":"https:\/\/www.padreeustaquio.com.br\/igreja-do-padre-eustaquio-abre-inscricoes-para-oficinas-de-oracao-e-vida\/","name":"Iglesia Padre Eust\u00e1quio abre inscripciones para Talleres de Oraci\u00f3n y Vida.","isPartOf":{"@id":"https:\/\/www.padreeustaquio.com.br\/#website"},"primaryImageOfPage":{"@id":"https:\/\/www.padreeustaquio.com.br\/igreja-do-padre-eustaquio-abre-inscricoes-para-oficinas-de-oracao-e-vida\/#primaryimage"},"image":{"@id":"https:\/\/www.padreeustaquio.com.br\/igreja-do-padre-eustaquio-abre-inscricoes-para-oficinas-de-oracao-e-vida\/#primaryimage"},"thumbnailUrl":"https:\/\/www.padreeustaquio.com.br\/wp-content\/uploads\/2022\/02\/oficinas-de-oracao-e-vida.jpg","datePublished":"2022-02-07T09:11:00+00:00","description":"El Santuario de Salud y Paz, Iglesia del Padre Eust\u00e1quio, abre inscripciones para quienes deseen participar en los Talleres de Oraci\u00f3n y Vida. Adultos, adolescentes y ni\u00f1os est\u00e1n invitados a unirse a este viaje de estudio y oraci\u00f3n.","breadcrumb":{"@id":"https:\/\/www.padreeustaquio.com.br\/igreja-do-padre-eustaquio-abre-inscricoes-para-oficinas-de-oracao-e-vida\/#breadcrumb"},"inLanguage":"es","potentialAction":[{"@type":"ReadAction","target":["https:\/\/www.padreeustaquio.com.br\/igreja-do-padre-eustaquio-abre-inscricoes-para-oficinas-de-oracao-e-vida\/"]}]},{"@type":"ImageObject","inLanguage":"es","@id":"https:\/\/www.padreeustaquio.com.br\/igreja-do-padre-eustaquio-abre-inscricoes-para-oficinas-de-oracao-e-vida\/#primaryimage","url":"https:\/\/www.padreeustaquio.com.br\/wp-content\/uploads\/2022\/02\/oficinas-de-oracao-e-vida.jpg","contentUrl":"https:\/\/www.padreeustaquio.com.br\/wp-content\/uploads\/2022\/02\/oficinas-de-oracao-e-vida.jpg","width":748,"height":394},{"@type":"BreadcrumbList","@id":"https:\/\/www.padreeustaquio.com.br\/igreja-do-padre-eustaquio-abre-inscricoes-para-oficinas-de-oracao-e-vida\/#breadcrumb","itemListElement":[{"@type":"ListItem","position":1,"name":"In\u00edcio","item":"https:\/\/www.padreeustaquio.com.br\/"},{"@type":"ListItem","position":2,"name":"Igreja do Padre Eust\u00e1quio abre inscri\u00e7\u00f5es para Oficinas de Ora\u00e7\u00e3o e Vida"}]},{"@type":"WebSite","@id":"https:\/\/www.padreeustaquio.com.br\/#website","url":"https:\/\/www.padreeustaquio.com.br\/","name":"Padre Eustace","description":"Salud y Paz","publisher":{"@id":"https:\/\/www.padreeustaquio.com.br\/#organization"},"potentialAction":[{"@type":"SearchAction","target":{"@type":"EntryPoint","urlTemplate":"https:\/\/www.padreeustaquio.com.br\/?s={search_term_string}"},"query-input":{"@type":"PropertyValueSpecification","valueRequired":true,"valueName":"search_term_string"}}],"inLanguage":"es"},{"@type":"Organization","@id":"https:\/\/www.padreeustaquio.com.br\/#organization","name":"Padre Eustace","url":"https:\/\/www.padreeustaquio.com.br\/","logo":{"@type":"ImageObject","inLanguage":"es","@id":"https:\/\/www.padreeustaquio.com.br\/#\/schema\/logo\/image\/","url":"https:\/\/www.padreeustaquio.com.br\/wp-content\/uploads\/2019\/08\/marca.png","contentUrl":"https:\/\/www.padreeustaquio.com.br\/wp-content\/uploads\/2019\/08\/marca.png","width":350,"height":400,"caption":"Padre Eust\u00e1quio"},"image":{"@id":"https:\/\/www.padreeustaquio.com.br\/#\/schema\/logo\/image\/"},"sameAs":["https:\/\/www.facebook.com\/beatopadreeustaquio\/","https:\/\/x.com\/beatopeustaquio","https:\/\/www.instagram.com\/beatopadreeustaquio\/","https:\/\/www.youtube.com\/channel\/UCRhw7vfabnajwLxb1ZXMeIw"]},{"@type":"Person","@id":"https:\/\/www.padreeustaquio.com.br\/#\/schema\/person\/a2a51db1d00f1a7af0204a0f1ddb1566","name":"@sscc","image":{"@type":"ImageObject","inLanguage":"es","@id":"https:\/\/secure.gravatar.com\/avatar\/68cfafa5f44617fea54071e215026e0ff06be366c3d54a8425f04fdcb86f8c5f?s=96&d=mm&r=g","url":"https:\/\/secure.gravatar.com\/avatar\/68cfafa5f44617fea54071e215026e0ff06be366c3d54a8425f04fdcb86f8c5f?s=96&d=mm&r=g","contentUrl":"https:\/\/secure.gravatar.com\/avatar\/68cfafa5f44617fea54071e215026e0ff06be366c3d54a8425f04fdcb86f8c5f?s=96&d=mm&r=g","caption":"@sscc"},"url":"https:\/\/www.padreeustaquio.com.br\/es\/author\/sscc\/"}]}},"_links":{"self":[{"href":"https:\/\/www.padreeustaquio.com.br\/es\/wp-json\/wp\/v2\/posts\/8063","targetHints":{"allow":["GET"]}}],"collection":[{"href":"https:\/\/www.padreeustaquio.com.br\/es\/wp-json\/wp\/v2\/posts"}],"about":[{"href":"https:\/\/www.padreeustaquio.com.br\/es\/wp-json\/wp\/v2\/types\/post"}],"author":[{"embeddable":true,"href":"https:\/\/www.padreeustaquio.com.br\/es\/wp-json\/wp\/v2\/users\/2"}],"replies":[{"embeddable":true,"href":"https:\/\/www.padreeustaquio.com.br\/es\/wp-json\/wp\/v2\/comments?post=8063"}],"version-history":[{"count":0,"href":"https:\/\/www.padreeustaquio.com.br\/es\/wp-json\/wp\/v2\/posts\/8063\/revisions"}],"wp:featuredmedia":[{"embeddable":true,"href":"https:\/\/www.padreeustaquio.com.br\/es\/wp-json\/wp\/v2\/media\/8065"}],"wp:attachment":[{"href":"https:\/\/www.padreeustaquio.com.br\/es\/wp-json\/wp\/v2\/media?parent=8063"}],"wp:term":[{"taxonomy":"category","embeddable":true,"href":"https:\/\/www.padreeustaquio.com.br\/es\/wp-json\/wp\/v2\/categories?post=8063"},{"taxonomy":"post_tag","embeddable":true,"href":"https:\/\/www.padreeustaquio.com.br\/es\/wp-json\/wp\/v2\/tags?post=8063"}],"curies":[{"name":"wp","href":"https:\/\/api.w.org\/{rel}","templated":true}]}}