{"id":8048,"date":"2022-02-04T06:22:00","date_gmt":"2022-02-04T09:22:00","guid":{"rendered":"https:\/\/www.padreeustaquio.com.br\/?p=8048"},"modified":"2022-02-03T09:33:03","modified_gmt":"2022-02-03T12:33:03","slug":"las-palabras-del-padre-eustace-sobre-la-caridad","status":"publish","type":"post","link":"https:\/\/www.padreeustaquio.com.br\/es\/las-palabras-del-padre-eustace-sobre-la-caridad\/","title":{"rendered":"Palabras del Padre Eust\u00e1quio \u2013 CARIDAD"},"content":{"rendered":"<p>No podemos decir que amamos a Dios si no tenemos compasi\u00f3n por nuestro pr\u00f3jimo. Quien no ama a su hermano no conoce a Dios, como nos dice la Santa Biblia. Jes\u00fas trajo consigo un nuevo mandamiento: nos pide amarnos unos a otros como el Padre nos ama.<\/p>\n\n\n\n<p>\u00bfY qu\u00e9 mejor manera de demostrar este amor al pr\u00f3jimo, especialmente a los m\u00e1s necesitados, que a trav\u00e9s de la caridad? Ayudar a un hermano necesitado, apoyarlo y brindarle asistencia es una forma de demostrar nuestro amor a nuestros hermanos y hermanas, y tambi\u00e9n a Dios.<\/p>\n\n\n\n<blockquote class=\"wp-block-quote is-layout-flow wp-block-quote-is-layout-flow\"><p><em>\u201c&quot;Si yo hablase lenguas humanas y ang\u00e9licas, y no tengo caridad, vengo a ser como metal que resuena, o c\u00edmbalo que reti\u00f1e.&quot;\u201d<\/em> 1 Corintios 13:1<\/p><\/blockquote>\n\n\n\n<p>El Padre Eust\u00e1quio vivi\u00f3 con integridad su amor a Dios y su caridad a lo largo de su vida. Vivi\u00f3 para servir y ayudar a los m\u00e1s necesitados que lo buscaban.<\/p>\n\n\n\n<p>En los cuadernos que dej\u00f3 el Bendito, encontramos numerosos textos que hablan de la Caridad. Lea uno de estos textos a continuaci\u00f3n. Fue extra\u00eddo del Cuaderno 18, catalogado por el equipo que trabaja en la preservaci\u00f3n de las pertenencias del Bendito.<\/p>\n\n\n\n<p><strong><em>Caridad<\/em><\/strong><\/p>\n\n\n\n<p><em><strong>\u201cEs imposible amar a Dios y al mismo tiempo no amar al pr\u00f3jimo. El mismo mandamiento que nos exige amar a Dios exige amar al pr\u00f3jimo. Hemos recibido, como dice San Juan, este mandamiento: quien ama a Dios ama tambi\u00e9n a su pr\u00f3jimo. Amar a Dios y amar al pr\u00f3jimo, como ense\u00f1a Santo Tom\u00e1s, proviene de la misma virtud. Toda la vida de Jesucristo es una serie de obras de caridad. Busca a los pobres, a los culpables, los defiende, los sostiene, los perdona. Y como en todas las virtudes, no hay santo que imite a Jes\u00fas m\u00e1s que Mar\u00eda, por eso Mar\u00eda tuvo una gran caridad con la que sostuvo a todos los pobres y necesitados. Incluso en las bodas de Can\u00e1, Mar\u00eda no soport\u00f3 ver que les faltaba vino; hizo todo lo posible para sacarlos de sus apuros.\u201d<\/strong><\/em><\/p>\n\n\n\n<p><\/p>","protected":false},"excerpt":{"rendered":"<p>N\u00e3o podemos dizer que amamos a Deus, se n\u00e3o nos compadecemos para com o pr\u00f3ximo. Quem n\u00e3o ama seus irm\u00e3os n\u00e3o conhece a Deus, j\u00e1 nos diz a B\u00edblia Sagrada. Jesus trouxe consigo um novo mandamento, pedindo que amemos uns aos outros como o Pai nos ama. E qual a melhor forma de demostrar esse amor ao pr\u00f3ximo, principalmente aos mais necessitados, se n\u00e3o por meio da caridade. Ajudar o irm\u00e3o que necessita, amparar e dar apoio \u00e9 uma forma de demostrar nosso amor aos nossos irm\u00e3os e tamb\u00e9m a Deus. &#8220;Ainda que eu falasse as l\u00ednguas dos homens e [&hellip;]<\/p>\n","protected":false},"author":2,"featured_media":8049,"comment_status":"open","ping_status":"closed","sticky":false,"template":"","format":"standard","meta":{"_acf_changed":false,"footnotes":""},"categories":[611],"tags":[],"class_list":["post-8048","post","type-post","status-publish","format-standard","has-post-thumbnail","hentry","category-noticias"],"acf":[],"yoast_head":"<!-- This site is optimized with the Yoast SEO plugin v27.2 - https:\/\/yoast.com\/product\/yoast-seo-wordpress\/ -->\n<title>Palavras de Padre Eust\u00e1quio - A CARIDADE<\/title>\n<meta name=\"description\" content=\"Em cadernos deixados pelo Bem-aventurado, encontramos muitos textos que falam sobre a Caridade. Leia um desses textos a seguir. Ele foi retirado do Caderno 18 catalogado pela equipe que trabalha na preserva\u00e7\u00e3o dos objetos do Beato.\" \/>\n<meta name=\"robots\" content=\"index, follow, max-snippet:-1, max-image-preview:large, max-video-preview:-1\" \/>\n<link rel=\"canonical\" href=\"https:\/\/www.padreeustaquio.com.br\/es\/las-palabras-del-padre-eustace-sobre-la-caridad\/\" \/>\n<meta property=\"og:locale\" content=\"es_ES\" \/>\n<meta property=\"og:type\" content=\"article\" \/>\n<meta property=\"og:title\" content=\"Palavras de Padre Eust\u00e1quio - A CARIDADE\" \/>\n<meta property=\"og:description\" content=\"Em cadernos deixados pelo Bem-aventurado, encontramos muitos textos que falam sobre a Caridade. Leia um desses textos a seguir. Ele foi retirado do Caderno 18 catalogado pela equipe que trabalha na preserva\u00e7\u00e3o dos objetos do Beato.\" \/>\n<meta property=\"og:url\" content=\"https:\/\/www.padreeustaquio.com.br\/es\/las-palabras-del-padre-eustace-sobre-la-caridad\/\" \/>\n<meta property=\"og:site_name\" content=\"Padre Eust\u00e1quio\" \/>\n<meta property=\"article:publisher\" content=\"https:\/\/www.facebook.com\/beatopadreeustaquio\/\" \/>\n<meta property=\"article:published_time\" content=\"2022-02-04T09:22:00+00:00\" \/>\n<meta property=\"og:image\" content=\"https:\/\/www.padreeustaquio.com.br\/wp-content\/uploads\/2022\/02\/padre-eustaquio-e-a-caridade.jpg\" \/>\n\t<meta property=\"og:image:width\" content=\"748\" \/>\n\t<meta property=\"og:image:height\" content=\"394\" \/>\n\t<meta property=\"og:image:type\" content=\"image\/jpeg\" \/>\n<meta name=\"author\" content=\"@sscc\" \/>\n<meta name=\"twitter:card\" content=\"summary_large_image\" \/>\n<meta name=\"twitter:creator\" content=\"@beatopeustaquio\" \/>\n<meta name=\"twitter:site\" content=\"@beatopeustaquio\" \/>\n<meta name=\"twitter:label1\" content=\"Escrito por\" \/>\n\t<meta name=\"twitter:data1\" content=\"@sscc\" \/>\n\t<meta name=\"twitter:label2\" content=\"Tiempo de lectura\" \/>\n\t<meta name=\"twitter:data2\" content=\"2 minutos\" \/>\n<script type=\"application\/ld+json\" class=\"yoast-schema-graph\">{\"@context\":\"https:\/\/schema.org\",\"@graph\":[{\"@type\":\"Article\",\"@id\":\"https:\/\/www.padreeustaquio.com.br\/palavras-de-padre-eustaquio-a-caridade\/#article\",\"isPartOf\":{\"@id\":\"https:\/\/www.padreeustaquio.com.br\/palavras-de-padre-eustaquio-a-caridade\/\"},\"author\":{\"name\":\"@sscc\",\"@id\":\"https:\/\/www.padreeustaquio.com.br\/#\/schema\/person\/a2a51db1d00f1a7af0204a0f1ddb1566\"},\"headline\":\"Palavras de Padre Eust\u00e1quio &#8211; A CARIDADE\",\"datePublished\":\"2022-02-04T09:22:00+00:00\",\"mainEntityOfPage\":{\"@id\":\"https:\/\/www.padreeustaquio.com.br\/palavras-de-padre-eustaquio-a-caridade\/\"},\"wordCount\":363,\"commentCount\":0,\"publisher\":{\"@id\":\"https:\/\/www.padreeustaquio.com.br\/#organization\"},\"image\":{\"@id\":\"https:\/\/www.padreeustaquio.com.br\/palavras-de-padre-eustaquio-a-caridade\/#primaryimage\"},\"thumbnailUrl\":\"https:\/\/www.padreeustaquio.com.br\/wp-content\/uploads\/2022\/02\/padre-eustaquio-e-a-caridade.jpg\",\"articleSection\":[\"Not\u00edcias\"],\"inLanguage\":\"es\",\"potentialAction\":[{\"@type\":\"CommentAction\",\"name\":\"Comment\",\"target\":[\"https:\/\/www.padreeustaquio.com.br\/palavras-de-padre-eustaquio-a-caridade\/#respond\"]}]},{\"@type\":\"WebPage\",\"@id\":\"https:\/\/www.padreeustaquio.com.br\/palavras-de-padre-eustaquio-a-caridade\/\",\"url\":\"https:\/\/www.padreeustaquio.com.br\/palavras-de-padre-eustaquio-a-caridade\/\",\"name\":\"Palavras de Padre Eust\u00e1quio - A CARIDADE\",\"isPartOf\":{\"@id\":\"https:\/\/www.padreeustaquio.com.br\/#website\"},\"primaryImageOfPage\":{\"@id\":\"https:\/\/www.padreeustaquio.com.br\/palavras-de-padre-eustaquio-a-caridade\/#primaryimage\"},\"image\":{\"@id\":\"https:\/\/www.padreeustaquio.com.br\/palavras-de-padre-eustaquio-a-caridade\/#primaryimage\"},\"thumbnailUrl\":\"https:\/\/www.padreeustaquio.com.br\/wp-content\/uploads\/2022\/02\/padre-eustaquio-e-a-caridade.jpg\",\"datePublished\":\"2022-02-04T09:22:00+00:00\",\"description\":\"Em cadernos deixados pelo Bem-aventurado, encontramos muitos textos que falam sobre a Caridade. Leia um desses textos a seguir. Ele foi retirado do Caderno 18 catalogado pela equipe que trabalha na preserva\u00e7\u00e3o dos objetos do Beato.\",\"breadcrumb\":{\"@id\":\"https:\/\/www.padreeustaquio.com.br\/palavras-de-padre-eustaquio-a-caridade\/#breadcrumb\"},\"inLanguage\":\"es\",\"potentialAction\":[{\"@type\":\"ReadAction\",\"target\":[\"https:\/\/www.padreeustaquio.com.br\/palavras-de-padre-eustaquio-a-caridade\/\"]}]},{\"@type\":\"ImageObject\",\"inLanguage\":\"es\",\"@id\":\"https:\/\/www.padreeustaquio.com.br\/palavras-de-padre-eustaquio-a-caridade\/#primaryimage\",\"url\":\"https:\/\/www.padreeustaquio.com.br\/wp-content\/uploads\/2022\/02\/padre-eustaquio-e-a-caridade.jpg\",\"contentUrl\":\"https:\/\/www.padreeustaquio.com.br\/wp-content\/uploads\/2022\/02\/padre-eustaquio-e-a-caridade.jpg\",\"width\":748,\"height\":394},{\"@type\":\"BreadcrumbList\",\"@id\":\"https:\/\/www.padreeustaquio.com.br\/palavras-de-padre-eustaquio-a-caridade\/#breadcrumb\",\"itemListElement\":[{\"@type\":\"ListItem\",\"position\":1,\"name\":\"In\u00edcio\",\"item\":\"https:\/\/www.padreeustaquio.com.br\/\"},{\"@type\":\"ListItem\",\"position\":2,\"name\":\"Palavras de Padre Eust\u00e1quio &#8211; A CARIDADE\"}]},{\"@type\":\"WebSite\",\"@id\":\"https:\/\/www.padreeustaquio.com.br\/#website\",\"url\":\"https:\/\/www.padreeustaquio.com.br\/\",\"name\":\"Padre Eust\u00e1quio\",\"description\":\"Sa\u00fade e Paz\",\"publisher\":{\"@id\":\"https:\/\/www.padreeustaquio.com.br\/#organization\"},\"potentialAction\":[{\"@type\":\"SearchAction\",\"target\":{\"@type\":\"EntryPoint\",\"urlTemplate\":\"https:\/\/www.padreeustaquio.com.br\/?s={search_term_string}\"},\"query-input\":{\"@type\":\"PropertyValueSpecification\",\"valueRequired\":true,\"valueName\":\"search_term_string\"}}],\"inLanguage\":\"es\"},{\"@type\":\"Organization\",\"@id\":\"https:\/\/www.padreeustaquio.com.br\/#organization\",\"name\":\"Padre Eust\u00e1quio\",\"url\":\"https:\/\/www.padreeustaquio.com.br\/\",\"logo\":{\"@type\":\"ImageObject\",\"inLanguage\":\"es\",\"@id\":\"https:\/\/www.padreeustaquio.com.br\/#\/schema\/logo\/image\/\",\"url\":\"https:\/\/www.padreeustaquio.com.br\/wp-content\/uploads\/2019\/08\/marca.png\",\"contentUrl\":\"https:\/\/www.padreeustaquio.com.br\/wp-content\/uploads\/2019\/08\/marca.png\",\"width\":350,\"height\":400,\"caption\":\"Padre Eust\u00e1quio\"},\"image\":{\"@id\":\"https:\/\/www.padreeustaquio.com.br\/#\/schema\/logo\/image\/\"},\"sameAs\":[\"https:\/\/www.facebook.com\/beatopadreeustaquio\/\",\"https:\/\/x.com\/beatopeustaquio\",\"https:\/\/www.instagram.com\/beatopadreeustaquio\/\",\"https:\/\/www.youtube.com\/channel\/UCRhw7vfabnajwLxb1ZXMeIw\"]},{\"@type\":\"Person\",\"@id\":\"https:\/\/www.padreeustaquio.com.br\/#\/schema\/person\/a2a51db1d00f1a7af0204a0f1ddb1566\",\"name\":\"@sscc\",\"image\":{\"@type\":\"ImageObject\",\"inLanguage\":\"es\",\"@id\":\"https:\/\/secure.gravatar.com\/avatar\/68cfafa5f44617fea54071e215026e0ff06be366c3d54a8425f04fdcb86f8c5f?s=96&d=mm&r=g\",\"url\":\"https:\/\/secure.gravatar.com\/avatar\/68cfafa5f44617fea54071e215026e0ff06be366c3d54a8425f04fdcb86f8c5f?s=96&d=mm&r=g\",\"contentUrl\":\"https:\/\/secure.gravatar.com\/avatar\/68cfafa5f44617fea54071e215026e0ff06be366c3d54a8425f04fdcb86f8c5f?s=96&d=mm&r=g\",\"caption\":\"@sscc\"},\"url\":\"https:\/\/www.padreeustaquio.com.br\/es\/author\/sscc\/\"}]}<\/script>\n<!-- \/ Yoast SEO plugin. -->","yoast_head_json":{"title":"Palabras del Padre Eust\u00e1quio - CARIDAD","description":"En los cuadernos que dej\u00f3 el Bendito, encontramos numerosos textos que hablan de la Caridad. Lea uno de estos textos a continuaci\u00f3n. Fue extra\u00eddo del Cuaderno 18, catalogado por el equipo que trabaja en la preservaci\u00f3n de las pertenencias del Bendito.","robots":{"index":"index","follow":"follow","max-snippet":"max-snippet:-1","max-image-preview":"max-image-preview:large","max-video-preview":"max-video-preview:-1"},"canonical":"https:\/\/www.padreeustaquio.com.br\/es\/las-palabras-del-padre-eustace-sobre-la-caridad\/","og_locale":"es_ES","og_type":"article","og_title":"Palavras de Padre Eust\u00e1quio - A CARIDADE","og_description":"Em cadernos deixados pelo Bem-aventurado, encontramos muitos textos que falam sobre a Caridade. Leia um desses textos a seguir. Ele foi retirado do Caderno 18 catalogado pela equipe que trabalha na preserva\u00e7\u00e3o dos objetos do Beato.","og_url":"https:\/\/www.padreeustaquio.com.br\/es\/las-palabras-del-padre-eustace-sobre-la-caridad\/","og_site_name":"Padre Eust\u00e1quio","article_publisher":"https:\/\/www.facebook.com\/beatopadreeustaquio\/","article_published_time":"2022-02-04T09:22:00+00:00","og_image":[{"width":748,"height":394,"url":"https:\/\/www.padreeustaquio.com.br\/wp-content\/uploads\/2022\/02\/padre-eustaquio-e-a-caridade.jpg","type":"image\/jpeg"}],"author":"@sscc","twitter_card":"summary_large_image","twitter_creator":"@beatopeustaquio","twitter_site":"@beatopeustaquio","twitter_misc":{"Escrito por":"@sscc","Tiempo de lectura":"2 minutos"},"schema":{"@context":"https:\/\/schema.org","@graph":[{"@type":"Article","@id":"https:\/\/www.padreeustaquio.com.br\/palavras-de-padre-eustaquio-a-caridade\/#article","isPartOf":{"@id":"https:\/\/www.padreeustaquio.com.br\/palavras-de-padre-eustaquio-a-caridade\/"},"author":{"name":"@sscc","@id":"https:\/\/www.padreeustaquio.com.br\/#\/schema\/person\/a2a51db1d00f1a7af0204a0f1ddb1566"},"headline":"Palavras de Padre Eust\u00e1quio &#8211; A CARIDADE","datePublished":"2022-02-04T09:22:00+00:00","mainEntityOfPage":{"@id":"https:\/\/www.padreeustaquio.com.br\/palavras-de-padre-eustaquio-a-caridade\/"},"wordCount":363,"commentCount":0,"publisher":{"@id":"https:\/\/www.padreeustaquio.com.br\/#organization"},"image":{"@id":"https:\/\/www.padreeustaquio.com.br\/palavras-de-padre-eustaquio-a-caridade\/#primaryimage"},"thumbnailUrl":"https:\/\/www.padreeustaquio.com.br\/wp-content\/uploads\/2022\/02\/padre-eustaquio-e-a-caridade.jpg","articleSection":["Not\u00edcias"],"inLanguage":"es","potentialAction":[{"@type":"CommentAction","name":"Comment","target":["https:\/\/www.padreeustaquio.com.br\/palavras-de-padre-eustaquio-a-caridade\/#respond"]}]},{"@type":"WebPage","@id":"https:\/\/www.padreeustaquio.com.br\/palavras-de-padre-eustaquio-a-caridade\/","url":"https:\/\/www.padreeustaquio.com.br\/palavras-de-padre-eustaquio-a-caridade\/","name":"Palabras del Padre Eust\u00e1quio - CARIDAD","isPartOf":{"@id":"https:\/\/www.padreeustaquio.com.br\/#website"},"primaryImageOfPage":{"@id":"https:\/\/www.padreeustaquio.com.br\/palavras-de-padre-eustaquio-a-caridade\/#primaryimage"},"image":{"@id":"https:\/\/www.padreeustaquio.com.br\/palavras-de-padre-eustaquio-a-caridade\/#primaryimage"},"thumbnailUrl":"https:\/\/www.padreeustaquio.com.br\/wp-content\/uploads\/2022\/02\/padre-eustaquio-e-a-caridade.jpg","datePublished":"2022-02-04T09:22:00+00:00","description":"En los cuadernos que dej\u00f3 el Bendito, encontramos numerosos textos que hablan de la Caridad. Lea uno de estos textos a continuaci\u00f3n. Fue extra\u00eddo del Cuaderno 18, catalogado por el equipo que trabaja en la preservaci\u00f3n de las pertenencias del Bendito.","breadcrumb":{"@id":"https:\/\/www.padreeustaquio.com.br\/palavras-de-padre-eustaquio-a-caridade\/#breadcrumb"},"inLanguage":"es","potentialAction":[{"@type":"ReadAction","target":["https:\/\/www.padreeustaquio.com.br\/palavras-de-padre-eustaquio-a-caridade\/"]}]},{"@type":"ImageObject","inLanguage":"es","@id":"https:\/\/www.padreeustaquio.com.br\/palavras-de-padre-eustaquio-a-caridade\/#primaryimage","url":"https:\/\/www.padreeustaquio.com.br\/wp-content\/uploads\/2022\/02\/padre-eustaquio-e-a-caridade.jpg","contentUrl":"https:\/\/www.padreeustaquio.com.br\/wp-content\/uploads\/2022\/02\/padre-eustaquio-e-a-caridade.jpg","width":748,"height":394},{"@type":"BreadcrumbList","@id":"https:\/\/www.padreeustaquio.com.br\/palavras-de-padre-eustaquio-a-caridade\/#breadcrumb","itemListElement":[{"@type":"ListItem","position":1,"name":"In\u00edcio","item":"https:\/\/www.padreeustaquio.com.br\/"},{"@type":"ListItem","position":2,"name":"Palavras de Padre Eust\u00e1quio &#8211; A CARIDADE"}]},{"@type":"WebSite","@id":"https:\/\/www.padreeustaquio.com.br\/#website","url":"https:\/\/www.padreeustaquio.com.br\/","name":"Padre Eustace","description":"Salud y Paz","publisher":{"@id":"https:\/\/www.padreeustaquio.com.br\/#organization"},"potentialAction":[{"@type":"SearchAction","target":{"@type":"EntryPoint","urlTemplate":"https:\/\/www.padreeustaquio.com.br\/?s={search_term_string}"},"query-input":{"@type":"PropertyValueSpecification","valueRequired":true,"valueName":"search_term_string"}}],"inLanguage":"es"},{"@type":"Organization","@id":"https:\/\/www.padreeustaquio.com.br\/#organization","name":"Padre Eustace","url":"https:\/\/www.padreeustaquio.com.br\/","logo":{"@type":"ImageObject","inLanguage":"es","@id":"https:\/\/www.padreeustaquio.com.br\/#\/schema\/logo\/image\/","url":"https:\/\/www.padreeustaquio.com.br\/wp-content\/uploads\/2019\/08\/marca.png","contentUrl":"https:\/\/www.padreeustaquio.com.br\/wp-content\/uploads\/2019\/08\/marca.png","width":350,"height":400,"caption":"Padre Eust\u00e1quio"},"image":{"@id":"https:\/\/www.padreeustaquio.com.br\/#\/schema\/logo\/image\/"},"sameAs":["https:\/\/www.facebook.com\/beatopadreeustaquio\/","https:\/\/x.com\/beatopeustaquio","https:\/\/www.instagram.com\/beatopadreeustaquio\/","https:\/\/www.youtube.com\/channel\/UCRhw7vfabnajwLxb1ZXMeIw"]},{"@type":"Person","@id":"https:\/\/www.padreeustaquio.com.br\/#\/schema\/person\/a2a51db1d00f1a7af0204a0f1ddb1566","name":"@sscc","image":{"@type":"ImageObject","inLanguage":"es","@id":"https:\/\/secure.gravatar.com\/avatar\/68cfafa5f44617fea54071e215026e0ff06be366c3d54a8425f04fdcb86f8c5f?s=96&d=mm&r=g","url":"https:\/\/secure.gravatar.com\/avatar\/68cfafa5f44617fea54071e215026e0ff06be366c3d54a8425f04fdcb86f8c5f?s=96&d=mm&r=g","contentUrl":"https:\/\/secure.gravatar.com\/avatar\/68cfafa5f44617fea54071e215026e0ff06be366c3d54a8425f04fdcb86f8c5f?s=96&d=mm&r=g","caption":"@sscc"},"url":"https:\/\/www.padreeustaquio.com.br\/es\/author\/sscc\/"}]}},"_links":{"self":[{"href":"https:\/\/www.padreeustaquio.com.br\/es\/wp-json\/wp\/v2\/posts\/8048","targetHints":{"allow":["GET"]}}],"collection":[{"href":"https:\/\/www.padreeustaquio.com.br\/es\/wp-json\/wp\/v2\/posts"}],"about":[{"href":"https:\/\/www.padreeustaquio.com.br\/es\/wp-json\/wp\/v2\/types\/post"}],"author":[{"embeddable":true,"href":"https:\/\/www.padreeustaquio.com.br\/es\/wp-json\/wp\/v2\/users\/2"}],"replies":[{"embeddable":true,"href":"https:\/\/www.padreeustaquio.com.br\/es\/wp-json\/wp\/v2\/comments?post=8048"}],"version-history":[{"count":0,"href":"https:\/\/www.padreeustaquio.com.br\/es\/wp-json\/wp\/v2\/posts\/8048\/revisions"}],"wp:featuredmedia":[{"embeddable":true,"href":"https:\/\/www.padreeustaquio.com.br\/es\/wp-json\/wp\/v2\/media\/8049"}],"wp:attachment":[{"href":"https:\/\/www.padreeustaquio.com.br\/es\/wp-json\/wp\/v2\/media?parent=8048"}],"wp:term":[{"taxonomy":"category","embeddable":true,"href":"https:\/\/www.padreeustaquio.com.br\/es\/wp-json\/wp\/v2\/categories?post=8048"},{"taxonomy":"post_tag","embeddable":true,"href":"https:\/\/www.padreeustaquio.com.br\/es\/wp-json\/wp\/v2\/tags?post=8048"}],"curies":[{"name":"wp","href":"https:\/\/api.w.org\/{rel}","templated":true}]}}