{"id":8045,"date":"2022-02-03T09:20:36","date_gmt":"2022-02-03T12:20:36","guid":{"rendered":"https:\/\/www.padreeustaquio.com.br\/?p=8045"},"modified":"2022-02-03T09:21:04","modified_gmt":"2022-02-03T12:21:04","slug":"guarderias-padre-eustaquio-retoman-clases-en-belo-horizonte-con-ninos-de-hasta-4-anos","status":"publish","type":"post","link":"https:\/\/www.padreeustaquio.com.br\/es\/guarderias-padre-eustaquio-retoman-clases-en-belo-horizonte-con-ninos-de-hasta-4-anos\/","title":{"rendered":"Guarder\u00edas Padre Eust\u00e1quio retoman clases en Belo Horizonte con ni\u00f1os de hasta 4 a\u00f1os."},"content":{"rendered":"<p>Las Guarder\u00edas Padre Eust\u00e1quio, administradas por la organizaci\u00f3n Acci\u00f3n Social Padre Eust\u00e1quio, reabrieron hoy, 3 de febrero, para impartir clases presenciales. Las instituciones ya aceptan ni\u00f1os de 0 a 4 a\u00f1os. Los ni\u00f1os de 5 a\u00f1os tendr\u00e1n que esperar un poco m\u00e1s.<\/p>\n\n\n\n<p>Aproximadamente 350 ni\u00f1os fueron recibidos en las dos guarder\u00edas que llevan el nombre del Beato Padre Eust\u00e1quio, las cuales se mantienen gracias a donaciones y colaboraciones con la Acci\u00f3n Social Padre Eust\u00e1quio. Siguiendo todos los protocolos sanitarios, el personal de la guarder\u00eda se mostr\u00f3 entusiasmado y feliz de volver a ver a los ni\u00f1os despu\u00e9s de las vacaciones.<\/p>\n\n\n\n<p>Las clases del segundo periodo (con ni\u00f1os de 5 a\u00f1os) tambi\u00e9n estaban programadas para comenzar hoy; sin embargo, tras una decisi\u00f3n del alcalde Alexandre Kalil, el regreso a clases para estos grupos tuvo que posponerse en Belo Horizonte. Las escuelas ya se encontraban en la fase final de preparaci\u00f3n cuando recibieron la noticia y, por lo tanto, ya est\u00e1n preparadas para recibir a los ni\u00f1os, respetando todos los protocolos vigentes. <\/p>\n\n\n\n<p>Actualmente, Acci\u00f3n Social mantiene dos guarder\u00edas, una en el barrio Padre Eust\u00e1quio y otra en el barrio Coqueiros. Ambas se encuentran en Belo Horizonte y atienden a m\u00e1s de 420 ni\u00f1os. Las guarder\u00edas, que reciben apoyo del ayuntamiento, tambi\u00e9n se mantienen gracias a donaciones que contribuyen a las necesidades personales y educativas de los ni\u00f1os.<\/p>\n\n\n\n<p>Si desea ser amigo de las Guarder\u00edas Padre Eust\u00e1quio, haga su donaci\u00f3n al PIX (31) 99545-1943. O a trav\u00e9s de la cuenta:<\/p>\n\n\n\n<p>Acci\u00f3n Social Padre Eust\u00e1quio \u2013 CNPJ: 17.193.756\/0001-05<br>Banco Federal de Ahorros<br>Agencia: 0089 \u2013 Operaci\u00f3n: 013<br>Cuenta de ahorros: 48.086-7<\/p>\n\n\n\n<p><\/p>","protected":false},"excerpt":{"rendered":"<p>As Creches Padre Eust\u00e1quio, mantidas pela A\u00e7\u00e3o Social Padre Eust\u00e1quio, retornaram hoje, 03 de fevereiro, aos trabalhos em sala de aula. As institui\u00e7\u00f5es voltaram recebendo alunos de 0 a 4 anos. As crian\u00e7as de 5 anos, ainda v\u00e3o ter que esperar mais um pouco. Cerca de 350 crian\u00e7as foram recebidas nas duas Creches que levam o nome do Bem-Aventurado e que s\u00e3o mantidas pelas doa\u00e7\u00f5es e parcerias feitas pela A\u00e7\u00e3o Social Padre Eust\u00e1quio. Seguindo todos os protocolos sanit\u00e1rios, os profissionais das creches estavam animados e felizes em rever as crian\u00e7as depois deste per\u00edodo de f\u00e9rias. As aulas do 2\u00ba Per\u00edodo [&hellip;]<\/p>\n","protected":false},"author":2,"featured_media":8046,"comment_status":"open","ping_status":"closed","sticky":false,"template":"","format":"standard","meta":{"_acf_changed":false,"footnotes":""},"categories":[611],"tags":[],"class_list":["post-8045","post","type-post","status-publish","format-standard","has-post-thumbnail","hentry","category-noticias"],"acf":[],"yoast_head":"<!-- This site is optimized with the Yoast SEO plugin v27.2 - https:\/\/yoast.com\/product\/yoast-seo-wordpress\/ -->\n<title>Creches Padre Eust\u00e1quio retomam as aulas em BH com crian\u00e7as at\u00e9 4 anos<\/title>\n<meta name=\"description\" content=\"As Creches Padre Eust\u00e1quio, mantidas pela A\u00e7\u00e3o Social Padre Eust\u00e1quio, retornaram hoje, 03 de fevereiro, aos trabalhos em sala de aula. As institui\u00e7\u00f5es voltaram recebendo alunos de 0 a 4 anos. As crian\u00e7as de 5 anos, ainda v\u00e3o ter que esperar mais um pouco.\" \/>\n<meta name=\"robots\" content=\"index, follow, max-snippet:-1, max-image-preview:large, max-video-preview:-1\" \/>\n<link rel=\"canonical\" href=\"https:\/\/www.padreeustaquio.com.br\/es\/guarderias-padre-eustaquio-retoman-clases-en-belo-horizonte-con-ninos-de-hasta-4-anos\/\" \/>\n<meta property=\"og:locale\" content=\"es_ES\" \/>\n<meta property=\"og:type\" content=\"article\" \/>\n<meta property=\"og:title\" content=\"Creches Padre Eust\u00e1quio retomam as aulas em BH com crian\u00e7as at\u00e9 4 anos\" \/>\n<meta property=\"og:description\" content=\"As Creches Padre Eust\u00e1quio, mantidas pela A\u00e7\u00e3o Social Padre Eust\u00e1quio, retornaram hoje, 03 de fevereiro, aos trabalhos em sala de aula. As institui\u00e7\u00f5es voltaram recebendo alunos de 0 a 4 anos. As crian\u00e7as de 5 anos, ainda v\u00e3o ter que esperar mais um pouco.\" \/>\n<meta property=\"og:url\" content=\"https:\/\/www.padreeustaquio.com.br\/es\/guarderias-padre-eustaquio-retoman-clases-en-belo-horizonte-con-ninos-de-hasta-4-anos\/\" \/>\n<meta property=\"og:site_name\" content=\"Padre Eust\u00e1quio\" \/>\n<meta property=\"article:publisher\" content=\"https:\/\/www.facebook.com\/beatopadreeustaquio\/\" \/>\n<meta property=\"article:published_time\" content=\"2022-02-03T12:20:36+00:00\" \/>\n<meta property=\"article:modified_time\" content=\"2022-02-03T12:21:04+00:00\" \/>\n<meta property=\"og:image\" content=\"https:\/\/www.padreeustaquio.com.br\/wp-content\/uploads\/2022\/02\/volta-as-aulas-2022.jpg\" \/>\n\t<meta property=\"og:image:width\" content=\"748\" \/>\n\t<meta property=\"og:image:height\" content=\"394\" \/>\n\t<meta property=\"og:image:type\" content=\"image\/jpeg\" \/>\n<meta name=\"author\" content=\"@sscc\" \/>\n<meta name=\"twitter:card\" content=\"summary_large_image\" \/>\n<meta name=\"twitter:creator\" content=\"@beatopeustaquio\" \/>\n<meta name=\"twitter:site\" content=\"@beatopeustaquio\" \/>\n<meta name=\"twitter:label1\" content=\"Escrito por\" \/>\n\t<meta name=\"twitter:data1\" content=\"@sscc\" \/>\n\t<meta name=\"twitter:label2\" content=\"Tiempo de lectura\" \/>\n\t<meta name=\"twitter:data2\" content=\"2 minutos\" \/>\n<script type=\"application\/ld+json\" class=\"yoast-schema-graph\">{\"@context\":\"https:\/\/schema.org\",\"@graph\":[{\"@type\":\"Article\",\"@id\":\"https:\/\/www.padreeustaquio.com.br\/creches-padre-eustaquio-retomam-as-aulas-em-bh-com-criancas-ate-4-anos\/#article\",\"isPartOf\":{\"@id\":\"https:\/\/www.padreeustaquio.com.br\/creches-padre-eustaquio-retomam-as-aulas-em-bh-com-criancas-ate-4-anos\/\"},\"author\":{\"name\":\"@sscc\",\"@id\":\"https:\/\/www.padreeustaquio.com.br\/#\/schema\/person\/a2a51db1d00f1a7af0204a0f1ddb1566\"},\"headline\":\"Creches Padre Eust\u00e1quio retomam as aulas em BH com crian\u00e7as at\u00e9 4 anos\",\"datePublished\":\"2022-02-03T12:20:36+00:00\",\"dateModified\":\"2022-02-03T12:21:04+00:00\",\"mainEntityOfPage\":{\"@id\":\"https:\/\/www.padreeustaquio.com.br\/creches-padre-eustaquio-retomam-as-aulas-em-bh-com-criancas-ate-4-anos\/\"},\"wordCount\":295,\"commentCount\":0,\"publisher\":{\"@id\":\"https:\/\/www.padreeustaquio.com.br\/#organization\"},\"image\":{\"@id\":\"https:\/\/www.padreeustaquio.com.br\/creches-padre-eustaquio-retomam-as-aulas-em-bh-com-criancas-ate-4-anos\/#primaryimage\"},\"thumbnailUrl\":\"https:\/\/www.padreeustaquio.com.br\/wp-content\/uploads\/2022\/02\/volta-as-aulas-2022.jpg\",\"articleSection\":[\"Not\u00edcias\"],\"inLanguage\":\"es\",\"potentialAction\":[{\"@type\":\"CommentAction\",\"name\":\"Comment\",\"target\":[\"https:\/\/www.padreeustaquio.com.br\/creches-padre-eustaquio-retomam-as-aulas-em-bh-com-criancas-ate-4-anos\/#respond\"]}]},{\"@type\":\"WebPage\",\"@id\":\"https:\/\/www.padreeustaquio.com.br\/creches-padre-eustaquio-retomam-as-aulas-em-bh-com-criancas-ate-4-anos\/\",\"url\":\"https:\/\/www.padreeustaquio.com.br\/creches-padre-eustaquio-retomam-as-aulas-em-bh-com-criancas-ate-4-anos\/\",\"name\":\"Creches Padre Eust\u00e1quio retomam as aulas em BH com crian\u00e7as at\u00e9 4 anos\",\"isPartOf\":{\"@id\":\"https:\/\/www.padreeustaquio.com.br\/#website\"},\"primaryImageOfPage\":{\"@id\":\"https:\/\/www.padreeustaquio.com.br\/creches-padre-eustaquio-retomam-as-aulas-em-bh-com-criancas-ate-4-anos\/#primaryimage\"},\"image\":{\"@id\":\"https:\/\/www.padreeustaquio.com.br\/creches-padre-eustaquio-retomam-as-aulas-em-bh-com-criancas-ate-4-anos\/#primaryimage\"},\"thumbnailUrl\":\"https:\/\/www.padreeustaquio.com.br\/wp-content\/uploads\/2022\/02\/volta-as-aulas-2022.jpg\",\"datePublished\":\"2022-02-03T12:20:36+00:00\",\"dateModified\":\"2022-02-03T12:21:04+00:00\",\"description\":\"As Creches Padre Eust\u00e1quio, mantidas pela A\u00e7\u00e3o Social Padre Eust\u00e1quio, retornaram hoje, 03 de fevereiro, aos trabalhos em sala de aula. As institui\u00e7\u00f5es voltaram recebendo alunos de 0 a 4 anos. As crian\u00e7as de 5 anos, ainda v\u00e3o ter que esperar mais um pouco.\",\"breadcrumb\":{\"@id\":\"https:\/\/www.padreeustaquio.com.br\/creches-padre-eustaquio-retomam-as-aulas-em-bh-com-criancas-ate-4-anos\/#breadcrumb\"},\"inLanguage\":\"es\",\"potentialAction\":[{\"@type\":\"ReadAction\",\"target\":[\"https:\/\/www.padreeustaquio.com.br\/creches-padre-eustaquio-retomam-as-aulas-em-bh-com-criancas-ate-4-anos\/\"]}]},{\"@type\":\"ImageObject\",\"inLanguage\":\"es\",\"@id\":\"https:\/\/www.padreeustaquio.com.br\/creches-padre-eustaquio-retomam-as-aulas-em-bh-com-criancas-ate-4-anos\/#primaryimage\",\"url\":\"https:\/\/www.padreeustaquio.com.br\/wp-content\/uploads\/2022\/02\/volta-as-aulas-2022.jpg\",\"contentUrl\":\"https:\/\/www.padreeustaquio.com.br\/wp-content\/uploads\/2022\/02\/volta-as-aulas-2022.jpg\",\"width\":748,\"height\":394},{\"@type\":\"BreadcrumbList\",\"@id\":\"https:\/\/www.padreeustaquio.com.br\/creches-padre-eustaquio-retomam-as-aulas-em-bh-com-criancas-ate-4-anos\/#breadcrumb\",\"itemListElement\":[{\"@type\":\"ListItem\",\"position\":1,\"name\":\"In\u00edcio\",\"item\":\"https:\/\/www.padreeustaquio.com.br\/\"},{\"@type\":\"ListItem\",\"position\":2,\"name\":\"Creches Padre Eust\u00e1quio retomam as aulas em BH com crian\u00e7as at\u00e9 4 anos\"}]},{\"@type\":\"WebSite\",\"@id\":\"https:\/\/www.padreeustaquio.com.br\/#website\",\"url\":\"https:\/\/www.padreeustaquio.com.br\/\",\"name\":\"Padre Eust\u00e1quio\",\"description\":\"Sa\u00fade e Paz\",\"publisher\":{\"@id\":\"https:\/\/www.padreeustaquio.com.br\/#organization\"},\"potentialAction\":[{\"@type\":\"SearchAction\",\"target\":{\"@type\":\"EntryPoint\",\"urlTemplate\":\"https:\/\/www.padreeustaquio.com.br\/?s={search_term_string}\"},\"query-input\":{\"@type\":\"PropertyValueSpecification\",\"valueRequired\":true,\"valueName\":\"search_term_string\"}}],\"inLanguage\":\"es\"},{\"@type\":\"Organization\",\"@id\":\"https:\/\/www.padreeustaquio.com.br\/#organization\",\"name\":\"Padre Eust\u00e1quio\",\"url\":\"https:\/\/www.padreeustaquio.com.br\/\",\"logo\":{\"@type\":\"ImageObject\",\"inLanguage\":\"es\",\"@id\":\"https:\/\/www.padreeustaquio.com.br\/#\/schema\/logo\/image\/\",\"url\":\"https:\/\/www.padreeustaquio.com.br\/wp-content\/uploads\/2019\/08\/marca.png\",\"contentUrl\":\"https:\/\/www.padreeustaquio.com.br\/wp-content\/uploads\/2019\/08\/marca.png\",\"width\":350,\"height\":400,\"caption\":\"Padre Eust\u00e1quio\"},\"image\":{\"@id\":\"https:\/\/www.padreeustaquio.com.br\/#\/schema\/logo\/image\/\"},\"sameAs\":[\"https:\/\/www.facebook.com\/beatopadreeustaquio\/\",\"https:\/\/x.com\/beatopeustaquio\",\"https:\/\/www.instagram.com\/beatopadreeustaquio\/\",\"https:\/\/www.youtube.com\/channel\/UCRhw7vfabnajwLxb1ZXMeIw\"]},{\"@type\":\"Person\",\"@id\":\"https:\/\/www.padreeustaquio.com.br\/#\/schema\/person\/a2a51db1d00f1a7af0204a0f1ddb1566\",\"name\":\"@sscc\",\"image\":{\"@type\":\"ImageObject\",\"inLanguage\":\"es\",\"@id\":\"https:\/\/secure.gravatar.com\/avatar\/68cfafa5f44617fea54071e215026e0ff06be366c3d54a8425f04fdcb86f8c5f?s=96&d=mm&r=g\",\"url\":\"https:\/\/secure.gravatar.com\/avatar\/68cfafa5f44617fea54071e215026e0ff06be366c3d54a8425f04fdcb86f8c5f?s=96&d=mm&r=g\",\"contentUrl\":\"https:\/\/secure.gravatar.com\/avatar\/68cfafa5f44617fea54071e215026e0ff06be366c3d54a8425f04fdcb86f8c5f?s=96&d=mm&r=g\",\"caption\":\"@sscc\"},\"url\":\"https:\/\/www.padreeustaquio.com.br\/es\/author\/sscc\/\"}]}<\/script>\n<!-- \/ Yoast SEO plugin. -->","yoast_head_json":{"title":"Guarder\u00edas Padre Eust\u00e1quio retoman clases en Belo Horizonte con ni\u00f1os de hasta 4 a\u00f1os.","description":"Las Guarder\u00edas Padre Eust\u00e1quio, administradas por la organizaci\u00f3n Acci\u00f3n Social Padre Eust\u00e1quio, reabrieron hoy, 3 de febrero, para impartir clases presenciales. Las instituciones ya aceptan ni\u00f1os de 0 a 4 a\u00f1os. Los ni\u00f1os de 5 a\u00f1os tendr\u00e1n que esperar un poco m\u00e1s.","robots":{"index":"index","follow":"follow","max-snippet":"max-snippet:-1","max-image-preview":"max-image-preview:large","max-video-preview":"max-video-preview:-1"},"canonical":"https:\/\/www.padreeustaquio.com.br\/es\/guarderias-padre-eustaquio-retoman-clases-en-belo-horizonte-con-ninos-de-hasta-4-anos\/","og_locale":"es_ES","og_type":"article","og_title":"Creches Padre Eust\u00e1quio retomam as aulas em BH com crian\u00e7as at\u00e9 4 anos","og_description":"As Creches Padre Eust\u00e1quio, mantidas pela A\u00e7\u00e3o Social Padre Eust\u00e1quio, retornaram hoje, 03 de fevereiro, aos trabalhos em sala de aula. As institui\u00e7\u00f5es voltaram recebendo alunos de 0 a 4 anos. As crian\u00e7as de 5 anos, ainda v\u00e3o ter que esperar mais um pouco.","og_url":"https:\/\/www.padreeustaquio.com.br\/es\/guarderias-padre-eustaquio-retoman-clases-en-belo-horizonte-con-ninos-de-hasta-4-anos\/","og_site_name":"Padre Eust\u00e1quio","article_publisher":"https:\/\/www.facebook.com\/beatopadreeustaquio\/","article_published_time":"2022-02-03T12:20:36+00:00","article_modified_time":"2022-02-03T12:21:04+00:00","og_image":[{"width":748,"height":394,"url":"https:\/\/www.padreeustaquio.com.br\/wp-content\/uploads\/2022\/02\/volta-as-aulas-2022.jpg","type":"image\/jpeg"}],"author":"@sscc","twitter_card":"summary_large_image","twitter_creator":"@beatopeustaquio","twitter_site":"@beatopeustaquio","twitter_misc":{"Escrito por":"@sscc","Tiempo de lectura":"2 minutos"},"schema":{"@context":"https:\/\/schema.org","@graph":[{"@type":"Article","@id":"https:\/\/www.padreeustaquio.com.br\/creches-padre-eustaquio-retomam-as-aulas-em-bh-com-criancas-ate-4-anos\/#article","isPartOf":{"@id":"https:\/\/www.padreeustaquio.com.br\/creches-padre-eustaquio-retomam-as-aulas-em-bh-com-criancas-ate-4-anos\/"},"author":{"name":"@sscc","@id":"https:\/\/www.padreeustaquio.com.br\/#\/schema\/person\/a2a51db1d00f1a7af0204a0f1ddb1566"},"headline":"Creches Padre Eust\u00e1quio retomam as aulas em BH com crian\u00e7as at\u00e9 4 anos","datePublished":"2022-02-03T12:20:36+00:00","dateModified":"2022-02-03T12:21:04+00:00","mainEntityOfPage":{"@id":"https:\/\/www.padreeustaquio.com.br\/creches-padre-eustaquio-retomam-as-aulas-em-bh-com-criancas-ate-4-anos\/"},"wordCount":295,"commentCount":0,"publisher":{"@id":"https:\/\/www.padreeustaquio.com.br\/#organization"},"image":{"@id":"https:\/\/www.padreeustaquio.com.br\/creches-padre-eustaquio-retomam-as-aulas-em-bh-com-criancas-ate-4-anos\/#primaryimage"},"thumbnailUrl":"https:\/\/www.padreeustaquio.com.br\/wp-content\/uploads\/2022\/02\/volta-as-aulas-2022.jpg","articleSection":["Not\u00edcias"],"inLanguage":"es","potentialAction":[{"@type":"CommentAction","name":"Comment","target":["https:\/\/www.padreeustaquio.com.br\/creches-padre-eustaquio-retomam-as-aulas-em-bh-com-criancas-ate-4-anos\/#respond"]}]},{"@type":"WebPage","@id":"https:\/\/www.padreeustaquio.com.br\/creches-padre-eustaquio-retomam-as-aulas-em-bh-com-criancas-ate-4-anos\/","url":"https:\/\/www.padreeustaquio.com.br\/creches-padre-eustaquio-retomam-as-aulas-em-bh-com-criancas-ate-4-anos\/","name":"Guarder\u00edas Padre Eust\u00e1quio retoman clases en Belo Horizonte con ni\u00f1os de hasta 4 a\u00f1os.","isPartOf":{"@id":"https:\/\/www.padreeustaquio.com.br\/#website"},"primaryImageOfPage":{"@id":"https:\/\/www.padreeustaquio.com.br\/creches-padre-eustaquio-retomam-as-aulas-em-bh-com-criancas-ate-4-anos\/#primaryimage"},"image":{"@id":"https:\/\/www.padreeustaquio.com.br\/creches-padre-eustaquio-retomam-as-aulas-em-bh-com-criancas-ate-4-anos\/#primaryimage"},"thumbnailUrl":"https:\/\/www.padreeustaquio.com.br\/wp-content\/uploads\/2022\/02\/volta-as-aulas-2022.jpg","datePublished":"2022-02-03T12:20:36+00:00","dateModified":"2022-02-03T12:21:04+00:00","description":"Las Guarder\u00edas Padre Eust\u00e1quio, administradas por la organizaci\u00f3n Acci\u00f3n Social Padre Eust\u00e1quio, reabrieron hoy, 3 de febrero, para impartir clases presenciales. Las instituciones ya aceptan ni\u00f1os de 0 a 4 a\u00f1os. Los ni\u00f1os de 5 a\u00f1os tendr\u00e1n que esperar un poco m\u00e1s.","breadcrumb":{"@id":"https:\/\/www.padreeustaquio.com.br\/creches-padre-eustaquio-retomam-as-aulas-em-bh-com-criancas-ate-4-anos\/#breadcrumb"},"inLanguage":"es","potentialAction":[{"@type":"ReadAction","target":["https:\/\/www.padreeustaquio.com.br\/creches-padre-eustaquio-retomam-as-aulas-em-bh-com-criancas-ate-4-anos\/"]}]},{"@type":"ImageObject","inLanguage":"es","@id":"https:\/\/www.padreeustaquio.com.br\/creches-padre-eustaquio-retomam-as-aulas-em-bh-com-criancas-ate-4-anos\/#primaryimage","url":"https:\/\/www.padreeustaquio.com.br\/wp-content\/uploads\/2022\/02\/volta-as-aulas-2022.jpg","contentUrl":"https:\/\/www.padreeustaquio.com.br\/wp-content\/uploads\/2022\/02\/volta-as-aulas-2022.jpg","width":748,"height":394},{"@type":"BreadcrumbList","@id":"https:\/\/www.padreeustaquio.com.br\/creches-padre-eustaquio-retomam-as-aulas-em-bh-com-criancas-ate-4-anos\/#breadcrumb","itemListElement":[{"@type":"ListItem","position":1,"name":"In\u00edcio","item":"https:\/\/www.padreeustaquio.com.br\/"},{"@type":"ListItem","position":2,"name":"Creches Padre Eust\u00e1quio retomam as aulas em BH com crian\u00e7as at\u00e9 4 anos"}]},{"@type":"WebSite","@id":"https:\/\/www.padreeustaquio.com.br\/#website","url":"https:\/\/www.padreeustaquio.com.br\/","name":"Padre Eustace","description":"Salud y Paz","publisher":{"@id":"https:\/\/www.padreeustaquio.com.br\/#organization"},"potentialAction":[{"@type":"SearchAction","target":{"@type":"EntryPoint","urlTemplate":"https:\/\/www.padreeustaquio.com.br\/?s={search_term_string}"},"query-input":{"@type":"PropertyValueSpecification","valueRequired":true,"valueName":"search_term_string"}}],"inLanguage":"es"},{"@type":"Organization","@id":"https:\/\/www.padreeustaquio.com.br\/#organization","name":"Padre Eustace","url":"https:\/\/www.padreeustaquio.com.br\/","logo":{"@type":"ImageObject","inLanguage":"es","@id":"https:\/\/www.padreeustaquio.com.br\/#\/schema\/logo\/image\/","url":"https:\/\/www.padreeustaquio.com.br\/wp-content\/uploads\/2019\/08\/marca.png","contentUrl":"https:\/\/www.padreeustaquio.com.br\/wp-content\/uploads\/2019\/08\/marca.png","width":350,"height":400,"caption":"Padre Eust\u00e1quio"},"image":{"@id":"https:\/\/www.padreeustaquio.com.br\/#\/schema\/logo\/image\/"},"sameAs":["https:\/\/www.facebook.com\/beatopadreeustaquio\/","https:\/\/x.com\/beatopeustaquio","https:\/\/www.instagram.com\/beatopadreeustaquio\/","https:\/\/www.youtube.com\/channel\/UCRhw7vfabnajwLxb1ZXMeIw"]},{"@type":"Person","@id":"https:\/\/www.padreeustaquio.com.br\/#\/schema\/person\/a2a51db1d00f1a7af0204a0f1ddb1566","name":"@sscc","image":{"@type":"ImageObject","inLanguage":"es","@id":"https:\/\/secure.gravatar.com\/avatar\/68cfafa5f44617fea54071e215026e0ff06be366c3d54a8425f04fdcb86f8c5f?s=96&d=mm&r=g","url":"https:\/\/secure.gravatar.com\/avatar\/68cfafa5f44617fea54071e215026e0ff06be366c3d54a8425f04fdcb86f8c5f?s=96&d=mm&r=g","contentUrl":"https:\/\/secure.gravatar.com\/avatar\/68cfafa5f44617fea54071e215026e0ff06be366c3d54a8425f04fdcb86f8c5f?s=96&d=mm&r=g","caption":"@sscc"},"url":"https:\/\/www.padreeustaquio.com.br\/es\/author\/sscc\/"}]}},"_links":{"self":[{"href":"https:\/\/www.padreeustaquio.com.br\/es\/wp-json\/wp\/v2\/posts\/8045","targetHints":{"allow":["GET"]}}],"collection":[{"href":"https:\/\/www.padreeustaquio.com.br\/es\/wp-json\/wp\/v2\/posts"}],"about":[{"href":"https:\/\/www.padreeustaquio.com.br\/es\/wp-json\/wp\/v2\/types\/post"}],"author":[{"embeddable":true,"href":"https:\/\/www.padreeustaquio.com.br\/es\/wp-json\/wp\/v2\/users\/2"}],"replies":[{"embeddable":true,"href":"https:\/\/www.padreeustaquio.com.br\/es\/wp-json\/wp\/v2\/comments?post=8045"}],"version-history":[{"count":0,"href":"https:\/\/www.padreeustaquio.com.br\/es\/wp-json\/wp\/v2\/posts\/8045\/revisions"}],"wp:featuredmedia":[{"embeddable":true,"href":"https:\/\/www.padreeustaquio.com.br\/es\/wp-json\/wp\/v2\/media\/8046"}],"wp:attachment":[{"href":"https:\/\/www.padreeustaquio.com.br\/es\/wp-json\/wp\/v2\/media?parent=8045"}],"wp:term":[{"taxonomy":"category","embeddable":true,"href":"https:\/\/www.padreeustaquio.com.br\/es\/wp-json\/wp\/v2\/categories?post=8045"},{"taxonomy":"post_tag","embeddable":true,"href":"https:\/\/www.padreeustaquio.com.br\/es\/wp-json\/wp\/v2\/tags?post=8045"}],"curies":[{"name":"wp","href":"https:\/\/api.w.org\/{rel}","templated":true}]}}