{"id":8028,"date":"2022-02-01T06:03:00","date_gmt":"2022-02-01T09:03:00","guid":{"rendered":"https:\/\/www.padreeustaquio.com.br\/?p=8028"},"modified":"2022-01-27T15:56:19","modified_gmt":"2022-01-27T18:56:19","slug":"hace-casi-60-anos-jk-dio-su-testimonio-para-la-canonizacion-del-padre-eustaquio","status":"publish","type":"post","link":"https:\/\/www.padreeustaquio.com.br\/es\/hace-casi-60-anos-jk-dio-su-testimonio-para-la-canonizacion-del-padre-eustaquio\/","title":{"rendered":"Hace casi 60 a\u00f1os, JK dio su testimonio para la canonizaci\u00f3n del Padre Eust\u00e1quio."},"content":{"rendered":"<p>Hace exactamente 59 a\u00f1os, en febrero de 1963, el expresidente de Brasil, Juscelino Kubitschek, prest\u00f3 testimonio ante el Tribunal Eclesi\u00e1stico que tramitaba los trabajos iniciales de la Causa de Beatificaci\u00f3n\/Canonizaci\u00f3n del Padre Eust\u00e1quio. En esa ocasi\u00f3n, habl\u00f3 de dos gracias obtenidas por \u00e9l y su familia gracias a la intercesi\u00f3n del sacerdote holand\u00e9s.<\/p>\n\n\n\n<p>Lea el testimonio completo:<\/p>\n\n\n\n<p><em>\u201cMientras sufr\u00eda una infecci\u00f3n de garganta y ten\u00eda fiebre durante varios d\u00edas, sin que los remedios surtieran efecto, el padre Eust\u00e1quio me dio una bendici\u00f3n alrededor de las once de la ma\u00f1ana, y a las dos de la tarde ya estaba completamente curado. Otro hecho es que durante doce a\u00f1os hab\u00eda estado cansado y sin hijos. Se hab\u00edan probado todos los tratamientos, sin ning\u00fan resultado. Finalmente, el Dr. Lucas Machado propuso una intervenci\u00f3n quir\u00fargica menor, que yo, como m\u00e9dico, sab\u00eda que era pr\u00e1cticamente in\u00fatil. En una conversaci\u00f3n con el Dr. Olinto Orsini sobre la intervenci\u00f3n quir\u00fargica mencionada, me dijo que traer\u00eda al padre Eust\u00e1quio a mi casa. El padre Eust\u00e1quio dio una bendici\u00f3n a mi esposa, y aproximadamente diez d\u00edas despu\u00e9s de la bendici\u00f3n, se confirm\u00f3 la concepci\u00f3n. Todo el embarazo fue extremadamente dif\u00edcil con varias complicaciones, y el parto fue dif\u00edcil, terminando en una ces\u00e1rea. No hay m\u00e1s confirmaci\u00f3n de este evento porque mi esposa no volvi\u00f3 a concebir. Cuando el padre Eust\u00e1quio estuvo en mi casa para dar la bendici\u00f3n... La recib\u00ed de mi esposa m\u00e1s por cortes\u00eda que por pensar en algo extraordinario. Evento. Como cat\u00f3lico, reconozco la posibilidad de un milagro. Si se hubiera realizado la intervenci\u00f3n quir\u00fargica y, simult\u00e1neamente, el padre Eust\u00e1quio hubiera dado su bendici\u00f3n, atribuir\u00eda el resultado a la intervenci\u00f3n.<\/em> <em>Sin embargo, como s\u00f3lo el padre Eust\u00e1quio dio la bendici\u00f3n, creo firmemente que en este caso ocurri\u00f3 un milagro\u201d.\u201d<\/em><\/p>\n\n\n\n<p>Juscelino Kubitschek convivi\u00f3 con el Padre Eust\u00e1quio durante la estancia del Beato Padre en la capital de Minas Gerais. En aquel entonces, JK era alcalde de Belo Horizonte y don\u00f3 el terreno al Beato Padre para la construcci\u00f3n de la Parroquia de los Sagrados Corazones, hoy Santuario Arquidiocesano de Salud y Paz.<\/p>\n\n\n\n<p><\/p>","protected":false},"excerpt":{"rendered":"<p>H\u00e1 exatos 59 anos, em fevereiro de 1963, o ex-presidente do Brasil, Juscelino Kubitschek, prestou um depoimento ao Tribunal Eclesi\u00e1stico que cuidava dos trabalhos iniciais para a Causa de Beatifica\u00e7\u00e3o\/Canoniza\u00e7\u00e3o de Padre Eust\u00e1quio. Na ocasi\u00e3o ele falou sobre duas gra\u00e7as alcan\u00e7adas por ele e pela fam\u00edlia dele, pela intercess\u00e3o do padre holand\u00eas. Leia o depoimento na \u00edntegra: \u201cEstando eu atacado de uma infec\u00e7\u00e3o da garganta, com febre de alguns dias, sem que os rem\u00e9dios produzissem efeito, o Padre Eust\u00e1quio deu-me uma ben\u00e7\u00e3o, cerca de onze horas da manh\u00e3, e \u00e0s duas horas da tarde, eu j\u00e1 n\u00e3o tinha mais nada. [&hellip;]<\/p>\n","protected":false},"author":2,"featured_media":8032,"comment_status":"open","ping_status":"closed","sticky":false,"template":"","format":"standard","meta":{"_acf_changed":false,"footnotes":""},"categories":[611],"tags":[],"class_list":["post-8028","post","type-post","status-publish","format-standard","has-post-thumbnail","hentry","category-noticias"],"acf":[],"yoast_head":"<!-- This site is optimized with the Yoast SEO plugin v27.2 - https:\/\/yoast.com\/product\/yoast-seo-wordpress\/ -->\n<title>H\u00e1 quase 60 anos JK dava seu depoimento para Canoniza\u00e7\u00e3o de Padre Eust\u00e1quio<\/title>\n<meta name=\"description\" content=\"H\u00e1 exatos 59 anos, em fevereiro de 1963, o ex-presidente do Brasil, Juscelino Kubitschek, prestou um depoimento ao Tribunal Eclesi\u00e1stico que cuidava dos trabalhos iniciais para a Causa de Beatifica\u00e7\u00e3o\/Canoniza\u00e7\u00e3o de Padre Eust\u00e1quio.\" \/>\n<meta name=\"robots\" content=\"index, follow, max-snippet:-1, max-image-preview:large, max-video-preview:-1\" \/>\n<link rel=\"canonical\" href=\"https:\/\/www.padreeustaquio.com.br\/es\/hace-casi-60-anos-jk-dio-su-testimonio-para-la-canonizacion-del-padre-eustaquio\/\" \/>\n<meta property=\"og:locale\" content=\"es_ES\" \/>\n<meta property=\"og:type\" content=\"article\" \/>\n<meta property=\"og:title\" content=\"H\u00e1 quase 60 anos JK dava seu depoimento para Canoniza\u00e7\u00e3o de Padre Eust\u00e1quio\" \/>\n<meta property=\"og:description\" content=\"H\u00e1 exatos 59 anos, em fevereiro de 1963, o ex-presidente do Brasil, Juscelino Kubitschek, prestou um depoimento ao Tribunal Eclesi\u00e1stico que cuidava dos trabalhos iniciais para a Causa de Beatifica\u00e7\u00e3o\/Canoniza\u00e7\u00e3o de Padre Eust\u00e1quio.\" \/>\n<meta property=\"og:url\" content=\"https:\/\/www.padreeustaquio.com.br\/es\/hace-casi-60-anos-jk-dio-su-testimonio-para-la-canonizacion-del-padre-eustaquio\/\" \/>\n<meta property=\"og:site_name\" content=\"Padre Eust\u00e1quio\" \/>\n<meta property=\"article:publisher\" content=\"https:\/\/www.facebook.com\/beatopadreeustaquio\/\" \/>\n<meta property=\"article:published_time\" content=\"2022-02-01T09:03:00+00:00\" \/>\n<meta property=\"og:image\" content=\"https:\/\/www.padreeustaquio.com.br\/wp-content\/uploads\/2022\/02\/jk.jpg\" \/>\n\t<meta property=\"og:image:width\" content=\"748\" \/>\n\t<meta property=\"og:image:height\" content=\"394\" \/>\n\t<meta property=\"og:image:type\" content=\"image\/jpeg\" \/>\n<meta name=\"author\" content=\"@sscc\" \/>\n<meta name=\"twitter:card\" content=\"summary_large_image\" \/>\n<meta name=\"twitter:creator\" content=\"@beatopeustaquio\" \/>\n<meta name=\"twitter:site\" content=\"@beatopeustaquio\" \/>\n<meta name=\"twitter:label1\" content=\"Escrito por\" \/>\n\t<meta name=\"twitter:data1\" content=\"@sscc\" \/>\n\t<meta name=\"twitter:label2\" content=\"Tiempo de lectura\" \/>\n\t<meta name=\"twitter:data2\" content=\"2 minutos\" \/>\n<script type=\"application\/ld+json\" class=\"yoast-schema-graph\">{\"@context\":\"https:\/\/schema.org\",\"@graph\":[{\"@type\":\"Article\",\"@id\":\"https:\/\/www.padreeustaquio.com.br\/ha-quase-60-anos-jk-dava-seu-depoimento-para-canonizacao-de-padre-eustaquio\/#article\",\"isPartOf\":{\"@id\":\"https:\/\/www.padreeustaquio.com.br\/ha-quase-60-anos-jk-dava-seu-depoimento-para-canonizacao-de-padre-eustaquio\/\"},\"author\":{\"name\":\"@sscc\",\"@id\":\"https:\/\/www.padreeustaquio.com.br\/#\/schema\/person\/a2a51db1d00f1a7af0204a0f1ddb1566\"},\"headline\":\"H\u00e1 quase 60 anos JK dava seu depoimento para Canoniza\u00e7\u00e3o de Padre Eust\u00e1quio\",\"datePublished\":\"2022-02-01T09:03:00+00:00\",\"mainEntityOfPage\":{\"@id\":\"https:\/\/www.padreeustaquio.com.br\/ha-quase-60-anos-jk-dava-seu-depoimento-para-canonizacao-de-padre-eustaquio\/\"},\"wordCount\":382,\"commentCount\":0,\"publisher\":{\"@id\":\"https:\/\/www.padreeustaquio.com.br\/#organization\"},\"image\":{\"@id\":\"https:\/\/www.padreeustaquio.com.br\/ha-quase-60-anos-jk-dava-seu-depoimento-para-canonizacao-de-padre-eustaquio\/#primaryimage\"},\"thumbnailUrl\":\"https:\/\/www.padreeustaquio.com.br\/wp-content\/uploads\/2022\/02\/jk.jpg\",\"articleSection\":[\"Not\u00edcias\"],\"inLanguage\":\"es\",\"potentialAction\":[{\"@type\":\"CommentAction\",\"name\":\"Comment\",\"target\":[\"https:\/\/www.padreeustaquio.com.br\/ha-quase-60-anos-jk-dava-seu-depoimento-para-canonizacao-de-padre-eustaquio\/#respond\"]}]},{\"@type\":\"WebPage\",\"@id\":\"https:\/\/www.padreeustaquio.com.br\/ha-quase-60-anos-jk-dava-seu-depoimento-para-canonizacao-de-padre-eustaquio\/\",\"url\":\"https:\/\/www.padreeustaquio.com.br\/ha-quase-60-anos-jk-dava-seu-depoimento-para-canonizacao-de-padre-eustaquio\/\",\"name\":\"H\u00e1 quase 60 anos JK dava seu depoimento para Canoniza\u00e7\u00e3o de Padre Eust\u00e1quio\",\"isPartOf\":{\"@id\":\"https:\/\/www.padreeustaquio.com.br\/#website\"},\"primaryImageOfPage\":{\"@id\":\"https:\/\/www.padreeustaquio.com.br\/ha-quase-60-anos-jk-dava-seu-depoimento-para-canonizacao-de-padre-eustaquio\/#primaryimage\"},\"image\":{\"@id\":\"https:\/\/www.padreeustaquio.com.br\/ha-quase-60-anos-jk-dava-seu-depoimento-para-canonizacao-de-padre-eustaquio\/#primaryimage\"},\"thumbnailUrl\":\"https:\/\/www.padreeustaquio.com.br\/wp-content\/uploads\/2022\/02\/jk.jpg\",\"datePublished\":\"2022-02-01T09:03:00+00:00\",\"description\":\"H\u00e1 exatos 59 anos, em fevereiro de 1963, o ex-presidente do Brasil, Juscelino Kubitschek, prestou um depoimento ao Tribunal Eclesi\u00e1stico que cuidava dos trabalhos iniciais para a Causa de Beatifica\u00e7\u00e3o\/Canoniza\u00e7\u00e3o de Padre Eust\u00e1quio.\",\"breadcrumb\":{\"@id\":\"https:\/\/www.padreeustaquio.com.br\/ha-quase-60-anos-jk-dava-seu-depoimento-para-canonizacao-de-padre-eustaquio\/#breadcrumb\"},\"inLanguage\":\"es\",\"potentialAction\":[{\"@type\":\"ReadAction\",\"target\":[\"https:\/\/www.padreeustaquio.com.br\/ha-quase-60-anos-jk-dava-seu-depoimento-para-canonizacao-de-padre-eustaquio\/\"]}]},{\"@type\":\"ImageObject\",\"inLanguage\":\"es\",\"@id\":\"https:\/\/www.padreeustaquio.com.br\/ha-quase-60-anos-jk-dava-seu-depoimento-para-canonizacao-de-padre-eustaquio\/#primaryimage\",\"url\":\"https:\/\/www.padreeustaquio.com.br\/wp-content\/uploads\/2022\/02\/jk.jpg\",\"contentUrl\":\"https:\/\/www.padreeustaquio.com.br\/wp-content\/uploads\/2022\/02\/jk.jpg\",\"width\":748,\"height\":394},{\"@type\":\"BreadcrumbList\",\"@id\":\"https:\/\/www.padreeustaquio.com.br\/ha-quase-60-anos-jk-dava-seu-depoimento-para-canonizacao-de-padre-eustaquio\/#breadcrumb\",\"itemListElement\":[{\"@type\":\"ListItem\",\"position\":1,\"name\":\"In\u00edcio\",\"item\":\"https:\/\/www.padreeustaquio.com.br\/\"},{\"@type\":\"ListItem\",\"position\":2,\"name\":\"H\u00e1 quase 60 anos JK dava seu depoimento para Canoniza\u00e7\u00e3o de Padre Eust\u00e1quio\"}]},{\"@type\":\"WebSite\",\"@id\":\"https:\/\/www.padreeustaquio.com.br\/#website\",\"url\":\"https:\/\/www.padreeustaquio.com.br\/\",\"name\":\"Padre Eust\u00e1quio\",\"description\":\"Sa\u00fade e Paz\",\"publisher\":{\"@id\":\"https:\/\/www.padreeustaquio.com.br\/#organization\"},\"potentialAction\":[{\"@type\":\"SearchAction\",\"target\":{\"@type\":\"EntryPoint\",\"urlTemplate\":\"https:\/\/www.padreeustaquio.com.br\/?s={search_term_string}\"},\"query-input\":{\"@type\":\"PropertyValueSpecification\",\"valueRequired\":true,\"valueName\":\"search_term_string\"}}],\"inLanguage\":\"es\"},{\"@type\":\"Organization\",\"@id\":\"https:\/\/www.padreeustaquio.com.br\/#organization\",\"name\":\"Padre Eust\u00e1quio\",\"url\":\"https:\/\/www.padreeustaquio.com.br\/\",\"logo\":{\"@type\":\"ImageObject\",\"inLanguage\":\"es\",\"@id\":\"https:\/\/www.padreeustaquio.com.br\/#\/schema\/logo\/image\/\",\"url\":\"https:\/\/www.padreeustaquio.com.br\/wp-content\/uploads\/2019\/08\/marca.png\",\"contentUrl\":\"https:\/\/www.padreeustaquio.com.br\/wp-content\/uploads\/2019\/08\/marca.png\",\"width\":350,\"height\":400,\"caption\":\"Padre Eust\u00e1quio\"},\"image\":{\"@id\":\"https:\/\/www.padreeustaquio.com.br\/#\/schema\/logo\/image\/\"},\"sameAs\":[\"https:\/\/www.facebook.com\/beatopadreeustaquio\/\",\"https:\/\/x.com\/beatopeustaquio\",\"https:\/\/www.instagram.com\/beatopadreeustaquio\/\",\"https:\/\/www.youtube.com\/channel\/UCRhw7vfabnajwLxb1ZXMeIw\"]},{\"@type\":\"Person\",\"@id\":\"https:\/\/www.padreeustaquio.com.br\/#\/schema\/person\/a2a51db1d00f1a7af0204a0f1ddb1566\",\"name\":\"@sscc\",\"image\":{\"@type\":\"ImageObject\",\"inLanguage\":\"es\",\"@id\":\"https:\/\/secure.gravatar.com\/avatar\/68cfafa5f44617fea54071e215026e0ff06be366c3d54a8425f04fdcb86f8c5f?s=96&d=mm&r=g\",\"url\":\"https:\/\/secure.gravatar.com\/avatar\/68cfafa5f44617fea54071e215026e0ff06be366c3d54a8425f04fdcb86f8c5f?s=96&d=mm&r=g\",\"contentUrl\":\"https:\/\/secure.gravatar.com\/avatar\/68cfafa5f44617fea54071e215026e0ff06be366c3d54a8425f04fdcb86f8c5f?s=96&d=mm&r=g\",\"caption\":\"@sscc\"},\"url\":\"https:\/\/www.padreeustaquio.com.br\/es\/author\/sscc\/\"}]}<\/script>\n<!-- \/ Yoast SEO plugin. -->","yoast_head_json":{"title":"Hace casi 60 a\u00f1os, JK dio su testimonio para la canonizaci\u00f3n del Padre Eust\u00e1quio.","description":"Hace exactamente 59 a\u00f1os, en febrero de 1963, el ex presidente de Brasil, Juscelino Kubitschek, dio testimonio ante el Tribunal Eclesi\u00e1stico que trataba los trabajos iniciales de la Causa de Beatificaci\u00f3n\/Canonizaci\u00f3n del Padre Eust\u00e1quio.","robots":{"index":"index","follow":"follow","max-snippet":"max-snippet:-1","max-image-preview":"max-image-preview:large","max-video-preview":"max-video-preview:-1"},"canonical":"https:\/\/www.padreeustaquio.com.br\/es\/hace-casi-60-anos-jk-dio-su-testimonio-para-la-canonizacion-del-padre-eustaquio\/","og_locale":"es_ES","og_type":"article","og_title":"H\u00e1 quase 60 anos JK dava seu depoimento para Canoniza\u00e7\u00e3o de Padre Eust\u00e1quio","og_description":"H\u00e1 exatos 59 anos, em fevereiro de 1963, o ex-presidente do Brasil, Juscelino Kubitschek, prestou um depoimento ao Tribunal Eclesi\u00e1stico que cuidava dos trabalhos iniciais para a Causa de Beatifica\u00e7\u00e3o\/Canoniza\u00e7\u00e3o de Padre Eust\u00e1quio.","og_url":"https:\/\/www.padreeustaquio.com.br\/es\/hace-casi-60-anos-jk-dio-su-testimonio-para-la-canonizacion-del-padre-eustaquio\/","og_site_name":"Padre Eust\u00e1quio","article_publisher":"https:\/\/www.facebook.com\/beatopadreeustaquio\/","article_published_time":"2022-02-01T09:03:00+00:00","og_image":[{"width":748,"height":394,"url":"https:\/\/www.padreeustaquio.com.br\/wp-content\/uploads\/2022\/02\/jk.jpg","type":"image\/jpeg"}],"author":"@sscc","twitter_card":"summary_large_image","twitter_creator":"@beatopeustaquio","twitter_site":"@beatopeustaquio","twitter_misc":{"Escrito por":"@sscc","Tiempo de lectura":"2 minutos"},"schema":{"@context":"https:\/\/schema.org","@graph":[{"@type":"Article","@id":"https:\/\/www.padreeustaquio.com.br\/ha-quase-60-anos-jk-dava-seu-depoimento-para-canonizacao-de-padre-eustaquio\/#article","isPartOf":{"@id":"https:\/\/www.padreeustaquio.com.br\/ha-quase-60-anos-jk-dava-seu-depoimento-para-canonizacao-de-padre-eustaquio\/"},"author":{"name":"@sscc","@id":"https:\/\/www.padreeustaquio.com.br\/#\/schema\/person\/a2a51db1d00f1a7af0204a0f1ddb1566"},"headline":"H\u00e1 quase 60 anos JK dava seu depoimento para Canoniza\u00e7\u00e3o de Padre Eust\u00e1quio","datePublished":"2022-02-01T09:03:00+00:00","mainEntityOfPage":{"@id":"https:\/\/www.padreeustaquio.com.br\/ha-quase-60-anos-jk-dava-seu-depoimento-para-canonizacao-de-padre-eustaquio\/"},"wordCount":382,"commentCount":0,"publisher":{"@id":"https:\/\/www.padreeustaquio.com.br\/#organization"},"image":{"@id":"https:\/\/www.padreeustaquio.com.br\/ha-quase-60-anos-jk-dava-seu-depoimento-para-canonizacao-de-padre-eustaquio\/#primaryimage"},"thumbnailUrl":"https:\/\/www.padreeustaquio.com.br\/wp-content\/uploads\/2022\/02\/jk.jpg","articleSection":["Not\u00edcias"],"inLanguage":"es","potentialAction":[{"@type":"CommentAction","name":"Comment","target":["https:\/\/www.padreeustaquio.com.br\/ha-quase-60-anos-jk-dava-seu-depoimento-para-canonizacao-de-padre-eustaquio\/#respond"]}]},{"@type":"WebPage","@id":"https:\/\/www.padreeustaquio.com.br\/ha-quase-60-anos-jk-dava-seu-depoimento-para-canonizacao-de-padre-eustaquio\/","url":"https:\/\/www.padreeustaquio.com.br\/ha-quase-60-anos-jk-dava-seu-depoimento-para-canonizacao-de-padre-eustaquio\/","name":"Hace casi 60 a\u00f1os, JK dio su testimonio para la canonizaci\u00f3n del Padre Eust\u00e1quio.","isPartOf":{"@id":"https:\/\/www.padreeustaquio.com.br\/#website"},"primaryImageOfPage":{"@id":"https:\/\/www.padreeustaquio.com.br\/ha-quase-60-anos-jk-dava-seu-depoimento-para-canonizacao-de-padre-eustaquio\/#primaryimage"},"image":{"@id":"https:\/\/www.padreeustaquio.com.br\/ha-quase-60-anos-jk-dava-seu-depoimento-para-canonizacao-de-padre-eustaquio\/#primaryimage"},"thumbnailUrl":"https:\/\/www.padreeustaquio.com.br\/wp-content\/uploads\/2022\/02\/jk.jpg","datePublished":"2022-02-01T09:03:00+00:00","description":"Hace exactamente 59 a\u00f1os, en febrero de 1963, el ex presidente de Brasil, Juscelino Kubitschek, dio testimonio ante el Tribunal Eclesi\u00e1stico que trataba los trabajos iniciales de la Causa de Beatificaci\u00f3n\/Canonizaci\u00f3n del Padre Eust\u00e1quio.","breadcrumb":{"@id":"https:\/\/www.padreeustaquio.com.br\/ha-quase-60-anos-jk-dava-seu-depoimento-para-canonizacao-de-padre-eustaquio\/#breadcrumb"},"inLanguage":"es","potentialAction":[{"@type":"ReadAction","target":["https:\/\/www.padreeustaquio.com.br\/ha-quase-60-anos-jk-dava-seu-depoimento-para-canonizacao-de-padre-eustaquio\/"]}]},{"@type":"ImageObject","inLanguage":"es","@id":"https:\/\/www.padreeustaquio.com.br\/ha-quase-60-anos-jk-dava-seu-depoimento-para-canonizacao-de-padre-eustaquio\/#primaryimage","url":"https:\/\/www.padreeustaquio.com.br\/wp-content\/uploads\/2022\/02\/jk.jpg","contentUrl":"https:\/\/www.padreeustaquio.com.br\/wp-content\/uploads\/2022\/02\/jk.jpg","width":748,"height":394},{"@type":"BreadcrumbList","@id":"https:\/\/www.padreeustaquio.com.br\/ha-quase-60-anos-jk-dava-seu-depoimento-para-canonizacao-de-padre-eustaquio\/#breadcrumb","itemListElement":[{"@type":"ListItem","position":1,"name":"In\u00edcio","item":"https:\/\/www.padreeustaquio.com.br\/"},{"@type":"ListItem","position":2,"name":"H\u00e1 quase 60 anos JK dava seu depoimento para Canoniza\u00e7\u00e3o de Padre Eust\u00e1quio"}]},{"@type":"WebSite","@id":"https:\/\/www.padreeustaquio.com.br\/#website","url":"https:\/\/www.padreeustaquio.com.br\/","name":"Padre Eustace","description":"Salud y Paz","publisher":{"@id":"https:\/\/www.padreeustaquio.com.br\/#organization"},"potentialAction":[{"@type":"SearchAction","target":{"@type":"EntryPoint","urlTemplate":"https:\/\/www.padreeustaquio.com.br\/?s={search_term_string}"},"query-input":{"@type":"PropertyValueSpecification","valueRequired":true,"valueName":"search_term_string"}}],"inLanguage":"es"},{"@type":"Organization","@id":"https:\/\/www.padreeustaquio.com.br\/#organization","name":"Padre Eustace","url":"https:\/\/www.padreeustaquio.com.br\/","logo":{"@type":"ImageObject","inLanguage":"es","@id":"https:\/\/www.padreeustaquio.com.br\/#\/schema\/logo\/image\/","url":"https:\/\/www.padreeustaquio.com.br\/wp-content\/uploads\/2019\/08\/marca.png","contentUrl":"https:\/\/www.padreeustaquio.com.br\/wp-content\/uploads\/2019\/08\/marca.png","width":350,"height":400,"caption":"Padre Eust\u00e1quio"},"image":{"@id":"https:\/\/www.padreeustaquio.com.br\/#\/schema\/logo\/image\/"},"sameAs":["https:\/\/www.facebook.com\/beatopadreeustaquio\/","https:\/\/x.com\/beatopeustaquio","https:\/\/www.instagram.com\/beatopadreeustaquio\/","https:\/\/www.youtube.com\/channel\/UCRhw7vfabnajwLxb1ZXMeIw"]},{"@type":"Person","@id":"https:\/\/www.padreeustaquio.com.br\/#\/schema\/person\/a2a51db1d00f1a7af0204a0f1ddb1566","name":"@sscc","image":{"@type":"ImageObject","inLanguage":"es","@id":"https:\/\/secure.gravatar.com\/avatar\/68cfafa5f44617fea54071e215026e0ff06be366c3d54a8425f04fdcb86f8c5f?s=96&d=mm&r=g","url":"https:\/\/secure.gravatar.com\/avatar\/68cfafa5f44617fea54071e215026e0ff06be366c3d54a8425f04fdcb86f8c5f?s=96&d=mm&r=g","contentUrl":"https:\/\/secure.gravatar.com\/avatar\/68cfafa5f44617fea54071e215026e0ff06be366c3d54a8425f04fdcb86f8c5f?s=96&d=mm&r=g","caption":"@sscc"},"url":"https:\/\/www.padreeustaquio.com.br\/es\/author\/sscc\/"}]}},"_links":{"self":[{"href":"https:\/\/www.padreeustaquio.com.br\/es\/wp-json\/wp\/v2\/posts\/8028","targetHints":{"allow":["GET"]}}],"collection":[{"href":"https:\/\/www.padreeustaquio.com.br\/es\/wp-json\/wp\/v2\/posts"}],"about":[{"href":"https:\/\/www.padreeustaquio.com.br\/es\/wp-json\/wp\/v2\/types\/post"}],"author":[{"embeddable":true,"href":"https:\/\/www.padreeustaquio.com.br\/es\/wp-json\/wp\/v2\/users\/2"}],"replies":[{"embeddable":true,"href":"https:\/\/www.padreeustaquio.com.br\/es\/wp-json\/wp\/v2\/comments?post=8028"}],"version-history":[{"count":0,"href":"https:\/\/www.padreeustaquio.com.br\/es\/wp-json\/wp\/v2\/posts\/8028\/revisions"}],"wp:featuredmedia":[{"embeddable":true,"href":"https:\/\/www.padreeustaquio.com.br\/es\/wp-json\/wp\/v2\/media\/8032"}],"wp:attachment":[{"href":"https:\/\/www.padreeustaquio.com.br\/es\/wp-json\/wp\/v2\/media?parent=8028"}],"wp:term":[{"taxonomy":"category","embeddable":true,"href":"https:\/\/www.padreeustaquio.com.br\/es\/wp-json\/wp\/v2\/categories?post=8028"},{"taxonomy":"post_tag","embeddable":true,"href":"https:\/\/www.padreeustaquio.com.br\/es\/wp-json\/wp\/v2\/tags?post=8028"}],"curies":[{"name":"wp","href":"https:\/\/api.w.org\/{rel}","templated":true}]}}