{"id":8024,"date":"2022-01-31T06:36:00","date_gmt":"2022-01-31T09:36:00","guid":{"rendered":"https:\/\/www.padreeustaquio.com.br\/?p=8024"},"modified":"2022-01-27T15:00:42","modified_gmt":"2022-01-27T18:00:42","slug":"las-reflexiones-se-muestran-nuevamente-en-el-canal-de-youtube-del-padre-eustaquio","status":"publish","type":"post","link":"https:\/\/www.padreeustaquio.com.br\/es\/las-reflexiones-se-muestran-nuevamente-en-el-canal-de-youtube-del-padre-eustaquio\/","title":{"rendered":"\u201c&quot;Reflexiones&quot; se emite nuevamente en el Canal de YouTube del Padre Eust\u00e1quio."},"content":{"rendered":"<p>Desde principios de a\u00f1o, se han reanudado los videos de la lista de reproducci\u00f3n &quot;Reflexiones&quot; en el canal de YouTube del Padre Eust\u00e1quio. Anteriormente se publicaban de lunes a s\u00e1bado, pero este a\u00f1o solo se publicar\u00e1n los lunes.<\/p>\n\n\n\n<p>Los videos ofrecen una reflexi\u00f3n semanal extra\u00edda de una de las celebraciones dominicales. Cada semana, un sacerdote del Santuario de la Salud y la Paz es elegido para llevar la Palabra de Dios a la gente a trav\u00e9s de este canal de evangelizaci\u00f3n. El fragmento de la meditaci\u00f3n proviene de la homil\u00eda de la misa dominical y se convierte en un mensaje importante del Evangelio de cada domingo.<\/p>\n\n\n\n<p>En su video m\u00e1s reciente, el Padre Silvano Dias de \u00c1vila analiza el comportamiento de los cristianos durante las celebraciones. El contenido, extra\u00eddo de su homil\u00eda del domingo 23 de enero, aborda nuestro papel en la liturgia., <a href=\"https:\/\/www.youtube.com\/watch?v=w5zTNlBtU_Y&amp;list=PL7SBzddW7Uzn7RVPfgqSP1px8BpgmIHk2&amp;index=1\" target=\"_blank\" rel=\"noreferrer noopener\">haga clic aqu\u00ed<\/a> Y mira este v\u00eddeo.<\/p>\n\n\n\n<p>La nueva temporada de &quot;Reflexiones&quot; se estrena todos los lunes en el Canal Padre Eust\u00e1quio a la 1 p. m. Tambi\u00e9n puedes encontrar una lista de reproducci\u00f3n con todas las reflexiones publicadas hasta la fecha en nuestro canal de YouTube. <a href=\"https:\/\/www.youtube.com\/playlist?list=PL7SBzddW7Uzn7RVPfgqSP1px8BpgmIHk2\" target=\"_blank\" rel=\"noreferrer noopener\">Haga clic aqu\u00ed para ver.<\/a><\/p>\n\n\n\n<p>\u00a1Ah, y aprovecha para suscribirte al canal, darle like a los videos y compartirlos con tus amigos!<\/p>\n\n\n\n<p><\/p>","protected":false},"excerpt":{"rendered":"<p>Desde o in\u00edcio do ano os v\u00eddeos da playlist &#8220;Reflex\u00f5es&#8221; voltaram a ser postados no YouTube Canal Padre Eust\u00e1quio. A publica\u00e7\u00e3o que antes era feita de segunda \u00e0 s\u00e1bado, este ano passa a ser postada apenas \u00e0s segundas-feiras. Os v\u00eddeos trazem, semanalmente, uma reflex\u00e3o retirada de uma das celebra\u00e7\u00f5es do domingo. Cada semana, um dos padres do Santu\u00e1rio da Sa\u00fade e da paz \u00e9 escolhido para levar a Palavra de Deus para as pessoas por meio deste Canal de evangeliza\u00e7\u00e3o. O trecho da medita\u00e7\u00e3o \u00e9 retirado da homilia da missa dominical, se tornando uma mensagem importante vinda do Evangelho de [&hellip;]<\/p>\n","protected":false},"author":2,"featured_media":8025,"comment_status":"open","ping_status":"closed","sticky":false,"template":"","format":"standard","meta":{"_acf_changed":false,"footnotes":""},"categories":[611],"tags":[],"class_list":["post-8024","post","type-post","status-publish","format-standard","has-post-thumbnail","hentry","category-noticias"],"acf":[],"yoast_head":"<!-- This site is optimized with the Yoast SEO plugin v27.2 - https:\/\/yoast.com\/product\/yoast-seo-wordpress\/ -->\n<title>&quot;Reflex\u00f5es&quot; voltam a ser exibidas no YouTube Canal Padre Eust\u00e1quio<\/title>\n<meta name=\"description\" content=\"Desde o in\u00edcio do ano os v\u00eddeos da playlist &quot;Reflex\u00f5es&quot; voltaram a ser postados no YouTube Canal Padre Eust\u00e1quio. A publica\u00e7\u00e3o que antes era feita de segunda \u00e0 s\u00e1bado, este ano passa a ser postada apenas \u00e0s segundas-feiras.\" \/>\n<meta name=\"robots\" content=\"index, follow, max-snippet:-1, max-image-preview:large, max-video-preview:-1\" \/>\n<link rel=\"canonical\" href=\"https:\/\/www.padreeustaquio.com.br\/es\/las-reflexiones-se-muestran-nuevamente-en-el-canal-de-youtube-del-padre-eustaquio\/\" \/>\n<meta property=\"og:locale\" content=\"es_ES\" \/>\n<meta property=\"og:type\" content=\"article\" \/>\n<meta property=\"og:title\" content=\"&quot;Reflex\u00f5es&quot; voltam a ser exibidas no YouTube Canal Padre Eust\u00e1quio\" \/>\n<meta property=\"og:description\" content=\"Desde o in\u00edcio do ano os v\u00eddeos da playlist &quot;Reflex\u00f5es&quot; voltaram a ser postados no YouTube Canal Padre Eust\u00e1quio. A publica\u00e7\u00e3o que antes era feita de segunda \u00e0 s\u00e1bado, este ano passa a ser postada apenas \u00e0s segundas-feiras.\" \/>\n<meta property=\"og:url\" content=\"https:\/\/www.padreeustaquio.com.br\/es\/las-reflexiones-se-muestran-nuevamente-en-el-canal-de-youtube-del-padre-eustaquio\/\" \/>\n<meta property=\"og:site_name\" content=\"Padre Eust\u00e1quio\" \/>\n<meta property=\"article:publisher\" content=\"https:\/\/www.facebook.com\/beatopadreeustaquio\/\" \/>\n<meta property=\"article:published_time\" content=\"2022-01-31T09:36:00+00:00\" \/>\n<meta property=\"og:image\" content=\"https:\/\/www.padreeustaquio.com.br\/wp-content\/uploads\/2022\/01\/CAPA-REFLEXAO.jpg\" \/>\n\t<meta property=\"og:image:width\" content=\"1920\" \/>\n\t<meta property=\"og:image:height\" content=\"1080\" \/>\n\t<meta property=\"og:image:type\" content=\"image\/jpeg\" \/>\n<meta name=\"author\" content=\"@sscc\" \/>\n<meta name=\"twitter:card\" content=\"summary_large_image\" \/>\n<meta name=\"twitter:creator\" content=\"@beatopeustaquio\" \/>\n<meta name=\"twitter:site\" content=\"@beatopeustaquio\" \/>\n<meta name=\"twitter:label1\" content=\"Escrito por\" \/>\n\t<meta name=\"twitter:data1\" content=\"@sscc\" \/>\n\t<meta name=\"twitter:label2\" content=\"Tiempo de lectura\" \/>\n\t<meta name=\"twitter:data2\" content=\"1 minuto\" \/>\n<script type=\"application\/ld+json\" class=\"yoast-schema-graph\">{\"@context\":\"https:\/\/schema.org\",\"@graph\":[{\"@type\":\"Article\",\"@id\":\"https:\/\/www.padreeustaquio.com.br\/reflexoes-voltam-a-ser-exibidas-no-youtube-canal-padre-eustaquio\/#article\",\"isPartOf\":{\"@id\":\"https:\/\/www.padreeustaquio.com.br\/reflexoes-voltam-a-ser-exibidas-no-youtube-canal-padre-eustaquio\/\"},\"author\":{\"name\":\"@sscc\",\"@id\":\"https:\/\/www.padreeustaquio.com.br\/#\/schema\/person\/a2a51db1d00f1a7af0204a0f1ddb1566\"},\"headline\":\"&#8220;Reflex\u00f5es&#8221; voltam a ser exibidas no YouTube Canal Padre Eust\u00e1quio\",\"datePublished\":\"2022-01-31T09:36:00+00:00\",\"mainEntityOfPage\":{\"@id\":\"https:\/\/www.padreeustaquio.com.br\/reflexoes-voltam-a-ser-exibidas-no-youtube-canal-padre-eustaquio\/\"},\"wordCount\":226,\"commentCount\":0,\"publisher\":{\"@id\":\"https:\/\/www.padreeustaquio.com.br\/#organization\"},\"image\":{\"@id\":\"https:\/\/www.padreeustaquio.com.br\/reflexoes-voltam-a-ser-exibidas-no-youtube-canal-padre-eustaquio\/#primaryimage\"},\"thumbnailUrl\":\"https:\/\/www.padreeustaquio.com.br\/wp-content\/uploads\/2022\/01\/CAPA-REFLEXAO.jpg\",\"articleSection\":[\"Not\u00edcias\"],\"inLanguage\":\"es\",\"potentialAction\":[{\"@type\":\"CommentAction\",\"name\":\"Comment\",\"target\":[\"https:\/\/www.padreeustaquio.com.br\/reflexoes-voltam-a-ser-exibidas-no-youtube-canal-padre-eustaquio\/#respond\"]}]},{\"@type\":\"WebPage\",\"@id\":\"https:\/\/www.padreeustaquio.com.br\/reflexoes-voltam-a-ser-exibidas-no-youtube-canal-padre-eustaquio\/\",\"url\":\"https:\/\/www.padreeustaquio.com.br\/reflexoes-voltam-a-ser-exibidas-no-youtube-canal-padre-eustaquio\/\",\"name\":\"\\\"Reflex\u00f5es\\\" voltam a ser exibidas no YouTube Canal Padre Eust\u00e1quio\",\"isPartOf\":{\"@id\":\"https:\/\/www.padreeustaquio.com.br\/#website\"},\"primaryImageOfPage\":{\"@id\":\"https:\/\/www.padreeustaquio.com.br\/reflexoes-voltam-a-ser-exibidas-no-youtube-canal-padre-eustaquio\/#primaryimage\"},\"image\":{\"@id\":\"https:\/\/www.padreeustaquio.com.br\/reflexoes-voltam-a-ser-exibidas-no-youtube-canal-padre-eustaquio\/#primaryimage\"},\"thumbnailUrl\":\"https:\/\/www.padreeustaquio.com.br\/wp-content\/uploads\/2022\/01\/CAPA-REFLEXAO.jpg\",\"datePublished\":\"2022-01-31T09:36:00+00:00\",\"description\":\"Desde o in\u00edcio do ano os v\u00eddeos da playlist \\\"Reflex\u00f5es\\\" voltaram a ser postados no YouTube Canal Padre Eust\u00e1quio. A publica\u00e7\u00e3o que antes era feita de segunda \u00e0 s\u00e1bado, este ano passa a ser postada apenas \u00e0s segundas-feiras.\",\"breadcrumb\":{\"@id\":\"https:\/\/www.padreeustaquio.com.br\/reflexoes-voltam-a-ser-exibidas-no-youtube-canal-padre-eustaquio\/#breadcrumb\"},\"inLanguage\":\"es\",\"potentialAction\":[{\"@type\":\"ReadAction\",\"target\":[\"https:\/\/www.padreeustaquio.com.br\/reflexoes-voltam-a-ser-exibidas-no-youtube-canal-padre-eustaquio\/\"]}]},{\"@type\":\"ImageObject\",\"inLanguage\":\"es\",\"@id\":\"https:\/\/www.padreeustaquio.com.br\/reflexoes-voltam-a-ser-exibidas-no-youtube-canal-padre-eustaquio\/#primaryimage\",\"url\":\"https:\/\/www.padreeustaquio.com.br\/wp-content\/uploads\/2022\/01\/CAPA-REFLEXAO.jpg\",\"contentUrl\":\"https:\/\/www.padreeustaquio.com.br\/wp-content\/uploads\/2022\/01\/CAPA-REFLEXAO.jpg\",\"width\":1920,\"height\":1080},{\"@type\":\"BreadcrumbList\",\"@id\":\"https:\/\/www.padreeustaquio.com.br\/reflexoes-voltam-a-ser-exibidas-no-youtube-canal-padre-eustaquio\/#breadcrumb\",\"itemListElement\":[{\"@type\":\"ListItem\",\"position\":1,\"name\":\"In\u00edcio\",\"item\":\"https:\/\/www.padreeustaquio.com.br\/\"},{\"@type\":\"ListItem\",\"position\":2,\"name\":\"&#8220;Reflex\u00f5es&#8221; voltam a ser exibidas no YouTube Canal Padre Eust\u00e1quio\"}]},{\"@type\":\"WebSite\",\"@id\":\"https:\/\/www.padreeustaquio.com.br\/#website\",\"url\":\"https:\/\/www.padreeustaquio.com.br\/\",\"name\":\"Padre Eust\u00e1quio\",\"description\":\"Sa\u00fade e Paz\",\"publisher\":{\"@id\":\"https:\/\/www.padreeustaquio.com.br\/#organization\"},\"potentialAction\":[{\"@type\":\"SearchAction\",\"target\":{\"@type\":\"EntryPoint\",\"urlTemplate\":\"https:\/\/www.padreeustaquio.com.br\/?s={search_term_string}\"},\"query-input\":{\"@type\":\"PropertyValueSpecification\",\"valueRequired\":true,\"valueName\":\"search_term_string\"}}],\"inLanguage\":\"es\"},{\"@type\":\"Organization\",\"@id\":\"https:\/\/www.padreeustaquio.com.br\/#organization\",\"name\":\"Padre Eust\u00e1quio\",\"url\":\"https:\/\/www.padreeustaquio.com.br\/\",\"logo\":{\"@type\":\"ImageObject\",\"inLanguage\":\"es\",\"@id\":\"https:\/\/www.padreeustaquio.com.br\/#\/schema\/logo\/image\/\",\"url\":\"https:\/\/www.padreeustaquio.com.br\/wp-content\/uploads\/2019\/08\/marca.png\",\"contentUrl\":\"https:\/\/www.padreeustaquio.com.br\/wp-content\/uploads\/2019\/08\/marca.png\",\"width\":350,\"height\":400,\"caption\":\"Padre Eust\u00e1quio\"},\"image\":{\"@id\":\"https:\/\/www.padreeustaquio.com.br\/#\/schema\/logo\/image\/\"},\"sameAs\":[\"https:\/\/www.facebook.com\/beatopadreeustaquio\/\",\"https:\/\/x.com\/beatopeustaquio\",\"https:\/\/www.instagram.com\/beatopadreeustaquio\/\",\"https:\/\/www.youtube.com\/channel\/UCRhw7vfabnajwLxb1ZXMeIw\"]},{\"@type\":\"Person\",\"@id\":\"https:\/\/www.padreeustaquio.com.br\/#\/schema\/person\/a2a51db1d00f1a7af0204a0f1ddb1566\",\"name\":\"@sscc\",\"image\":{\"@type\":\"ImageObject\",\"inLanguage\":\"es\",\"@id\":\"https:\/\/secure.gravatar.com\/avatar\/68cfafa5f44617fea54071e215026e0ff06be366c3d54a8425f04fdcb86f8c5f?s=96&d=mm&r=g\",\"url\":\"https:\/\/secure.gravatar.com\/avatar\/68cfafa5f44617fea54071e215026e0ff06be366c3d54a8425f04fdcb86f8c5f?s=96&d=mm&r=g\",\"contentUrl\":\"https:\/\/secure.gravatar.com\/avatar\/68cfafa5f44617fea54071e215026e0ff06be366c3d54a8425f04fdcb86f8c5f?s=96&d=mm&r=g\",\"caption\":\"@sscc\"},\"url\":\"https:\/\/www.padreeustaquio.com.br\/es\/author\/sscc\/\"}]}<\/script>\n<!-- \/ Yoast SEO plugin. -->","yoast_head_json":{"title":"\"&quot;Reflexiones&quot; se emite nuevamente en el Canal de YouTube del Padre Eust\u00e1quio.","description":"Desde principios de a\u00f1o, se han reanudado los videos de la lista de reproducci\u00f3n &quot;Reflexiones&quot; en el canal de YouTube del Padre Eust\u00e1quio. Anteriormente se publicaban de lunes a s\u00e1bado, pero este a\u00f1o solo se publicar\u00e1n los lunes.","robots":{"index":"index","follow":"follow","max-snippet":"max-snippet:-1","max-image-preview":"max-image-preview:large","max-video-preview":"max-video-preview:-1"},"canonical":"https:\/\/www.padreeustaquio.com.br\/es\/las-reflexiones-se-muestran-nuevamente-en-el-canal-de-youtube-del-padre-eustaquio\/","og_locale":"es_ES","og_type":"article","og_title":"\"Reflex\u00f5es\" voltam a ser exibidas no YouTube Canal Padre Eust\u00e1quio","og_description":"Desde o in\u00edcio do ano os v\u00eddeos da playlist \"Reflex\u00f5es\" voltaram a ser postados no YouTube Canal Padre Eust\u00e1quio. A publica\u00e7\u00e3o que antes era feita de segunda \u00e0 s\u00e1bado, este ano passa a ser postada apenas \u00e0s segundas-feiras.","og_url":"https:\/\/www.padreeustaquio.com.br\/es\/las-reflexiones-se-muestran-nuevamente-en-el-canal-de-youtube-del-padre-eustaquio\/","og_site_name":"Padre Eust\u00e1quio","article_publisher":"https:\/\/www.facebook.com\/beatopadreeustaquio\/","article_published_time":"2022-01-31T09:36:00+00:00","og_image":[{"width":1920,"height":1080,"url":"https:\/\/www.padreeustaquio.com.br\/wp-content\/uploads\/2022\/01\/CAPA-REFLEXAO.jpg","type":"image\/jpeg"}],"author":"@sscc","twitter_card":"summary_large_image","twitter_creator":"@beatopeustaquio","twitter_site":"@beatopeustaquio","twitter_misc":{"Escrito por":"@sscc","Tiempo de lectura":"1 minuto"},"schema":{"@context":"https:\/\/schema.org","@graph":[{"@type":"Article","@id":"https:\/\/www.padreeustaquio.com.br\/reflexoes-voltam-a-ser-exibidas-no-youtube-canal-padre-eustaquio\/#article","isPartOf":{"@id":"https:\/\/www.padreeustaquio.com.br\/reflexoes-voltam-a-ser-exibidas-no-youtube-canal-padre-eustaquio\/"},"author":{"name":"@sscc","@id":"https:\/\/www.padreeustaquio.com.br\/#\/schema\/person\/a2a51db1d00f1a7af0204a0f1ddb1566"},"headline":"&#8220;Reflex\u00f5es&#8221; voltam a ser exibidas no YouTube Canal Padre Eust\u00e1quio","datePublished":"2022-01-31T09:36:00+00:00","mainEntityOfPage":{"@id":"https:\/\/www.padreeustaquio.com.br\/reflexoes-voltam-a-ser-exibidas-no-youtube-canal-padre-eustaquio\/"},"wordCount":226,"commentCount":0,"publisher":{"@id":"https:\/\/www.padreeustaquio.com.br\/#organization"},"image":{"@id":"https:\/\/www.padreeustaquio.com.br\/reflexoes-voltam-a-ser-exibidas-no-youtube-canal-padre-eustaquio\/#primaryimage"},"thumbnailUrl":"https:\/\/www.padreeustaquio.com.br\/wp-content\/uploads\/2022\/01\/CAPA-REFLEXAO.jpg","articleSection":["Not\u00edcias"],"inLanguage":"es","potentialAction":[{"@type":"CommentAction","name":"Comment","target":["https:\/\/www.padreeustaquio.com.br\/reflexoes-voltam-a-ser-exibidas-no-youtube-canal-padre-eustaquio\/#respond"]}]},{"@type":"WebPage","@id":"https:\/\/www.padreeustaquio.com.br\/reflexoes-voltam-a-ser-exibidas-no-youtube-canal-padre-eustaquio\/","url":"https:\/\/www.padreeustaquio.com.br\/reflexoes-voltam-a-ser-exibidas-no-youtube-canal-padre-eustaquio\/","name":"\"&quot;Reflexiones&quot; se emite nuevamente en el Canal de YouTube del Padre Eust\u00e1quio.","isPartOf":{"@id":"https:\/\/www.padreeustaquio.com.br\/#website"},"primaryImageOfPage":{"@id":"https:\/\/www.padreeustaquio.com.br\/reflexoes-voltam-a-ser-exibidas-no-youtube-canal-padre-eustaquio\/#primaryimage"},"image":{"@id":"https:\/\/www.padreeustaquio.com.br\/reflexoes-voltam-a-ser-exibidas-no-youtube-canal-padre-eustaquio\/#primaryimage"},"thumbnailUrl":"https:\/\/www.padreeustaquio.com.br\/wp-content\/uploads\/2022\/01\/CAPA-REFLEXAO.jpg","datePublished":"2022-01-31T09:36:00+00:00","description":"Desde principios de a\u00f1o, se han reanudado los videos de la lista de reproducci\u00f3n &quot;Reflexiones&quot; en el canal de YouTube del Padre Eust\u00e1quio. Anteriormente se publicaban de lunes a s\u00e1bado, pero este a\u00f1o solo se publicar\u00e1n los lunes.","breadcrumb":{"@id":"https:\/\/www.padreeustaquio.com.br\/reflexoes-voltam-a-ser-exibidas-no-youtube-canal-padre-eustaquio\/#breadcrumb"},"inLanguage":"es","potentialAction":[{"@type":"ReadAction","target":["https:\/\/www.padreeustaquio.com.br\/reflexoes-voltam-a-ser-exibidas-no-youtube-canal-padre-eustaquio\/"]}]},{"@type":"ImageObject","inLanguage":"es","@id":"https:\/\/www.padreeustaquio.com.br\/reflexoes-voltam-a-ser-exibidas-no-youtube-canal-padre-eustaquio\/#primaryimage","url":"https:\/\/www.padreeustaquio.com.br\/wp-content\/uploads\/2022\/01\/CAPA-REFLEXAO.jpg","contentUrl":"https:\/\/www.padreeustaquio.com.br\/wp-content\/uploads\/2022\/01\/CAPA-REFLEXAO.jpg","width":1920,"height":1080},{"@type":"BreadcrumbList","@id":"https:\/\/www.padreeustaquio.com.br\/reflexoes-voltam-a-ser-exibidas-no-youtube-canal-padre-eustaquio\/#breadcrumb","itemListElement":[{"@type":"ListItem","position":1,"name":"In\u00edcio","item":"https:\/\/www.padreeustaquio.com.br\/"},{"@type":"ListItem","position":2,"name":"&#8220;Reflex\u00f5es&#8221; voltam a ser exibidas no YouTube Canal Padre Eust\u00e1quio"}]},{"@type":"WebSite","@id":"https:\/\/www.padreeustaquio.com.br\/#website","url":"https:\/\/www.padreeustaquio.com.br\/","name":"Padre Eustace","description":"Salud y Paz","publisher":{"@id":"https:\/\/www.padreeustaquio.com.br\/#organization"},"potentialAction":[{"@type":"SearchAction","target":{"@type":"EntryPoint","urlTemplate":"https:\/\/www.padreeustaquio.com.br\/?s={search_term_string}"},"query-input":{"@type":"PropertyValueSpecification","valueRequired":true,"valueName":"search_term_string"}}],"inLanguage":"es"},{"@type":"Organization","@id":"https:\/\/www.padreeustaquio.com.br\/#organization","name":"Padre Eustace","url":"https:\/\/www.padreeustaquio.com.br\/","logo":{"@type":"ImageObject","inLanguage":"es","@id":"https:\/\/www.padreeustaquio.com.br\/#\/schema\/logo\/image\/","url":"https:\/\/www.padreeustaquio.com.br\/wp-content\/uploads\/2019\/08\/marca.png","contentUrl":"https:\/\/www.padreeustaquio.com.br\/wp-content\/uploads\/2019\/08\/marca.png","width":350,"height":400,"caption":"Padre Eust\u00e1quio"},"image":{"@id":"https:\/\/www.padreeustaquio.com.br\/#\/schema\/logo\/image\/"},"sameAs":["https:\/\/www.facebook.com\/beatopadreeustaquio\/","https:\/\/x.com\/beatopeustaquio","https:\/\/www.instagram.com\/beatopadreeustaquio\/","https:\/\/www.youtube.com\/channel\/UCRhw7vfabnajwLxb1ZXMeIw"]},{"@type":"Person","@id":"https:\/\/www.padreeustaquio.com.br\/#\/schema\/person\/a2a51db1d00f1a7af0204a0f1ddb1566","name":"@sscc","image":{"@type":"ImageObject","inLanguage":"es","@id":"https:\/\/secure.gravatar.com\/avatar\/68cfafa5f44617fea54071e215026e0ff06be366c3d54a8425f04fdcb86f8c5f?s=96&d=mm&r=g","url":"https:\/\/secure.gravatar.com\/avatar\/68cfafa5f44617fea54071e215026e0ff06be366c3d54a8425f04fdcb86f8c5f?s=96&d=mm&r=g","contentUrl":"https:\/\/secure.gravatar.com\/avatar\/68cfafa5f44617fea54071e215026e0ff06be366c3d54a8425f04fdcb86f8c5f?s=96&d=mm&r=g","caption":"@sscc"},"url":"https:\/\/www.padreeustaquio.com.br\/es\/author\/sscc\/"}]}},"_links":{"self":[{"href":"https:\/\/www.padreeustaquio.com.br\/es\/wp-json\/wp\/v2\/posts\/8024","targetHints":{"allow":["GET"]}}],"collection":[{"href":"https:\/\/www.padreeustaquio.com.br\/es\/wp-json\/wp\/v2\/posts"}],"about":[{"href":"https:\/\/www.padreeustaquio.com.br\/es\/wp-json\/wp\/v2\/types\/post"}],"author":[{"embeddable":true,"href":"https:\/\/www.padreeustaquio.com.br\/es\/wp-json\/wp\/v2\/users\/2"}],"replies":[{"embeddable":true,"href":"https:\/\/www.padreeustaquio.com.br\/es\/wp-json\/wp\/v2\/comments?post=8024"}],"version-history":[{"count":0,"href":"https:\/\/www.padreeustaquio.com.br\/es\/wp-json\/wp\/v2\/posts\/8024\/revisions"}],"wp:featuredmedia":[{"embeddable":true,"href":"https:\/\/www.padreeustaquio.com.br\/es\/wp-json\/wp\/v2\/media\/8025"}],"wp:attachment":[{"href":"https:\/\/www.padreeustaquio.com.br\/es\/wp-json\/wp\/v2\/media?parent=8024"}],"wp:term":[{"taxonomy":"category","embeddable":true,"href":"https:\/\/www.padreeustaquio.com.br\/es\/wp-json\/wp\/v2\/categories?post=8024"},{"taxonomy":"post_tag","embeddable":true,"href":"https:\/\/www.padreeustaquio.com.br\/es\/wp-json\/wp\/v2\/tags?post=8024"}],"curies":[{"name":"wp","href":"https:\/\/api.w.org\/{rel}","templated":true}]}}