{"id":8000,"date":"2022-01-25T13:38:16","date_gmt":"2022-01-25T16:38:16","guid":{"rendered":"https:\/\/www.padreeustaquio.com.br\/?p=8000"},"modified":"2022-01-25T13:40:31","modified_gmt":"2022-01-25T16:40:31","slug":"las-damas-de-la-caridad-y-del-trabajo-dirigido-a-los-mas-pobres","status":"publish","type":"post","link":"https:\/\/www.padreeustaquio.com.br\/es\/las-damas-de-la-caridad-y-del-trabajo-dirigido-a-los-mas-pobres\/","title":{"rendered":"Las \u201cDamas de la Caridad\u201d y su labor centrada en los m\u00e1s pobres."},"content":{"rendered":"<p>Concebida por el Beato Padre Eustaquio a principios de la d\u00e9cada de 1940 en Belo Horizonte, la labor de ayudar a los pobres siempre ha sido una gran preocupaci\u00f3n para la Congregaci\u00f3n de los Sagrados Corazones y toda la comunidad parroquial. El Padre Eustaquio siempre ayud\u00f3 a los m\u00e1s necesitados con comida, trabajo, pago de facturas atrasadas o con sus oraciones y gu\u00eda espiritual.<\/p>\n\n\n\n<p>Tras su fallecimiento en 1942, la labor continu\u00f3 con voluntarios de la comunidad, quienes posteriormente se convirtieron en las &quot;Damas de la Caridad&quot;. Las familias atendidas por las Damas se registran cuidadosamente. Para ello, los voluntarios visitan a las personas para determinar si realmente necesitan ayuda y qu\u00e9 necesitan. Actualmente, hay m\u00e1s de 150 familias registradas que reciben mensualmente alimentos, medicamentos, ropa y otros art\u00edculos de primera necesidad.<\/p>\n\n\n\n<p>Durante su misi\u00f3n, las Damas de la Caridad cuentan con el apoyo de la Congregaci\u00f3n de los Sagrados Corazones y, todos los meses, especialmente en la distribuci\u00f3n de alimentos, cuentan con la ayuda de los hermanos y hermanas de la Congregaci\u00f3n que viven en Belo Horizonte.<\/p>\n\n\n\n<p>Se recolectan donaciones de alimentos de la comunidad, y muchas personas traen donativos durante las celebraciones o los dejan en la oficina parroquial del Santuario. Con fe, transparencia y gran celo por los m\u00e1s necesitados, las Damas desean ayudar cada vez m\u00e1s a la comunidad, para que vivamos intensamente el ideal del Padre Eustaquio, que es el prop\u00f3sito de Dios para nuestras vidas.<\/p>\n\n\n\n<p>\u00bfTe gustar\u00eda ayudar a las Damas de la Caridad? Deja tu donativo en el Santuario de la Salud y la Paz, Iglesia Padre Eust\u00e1quio. Rua Padre Eust\u00e1quio, 2405, Barrio Padre Eust\u00e1quio \u2013 Belo Horizonte\/MG. El horario de atenci\u00f3n es de lunes a viernes, de 7:30 a 18:00. S\u00e1bados y domingos, de 8:00 a 11:30.<\/p>\n\n\n\n<p><\/p>","protected":false},"excerpt":{"rendered":"<p>Idealizado pelo Bem-Aventurado Padre Eust\u00e1quio, no in\u00edcio da d\u00e9cada de 1940, em Belo Horizonte, o trabalho no auxilio aos pobres sempre foi uma grande preocupa\u00e7\u00e3o da Congrega\u00e7\u00e3o dos Sagrados Cora\u00e7\u00f5es e de toda a comunidade paroquial. Padre Eust\u00e1quio sempre ajudava aos mais necessitados com comida, trabalho, com o pagamento de uma conta atrasada ou com suas ora\u00e7\u00f5es e dire\u00e7\u00f5es espirituais. Depois de sua morte, em 1942, o trabalho continuou com as volunt\u00e1rias da comunidade, que mais tarde se tornariam as \u201cDamas da Caridade\u201d. As fam\u00edlias ajudadas pelas Damas s\u00e3o cadastradas criteriosamente. Para isso, as volunt\u00e1rias v\u00e3o at\u00e9 as pessoas para [&hellip;]<\/p>\n","protected":false},"author":2,"featured_media":4189,"comment_status":"open","ping_status":"closed","sticky":false,"template":"","format":"standard","meta":{"_acf_changed":false,"footnotes":""},"categories":[611],"tags":[],"class_list":["post-8000","post","type-post","status-publish","format-standard","has-post-thumbnail","hentry","category-noticias"],"acf":[],"yoast_head":"<!-- This site is optimized with the Yoast SEO plugin v27.2 - https:\/\/yoast.com\/product\/yoast-seo-wordpress\/ -->\n<title>As &quot;Damas da Caridade&quot; e o trabalho voltado aos mais pobres<\/title>\n<meta name=\"description\" content=\"Idealizado pelo Bem-Aventurado Padre Eust\u00e1quio, no in\u00edcio da d\u00e9cada de 1940, em Belo Horizonte, o trabalho no auxilio aos pobres sempre foi uma grande preocupa\u00e7\u00e3o da Congrega\u00e7\u00e3o dos Sagrados Cora\u00e7\u00f5es e de toda a comunidade paroquial.\" \/>\n<meta name=\"robots\" content=\"index, follow, max-snippet:-1, max-image-preview:large, max-video-preview:-1\" \/>\n<link rel=\"canonical\" href=\"https:\/\/www.padreeustaquio.com.br\/es\/las-damas-de-la-caridad-y-del-trabajo-dirigido-a-los-mas-pobres\/\" \/>\n<meta property=\"og:locale\" content=\"es_ES\" \/>\n<meta property=\"og:type\" content=\"article\" \/>\n<meta property=\"og:title\" content=\"As &quot;Damas da Caridade&quot; e o trabalho voltado aos mais pobres\" \/>\n<meta property=\"og:description\" content=\"Idealizado pelo Bem-Aventurado Padre Eust\u00e1quio, no in\u00edcio da d\u00e9cada de 1940, em Belo Horizonte, o trabalho no auxilio aos pobres sempre foi uma grande preocupa\u00e7\u00e3o da Congrega\u00e7\u00e3o dos Sagrados Cora\u00e7\u00f5es e de toda a comunidade paroquial.\" \/>\n<meta property=\"og:url\" content=\"https:\/\/www.padreeustaquio.com.br\/es\/las-damas-de-la-caridad-y-del-trabajo-dirigido-a-los-mas-pobres\/\" \/>\n<meta property=\"og:site_name\" content=\"Padre Eust\u00e1quio\" \/>\n<meta property=\"article:publisher\" content=\"https:\/\/www.facebook.com\/beatopadreeustaquio\/\" \/>\n<meta property=\"article:published_time\" content=\"2022-01-25T16:38:16+00:00\" \/>\n<meta property=\"article:modified_time\" content=\"2022-01-25T16:40:31+00:00\" \/>\n<meta property=\"og:image\" content=\"https:\/\/www.padreeustaquio.com.br\/wp-content\/uploads\/2020\/05\/PROFESSOS--e1643128762547.jpg\" \/>\n\t<meta property=\"og:image:width\" content=\"2665\" \/>\n\t<meta property=\"og:image:height\" content=\"1572\" \/>\n\t<meta property=\"og:image:type\" content=\"image\/jpeg\" \/>\n<meta name=\"author\" content=\"@sscc\" \/>\n<meta name=\"twitter:card\" content=\"summary_large_image\" \/>\n<meta name=\"twitter:creator\" content=\"@beatopeustaquio\" \/>\n<meta name=\"twitter:site\" content=\"@beatopeustaquio\" \/>\n<meta name=\"twitter:label1\" content=\"Escrito por\" \/>\n\t<meta name=\"twitter:data1\" content=\"@sscc\" \/>\n\t<meta name=\"twitter:label2\" content=\"Tiempo de lectura\" \/>\n\t<meta name=\"twitter:data2\" content=\"2 minutos\" \/>\n<script type=\"application\/ld+json\" class=\"yoast-schema-graph\">{\"@context\":\"https:\/\/schema.org\",\"@graph\":[{\"@type\":\"Article\",\"@id\":\"https:\/\/www.padreeustaquio.com.br\/as-damas-da-caridade-e-o-trabalho-voltado-aos-mais-pobres\/#article\",\"isPartOf\":{\"@id\":\"https:\/\/www.padreeustaquio.com.br\/as-damas-da-caridade-e-o-trabalho-voltado-aos-mais-pobres\/\"},\"author\":{\"name\":\"@sscc\",\"@id\":\"https:\/\/www.padreeustaquio.com.br\/#\/schema\/person\/a2a51db1d00f1a7af0204a0f1ddb1566\"},\"headline\":\"As &#8220;Damas da Caridade&#8221; e o trabalho voltado aos mais pobres\",\"datePublished\":\"2022-01-25T16:38:16+00:00\",\"dateModified\":\"2022-01-25T16:40:31+00:00\",\"mainEntityOfPage\":{\"@id\":\"https:\/\/www.padreeustaquio.com.br\/as-damas-da-caridade-e-o-trabalho-voltado-aos-mais-pobres\/\"},\"wordCount\":325,\"commentCount\":0,\"publisher\":{\"@id\":\"https:\/\/www.padreeustaquio.com.br\/#organization\"},\"image\":{\"@id\":\"https:\/\/www.padreeustaquio.com.br\/as-damas-da-caridade-e-o-trabalho-voltado-aos-mais-pobres\/#primaryimage\"},\"thumbnailUrl\":\"https:\/\/www.padreeustaquio.com.br\/wp-content\/uploads\/2020\/05\/PROFESSOS--e1643128762547.jpg\",\"articleSection\":[\"Not\u00edcias\"],\"inLanguage\":\"es\",\"potentialAction\":[{\"@type\":\"CommentAction\",\"name\":\"Comment\",\"target\":[\"https:\/\/www.padreeustaquio.com.br\/as-damas-da-caridade-e-o-trabalho-voltado-aos-mais-pobres\/#respond\"]}]},{\"@type\":\"WebPage\",\"@id\":\"https:\/\/www.padreeustaquio.com.br\/as-damas-da-caridade-e-o-trabalho-voltado-aos-mais-pobres\/\",\"url\":\"https:\/\/www.padreeustaquio.com.br\/as-damas-da-caridade-e-o-trabalho-voltado-aos-mais-pobres\/\",\"name\":\"As \\\"Damas da Caridade\\\" e o trabalho voltado aos mais pobres\",\"isPartOf\":{\"@id\":\"https:\/\/www.padreeustaquio.com.br\/#website\"},\"primaryImageOfPage\":{\"@id\":\"https:\/\/www.padreeustaquio.com.br\/as-damas-da-caridade-e-o-trabalho-voltado-aos-mais-pobres\/#primaryimage\"},\"image\":{\"@id\":\"https:\/\/www.padreeustaquio.com.br\/as-damas-da-caridade-e-o-trabalho-voltado-aos-mais-pobres\/#primaryimage\"},\"thumbnailUrl\":\"https:\/\/www.padreeustaquio.com.br\/wp-content\/uploads\/2020\/05\/PROFESSOS--e1643128762547.jpg\",\"datePublished\":\"2022-01-25T16:38:16+00:00\",\"dateModified\":\"2022-01-25T16:40:31+00:00\",\"description\":\"Idealizado pelo Bem-Aventurado Padre Eust\u00e1quio, no in\u00edcio da d\u00e9cada de 1940, em Belo Horizonte, o trabalho no auxilio aos pobres sempre foi uma grande preocupa\u00e7\u00e3o da Congrega\u00e7\u00e3o dos Sagrados Cora\u00e7\u00f5es e de toda a comunidade paroquial.\",\"breadcrumb\":{\"@id\":\"https:\/\/www.padreeustaquio.com.br\/as-damas-da-caridade-e-o-trabalho-voltado-aos-mais-pobres\/#breadcrumb\"},\"inLanguage\":\"es\",\"potentialAction\":[{\"@type\":\"ReadAction\",\"target\":[\"https:\/\/www.padreeustaquio.com.br\/as-damas-da-caridade-e-o-trabalho-voltado-aos-mais-pobres\/\"]}]},{\"@type\":\"ImageObject\",\"inLanguage\":\"es\",\"@id\":\"https:\/\/www.padreeustaquio.com.br\/as-damas-da-caridade-e-o-trabalho-voltado-aos-mais-pobres\/#primaryimage\",\"url\":\"https:\/\/www.padreeustaquio.com.br\/wp-content\/uploads\/2020\/05\/PROFESSOS--e1643128762547.jpg\",\"contentUrl\":\"https:\/\/www.padreeustaquio.com.br\/wp-content\/uploads\/2020\/05\/PROFESSOS--e1643128762547.jpg\",\"width\":2665,\"height\":1572},{\"@type\":\"BreadcrumbList\",\"@id\":\"https:\/\/www.padreeustaquio.com.br\/as-damas-da-caridade-e-o-trabalho-voltado-aos-mais-pobres\/#breadcrumb\",\"itemListElement\":[{\"@type\":\"ListItem\",\"position\":1,\"name\":\"In\u00edcio\",\"item\":\"https:\/\/www.padreeustaquio.com.br\/\"},{\"@type\":\"ListItem\",\"position\":2,\"name\":\"As &#8220;Damas da Caridade&#8221; e o trabalho voltado aos mais pobres\"}]},{\"@type\":\"WebSite\",\"@id\":\"https:\/\/www.padreeustaquio.com.br\/#website\",\"url\":\"https:\/\/www.padreeustaquio.com.br\/\",\"name\":\"Padre Eust\u00e1quio\",\"description\":\"Sa\u00fade e Paz\",\"publisher\":{\"@id\":\"https:\/\/www.padreeustaquio.com.br\/#organization\"},\"potentialAction\":[{\"@type\":\"SearchAction\",\"target\":{\"@type\":\"EntryPoint\",\"urlTemplate\":\"https:\/\/www.padreeustaquio.com.br\/?s={search_term_string}\"},\"query-input\":{\"@type\":\"PropertyValueSpecification\",\"valueRequired\":true,\"valueName\":\"search_term_string\"}}],\"inLanguage\":\"es\"},{\"@type\":\"Organization\",\"@id\":\"https:\/\/www.padreeustaquio.com.br\/#organization\",\"name\":\"Padre Eust\u00e1quio\",\"url\":\"https:\/\/www.padreeustaquio.com.br\/\",\"logo\":{\"@type\":\"ImageObject\",\"inLanguage\":\"es\",\"@id\":\"https:\/\/www.padreeustaquio.com.br\/#\/schema\/logo\/image\/\",\"url\":\"https:\/\/www.padreeustaquio.com.br\/wp-content\/uploads\/2019\/08\/marca.png\",\"contentUrl\":\"https:\/\/www.padreeustaquio.com.br\/wp-content\/uploads\/2019\/08\/marca.png\",\"width\":350,\"height\":400,\"caption\":\"Padre Eust\u00e1quio\"},\"image\":{\"@id\":\"https:\/\/www.padreeustaquio.com.br\/#\/schema\/logo\/image\/\"},\"sameAs\":[\"https:\/\/www.facebook.com\/beatopadreeustaquio\/\",\"https:\/\/x.com\/beatopeustaquio\",\"https:\/\/www.instagram.com\/beatopadreeustaquio\/\",\"https:\/\/www.youtube.com\/channel\/UCRhw7vfabnajwLxb1ZXMeIw\"]},{\"@type\":\"Person\",\"@id\":\"https:\/\/www.padreeustaquio.com.br\/#\/schema\/person\/a2a51db1d00f1a7af0204a0f1ddb1566\",\"name\":\"@sscc\",\"image\":{\"@type\":\"ImageObject\",\"inLanguage\":\"es\",\"@id\":\"https:\/\/secure.gravatar.com\/avatar\/68cfafa5f44617fea54071e215026e0ff06be366c3d54a8425f04fdcb86f8c5f?s=96&d=mm&r=g\",\"url\":\"https:\/\/secure.gravatar.com\/avatar\/68cfafa5f44617fea54071e215026e0ff06be366c3d54a8425f04fdcb86f8c5f?s=96&d=mm&r=g\",\"contentUrl\":\"https:\/\/secure.gravatar.com\/avatar\/68cfafa5f44617fea54071e215026e0ff06be366c3d54a8425f04fdcb86f8c5f?s=96&d=mm&r=g\",\"caption\":\"@sscc\"},\"url\":\"https:\/\/www.padreeustaquio.com.br\/es\/author\/sscc\/\"}]}<\/script>\n<!-- \/ Yoast SEO plugin. -->","yoast_head_json":{"title":"Las \"Damas de la Caridad\" y su labor centrada en los m\u00e1s pobres.","description":"Concebida por el Beato Padre Eustaquio a principios de la d\u00e9cada de 1940 en Belo Horizonte, la obra de ayuda a los pobres ha sido siempre una gran preocupaci\u00f3n de la Congregaci\u00f3n de los Sagrados Corazones y de toda la comunidad parroquial.","robots":{"index":"index","follow":"follow","max-snippet":"max-snippet:-1","max-image-preview":"max-image-preview:large","max-video-preview":"max-video-preview:-1"},"canonical":"https:\/\/www.padreeustaquio.com.br\/es\/las-damas-de-la-caridad-y-del-trabajo-dirigido-a-los-mas-pobres\/","og_locale":"es_ES","og_type":"article","og_title":"As \"Damas da Caridade\" e o trabalho voltado aos mais pobres","og_description":"Idealizado pelo Bem-Aventurado Padre Eust\u00e1quio, no in\u00edcio da d\u00e9cada de 1940, em Belo Horizonte, o trabalho no auxilio aos pobres sempre foi uma grande preocupa\u00e7\u00e3o da Congrega\u00e7\u00e3o dos Sagrados Cora\u00e7\u00f5es e de toda a comunidade paroquial.","og_url":"https:\/\/www.padreeustaquio.com.br\/es\/las-damas-de-la-caridad-y-del-trabajo-dirigido-a-los-mas-pobres\/","og_site_name":"Padre Eust\u00e1quio","article_publisher":"https:\/\/www.facebook.com\/beatopadreeustaquio\/","article_published_time":"2022-01-25T16:38:16+00:00","article_modified_time":"2022-01-25T16:40:31+00:00","og_image":[{"width":2665,"height":1572,"url":"https:\/\/www.padreeustaquio.com.br\/wp-content\/uploads\/2020\/05\/PROFESSOS--e1643128762547.jpg","type":"image\/jpeg"}],"author":"@sscc","twitter_card":"summary_large_image","twitter_creator":"@beatopeustaquio","twitter_site":"@beatopeustaquio","twitter_misc":{"Escrito por":"@sscc","Tiempo de lectura":"2 minutos"},"schema":{"@context":"https:\/\/schema.org","@graph":[{"@type":"Article","@id":"https:\/\/www.padreeustaquio.com.br\/as-damas-da-caridade-e-o-trabalho-voltado-aos-mais-pobres\/#article","isPartOf":{"@id":"https:\/\/www.padreeustaquio.com.br\/as-damas-da-caridade-e-o-trabalho-voltado-aos-mais-pobres\/"},"author":{"name":"@sscc","@id":"https:\/\/www.padreeustaquio.com.br\/#\/schema\/person\/a2a51db1d00f1a7af0204a0f1ddb1566"},"headline":"As &#8220;Damas da Caridade&#8221; e o trabalho voltado aos mais pobres","datePublished":"2022-01-25T16:38:16+00:00","dateModified":"2022-01-25T16:40:31+00:00","mainEntityOfPage":{"@id":"https:\/\/www.padreeustaquio.com.br\/as-damas-da-caridade-e-o-trabalho-voltado-aos-mais-pobres\/"},"wordCount":325,"commentCount":0,"publisher":{"@id":"https:\/\/www.padreeustaquio.com.br\/#organization"},"image":{"@id":"https:\/\/www.padreeustaquio.com.br\/as-damas-da-caridade-e-o-trabalho-voltado-aos-mais-pobres\/#primaryimage"},"thumbnailUrl":"https:\/\/www.padreeustaquio.com.br\/wp-content\/uploads\/2020\/05\/PROFESSOS--e1643128762547.jpg","articleSection":["Not\u00edcias"],"inLanguage":"es","potentialAction":[{"@type":"CommentAction","name":"Comment","target":["https:\/\/www.padreeustaquio.com.br\/as-damas-da-caridade-e-o-trabalho-voltado-aos-mais-pobres\/#respond"]}]},{"@type":"WebPage","@id":"https:\/\/www.padreeustaquio.com.br\/as-damas-da-caridade-e-o-trabalho-voltado-aos-mais-pobres\/","url":"https:\/\/www.padreeustaquio.com.br\/as-damas-da-caridade-e-o-trabalho-voltado-aos-mais-pobres\/","name":"Las \"Damas de la Caridad\" y su labor centrada en los m\u00e1s pobres.","isPartOf":{"@id":"https:\/\/www.padreeustaquio.com.br\/#website"},"primaryImageOfPage":{"@id":"https:\/\/www.padreeustaquio.com.br\/as-damas-da-caridade-e-o-trabalho-voltado-aos-mais-pobres\/#primaryimage"},"image":{"@id":"https:\/\/www.padreeustaquio.com.br\/as-damas-da-caridade-e-o-trabalho-voltado-aos-mais-pobres\/#primaryimage"},"thumbnailUrl":"https:\/\/www.padreeustaquio.com.br\/wp-content\/uploads\/2020\/05\/PROFESSOS--e1643128762547.jpg","datePublished":"2022-01-25T16:38:16+00:00","dateModified":"2022-01-25T16:40:31+00:00","description":"Concebida por el Beato Padre Eustaquio a principios de la d\u00e9cada de 1940 en Belo Horizonte, la obra de ayuda a los pobres ha sido siempre una gran preocupaci\u00f3n de la Congregaci\u00f3n de los Sagrados Corazones y de toda la comunidad parroquial.","breadcrumb":{"@id":"https:\/\/www.padreeustaquio.com.br\/as-damas-da-caridade-e-o-trabalho-voltado-aos-mais-pobres\/#breadcrumb"},"inLanguage":"es","potentialAction":[{"@type":"ReadAction","target":["https:\/\/www.padreeustaquio.com.br\/as-damas-da-caridade-e-o-trabalho-voltado-aos-mais-pobres\/"]}]},{"@type":"ImageObject","inLanguage":"es","@id":"https:\/\/www.padreeustaquio.com.br\/as-damas-da-caridade-e-o-trabalho-voltado-aos-mais-pobres\/#primaryimage","url":"https:\/\/www.padreeustaquio.com.br\/wp-content\/uploads\/2020\/05\/PROFESSOS--e1643128762547.jpg","contentUrl":"https:\/\/www.padreeustaquio.com.br\/wp-content\/uploads\/2020\/05\/PROFESSOS--e1643128762547.jpg","width":2665,"height":1572},{"@type":"BreadcrumbList","@id":"https:\/\/www.padreeustaquio.com.br\/as-damas-da-caridade-e-o-trabalho-voltado-aos-mais-pobres\/#breadcrumb","itemListElement":[{"@type":"ListItem","position":1,"name":"In\u00edcio","item":"https:\/\/www.padreeustaquio.com.br\/"},{"@type":"ListItem","position":2,"name":"As &#8220;Damas da Caridade&#8221; e o trabalho voltado aos mais pobres"}]},{"@type":"WebSite","@id":"https:\/\/www.padreeustaquio.com.br\/#website","url":"https:\/\/www.padreeustaquio.com.br\/","name":"Padre Eustace","description":"Salud y Paz","publisher":{"@id":"https:\/\/www.padreeustaquio.com.br\/#organization"},"potentialAction":[{"@type":"SearchAction","target":{"@type":"EntryPoint","urlTemplate":"https:\/\/www.padreeustaquio.com.br\/?s={search_term_string}"},"query-input":{"@type":"PropertyValueSpecification","valueRequired":true,"valueName":"search_term_string"}}],"inLanguage":"es"},{"@type":"Organization","@id":"https:\/\/www.padreeustaquio.com.br\/#organization","name":"Padre Eustace","url":"https:\/\/www.padreeustaquio.com.br\/","logo":{"@type":"ImageObject","inLanguage":"es","@id":"https:\/\/www.padreeustaquio.com.br\/#\/schema\/logo\/image\/","url":"https:\/\/www.padreeustaquio.com.br\/wp-content\/uploads\/2019\/08\/marca.png","contentUrl":"https:\/\/www.padreeustaquio.com.br\/wp-content\/uploads\/2019\/08\/marca.png","width":350,"height":400,"caption":"Padre Eust\u00e1quio"},"image":{"@id":"https:\/\/www.padreeustaquio.com.br\/#\/schema\/logo\/image\/"},"sameAs":["https:\/\/www.facebook.com\/beatopadreeustaquio\/","https:\/\/x.com\/beatopeustaquio","https:\/\/www.instagram.com\/beatopadreeustaquio\/","https:\/\/www.youtube.com\/channel\/UCRhw7vfabnajwLxb1ZXMeIw"]},{"@type":"Person","@id":"https:\/\/www.padreeustaquio.com.br\/#\/schema\/person\/a2a51db1d00f1a7af0204a0f1ddb1566","name":"@sscc","image":{"@type":"ImageObject","inLanguage":"es","@id":"https:\/\/secure.gravatar.com\/avatar\/68cfafa5f44617fea54071e215026e0ff06be366c3d54a8425f04fdcb86f8c5f?s=96&d=mm&r=g","url":"https:\/\/secure.gravatar.com\/avatar\/68cfafa5f44617fea54071e215026e0ff06be366c3d54a8425f04fdcb86f8c5f?s=96&d=mm&r=g","contentUrl":"https:\/\/secure.gravatar.com\/avatar\/68cfafa5f44617fea54071e215026e0ff06be366c3d54a8425f04fdcb86f8c5f?s=96&d=mm&r=g","caption":"@sscc"},"url":"https:\/\/www.padreeustaquio.com.br\/es\/author\/sscc\/"}]}},"_links":{"self":[{"href":"https:\/\/www.padreeustaquio.com.br\/es\/wp-json\/wp\/v2\/posts\/8000","targetHints":{"allow":["GET"]}}],"collection":[{"href":"https:\/\/www.padreeustaquio.com.br\/es\/wp-json\/wp\/v2\/posts"}],"about":[{"href":"https:\/\/www.padreeustaquio.com.br\/es\/wp-json\/wp\/v2\/types\/post"}],"author":[{"embeddable":true,"href":"https:\/\/www.padreeustaquio.com.br\/es\/wp-json\/wp\/v2\/users\/2"}],"replies":[{"embeddable":true,"href":"https:\/\/www.padreeustaquio.com.br\/es\/wp-json\/wp\/v2\/comments?post=8000"}],"version-history":[{"count":0,"href":"https:\/\/www.padreeustaquio.com.br\/es\/wp-json\/wp\/v2\/posts\/8000\/revisions"}],"wp:featuredmedia":[{"embeddable":true,"href":"https:\/\/www.padreeustaquio.com.br\/es\/wp-json\/wp\/v2\/media\/4189"}],"wp:attachment":[{"href":"https:\/\/www.padreeustaquio.com.br\/es\/wp-json\/wp\/v2\/media?parent=8000"}],"wp:term":[{"taxonomy":"category","embeddable":true,"href":"https:\/\/www.padreeustaquio.com.br\/es\/wp-json\/wp\/v2\/categories?post=8000"},{"taxonomy":"post_tag","embeddable":true,"href":"https:\/\/www.padreeustaquio.com.br\/es\/wp-json\/wp\/v2\/tags?post=8000"}],"curies":[{"name":"wp","href":"https:\/\/api.w.org\/{rel}","templated":true}]}}