{"id":7984,"date":"2022-01-27T06:14:00","date_gmt":"2022-01-27T09:14:00","guid":{"rendered":"https:\/\/www.padreeustaquio.com.br\/?p=7984"},"modified":"2022-01-24T09:45:27","modified_gmt":"2022-01-24T12:45:27","slug":"escritos-del-padre-eustace-la-vida-de-un-santo","status":"publish","type":"post","link":"https:\/\/www.padreeustaquio.com.br\/es\/escritos-del-padre-eustace-la-vida-de-un-santo\/","title":{"rendered":"Escritos del Padre Eustaquio: la vida de un santo"},"content":{"rendered":"<p>A lo largo de su vida, el Padre Eust\u00e1quio dej\u00f3 numerosas ense\u00f1anzas a trav\u00e9s de sus escritos. Durante sus a\u00f1os en Brasil, escribi\u00f3 numerosas reflexiones sobre diversos temas.<\/p>\n\n\n\n<p>Entre las pertenencias del Bendito se encontr\u00f3 recientemente un recorte de papel manuscrito por el sacerdote holand\u00e9s, que hablaba sobre la vida de un Santo.<\/p>\n\n\n\n<p>Lea el texto breve en su totalidad:<\/p>\n\n\n\n<p><em>\u201cLa vida de un santo es una p\u00e1gina arrancada del cielo, para ser escrita por la tierra. La vida de un santo es un broche que Dios pone sobre la cabeza de la humanidad, para mostrarle el camino que debe seguir en la b\u00fasqueda del infinito. La vida de un santo es una part\u00edcula de Dios, depositada como una hora de roc\u00edo en el coraz\u00f3n de la humanidad.\u201d<\/em>.<\/p>\n\n\n\n<p>Como escribe el Padre Eustaquio en el texto, vivi\u00f3 su misi\u00f3n siendo recordatorio del mensaje de Dios a sus hermanos necesitados, dondequiera que iba, llevando consigo el mensaje de Salud y Paz a los pobres, enfermos y marginados.<\/p>\n\n\n\n<p><\/p>","protected":false},"excerpt":{"rendered":"<p>Durante toda sua vida, Padre Eust\u00e1quio deixou muitos ensinamentos atrav\u00e9s dos textos escritos por ele. Durante seus anos no Brasil ele escreveu muitas reflex\u00f5es sobre os mais variados temas. Entre os pertences do Beato foi encontrado recentemente, um recorte de papel, escrito a m\u00e3o pelo padre holand\u00eas, que falava sobre a vida de um Santo. Leia o pequeno texto na \u00edntegra: &#8220;A vida dum santo \u00e9 uma p\u00e1gina arrancada do c\u00e9u, para ser soletrada pela terra. A vida dum santo \u00e9 um fecho que Deus acende sobre a cabe\u00e7a da humanidade, para lhe mostrar o caminho que ele deve seguir [&hellip;]<\/p>\n","protected":false},"author":2,"featured_media":7988,"comment_status":"open","ping_status":"closed","sticky":false,"template":"","format":"standard","meta":{"_acf_changed":false,"footnotes":""},"categories":[611],"tags":[],"class_list":["post-7984","post","type-post","status-publish","format-standard","has-post-thumbnail","hentry","category-noticias"],"acf":[],"yoast_head":"<!-- This site is optimized with the Yoast SEO plugin v27.2 - https:\/\/yoast.com\/product\/yoast-seo-wordpress\/ -->\n<title>Escritos de Padre Eust\u00e1quio: a vida de um Santo<\/title>\n<meta name=\"description\" content=\"Durante toda sua vida, Padre Eust\u00e1quio deixou muitos ensinamentos atrav\u00e9s dos textos escritos por ele. Durante seus anos no Brasil ele escreveu muitas reflex\u00f5es sobre os mais variados temas.\" \/>\n<meta name=\"robots\" content=\"index, follow, max-snippet:-1, max-image-preview:large, max-video-preview:-1\" \/>\n<link rel=\"canonical\" href=\"https:\/\/www.padreeustaquio.com.br\/es\/escritos-del-padre-eustace-la-vida-de-un-santo\/\" \/>\n<meta property=\"og:locale\" content=\"es_ES\" \/>\n<meta property=\"og:type\" content=\"article\" \/>\n<meta property=\"og:title\" content=\"Escritos de Padre Eust\u00e1quio: a vida de um Santo\" \/>\n<meta property=\"og:description\" content=\"Durante toda sua vida, Padre Eust\u00e1quio deixou muitos ensinamentos atrav\u00e9s dos textos escritos por ele. Durante seus anos no Brasil ele escreveu muitas reflex\u00f5es sobre os mais variados temas.\" \/>\n<meta property=\"og:url\" content=\"https:\/\/www.padreeustaquio.com.br\/es\/escritos-del-padre-eustace-la-vida-de-un-santo\/\" \/>\n<meta property=\"og:site_name\" content=\"Padre Eust\u00e1quio\" \/>\n<meta property=\"article:publisher\" content=\"https:\/\/www.facebook.com\/beatopadreeustaquio\/\" \/>\n<meta property=\"article:published_time\" content=\"2022-01-27T09:14:00+00:00\" \/>\n<meta property=\"og:image\" content=\"https:\/\/www.padreeustaquio.com.br\/wp-content\/uploads\/2022\/01\/palavras-de-padre-eustaquio.jpg\" \/>\n\t<meta property=\"og:image:width\" content=\"748\" \/>\n\t<meta property=\"og:image:height\" content=\"394\" \/>\n\t<meta property=\"og:image:type\" content=\"image\/jpeg\" \/>\n<meta name=\"author\" content=\"@sscc\" \/>\n<meta name=\"twitter:card\" content=\"summary_large_image\" \/>\n<meta name=\"twitter:creator\" content=\"@beatopeustaquio\" \/>\n<meta name=\"twitter:site\" content=\"@beatopeustaquio\" \/>\n<meta name=\"twitter:label1\" content=\"Escrito por\" \/>\n\t<meta name=\"twitter:data1\" content=\"@sscc\" \/>\n\t<meta name=\"twitter:label2\" content=\"Tiempo de lectura\" \/>\n\t<meta name=\"twitter:data2\" content=\"1 minuto\" \/>\n<script type=\"application\/ld+json\" class=\"yoast-schema-graph\">{\"@context\":\"https:\/\/schema.org\",\"@graph\":[{\"@type\":\"Article\",\"@id\":\"https:\/\/www.padreeustaquio.com.br\/escritos-de-padre-eustaquio-a-vida-de-um-santo\/#article\",\"isPartOf\":{\"@id\":\"https:\/\/www.padreeustaquio.com.br\/escritos-de-padre-eustaquio-a-vida-de-um-santo\/\"},\"author\":{\"name\":\"@sscc\",\"@id\":\"https:\/\/www.padreeustaquio.com.br\/#\/schema\/person\/a2a51db1d00f1a7af0204a0f1ddb1566\"},\"headline\":\"Escritos de Padre Eust\u00e1quio: a vida de um Santo\",\"datePublished\":\"2022-01-27T09:14:00+00:00\",\"mainEntityOfPage\":{\"@id\":\"https:\/\/www.padreeustaquio.com.br\/escritos-de-padre-eustaquio-a-vida-de-um-santo\/\"},\"wordCount\":181,\"commentCount\":0,\"publisher\":{\"@id\":\"https:\/\/www.padreeustaquio.com.br\/#organization\"},\"image\":{\"@id\":\"https:\/\/www.padreeustaquio.com.br\/escritos-de-padre-eustaquio-a-vida-de-um-santo\/#primaryimage\"},\"thumbnailUrl\":\"https:\/\/www.padreeustaquio.com.br\/wp-content\/uploads\/2022\/01\/palavras-de-padre-eustaquio.jpg\",\"articleSection\":[\"Not\u00edcias\"],\"inLanguage\":\"es\",\"potentialAction\":[{\"@type\":\"CommentAction\",\"name\":\"Comment\",\"target\":[\"https:\/\/www.padreeustaquio.com.br\/escritos-de-padre-eustaquio-a-vida-de-um-santo\/#respond\"]}]},{\"@type\":\"WebPage\",\"@id\":\"https:\/\/www.padreeustaquio.com.br\/escritos-de-padre-eustaquio-a-vida-de-um-santo\/\",\"url\":\"https:\/\/www.padreeustaquio.com.br\/escritos-de-padre-eustaquio-a-vida-de-um-santo\/\",\"name\":\"Escritos de Padre Eust\u00e1quio: a vida de um Santo\",\"isPartOf\":{\"@id\":\"https:\/\/www.padreeustaquio.com.br\/#website\"},\"primaryImageOfPage\":{\"@id\":\"https:\/\/www.padreeustaquio.com.br\/escritos-de-padre-eustaquio-a-vida-de-um-santo\/#primaryimage\"},\"image\":{\"@id\":\"https:\/\/www.padreeustaquio.com.br\/escritos-de-padre-eustaquio-a-vida-de-um-santo\/#primaryimage\"},\"thumbnailUrl\":\"https:\/\/www.padreeustaquio.com.br\/wp-content\/uploads\/2022\/01\/palavras-de-padre-eustaquio.jpg\",\"datePublished\":\"2022-01-27T09:14:00+00:00\",\"description\":\"Durante toda sua vida, Padre Eust\u00e1quio deixou muitos ensinamentos atrav\u00e9s dos textos escritos por ele. Durante seus anos no Brasil ele escreveu muitas reflex\u00f5es sobre os mais variados temas.\",\"breadcrumb\":{\"@id\":\"https:\/\/www.padreeustaquio.com.br\/escritos-de-padre-eustaquio-a-vida-de-um-santo\/#breadcrumb\"},\"inLanguage\":\"es\",\"potentialAction\":[{\"@type\":\"ReadAction\",\"target\":[\"https:\/\/www.padreeustaquio.com.br\/escritos-de-padre-eustaquio-a-vida-de-um-santo\/\"]}]},{\"@type\":\"ImageObject\",\"inLanguage\":\"es\",\"@id\":\"https:\/\/www.padreeustaquio.com.br\/escritos-de-padre-eustaquio-a-vida-de-um-santo\/#primaryimage\",\"url\":\"https:\/\/www.padreeustaquio.com.br\/wp-content\/uploads\/2022\/01\/palavras-de-padre-eustaquio.jpg\",\"contentUrl\":\"https:\/\/www.padreeustaquio.com.br\/wp-content\/uploads\/2022\/01\/palavras-de-padre-eustaquio.jpg\",\"width\":748,\"height\":394},{\"@type\":\"BreadcrumbList\",\"@id\":\"https:\/\/www.padreeustaquio.com.br\/escritos-de-padre-eustaquio-a-vida-de-um-santo\/#breadcrumb\",\"itemListElement\":[{\"@type\":\"ListItem\",\"position\":1,\"name\":\"In\u00edcio\",\"item\":\"https:\/\/www.padreeustaquio.com.br\/\"},{\"@type\":\"ListItem\",\"position\":2,\"name\":\"Escritos de Padre Eust\u00e1quio: a vida de um Santo\"}]},{\"@type\":\"WebSite\",\"@id\":\"https:\/\/www.padreeustaquio.com.br\/#website\",\"url\":\"https:\/\/www.padreeustaquio.com.br\/\",\"name\":\"Padre Eust\u00e1quio\",\"description\":\"Sa\u00fade e Paz\",\"publisher\":{\"@id\":\"https:\/\/www.padreeustaquio.com.br\/#organization\"},\"potentialAction\":[{\"@type\":\"SearchAction\",\"target\":{\"@type\":\"EntryPoint\",\"urlTemplate\":\"https:\/\/www.padreeustaquio.com.br\/?s={search_term_string}\"},\"query-input\":{\"@type\":\"PropertyValueSpecification\",\"valueRequired\":true,\"valueName\":\"search_term_string\"}}],\"inLanguage\":\"es\"},{\"@type\":\"Organization\",\"@id\":\"https:\/\/www.padreeustaquio.com.br\/#organization\",\"name\":\"Padre Eust\u00e1quio\",\"url\":\"https:\/\/www.padreeustaquio.com.br\/\",\"logo\":{\"@type\":\"ImageObject\",\"inLanguage\":\"es\",\"@id\":\"https:\/\/www.padreeustaquio.com.br\/#\/schema\/logo\/image\/\",\"url\":\"https:\/\/www.padreeustaquio.com.br\/wp-content\/uploads\/2019\/08\/marca.png\",\"contentUrl\":\"https:\/\/www.padreeustaquio.com.br\/wp-content\/uploads\/2019\/08\/marca.png\",\"width\":350,\"height\":400,\"caption\":\"Padre Eust\u00e1quio\"},\"image\":{\"@id\":\"https:\/\/www.padreeustaquio.com.br\/#\/schema\/logo\/image\/\"},\"sameAs\":[\"https:\/\/www.facebook.com\/beatopadreeustaquio\/\",\"https:\/\/x.com\/beatopeustaquio\",\"https:\/\/www.instagram.com\/beatopadreeustaquio\/\",\"https:\/\/www.youtube.com\/channel\/UCRhw7vfabnajwLxb1ZXMeIw\"]},{\"@type\":\"Person\",\"@id\":\"https:\/\/www.padreeustaquio.com.br\/#\/schema\/person\/a2a51db1d00f1a7af0204a0f1ddb1566\",\"name\":\"@sscc\",\"image\":{\"@type\":\"ImageObject\",\"inLanguage\":\"es\",\"@id\":\"https:\/\/secure.gravatar.com\/avatar\/68cfafa5f44617fea54071e215026e0ff06be366c3d54a8425f04fdcb86f8c5f?s=96&d=mm&r=g\",\"url\":\"https:\/\/secure.gravatar.com\/avatar\/68cfafa5f44617fea54071e215026e0ff06be366c3d54a8425f04fdcb86f8c5f?s=96&d=mm&r=g\",\"contentUrl\":\"https:\/\/secure.gravatar.com\/avatar\/68cfafa5f44617fea54071e215026e0ff06be366c3d54a8425f04fdcb86f8c5f?s=96&d=mm&r=g\",\"caption\":\"@sscc\"},\"url\":\"https:\/\/www.padreeustaquio.com.br\/es\/author\/sscc\/\"}]}<\/script>\n<!-- \/ Yoast SEO plugin. -->","yoast_head_json":{"title":"Escritos del Padre Eustaquio: la vida de un santo","description":"A lo largo de su vida, el Padre Eust\u00e1quio dej\u00f3 numerosas ense\u00f1anzas a trav\u00e9s de sus escritos. Durante sus a\u00f1os en Brasil, escribi\u00f3 numerosas reflexiones sobre diversos temas.","robots":{"index":"index","follow":"follow","max-snippet":"max-snippet:-1","max-image-preview":"max-image-preview:large","max-video-preview":"max-video-preview:-1"},"canonical":"https:\/\/www.padreeustaquio.com.br\/es\/escritos-del-padre-eustace-la-vida-de-un-santo\/","og_locale":"es_ES","og_type":"article","og_title":"Escritos de Padre Eust\u00e1quio: a vida de um Santo","og_description":"Durante toda sua vida, Padre Eust\u00e1quio deixou muitos ensinamentos atrav\u00e9s dos textos escritos por ele. Durante seus anos no Brasil ele escreveu muitas reflex\u00f5es sobre os mais variados temas.","og_url":"https:\/\/www.padreeustaquio.com.br\/es\/escritos-del-padre-eustace-la-vida-de-un-santo\/","og_site_name":"Padre Eust\u00e1quio","article_publisher":"https:\/\/www.facebook.com\/beatopadreeustaquio\/","article_published_time":"2022-01-27T09:14:00+00:00","og_image":[{"width":748,"height":394,"url":"https:\/\/www.padreeustaquio.com.br\/wp-content\/uploads\/2022\/01\/palavras-de-padre-eustaquio.jpg","type":"image\/jpeg"}],"author":"@sscc","twitter_card":"summary_large_image","twitter_creator":"@beatopeustaquio","twitter_site":"@beatopeustaquio","twitter_misc":{"Escrito por":"@sscc","Tiempo de lectura":"1 minuto"},"schema":{"@context":"https:\/\/schema.org","@graph":[{"@type":"Article","@id":"https:\/\/www.padreeustaquio.com.br\/escritos-de-padre-eustaquio-a-vida-de-um-santo\/#article","isPartOf":{"@id":"https:\/\/www.padreeustaquio.com.br\/escritos-de-padre-eustaquio-a-vida-de-um-santo\/"},"author":{"name":"@sscc","@id":"https:\/\/www.padreeustaquio.com.br\/#\/schema\/person\/a2a51db1d00f1a7af0204a0f1ddb1566"},"headline":"Escritos de Padre Eust\u00e1quio: a vida de um Santo","datePublished":"2022-01-27T09:14:00+00:00","mainEntityOfPage":{"@id":"https:\/\/www.padreeustaquio.com.br\/escritos-de-padre-eustaquio-a-vida-de-um-santo\/"},"wordCount":181,"commentCount":0,"publisher":{"@id":"https:\/\/www.padreeustaquio.com.br\/#organization"},"image":{"@id":"https:\/\/www.padreeustaquio.com.br\/escritos-de-padre-eustaquio-a-vida-de-um-santo\/#primaryimage"},"thumbnailUrl":"https:\/\/www.padreeustaquio.com.br\/wp-content\/uploads\/2022\/01\/palavras-de-padre-eustaquio.jpg","articleSection":["Not\u00edcias"],"inLanguage":"es","potentialAction":[{"@type":"CommentAction","name":"Comment","target":["https:\/\/www.padreeustaquio.com.br\/escritos-de-padre-eustaquio-a-vida-de-um-santo\/#respond"]}]},{"@type":"WebPage","@id":"https:\/\/www.padreeustaquio.com.br\/escritos-de-padre-eustaquio-a-vida-de-um-santo\/","url":"https:\/\/www.padreeustaquio.com.br\/escritos-de-padre-eustaquio-a-vida-de-um-santo\/","name":"Escritos del Padre Eustaquio: la vida de un santo","isPartOf":{"@id":"https:\/\/www.padreeustaquio.com.br\/#website"},"primaryImageOfPage":{"@id":"https:\/\/www.padreeustaquio.com.br\/escritos-de-padre-eustaquio-a-vida-de-um-santo\/#primaryimage"},"image":{"@id":"https:\/\/www.padreeustaquio.com.br\/escritos-de-padre-eustaquio-a-vida-de-um-santo\/#primaryimage"},"thumbnailUrl":"https:\/\/www.padreeustaquio.com.br\/wp-content\/uploads\/2022\/01\/palavras-de-padre-eustaquio.jpg","datePublished":"2022-01-27T09:14:00+00:00","description":"A lo largo de su vida, el Padre Eust\u00e1quio dej\u00f3 numerosas ense\u00f1anzas a trav\u00e9s de sus escritos. Durante sus a\u00f1os en Brasil, escribi\u00f3 numerosas reflexiones sobre diversos temas.","breadcrumb":{"@id":"https:\/\/www.padreeustaquio.com.br\/escritos-de-padre-eustaquio-a-vida-de-um-santo\/#breadcrumb"},"inLanguage":"es","potentialAction":[{"@type":"ReadAction","target":["https:\/\/www.padreeustaquio.com.br\/escritos-de-padre-eustaquio-a-vida-de-um-santo\/"]}]},{"@type":"ImageObject","inLanguage":"es","@id":"https:\/\/www.padreeustaquio.com.br\/escritos-de-padre-eustaquio-a-vida-de-um-santo\/#primaryimage","url":"https:\/\/www.padreeustaquio.com.br\/wp-content\/uploads\/2022\/01\/palavras-de-padre-eustaquio.jpg","contentUrl":"https:\/\/www.padreeustaquio.com.br\/wp-content\/uploads\/2022\/01\/palavras-de-padre-eustaquio.jpg","width":748,"height":394},{"@type":"BreadcrumbList","@id":"https:\/\/www.padreeustaquio.com.br\/escritos-de-padre-eustaquio-a-vida-de-um-santo\/#breadcrumb","itemListElement":[{"@type":"ListItem","position":1,"name":"In\u00edcio","item":"https:\/\/www.padreeustaquio.com.br\/"},{"@type":"ListItem","position":2,"name":"Escritos de Padre Eust\u00e1quio: a vida de um Santo"}]},{"@type":"WebSite","@id":"https:\/\/www.padreeustaquio.com.br\/#website","url":"https:\/\/www.padreeustaquio.com.br\/","name":"Padre Eustace","description":"Salud y Paz","publisher":{"@id":"https:\/\/www.padreeustaquio.com.br\/#organization"},"potentialAction":[{"@type":"SearchAction","target":{"@type":"EntryPoint","urlTemplate":"https:\/\/www.padreeustaquio.com.br\/?s={search_term_string}"},"query-input":{"@type":"PropertyValueSpecification","valueRequired":true,"valueName":"search_term_string"}}],"inLanguage":"es"},{"@type":"Organization","@id":"https:\/\/www.padreeustaquio.com.br\/#organization","name":"Padre Eustace","url":"https:\/\/www.padreeustaquio.com.br\/","logo":{"@type":"ImageObject","inLanguage":"es","@id":"https:\/\/www.padreeustaquio.com.br\/#\/schema\/logo\/image\/","url":"https:\/\/www.padreeustaquio.com.br\/wp-content\/uploads\/2019\/08\/marca.png","contentUrl":"https:\/\/www.padreeustaquio.com.br\/wp-content\/uploads\/2019\/08\/marca.png","width":350,"height":400,"caption":"Padre Eust\u00e1quio"},"image":{"@id":"https:\/\/www.padreeustaquio.com.br\/#\/schema\/logo\/image\/"},"sameAs":["https:\/\/www.facebook.com\/beatopadreeustaquio\/","https:\/\/x.com\/beatopeustaquio","https:\/\/www.instagram.com\/beatopadreeustaquio\/","https:\/\/www.youtube.com\/channel\/UCRhw7vfabnajwLxb1ZXMeIw"]},{"@type":"Person","@id":"https:\/\/www.padreeustaquio.com.br\/#\/schema\/person\/a2a51db1d00f1a7af0204a0f1ddb1566","name":"@sscc","image":{"@type":"ImageObject","inLanguage":"es","@id":"https:\/\/secure.gravatar.com\/avatar\/68cfafa5f44617fea54071e215026e0ff06be366c3d54a8425f04fdcb86f8c5f?s=96&d=mm&r=g","url":"https:\/\/secure.gravatar.com\/avatar\/68cfafa5f44617fea54071e215026e0ff06be366c3d54a8425f04fdcb86f8c5f?s=96&d=mm&r=g","contentUrl":"https:\/\/secure.gravatar.com\/avatar\/68cfafa5f44617fea54071e215026e0ff06be366c3d54a8425f04fdcb86f8c5f?s=96&d=mm&r=g","caption":"@sscc"},"url":"https:\/\/www.padreeustaquio.com.br\/es\/author\/sscc\/"}]}},"_links":{"self":[{"href":"https:\/\/www.padreeustaquio.com.br\/es\/wp-json\/wp\/v2\/posts\/7984","targetHints":{"allow":["GET"]}}],"collection":[{"href":"https:\/\/www.padreeustaquio.com.br\/es\/wp-json\/wp\/v2\/posts"}],"about":[{"href":"https:\/\/www.padreeustaquio.com.br\/es\/wp-json\/wp\/v2\/types\/post"}],"author":[{"embeddable":true,"href":"https:\/\/www.padreeustaquio.com.br\/es\/wp-json\/wp\/v2\/users\/2"}],"replies":[{"embeddable":true,"href":"https:\/\/www.padreeustaquio.com.br\/es\/wp-json\/wp\/v2\/comments?post=7984"}],"version-history":[{"count":0,"href":"https:\/\/www.padreeustaquio.com.br\/es\/wp-json\/wp\/v2\/posts\/7984\/revisions"}],"wp:featuredmedia":[{"embeddable":true,"href":"https:\/\/www.padreeustaquio.com.br\/es\/wp-json\/wp\/v2\/media\/7988"}],"wp:attachment":[{"href":"https:\/\/www.padreeustaquio.com.br\/es\/wp-json\/wp\/v2\/media?parent=7984"}],"wp:term":[{"taxonomy":"category","embeddable":true,"href":"https:\/\/www.padreeustaquio.com.br\/es\/wp-json\/wp\/v2\/categories?post=7984"},{"taxonomy":"post_tag","embeddable":true,"href":"https:\/\/www.padreeustaquio.com.br\/es\/wp-json\/wp\/v2\/tags?post=7984"}],"curies":[{"name":"wp","href":"https:\/\/api.w.org\/{rel}","templated":true}]}}