{"id":7981,"date":"2022-01-24T09:26:38","date_gmt":"2022-01-24T12:26:38","guid":{"rendered":"https:\/\/www.padreeustaquio.com.br\/?p=7981"},"modified":"2022-01-24T09:26:59","modified_gmt":"2022-01-24T12:26:59","slug":"los-devotos-miran-la-novena-al-beato-padre-eustaquio-en-video","status":"publish","type":"post","link":"https:\/\/www.padreeustaquio.com.br\/es\/los-devotos-miran-la-novena-al-beato-padre-eustaquio-en-video\/","title":{"rendered":"Los devotos siguen la Novena al Beato Padre Eustaquio v\u00eda video."},"content":{"rendered":"<p>Grabados por el equipo de Comunicaciones del Secretariado Nacional para la Causa de Canonizaci\u00f3n del Padre Eust\u00e1quio, los videos de la Novena al Beato est\u00e1n disponibles en el Canal Padre Eust\u00e1quio en YouTube desde agosto, pero las reflexiones han sido renovadas y republicadas este a\u00f1o.<\/p>\n\n\n\n<p>El contenido fue grabado en la capilla de la Sede Provincial de los Sagrados Corazones en Belo Horizonte por el Padre Vin\u00edcius Maciel, SSCC, responsable de la Causa de Canonizaci\u00f3n del Beato. Consiste en nueve d\u00edas de reflexiones sobre la vida del Beato y meditaciones sobre oraciones para pedir una gracia. Todo el material se basa en la Novena del Beato, aprobada can\u00f3nicamente.<\/p>\n\n\n\n<p>El trabajo cont\u00f3 con el apoyo t\u00e9cnico de una productora de videos de la capital de Minas Gerais. Para seguir las oraciones, compre el folleto de la novena en la Tienda del Padre Eust\u00e1quio, anexa al Santuario de Salud y Paz. Si se encuentra lejos, llame al (31) 3567-0314 y reciba el producto en su domicilio.<\/p>\n\n\n\n<p>Para seguir los v\u00eddeos durante los nueve d\u00edas. <a href=\"https:\/\/www.youtube.com\/watch?v=tUMuob-9Dmg&amp;list=PL7SBzddW7Uzk1IqSF0ZcVXkFjlzGEw5TL\" target=\"_blank\" rel=\"noreferrer noopener\">Haga clic aqu\u00ed para abrir la lista de reproducci\u00f3n.<\/a> En YouTube. Oren, reflexionen y compartan con sus amigos y familiares para que las bendiciones de Dios, por intercesi\u00f3n del Padre Eust\u00e1quio, est\u00e9n cada vez m\u00e1s presentes en sus vidas.<\/p>\n\n\n\n<p><\/p>","protected":false},"excerpt":{"rendered":"<p>Gravados pela equipe de Comunica\u00e7\u00e3o do Secretariado Nacional para a Causa de Canoniza\u00e7\u00e3o de Padre Eust\u00e1quio, os v\u00eddeos da Novena ao Beato est\u00e3o dispon\u00edveis no Canal Padre Eust\u00e1quio, no YouTube, desde agosto, mas as reflex\u00f5es foram repaginadas e postadas novamente este ano. O conte\u00fado foi gravado na capela da Sede Provincial dos Sagrados Cora\u00e7\u00f5es, em Belo Horizonte, pelo Padre Vin\u00edcius Maciel, SSCC, respons\u00e1vel pela Causa de Canoniza\u00e7\u00e3o do Beato. S\u00e3o nove dias de reflex\u00f5es sobre a vida do Beato e meditando ora\u00e7\u00f5es feitas para pedir uma gra\u00e7a. Todo material foi baseado na Novena do Bem-aventurado, aprovada canonicamente. Os trabalhos tiveram [&hellip;]<\/p>\n","protected":false},"author":2,"featured_media":7982,"comment_status":"open","ping_status":"closed","sticky":false,"template":"","format":"standard","meta":{"_acf_changed":false,"footnotes":""},"categories":[611],"tags":[],"class_list":["post-7981","post","type-post","status-publish","format-standard","has-post-thumbnail","hentry","category-noticias"],"acf":[],"yoast_head":"<!-- This site is optimized with the Yoast SEO plugin v27.2 - https:\/\/yoast.com\/product\/yoast-seo-wordpress\/ -->\n<title>Devotos acompanham em v\u00eddeo a Novena ao Beato Padre Eust\u00e1quio<\/title>\n<meta name=\"description\" content=\"Gravados pela equipe de Comunica\u00e7\u00e3o do Secretariado Nacional para a Causa de Canoniza\u00e7\u00e3o de Padre Eust\u00e1quio, os v\u00eddeos da Novena ao Beato est\u00e3o dispon\u00edveis no Canal Padre Eust\u00e1quio, no YouTube, desde agosto, mas as reflex\u00f5es foram repaginadas e postadas novamente este ano.\" \/>\n<meta name=\"robots\" content=\"index, follow, max-snippet:-1, max-image-preview:large, max-video-preview:-1\" \/>\n<link rel=\"canonical\" href=\"https:\/\/www.padreeustaquio.com.br\/es\/los-devotos-miran-la-novena-al-beato-padre-eustaquio-en-video\/\" \/>\n<meta property=\"og:locale\" content=\"es_ES\" \/>\n<meta property=\"og:type\" content=\"article\" \/>\n<meta property=\"og:title\" content=\"Devotos acompanham em v\u00eddeo a Novena ao Beato Padre Eust\u00e1quio\" \/>\n<meta property=\"og:description\" content=\"Gravados pela equipe de Comunica\u00e7\u00e3o do Secretariado Nacional para a Causa de Canoniza\u00e7\u00e3o de Padre Eust\u00e1quio, os v\u00eddeos da Novena ao Beato est\u00e3o dispon\u00edveis no Canal Padre Eust\u00e1quio, no YouTube, desde agosto, mas as reflex\u00f5es foram repaginadas e postadas novamente este ano.\" \/>\n<meta property=\"og:url\" content=\"https:\/\/www.padreeustaquio.com.br\/es\/los-devotos-miran-la-novena-al-beato-padre-eustaquio-en-video\/\" \/>\n<meta property=\"og:site_name\" content=\"Padre Eust\u00e1quio\" \/>\n<meta property=\"article:publisher\" content=\"https:\/\/www.facebook.com\/beatopadreeustaquio\/\" \/>\n<meta property=\"article:published_time\" content=\"2022-01-24T12:26:38+00:00\" \/>\n<meta property=\"article:modified_time\" content=\"2022-01-24T12:26:59+00:00\" \/>\n<meta property=\"og:image\" content=\"https:\/\/www.padreeustaquio.com.br\/wp-content\/uploads\/2022\/01\/NOVENA-AO-PADRE-EUSTAQUIO.jpg\" \/>\n\t<meta property=\"og:image:width\" content=\"1920\" \/>\n\t<meta property=\"og:image:height\" content=\"1080\" \/>\n\t<meta property=\"og:image:type\" content=\"image\/jpeg\" \/>\n<meta name=\"author\" content=\"@sscc\" \/>\n<meta name=\"twitter:card\" content=\"summary_large_image\" \/>\n<meta name=\"twitter:creator\" content=\"@beatopeustaquio\" \/>\n<meta name=\"twitter:site\" content=\"@beatopeustaquio\" \/>\n<meta name=\"twitter:label1\" content=\"Escrito por\" \/>\n\t<meta name=\"twitter:data1\" content=\"@sscc\" \/>\n\t<meta name=\"twitter:label2\" content=\"Tiempo de lectura\" \/>\n\t<meta name=\"twitter:data2\" content=\"1 minuto\" \/>\n<script type=\"application\/ld+json\" class=\"yoast-schema-graph\">{\"@context\":\"https:\/\/schema.org\",\"@graph\":[{\"@type\":\"Article\",\"@id\":\"https:\/\/www.padreeustaquio.com.br\/devotos-acompanham-em-video-a-novena-ao-beato-padre-eustaquio\/#article\",\"isPartOf\":{\"@id\":\"https:\/\/www.padreeustaquio.com.br\/devotos-acompanham-em-video-a-novena-ao-beato-padre-eustaquio\/\"},\"author\":{\"name\":\"@sscc\",\"@id\":\"https:\/\/www.padreeustaquio.com.br\/#\/schema\/person\/a2a51db1d00f1a7af0204a0f1ddb1566\"},\"headline\":\"Devotos acompanham em v\u00eddeo a Novena ao Beato Padre Eust\u00e1quio\",\"datePublished\":\"2022-01-24T12:26:38+00:00\",\"dateModified\":\"2022-01-24T12:26:59+00:00\",\"mainEntityOfPage\":{\"@id\":\"https:\/\/www.padreeustaquio.com.br\/devotos-acompanham-em-video-a-novena-ao-beato-padre-eustaquio\/\"},\"wordCount\":233,\"commentCount\":0,\"publisher\":{\"@id\":\"https:\/\/www.padreeustaquio.com.br\/#organization\"},\"image\":{\"@id\":\"https:\/\/www.padreeustaquio.com.br\/devotos-acompanham-em-video-a-novena-ao-beato-padre-eustaquio\/#primaryimage\"},\"thumbnailUrl\":\"https:\/\/www.padreeustaquio.com.br\/wp-content\/uploads\/2022\/01\/NOVENA-AO-PADRE-EUSTAQUIO.jpg\",\"articleSection\":[\"Not\u00edcias\"],\"inLanguage\":\"es\",\"potentialAction\":[{\"@type\":\"CommentAction\",\"name\":\"Comment\",\"target\":[\"https:\/\/www.padreeustaquio.com.br\/devotos-acompanham-em-video-a-novena-ao-beato-padre-eustaquio\/#respond\"]}]},{\"@type\":\"WebPage\",\"@id\":\"https:\/\/www.padreeustaquio.com.br\/devotos-acompanham-em-video-a-novena-ao-beato-padre-eustaquio\/\",\"url\":\"https:\/\/www.padreeustaquio.com.br\/devotos-acompanham-em-video-a-novena-ao-beato-padre-eustaquio\/\",\"name\":\"Devotos acompanham em v\u00eddeo a Novena ao Beato Padre Eust\u00e1quio\",\"isPartOf\":{\"@id\":\"https:\/\/www.padreeustaquio.com.br\/#website\"},\"primaryImageOfPage\":{\"@id\":\"https:\/\/www.padreeustaquio.com.br\/devotos-acompanham-em-video-a-novena-ao-beato-padre-eustaquio\/#primaryimage\"},\"image\":{\"@id\":\"https:\/\/www.padreeustaquio.com.br\/devotos-acompanham-em-video-a-novena-ao-beato-padre-eustaquio\/#primaryimage\"},\"thumbnailUrl\":\"https:\/\/www.padreeustaquio.com.br\/wp-content\/uploads\/2022\/01\/NOVENA-AO-PADRE-EUSTAQUIO.jpg\",\"datePublished\":\"2022-01-24T12:26:38+00:00\",\"dateModified\":\"2022-01-24T12:26:59+00:00\",\"description\":\"Gravados pela equipe de Comunica\u00e7\u00e3o do Secretariado Nacional para a Causa de Canoniza\u00e7\u00e3o de Padre Eust\u00e1quio, os v\u00eddeos da Novena ao Beato est\u00e3o dispon\u00edveis no Canal Padre Eust\u00e1quio, no YouTube, desde agosto, mas as reflex\u00f5es foram repaginadas e postadas novamente este ano.\",\"breadcrumb\":{\"@id\":\"https:\/\/www.padreeustaquio.com.br\/devotos-acompanham-em-video-a-novena-ao-beato-padre-eustaquio\/#breadcrumb\"},\"inLanguage\":\"es\",\"potentialAction\":[{\"@type\":\"ReadAction\",\"target\":[\"https:\/\/www.padreeustaquio.com.br\/devotos-acompanham-em-video-a-novena-ao-beato-padre-eustaquio\/\"]}]},{\"@type\":\"ImageObject\",\"inLanguage\":\"es\",\"@id\":\"https:\/\/www.padreeustaquio.com.br\/devotos-acompanham-em-video-a-novena-ao-beato-padre-eustaquio\/#primaryimage\",\"url\":\"https:\/\/www.padreeustaquio.com.br\/wp-content\/uploads\/2022\/01\/NOVENA-AO-PADRE-EUSTAQUIO.jpg\",\"contentUrl\":\"https:\/\/www.padreeustaquio.com.br\/wp-content\/uploads\/2022\/01\/NOVENA-AO-PADRE-EUSTAQUIO.jpg\",\"width\":1920,\"height\":1080},{\"@type\":\"BreadcrumbList\",\"@id\":\"https:\/\/www.padreeustaquio.com.br\/devotos-acompanham-em-video-a-novena-ao-beato-padre-eustaquio\/#breadcrumb\",\"itemListElement\":[{\"@type\":\"ListItem\",\"position\":1,\"name\":\"In\u00edcio\",\"item\":\"https:\/\/www.padreeustaquio.com.br\/\"},{\"@type\":\"ListItem\",\"position\":2,\"name\":\"Devotos acompanham em v\u00eddeo a Novena ao Beato Padre Eust\u00e1quio\"}]},{\"@type\":\"WebSite\",\"@id\":\"https:\/\/www.padreeustaquio.com.br\/#website\",\"url\":\"https:\/\/www.padreeustaquio.com.br\/\",\"name\":\"Padre Eust\u00e1quio\",\"description\":\"Sa\u00fade e Paz\",\"publisher\":{\"@id\":\"https:\/\/www.padreeustaquio.com.br\/#organization\"},\"potentialAction\":[{\"@type\":\"SearchAction\",\"target\":{\"@type\":\"EntryPoint\",\"urlTemplate\":\"https:\/\/www.padreeustaquio.com.br\/?s={search_term_string}\"},\"query-input\":{\"@type\":\"PropertyValueSpecification\",\"valueRequired\":true,\"valueName\":\"search_term_string\"}}],\"inLanguage\":\"es\"},{\"@type\":\"Organization\",\"@id\":\"https:\/\/www.padreeustaquio.com.br\/#organization\",\"name\":\"Padre Eust\u00e1quio\",\"url\":\"https:\/\/www.padreeustaquio.com.br\/\",\"logo\":{\"@type\":\"ImageObject\",\"inLanguage\":\"es\",\"@id\":\"https:\/\/www.padreeustaquio.com.br\/#\/schema\/logo\/image\/\",\"url\":\"https:\/\/www.padreeustaquio.com.br\/wp-content\/uploads\/2019\/08\/marca.png\",\"contentUrl\":\"https:\/\/www.padreeustaquio.com.br\/wp-content\/uploads\/2019\/08\/marca.png\",\"width\":350,\"height\":400,\"caption\":\"Padre Eust\u00e1quio\"},\"image\":{\"@id\":\"https:\/\/www.padreeustaquio.com.br\/#\/schema\/logo\/image\/\"},\"sameAs\":[\"https:\/\/www.facebook.com\/beatopadreeustaquio\/\",\"https:\/\/x.com\/beatopeustaquio\",\"https:\/\/www.instagram.com\/beatopadreeustaquio\/\",\"https:\/\/www.youtube.com\/channel\/UCRhw7vfabnajwLxb1ZXMeIw\"]},{\"@type\":\"Person\",\"@id\":\"https:\/\/www.padreeustaquio.com.br\/#\/schema\/person\/a2a51db1d00f1a7af0204a0f1ddb1566\",\"name\":\"@sscc\",\"image\":{\"@type\":\"ImageObject\",\"inLanguage\":\"es\",\"@id\":\"https:\/\/secure.gravatar.com\/avatar\/68cfafa5f44617fea54071e215026e0ff06be366c3d54a8425f04fdcb86f8c5f?s=96&d=mm&r=g\",\"url\":\"https:\/\/secure.gravatar.com\/avatar\/68cfafa5f44617fea54071e215026e0ff06be366c3d54a8425f04fdcb86f8c5f?s=96&d=mm&r=g\",\"contentUrl\":\"https:\/\/secure.gravatar.com\/avatar\/68cfafa5f44617fea54071e215026e0ff06be366c3d54a8425f04fdcb86f8c5f?s=96&d=mm&r=g\",\"caption\":\"@sscc\"},\"url\":\"https:\/\/www.padreeustaquio.com.br\/es\/author\/sscc\/\"}]}<\/script>\n<!-- \/ Yoast SEO plugin. -->","yoast_head_json":{"title":"Los devotos siguen la Novena al Beato Padre Eustaquio v\u00eda video.","description":"Grabados por el equipo de Comunicaciones del Secretariado Nacional para la Causa de Canonizaci\u00f3n del Padre Eust\u00e1quio, los videos de la Novena al Beato est\u00e1n disponibles en el Canal Padre Eust\u00e1quio en YouTube desde agosto, pero las reflexiones han sido renovadas y republicadas este a\u00f1o.","robots":{"index":"index","follow":"follow","max-snippet":"max-snippet:-1","max-image-preview":"max-image-preview:large","max-video-preview":"max-video-preview:-1"},"canonical":"https:\/\/www.padreeustaquio.com.br\/es\/los-devotos-miran-la-novena-al-beato-padre-eustaquio-en-video\/","og_locale":"es_ES","og_type":"article","og_title":"Devotos acompanham em v\u00eddeo a Novena ao Beato Padre Eust\u00e1quio","og_description":"Gravados pela equipe de Comunica\u00e7\u00e3o do Secretariado Nacional para a Causa de Canoniza\u00e7\u00e3o de Padre Eust\u00e1quio, os v\u00eddeos da Novena ao Beato est\u00e3o dispon\u00edveis no Canal Padre Eust\u00e1quio, no YouTube, desde agosto, mas as reflex\u00f5es foram repaginadas e postadas novamente este ano.","og_url":"https:\/\/www.padreeustaquio.com.br\/es\/los-devotos-miran-la-novena-al-beato-padre-eustaquio-en-video\/","og_site_name":"Padre Eust\u00e1quio","article_publisher":"https:\/\/www.facebook.com\/beatopadreeustaquio\/","article_published_time":"2022-01-24T12:26:38+00:00","article_modified_time":"2022-01-24T12:26:59+00:00","og_image":[{"width":1920,"height":1080,"url":"https:\/\/www.padreeustaquio.com.br\/wp-content\/uploads\/2022\/01\/NOVENA-AO-PADRE-EUSTAQUIO.jpg","type":"image\/jpeg"}],"author":"@sscc","twitter_card":"summary_large_image","twitter_creator":"@beatopeustaquio","twitter_site":"@beatopeustaquio","twitter_misc":{"Escrito por":"@sscc","Tiempo de lectura":"1 minuto"},"schema":{"@context":"https:\/\/schema.org","@graph":[{"@type":"Article","@id":"https:\/\/www.padreeustaquio.com.br\/devotos-acompanham-em-video-a-novena-ao-beato-padre-eustaquio\/#article","isPartOf":{"@id":"https:\/\/www.padreeustaquio.com.br\/devotos-acompanham-em-video-a-novena-ao-beato-padre-eustaquio\/"},"author":{"name":"@sscc","@id":"https:\/\/www.padreeustaquio.com.br\/#\/schema\/person\/a2a51db1d00f1a7af0204a0f1ddb1566"},"headline":"Devotos acompanham em v\u00eddeo a Novena ao Beato Padre Eust\u00e1quio","datePublished":"2022-01-24T12:26:38+00:00","dateModified":"2022-01-24T12:26:59+00:00","mainEntityOfPage":{"@id":"https:\/\/www.padreeustaquio.com.br\/devotos-acompanham-em-video-a-novena-ao-beato-padre-eustaquio\/"},"wordCount":233,"commentCount":0,"publisher":{"@id":"https:\/\/www.padreeustaquio.com.br\/#organization"},"image":{"@id":"https:\/\/www.padreeustaquio.com.br\/devotos-acompanham-em-video-a-novena-ao-beato-padre-eustaquio\/#primaryimage"},"thumbnailUrl":"https:\/\/www.padreeustaquio.com.br\/wp-content\/uploads\/2022\/01\/NOVENA-AO-PADRE-EUSTAQUIO.jpg","articleSection":["Not\u00edcias"],"inLanguage":"es","potentialAction":[{"@type":"CommentAction","name":"Comment","target":["https:\/\/www.padreeustaquio.com.br\/devotos-acompanham-em-video-a-novena-ao-beato-padre-eustaquio\/#respond"]}]},{"@type":"WebPage","@id":"https:\/\/www.padreeustaquio.com.br\/devotos-acompanham-em-video-a-novena-ao-beato-padre-eustaquio\/","url":"https:\/\/www.padreeustaquio.com.br\/devotos-acompanham-em-video-a-novena-ao-beato-padre-eustaquio\/","name":"Los devotos siguen la Novena al Beato Padre Eustaquio v\u00eda video.","isPartOf":{"@id":"https:\/\/www.padreeustaquio.com.br\/#website"},"primaryImageOfPage":{"@id":"https:\/\/www.padreeustaquio.com.br\/devotos-acompanham-em-video-a-novena-ao-beato-padre-eustaquio\/#primaryimage"},"image":{"@id":"https:\/\/www.padreeustaquio.com.br\/devotos-acompanham-em-video-a-novena-ao-beato-padre-eustaquio\/#primaryimage"},"thumbnailUrl":"https:\/\/www.padreeustaquio.com.br\/wp-content\/uploads\/2022\/01\/NOVENA-AO-PADRE-EUSTAQUIO.jpg","datePublished":"2022-01-24T12:26:38+00:00","dateModified":"2022-01-24T12:26:59+00:00","description":"Grabados por el equipo de Comunicaciones del Secretariado Nacional para la Causa de Canonizaci\u00f3n del Padre Eust\u00e1quio, los videos de la Novena al Beato est\u00e1n disponibles en el Canal Padre Eust\u00e1quio en YouTube desde agosto, pero las reflexiones han sido renovadas y republicadas este a\u00f1o.","breadcrumb":{"@id":"https:\/\/www.padreeustaquio.com.br\/devotos-acompanham-em-video-a-novena-ao-beato-padre-eustaquio\/#breadcrumb"},"inLanguage":"es","potentialAction":[{"@type":"ReadAction","target":["https:\/\/www.padreeustaquio.com.br\/devotos-acompanham-em-video-a-novena-ao-beato-padre-eustaquio\/"]}]},{"@type":"ImageObject","inLanguage":"es","@id":"https:\/\/www.padreeustaquio.com.br\/devotos-acompanham-em-video-a-novena-ao-beato-padre-eustaquio\/#primaryimage","url":"https:\/\/www.padreeustaquio.com.br\/wp-content\/uploads\/2022\/01\/NOVENA-AO-PADRE-EUSTAQUIO.jpg","contentUrl":"https:\/\/www.padreeustaquio.com.br\/wp-content\/uploads\/2022\/01\/NOVENA-AO-PADRE-EUSTAQUIO.jpg","width":1920,"height":1080},{"@type":"BreadcrumbList","@id":"https:\/\/www.padreeustaquio.com.br\/devotos-acompanham-em-video-a-novena-ao-beato-padre-eustaquio\/#breadcrumb","itemListElement":[{"@type":"ListItem","position":1,"name":"In\u00edcio","item":"https:\/\/www.padreeustaquio.com.br\/"},{"@type":"ListItem","position":2,"name":"Devotos acompanham em v\u00eddeo a Novena ao Beato Padre Eust\u00e1quio"}]},{"@type":"WebSite","@id":"https:\/\/www.padreeustaquio.com.br\/#website","url":"https:\/\/www.padreeustaquio.com.br\/","name":"Padre Eustace","description":"Salud y Paz","publisher":{"@id":"https:\/\/www.padreeustaquio.com.br\/#organization"},"potentialAction":[{"@type":"SearchAction","target":{"@type":"EntryPoint","urlTemplate":"https:\/\/www.padreeustaquio.com.br\/?s={search_term_string}"},"query-input":{"@type":"PropertyValueSpecification","valueRequired":true,"valueName":"search_term_string"}}],"inLanguage":"es"},{"@type":"Organization","@id":"https:\/\/www.padreeustaquio.com.br\/#organization","name":"Padre Eustace","url":"https:\/\/www.padreeustaquio.com.br\/","logo":{"@type":"ImageObject","inLanguage":"es","@id":"https:\/\/www.padreeustaquio.com.br\/#\/schema\/logo\/image\/","url":"https:\/\/www.padreeustaquio.com.br\/wp-content\/uploads\/2019\/08\/marca.png","contentUrl":"https:\/\/www.padreeustaquio.com.br\/wp-content\/uploads\/2019\/08\/marca.png","width":350,"height":400,"caption":"Padre Eust\u00e1quio"},"image":{"@id":"https:\/\/www.padreeustaquio.com.br\/#\/schema\/logo\/image\/"},"sameAs":["https:\/\/www.facebook.com\/beatopadreeustaquio\/","https:\/\/x.com\/beatopeustaquio","https:\/\/www.instagram.com\/beatopadreeustaquio\/","https:\/\/www.youtube.com\/channel\/UCRhw7vfabnajwLxb1ZXMeIw"]},{"@type":"Person","@id":"https:\/\/www.padreeustaquio.com.br\/#\/schema\/person\/a2a51db1d00f1a7af0204a0f1ddb1566","name":"@sscc","image":{"@type":"ImageObject","inLanguage":"es","@id":"https:\/\/secure.gravatar.com\/avatar\/68cfafa5f44617fea54071e215026e0ff06be366c3d54a8425f04fdcb86f8c5f?s=96&d=mm&r=g","url":"https:\/\/secure.gravatar.com\/avatar\/68cfafa5f44617fea54071e215026e0ff06be366c3d54a8425f04fdcb86f8c5f?s=96&d=mm&r=g","contentUrl":"https:\/\/secure.gravatar.com\/avatar\/68cfafa5f44617fea54071e215026e0ff06be366c3d54a8425f04fdcb86f8c5f?s=96&d=mm&r=g","caption":"@sscc"},"url":"https:\/\/www.padreeustaquio.com.br\/es\/author\/sscc\/"}]}},"_links":{"self":[{"href":"https:\/\/www.padreeustaquio.com.br\/es\/wp-json\/wp\/v2\/posts\/7981","targetHints":{"allow":["GET"]}}],"collection":[{"href":"https:\/\/www.padreeustaquio.com.br\/es\/wp-json\/wp\/v2\/posts"}],"about":[{"href":"https:\/\/www.padreeustaquio.com.br\/es\/wp-json\/wp\/v2\/types\/post"}],"author":[{"embeddable":true,"href":"https:\/\/www.padreeustaquio.com.br\/es\/wp-json\/wp\/v2\/users\/2"}],"replies":[{"embeddable":true,"href":"https:\/\/www.padreeustaquio.com.br\/es\/wp-json\/wp\/v2\/comments?post=7981"}],"version-history":[{"count":0,"href":"https:\/\/www.padreeustaquio.com.br\/es\/wp-json\/wp\/v2\/posts\/7981\/revisions"}],"wp:featuredmedia":[{"embeddable":true,"href":"https:\/\/www.padreeustaquio.com.br\/es\/wp-json\/wp\/v2\/media\/7982"}],"wp:attachment":[{"href":"https:\/\/www.padreeustaquio.com.br\/es\/wp-json\/wp\/v2\/media?parent=7981"}],"wp:term":[{"taxonomy":"category","embeddable":true,"href":"https:\/\/www.padreeustaquio.com.br\/es\/wp-json\/wp\/v2\/categories?post=7981"},{"taxonomy":"post_tag","embeddable":true,"href":"https:\/\/www.padreeustaquio.com.br\/es\/wp-json\/wp\/v2\/tags?post=7981"}],"curies":[{"name":"wp","href":"https:\/\/api.w.org\/{rel}","templated":true}]}}