{"id":7964,"date":"2022-01-21T06:20:00","date_gmt":"2022-01-21T09:20:00","guid":{"rendered":"https:\/\/www.padreeustaquio.com.br\/?p=7964"},"modified":"2022-01-20T14:58:22","modified_gmt":"2022-01-20T17:58:22","slug":"ya-esta-disponible-el-servicio-de-transmision-de-bodas-desde-la-iglesia-del-padre-eustaquio","status":"publish","type":"post","link":"https:\/\/www.padreeustaquio.com.br\/es\/ya-esta-disponible-el-servicio-de-transmision-de-bodas-desde-la-iglesia-del-padre-eustaquio\/","title":{"rendered":"El servicio de transmisi\u00f3n de la boda en la Iglesia Padre Eust\u00e1quio ya est\u00e1 disponible."},"content":{"rendered":"<p>Debido a la pandemia del coronavirus, las transmisiones religiosas se han vuelto muy frecuentes en Brasil y en todo el mundo. Y no es de extra\u00f1ar, ya que hemos visto que este tipo de servicio ayuda a quienes no pueden salir de casa o est\u00e1n hospitalizados y, lo m\u00e1s importante, acerca a quienes viven lejos.<\/p>\n\n\n\n<p>El Secretariado Nacional para la Causa de Canonizaci\u00f3n del Beato Padre Eust\u00e1quio, responsable de las transmisiones en el Santuario de Salud y Paz, ha decidido ampliar su trabajo para atender tambi\u00e9n ceremonias privadas como bodas y bautizos que se celebran en el recinto del Santuario.<\/p>\n\n\n\n<p>La idea es que la celebraci\u00f3n o evento llegue a personas que no pueden estar presentes f\u00edsicamente, ya sea por distancia o por estar en cama, por ejemplo. El servicio es proporcionado por la Secretar\u00eda Nacional para la Causa de Canonizaci\u00f3n mediante equipos de transmisi\u00f3n espec\u00edficos, en colaboraci\u00f3n con profesionales con amplia experiencia en el campo de la comunicaci\u00f3n. El enlace, solo enviado por los novios, se reenv\u00eda con antelaci\u00f3n y permanece disponible una vez finalizada la ceremonia. Adem\u00e1s, los novios reciben el contenido completo en una memoria USB para guardarlo como recuerdo de la ceremonia religiosa, eliminando as\u00ed la necesidad de equipos de filmaci\u00f3n.<\/p>\n\n\n\n<p>\u00bfSe casa en el Santuario de Salud y Paz o conoce a alguien que celebrar\u00e1 su ceremonia religiosa aqu\u00ed? Cont\u00e1ctenos para conocer las condiciones de este servicio. Llame al (31) 3567-0314 o env\u00ede un mensaje por WhatsApp al (31) 99545-1943.<\/p>\n\n\n\n<p><\/p>","protected":false},"excerpt":{"rendered":"<p>Impulsionadas pela pandemia do Coronav\u00edrus, as transmiss\u00f5es feitas pelas igrejas se tornaram muito frequentes no Brasil e no mundo todo. Tamb\u00e9m n\u00e3o \u00e9 pra menos, vimos que este tipo de servi\u00e7o atende \u00e0queles que est\u00e3o impossibilitados de sair de casa ou est\u00e3o nos hospitais e, principalmente, aproxima os que est\u00e3o distantes. O Secretariado Nacional para a Causa de Canoniza\u00e7\u00e3o do Beato Padre Eust\u00e1quio, respons\u00e1vel pelas transmiss\u00f5es no Santu\u00e1rio Sa\u00fade e Paz, decidiu ampliar o trabalho e atender tamb\u00e9m \u00e0s cerim\u00f4nias particulares como casamentos, e batizados realizados nos espa\u00e7os do Santu\u00e1rio. A ideia \u00e9 que a celebra\u00e7\u00e3o ou evento possa chegar [&hellip;]<\/p>\n","protected":false},"author":2,"featured_media":7965,"comment_status":"open","ping_status":"closed","sticky":false,"template":"","format":"standard","meta":{"_acf_changed":false,"footnotes":""},"categories":[611],"tags":[],"class_list":["post-7964","post","type-post","status-publish","format-standard","has-post-thumbnail","hentry","category-noticias"],"acf":[],"yoast_head":"<!-- This site is optimized with the Yoast SEO plugin v27.2 - https:\/\/yoast.com\/product\/yoast-seo-wordpress\/ -->\n<title>Servi\u00e7o de transmiss\u00e3o de casamentos na Igreja do Padre Eust\u00e1quio j\u00e1 est\u00e1 dispon\u00edvel<\/title>\n<meta name=\"description\" content=\"O Secretariado Nacional para a Causa de Canoniza\u00e7\u00e3o do Beato Padre Eust\u00e1quio, respons\u00e1vel pelas transmiss\u00f5es no Santu\u00e1rio Sa\u00fade e Paz, decidiu ampliar o trabalho e atender tamb\u00e9m \u00e0s cerim\u00f4nias particulares como casamentos, e batizados realizados nos espa\u00e7os do Santu\u00e1rio.\" \/>\n<meta name=\"robots\" content=\"index, follow, max-snippet:-1, max-image-preview:large, max-video-preview:-1\" \/>\n<link rel=\"canonical\" href=\"https:\/\/www.padreeustaquio.com.br\/es\/ya-esta-disponible-el-servicio-de-transmision-de-bodas-desde-la-iglesia-del-padre-eustaquio\/\" \/>\n<meta property=\"og:locale\" content=\"es_ES\" \/>\n<meta property=\"og:type\" content=\"article\" \/>\n<meta property=\"og:title\" content=\"Servi\u00e7o de transmiss\u00e3o de casamentos na Igreja do Padre Eust\u00e1quio j\u00e1 est\u00e1 dispon\u00edvel\" \/>\n<meta property=\"og:description\" content=\"O Secretariado Nacional para a Causa de Canoniza\u00e7\u00e3o do Beato Padre Eust\u00e1quio, respons\u00e1vel pelas transmiss\u00f5es no Santu\u00e1rio Sa\u00fade e Paz, decidiu ampliar o trabalho e atender tamb\u00e9m \u00e0s cerim\u00f4nias particulares como casamentos, e batizados realizados nos espa\u00e7os do Santu\u00e1rio.\" \/>\n<meta property=\"og:url\" content=\"https:\/\/www.padreeustaquio.com.br\/es\/ya-esta-disponible-el-servicio-de-transmision-de-bodas-desde-la-iglesia-del-padre-eustaquio\/\" \/>\n<meta property=\"og:site_name\" content=\"Padre Eust\u00e1quio\" \/>\n<meta property=\"article:publisher\" content=\"https:\/\/www.facebook.com\/beatopadreeustaquio\/\" \/>\n<meta property=\"article:published_time\" content=\"2022-01-21T09:20:00+00:00\" \/>\n<meta property=\"og:image\" content=\"https:\/\/www.padreeustaquio.com.br\/wp-content\/uploads\/2022\/01\/Casamento-Memorial.jpg\" \/>\n\t<meta property=\"og:image:width\" content=\"748\" \/>\n\t<meta property=\"og:image:height\" content=\"394\" \/>\n\t<meta property=\"og:image:type\" content=\"image\/jpeg\" \/>\n<meta name=\"author\" content=\"@sscc\" \/>\n<meta name=\"twitter:card\" content=\"summary_large_image\" \/>\n<meta name=\"twitter:creator\" content=\"@beatopeustaquio\" \/>\n<meta name=\"twitter:site\" content=\"@beatopeustaquio\" \/>\n<meta name=\"twitter:label1\" content=\"Escrito por\" \/>\n\t<meta name=\"twitter:data1\" content=\"@sscc\" \/>\n\t<meta name=\"twitter:label2\" content=\"Tiempo de lectura\" \/>\n\t<meta name=\"twitter:data2\" content=\"2 minutos\" \/>\n<script type=\"application\/ld+json\" class=\"yoast-schema-graph\">{\"@context\":\"https:\/\/schema.org\",\"@graph\":[{\"@type\":\"Article\",\"@id\":\"https:\/\/www.padreeustaquio.com.br\/servico-de-transmissao-de-casamentos-na-igreja-do-padre-eustaquio-ja-esta-disponivel\/#article\",\"isPartOf\":{\"@id\":\"https:\/\/www.padreeustaquio.com.br\/servico-de-transmissao-de-casamentos-na-igreja-do-padre-eustaquio-ja-esta-disponivel\/\"},\"author\":{\"name\":\"@sscc\",\"@id\":\"https:\/\/www.padreeustaquio.com.br\/#\/schema\/person\/a2a51db1d00f1a7af0204a0f1ddb1566\"},\"headline\":\"Servi\u00e7o de transmiss\u00e3o de casamentos na Igreja do Padre Eust\u00e1quio j\u00e1 est\u00e1 dispon\u00edvel\",\"datePublished\":\"2022-01-21T09:20:00+00:00\",\"mainEntityOfPage\":{\"@id\":\"https:\/\/www.padreeustaquio.com.br\/servico-de-transmissao-de-casamentos-na-igreja-do-padre-eustaquio-ja-esta-disponivel\/\"},\"wordCount\":285,\"commentCount\":0,\"publisher\":{\"@id\":\"https:\/\/www.padreeustaquio.com.br\/#organization\"},\"image\":{\"@id\":\"https:\/\/www.padreeustaquio.com.br\/servico-de-transmissao-de-casamentos-na-igreja-do-padre-eustaquio-ja-esta-disponivel\/#primaryimage\"},\"thumbnailUrl\":\"https:\/\/www.padreeustaquio.com.br\/wp-content\/uploads\/2022\/01\/Casamento-Memorial.jpg\",\"articleSection\":[\"Not\u00edcias\"],\"inLanguage\":\"es\",\"potentialAction\":[{\"@type\":\"CommentAction\",\"name\":\"Comment\",\"target\":[\"https:\/\/www.padreeustaquio.com.br\/servico-de-transmissao-de-casamentos-na-igreja-do-padre-eustaquio-ja-esta-disponivel\/#respond\"]}]},{\"@type\":\"WebPage\",\"@id\":\"https:\/\/www.padreeustaquio.com.br\/servico-de-transmissao-de-casamentos-na-igreja-do-padre-eustaquio-ja-esta-disponivel\/\",\"url\":\"https:\/\/www.padreeustaquio.com.br\/servico-de-transmissao-de-casamentos-na-igreja-do-padre-eustaquio-ja-esta-disponivel\/\",\"name\":\"Servi\u00e7o de transmiss\u00e3o de casamentos na Igreja do Padre Eust\u00e1quio j\u00e1 est\u00e1 dispon\u00edvel\",\"isPartOf\":{\"@id\":\"https:\/\/www.padreeustaquio.com.br\/#website\"},\"primaryImageOfPage\":{\"@id\":\"https:\/\/www.padreeustaquio.com.br\/servico-de-transmissao-de-casamentos-na-igreja-do-padre-eustaquio-ja-esta-disponivel\/#primaryimage\"},\"image\":{\"@id\":\"https:\/\/www.padreeustaquio.com.br\/servico-de-transmissao-de-casamentos-na-igreja-do-padre-eustaquio-ja-esta-disponivel\/#primaryimage\"},\"thumbnailUrl\":\"https:\/\/www.padreeustaquio.com.br\/wp-content\/uploads\/2022\/01\/Casamento-Memorial.jpg\",\"datePublished\":\"2022-01-21T09:20:00+00:00\",\"description\":\"O Secretariado Nacional para a Causa de Canoniza\u00e7\u00e3o do Beato Padre Eust\u00e1quio, respons\u00e1vel pelas transmiss\u00f5es no Santu\u00e1rio Sa\u00fade e Paz, decidiu ampliar o trabalho e atender tamb\u00e9m \u00e0s cerim\u00f4nias particulares como casamentos, e batizados realizados nos espa\u00e7os do Santu\u00e1rio.\",\"breadcrumb\":{\"@id\":\"https:\/\/www.padreeustaquio.com.br\/servico-de-transmissao-de-casamentos-na-igreja-do-padre-eustaquio-ja-esta-disponivel\/#breadcrumb\"},\"inLanguage\":\"es\",\"potentialAction\":[{\"@type\":\"ReadAction\",\"target\":[\"https:\/\/www.padreeustaquio.com.br\/servico-de-transmissao-de-casamentos-na-igreja-do-padre-eustaquio-ja-esta-disponivel\/\"]}]},{\"@type\":\"ImageObject\",\"inLanguage\":\"es\",\"@id\":\"https:\/\/www.padreeustaquio.com.br\/servico-de-transmissao-de-casamentos-na-igreja-do-padre-eustaquio-ja-esta-disponivel\/#primaryimage\",\"url\":\"https:\/\/www.padreeustaquio.com.br\/wp-content\/uploads\/2022\/01\/Casamento-Memorial.jpg\",\"contentUrl\":\"https:\/\/www.padreeustaquio.com.br\/wp-content\/uploads\/2022\/01\/Casamento-Memorial.jpg\",\"width\":748,\"height\":394,\"caption\":\"Foto: Hugo L\u00e1zaro\"},{\"@type\":\"BreadcrumbList\",\"@id\":\"https:\/\/www.padreeustaquio.com.br\/servico-de-transmissao-de-casamentos-na-igreja-do-padre-eustaquio-ja-esta-disponivel\/#breadcrumb\",\"itemListElement\":[{\"@type\":\"ListItem\",\"position\":1,\"name\":\"In\u00edcio\",\"item\":\"https:\/\/www.padreeustaquio.com.br\/\"},{\"@type\":\"ListItem\",\"position\":2,\"name\":\"Servi\u00e7o de transmiss\u00e3o de casamentos na Igreja do Padre Eust\u00e1quio j\u00e1 est\u00e1 dispon\u00edvel\"}]},{\"@type\":\"WebSite\",\"@id\":\"https:\/\/www.padreeustaquio.com.br\/#website\",\"url\":\"https:\/\/www.padreeustaquio.com.br\/\",\"name\":\"Padre Eust\u00e1quio\",\"description\":\"Sa\u00fade e Paz\",\"publisher\":{\"@id\":\"https:\/\/www.padreeustaquio.com.br\/#organization\"},\"potentialAction\":[{\"@type\":\"SearchAction\",\"target\":{\"@type\":\"EntryPoint\",\"urlTemplate\":\"https:\/\/www.padreeustaquio.com.br\/?s={search_term_string}\"},\"query-input\":{\"@type\":\"PropertyValueSpecification\",\"valueRequired\":true,\"valueName\":\"search_term_string\"}}],\"inLanguage\":\"es\"},{\"@type\":\"Organization\",\"@id\":\"https:\/\/www.padreeustaquio.com.br\/#organization\",\"name\":\"Padre Eust\u00e1quio\",\"url\":\"https:\/\/www.padreeustaquio.com.br\/\",\"logo\":{\"@type\":\"ImageObject\",\"inLanguage\":\"es\",\"@id\":\"https:\/\/www.padreeustaquio.com.br\/#\/schema\/logo\/image\/\",\"url\":\"https:\/\/www.padreeustaquio.com.br\/wp-content\/uploads\/2019\/08\/marca.png\",\"contentUrl\":\"https:\/\/www.padreeustaquio.com.br\/wp-content\/uploads\/2019\/08\/marca.png\",\"width\":350,\"height\":400,\"caption\":\"Padre Eust\u00e1quio\"},\"image\":{\"@id\":\"https:\/\/www.padreeustaquio.com.br\/#\/schema\/logo\/image\/\"},\"sameAs\":[\"https:\/\/www.facebook.com\/beatopadreeustaquio\/\",\"https:\/\/x.com\/beatopeustaquio\",\"https:\/\/www.instagram.com\/beatopadreeustaquio\/\",\"https:\/\/www.youtube.com\/channel\/UCRhw7vfabnajwLxb1ZXMeIw\"]},{\"@type\":\"Person\",\"@id\":\"https:\/\/www.padreeustaquio.com.br\/#\/schema\/person\/a2a51db1d00f1a7af0204a0f1ddb1566\",\"name\":\"@sscc\",\"image\":{\"@type\":\"ImageObject\",\"inLanguage\":\"es\",\"@id\":\"https:\/\/secure.gravatar.com\/avatar\/68cfafa5f44617fea54071e215026e0ff06be366c3d54a8425f04fdcb86f8c5f?s=96&d=mm&r=g\",\"url\":\"https:\/\/secure.gravatar.com\/avatar\/68cfafa5f44617fea54071e215026e0ff06be366c3d54a8425f04fdcb86f8c5f?s=96&d=mm&r=g\",\"contentUrl\":\"https:\/\/secure.gravatar.com\/avatar\/68cfafa5f44617fea54071e215026e0ff06be366c3d54a8425f04fdcb86f8c5f?s=96&d=mm&r=g\",\"caption\":\"@sscc\"},\"url\":\"https:\/\/www.padreeustaquio.com.br\/es\/author\/sscc\/\"}]}<\/script>\n<!-- \/ Yoast SEO plugin. -->","yoast_head_json":{"title":"El servicio de transmisi\u00f3n de la boda en la Iglesia Padre Eust\u00e1quio ya est\u00e1 disponible.","description":"El Secretariado Nacional para la Causa de Canonizaci\u00f3n del Beato Padre Eust\u00e1quio, responsable de las transmisiones en el Santuario de Salud y Paz, ha decidido ampliar su trabajo para atender tambi\u00e9n ceremonias privadas como bodas y bautizos que se celebran en el recinto del Santuario.","robots":{"index":"index","follow":"follow","max-snippet":"max-snippet:-1","max-image-preview":"max-image-preview:large","max-video-preview":"max-video-preview:-1"},"canonical":"https:\/\/www.padreeustaquio.com.br\/es\/ya-esta-disponible-el-servicio-de-transmision-de-bodas-desde-la-iglesia-del-padre-eustaquio\/","og_locale":"es_ES","og_type":"article","og_title":"Servi\u00e7o de transmiss\u00e3o de casamentos na Igreja do Padre Eust\u00e1quio j\u00e1 est\u00e1 dispon\u00edvel","og_description":"O Secretariado Nacional para a Causa de Canoniza\u00e7\u00e3o do Beato Padre Eust\u00e1quio, respons\u00e1vel pelas transmiss\u00f5es no Santu\u00e1rio Sa\u00fade e Paz, decidiu ampliar o trabalho e atender tamb\u00e9m \u00e0s cerim\u00f4nias particulares como casamentos, e batizados realizados nos espa\u00e7os do Santu\u00e1rio.","og_url":"https:\/\/www.padreeustaquio.com.br\/es\/ya-esta-disponible-el-servicio-de-transmision-de-bodas-desde-la-iglesia-del-padre-eustaquio\/","og_site_name":"Padre Eust\u00e1quio","article_publisher":"https:\/\/www.facebook.com\/beatopadreeustaquio\/","article_published_time":"2022-01-21T09:20:00+00:00","og_image":[{"width":748,"height":394,"url":"https:\/\/www.padreeustaquio.com.br\/wp-content\/uploads\/2022\/01\/Casamento-Memorial.jpg","type":"image\/jpeg"}],"author":"@sscc","twitter_card":"summary_large_image","twitter_creator":"@beatopeustaquio","twitter_site":"@beatopeustaquio","twitter_misc":{"Escrito por":"@sscc","Tiempo de lectura":"2 minutos"},"schema":{"@context":"https:\/\/schema.org","@graph":[{"@type":"Article","@id":"https:\/\/www.padreeustaquio.com.br\/servico-de-transmissao-de-casamentos-na-igreja-do-padre-eustaquio-ja-esta-disponivel\/#article","isPartOf":{"@id":"https:\/\/www.padreeustaquio.com.br\/servico-de-transmissao-de-casamentos-na-igreja-do-padre-eustaquio-ja-esta-disponivel\/"},"author":{"name":"@sscc","@id":"https:\/\/www.padreeustaquio.com.br\/#\/schema\/person\/a2a51db1d00f1a7af0204a0f1ddb1566"},"headline":"Servi\u00e7o de transmiss\u00e3o de casamentos na Igreja do Padre Eust\u00e1quio j\u00e1 est\u00e1 dispon\u00edvel","datePublished":"2022-01-21T09:20:00+00:00","mainEntityOfPage":{"@id":"https:\/\/www.padreeustaquio.com.br\/servico-de-transmissao-de-casamentos-na-igreja-do-padre-eustaquio-ja-esta-disponivel\/"},"wordCount":285,"commentCount":0,"publisher":{"@id":"https:\/\/www.padreeustaquio.com.br\/#organization"},"image":{"@id":"https:\/\/www.padreeustaquio.com.br\/servico-de-transmissao-de-casamentos-na-igreja-do-padre-eustaquio-ja-esta-disponivel\/#primaryimage"},"thumbnailUrl":"https:\/\/www.padreeustaquio.com.br\/wp-content\/uploads\/2022\/01\/Casamento-Memorial.jpg","articleSection":["Not\u00edcias"],"inLanguage":"es","potentialAction":[{"@type":"CommentAction","name":"Comment","target":["https:\/\/www.padreeustaquio.com.br\/servico-de-transmissao-de-casamentos-na-igreja-do-padre-eustaquio-ja-esta-disponivel\/#respond"]}]},{"@type":"WebPage","@id":"https:\/\/www.padreeustaquio.com.br\/servico-de-transmissao-de-casamentos-na-igreja-do-padre-eustaquio-ja-esta-disponivel\/","url":"https:\/\/www.padreeustaquio.com.br\/servico-de-transmissao-de-casamentos-na-igreja-do-padre-eustaquio-ja-esta-disponivel\/","name":"El servicio de transmisi\u00f3n de la boda en la Iglesia Padre Eust\u00e1quio ya est\u00e1 disponible.","isPartOf":{"@id":"https:\/\/www.padreeustaquio.com.br\/#website"},"primaryImageOfPage":{"@id":"https:\/\/www.padreeustaquio.com.br\/servico-de-transmissao-de-casamentos-na-igreja-do-padre-eustaquio-ja-esta-disponivel\/#primaryimage"},"image":{"@id":"https:\/\/www.padreeustaquio.com.br\/servico-de-transmissao-de-casamentos-na-igreja-do-padre-eustaquio-ja-esta-disponivel\/#primaryimage"},"thumbnailUrl":"https:\/\/www.padreeustaquio.com.br\/wp-content\/uploads\/2022\/01\/Casamento-Memorial.jpg","datePublished":"2022-01-21T09:20:00+00:00","description":"El Secretariado Nacional para la Causa de Canonizaci\u00f3n del Beato Padre Eust\u00e1quio, responsable de las transmisiones en el Santuario de Salud y Paz, ha decidido ampliar su trabajo para atender tambi\u00e9n ceremonias privadas como bodas y bautizos que se celebran en el recinto del Santuario.","breadcrumb":{"@id":"https:\/\/www.padreeustaquio.com.br\/servico-de-transmissao-de-casamentos-na-igreja-do-padre-eustaquio-ja-esta-disponivel\/#breadcrumb"},"inLanguage":"es","potentialAction":[{"@type":"ReadAction","target":["https:\/\/www.padreeustaquio.com.br\/servico-de-transmissao-de-casamentos-na-igreja-do-padre-eustaquio-ja-esta-disponivel\/"]}]},{"@type":"ImageObject","inLanguage":"es","@id":"https:\/\/www.padreeustaquio.com.br\/servico-de-transmissao-de-casamentos-na-igreja-do-padre-eustaquio-ja-esta-disponivel\/#primaryimage","url":"https:\/\/www.padreeustaquio.com.br\/wp-content\/uploads\/2022\/01\/Casamento-Memorial.jpg","contentUrl":"https:\/\/www.padreeustaquio.com.br\/wp-content\/uploads\/2022\/01\/Casamento-Memorial.jpg","width":748,"height":394,"caption":"Foto: Hugo L\u00e1zaro"},{"@type":"BreadcrumbList","@id":"https:\/\/www.padreeustaquio.com.br\/servico-de-transmissao-de-casamentos-na-igreja-do-padre-eustaquio-ja-esta-disponivel\/#breadcrumb","itemListElement":[{"@type":"ListItem","position":1,"name":"In\u00edcio","item":"https:\/\/www.padreeustaquio.com.br\/"},{"@type":"ListItem","position":2,"name":"Servi\u00e7o de transmiss\u00e3o de casamentos na Igreja do Padre Eust\u00e1quio j\u00e1 est\u00e1 dispon\u00edvel"}]},{"@type":"WebSite","@id":"https:\/\/www.padreeustaquio.com.br\/#website","url":"https:\/\/www.padreeustaquio.com.br\/","name":"Padre Eustace","description":"Salud y Paz","publisher":{"@id":"https:\/\/www.padreeustaquio.com.br\/#organization"},"potentialAction":[{"@type":"SearchAction","target":{"@type":"EntryPoint","urlTemplate":"https:\/\/www.padreeustaquio.com.br\/?s={search_term_string}"},"query-input":{"@type":"PropertyValueSpecification","valueRequired":true,"valueName":"search_term_string"}}],"inLanguage":"es"},{"@type":"Organization","@id":"https:\/\/www.padreeustaquio.com.br\/#organization","name":"Padre Eustace","url":"https:\/\/www.padreeustaquio.com.br\/","logo":{"@type":"ImageObject","inLanguage":"es","@id":"https:\/\/www.padreeustaquio.com.br\/#\/schema\/logo\/image\/","url":"https:\/\/www.padreeustaquio.com.br\/wp-content\/uploads\/2019\/08\/marca.png","contentUrl":"https:\/\/www.padreeustaquio.com.br\/wp-content\/uploads\/2019\/08\/marca.png","width":350,"height":400,"caption":"Padre Eust\u00e1quio"},"image":{"@id":"https:\/\/www.padreeustaquio.com.br\/#\/schema\/logo\/image\/"},"sameAs":["https:\/\/www.facebook.com\/beatopadreeustaquio\/","https:\/\/x.com\/beatopeustaquio","https:\/\/www.instagram.com\/beatopadreeustaquio\/","https:\/\/www.youtube.com\/channel\/UCRhw7vfabnajwLxb1ZXMeIw"]},{"@type":"Person","@id":"https:\/\/www.padreeustaquio.com.br\/#\/schema\/person\/a2a51db1d00f1a7af0204a0f1ddb1566","name":"@sscc","image":{"@type":"ImageObject","inLanguage":"es","@id":"https:\/\/secure.gravatar.com\/avatar\/68cfafa5f44617fea54071e215026e0ff06be366c3d54a8425f04fdcb86f8c5f?s=96&d=mm&r=g","url":"https:\/\/secure.gravatar.com\/avatar\/68cfafa5f44617fea54071e215026e0ff06be366c3d54a8425f04fdcb86f8c5f?s=96&d=mm&r=g","contentUrl":"https:\/\/secure.gravatar.com\/avatar\/68cfafa5f44617fea54071e215026e0ff06be366c3d54a8425f04fdcb86f8c5f?s=96&d=mm&r=g","caption":"@sscc"},"url":"https:\/\/www.padreeustaquio.com.br\/es\/author\/sscc\/"}]}},"_links":{"self":[{"href":"https:\/\/www.padreeustaquio.com.br\/es\/wp-json\/wp\/v2\/posts\/7964","targetHints":{"allow":["GET"]}}],"collection":[{"href":"https:\/\/www.padreeustaquio.com.br\/es\/wp-json\/wp\/v2\/posts"}],"about":[{"href":"https:\/\/www.padreeustaquio.com.br\/es\/wp-json\/wp\/v2\/types\/post"}],"author":[{"embeddable":true,"href":"https:\/\/www.padreeustaquio.com.br\/es\/wp-json\/wp\/v2\/users\/2"}],"replies":[{"embeddable":true,"href":"https:\/\/www.padreeustaquio.com.br\/es\/wp-json\/wp\/v2\/comments?post=7964"}],"version-history":[{"count":0,"href":"https:\/\/www.padreeustaquio.com.br\/es\/wp-json\/wp\/v2\/posts\/7964\/revisions"}],"wp:featuredmedia":[{"embeddable":true,"href":"https:\/\/www.padreeustaquio.com.br\/es\/wp-json\/wp\/v2\/media\/7965"}],"wp:attachment":[{"href":"https:\/\/www.padreeustaquio.com.br\/es\/wp-json\/wp\/v2\/media?parent=7964"}],"wp:term":[{"taxonomy":"category","embeddable":true,"href":"https:\/\/www.padreeustaquio.com.br\/es\/wp-json\/wp\/v2\/categories?post=7964"},{"taxonomy":"post_tag","embeddable":true,"href":"https:\/\/www.padreeustaquio.com.br\/es\/wp-json\/wp\/v2\/tags?post=7964"}],"curies":[{"name":"wp","href":"https:\/\/api.w.org\/{rel}","templated":true}]}}