{"id":7956,"date":"2022-01-20T06:23:00","date_gmt":"2022-01-20T09:23:00","guid":{"rendered":"https:\/\/www.padreeustaquio.com.br\/?p=7956"},"modified":"2022-01-18T19:54:07","modified_gmt":"2022-01-18T22:54:07","slug":"investigadores-encuentran-texto-del-padre-eustaquio-sobre-san-sebastian","status":"publish","type":"post","link":"https:\/\/www.padreeustaquio.com.br\/es\/investigadores-encuentran-texto-del-padre-eustaquio-sobre-san-sebastian\/","title":{"rendered":"Investigadores encuentran texto del Padre Eust\u00e1quio sobre San Sebasti\u00e1n"},"content":{"rendered":"<p>Entre las labores de restauraci\u00f3n y catalogaci\u00f3n de los objetos, documentos y pertenencias del Padre Eust\u00e1quio, los investigadores Leandro, Cibeles y Marcelino han encontrado textos escritos por el Beato en cuadernos donde \u00e9l mismo registr\u00f3 sus homil\u00edas y sermones. Recientemente, encontraron en el cuaderno n\u00famero 25 un pasaje donde el sacerdote habla sobre el martirio de San Sebasti\u00e1n.<\/p>\n\n\n\n<p>En el texto, el Padre Eust\u00e1quio tambi\u00e9n elogia la valent\u00eda del soldado que no neg\u00f3 a Cristo y nos anima a pedir la intercesi\u00f3n de este santo hombre de Dios. Hoy, d\u00eda dedicado a San Sebasti\u00e1n, decidimos publicar este extracto del folleto, que pueden leer completo a continuaci\u00f3n:<\/p>\n\n\n\n<p><em>\u201cSan Sebasti\u00e1n, siendo soldado en el ej\u00e9rcito, en medio de una compa\u00f1\u00eda, nunca renegaba del cristianismo. \u00bfAcaso no merece San Sebasti\u00e1n el honor de toda la cristiandad? San Sebasti\u00e1n no tem\u00eda declararse cristiano ante el emperador, y ni con halagos ni con amenazas pretend\u00eda abandonar la ley de Cristo. <\/em><\/p>\n\n\n\n<p><em>San Sebasti\u00e1n sufri\u00f3 el martirio m\u00e1s cruel, pero nada pudo quebrantar la fe de este joven cristiano. San Sebasti\u00e1n, dado por muerto, revivi\u00f3 al cabo de un tiempo y se recuper\u00f3 de sus heridas. Lejos de huir de la mirada del tirano, acudi\u00f3 a \u00e9l para declararse cristiano y fue martirizado de nuevo hasta su muerte. <\/em><\/p>\n\n\n\n<p><em>Todos veneramos a San Sebasti\u00e1n como nuestro santo patr\u00f3n, como nuestro intercesor ante Dios Todopoderoso, y oramos con gran fervor: \u201cSan Sebasti\u00e1n, glorioso m\u00e1rtir, l\u00edbranos de la peste, de todo mal contagioso. San Sebasti\u00e1n, defensor de la Iglesia, que tu patrocinio nos proteja siempre\u201d.\u201d<\/em> <\/p>\n\n\n\n<p>Padre Eustace<\/p>\n\n\n\n<p><\/p>","protected":false},"excerpt":{"rendered":"<p>Entre os trabalhos de restauro e cataloga\u00e7\u00e3o dos objetos, documentos e pertences de Padre Eust\u00e1quio, os pesquisadores Leandro, Cybele e Marcelino t\u00eam encontrado textos escritos pelo Beato em cadernos onde ele mesmo anotava suas homilias e serm\u00f5es. Recentemente, eles acharam no caderno de n\u00famero 25, um trecho onde o sacerdote fala sobre o mart\u00edrio de S\u00e3o Sebasti\u00e3o. No texto, Padre Eust\u00e1quio tamb\u00e9m exalta a coragem do soldado que n\u00e3o negou a Cristo e nos incentiva a pedir a intercess\u00e3o deste homem santo de Deus. Hoje, no dia dedicado a S\u00e3o Sebasti\u00e3o, decidimos publicar este trecho do caderno, que voc\u00ea pode [&hellip;]<\/p>\n","protected":false},"author":2,"featured_media":7957,"comment_status":"open","ping_status":"closed","sticky":false,"template":"","format":"standard","meta":{"_acf_changed":false,"footnotes":""},"categories":[611],"tags":[],"class_list":["post-7956","post","type-post","status-publish","format-standard","has-post-thumbnail","hentry","category-noticias"],"acf":[],"yoast_head":"<!-- This site is optimized with the Yoast SEO plugin v27.2 - https:\/\/yoast.com\/product\/yoast-seo-wordpress\/ -->\n<title>Pesquisadores encontram texto de Padre Eust\u00e1quio sobre S\u00e3o Sebasti\u00e3o<\/title>\n<meta name=\"description\" content=\"Entre os trabalhos de restauro e cataloga\u00e7\u00e3o dos objetos, documentos e pertences de Padre Eust\u00e1quio, os pesquisadores encontraram, num dos cadernos do Beato, um trecho onde o sacerdote fala sobre o mart\u00edrio de S\u00e3o Sebasti\u00e3o. Confira!\" \/>\n<meta name=\"robots\" content=\"index, follow, max-snippet:-1, max-image-preview:large, max-video-preview:-1\" \/>\n<link rel=\"canonical\" href=\"https:\/\/www.padreeustaquio.com.br\/es\/investigadores-encuentran-texto-del-padre-eustaquio-sobre-san-sebastian\/\" \/>\n<meta property=\"og:locale\" content=\"es_ES\" \/>\n<meta property=\"og:type\" content=\"article\" \/>\n<meta property=\"og:title\" content=\"Pesquisadores encontram texto de Padre Eust\u00e1quio sobre S\u00e3o Sebasti\u00e3o\" \/>\n<meta property=\"og:description\" content=\"Entre os trabalhos de restauro e cataloga\u00e7\u00e3o dos objetos, documentos e pertences de Padre Eust\u00e1quio, os pesquisadores encontraram, num dos cadernos do Beato, um trecho onde o sacerdote fala sobre o mart\u00edrio de S\u00e3o Sebasti\u00e3o. Confira!\" \/>\n<meta property=\"og:url\" content=\"https:\/\/www.padreeustaquio.com.br\/es\/investigadores-encuentran-texto-del-padre-eustaquio-sobre-san-sebastian\/\" \/>\n<meta property=\"og:site_name\" content=\"Padre Eust\u00e1quio\" \/>\n<meta property=\"article:publisher\" content=\"https:\/\/www.facebook.com\/beatopadreeustaquio\/\" \/>\n<meta property=\"article:published_time\" content=\"2022-01-20T09:23:00+00:00\" \/>\n<meta property=\"og:image\" content=\"https:\/\/www.padreeustaquio.com.br\/wp-content\/uploads\/2022\/01\/SAO-SEBASTIAO.jpg\" \/>\n\t<meta property=\"og:image:width\" content=\"748\" \/>\n\t<meta property=\"og:image:height\" content=\"394\" \/>\n\t<meta property=\"og:image:type\" content=\"image\/jpeg\" \/>\n<meta name=\"author\" content=\"@sscc\" \/>\n<meta name=\"twitter:card\" content=\"summary_large_image\" \/>\n<meta name=\"twitter:creator\" content=\"@beatopeustaquio\" \/>\n<meta name=\"twitter:site\" content=\"@beatopeustaquio\" \/>\n<meta name=\"twitter:label1\" content=\"Escrito por\" \/>\n\t<meta name=\"twitter:data1\" content=\"@sscc\" \/>\n\t<meta name=\"twitter:label2\" content=\"Tiempo de lectura\" \/>\n\t<meta name=\"twitter:data2\" content=\"2 minutos\" \/>\n<script type=\"application\/ld+json\" class=\"yoast-schema-graph\">{\"@context\":\"https:\/\/schema.org\",\"@graph\":[{\"@type\":\"Article\",\"@id\":\"https:\/\/www.padreeustaquio.com.br\/pesquisadores-encontram-texto-de-padre-eustaquio-sobre-sao-sebastiao\/#article\",\"isPartOf\":{\"@id\":\"https:\/\/www.padreeustaquio.com.br\/pesquisadores-encontram-texto-de-padre-eustaquio-sobre-sao-sebastiao\/\"},\"author\":{\"name\":\"@sscc\",\"@id\":\"https:\/\/www.padreeustaquio.com.br\/#\/schema\/person\/a2a51db1d00f1a7af0204a0f1ddb1566\"},\"headline\":\"Pesquisadores encontram texto de Padre Eust\u00e1quio sobre S\u00e3o Sebasti\u00e3o\",\"datePublished\":\"2022-01-20T09:23:00+00:00\",\"mainEntityOfPage\":{\"@id\":\"https:\/\/www.padreeustaquio.com.br\/pesquisadores-encontram-texto-de-padre-eustaquio-sobre-sao-sebastiao\/\"},\"wordCount\":306,\"commentCount\":0,\"publisher\":{\"@id\":\"https:\/\/www.padreeustaquio.com.br\/#organization\"},\"image\":{\"@id\":\"https:\/\/www.padreeustaquio.com.br\/pesquisadores-encontram-texto-de-padre-eustaquio-sobre-sao-sebastiao\/#primaryimage\"},\"thumbnailUrl\":\"https:\/\/www.padreeustaquio.com.br\/wp-content\/uploads\/2022\/01\/SAO-SEBASTIAO.jpg\",\"articleSection\":[\"Not\u00edcias\"],\"inLanguage\":\"es\",\"potentialAction\":[{\"@type\":\"CommentAction\",\"name\":\"Comment\",\"target\":[\"https:\/\/www.padreeustaquio.com.br\/pesquisadores-encontram-texto-de-padre-eustaquio-sobre-sao-sebastiao\/#respond\"]}]},{\"@type\":\"WebPage\",\"@id\":\"https:\/\/www.padreeustaquio.com.br\/pesquisadores-encontram-texto-de-padre-eustaquio-sobre-sao-sebastiao\/\",\"url\":\"https:\/\/www.padreeustaquio.com.br\/pesquisadores-encontram-texto-de-padre-eustaquio-sobre-sao-sebastiao\/\",\"name\":\"Pesquisadores encontram texto de Padre Eust\u00e1quio sobre S\u00e3o Sebasti\u00e3o\",\"isPartOf\":{\"@id\":\"https:\/\/www.padreeustaquio.com.br\/#website\"},\"primaryImageOfPage\":{\"@id\":\"https:\/\/www.padreeustaquio.com.br\/pesquisadores-encontram-texto-de-padre-eustaquio-sobre-sao-sebastiao\/#primaryimage\"},\"image\":{\"@id\":\"https:\/\/www.padreeustaquio.com.br\/pesquisadores-encontram-texto-de-padre-eustaquio-sobre-sao-sebastiao\/#primaryimage\"},\"thumbnailUrl\":\"https:\/\/www.padreeustaquio.com.br\/wp-content\/uploads\/2022\/01\/SAO-SEBASTIAO.jpg\",\"datePublished\":\"2022-01-20T09:23:00+00:00\",\"description\":\"Entre os trabalhos de restauro e cataloga\u00e7\u00e3o dos objetos, documentos e pertences de Padre Eust\u00e1quio, os pesquisadores encontraram, num dos cadernos do Beato, um trecho onde o sacerdote fala sobre o mart\u00edrio de S\u00e3o Sebasti\u00e3o. Confira!\",\"breadcrumb\":{\"@id\":\"https:\/\/www.padreeustaquio.com.br\/pesquisadores-encontram-texto-de-padre-eustaquio-sobre-sao-sebastiao\/#breadcrumb\"},\"inLanguage\":\"es\",\"potentialAction\":[{\"@type\":\"ReadAction\",\"target\":[\"https:\/\/www.padreeustaquio.com.br\/pesquisadores-encontram-texto-de-padre-eustaquio-sobre-sao-sebastiao\/\"]}]},{\"@type\":\"ImageObject\",\"inLanguage\":\"es\",\"@id\":\"https:\/\/www.padreeustaquio.com.br\/pesquisadores-encontram-texto-de-padre-eustaquio-sobre-sao-sebastiao\/#primaryimage\",\"url\":\"https:\/\/www.padreeustaquio.com.br\/wp-content\/uploads\/2022\/01\/SAO-SEBASTIAO.jpg\",\"contentUrl\":\"https:\/\/www.padreeustaquio.com.br\/wp-content\/uploads\/2022\/01\/SAO-SEBASTIAO.jpg\",\"width\":748,\"height\":394},{\"@type\":\"BreadcrumbList\",\"@id\":\"https:\/\/www.padreeustaquio.com.br\/pesquisadores-encontram-texto-de-padre-eustaquio-sobre-sao-sebastiao\/#breadcrumb\",\"itemListElement\":[{\"@type\":\"ListItem\",\"position\":1,\"name\":\"In\u00edcio\",\"item\":\"https:\/\/www.padreeustaquio.com.br\/\"},{\"@type\":\"ListItem\",\"position\":2,\"name\":\"Pesquisadores encontram texto de Padre Eust\u00e1quio sobre S\u00e3o Sebasti\u00e3o\"}]},{\"@type\":\"WebSite\",\"@id\":\"https:\/\/www.padreeustaquio.com.br\/#website\",\"url\":\"https:\/\/www.padreeustaquio.com.br\/\",\"name\":\"Padre Eust\u00e1quio\",\"description\":\"Sa\u00fade e Paz\",\"publisher\":{\"@id\":\"https:\/\/www.padreeustaquio.com.br\/#organization\"},\"potentialAction\":[{\"@type\":\"SearchAction\",\"target\":{\"@type\":\"EntryPoint\",\"urlTemplate\":\"https:\/\/www.padreeustaquio.com.br\/?s={search_term_string}\"},\"query-input\":{\"@type\":\"PropertyValueSpecification\",\"valueRequired\":true,\"valueName\":\"search_term_string\"}}],\"inLanguage\":\"es\"},{\"@type\":\"Organization\",\"@id\":\"https:\/\/www.padreeustaquio.com.br\/#organization\",\"name\":\"Padre Eust\u00e1quio\",\"url\":\"https:\/\/www.padreeustaquio.com.br\/\",\"logo\":{\"@type\":\"ImageObject\",\"inLanguage\":\"es\",\"@id\":\"https:\/\/www.padreeustaquio.com.br\/#\/schema\/logo\/image\/\",\"url\":\"https:\/\/www.padreeustaquio.com.br\/wp-content\/uploads\/2019\/08\/marca.png\",\"contentUrl\":\"https:\/\/www.padreeustaquio.com.br\/wp-content\/uploads\/2019\/08\/marca.png\",\"width\":350,\"height\":400,\"caption\":\"Padre Eust\u00e1quio\"},\"image\":{\"@id\":\"https:\/\/www.padreeustaquio.com.br\/#\/schema\/logo\/image\/\"},\"sameAs\":[\"https:\/\/www.facebook.com\/beatopadreeustaquio\/\",\"https:\/\/x.com\/beatopeustaquio\",\"https:\/\/www.instagram.com\/beatopadreeustaquio\/\",\"https:\/\/www.youtube.com\/channel\/UCRhw7vfabnajwLxb1ZXMeIw\"]},{\"@type\":\"Person\",\"@id\":\"https:\/\/www.padreeustaquio.com.br\/#\/schema\/person\/a2a51db1d00f1a7af0204a0f1ddb1566\",\"name\":\"@sscc\",\"image\":{\"@type\":\"ImageObject\",\"inLanguage\":\"es\",\"@id\":\"https:\/\/secure.gravatar.com\/avatar\/68cfafa5f44617fea54071e215026e0ff06be366c3d54a8425f04fdcb86f8c5f?s=96&d=mm&r=g\",\"url\":\"https:\/\/secure.gravatar.com\/avatar\/68cfafa5f44617fea54071e215026e0ff06be366c3d54a8425f04fdcb86f8c5f?s=96&d=mm&r=g\",\"contentUrl\":\"https:\/\/secure.gravatar.com\/avatar\/68cfafa5f44617fea54071e215026e0ff06be366c3d54a8425f04fdcb86f8c5f?s=96&d=mm&r=g\",\"caption\":\"@sscc\"},\"url\":\"https:\/\/www.padreeustaquio.com.br\/es\/author\/sscc\/\"}]}<\/script>\n<!-- \/ Yoast SEO plugin. -->","yoast_head_json":{"title":"Investigadores encuentran texto del Padre Eust\u00e1quio sobre San Sebasti\u00e1n","description":"Entre los trabajos de restauraci\u00f3n y catalogaci\u00f3n de los objetos, documentos y pertenencias del Padre Eust\u00e1quio, los investigadores encontraron, en uno de los cuadernos del Beato, un pasaje donde el sacerdote habla del martirio de San Sebasti\u00e1n. \u00a1Desc\u00fabrelo!","robots":{"index":"index","follow":"follow","max-snippet":"max-snippet:-1","max-image-preview":"max-image-preview:large","max-video-preview":"max-video-preview:-1"},"canonical":"https:\/\/www.padreeustaquio.com.br\/es\/investigadores-encuentran-texto-del-padre-eustaquio-sobre-san-sebastian\/","og_locale":"es_ES","og_type":"article","og_title":"Pesquisadores encontram texto de Padre Eust\u00e1quio sobre S\u00e3o Sebasti\u00e3o","og_description":"Entre os trabalhos de restauro e cataloga\u00e7\u00e3o dos objetos, documentos e pertences de Padre Eust\u00e1quio, os pesquisadores encontraram, num dos cadernos do Beato, um trecho onde o sacerdote fala sobre o mart\u00edrio de S\u00e3o Sebasti\u00e3o. Confira!","og_url":"https:\/\/www.padreeustaquio.com.br\/es\/investigadores-encuentran-texto-del-padre-eustaquio-sobre-san-sebastian\/","og_site_name":"Padre Eust\u00e1quio","article_publisher":"https:\/\/www.facebook.com\/beatopadreeustaquio\/","article_published_time":"2022-01-20T09:23:00+00:00","og_image":[{"width":748,"height":394,"url":"https:\/\/www.padreeustaquio.com.br\/wp-content\/uploads\/2022\/01\/SAO-SEBASTIAO.jpg","type":"image\/jpeg"}],"author":"@sscc","twitter_card":"summary_large_image","twitter_creator":"@beatopeustaquio","twitter_site":"@beatopeustaquio","twitter_misc":{"Escrito por":"@sscc","Tiempo de lectura":"2 minutos"},"schema":{"@context":"https:\/\/schema.org","@graph":[{"@type":"Article","@id":"https:\/\/www.padreeustaquio.com.br\/pesquisadores-encontram-texto-de-padre-eustaquio-sobre-sao-sebastiao\/#article","isPartOf":{"@id":"https:\/\/www.padreeustaquio.com.br\/pesquisadores-encontram-texto-de-padre-eustaquio-sobre-sao-sebastiao\/"},"author":{"name":"@sscc","@id":"https:\/\/www.padreeustaquio.com.br\/#\/schema\/person\/a2a51db1d00f1a7af0204a0f1ddb1566"},"headline":"Pesquisadores encontram texto de Padre Eust\u00e1quio sobre S\u00e3o Sebasti\u00e3o","datePublished":"2022-01-20T09:23:00+00:00","mainEntityOfPage":{"@id":"https:\/\/www.padreeustaquio.com.br\/pesquisadores-encontram-texto-de-padre-eustaquio-sobre-sao-sebastiao\/"},"wordCount":306,"commentCount":0,"publisher":{"@id":"https:\/\/www.padreeustaquio.com.br\/#organization"},"image":{"@id":"https:\/\/www.padreeustaquio.com.br\/pesquisadores-encontram-texto-de-padre-eustaquio-sobre-sao-sebastiao\/#primaryimage"},"thumbnailUrl":"https:\/\/www.padreeustaquio.com.br\/wp-content\/uploads\/2022\/01\/SAO-SEBASTIAO.jpg","articleSection":["Not\u00edcias"],"inLanguage":"es","potentialAction":[{"@type":"CommentAction","name":"Comment","target":["https:\/\/www.padreeustaquio.com.br\/pesquisadores-encontram-texto-de-padre-eustaquio-sobre-sao-sebastiao\/#respond"]}]},{"@type":"WebPage","@id":"https:\/\/www.padreeustaquio.com.br\/pesquisadores-encontram-texto-de-padre-eustaquio-sobre-sao-sebastiao\/","url":"https:\/\/www.padreeustaquio.com.br\/pesquisadores-encontram-texto-de-padre-eustaquio-sobre-sao-sebastiao\/","name":"Investigadores encuentran texto del Padre Eust\u00e1quio sobre San Sebasti\u00e1n","isPartOf":{"@id":"https:\/\/www.padreeustaquio.com.br\/#website"},"primaryImageOfPage":{"@id":"https:\/\/www.padreeustaquio.com.br\/pesquisadores-encontram-texto-de-padre-eustaquio-sobre-sao-sebastiao\/#primaryimage"},"image":{"@id":"https:\/\/www.padreeustaquio.com.br\/pesquisadores-encontram-texto-de-padre-eustaquio-sobre-sao-sebastiao\/#primaryimage"},"thumbnailUrl":"https:\/\/www.padreeustaquio.com.br\/wp-content\/uploads\/2022\/01\/SAO-SEBASTIAO.jpg","datePublished":"2022-01-20T09:23:00+00:00","description":"Entre los trabajos de restauraci\u00f3n y catalogaci\u00f3n de los objetos, documentos y pertenencias del Padre Eust\u00e1quio, los investigadores encontraron, en uno de los cuadernos del Beato, un pasaje donde el sacerdote habla del martirio de San Sebasti\u00e1n. \u00a1Desc\u00fabrelo!","breadcrumb":{"@id":"https:\/\/www.padreeustaquio.com.br\/pesquisadores-encontram-texto-de-padre-eustaquio-sobre-sao-sebastiao\/#breadcrumb"},"inLanguage":"es","potentialAction":[{"@type":"ReadAction","target":["https:\/\/www.padreeustaquio.com.br\/pesquisadores-encontram-texto-de-padre-eustaquio-sobre-sao-sebastiao\/"]}]},{"@type":"ImageObject","inLanguage":"es","@id":"https:\/\/www.padreeustaquio.com.br\/pesquisadores-encontram-texto-de-padre-eustaquio-sobre-sao-sebastiao\/#primaryimage","url":"https:\/\/www.padreeustaquio.com.br\/wp-content\/uploads\/2022\/01\/SAO-SEBASTIAO.jpg","contentUrl":"https:\/\/www.padreeustaquio.com.br\/wp-content\/uploads\/2022\/01\/SAO-SEBASTIAO.jpg","width":748,"height":394},{"@type":"BreadcrumbList","@id":"https:\/\/www.padreeustaquio.com.br\/pesquisadores-encontram-texto-de-padre-eustaquio-sobre-sao-sebastiao\/#breadcrumb","itemListElement":[{"@type":"ListItem","position":1,"name":"In\u00edcio","item":"https:\/\/www.padreeustaquio.com.br\/"},{"@type":"ListItem","position":2,"name":"Pesquisadores encontram texto de Padre Eust\u00e1quio sobre S\u00e3o Sebasti\u00e3o"}]},{"@type":"WebSite","@id":"https:\/\/www.padreeustaquio.com.br\/#website","url":"https:\/\/www.padreeustaquio.com.br\/","name":"Padre Eustace","description":"Salud y Paz","publisher":{"@id":"https:\/\/www.padreeustaquio.com.br\/#organization"},"potentialAction":[{"@type":"SearchAction","target":{"@type":"EntryPoint","urlTemplate":"https:\/\/www.padreeustaquio.com.br\/?s={search_term_string}"},"query-input":{"@type":"PropertyValueSpecification","valueRequired":true,"valueName":"search_term_string"}}],"inLanguage":"es"},{"@type":"Organization","@id":"https:\/\/www.padreeustaquio.com.br\/#organization","name":"Padre Eustace","url":"https:\/\/www.padreeustaquio.com.br\/","logo":{"@type":"ImageObject","inLanguage":"es","@id":"https:\/\/www.padreeustaquio.com.br\/#\/schema\/logo\/image\/","url":"https:\/\/www.padreeustaquio.com.br\/wp-content\/uploads\/2019\/08\/marca.png","contentUrl":"https:\/\/www.padreeustaquio.com.br\/wp-content\/uploads\/2019\/08\/marca.png","width":350,"height":400,"caption":"Padre Eust\u00e1quio"},"image":{"@id":"https:\/\/www.padreeustaquio.com.br\/#\/schema\/logo\/image\/"},"sameAs":["https:\/\/www.facebook.com\/beatopadreeustaquio\/","https:\/\/x.com\/beatopeustaquio","https:\/\/www.instagram.com\/beatopadreeustaquio\/","https:\/\/www.youtube.com\/channel\/UCRhw7vfabnajwLxb1ZXMeIw"]},{"@type":"Person","@id":"https:\/\/www.padreeustaquio.com.br\/#\/schema\/person\/a2a51db1d00f1a7af0204a0f1ddb1566","name":"@sscc","image":{"@type":"ImageObject","inLanguage":"es","@id":"https:\/\/secure.gravatar.com\/avatar\/68cfafa5f44617fea54071e215026e0ff06be366c3d54a8425f04fdcb86f8c5f?s=96&d=mm&r=g","url":"https:\/\/secure.gravatar.com\/avatar\/68cfafa5f44617fea54071e215026e0ff06be366c3d54a8425f04fdcb86f8c5f?s=96&d=mm&r=g","contentUrl":"https:\/\/secure.gravatar.com\/avatar\/68cfafa5f44617fea54071e215026e0ff06be366c3d54a8425f04fdcb86f8c5f?s=96&d=mm&r=g","caption":"@sscc"},"url":"https:\/\/www.padreeustaquio.com.br\/es\/author\/sscc\/"}]}},"_links":{"self":[{"href":"https:\/\/www.padreeustaquio.com.br\/es\/wp-json\/wp\/v2\/posts\/7956","targetHints":{"allow":["GET"]}}],"collection":[{"href":"https:\/\/www.padreeustaquio.com.br\/es\/wp-json\/wp\/v2\/posts"}],"about":[{"href":"https:\/\/www.padreeustaquio.com.br\/es\/wp-json\/wp\/v2\/types\/post"}],"author":[{"embeddable":true,"href":"https:\/\/www.padreeustaquio.com.br\/es\/wp-json\/wp\/v2\/users\/2"}],"replies":[{"embeddable":true,"href":"https:\/\/www.padreeustaquio.com.br\/es\/wp-json\/wp\/v2\/comments?post=7956"}],"version-history":[{"count":0,"href":"https:\/\/www.padreeustaquio.com.br\/es\/wp-json\/wp\/v2\/posts\/7956\/revisions"}],"wp:featuredmedia":[{"embeddable":true,"href":"https:\/\/www.padreeustaquio.com.br\/es\/wp-json\/wp\/v2\/media\/7957"}],"wp:attachment":[{"href":"https:\/\/www.padreeustaquio.com.br\/es\/wp-json\/wp\/v2\/media?parent=7956"}],"wp:term":[{"taxonomy":"category","embeddable":true,"href":"https:\/\/www.padreeustaquio.com.br\/es\/wp-json\/wp\/v2\/categories?post=7956"},{"taxonomy":"post_tag","embeddable":true,"href":"https:\/\/www.padreeustaquio.com.br\/es\/wp-json\/wp\/v2\/tags?post=7956"}],"curies":[{"name":"wp","href":"https:\/\/api.w.org\/{rel}","templated":true}]}}