{"id":7944,"date":"2022-01-18T11:52:46","date_gmt":"2022-01-18T14:52:46","guid":{"rendered":"https:\/\/www.padreeustaquio.com.br\/?p=7944"},"modified":"2022-01-18T11:57:25","modified_gmt":"2022-01-18T14:57:25","slug":"santuario-de-salud-y-paz-recolecta-donaciones-para-damnificados-de-las-lluvias","status":"publish","type":"post","link":"https:\/\/www.padreeustaquio.com.br\/es\/santuario-de-salud-y-paz-recolecta-donaciones-para-damnificados-de-las-lluvias\/","title":{"rendered":"Santuario de Salud y Paz recolecta donaciones para v\u00edctimas de las inundaciones."},"content":{"rendered":"<p>Se est\u00e1 enviando ropa, alimentos, productos de limpieza y art\u00edculos de higiene personal a las v\u00edctimas de las lluvias que han afectado a Minas Gerais en los \u00faltimos d\u00edas. Las donaciones fueron entregadas por feligreses y devotos a la oficina parroquial tras la campa\u00f1a del Santuario.<\/p>\n\n\n\n<p>Las fuertes lluvias que cayeron en Minas Gerais a principios de a\u00f1o provocaron inundaciones y deslizamientos de tierra en varias partes del estado. Ante el sufrimiento de nuestros hermanos y hermanas, la comunidad parroquial de los Sagrados Corazones de Belo Horizonte se uni\u00f3 y lanz\u00f3 una campa\u00f1a, mediante misas y en las redes sociales del Santuario, para recolectar donaciones. En la misma semana que comenz\u00f3 la campa\u00f1a, cientos de donaciones llegaron a la iglesia y fueron clasificadas para ser llevadas a las zonas afectadas.<\/p>\n\n\n\n<p>El personal parroquial llev\u00f3 gran parte de los alimentos, ropa, art\u00edculos de higiene y limpieza a la comunidad de Funil, en la ciudad de M\u00e1rio Campos. All\u00ed, el r\u00edo Paraopeba se desbord\u00f3, inundando viviendas y dejando a la gente sin hogar. El Santuario tambi\u00e9n recibi\u00f3 donaciones monetarias. Esta cantidad se utiliz\u00f3 para comprar canastas de alimentos b\u00e1sicos y otros productos que se entregaron a otras comunidades afectadas, principalmente a las de Ara\u00e7ua\u00ed, en la regi\u00f3n noreste de Minas Gerais.<\/p>\n\n\n\n<p>La campa\u00f1a de recaudaci\u00f3n de fondos forma parte de la Red de Solidaridad de la Arquidi\u00f3cesis de Belo Horizonte. Si a\u00fan tiene donaciones pendientes, puede entregarlas en la Secretar\u00eda Parroquial del Santuario de Salud y Paz en Belo Horizonte, Minas Gerais. El horario de atenci\u00f3n es de lunes a viernes, de 7:30 a 18:00 h. Los s\u00e1bados y domingos, de 8:00 a 11:30 h. Tambi\u00e9n puede entregar donaciones durante las misas celebradas en el Santuario. <\/p>\n\n\n\n<p><\/p>","protected":false},"excerpt":{"rendered":"<p>Roupas, alimentos, produtos de limpeza e higiene pessoal est\u00e3o sendo enviados \u00e0s v\u00edtimas das chuvas que t\u00eam afetado Minas Gerais nos \u00faltimos dias. Os donativos foram entregues por paroquianos e devotos na secretaria paroquial depois que o Santu\u00e1rio fez uma campanha. As fortes chuvas que ca\u00edram em Minas Gerais no in\u00edcio do ano, provocaram inunda\u00e7\u00f5es e deslizamentos de terra em v\u00e1rias partes do estado. Tendo em vista o sofrimento dos irm\u00e3os, a comunidade paroquial dos Sagrados Cora\u00e7\u00f5es em Belo Horizonte se uniu e fez uma campanha, nas missas e nas redes sociais do Santu\u00e1rio, para arrecadar doa\u00e7\u00f5es. Na mesma semana [&hellip;]<\/p>\n","protected":false},"author":2,"featured_media":7945,"comment_status":"open","ping_status":"closed","sticky":false,"template":"","format":"standard","meta":{"_acf_changed":false,"footnotes":""},"categories":[611],"tags":[],"class_list":["post-7944","post","type-post","status-publish","format-standard","has-post-thumbnail","hentry","category-noticias"],"acf":[],"yoast_head":"<!-- This site is optimized with the Yoast SEO plugin v27.2 - https:\/\/yoast.com\/product\/yoast-seo-wordpress\/ -->\n<title>Santu\u00e1rio Sa\u00fade e Paz arrecada donativos para v\u00edtimas das chuvas<\/title>\n<meta name=\"description\" content=\"Roupas, alimentos, produtos de limpeza e higiene pessoal est\u00e3o sendo enviados \u00e0s v\u00edtimas das chuvas que t\u00eam afetado Minas Gerais nos \u00faltimos dias. Os donativos foram entregues por paroquianos e devotos na secretaria paroquial depois que o Santu\u00e1rio fez uma campanha.\" \/>\n<meta name=\"robots\" content=\"index, follow, max-snippet:-1, max-image-preview:large, max-video-preview:-1\" \/>\n<link rel=\"canonical\" href=\"https:\/\/www.padreeustaquio.com.br\/es\/santuario-de-salud-y-paz-recolecta-donaciones-para-damnificados-de-las-lluvias\/\" \/>\n<meta property=\"og:locale\" content=\"es_ES\" \/>\n<meta property=\"og:type\" content=\"article\" \/>\n<meta property=\"og:title\" content=\"Santu\u00e1rio Sa\u00fade e Paz arrecada donativos para v\u00edtimas das chuvas\" \/>\n<meta property=\"og:description\" content=\"Roupas, alimentos, produtos de limpeza e higiene pessoal est\u00e3o sendo enviados \u00e0s v\u00edtimas das chuvas que t\u00eam afetado Minas Gerais nos \u00faltimos dias. Os donativos foram entregues por paroquianos e devotos na secretaria paroquial depois que o Santu\u00e1rio fez uma campanha.\" \/>\n<meta property=\"og:url\" content=\"https:\/\/www.padreeustaquio.com.br\/es\/santuario-de-salud-y-paz-recolecta-donaciones-para-damnificados-de-las-lluvias\/\" \/>\n<meta property=\"og:site_name\" content=\"Padre Eust\u00e1quio\" \/>\n<meta property=\"article:publisher\" content=\"https:\/\/www.facebook.com\/beatopadreeustaquio\/\" \/>\n<meta property=\"article:published_time\" content=\"2022-01-18T14:52:46+00:00\" \/>\n<meta property=\"article:modified_time\" content=\"2022-01-18T14:57:25+00:00\" \/>\n<meta property=\"og:image\" content=\"https:\/\/www.padreeustaquio.com.br\/wp-content\/uploads\/2022\/01\/WhatsApp-Image-2022-01-18-at-11.32.30.jpeg\" \/>\n\t<meta property=\"og:image:width\" content=\"1600\" \/>\n\t<meta property=\"og:image:height\" content=\"1200\" \/>\n\t<meta property=\"og:image:type\" content=\"image\/jpeg\" \/>\n<meta name=\"author\" content=\"@sscc\" \/>\n<meta name=\"twitter:card\" content=\"summary_large_image\" \/>\n<meta name=\"twitter:creator\" content=\"@beatopeustaquio\" \/>\n<meta name=\"twitter:site\" content=\"@beatopeustaquio\" \/>\n<meta name=\"twitter:label1\" content=\"Escrito por\" \/>\n\t<meta name=\"twitter:data1\" content=\"@sscc\" \/>\n\t<meta name=\"twitter:label2\" content=\"Tiempo de lectura\" \/>\n\t<meta name=\"twitter:data2\" content=\"2 minutos\" \/>\n<script type=\"application\/ld+json\" class=\"yoast-schema-graph\">{\"@context\":\"https:\/\/schema.org\",\"@graph\":[{\"@type\":\"Article\",\"@id\":\"https:\/\/www.padreeustaquio.com.br\/santuario-saude-e-paz-arrecada-donativos-para-vitimas-das-chuvas\/#article\",\"isPartOf\":{\"@id\":\"https:\/\/www.padreeustaquio.com.br\/santuario-saude-e-paz-arrecada-donativos-para-vitimas-das-chuvas\/\"},\"author\":{\"name\":\"@sscc\",\"@id\":\"https:\/\/www.padreeustaquio.com.br\/#\/schema\/person\/a2a51db1d00f1a7af0204a0f1ddb1566\"},\"headline\":\"Santu\u00e1rio Sa\u00fade e Paz arrecada donativos para v\u00edtimas das chuvas\",\"datePublished\":\"2022-01-18T14:52:46+00:00\",\"dateModified\":\"2022-01-18T14:57:25+00:00\",\"mainEntityOfPage\":{\"@id\":\"https:\/\/www.padreeustaquio.com.br\/santuario-saude-e-paz-arrecada-donativos-para-vitimas-das-chuvas\/\"},\"wordCount\":302,\"commentCount\":0,\"publisher\":{\"@id\":\"https:\/\/www.padreeustaquio.com.br\/#organization\"},\"image\":{\"@id\":\"https:\/\/www.padreeustaquio.com.br\/santuario-saude-e-paz-arrecada-donativos-para-vitimas-das-chuvas\/#primaryimage\"},\"thumbnailUrl\":\"https:\/\/www.padreeustaquio.com.br\/wp-content\/uploads\/2022\/01\/WhatsApp-Image-2022-01-18-at-11.32.30.jpeg\",\"articleSection\":[\"Not\u00edcias\"],\"inLanguage\":\"es\",\"potentialAction\":[{\"@type\":\"CommentAction\",\"name\":\"Comment\",\"target\":[\"https:\/\/www.padreeustaquio.com.br\/santuario-saude-e-paz-arrecada-donativos-para-vitimas-das-chuvas\/#respond\"]}]},{\"@type\":\"WebPage\",\"@id\":\"https:\/\/www.padreeustaquio.com.br\/santuario-saude-e-paz-arrecada-donativos-para-vitimas-das-chuvas\/\",\"url\":\"https:\/\/www.padreeustaquio.com.br\/santuario-saude-e-paz-arrecada-donativos-para-vitimas-das-chuvas\/\",\"name\":\"Santu\u00e1rio Sa\u00fade e Paz arrecada donativos para v\u00edtimas das chuvas\",\"isPartOf\":{\"@id\":\"https:\/\/www.padreeustaquio.com.br\/#website\"},\"primaryImageOfPage\":{\"@id\":\"https:\/\/www.padreeustaquio.com.br\/santuario-saude-e-paz-arrecada-donativos-para-vitimas-das-chuvas\/#primaryimage\"},\"image\":{\"@id\":\"https:\/\/www.padreeustaquio.com.br\/santuario-saude-e-paz-arrecada-donativos-para-vitimas-das-chuvas\/#primaryimage\"},\"thumbnailUrl\":\"https:\/\/www.padreeustaquio.com.br\/wp-content\/uploads\/2022\/01\/WhatsApp-Image-2022-01-18-at-11.32.30.jpeg\",\"datePublished\":\"2022-01-18T14:52:46+00:00\",\"dateModified\":\"2022-01-18T14:57:25+00:00\",\"description\":\"Roupas, alimentos, produtos de limpeza e higiene pessoal est\u00e3o sendo enviados \u00e0s v\u00edtimas das chuvas que t\u00eam afetado Minas Gerais nos \u00faltimos dias. Os donativos foram entregues por paroquianos e devotos na secretaria paroquial depois que o Santu\u00e1rio fez uma campanha.\",\"breadcrumb\":{\"@id\":\"https:\/\/www.padreeustaquio.com.br\/santuario-saude-e-paz-arrecada-donativos-para-vitimas-das-chuvas\/#breadcrumb\"},\"inLanguage\":\"es\",\"potentialAction\":[{\"@type\":\"ReadAction\",\"target\":[\"https:\/\/www.padreeustaquio.com.br\/santuario-saude-e-paz-arrecada-donativos-para-vitimas-das-chuvas\/\"]}]},{\"@type\":\"ImageObject\",\"inLanguage\":\"es\",\"@id\":\"https:\/\/www.padreeustaquio.com.br\/santuario-saude-e-paz-arrecada-donativos-para-vitimas-das-chuvas\/#primaryimage\",\"url\":\"https:\/\/www.padreeustaquio.com.br\/wp-content\/uploads\/2022\/01\/WhatsApp-Image-2022-01-18-at-11.32.30.jpeg\",\"contentUrl\":\"https:\/\/www.padreeustaquio.com.br\/wp-content\/uploads\/2022\/01\/WhatsApp-Image-2022-01-18-at-11.32.30.jpeg\",\"width\":1600,\"height\":1200},{\"@type\":\"BreadcrumbList\",\"@id\":\"https:\/\/www.padreeustaquio.com.br\/santuario-saude-e-paz-arrecada-donativos-para-vitimas-das-chuvas\/#breadcrumb\",\"itemListElement\":[{\"@type\":\"ListItem\",\"position\":1,\"name\":\"In\u00edcio\",\"item\":\"https:\/\/www.padreeustaquio.com.br\/\"},{\"@type\":\"ListItem\",\"position\":2,\"name\":\"Santu\u00e1rio Sa\u00fade e Paz arrecada donativos para v\u00edtimas das chuvas\"}]},{\"@type\":\"WebSite\",\"@id\":\"https:\/\/www.padreeustaquio.com.br\/#website\",\"url\":\"https:\/\/www.padreeustaquio.com.br\/\",\"name\":\"Padre Eust\u00e1quio\",\"description\":\"Sa\u00fade e Paz\",\"publisher\":{\"@id\":\"https:\/\/www.padreeustaquio.com.br\/#organization\"},\"potentialAction\":[{\"@type\":\"SearchAction\",\"target\":{\"@type\":\"EntryPoint\",\"urlTemplate\":\"https:\/\/www.padreeustaquio.com.br\/?s={search_term_string}\"},\"query-input\":{\"@type\":\"PropertyValueSpecification\",\"valueRequired\":true,\"valueName\":\"search_term_string\"}}],\"inLanguage\":\"es\"},{\"@type\":\"Organization\",\"@id\":\"https:\/\/www.padreeustaquio.com.br\/#organization\",\"name\":\"Padre Eust\u00e1quio\",\"url\":\"https:\/\/www.padreeustaquio.com.br\/\",\"logo\":{\"@type\":\"ImageObject\",\"inLanguage\":\"es\",\"@id\":\"https:\/\/www.padreeustaquio.com.br\/#\/schema\/logo\/image\/\",\"url\":\"https:\/\/www.padreeustaquio.com.br\/wp-content\/uploads\/2019\/08\/marca.png\",\"contentUrl\":\"https:\/\/www.padreeustaquio.com.br\/wp-content\/uploads\/2019\/08\/marca.png\",\"width\":350,\"height\":400,\"caption\":\"Padre Eust\u00e1quio\"},\"image\":{\"@id\":\"https:\/\/www.padreeustaquio.com.br\/#\/schema\/logo\/image\/\"},\"sameAs\":[\"https:\/\/www.facebook.com\/beatopadreeustaquio\/\",\"https:\/\/x.com\/beatopeustaquio\",\"https:\/\/www.instagram.com\/beatopadreeustaquio\/\",\"https:\/\/www.youtube.com\/channel\/UCRhw7vfabnajwLxb1ZXMeIw\"]},{\"@type\":\"Person\",\"@id\":\"https:\/\/www.padreeustaquio.com.br\/#\/schema\/person\/a2a51db1d00f1a7af0204a0f1ddb1566\",\"name\":\"@sscc\",\"image\":{\"@type\":\"ImageObject\",\"inLanguage\":\"es\",\"@id\":\"https:\/\/secure.gravatar.com\/avatar\/68cfafa5f44617fea54071e215026e0ff06be366c3d54a8425f04fdcb86f8c5f?s=96&d=mm&r=g\",\"url\":\"https:\/\/secure.gravatar.com\/avatar\/68cfafa5f44617fea54071e215026e0ff06be366c3d54a8425f04fdcb86f8c5f?s=96&d=mm&r=g\",\"contentUrl\":\"https:\/\/secure.gravatar.com\/avatar\/68cfafa5f44617fea54071e215026e0ff06be366c3d54a8425f04fdcb86f8c5f?s=96&d=mm&r=g\",\"caption\":\"@sscc\"},\"url\":\"https:\/\/www.padreeustaquio.com.br\/es\/author\/sscc\/\"}]}<\/script>\n<!-- \/ Yoast SEO plugin. -->","yoast_head_json":{"title":"Santuario de Salud y Paz recolecta donaciones para v\u00edctimas de las inundaciones.","description":"Se est\u00e1 enviando ropa, alimentos, productos de limpieza y art\u00edculos de higiene personal a las v\u00edctimas de las lluvias que han afectado a Minas Gerais en los \u00faltimos d\u00edas. Las donaciones fueron entregadas por feligreses y devotos a la oficina parroquial tras la campa\u00f1a del Santuario.","robots":{"index":"index","follow":"follow","max-snippet":"max-snippet:-1","max-image-preview":"max-image-preview:large","max-video-preview":"max-video-preview:-1"},"canonical":"https:\/\/www.padreeustaquio.com.br\/es\/santuario-de-salud-y-paz-recolecta-donaciones-para-damnificados-de-las-lluvias\/","og_locale":"es_ES","og_type":"article","og_title":"Santu\u00e1rio Sa\u00fade e Paz arrecada donativos para v\u00edtimas das chuvas","og_description":"Roupas, alimentos, produtos de limpeza e higiene pessoal est\u00e3o sendo enviados \u00e0s v\u00edtimas das chuvas que t\u00eam afetado Minas Gerais nos \u00faltimos dias. Os donativos foram entregues por paroquianos e devotos na secretaria paroquial depois que o Santu\u00e1rio fez uma campanha.","og_url":"https:\/\/www.padreeustaquio.com.br\/es\/santuario-de-salud-y-paz-recolecta-donaciones-para-damnificados-de-las-lluvias\/","og_site_name":"Padre Eust\u00e1quio","article_publisher":"https:\/\/www.facebook.com\/beatopadreeustaquio\/","article_published_time":"2022-01-18T14:52:46+00:00","article_modified_time":"2022-01-18T14:57:25+00:00","og_image":[{"width":1600,"height":1200,"url":"https:\/\/www.padreeustaquio.com.br\/wp-content\/uploads\/2022\/01\/WhatsApp-Image-2022-01-18-at-11.32.30.jpeg","type":"image\/jpeg"}],"author":"@sscc","twitter_card":"summary_large_image","twitter_creator":"@beatopeustaquio","twitter_site":"@beatopeustaquio","twitter_misc":{"Escrito por":"@sscc","Tiempo de lectura":"2 minutos"},"schema":{"@context":"https:\/\/schema.org","@graph":[{"@type":"Article","@id":"https:\/\/www.padreeustaquio.com.br\/santuario-saude-e-paz-arrecada-donativos-para-vitimas-das-chuvas\/#article","isPartOf":{"@id":"https:\/\/www.padreeustaquio.com.br\/santuario-saude-e-paz-arrecada-donativos-para-vitimas-das-chuvas\/"},"author":{"name":"@sscc","@id":"https:\/\/www.padreeustaquio.com.br\/#\/schema\/person\/a2a51db1d00f1a7af0204a0f1ddb1566"},"headline":"Santu\u00e1rio Sa\u00fade e Paz arrecada donativos para v\u00edtimas das chuvas","datePublished":"2022-01-18T14:52:46+00:00","dateModified":"2022-01-18T14:57:25+00:00","mainEntityOfPage":{"@id":"https:\/\/www.padreeustaquio.com.br\/santuario-saude-e-paz-arrecada-donativos-para-vitimas-das-chuvas\/"},"wordCount":302,"commentCount":0,"publisher":{"@id":"https:\/\/www.padreeustaquio.com.br\/#organization"},"image":{"@id":"https:\/\/www.padreeustaquio.com.br\/santuario-saude-e-paz-arrecada-donativos-para-vitimas-das-chuvas\/#primaryimage"},"thumbnailUrl":"https:\/\/www.padreeustaquio.com.br\/wp-content\/uploads\/2022\/01\/WhatsApp-Image-2022-01-18-at-11.32.30.jpeg","articleSection":["Not\u00edcias"],"inLanguage":"es","potentialAction":[{"@type":"CommentAction","name":"Comment","target":["https:\/\/www.padreeustaquio.com.br\/santuario-saude-e-paz-arrecada-donativos-para-vitimas-das-chuvas\/#respond"]}]},{"@type":"WebPage","@id":"https:\/\/www.padreeustaquio.com.br\/santuario-saude-e-paz-arrecada-donativos-para-vitimas-das-chuvas\/","url":"https:\/\/www.padreeustaquio.com.br\/santuario-saude-e-paz-arrecada-donativos-para-vitimas-das-chuvas\/","name":"Santuario de Salud y Paz recolecta donaciones para v\u00edctimas de las inundaciones.","isPartOf":{"@id":"https:\/\/www.padreeustaquio.com.br\/#website"},"primaryImageOfPage":{"@id":"https:\/\/www.padreeustaquio.com.br\/santuario-saude-e-paz-arrecada-donativos-para-vitimas-das-chuvas\/#primaryimage"},"image":{"@id":"https:\/\/www.padreeustaquio.com.br\/santuario-saude-e-paz-arrecada-donativos-para-vitimas-das-chuvas\/#primaryimage"},"thumbnailUrl":"https:\/\/www.padreeustaquio.com.br\/wp-content\/uploads\/2022\/01\/WhatsApp-Image-2022-01-18-at-11.32.30.jpeg","datePublished":"2022-01-18T14:52:46+00:00","dateModified":"2022-01-18T14:57:25+00:00","description":"Se est\u00e1 enviando ropa, alimentos, productos de limpieza y art\u00edculos de higiene personal a las v\u00edctimas de las lluvias que han afectado a Minas Gerais en los \u00faltimos d\u00edas. Las donaciones fueron entregadas por feligreses y devotos a la oficina parroquial tras la campa\u00f1a del Santuario.","breadcrumb":{"@id":"https:\/\/www.padreeustaquio.com.br\/santuario-saude-e-paz-arrecada-donativos-para-vitimas-das-chuvas\/#breadcrumb"},"inLanguage":"es","potentialAction":[{"@type":"ReadAction","target":["https:\/\/www.padreeustaquio.com.br\/santuario-saude-e-paz-arrecada-donativos-para-vitimas-das-chuvas\/"]}]},{"@type":"ImageObject","inLanguage":"es","@id":"https:\/\/www.padreeustaquio.com.br\/santuario-saude-e-paz-arrecada-donativos-para-vitimas-das-chuvas\/#primaryimage","url":"https:\/\/www.padreeustaquio.com.br\/wp-content\/uploads\/2022\/01\/WhatsApp-Image-2022-01-18-at-11.32.30.jpeg","contentUrl":"https:\/\/www.padreeustaquio.com.br\/wp-content\/uploads\/2022\/01\/WhatsApp-Image-2022-01-18-at-11.32.30.jpeg","width":1600,"height":1200},{"@type":"BreadcrumbList","@id":"https:\/\/www.padreeustaquio.com.br\/santuario-saude-e-paz-arrecada-donativos-para-vitimas-das-chuvas\/#breadcrumb","itemListElement":[{"@type":"ListItem","position":1,"name":"In\u00edcio","item":"https:\/\/www.padreeustaquio.com.br\/"},{"@type":"ListItem","position":2,"name":"Santu\u00e1rio Sa\u00fade e Paz arrecada donativos para v\u00edtimas das chuvas"}]},{"@type":"WebSite","@id":"https:\/\/www.padreeustaquio.com.br\/#website","url":"https:\/\/www.padreeustaquio.com.br\/","name":"Padre Eustace","description":"Salud y Paz","publisher":{"@id":"https:\/\/www.padreeustaquio.com.br\/#organization"},"potentialAction":[{"@type":"SearchAction","target":{"@type":"EntryPoint","urlTemplate":"https:\/\/www.padreeustaquio.com.br\/?s={search_term_string}"},"query-input":{"@type":"PropertyValueSpecification","valueRequired":true,"valueName":"search_term_string"}}],"inLanguage":"es"},{"@type":"Organization","@id":"https:\/\/www.padreeustaquio.com.br\/#organization","name":"Padre Eustace","url":"https:\/\/www.padreeustaquio.com.br\/","logo":{"@type":"ImageObject","inLanguage":"es","@id":"https:\/\/www.padreeustaquio.com.br\/#\/schema\/logo\/image\/","url":"https:\/\/www.padreeustaquio.com.br\/wp-content\/uploads\/2019\/08\/marca.png","contentUrl":"https:\/\/www.padreeustaquio.com.br\/wp-content\/uploads\/2019\/08\/marca.png","width":350,"height":400,"caption":"Padre Eust\u00e1quio"},"image":{"@id":"https:\/\/www.padreeustaquio.com.br\/#\/schema\/logo\/image\/"},"sameAs":["https:\/\/www.facebook.com\/beatopadreeustaquio\/","https:\/\/x.com\/beatopeustaquio","https:\/\/www.instagram.com\/beatopadreeustaquio\/","https:\/\/www.youtube.com\/channel\/UCRhw7vfabnajwLxb1ZXMeIw"]},{"@type":"Person","@id":"https:\/\/www.padreeustaquio.com.br\/#\/schema\/person\/a2a51db1d00f1a7af0204a0f1ddb1566","name":"@sscc","image":{"@type":"ImageObject","inLanguage":"es","@id":"https:\/\/secure.gravatar.com\/avatar\/68cfafa5f44617fea54071e215026e0ff06be366c3d54a8425f04fdcb86f8c5f?s=96&d=mm&r=g","url":"https:\/\/secure.gravatar.com\/avatar\/68cfafa5f44617fea54071e215026e0ff06be366c3d54a8425f04fdcb86f8c5f?s=96&d=mm&r=g","contentUrl":"https:\/\/secure.gravatar.com\/avatar\/68cfafa5f44617fea54071e215026e0ff06be366c3d54a8425f04fdcb86f8c5f?s=96&d=mm&r=g","caption":"@sscc"},"url":"https:\/\/www.padreeustaquio.com.br\/es\/author\/sscc\/"}]}},"_links":{"self":[{"href":"https:\/\/www.padreeustaquio.com.br\/es\/wp-json\/wp\/v2\/posts\/7944","targetHints":{"allow":["GET"]}}],"collection":[{"href":"https:\/\/www.padreeustaquio.com.br\/es\/wp-json\/wp\/v2\/posts"}],"about":[{"href":"https:\/\/www.padreeustaquio.com.br\/es\/wp-json\/wp\/v2\/types\/post"}],"author":[{"embeddable":true,"href":"https:\/\/www.padreeustaquio.com.br\/es\/wp-json\/wp\/v2\/users\/2"}],"replies":[{"embeddable":true,"href":"https:\/\/www.padreeustaquio.com.br\/es\/wp-json\/wp\/v2\/comments?post=7944"}],"version-history":[{"count":0,"href":"https:\/\/www.padreeustaquio.com.br\/es\/wp-json\/wp\/v2\/posts\/7944\/revisions"}],"wp:featuredmedia":[{"embeddable":true,"href":"https:\/\/www.padreeustaquio.com.br\/es\/wp-json\/wp\/v2\/media\/7945"}],"wp:attachment":[{"href":"https:\/\/www.padreeustaquio.com.br\/es\/wp-json\/wp\/v2\/media?parent=7944"}],"wp:term":[{"taxonomy":"category","embeddable":true,"href":"https:\/\/www.padreeustaquio.com.br\/es\/wp-json\/wp\/v2\/categories?post=7944"},{"taxonomy":"post_tag","embeddable":true,"href":"https:\/\/www.padreeustaquio.com.br\/es\/wp-json\/wp\/v2\/tags?post=7944"}],"curies":[{"name":"wp","href":"https:\/\/api.w.org\/{rel}","templated":true}]}}