{"id":7924,"date":"2022-01-17T05:43:00","date_gmt":"2022-01-17T08:43:00","guid":{"rendered":"https:\/\/www.padreeustaquio.com.br\/?p=7924"},"modified":"2022-01-10T11:04:42","modified_gmt":"2022-01-10T14:04:42","slug":"familia-especial-y-vocacion-el-camino-hacia-la-santidad-por-el-padre-eustace","status":"publish","type":"post","link":"https:\/\/www.padreeustaquio.com.br\/es\/familia-especial-y-vocacion-el-camino-hacia-la-santidad-por-el-padre-eustace\/","title":{"rendered":"ESPECIAL \u2013 Familia y Vocaci\u00f3n: El camino de santidad del Padre Eust\u00e1quio"},"content":{"rendered":"<p>El peque\u00f1o distrito de Aarle Rixtel, al norte de Holanda, estaba formado por numerosas familias que se ganaban la vida con la tierra. El hogar del Padre Eustace no era la excepci\u00f3n. Guilherme van Lieshout y Elizabete van den Meulenhof alternaban el trabajo y la oraci\u00f3n criando a sus once hijos. <\/p>\n\n\n\n<p>Hubertus van Lieshout, nombre de nacimiento del Padre Eustace, naci\u00f3 la ma\u00f1ana del 3 de noviembre de 1890, y ese mismo d\u00eda fue llevado a bautizar a la iglesia cercana a su casa. La familia era tan religiosa que tres de sus hermanas decidieron hacerse monjas.<\/p>\n\n\n\n<div class=\"wp-block-image\"><figure class=\"alignleft size-medium is-resized\"><img decoding=\"async\" src=\"https:\/\/www.padreeustaquio.com.br\/wp-content\/uploads\/2022\/01\/WhatsApp-Image-2022-01-10-at-10.27.55-1-300x199.jpeg\" alt=\"\" class=\"wp-image-7925\" width=\"221\" height=\"147\" srcset=\"https:\/\/www.padreeustaquio.com.br\/wp-content\/uploads\/2022\/01\/WhatsApp-Image-2022-01-10-at-10.27.55-1-300x199.jpeg 300w, https:\/\/www.padreeustaquio.com.br\/wp-content\/uploads\/2022\/01\/WhatsApp-Image-2022-01-10-at-10.27.55-1-1024x681.jpeg 1024w, https:\/\/www.padreeustaquio.com.br\/wp-content\/uploads\/2022\/01\/WhatsApp-Image-2022-01-10-at-10.27.55-1-768x511.jpeg 768w, https:\/\/www.padreeustaquio.com.br\/wp-content\/uploads\/2022\/01\/WhatsApp-Image-2022-01-10-at-10.27.55-1.jpeg 1280w\" sizes=\"(max-width: 221px) 100vw, 221px\" \/><figcaption>Padre Eust\u00e1quio y dos de sus tres hermanas monjas.<\/figcaption><\/figure><\/div>\n\n\n\n<p>De ni\u00f1o, Eustace ley\u00f3 sobre la vida de Dami\u00e1n de Veuster, sacerdote de la Congregaci\u00f3n de los Sagrados Corazones de Jes\u00fas y Mar\u00eda, quien hab\u00eda ido en misi\u00f3n a una isla de Haw\u00e1i donde se manten\u00eda a leprosos. El hombre, que m\u00e1s tarde ser\u00eda conocido como San Dami\u00e1n de Molokai, vivi\u00f3 en la isla durante 16 a\u00f1os y muri\u00f3 de lepra. Este ejemplo llev\u00f3 al joven Hubb, como lo llamaban en la escuela, a decidir ingresar al seminario poco antes de cumplir 15 a\u00f1os.<\/p>\n\n\n\n<p>El 10 de agosto de 1919, fue ordenado sacerdote y se convirti\u00f3 en el Padre Eust\u00e1quio van Lieshout, ss.cc. Quer\u00eda ser misionero como su h\u00e9roe, San Dami\u00e1n, y su Molokai era, por lo tanto, Brasil.<\/p>\n\n\n\n<div class=\"wp-block-image\"><figure class=\"alignright size-medium is-resized\"><img decoding=\"async\" src=\"https:\/\/www.padreeustaquio.com.br\/wp-content\/uploads\/2022\/01\/WhatsApp-Image-2022-01-10-at-10.27.55-2-300x208.jpeg\" alt=\"\" class=\"wp-image-7927\" width=\"237\" height=\"164\" srcset=\"https:\/\/www.padreeustaquio.com.br\/wp-content\/uploads\/2022\/01\/WhatsApp-Image-2022-01-10-at-10.27.55-2-300x208.jpeg 300w, https:\/\/www.padreeustaquio.com.br\/wp-content\/uploads\/2022\/01\/WhatsApp-Image-2022-01-10-at-10.27.55-2-1024x710.jpeg 1024w, https:\/\/www.padreeustaquio.com.br\/wp-content\/uploads\/2022\/01\/WhatsApp-Image-2022-01-10-at-10.27.55-2-768x533.jpeg 768w, https:\/\/www.padreeustaquio.com.br\/wp-content\/uploads\/2022\/01\/WhatsApp-Image-2022-01-10-at-10.27.55-2.jpeg 1280w\" sizes=\"(max-width: 237px) 100vw, 237px\" \/><figcaption>El joven Eustace en retiro, todav\u00eda en los Pa\u00edses Bajos.<\/figcaption><\/figure><\/div>\n\n\n\n<p>En Brasil, recorri\u00f3 numerosas ciudades, atendiendo a las personas que le fueron confiadas, rezando y bendiciendo a quienes lo buscaban. Muchos cuentan curaciones milagrosas concedidas por Dios por intercesi\u00f3n del Padre Eustaquio, un hombre que vivi\u00f3 su fe con intensidad, con todas las virtudes de un beato, y por ello fue elevado a la lista de los Beatos de la Iglesia, que ahora espera con ansias su canonizaci\u00f3n.<\/p>\n\n\n\n<p><\/p>","protected":false},"excerpt":{"rendered":"<p>O pequeno distrito de Aarle Rixtel, ao norte da Holanda, era composto por muitas fam\u00edlias que extra\u00edam do campo o sustento dos filhos. Na casa de Padre Eust\u00e1quio n\u00e3o era diferente. Seu Guilherme van Lieshout e Dona Elizabete van den Meulenhof se alternavam entre o trabalho e as ora\u00e7\u00f5es na educa\u00e7\u00e3o dos onze filhos. Hubertus van Lieshout, nome de batismo de Padre Eust\u00e1quio, nasceu na manh\u00e3 do dia 03 de novembro de 1890 e, no mesmo dia, foi levado para ser batizado na igreja perto de sua casa. A fam\u00edlia era t\u00e3o religiosa que outras tr\u00eas irm\u00e3s resolveram se tornar [&hellip;]<\/p>\n","protected":false},"author":2,"featured_media":7928,"comment_status":"open","ping_status":"closed","sticky":false,"template":"","format":"standard","meta":{"_acf_changed":false,"footnotes":""},"categories":[611],"tags":[],"class_list":["post-7924","post","type-post","status-publish","format-standard","has-post-thumbnail","hentry","category-noticias"],"acf":[],"yoast_head":"<!-- This site is optimized with the Yoast SEO plugin v27.2 - https:\/\/yoast.com\/product\/yoast-seo-wordpress\/ -->\n<title>ESPECIAL - Fam\u00edlia e Voca\u00e7\u00e3o: caminho de santidade de Padre Eust\u00e1quio<\/title>\n<meta name=\"description\" content=\"Separamos um pequeno texto sobre o in\u00edcio da vida de Padre Eust\u00e1quio. Sua casa, seus pais, irm\u00e3os e sua grande inspira\u00e7\u00e3o: S\u00e3o Dami\u00e3o de Molokai. Leia e saiba mais sobre este Bem-aventurado.\" \/>\n<meta name=\"robots\" content=\"index, follow, max-snippet:-1, max-image-preview:large, max-video-preview:-1\" \/>\n<link rel=\"canonical\" href=\"https:\/\/www.padreeustaquio.com.br\/es\/familia-especial-y-vocacion-el-camino-hacia-la-santidad-por-el-padre-eustace\/\" \/>\n<meta property=\"og:locale\" content=\"es_ES\" \/>\n<meta property=\"og:type\" content=\"article\" \/>\n<meta property=\"og:title\" content=\"ESPECIAL - Fam\u00edlia e Voca\u00e7\u00e3o: caminho de santidade de Padre Eust\u00e1quio\" \/>\n<meta property=\"og:description\" content=\"Separamos um pequeno texto sobre o in\u00edcio da vida de Padre Eust\u00e1quio. Sua casa, seus pais, irm\u00e3os e sua grande inspira\u00e7\u00e3o: S\u00e3o Dami\u00e3o de Molokai. Leia e saiba mais sobre este Bem-aventurado.\" \/>\n<meta property=\"og:url\" content=\"https:\/\/www.padreeustaquio.com.br\/es\/familia-especial-y-vocacion-el-camino-hacia-la-santidad-por-el-padre-eustace\/\" \/>\n<meta property=\"og:site_name\" content=\"Padre Eust\u00e1quio\" \/>\n<meta property=\"article:publisher\" content=\"https:\/\/www.facebook.com\/beatopadreeustaquio\/\" \/>\n<meta property=\"article:published_time\" content=\"2022-01-17T08:43:00+00:00\" \/>\n<meta property=\"og:image\" content=\"https:\/\/www.padreeustaquio.com.br\/wp-content\/uploads\/2022\/01\/WhatsApp-Image-2022-01-10-at-10.27.54.jpeg\" \/>\n\t<meta property=\"og:image:width\" content=\"1280\" \/>\n\t<meta property=\"og:image:height\" content=\"855\" \/>\n\t<meta property=\"og:image:type\" content=\"image\/jpeg\" \/>\n<meta name=\"author\" content=\"@sscc\" \/>\n<meta name=\"twitter:card\" content=\"summary_large_image\" \/>\n<meta name=\"twitter:creator\" content=\"@beatopeustaquio\" \/>\n<meta name=\"twitter:site\" content=\"@beatopeustaquio\" \/>\n<meta name=\"twitter:label1\" content=\"Escrito por\" \/>\n\t<meta name=\"twitter:data1\" content=\"@sscc\" \/>\n\t<meta name=\"twitter:label2\" content=\"Tiempo de lectura\" \/>\n\t<meta name=\"twitter:data2\" content=\"2 minutos\" \/>\n<script type=\"application\/ld+json\" class=\"yoast-schema-graph\">{\"@context\":\"https:\/\/schema.org\",\"@graph\":[{\"@type\":\"Article\",\"@id\":\"https:\/\/www.padreeustaquio.com.br\/especial-familia-e-vocacao-caminho-de-santidade-de-padre-eustaquio\/#article\",\"isPartOf\":{\"@id\":\"https:\/\/www.padreeustaquio.com.br\/especial-familia-e-vocacao-caminho-de-santidade-de-padre-eustaquio\/\"},\"author\":{\"name\":\"@sscc\",\"@id\":\"https:\/\/www.padreeustaquio.com.br\/#\/schema\/person\/a2a51db1d00f1a7af0204a0f1ddb1566\"},\"headline\":\"ESPECIAL &#8211; Fam\u00edlia e Voca\u00e7\u00e3o: caminho de santidade de Padre Eust\u00e1quio\",\"datePublished\":\"2022-01-17T08:43:00+00:00\",\"mainEntityOfPage\":{\"@id\":\"https:\/\/www.padreeustaquio.com.br\/especial-familia-e-vocacao-caminho-de-santidade-de-padre-eustaquio\/\"},\"wordCount\":348,\"commentCount\":0,\"publisher\":{\"@id\":\"https:\/\/www.padreeustaquio.com.br\/#organization\"},\"image\":{\"@id\":\"https:\/\/www.padreeustaquio.com.br\/especial-familia-e-vocacao-caminho-de-santidade-de-padre-eustaquio\/#primaryimage\"},\"thumbnailUrl\":\"https:\/\/www.padreeustaquio.com.br\/wp-content\/uploads\/2022\/01\/WhatsApp-Image-2022-01-10-at-10.27.54.jpeg\",\"articleSection\":[\"Not\u00edcias\"],\"inLanguage\":\"es\",\"potentialAction\":[{\"@type\":\"CommentAction\",\"name\":\"Comment\",\"target\":[\"https:\/\/www.padreeustaquio.com.br\/especial-familia-e-vocacao-caminho-de-santidade-de-padre-eustaquio\/#respond\"]}]},{\"@type\":\"WebPage\",\"@id\":\"https:\/\/www.padreeustaquio.com.br\/especial-familia-e-vocacao-caminho-de-santidade-de-padre-eustaquio\/\",\"url\":\"https:\/\/www.padreeustaquio.com.br\/especial-familia-e-vocacao-caminho-de-santidade-de-padre-eustaquio\/\",\"name\":\"ESPECIAL - Fam\u00edlia e Voca\u00e7\u00e3o: caminho de santidade de Padre Eust\u00e1quio\",\"isPartOf\":{\"@id\":\"https:\/\/www.padreeustaquio.com.br\/#website\"},\"primaryImageOfPage\":{\"@id\":\"https:\/\/www.padreeustaquio.com.br\/especial-familia-e-vocacao-caminho-de-santidade-de-padre-eustaquio\/#primaryimage\"},\"image\":{\"@id\":\"https:\/\/www.padreeustaquio.com.br\/especial-familia-e-vocacao-caminho-de-santidade-de-padre-eustaquio\/#primaryimage\"},\"thumbnailUrl\":\"https:\/\/www.padreeustaquio.com.br\/wp-content\/uploads\/2022\/01\/WhatsApp-Image-2022-01-10-at-10.27.54.jpeg\",\"datePublished\":\"2022-01-17T08:43:00+00:00\",\"description\":\"Separamos um pequeno texto sobre o in\u00edcio da vida de Padre Eust\u00e1quio. Sua casa, seus pais, irm\u00e3os e sua grande inspira\u00e7\u00e3o: S\u00e3o Dami\u00e3o de Molokai. Leia e saiba mais sobre este Bem-aventurado.\",\"breadcrumb\":{\"@id\":\"https:\/\/www.padreeustaquio.com.br\/especial-familia-e-vocacao-caminho-de-santidade-de-padre-eustaquio\/#breadcrumb\"},\"inLanguage\":\"es\",\"potentialAction\":[{\"@type\":\"ReadAction\",\"target\":[\"https:\/\/www.padreeustaquio.com.br\/especial-familia-e-vocacao-caminho-de-santidade-de-padre-eustaquio\/\"]}]},{\"@type\":\"ImageObject\",\"inLanguage\":\"es\",\"@id\":\"https:\/\/www.padreeustaquio.com.br\/especial-familia-e-vocacao-caminho-de-santidade-de-padre-eustaquio\/#primaryimage\",\"url\":\"https:\/\/www.padreeustaquio.com.br\/wp-content\/uploads\/2022\/01\/WhatsApp-Image-2022-01-10-at-10.27.54.jpeg\",\"contentUrl\":\"https:\/\/www.padreeustaquio.com.br\/wp-content\/uploads\/2022\/01\/WhatsApp-Image-2022-01-10-at-10.27.54.jpeg\",\"width\":1280,\"height\":855,\"caption\":\"Casa onde nasceu Padre Eust\u00e1quio, em Aarle Rixtel, na Holanda.\"},{\"@type\":\"BreadcrumbList\",\"@id\":\"https:\/\/www.padreeustaquio.com.br\/especial-familia-e-vocacao-caminho-de-santidade-de-padre-eustaquio\/#breadcrumb\",\"itemListElement\":[{\"@type\":\"ListItem\",\"position\":1,\"name\":\"In\u00edcio\",\"item\":\"https:\/\/www.padreeustaquio.com.br\/\"},{\"@type\":\"ListItem\",\"position\":2,\"name\":\"ESPECIAL &#8211; Fam\u00edlia e Voca\u00e7\u00e3o: caminho de santidade de Padre Eust\u00e1quio\"}]},{\"@type\":\"WebSite\",\"@id\":\"https:\/\/www.padreeustaquio.com.br\/#website\",\"url\":\"https:\/\/www.padreeustaquio.com.br\/\",\"name\":\"Padre Eust\u00e1quio\",\"description\":\"Sa\u00fade e Paz\",\"publisher\":{\"@id\":\"https:\/\/www.padreeustaquio.com.br\/#organization\"},\"potentialAction\":[{\"@type\":\"SearchAction\",\"target\":{\"@type\":\"EntryPoint\",\"urlTemplate\":\"https:\/\/www.padreeustaquio.com.br\/?s={search_term_string}\"},\"query-input\":{\"@type\":\"PropertyValueSpecification\",\"valueRequired\":true,\"valueName\":\"search_term_string\"}}],\"inLanguage\":\"es\"},{\"@type\":\"Organization\",\"@id\":\"https:\/\/www.padreeustaquio.com.br\/#organization\",\"name\":\"Padre Eust\u00e1quio\",\"url\":\"https:\/\/www.padreeustaquio.com.br\/\",\"logo\":{\"@type\":\"ImageObject\",\"inLanguage\":\"es\",\"@id\":\"https:\/\/www.padreeustaquio.com.br\/#\/schema\/logo\/image\/\",\"url\":\"https:\/\/www.padreeustaquio.com.br\/wp-content\/uploads\/2019\/08\/marca.png\",\"contentUrl\":\"https:\/\/www.padreeustaquio.com.br\/wp-content\/uploads\/2019\/08\/marca.png\",\"width\":350,\"height\":400,\"caption\":\"Padre Eust\u00e1quio\"},\"image\":{\"@id\":\"https:\/\/www.padreeustaquio.com.br\/#\/schema\/logo\/image\/\"},\"sameAs\":[\"https:\/\/www.facebook.com\/beatopadreeustaquio\/\",\"https:\/\/x.com\/beatopeustaquio\",\"https:\/\/www.instagram.com\/beatopadreeustaquio\/\",\"https:\/\/www.youtube.com\/channel\/UCRhw7vfabnajwLxb1ZXMeIw\"]},{\"@type\":\"Person\",\"@id\":\"https:\/\/www.padreeustaquio.com.br\/#\/schema\/person\/a2a51db1d00f1a7af0204a0f1ddb1566\",\"name\":\"@sscc\",\"image\":{\"@type\":\"ImageObject\",\"inLanguage\":\"es\",\"@id\":\"https:\/\/secure.gravatar.com\/avatar\/68cfafa5f44617fea54071e215026e0ff06be366c3d54a8425f04fdcb86f8c5f?s=96&d=mm&r=g\",\"url\":\"https:\/\/secure.gravatar.com\/avatar\/68cfafa5f44617fea54071e215026e0ff06be366c3d54a8425f04fdcb86f8c5f?s=96&d=mm&r=g\",\"contentUrl\":\"https:\/\/secure.gravatar.com\/avatar\/68cfafa5f44617fea54071e215026e0ff06be366c3d54a8425f04fdcb86f8c5f?s=96&d=mm&r=g\",\"caption\":\"@sscc\"},\"url\":\"https:\/\/www.padreeustaquio.com.br\/es\/author\/sscc\/\"}]}<\/script>\n<!-- \/ Yoast SEO plugin. -->","yoast_head_json":{"title":"ESPECIAL - Familia y Vocaci\u00f3n: El camino de santidad del Padre Eust\u00e1quio","description":"Hemos incluido un breve texto sobre los inicios de la vida del Padre Eustace: su hogar, sus padres, sus hermanos y su gran inspiraci\u00f3n: San Dami\u00e1n de Molokai. Lea y aprenda m\u00e1s sobre este Bendito.","robots":{"index":"index","follow":"follow","max-snippet":"max-snippet:-1","max-image-preview":"max-image-preview:large","max-video-preview":"max-video-preview:-1"},"canonical":"https:\/\/www.padreeustaquio.com.br\/es\/familia-especial-y-vocacion-el-camino-hacia-la-santidad-por-el-padre-eustace\/","og_locale":"es_ES","og_type":"article","og_title":"ESPECIAL - Fam\u00edlia e Voca\u00e7\u00e3o: caminho de santidade de Padre Eust\u00e1quio","og_description":"Separamos um pequeno texto sobre o in\u00edcio da vida de Padre Eust\u00e1quio. Sua casa, seus pais, irm\u00e3os e sua grande inspira\u00e7\u00e3o: S\u00e3o Dami\u00e3o de Molokai. Leia e saiba mais sobre este Bem-aventurado.","og_url":"https:\/\/www.padreeustaquio.com.br\/es\/familia-especial-y-vocacion-el-camino-hacia-la-santidad-por-el-padre-eustace\/","og_site_name":"Padre Eust\u00e1quio","article_publisher":"https:\/\/www.facebook.com\/beatopadreeustaquio\/","article_published_time":"2022-01-17T08:43:00+00:00","og_image":[{"width":1280,"height":855,"url":"https:\/\/www.padreeustaquio.com.br\/wp-content\/uploads\/2022\/01\/WhatsApp-Image-2022-01-10-at-10.27.54.jpeg","type":"image\/jpeg"}],"author":"@sscc","twitter_card":"summary_large_image","twitter_creator":"@beatopeustaquio","twitter_site":"@beatopeustaquio","twitter_misc":{"Escrito por":"@sscc","Tiempo de lectura":"2 minutos"},"schema":{"@context":"https:\/\/schema.org","@graph":[{"@type":"Article","@id":"https:\/\/www.padreeustaquio.com.br\/especial-familia-e-vocacao-caminho-de-santidade-de-padre-eustaquio\/#article","isPartOf":{"@id":"https:\/\/www.padreeustaquio.com.br\/especial-familia-e-vocacao-caminho-de-santidade-de-padre-eustaquio\/"},"author":{"name":"@sscc","@id":"https:\/\/www.padreeustaquio.com.br\/#\/schema\/person\/a2a51db1d00f1a7af0204a0f1ddb1566"},"headline":"ESPECIAL &#8211; Fam\u00edlia e Voca\u00e7\u00e3o: caminho de santidade de Padre Eust\u00e1quio","datePublished":"2022-01-17T08:43:00+00:00","mainEntityOfPage":{"@id":"https:\/\/www.padreeustaquio.com.br\/especial-familia-e-vocacao-caminho-de-santidade-de-padre-eustaquio\/"},"wordCount":348,"commentCount":0,"publisher":{"@id":"https:\/\/www.padreeustaquio.com.br\/#organization"},"image":{"@id":"https:\/\/www.padreeustaquio.com.br\/especial-familia-e-vocacao-caminho-de-santidade-de-padre-eustaquio\/#primaryimage"},"thumbnailUrl":"https:\/\/www.padreeustaquio.com.br\/wp-content\/uploads\/2022\/01\/WhatsApp-Image-2022-01-10-at-10.27.54.jpeg","articleSection":["Not\u00edcias"],"inLanguage":"es","potentialAction":[{"@type":"CommentAction","name":"Comment","target":["https:\/\/www.padreeustaquio.com.br\/especial-familia-e-vocacao-caminho-de-santidade-de-padre-eustaquio\/#respond"]}]},{"@type":"WebPage","@id":"https:\/\/www.padreeustaquio.com.br\/especial-familia-e-vocacao-caminho-de-santidade-de-padre-eustaquio\/","url":"https:\/\/www.padreeustaquio.com.br\/especial-familia-e-vocacao-caminho-de-santidade-de-padre-eustaquio\/","name":"ESPECIAL - Familia y Vocaci\u00f3n: El camino de santidad del Padre Eust\u00e1quio","isPartOf":{"@id":"https:\/\/www.padreeustaquio.com.br\/#website"},"primaryImageOfPage":{"@id":"https:\/\/www.padreeustaquio.com.br\/especial-familia-e-vocacao-caminho-de-santidade-de-padre-eustaquio\/#primaryimage"},"image":{"@id":"https:\/\/www.padreeustaquio.com.br\/especial-familia-e-vocacao-caminho-de-santidade-de-padre-eustaquio\/#primaryimage"},"thumbnailUrl":"https:\/\/www.padreeustaquio.com.br\/wp-content\/uploads\/2022\/01\/WhatsApp-Image-2022-01-10-at-10.27.54.jpeg","datePublished":"2022-01-17T08:43:00+00:00","description":"Hemos incluido un breve texto sobre los inicios de la vida del Padre Eustace: su hogar, sus padres, sus hermanos y su gran inspiraci\u00f3n: San Dami\u00e1n de Molokai. Lea y aprenda m\u00e1s sobre este Bendito.","breadcrumb":{"@id":"https:\/\/www.padreeustaquio.com.br\/especial-familia-e-vocacao-caminho-de-santidade-de-padre-eustaquio\/#breadcrumb"},"inLanguage":"es","potentialAction":[{"@type":"ReadAction","target":["https:\/\/www.padreeustaquio.com.br\/especial-familia-e-vocacao-caminho-de-santidade-de-padre-eustaquio\/"]}]},{"@type":"ImageObject","inLanguage":"es","@id":"https:\/\/www.padreeustaquio.com.br\/especial-familia-e-vocacao-caminho-de-santidade-de-padre-eustaquio\/#primaryimage","url":"https:\/\/www.padreeustaquio.com.br\/wp-content\/uploads\/2022\/01\/WhatsApp-Image-2022-01-10-at-10.27.54.jpeg","contentUrl":"https:\/\/www.padreeustaquio.com.br\/wp-content\/uploads\/2022\/01\/WhatsApp-Image-2022-01-10-at-10.27.54.jpeg","width":1280,"height":855,"caption":"Casa onde nasceu Padre Eust\u00e1quio, em Aarle Rixtel, na Holanda."},{"@type":"BreadcrumbList","@id":"https:\/\/www.padreeustaquio.com.br\/especial-familia-e-vocacao-caminho-de-santidade-de-padre-eustaquio\/#breadcrumb","itemListElement":[{"@type":"ListItem","position":1,"name":"In\u00edcio","item":"https:\/\/www.padreeustaquio.com.br\/"},{"@type":"ListItem","position":2,"name":"ESPECIAL &#8211; Fam\u00edlia e Voca\u00e7\u00e3o: caminho de santidade de Padre Eust\u00e1quio"}]},{"@type":"WebSite","@id":"https:\/\/www.padreeustaquio.com.br\/#website","url":"https:\/\/www.padreeustaquio.com.br\/","name":"Padre Eustace","description":"Salud y Paz","publisher":{"@id":"https:\/\/www.padreeustaquio.com.br\/#organization"},"potentialAction":[{"@type":"SearchAction","target":{"@type":"EntryPoint","urlTemplate":"https:\/\/www.padreeustaquio.com.br\/?s={search_term_string}"},"query-input":{"@type":"PropertyValueSpecification","valueRequired":true,"valueName":"search_term_string"}}],"inLanguage":"es"},{"@type":"Organization","@id":"https:\/\/www.padreeustaquio.com.br\/#organization","name":"Padre Eustace","url":"https:\/\/www.padreeustaquio.com.br\/","logo":{"@type":"ImageObject","inLanguage":"es","@id":"https:\/\/www.padreeustaquio.com.br\/#\/schema\/logo\/image\/","url":"https:\/\/www.padreeustaquio.com.br\/wp-content\/uploads\/2019\/08\/marca.png","contentUrl":"https:\/\/www.padreeustaquio.com.br\/wp-content\/uploads\/2019\/08\/marca.png","width":350,"height":400,"caption":"Padre Eust\u00e1quio"},"image":{"@id":"https:\/\/www.padreeustaquio.com.br\/#\/schema\/logo\/image\/"},"sameAs":["https:\/\/www.facebook.com\/beatopadreeustaquio\/","https:\/\/x.com\/beatopeustaquio","https:\/\/www.instagram.com\/beatopadreeustaquio\/","https:\/\/www.youtube.com\/channel\/UCRhw7vfabnajwLxb1ZXMeIw"]},{"@type":"Person","@id":"https:\/\/www.padreeustaquio.com.br\/#\/schema\/person\/a2a51db1d00f1a7af0204a0f1ddb1566","name":"@sscc","image":{"@type":"ImageObject","inLanguage":"es","@id":"https:\/\/secure.gravatar.com\/avatar\/68cfafa5f44617fea54071e215026e0ff06be366c3d54a8425f04fdcb86f8c5f?s=96&d=mm&r=g","url":"https:\/\/secure.gravatar.com\/avatar\/68cfafa5f44617fea54071e215026e0ff06be366c3d54a8425f04fdcb86f8c5f?s=96&d=mm&r=g","contentUrl":"https:\/\/secure.gravatar.com\/avatar\/68cfafa5f44617fea54071e215026e0ff06be366c3d54a8425f04fdcb86f8c5f?s=96&d=mm&r=g","caption":"@sscc"},"url":"https:\/\/www.padreeustaquio.com.br\/es\/author\/sscc\/"}]}},"_links":{"self":[{"href":"https:\/\/www.padreeustaquio.com.br\/es\/wp-json\/wp\/v2\/posts\/7924","targetHints":{"allow":["GET"]}}],"collection":[{"href":"https:\/\/www.padreeustaquio.com.br\/es\/wp-json\/wp\/v2\/posts"}],"about":[{"href":"https:\/\/www.padreeustaquio.com.br\/es\/wp-json\/wp\/v2\/types\/post"}],"author":[{"embeddable":true,"href":"https:\/\/www.padreeustaquio.com.br\/es\/wp-json\/wp\/v2\/users\/2"}],"replies":[{"embeddable":true,"href":"https:\/\/www.padreeustaquio.com.br\/es\/wp-json\/wp\/v2\/comments?post=7924"}],"version-history":[{"count":0,"href":"https:\/\/www.padreeustaquio.com.br\/es\/wp-json\/wp\/v2\/posts\/7924\/revisions"}],"wp:featuredmedia":[{"embeddable":true,"href":"https:\/\/www.padreeustaquio.com.br\/es\/wp-json\/wp\/v2\/media\/7928"}],"wp:attachment":[{"href":"https:\/\/www.padreeustaquio.com.br\/es\/wp-json\/wp\/v2\/media?parent=7924"}],"wp:term":[{"taxonomy":"category","embeddable":true,"href":"https:\/\/www.padreeustaquio.com.br\/es\/wp-json\/wp\/v2\/categories?post=7924"},{"taxonomy":"post_tag","embeddable":true,"href":"https:\/\/www.padreeustaquio.com.br\/es\/wp-json\/wp\/v2\/tags?post=7924"}],"curies":[{"name":"wp","href":"https:\/\/api.w.org\/{rel}","templated":true}]}}