{"id":7919,"date":"2022-01-14T05:28:00","date_gmt":"2022-01-14T08:28:00","guid":{"rendered":"https:\/\/www.padreeustaquio.com.br\/?p=7919"},"modified":"2022-01-10T10:41:19","modified_gmt":"2022-01-10T13:41:19","slug":"el-museo-padre-eustaquio-de-porto-alegre-sp-abre-manana-con-una-programacion-especial","status":"publish","type":"post","link":"https:\/\/www.padreeustaquio.com.br\/es\/el-museo-padre-eustaquio-de-porto-alegre-sp-abre-manana-con-una-programacion-especial\/","title":{"rendered":"El Museo Padre Eust\u00e1quio de Po\u00e1-SP abre ma\u00f1ana con una programaci\u00f3n especial."},"content":{"rendered":"<p>Este s\u00e1bado, 15 de enero, a las 14 horas, el Museo Padre Eust\u00e1quio de la ciudad de Po\u00e1, en la Gran S\u00e3o Paulo, abrir\u00e1 sus puertas para recibir a los visitantes con una programaci\u00f3n especial.<\/p>\n\n\n\n<p>El Museo participa en la campa\u00f1a mundial.\u00a0<a href=\"https:\/\/www.instagram.com\/explore\/tags\/museumselfieday\/\">D\u00eda del Selfie en el Museo #M<\/a>, Esto anima a diferentes p\u00fablicos a visitar un museo durante este periodo. La idea es que la gente visite el espacio con su celular en mano, se tome una selfi y la publique en sus redes sociales, etiquetando al usuario.\u00a0<a href=\"https:\/\/www.instagram.com\/museupadreeustaquio\/\">@museupadreeustaquio<\/a>\u00a0y el\u00a0<a href=\"https:\/\/www.instagram.com\/explore\/tags\/museumselfieday\/\">D\u00eda del Selfie en el Museo #M<\/a>.<\/p>\n\n\n\n<p>Quienes visiten el sitio podr\u00e1n aprovechar la oportunidad de explorar la exposici\u00f3n permanente, que cuenta con una visita guiada especial que contar\u00e1 toda la historia del Padre Eust\u00e1quio y Po\u00e1 de una manera nunca antes vista.<\/p>\n\n\n\n<p>El Museo Padre Eust\u00e1quio est\u00e1 abierto al p\u00fablico con todas las precauciones sanitarias y de cuidado necesarias. El horario de visita ser\u00e1 de 14:00 a 18:00 h, y el uso de mascarilla ser\u00e1 obligatorio durante toda la estancia.<\/p>\n\n\n\n<p>Para m\u00e1s informaci\u00f3n llame al: (11) 99165-8409 o env\u00ede un mensaje a: <a href=\"mailto:museupadreeustaquiopoa@gmail.com\" target=\"_blank\" rel=\"noreferrer noopener\">museupadreeustaquiopoa@gmail.com<\/a><\/p>\n\n\n\n<p><\/p>","protected":false},"excerpt":{"rendered":"<p>Neste s\u00e1bado, dia 15 de janeiro, \u00e0s 14h, o Museu Padre Eust\u00e1quio, da cidade de Po\u00e1, na grande S\u00e3o Paulo, estar\u00e1 de portas abertas para receber os visitantes com uma programa\u00e7\u00e3o especial. O Museu est\u00e1 participando da campanha global\u00a0#MuseumSelfieDay, que incentiva diferentes p\u00fablicos a visitarem um museu neste per\u00edodo. A ideia \u00e9 que as pessoas visitem o espa\u00e7o com seu celular em m\u00e3os, tire uma selfie e poste nas suas redes sociais marcando\u00a0@museupadreeustaquio\u00a0e a\u00a0#MuseumSelfieDay. Quem for at\u00e9 o local, pode aproveitar e conhecer a exposi\u00e7\u00e3o permanente, contando com uma monitoria especial que vai contar toda a hist\u00f3ria de Padre Eust\u00e1quio [&hellip;]<\/p>\n","protected":false},"author":2,"featured_media":7920,"comment_status":"open","ping_status":"closed","sticky":false,"template":"","format":"standard","meta":{"_acf_changed":false,"footnotes":""},"categories":[611],"tags":[],"class_list":["post-7919","post","type-post","status-publish","format-standard","has-post-thumbnail","hentry","category-noticias"],"acf":[],"yoast_head":"<!-- This site is optimized with the Yoast SEO plugin v27.2 - https:\/\/yoast.com\/product\/yoast-seo-wordpress\/ -->\n<title>Museu Padre Eust\u00e1quio de Po\u00e1-SP abre amanh\u00e3 com programa\u00e7\u00e3o especial<\/title>\n<meta name=\"description\" content=\"Quem for at\u00e9 o local, pode aproveitar e conhecer a exposi\u00e7\u00e3o permanente, contando com uma monitoria especial que vai contar toda a hist\u00f3ria de Padre Eust\u00e1quio e de Po\u00e1, de um jeito que voc\u00ea nunca viu.\" \/>\n<meta name=\"robots\" content=\"index, follow, max-snippet:-1, max-image-preview:large, max-video-preview:-1\" \/>\n<link rel=\"canonical\" href=\"https:\/\/www.padreeustaquio.com.br\/es\/el-museo-padre-eustaquio-de-porto-alegre-sp-abre-manana-con-una-programacion-especial\/\" \/>\n<meta property=\"og:locale\" content=\"es_ES\" \/>\n<meta property=\"og:type\" content=\"article\" \/>\n<meta property=\"og:title\" content=\"Museu Padre Eust\u00e1quio de Po\u00e1-SP abre amanh\u00e3 com programa\u00e7\u00e3o especial\" \/>\n<meta property=\"og:description\" content=\"Quem for at\u00e9 o local, pode aproveitar e conhecer a exposi\u00e7\u00e3o permanente, contando com uma monitoria especial que vai contar toda a hist\u00f3ria de Padre Eust\u00e1quio e de Po\u00e1, de um jeito que voc\u00ea nunca viu.\" \/>\n<meta property=\"og:url\" content=\"https:\/\/www.padreeustaquio.com.br\/es\/el-museo-padre-eustaquio-de-porto-alegre-sp-abre-manana-con-una-programacion-especial\/\" \/>\n<meta property=\"og:site_name\" content=\"Padre Eust\u00e1quio\" \/>\n<meta property=\"article:publisher\" content=\"https:\/\/www.facebook.com\/beatopadreeustaquio\/\" \/>\n<meta property=\"article:published_time\" content=\"2022-01-14T08:28:00+00:00\" \/>\n<meta property=\"og:image\" content=\"https:\/\/www.padreeustaquio.com.br\/wp-content\/uploads\/2022\/01\/museu-de-poa.jpg\" \/>\n\t<meta property=\"og:image:width\" content=\"600\" \/>\n\t<meta property=\"og:image:height\" content=\"315\" \/>\n\t<meta property=\"og:image:type\" content=\"image\/jpeg\" \/>\n<meta name=\"author\" content=\"@sscc\" \/>\n<meta name=\"twitter:card\" content=\"summary_large_image\" \/>\n<meta name=\"twitter:creator\" content=\"@beatopeustaquio\" \/>\n<meta name=\"twitter:site\" content=\"@beatopeustaquio\" \/>\n<meta name=\"twitter:label1\" content=\"Escrito por\" \/>\n\t<meta name=\"twitter:data1\" content=\"@sscc\" \/>\n\t<meta name=\"twitter:label2\" content=\"Tiempo de lectura\" \/>\n\t<meta name=\"twitter:data2\" content=\"1 minuto\" \/>\n<script type=\"application\/ld+json\" class=\"yoast-schema-graph\">{\"@context\":\"https:\/\/schema.org\",\"@graph\":[{\"@type\":\"Article\",\"@id\":\"https:\/\/www.padreeustaquio.com.br\/museu-padre-eustaquio-de-poa-sp-abre-amanha-com-programacao-especial\/#article\",\"isPartOf\":{\"@id\":\"https:\/\/www.padreeustaquio.com.br\/museu-padre-eustaquio-de-poa-sp-abre-amanha-com-programacao-especial\/\"},\"author\":{\"name\":\"@sscc\",\"@id\":\"https:\/\/www.padreeustaquio.com.br\/#\/schema\/person\/a2a51db1d00f1a7af0204a0f1ddb1566\"},\"headline\":\"Museu Padre Eust\u00e1quio de Po\u00e1-SP abre amanh\u00e3 com programa\u00e7\u00e3o especial\",\"datePublished\":\"2022-01-14T08:28:00+00:00\",\"mainEntityOfPage\":{\"@id\":\"https:\/\/www.padreeustaquio.com.br\/museu-padre-eustaquio-de-poa-sp-abre-amanha-com-programacao-especial\/\"},\"wordCount\":203,\"commentCount\":0,\"publisher\":{\"@id\":\"https:\/\/www.padreeustaquio.com.br\/#organization\"},\"image\":{\"@id\":\"https:\/\/www.padreeustaquio.com.br\/museu-padre-eustaquio-de-poa-sp-abre-amanha-com-programacao-especial\/#primaryimage\"},\"thumbnailUrl\":\"https:\/\/www.padreeustaquio.com.br\/wp-content\/uploads\/2022\/01\/museu-de-poa.jpg\",\"articleSection\":[\"Not\u00edcias\"],\"inLanguage\":\"es\",\"potentialAction\":[{\"@type\":\"CommentAction\",\"name\":\"Comment\",\"target\":[\"https:\/\/www.padreeustaquio.com.br\/museu-padre-eustaquio-de-poa-sp-abre-amanha-com-programacao-especial\/#respond\"]}]},{\"@type\":\"WebPage\",\"@id\":\"https:\/\/www.padreeustaquio.com.br\/museu-padre-eustaquio-de-poa-sp-abre-amanha-com-programacao-especial\/\",\"url\":\"https:\/\/www.padreeustaquio.com.br\/museu-padre-eustaquio-de-poa-sp-abre-amanha-com-programacao-especial\/\",\"name\":\"Museu Padre Eust\u00e1quio de Po\u00e1-SP abre amanh\u00e3 com programa\u00e7\u00e3o especial\",\"isPartOf\":{\"@id\":\"https:\/\/www.padreeustaquio.com.br\/#website\"},\"primaryImageOfPage\":{\"@id\":\"https:\/\/www.padreeustaquio.com.br\/museu-padre-eustaquio-de-poa-sp-abre-amanha-com-programacao-especial\/#primaryimage\"},\"image\":{\"@id\":\"https:\/\/www.padreeustaquio.com.br\/museu-padre-eustaquio-de-poa-sp-abre-amanha-com-programacao-especial\/#primaryimage\"},\"thumbnailUrl\":\"https:\/\/www.padreeustaquio.com.br\/wp-content\/uploads\/2022\/01\/museu-de-poa.jpg\",\"datePublished\":\"2022-01-14T08:28:00+00:00\",\"description\":\"Quem for at\u00e9 o local, pode aproveitar e conhecer a exposi\u00e7\u00e3o permanente, contando com uma monitoria especial que vai contar toda a hist\u00f3ria de Padre Eust\u00e1quio e de Po\u00e1, de um jeito que voc\u00ea nunca viu.\",\"breadcrumb\":{\"@id\":\"https:\/\/www.padreeustaquio.com.br\/museu-padre-eustaquio-de-poa-sp-abre-amanha-com-programacao-especial\/#breadcrumb\"},\"inLanguage\":\"es\",\"potentialAction\":[{\"@type\":\"ReadAction\",\"target\":[\"https:\/\/www.padreeustaquio.com.br\/museu-padre-eustaquio-de-poa-sp-abre-amanha-com-programacao-especial\/\"]}]},{\"@type\":\"ImageObject\",\"inLanguage\":\"es\",\"@id\":\"https:\/\/www.padreeustaquio.com.br\/museu-padre-eustaquio-de-poa-sp-abre-amanha-com-programacao-especial\/#primaryimage\",\"url\":\"https:\/\/www.padreeustaquio.com.br\/wp-content\/uploads\/2022\/01\/museu-de-poa.jpg\",\"contentUrl\":\"https:\/\/www.padreeustaquio.com.br\/wp-content\/uploads\/2022\/01\/museu-de-poa.jpg\",\"width\":600,\"height\":315},{\"@type\":\"BreadcrumbList\",\"@id\":\"https:\/\/www.padreeustaquio.com.br\/museu-padre-eustaquio-de-poa-sp-abre-amanha-com-programacao-especial\/#breadcrumb\",\"itemListElement\":[{\"@type\":\"ListItem\",\"position\":1,\"name\":\"In\u00edcio\",\"item\":\"https:\/\/www.padreeustaquio.com.br\/\"},{\"@type\":\"ListItem\",\"position\":2,\"name\":\"Museu Padre Eust\u00e1quio de Po\u00e1-SP abre amanh\u00e3 com programa\u00e7\u00e3o especial\"}]},{\"@type\":\"WebSite\",\"@id\":\"https:\/\/www.padreeustaquio.com.br\/#website\",\"url\":\"https:\/\/www.padreeustaquio.com.br\/\",\"name\":\"Padre Eust\u00e1quio\",\"description\":\"Sa\u00fade e Paz\",\"publisher\":{\"@id\":\"https:\/\/www.padreeustaquio.com.br\/#organization\"},\"potentialAction\":[{\"@type\":\"SearchAction\",\"target\":{\"@type\":\"EntryPoint\",\"urlTemplate\":\"https:\/\/www.padreeustaquio.com.br\/?s={search_term_string}\"},\"query-input\":{\"@type\":\"PropertyValueSpecification\",\"valueRequired\":true,\"valueName\":\"search_term_string\"}}],\"inLanguage\":\"es\"},{\"@type\":\"Organization\",\"@id\":\"https:\/\/www.padreeustaquio.com.br\/#organization\",\"name\":\"Padre Eust\u00e1quio\",\"url\":\"https:\/\/www.padreeustaquio.com.br\/\",\"logo\":{\"@type\":\"ImageObject\",\"inLanguage\":\"es\",\"@id\":\"https:\/\/www.padreeustaquio.com.br\/#\/schema\/logo\/image\/\",\"url\":\"https:\/\/www.padreeustaquio.com.br\/wp-content\/uploads\/2019\/08\/marca.png\",\"contentUrl\":\"https:\/\/www.padreeustaquio.com.br\/wp-content\/uploads\/2019\/08\/marca.png\",\"width\":350,\"height\":400,\"caption\":\"Padre Eust\u00e1quio\"},\"image\":{\"@id\":\"https:\/\/www.padreeustaquio.com.br\/#\/schema\/logo\/image\/\"},\"sameAs\":[\"https:\/\/www.facebook.com\/beatopadreeustaquio\/\",\"https:\/\/x.com\/beatopeustaquio\",\"https:\/\/www.instagram.com\/beatopadreeustaquio\/\",\"https:\/\/www.youtube.com\/channel\/UCRhw7vfabnajwLxb1ZXMeIw\"]},{\"@type\":\"Person\",\"@id\":\"https:\/\/www.padreeustaquio.com.br\/#\/schema\/person\/a2a51db1d00f1a7af0204a0f1ddb1566\",\"name\":\"@sscc\",\"image\":{\"@type\":\"ImageObject\",\"inLanguage\":\"es\",\"@id\":\"https:\/\/secure.gravatar.com\/avatar\/68cfafa5f44617fea54071e215026e0ff06be366c3d54a8425f04fdcb86f8c5f?s=96&d=mm&r=g\",\"url\":\"https:\/\/secure.gravatar.com\/avatar\/68cfafa5f44617fea54071e215026e0ff06be366c3d54a8425f04fdcb86f8c5f?s=96&d=mm&r=g\",\"contentUrl\":\"https:\/\/secure.gravatar.com\/avatar\/68cfafa5f44617fea54071e215026e0ff06be366c3d54a8425f04fdcb86f8c5f?s=96&d=mm&r=g\",\"caption\":\"@sscc\"},\"url\":\"https:\/\/www.padreeustaquio.com.br\/es\/author\/sscc\/\"}]}<\/script>\n<!-- \/ Yoast SEO plugin. -->","yoast_head_json":{"title":"El Museo Padre Eust\u00e1quio de Po\u00e1-SP abre ma\u00f1ana con una programaci\u00f3n especial.","description":"Quienes visiten el sitio podr\u00e1n aprovechar la oportunidad de explorar la exposici\u00f3n permanente, que cuenta con una visita guiada especial que contar\u00e1 toda la historia del Padre Eust\u00e1quio y Po\u00e1 de una manera nunca antes vista.","robots":{"index":"index","follow":"follow","max-snippet":"max-snippet:-1","max-image-preview":"max-image-preview:large","max-video-preview":"max-video-preview:-1"},"canonical":"https:\/\/www.padreeustaquio.com.br\/es\/el-museo-padre-eustaquio-de-porto-alegre-sp-abre-manana-con-una-programacion-especial\/","og_locale":"es_ES","og_type":"article","og_title":"Museu Padre Eust\u00e1quio de Po\u00e1-SP abre amanh\u00e3 com programa\u00e7\u00e3o especial","og_description":"Quem for at\u00e9 o local, pode aproveitar e conhecer a exposi\u00e7\u00e3o permanente, contando com uma monitoria especial que vai contar toda a hist\u00f3ria de Padre Eust\u00e1quio e de Po\u00e1, de um jeito que voc\u00ea nunca viu.","og_url":"https:\/\/www.padreeustaquio.com.br\/es\/el-museo-padre-eustaquio-de-porto-alegre-sp-abre-manana-con-una-programacion-especial\/","og_site_name":"Padre Eust\u00e1quio","article_publisher":"https:\/\/www.facebook.com\/beatopadreeustaquio\/","article_published_time":"2022-01-14T08:28:00+00:00","og_image":[{"width":600,"height":315,"url":"https:\/\/www.padreeustaquio.com.br\/wp-content\/uploads\/2022\/01\/museu-de-poa.jpg","type":"image\/jpeg"}],"author":"@sscc","twitter_card":"summary_large_image","twitter_creator":"@beatopeustaquio","twitter_site":"@beatopeustaquio","twitter_misc":{"Escrito por":"@sscc","Tiempo de lectura":"1 minuto"},"schema":{"@context":"https:\/\/schema.org","@graph":[{"@type":"Article","@id":"https:\/\/www.padreeustaquio.com.br\/museu-padre-eustaquio-de-poa-sp-abre-amanha-com-programacao-especial\/#article","isPartOf":{"@id":"https:\/\/www.padreeustaquio.com.br\/museu-padre-eustaquio-de-poa-sp-abre-amanha-com-programacao-especial\/"},"author":{"name":"@sscc","@id":"https:\/\/www.padreeustaquio.com.br\/#\/schema\/person\/a2a51db1d00f1a7af0204a0f1ddb1566"},"headline":"Museu Padre Eust\u00e1quio de Po\u00e1-SP abre amanh\u00e3 com programa\u00e7\u00e3o especial","datePublished":"2022-01-14T08:28:00+00:00","mainEntityOfPage":{"@id":"https:\/\/www.padreeustaquio.com.br\/museu-padre-eustaquio-de-poa-sp-abre-amanha-com-programacao-especial\/"},"wordCount":203,"commentCount":0,"publisher":{"@id":"https:\/\/www.padreeustaquio.com.br\/#organization"},"image":{"@id":"https:\/\/www.padreeustaquio.com.br\/museu-padre-eustaquio-de-poa-sp-abre-amanha-com-programacao-especial\/#primaryimage"},"thumbnailUrl":"https:\/\/www.padreeustaquio.com.br\/wp-content\/uploads\/2022\/01\/museu-de-poa.jpg","articleSection":["Not\u00edcias"],"inLanguage":"es","potentialAction":[{"@type":"CommentAction","name":"Comment","target":["https:\/\/www.padreeustaquio.com.br\/museu-padre-eustaquio-de-poa-sp-abre-amanha-com-programacao-especial\/#respond"]}]},{"@type":"WebPage","@id":"https:\/\/www.padreeustaquio.com.br\/museu-padre-eustaquio-de-poa-sp-abre-amanha-com-programacao-especial\/","url":"https:\/\/www.padreeustaquio.com.br\/museu-padre-eustaquio-de-poa-sp-abre-amanha-com-programacao-especial\/","name":"El Museo Padre Eust\u00e1quio de Po\u00e1-SP abre ma\u00f1ana con una programaci\u00f3n especial.","isPartOf":{"@id":"https:\/\/www.padreeustaquio.com.br\/#website"},"primaryImageOfPage":{"@id":"https:\/\/www.padreeustaquio.com.br\/museu-padre-eustaquio-de-poa-sp-abre-amanha-com-programacao-especial\/#primaryimage"},"image":{"@id":"https:\/\/www.padreeustaquio.com.br\/museu-padre-eustaquio-de-poa-sp-abre-amanha-com-programacao-especial\/#primaryimage"},"thumbnailUrl":"https:\/\/www.padreeustaquio.com.br\/wp-content\/uploads\/2022\/01\/museu-de-poa.jpg","datePublished":"2022-01-14T08:28:00+00:00","description":"Quienes visiten el sitio podr\u00e1n aprovechar la oportunidad de explorar la exposici\u00f3n permanente, que cuenta con una visita guiada especial que contar\u00e1 toda la historia del Padre Eust\u00e1quio y Po\u00e1 de una manera nunca antes vista.","breadcrumb":{"@id":"https:\/\/www.padreeustaquio.com.br\/museu-padre-eustaquio-de-poa-sp-abre-amanha-com-programacao-especial\/#breadcrumb"},"inLanguage":"es","potentialAction":[{"@type":"ReadAction","target":["https:\/\/www.padreeustaquio.com.br\/museu-padre-eustaquio-de-poa-sp-abre-amanha-com-programacao-especial\/"]}]},{"@type":"ImageObject","inLanguage":"es","@id":"https:\/\/www.padreeustaquio.com.br\/museu-padre-eustaquio-de-poa-sp-abre-amanha-com-programacao-especial\/#primaryimage","url":"https:\/\/www.padreeustaquio.com.br\/wp-content\/uploads\/2022\/01\/museu-de-poa.jpg","contentUrl":"https:\/\/www.padreeustaquio.com.br\/wp-content\/uploads\/2022\/01\/museu-de-poa.jpg","width":600,"height":315},{"@type":"BreadcrumbList","@id":"https:\/\/www.padreeustaquio.com.br\/museu-padre-eustaquio-de-poa-sp-abre-amanha-com-programacao-especial\/#breadcrumb","itemListElement":[{"@type":"ListItem","position":1,"name":"In\u00edcio","item":"https:\/\/www.padreeustaquio.com.br\/"},{"@type":"ListItem","position":2,"name":"Museu Padre Eust\u00e1quio de Po\u00e1-SP abre amanh\u00e3 com programa\u00e7\u00e3o especial"}]},{"@type":"WebSite","@id":"https:\/\/www.padreeustaquio.com.br\/#website","url":"https:\/\/www.padreeustaquio.com.br\/","name":"Padre Eustace","description":"Salud y Paz","publisher":{"@id":"https:\/\/www.padreeustaquio.com.br\/#organization"},"potentialAction":[{"@type":"SearchAction","target":{"@type":"EntryPoint","urlTemplate":"https:\/\/www.padreeustaquio.com.br\/?s={search_term_string}"},"query-input":{"@type":"PropertyValueSpecification","valueRequired":true,"valueName":"search_term_string"}}],"inLanguage":"es"},{"@type":"Organization","@id":"https:\/\/www.padreeustaquio.com.br\/#organization","name":"Padre Eustace","url":"https:\/\/www.padreeustaquio.com.br\/","logo":{"@type":"ImageObject","inLanguage":"es","@id":"https:\/\/www.padreeustaquio.com.br\/#\/schema\/logo\/image\/","url":"https:\/\/www.padreeustaquio.com.br\/wp-content\/uploads\/2019\/08\/marca.png","contentUrl":"https:\/\/www.padreeustaquio.com.br\/wp-content\/uploads\/2019\/08\/marca.png","width":350,"height":400,"caption":"Padre Eust\u00e1quio"},"image":{"@id":"https:\/\/www.padreeustaquio.com.br\/#\/schema\/logo\/image\/"},"sameAs":["https:\/\/www.facebook.com\/beatopadreeustaquio\/","https:\/\/x.com\/beatopeustaquio","https:\/\/www.instagram.com\/beatopadreeustaquio\/","https:\/\/www.youtube.com\/channel\/UCRhw7vfabnajwLxb1ZXMeIw"]},{"@type":"Person","@id":"https:\/\/www.padreeustaquio.com.br\/#\/schema\/person\/a2a51db1d00f1a7af0204a0f1ddb1566","name":"@sscc","image":{"@type":"ImageObject","inLanguage":"es","@id":"https:\/\/secure.gravatar.com\/avatar\/68cfafa5f44617fea54071e215026e0ff06be366c3d54a8425f04fdcb86f8c5f?s=96&d=mm&r=g","url":"https:\/\/secure.gravatar.com\/avatar\/68cfafa5f44617fea54071e215026e0ff06be366c3d54a8425f04fdcb86f8c5f?s=96&d=mm&r=g","contentUrl":"https:\/\/secure.gravatar.com\/avatar\/68cfafa5f44617fea54071e215026e0ff06be366c3d54a8425f04fdcb86f8c5f?s=96&d=mm&r=g","caption":"@sscc"},"url":"https:\/\/www.padreeustaquio.com.br\/es\/author\/sscc\/"}]}},"_links":{"self":[{"href":"https:\/\/www.padreeustaquio.com.br\/es\/wp-json\/wp\/v2\/posts\/7919","targetHints":{"allow":["GET"]}}],"collection":[{"href":"https:\/\/www.padreeustaquio.com.br\/es\/wp-json\/wp\/v2\/posts"}],"about":[{"href":"https:\/\/www.padreeustaquio.com.br\/es\/wp-json\/wp\/v2\/types\/post"}],"author":[{"embeddable":true,"href":"https:\/\/www.padreeustaquio.com.br\/es\/wp-json\/wp\/v2\/users\/2"}],"replies":[{"embeddable":true,"href":"https:\/\/www.padreeustaquio.com.br\/es\/wp-json\/wp\/v2\/comments?post=7919"}],"version-history":[{"count":0,"href":"https:\/\/www.padreeustaquio.com.br\/es\/wp-json\/wp\/v2\/posts\/7919\/revisions"}],"wp:featuredmedia":[{"embeddable":true,"href":"https:\/\/www.padreeustaquio.com.br\/es\/wp-json\/wp\/v2\/media\/7920"}],"wp:attachment":[{"href":"https:\/\/www.padreeustaquio.com.br\/es\/wp-json\/wp\/v2\/media?parent=7919"}],"wp:term":[{"taxonomy":"category","embeddable":true,"href":"https:\/\/www.padreeustaquio.com.br\/es\/wp-json\/wp\/v2\/categories?post=7919"},{"taxonomy":"post_tag","embeddable":true,"href":"https:\/\/www.padreeustaquio.com.br\/es\/wp-json\/wp\/v2\/tags?post=7919"}],"curies":[{"name":"wp","href":"https:\/\/api.w.org\/{rel}","templated":true}]}}