{"id":7914,"date":"2022-01-13T06:08:00","date_gmt":"2022-01-13T09:08:00","guid":{"rendered":"https:\/\/www.padreeustaquio.com.br\/?p=7914"},"modified":"2022-01-10T10:23:43","modified_gmt":"2022-01-10T13:23:43","slug":"palabras-del-padre-eustace-sobre-la-presencia-de-dios","status":"publish","type":"post","link":"https:\/\/www.padreeustaquio.com.br\/es\/palabras-del-padre-eustace-sobre-la-presencia-de-dios\/","title":{"rendered":"Palabras del Padre Eust\u00e1quio \u2013 La presencia de Dios"},"content":{"rendered":"<p>Dios ve m\u00e1s all\u00e1 de nuestras apariencias, m\u00e1s all\u00e1 de lo que intentamos mostrar a los dem\u00e1s. \u00c9l conoce nuestros corazones y todas nuestras intenciones. Solo \u00c9l nos ve en nuestra totalidad.<\/p>\n\n\n\n<p>El Padre Eust\u00e1quio habla, en uno de sus textos, sobre la presencia de Dios entre nosotros y su visi\u00f3n para nuestras vidas. Lea extractos del texto a continuaci\u00f3n:<\/p>\n\n\n\n<p><em>\u201c&quot;Entre vosotros estaba uno a quien no conoc\u00e9is&quot; (Juan 1:26)<\/em><\/p>\n\n\n\n<p><em>Si os preguntara, hermanos m\u00edos, cu\u00e1l de los animales tiene la vista m\u00e1s aguda, responder\u00edais que el \u00e1guila, que puede contemplar el mismo sol, y luego el lince, que desde las monta\u00f1as m\u00e1s altas puede ver los valles y precipicios m\u00e1s profundos.<\/em>.<\/p>\n\n\n\n<p><em>Son buenos ojos, estoy de acuerdo, pero conozco otros que lo son a\u00fan mejor. Se dice que, entre los hombres, la mirada de C\u00e9sar Augusto era llameante y aterradora, y la de Tiberio era tan penetrante que se pod\u00eda leer e incluso escribir de noche, en la oscuridad.<\/em>.<\/p>\n\n\n\n<p><em>Eran buenos, pero los hay a\u00fan mejores. Los historiadores mencionan que un tal &quot;Estrab\u00f3n&quot; pod\u00eda ver con claridad a cinco kil\u00f3metros de distancia. \u00bfLes sorprende? Quiz\u00e1s. Pero hay algo a\u00fan mejor.<\/em>.<\/p>\n\n\n\n<p><em>Estando en Mil\u00e1n, San Ambrosio pudo ver lo que suced\u00eda en otra ciudad lejana, a pesar de los Alpes; de hecho, anunci\u00f3 la muerte de San Mart\u00edn el mismo d\u00eda y a la misma hora en que exhal\u00f3 su \u00faltimo suspiro.<\/em>.<\/p>\n\n\n\n<p><em>\u00bfDeseas cosas a\u00fan m\u00e1s admirables? San Antonio de Padua, San Felipe Neri, Santa Catalina de Siena y muchos otros vieron en lo m\u00e1s profundo de los corazones, y debemos reconocer que sus ojos eran buenos, pero los hay a\u00fan m\u00e1s penetrantes.<\/em>.<\/p>\n\n\n\n<p><em>Conozco a algunos para quienes nada es un obst\u00e1culo, pues lo ven todo a pesar de la m\u00e1s densa oscuridad y las mayores distancias, algo que no se puede evitar ni escapar. \u00bfY qu\u00e9 clase de ojos son estos? La Sagrada Escritura narra: \u201cLos ojos del Se\u00f1or son m\u00e1s brillantes que el sol; ven todos los caminos de la humanidad y penetran en el profundo abismo\u201d.\u201d<\/em>.<\/p>\n\n\n\n<p><em>Perm\u00edtanme, hermanos m\u00edos, a trav\u00e9s de la Iglesia consagrada especialmente para meditar en las virtudes y hermosas cualidades de Mar\u00eda, recordarles la presencia de Dios, cuyo recuerdo constante presidi\u00f3 todo lo que Nuestra Se\u00f1ora hizo, para que podamos enriquecernos con esta gran virtud, pensando siempre en la presencia de Dios. Que Nuestra Se\u00f1ora nos ayude.<\/em>.<\/p>\n\n\n\n<p><em>Se puede, mediante excusas, evasivas y habilidad, tender un velo ante los ojos de los hombres. As\u00ed fue como Rebeca logr\u00f3 enga\u00f1ar a Isaac con pieles de cabra; as\u00ed fue como Lab\u00e1n logr\u00f3 enga\u00f1ar a Jacob, d\u00e1ndole a Lea en lugar de Raquel; y as\u00ed fue como Joab logr\u00f3 enga\u00f1ar a Amasar con fingidas muestras de amistad.<\/em>.<\/p>\n\n\n\n<p><em>No enga\u00f1en a Dios de esta manera. Por mucho que el hombre disimule, se oculte o se esconda, sus ojos lo penetran todo, y para \u00e9l no hay oscuridad, porque, como dice la Sagrada Escritura: \u201cEl hombre ve las apariencias, pero Dios ve el coraz\u00f3n mismo\u201d.\u201d<\/em>.<\/p>\n\n\n\n<p><em>Hay cosas que no se le pueden quitar a Dios, y una de ellas es su visi\u00f3n omnipresente. Aunque el pecador intente escapar de \u00c9l, escondi\u00e9ndose en las cuevas de las monta\u00f1as, en las profundidades de los bosques m\u00e1s oscuros o en las guaridas de las fieras, aunque invoque una oscuridad m\u00e1s densa que la de Egipto en busca de ayuda, la visi\u00f3n de Dios lo seguir\u00e1 a todas partes, contar\u00e1 todos sus pasos. \u201cSi subo al cielo \u2014dice el salmista\u2014, all\u00ed est\u00e1s t\u00fa; si desciendo a las profundidades, all\u00ed est\u00e1s t\u00fa; si alzo mis alas y habito en los confines del mar, incluso all\u00ed me guiar\u00e1 tu mano\u201d.\u201d<\/em>.<\/p>\n\n\n\n<p><em>Ahora, hermano m\u00edo, si te preguntara si crees en esta verdad, te responder\u00eda que s\u00ed, y te felicito por ello, porque si la crees firmemente, si siempre piensas en esta presencia divina, nunca caer\u00e1s en pecado. San Agust\u00edn te afirma: \u201cNecesitamos vivir conforme a la justicia y la equidad, porque todo lo que hacemos est\u00e1 en presencia del juez, que todo lo ve\u201d.\u201d<\/em>.<\/p>\n\n\n\n<p><\/p>\n\n\n\n<p>** extra\u00eddo del libro de archivo de los Boletines de la Parroquia Sagrados Corazones (en Belo Horizonte\/MG) \u2013 edici\u00f3n 1946\/1947.<\/p>\n\n\n\n<p><\/p>","protected":false},"excerpt":{"rendered":"<p>Deus v\u00ea al\u00e9m das nossas apar\u00eancias, al\u00e9m do que tentamos mostrar para nosso pr\u00f3ximo. Ele conhece nosso cora\u00e7\u00e3o e todas as nossas inten\u00e7\u00f5es. S\u00f3 Ele nos v\u00ea em nossa totalidade. Padre Eust\u00e1quio fala, em um de seus textos, sobre a presen\u00e7a de Deus no meio de n\u00f3s e a vis\u00e3o Dele sobre nossas vidas. Leia trechos do texto abaixo: \u201cNo meio de v\u00f3s esteve Quem v\u00f3s n\u00e3o conheceis\u201d (Jo\u00e3o 1 \u2013 26) Se eu vos perguntasse, meus irm\u00e3os, qual dentre os animais, o que tem a vista mais penetrante responder-me-eis que \u00e9 a \u00e1guia, que pode fitar o pr\u00f3prio sol, [&hellip;]<\/p>\n","protected":false},"author":2,"featured_media":7915,"comment_status":"open","ping_status":"closed","sticky":false,"template":"","format":"standard","meta":{"_acf_changed":false,"footnotes":""},"categories":[611],"tags":[],"class_list":["post-7914","post","type-post","status-publish","format-standard","has-post-thumbnail","hentry","category-noticias"],"acf":[],"yoast_head":"<!-- This site is optimized with the Yoast SEO plugin v27.2 - https:\/\/yoast.com\/product\/yoast-seo-wordpress\/ -->\n<title>Palavras de Padre Eust\u00e1quio - A presen\u00e7a de Deus<\/title>\n<meta name=\"description\" content=\"Padre Eust\u00e1quio fala, em um de seus textos, sobre a presen\u00e7a de Deus no meio de n\u00f3s e a vis\u00e3o Dele sobre nossas vidas. Leia trechos do texto no material especial que preparamos.\" \/>\n<meta name=\"robots\" content=\"index, follow, max-snippet:-1, max-image-preview:large, max-video-preview:-1\" \/>\n<link rel=\"canonical\" href=\"https:\/\/www.padreeustaquio.com.br\/es\/palabras-del-padre-eustace-sobre-la-presencia-de-dios\/\" \/>\n<meta property=\"og:locale\" content=\"es_ES\" \/>\n<meta property=\"og:type\" content=\"article\" \/>\n<meta property=\"og:title\" content=\"Palavras de Padre Eust\u00e1quio - A presen\u00e7a de Deus\" \/>\n<meta property=\"og:description\" content=\"Padre Eust\u00e1quio fala, em um de seus textos, sobre a presen\u00e7a de Deus no meio de n\u00f3s e a vis\u00e3o Dele sobre nossas vidas. Leia trechos do texto no material especial que preparamos.\" \/>\n<meta property=\"og:url\" content=\"https:\/\/www.padreeustaquio.com.br\/es\/palabras-del-padre-eustace-sobre-la-presencia-de-dios\/\" \/>\n<meta property=\"og:site_name\" content=\"Padre Eust\u00e1quio\" \/>\n<meta property=\"article:publisher\" content=\"https:\/\/www.facebook.com\/beatopadreeustaquio\/\" \/>\n<meta property=\"article:published_time\" content=\"2022-01-13T09:08:00+00:00\" \/>\n<meta property=\"og:image\" content=\"https:\/\/www.padreeustaquio.com.br\/wp-content\/uploads\/2022\/01\/Padre-eustaquio-a-presenca-de-deus-olhar-penetrante-de-deus-visao-que-chega-ao-coracao.jpeg\" \/>\n\t<meta property=\"og:image:width\" content=\"1280\" \/>\n\t<meta property=\"og:image:height\" content=\"859\" \/>\n\t<meta property=\"og:image:type\" content=\"image\/jpeg\" \/>\n<meta name=\"author\" content=\"@sscc\" \/>\n<meta name=\"twitter:card\" content=\"summary_large_image\" \/>\n<meta name=\"twitter:creator\" content=\"@beatopeustaquio\" \/>\n<meta name=\"twitter:site\" content=\"@beatopeustaquio\" \/>\n<meta name=\"twitter:label1\" content=\"Escrito por\" \/>\n\t<meta name=\"twitter:data1\" content=\"@sscc\" \/>\n\t<meta name=\"twitter:label2\" content=\"Tiempo de lectura\" \/>\n\t<meta name=\"twitter:data2\" content=\"3 minutos\" \/>\n<script type=\"application\/ld+json\" class=\"yoast-schema-graph\">{\"@context\":\"https:\/\/schema.org\",\"@graph\":[{\"@type\":\"Article\",\"@id\":\"https:\/\/www.padreeustaquio.com.br\/palavras-de-padre-eustaquio-a-presenca-de-deus\/#article\",\"isPartOf\":{\"@id\":\"https:\/\/www.padreeustaquio.com.br\/palavras-de-padre-eustaquio-a-presenca-de-deus\/\"},\"author\":{\"name\":\"@sscc\",\"@id\":\"https:\/\/www.padreeustaquio.com.br\/#\/schema\/person\/a2a51db1d00f1a7af0204a0f1ddb1566\"},\"headline\":\"Palavras de Padre Eust\u00e1quio &#8211; A presen\u00e7a de Deus\",\"datePublished\":\"2022-01-13T09:08:00+00:00\",\"mainEntityOfPage\":{\"@id\":\"https:\/\/www.padreeustaquio.com.br\/palavras-de-padre-eustaquio-a-presenca-de-deus\/\"},\"wordCount\":736,\"commentCount\":0,\"publisher\":{\"@id\":\"https:\/\/www.padreeustaquio.com.br\/#organization\"},\"image\":{\"@id\":\"https:\/\/www.padreeustaquio.com.br\/palavras-de-padre-eustaquio-a-presenca-de-deus\/#primaryimage\"},\"thumbnailUrl\":\"https:\/\/www.padreeustaquio.com.br\/wp-content\/uploads\/2022\/01\/Padre-eustaquio-a-presenca-de-deus-olhar-penetrante-de-deus-visao-que-chega-ao-coracao.jpeg\",\"articleSection\":[\"Not\u00edcias\"],\"inLanguage\":\"es\",\"potentialAction\":[{\"@type\":\"CommentAction\",\"name\":\"Comment\",\"target\":[\"https:\/\/www.padreeustaquio.com.br\/palavras-de-padre-eustaquio-a-presenca-de-deus\/#respond\"]}]},{\"@type\":\"WebPage\",\"@id\":\"https:\/\/www.padreeustaquio.com.br\/palavras-de-padre-eustaquio-a-presenca-de-deus\/\",\"url\":\"https:\/\/www.padreeustaquio.com.br\/palavras-de-padre-eustaquio-a-presenca-de-deus\/\",\"name\":\"Palavras de Padre Eust\u00e1quio - A presen\u00e7a de Deus\",\"isPartOf\":{\"@id\":\"https:\/\/www.padreeustaquio.com.br\/#website\"},\"primaryImageOfPage\":{\"@id\":\"https:\/\/www.padreeustaquio.com.br\/palavras-de-padre-eustaquio-a-presenca-de-deus\/#primaryimage\"},\"image\":{\"@id\":\"https:\/\/www.padreeustaquio.com.br\/palavras-de-padre-eustaquio-a-presenca-de-deus\/#primaryimage\"},\"thumbnailUrl\":\"https:\/\/www.padreeustaquio.com.br\/wp-content\/uploads\/2022\/01\/Padre-eustaquio-a-presenca-de-deus-olhar-penetrante-de-deus-visao-que-chega-ao-coracao.jpeg\",\"datePublished\":\"2022-01-13T09:08:00+00:00\",\"description\":\"Padre Eust\u00e1quio fala, em um de seus textos, sobre a presen\u00e7a de Deus no meio de n\u00f3s e a vis\u00e3o Dele sobre nossas vidas. Leia trechos do texto no material especial que preparamos.\",\"breadcrumb\":{\"@id\":\"https:\/\/www.padreeustaquio.com.br\/palavras-de-padre-eustaquio-a-presenca-de-deus\/#breadcrumb\"},\"inLanguage\":\"es\",\"potentialAction\":[{\"@type\":\"ReadAction\",\"target\":[\"https:\/\/www.padreeustaquio.com.br\/palavras-de-padre-eustaquio-a-presenca-de-deus\/\"]}]},{\"@type\":\"ImageObject\",\"inLanguage\":\"es\",\"@id\":\"https:\/\/www.padreeustaquio.com.br\/palavras-de-padre-eustaquio-a-presenca-de-deus\/#primaryimage\",\"url\":\"https:\/\/www.padreeustaquio.com.br\/wp-content\/uploads\/2022\/01\/Padre-eustaquio-a-presenca-de-deus-olhar-penetrante-de-deus-visao-que-chega-ao-coracao.jpeg\",\"contentUrl\":\"https:\/\/www.padreeustaquio.com.br\/wp-content\/uploads\/2022\/01\/Padre-eustaquio-a-presenca-de-deus-olhar-penetrante-de-deus-visao-que-chega-ao-coracao.jpeg\",\"width\":1280,\"height\":859},{\"@type\":\"BreadcrumbList\",\"@id\":\"https:\/\/www.padreeustaquio.com.br\/palavras-de-padre-eustaquio-a-presenca-de-deus\/#breadcrumb\",\"itemListElement\":[{\"@type\":\"ListItem\",\"position\":1,\"name\":\"In\u00edcio\",\"item\":\"https:\/\/www.padreeustaquio.com.br\/\"},{\"@type\":\"ListItem\",\"position\":2,\"name\":\"Palavras de Padre Eust\u00e1quio &#8211; A presen\u00e7a de Deus\"}]},{\"@type\":\"WebSite\",\"@id\":\"https:\/\/www.padreeustaquio.com.br\/#website\",\"url\":\"https:\/\/www.padreeustaquio.com.br\/\",\"name\":\"Padre Eust\u00e1quio\",\"description\":\"Sa\u00fade e Paz\",\"publisher\":{\"@id\":\"https:\/\/www.padreeustaquio.com.br\/#organization\"},\"potentialAction\":[{\"@type\":\"SearchAction\",\"target\":{\"@type\":\"EntryPoint\",\"urlTemplate\":\"https:\/\/www.padreeustaquio.com.br\/?s={search_term_string}\"},\"query-input\":{\"@type\":\"PropertyValueSpecification\",\"valueRequired\":true,\"valueName\":\"search_term_string\"}}],\"inLanguage\":\"es\"},{\"@type\":\"Organization\",\"@id\":\"https:\/\/www.padreeustaquio.com.br\/#organization\",\"name\":\"Padre Eust\u00e1quio\",\"url\":\"https:\/\/www.padreeustaquio.com.br\/\",\"logo\":{\"@type\":\"ImageObject\",\"inLanguage\":\"es\",\"@id\":\"https:\/\/www.padreeustaquio.com.br\/#\/schema\/logo\/image\/\",\"url\":\"https:\/\/www.padreeustaquio.com.br\/wp-content\/uploads\/2019\/08\/marca.png\",\"contentUrl\":\"https:\/\/www.padreeustaquio.com.br\/wp-content\/uploads\/2019\/08\/marca.png\",\"width\":350,\"height\":400,\"caption\":\"Padre Eust\u00e1quio\"},\"image\":{\"@id\":\"https:\/\/www.padreeustaquio.com.br\/#\/schema\/logo\/image\/\"},\"sameAs\":[\"https:\/\/www.facebook.com\/beatopadreeustaquio\/\",\"https:\/\/x.com\/beatopeustaquio\",\"https:\/\/www.instagram.com\/beatopadreeustaquio\/\",\"https:\/\/www.youtube.com\/channel\/UCRhw7vfabnajwLxb1ZXMeIw\"]},{\"@type\":\"Person\",\"@id\":\"https:\/\/www.padreeustaquio.com.br\/#\/schema\/person\/a2a51db1d00f1a7af0204a0f1ddb1566\",\"name\":\"@sscc\",\"image\":{\"@type\":\"ImageObject\",\"inLanguage\":\"es\",\"@id\":\"https:\/\/secure.gravatar.com\/avatar\/68cfafa5f44617fea54071e215026e0ff06be366c3d54a8425f04fdcb86f8c5f?s=96&d=mm&r=g\",\"url\":\"https:\/\/secure.gravatar.com\/avatar\/68cfafa5f44617fea54071e215026e0ff06be366c3d54a8425f04fdcb86f8c5f?s=96&d=mm&r=g\",\"contentUrl\":\"https:\/\/secure.gravatar.com\/avatar\/68cfafa5f44617fea54071e215026e0ff06be366c3d54a8425f04fdcb86f8c5f?s=96&d=mm&r=g\",\"caption\":\"@sscc\"},\"url\":\"https:\/\/www.padreeustaquio.com.br\/es\/author\/sscc\/\"}]}<\/script>\n<!-- \/ Yoast SEO plugin. -->","yoast_head_json":{"title":"Palabras del Padre Eust\u00e1quio - La presencia de Dios","description":"El Padre Eust\u00e1quio habla, en uno de sus textos, sobre la presencia de Dios entre nosotros y su visi\u00f3n para nuestras vidas. Lea fragmentos del texto en el material especial que hemos preparado.","robots":{"index":"index","follow":"follow","max-snippet":"max-snippet:-1","max-image-preview":"max-image-preview:large","max-video-preview":"max-video-preview:-1"},"canonical":"https:\/\/www.padreeustaquio.com.br\/es\/palabras-del-padre-eustace-sobre-la-presencia-de-dios\/","og_locale":"es_ES","og_type":"article","og_title":"Palavras de Padre Eust\u00e1quio - A presen\u00e7a de Deus","og_description":"Padre Eust\u00e1quio fala, em um de seus textos, sobre a presen\u00e7a de Deus no meio de n\u00f3s e a vis\u00e3o Dele sobre nossas vidas. Leia trechos do texto no material especial que preparamos.","og_url":"https:\/\/www.padreeustaquio.com.br\/es\/palabras-del-padre-eustace-sobre-la-presencia-de-dios\/","og_site_name":"Padre Eust\u00e1quio","article_publisher":"https:\/\/www.facebook.com\/beatopadreeustaquio\/","article_published_time":"2022-01-13T09:08:00+00:00","og_image":[{"width":1280,"height":859,"url":"https:\/\/www.padreeustaquio.com.br\/wp-content\/uploads\/2022\/01\/Padre-eustaquio-a-presenca-de-deus-olhar-penetrante-de-deus-visao-que-chega-ao-coracao.jpeg","type":"image\/jpeg"}],"author":"@sscc","twitter_card":"summary_large_image","twitter_creator":"@beatopeustaquio","twitter_site":"@beatopeustaquio","twitter_misc":{"Escrito por":"@sscc","Tiempo de lectura":"3 minutos"},"schema":{"@context":"https:\/\/schema.org","@graph":[{"@type":"Article","@id":"https:\/\/www.padreeustaquio.com.br\/palavras-de-padre-eustaquio-a-presenca-de-deus\/#article","isPartOf":{"@id":"https:\/\/www.padreeustaquio.com.br\/palavras-de-padre-eustaquio-a-presenca-de-deus\/"},"author":{"name":"@sscc","@id":"https:\/\/www.padreeustaquio.com.br\/#\/schema\/person\/a2a51db1d00f1a7af0204a0f1ddb1566"},"headline":"Palavras de Padre Eust\u00e1quio &#8211; A presen\u00e7a de Deus","datePublished":"2022-01-13T09:08:00+00:00","mainEntityOfPage":{"@id":"https:\/\/www.padreeustaquio.com.br\/palavras-de-padre-eustaquio-a-presenca-de-deus\/"},"wordCount":736,"commentCount":0,"publisher":{"@id":"https:\/\/www.padreeustaquio.com.br\/#organization"},"image":{"@id":"https:\/\/www.padreeustaquio.com.br\/palavras-de-padre-eustaquio-a-presenca-de-deus\/#primaryimage"},"thumbnailUrl":"https:\/\/www.padreeustaquio.com.br\/wp-content\/uploads\/2022\/01\/Padre-eustaquio-a-presenca-de-deus-olhar-penetrante-de-deus-visao-que-chega-ao-coracao.jpeg","articleSection":["Not\u00edcias"],"inLanguage":"es","potentialAction":[{"@type":"CommentAction","name":"Comment","target":["https:\/\/www.padreeustaquio.com.br\/palavras-de-padre-eustaquio-a-presenca-de-deus\/#respond"]}]},{"@type":"WebPage","@id":"https:\/\/www.padreeustaquio.com.br\/palavras-de-padre-eustaquio-a-presenca-de-deus\/","url":"https:\/\/www.padreeustaquio.com.br\/palavras-de-padre-eustaquio-a-presenca-de-deus\/","name":"Palabras del Padre Eust\u00e1quio - La presencia de Dios","isPartOf":{"@id":"https:\/\/www.padreeustaquio.com.br\/#website"},"primaryImageOfPage":{"@id":"https:\/\/www.padreeustaquio.com.br\/palavras-de-padre-eustaquio-a-presenca-de-deus\/#primaryimage"},"image":{"@id":"https:\/\/www.padreeustaquio.com.br\/palavras-de-padre-eustaquio-a-presenca-de-deus\/#primaryimage"},"thumbnailUrl":"https:\/\/www.padreeustaquio.com.br\/wp-content\/uploads\/2022\/01\/Padre-eustaquio-a-presenca-de-deus-olhar-penetrante-de-deus-visao-que-chega-ao-coracao.jpeg","datePublished":"2022-01-13T09:08:00+00:00","description":"El Padre Eust\u00e1quio habla, en uno de sus textos, sobre la presencia de Dios entre nosotros y su visi\u00f3n para nuestras vidas. Lea fragmentos del texto en el material especial que hemos preparado.","breadcrumb":{"@id":"https:\/\/www.padreeustaquio.com.br\/palavras-de-padre-eustaquio-a-presenca-de-deus\/#breadcrumb"},"inLanguage":"es","potentialAction":[{"@type":"ReadAction","target":["https:\/\/www.padreeustaquio.com.br\/palavras-de-padre-eustaquio-a-presenca-de-deus\/"]}]},{"@type":"ImageObject","inLanguage":"es","@id":"https:\/\/www.padreeustaquio.com.br\/palavras-de-padre-eustaquio-a-presenca-de-deus\/#primaryimage","url":"https:\/\/www.padreeustaquio.com.br\/wp-content\/uploads\/2022\/01\/Padre-eustaquio-a-presenca-de-deus-olhar-penetrante-de-deus-visao-que-chega-ao-coracao.jpeg","contentUrl":"https:\/\/www.padreeustaquio.com.br\/wp-content\/uploads\/2022\/01\/Padre-eustaquio-a-presenca-de-deus-olhar-penetrante-de-deus-visao-que-chega-ao-coracao.jpeg","width":1280,"height":859},{"@type":"BreadcrumbList","@id":"https:\/\/www.padreeustaquio.com.br\/palavras-de-padre-eustaquio-a-presenca-de-deus\/#breadcrumb","itemListElement":[{"@type":"ListItem","position":1,"name":"In\u00edcio","item":"https:\/\/www.padreeustaquio.com.br\/"},{"@type":"ListItem","position":2,"name":"Palavras de Padre Eust\u00e1quio &#8211; A presen\u00e7a de Deus"}]},{"@type":"WebSite","@id":"https:\/\/www.padreeustaquio.com.br\/#website","url":"https:\/\/www.padreeustaquio.com.br\/","name":"Padre Eustace","description":"Salud y Paz","publisher":{"@id":"https:\/\/www.padreeustaquio.com.br\/#organization"},"potentialAction":[{"@type":"SearchAction","target":{"@type":"EntryPoint","urlTemplate":"https:\/\/www.padreeustaquio.com.br\/?s={search_term_string}"},"query-input":{"@type":"PropertyValueSpecification","valueRequired":true,"valueName":"search_term_string"}}],"inLanguage":"es"},{"@type":"Organization","@id":"https:\/\/www.padreeustaquio.com.br\/#organization","name":"Padre Eustace","url":"https:\/\/www.padreeustaquio.com.br\/","logo":{"@type":"ImageObject","inLanguage":"es","@id":"https:\/\/www.padreeustaquio.com.br\/#\/schema\/logo\/image\/","url":"https:\/\/www.padreeustaquio.com.br\/wp-content\/uploads\/2019\/08\/marca.png","contentUrl":"https:\/\/www.padreeustaquio.com.br\/wp-content\/uploads\/2019\/08\/marca.png","width":350,"height":400,"caption":"Padre Eust\u00e1quio"},"image":{"@id":"https:\/\/www.padreeustaquio.com.br\/#\/schema\/logo\/image\/"},"sameAs":["https:\/\/www.facebook.com\/beatopadreeustaquio\/","https:\/\/x.com\/beatopeustaquio","https:\/\/www.instagram.com\/beatopadreeustaquio\/","https:\/\/www.youtube.com\/channel\/UCRhw7vfabnajwLxb1ZXMeIw"]},{"@type":"Person","@id":"https:\/\/www.padreeustaquio.com.br\/#\/schema\/person\/a2a51db1d00f1a7af0204a0f1ddb1566","name":"@sscc","image":{"@type":"ImageObject","inLanguage":"es","@id":"https:\/\/secure.gravatar.com\/avatar\/68cfafa5f44617fea54071e215026e0ff06be366c3d54a8425f04fdcb86f8c5f?s=96&d=mm&r=g","url":"https:\/\/secure.gravatar.com\/avatar\/68cfafa5f44617fea54071e215026e0ff06be366c3d54a8425f04fdcb86f8c5f?s=96&d=mm&r=g","contentUrl":"https:\/\/secure.gravatar.com\/avatar\/68cfafa5f44617fea54071e215026e0ff06be366c3d54a8425f04fdcb86f8c5f?s=96&d=mm&r=g","caption":"@sscc"},"url":"https:\/\/www.padreeustaquio.com.br\/es\/author\/sscc\/"}]}},"_links":{"self":[{"href":"https:\/\/www.padreeustaquio.com.br\/es\/wp-json\/wp\/v2\/posts\/7914","targetHints":{"allow":["GET"]}}],"collection":[{"href":"https:\/\/www.padreeustaquio.com.br\/es\/wp-json\/wp\/v2\/posts"}],"about":[{"href":"https:\/\/www.padreeustaquio.com.br\/es\/wp-json\/wp\/v2\/types\/post"}],"author":[{"embeddable":true,"href":"https:\/\/www.padreeustaquio.com.br\/es\/wp-json\/wp\/v2\/users\/2"}],"replies":[{"embeddable":true,"href":"https:\/\/www.padreeustaquio.com.br\/es\/wp-json\/wp\/v2\/comments?post=7914"}],"version-history":[{"count":0,"href":"https:\/\/www.padreeustaquio.com.br\/es\/wp-json\/wp\/v2\/posts\/7914\/revisions"}],"wp:featuredmedia":[{"embeddable":true,"href":"https:\/\/www.padreeustaquio.com.br\/es\/wp-json\/wp\/v2\/media\/7915"}],"wp:attachment":[{"href":"https:\/\/www.padreeustaquio.com.br\/es\/wp-json\/wp\/v2\/media?parent=7914"}],"wp:term":[{"taxonomy":"category","embeddable":true,"href":"https:\/\/www.padreeustaquio.com.br\/es\/wp-json\/wp\/v2\/categories?post=7914"},{"taxonomy":"post_tag","embeddable":true,"href":"https:\/\/www.padreeustaquio.com.br\/es\/wp-json\/wp\/v2\/tags?post=7914"}],"curies":[{"name":"wp","href":"https:\/\/api.w.org\/{rel}","templated":true}]}}