{"id":7896,"date":"2022-01-06T05:23:00","date_gmt":"2022-01-06T08:23:00","guid":{"rendered":"https:\/\/www.padreeustaquio.com.br\/?p=7896"},"modified":"2022-01-05T10:20:12","modified_gmt":"2022-01-05T13:20:12","slug":"palabras-del-padre-eustace-el-valor-del-tiempo-santificando-nuestro-trabajo","status":"publish","type":"post","link":"https:\/\/www.padreeustaquio.com.br\/es\/palabras-del-padre-eustace-el-valor-del-tiempo-santificando-nuestro-trabajo\/","title":{"rendered":"Palabras del Padre Eust\u00e1quio \u2013 El valor del tiempo: santificar nuestro trabajo"},"content":{"rendered":"<p>\u00bfC\u00f3mo pasas tu tiempo cada d\u00eda? \u00bfTu vida est\u00e1 llena de oraci\u00f3n y trabajo, con total dedicaci\u00f3n a tus hermanos y hermanas, o es una vida sin tiempo para ocuparte de las cosas de Dios?<\/p>\n\n\n\n<p>Nuestra santificaci\u00f3n ante Dios no se lograr\u00e1 con grandes obras, sino con las peque\u00f1as labores de nuestra vida diaria, como en la vida de la Sagrada Familia. Viv\u00edan en la sencillez de su trabajo y fueron santificados por \u00e9l. Que tambi\u00e9n seamos santificados por las peque\u00f1as cosas que hacemos, por peque\u00f1os actos de amor al pr\u00f3jimo y de honra al Se\u00f1or.<\/p>\n\n\n\n<p>En uno de sus textos, el Padre Eust\u00e1quio reflexiona sobre el valor del tiempo y la santificaci\u00f3n de nuestro trabajo. Lea el texto completo a continuaci\u00f3n:<\/p>\n\n\n\n<p><em>El valor del tiempo: santificando nuestro trabajo.<\/em><\/p>\n\n\n\n<p><em>Entremos en la casa de Nazaret, la casa de la Sagrada Familia. Veremos a Mar\u00eda sentada junto a su rueca, a San Jos\u00e9 y al Hijo de Dios ocupados en su taller. Trabajan con placer, con la mayor seriedad. Mar\u00eda teje con fuerza, San Jos\u00e9 entrega una obra perfecta a tiempo. No deber\u00eda sorprendernos que personas tan santas trabajaran. Es bueno que el hombre se ocupe del trabajo.<\/em><\/p>\n\n\n\n<p><em>La maldici\u00f3n del pecado: \u201cComer\u00e1s el pan con el sudor de tu frente\u201d. Jes\u00fas la acept\u00f3 por nuestro amor. Mar\u00eda, libre de pecado, soport\u00f3 las consecuencias del pecado.<\/em><\/p>\n\n\n\n<p><em>Lo que admiramos es la obra humana que realizan. Buscamos en vano hechos gloriosos en la vida de la Sagrada Familia. La vida de Jes\u00fas, hasta los treinta a\u00f1os, no present\u00f3 nada extraordinario. Con esto, nos ense\u00f1\u00f3 que el trabajo humilde ser\u00e1 la mayor riqueza de nuestras vidas y, en consecuencia, quienes estamos en la tierra para servir a Dios debemos hacerlo mediante el trabajo humilde. Son pocos los que, de vez en cuando, logran algo extraordinario.<\/em><\/p>\n\n\n\n<p><em>A menudo pensamos lo contrario. Desperdiciamos peque\u00f1as oportunidades, esperando en vano que sucedan cosas m\u00e1s importantes.<\/em>.<\/p>\n\n\n\n<p><em>Cu\u00e1ntas veces decimos: \u00abSi fuera rico\u2026 dar\u00eda esto o aquello para ayudar a los dem\u00e1s\u00bb, y sin embargo, olvidamos dar lo poco que tenemos a los necesitados. Si fuera monja, \u00a1con cu\u00e1nto cuidado y devoci\u00f3n atender\u00eda a los enfermos!, y sin embargo, pasamos por la puerta de nuestros vecinos enfermos sin tenderles la mano. Si fuera monja, \u00a1c\u00f3mo rezar\u00eda tras los muros del convento! Sin embargo, no queremos rezar nuestras oraciones de la ma\u00f1ana y de la tarde.<\/em>.<\/p>\n\n\n\n<p><em>Deseamos hacer cosas que nunca podemos hacer y descuidamos lo que debemos hacer. Las cosas comunes son los pelda\u00f1os de la escalera que nos lleva a Dios. Estas no son solo oraciones y deberes religiosos, como muchos creen, sino tambi\u00e9n trabajar, caminar, dormir, comer y beber, seg\u00fan la palabra del ap\u00f3stol. Debemos hacer todo para la mayor gloria de Dios, para salvar nuestras almas. De todo, Dios nos exigir\u00e1 cuentas estrictas.<\/em><\/p>\n\n\n\n<p><em>En el juicio final, no se nos preguntar\u00e1 si fuimos reyes o payasos, sino si hicimos bien lo que ten\u00edamos que hacer, si desempe\u00f1amos bien nuestro papel en el gran teatro del mundo, no solo en la iglesia, sino tambi\u00e9n fuera de ella. \u00bfQu\u00e9 hicimos con nuestro tiempo? \u00bfLo perdimos demasiado? \u00bfLo aprovechamos al m\u00e1ximo, como un rico aprovecha al m\u00e1ximo su dinero? \u00bfO lo perdimos en cosas sin valor? En conversaciones necias, calumnias o acusaciones pecaminosas. Es necesario comprender ahora el valor del tiempo, porque en el juicio final ser\u00e1 demasiado tarde. En cada segundo de tiempo podemos enriquecer nuestra alma, elevarla del pecado a Dios. As\u00ed entendemos que San Alfonso jur\u00f3 no perder ni un minuto de su tiempo.<\/em><\/p>\n\n\n\n<p><em>Concluimos con las palabras de San Pablo: \u201cY todo lo que hac\u00e9is, sea de palabra o de obra, hacedlo todo en el nombre del Se\u00f1or Jes\u00fas, dando gracias a Dios Padre por medio de \u00e9l\u201d.<\/em><\/p>\n\n\n\n<p><\/p>\n\n\n\n<p>***escritos del Padre Eust\u00e1quio extra\u00eddos del archivo del Bolet\u00edn de la Parroquia de los Sagrados Corazones, en Belo Horizonte.<\/p>\n\n\n\n<p><\/p>","protected":false},"excerpt":{"rendered":"<p>Como voc\u00ea ocupa o seu tempo no seu dia a dia? Sua vida est\u00e1 sendo de ora\u00e7\u00e3o e trabalho, de entrega total aos seus irm\u00e3os, ou est\u00e1 sendo uma vida sem tempo para lidar com as coisas de Deus? Nossa santifica\u00e7\u00e3o diante de Deus n\u00e3o se dar\u00e1 atrav\u00e9s de grandes feitos, mas do pequeno trabalho do nosso cotidiano, assim como foi na vida da Sagrada Fam\u00edlia. Eles viveram na simplicidade de seus trabalhos e foram santificados por isso. Sejamos tamb\u00e9m santificados pelas pequenas coisas que fazemos, pelos pequenos atos de amor ao pr\u00f3ximo e de honra ao Senhor. Em um [&hellip;]<\/p>\n","protected":false},"author":2,"featured_media":7897,"comment_status":"open","ping_status":"closed","sticky":false,"template":"","format":"standard","meta":{"_acf_changed":false,"footnotes":""},"categories":[611],"tags":[],"class_list":["post-7896","post","type-post","status-publish","format-standard","has-post-thumbnail","hentry","category-noticias"],"acf":[],"yoast_head":"<!-- This site is optimized with the Yoast SEO plugin v27.2 - https:\/\/yoast.com\/product\/yoast-seo-wordpress\/ -->\n<title>Palavras do Padre Eust\u00e1quio - O valor do tempo: santificar o nosso trabalho<\/title>\n<meta name=\"description\" content=\"Como voc\u00ea ocupa o seu tempo no seu dia a dia? Sua vida est\u00e1 sendo de ora\u00e7\u00e3o e trabalho, de entrega total aos seus irm\u00e3os, ou est\u00e1 sendo uma vida sem tempo para lidar com as coisas de Deus? Veja um dos escritos de Padre Eust\u00e1quio sobre este assunto.\" \/>\n<meta name=\"robots\" content=\"index, follow, max-snippet:-1, max-image-preview:large, max-video-preview:-1\" \/>\n<link rel=\"canonical\" href=\"https:\/\/www.padreeustaquio.com.br\/es\/palabras-del-padre-eustace-el-valor-del-tiempo-santificando-nuestro-trabajo\/\" \/>\n<meta property=\"og:locale\" content=\"es_ES\" \/>\n<meta property=\"og:type\" content=\"article\" \/>\n<meta property=\"og:title\" content=\"Palavras do Padre Eust\u00e1quio - O valor do tempo: santificar o nosso trabalho\" \/>\n<meta property=\"og:description\" content=\"Como voc\u00ea ocupa o seu tempo no seu dia a dia? Sua vida est\u00e1 sendo de ora\u00e7\u00e3o e trabalho, de entrega total aos seus irm\u00e3os, ou est\u00e1 sendo uma vida sem tempo para lidar com as coisas de Deus? Veja um dos escritos de Padre Eust\u00e1quio sobre este assunto.\" \/>\n<meta property=\"og:url\" content=\"https:\/\/www.padreeustaquio.com.br\/es\/palabras-del-padre-eustace-el-valor-del-tiempo-santificando-nuestro-trabajo\/\" \/>\n<meta property=\"og:site_name\" content=\"Padre Eust\u00e1quio\" \/>\n<meta property=\"article:publisher\" content=\"https:\/\/www.facebook.com\/beatopadreeustaquio\/\" \/>\n<meta property=\"article:published_time\" content=\"2022-01-06T08:23:00+00:00\" \/>\n<meta property=\"og:image\" content=\"https:\/\/www.padreeustaquio.com.br\/wp-content\/uploads\/2022\/01\/Padre-eustaquio-rezando-senhor-dos-passos-em-poa-sao-paulo.jpeg\" \/>\n\t<meta property=\"og:image:width\" content=\"957\" \/>\n\t<meta property=\"og:image:height\" content=\"631\" \/>\n\t<meta property=\"og:image:type\" content=\"image\/jpeg\" \/>\n<meta name=\"author\" content=\"@sscc\" \/>\n<meta name=\"twitter:card\" content=\"summary_large_image\" \/>\n<meta name=\"twitter:creator\" content=\"@beatopeustaquio\" \/>\n<meta name=\"twitter:site\" content=\"@beatopeustaquio\" \/>\n<meta name=\"twitter:label1\" content=\"Escrito por\" \/>\n\t<meta name=\"twitter:data1\" content=\"@sscc\" \/>\n\t<meta name=\"twitter:label2\" content=\"Tiempo de lectura\" \/>\n\t<meta name=\"twitter:data2\" content=\"3 minutos\" \/>\n<script type=\"application\/ld+json\" class=\"yoast-schema-graph\">{\"@context\":\"https:\/\/schema.org\",\"@graph\":[{\"@type\":\"Article\",\"@id\":\"https:\/\/www.padreeustaquio.com.br\/palavras-do-padre-eustaquio-o-valor-do-tempo-santificar-o-nosso-trabalho\/#article\",\"isPartOf\":{\"@id\":\"https:\/\/www.padreeustaquio.com.br\/palavras-do-padre-eustaquio-o-valor-do-tempo-santificar-o-nosso-trabalho\/\"},\"author\":{\"name\":\"@sscc\",\"@id\":\"https:\/\/www.padreeustaquio.com.br\/#\/schema\/person\/a2a51db1d00f1a7af0204a0f1ddb1566\"},\"headline\":\"Palavras do Padre Eust\u00e1quio &#8211; O valor do tempo: santificar o nosso trabalho\",\"datePublished\":\"2022-01-06T08:23:00+00:00\",\"mainEntityOfPage\":{\"@id\":\"https:\/\/www.padreeustaquio.com.br\/palavras-do-padre-eustaquio-o-valor-do-tempo-santificar-o-nosso-trabalho\/\"},\"wordCount\":713,\"commentCount\":0,\"publisher\":{\"@id\":\"https:\/\/www.padreeustaquio.com.br\/#organization\"},\"image\":{\"@id\":\"https:\/\/www.padreeustaquio.com.br\/palavras-do-padre-eustaquio-o-valor-do-tempo-santificar-o-nosso-trabalho\/#primaryimage\"},\"thumbnailUrl\":\"https:\/\/www.padreeustaquio.com.br\/wp-content\/uploads\/2022\/01\/Padre-eustaquio-rezando-senhor-dos-passos-em-poa-sao-paulo.jpeg\",\"articleSection\":[\"Not\u00edcias\"],\"inLanguage\":\"es\",\"potentialAction\":[{\"@type\":\"CommentAction\",\"name\":\"Comment\",\"target\":[\"https:\/\/www.padreeustaquio.com.br\/palavras-do-padre-eustaquio-o-valor-do-tempo-santificar-o-nosso-trabalho\/#respond\"]}]},{\"@type\":\"WebPage\",\"@id\":\"https:\/\/www.padreeustaquio.com.br\/palavras-do-padre-eustaquio-o-valor-do-tempo-santificar-o-nosso-trabalho\/\",\"url\":\"https:\/\/www.padreeustaquio.com.br\/palavras-do-padre-eustaquio-o-valor-do-tempo-santificar-o-nosso-trabalho\/\",\"name\":\"Palavras do Padre Eust\u00e1quio - O valor do tempo: santificar o nosso trabalho\",\"isPartOf\":{\"@id\":\"https:\/\/www.padreeustaquio.com.br\/#website\"},\"primaryImageOfPage\":{\"@id\":\"https:\/\/www.padreeustaquio.com.br\/palavras-do-padre-eustaquio-o-valor-do-tempo-santificar-o-nosso-trabalho\/#primaryimage\"},\"image\":{\"@id\":\"https:\/\/www.padreeustaquio.com.br\/palavras-do-padre-eustaquio-o-valor-do-tempo-santificar-o-nosso-trabalho\/#primaryimage\"},\"thumbnailUrl\":\"https:\/\/www.padreeustaquio.com.br\/wp-content\/uploads\/2022\/01\/Padre-eustaquio-rezando-senhor-dos-passos-em-poa-sao-paulo.jpeg\",\"datePublished\":\"2022-01-06T08:23:00+00:00\",\"description\":\"Como voc\u00ea ocupa o seu tempo no seu dia a dia? Sua vida est\u00e1 sendo de ora\u00e7\u00e3o e trabalho, de entrega total aos seus irm\u00e3os, ou est\u00e1 sendo uma vida sem tempo para lidar com as coisas de Deus? Veja um dos escritos de Padre Eust\u00e1quio sobre este assunto.\",\"breadcrumb\":{\"@id\":\"https:\/\/www.padreeustaquio.com.br\/palavras-do-padre-eustaquio-o-valor-do-tempo-santificar-o-nosso-trabalho\/#breadcrumb\"},\"inLanguage\":\"es\",\"potentialAction\":[{\"@type\":\"ReadAction\",\"target\":[\"https:\/\/www.padreeustaquio.com.br\/palavras-do-padre-eustaquio-o-valor-do-tempo-santificar-o-nosso-trabalho\/\"]}]},{\"@type\":\"ImageObject\",\"inLanguage\":\"es\",\"@id\":\"https:\/\/www.padreeustaquio.com.br\/palavras-do-padre-eustaquio-o-valor-do-tempo-santificar-o-nosso-trabalho\/#primaryimage\",\"url\":\"https:\/\/www.padreeustaquio.com.br\/wp-content\/uploads\/2022\/01\/Padre-eustaquio-rezando-senhor-dos-passos-em-poa-sao-paulo.jpeg\",\"contentUrl\":\"https:\/\/www.padreeustaquio.com.br\/wp-content\/uploads\/2022\/01\/Padre-eustaquio-rezando-senhor-dos-passos-em-poa-sao-paulo.jpeg\",\"width\":957,\"height\":631,\"caption\":\"Padre Eust\u00e1quio, com seu coadjutor, rezando ao Senhor dos Passos, em Po\u00e1-SP\"},{\"@type\":\"BreadcrumbList\",\"@id\":\"https:\/\/www.padreeustaquio.com.br\/palavras-do-padre-eustaquio-o-valor-do-tempo-santificar-o-nosso-trabalho\/#breadcrumb\",\"itemListElement\":[{\"@type\":\"ListItem\",\"position\":1,\"name\":\"In\u00edcio\",\"item\":\"https:\/\/www.padreeustaquio.com.br\/\"},{\"@type\":\"ListItem\",\"position\":2,\"name\":\"Palavras do Padre Eust\u00e1quio &#8211; O valor do tempo: santificar o nosso trabalho\"}]},{\"@type\":\"WebSite\",\"@id\":\"https:\/\/www.padreeustaquio.com.br\/#website\",\"url\":\"https:\/\/www.padreeustaquio.com.br\/\",\"name\":\"Padre Eust\u00e1quio\",\"description\":\"Sa\u00fade e Paz\",\"publisher\":{\"@id\":\"https:\/\/www.padreeustaquio.com.br\/#organization\"},\"potentialAction\":[{\"@type\":\"SearchAction\",\"target\":{\"@type\":\"EntryPoint\",\"urlTemplate\":\"https:\/\/www.padreeustaquio.com.br\/?s={search_term_string}\"},\"query-input\":{\"@type\":\"PropertyValueSpecification\",\"valueRequired\":true,\"valueName\":\"search_term_string\"}}],\"inLanguage\":\"es\"},{\"@type\":\"Organization\",\"@id\":\"https:\/\/www.padreeustaquio.com.br\/#organization\",\"name\":\"Padre Eust\u00e1quio\",\"url\":\"https:\/\/www.padreeustaquio.com.br\/\",\"logo\":{\"@type\":\"ImageObject\",\"inLanguage\":\"es\",\"@id\":\"https:\/\/www.padreeustaquio.com.br\/#\/schema\/logo\/image\/\",\"url\":\"https:\/\/www.padreeustaquio.com.br\/wp-content\/uploads\/2019\/08\/marca.png\",\"contentUrl\":\"https:\/\/www.padreeustaquio.com.br\/wp-content\/uploads\/2019\/08\/marca.png\",\"width\":350,\"height\":400,\"caption\":\"Padre Eust\u00e1quio\"},\"image\":{\"@id\":\"https:\/\/www.padreeustaquio.com.br\/#\/schema\/logo\/image\/\"},\"sameAs\":[\"https:\/\/www.facebook.com\/beatopadreeustaquio\/\",\"https:\/\/x.com\/beatopeustaquio\",\"https:\/\/www.instagram.com\/beatopadreeustaquio\/\",\"https:\/\/www.youtube.com\/channel\/UCRhw7vfabnajwLxb1ZXMeIw\"]},{\"@type\":\"Person\",\"@id\":\"https:\/\/www.padreeustaquio.com.br\/#\/schema\/person\/a2a51db1d00f1a7af0204a0f1ddb1566\",\"name\":\"@sscc\",\"image\":{\"@type\":\"ImageObject\",\"inLanguage\":\"es\",\"@id\":\"https:\/\/secure.gravatar.com\/avatar\/68cfafa5f44617fea54071e215026e0ff06be366c3d54a8425f04fdcb86f8c5f?s=96&d=mm&r=g\",\"url\":\"https:\/\/secure.gravatar.com\/avatar\/68cfafa5f44617fea54071e215026e0ff06be366c3d54a8425f04fdcb86f8c5f?s=96&d=mm&r=g\",\"contentUrl\":\"https:\/\/secure.gravatar.com\/avatar\/68cfafa5f44617fea54071e215026e0ff06be366c3d54a8425f04fdcb86f8c5f?s=96&d=mm&r=g\",\"caption\":\"@sscc\"},\"url\":\"https:\/\/www.padreeustaquio.com.br\/es\/author\/sscc\/\"}]}<\/script>\n<!-- \/ Yoast SEO plugin. -->","yoast_head_json":{"title":"Palabras del Padre Eust\u00e1quio - El valor del tiempo: santificar nuestro trabajo","description":"\u00bfC\u00f3mo inviertes tu tiempo en tu vida diaria? \u00bfEs tu vida una vida de oraci\u00f3n y trabajo, de total dedicaci\u00f3n a tus hermanos y hermanas, o es una vida sin tiempo para ocuparte de las cosas de Dios? Consulta uno de los escritos del Padre Eust\u00e1quio sobre este tema.","robots":{"index":"index","follow":"follow","max-snippet":"max-snippet:-1","max-image-preview":"max-image-preview:large","max-video-preview":"max-video-preview:-1"},"canonical":"https:\/\/www.padreeustaquio.com.br\/es\/palabras-del-padre-eustace-el-valor-del-tiempo-santificando-nuestro-trabajo\/","og_locale":"es_ES","og_type":"article","og_title":"Palavras do Padre Eust\u00e1quio - O valor do tempo: santificar o nosso trabalho","og_description":"Como voc\u00ea ocupa o seu tempo no seu dia a dia? Sua vida est\u00e1 sendo de ora\u00e7\u00e3o e trabalho, de entrega total aos seus irm\u00e3os, ou est\u00e1 sendo uma vida sem tempo para lidar com as coisas de Deus? Veja um dos escritos de Padre Eust\u00e1quio sobre este assunto.","og_url":"https:\/\/www.padreeustaquio.com.br\/es\/palabras-del-padre-eustace-el-valor-del-tiempo-santificando-nuestro-trabajo\/","og_site_name":"Padre Eust\u00e1quio","article_publisher":"https:\/\/www.facebook.com\/beatopadreeustaquio\/","article_published_time":"2022-01-06T08:23:00+00:00","og_image":[{"width":957,"height":631,"url":"https:\/\/www.padreeustaquio.com.br\/wp-content\/uploads\/2022\/01\/Padre-eustaquio-rezando-senhor-dos-passos-em-poa-sao-paulo.jpeg","type":"image\/jpeg"}],"author":"@sscc","twitter_card":"summary_large_image","twitter_creator":"@beatopeustaquio","twitter_site":"@beatopeustaquio","twitter_misc":{"Escrito por":"@sscc","Tiempo de lectura":"3 minutos"},"schema":{"@context":"https:\/\/schema.org","@graph":[{"@type":"Article","@id":"https:\/\/www.padreeustaquio.com.br\/palavras-do-padre-eustaquio-o-valor-do-tempo-santificar-o-nosso-trabalho\/#article","isPartOf":{"@id":"https:\/\/www.padreeustaquio.com.br\/palavras-do-padre-eustaquio-o-valor-do-tempo-santificar-o-nosso-trabalho\/"},"author":{"name":"@sscc","@id":"https:\/\/www.padreeustaquio.com.br\/#\/schema\/person\/a2a51db1d00f1a7af0204a0f1ddb1566"},"headline":"Palavras do Padre Eust\u00e1quio &#8211; O valor do tempo: santificar o nosso trabalho","datePublished":"2022-01-06T08:23:00+00:00","mainEntityOfPage":{"@id":"https:\/\/www.padreeustaquio.com.br\/palavras-do-padre-eustaquio-o-valor-do-tempo-santificar-o-nosso-trabalho\/"},"wordCount":713,"commentCount":0,"publisher":{"@id":"https:\/\/www.padreeustaquio.com.br\/#organization"},"image":{"@id":"https:\/\/www.padreeustaquio.com.br\/palavras-do-padre-eustaquio-o-valor-do-tempo-santificar-o-nosso-trabalho\/#primaryimage"},"thumbnailUrl":"https:\/\/www.padreeustaquio.com.br\/wp-content\/uploads\/2022\/01\/Padre-eustaquio-rezando-senhor-dos-passos-em-poa-sao-paulo.jpeg","articleSection":["Not\u00edcias"],"inLanguage":"es","potentialAction":[{"@type":"CommentAction","name":"Comment","target":["https:\/\/www.padreeustaquio.com.br\/palavras-do-padre-eustaquio-o-valor-do-tempo-santificar-o-nosso-trabalho\/#respond"]}]},{"@type":"WebPage","@id":"https:\/\/www.padreeustaquio.com.br\/palavras-do-padre-eustaquio-o-valor-do-tempo-santificar-o-nosso-trabalho\/","url":"https:\/\/www.padreeustaquio.com.br\/palavras-do-padre-eustaquio-o-valor-do-tempo-santificar-o-nosso-trabalho\/","name":"Palabras del Padre Eust\u00e1quio - El valor del tiempo: santificar nuestro trabajo","isPartOf":{"@id":"https:\/\/www.padreeustaquio.com.br\/#website"},"primaryImageOfPage":{"@id":"https:\/\/www.padreeustaquio.com.br\/palavras-do-padre-eustaquio-o-valor-do-tempo-santificar-o-nosso-trabalho\/#primaryimage"},"image":{"@id":"https:\/\/www.padreeustaquio.com.br\/palavras-do-padre-eustaquio-o-valor-do-tempo-santificar-o-nosso-trabalho\/#primaryimage"},"thumbnailUrl":"https:\/\/www.padreeustaquio.com.br\/wp-content\/uploads\/2022\/01\/Padre-eustaquio-rezando-senhor-dos-passos-em-poa-sao-paulo.jpeg","datePublished":"2022-01-06T08:23:00+00:00","description":"\u00bfC\u00f3mo inviertes tu tiempo en tu vida diaria? \u00bfEs tu vida una vida de oraci\u00f3n y trabajo, de total dedicaci\u00f3n a tus hermanos y hermanas, o es una vida sin tiempo para ocuparte de las cosas de Dios? Consulta uno de los escritos del Padre Eust\u00e1quio sobre este tema.","breadcrumb":{"@id":"https:\/\/www.padreeustaquio.com.br\/palavras-do-padre-eustaquio-o-valor-do-tempo-santificar-o-nosso-trabalho\/#breadcrumb"},"inLanguage":"es","potentialAction":[{"@type":"ReadAction","target":["https:\/\/www.padreeustaquio.com.br\/palavras-do-padre-eustaquio-o-valor-do-tempo-santificar-o-nosso-trabalho\/"]}]},{"@type":"ImageObject","inLanguage":"es","@id":"https:\/\/www.padreeustaquio.com.br\/palavras-do-padre-eustaquio-o-valor-do-tempo-santificar-o-nosso-trabalho\/#primaryimage","url":"https:\/\/www.padreeustaquio.com.br\/wp-content\/uploads\/2022\/01\/Padre-eustaquio-rezando-senhor-dos-passos-em-poa-sao-paulo.jpeg","contentUrl":"https:\/\/www.padreeustaquio.com.br\/wp-content\/uploads\/2022\/01\/Padre-eustaquio-rezando-senhor-dos-passos-em-poa-sao-paulo.jpeg","width":957,"height":631,"caption":"Padre Eust\u00e1quio, com seu coadjutor, rezando ao Senhor dos Passos, em Po\u00e1-SP"},{"@type":"BreadcrumbList","@id":"https:\/\/www.padreeustaquio.com.br\/palavras-do-padre-eustaquio-o-valor-do-tempo-santificar-o-nosso-trabalho\/#breadcrumb","itemListElement":[{"@type":"ListItem","position":1,"name":"In\u00edcio","item":"https:\/\/www.padreeustaquio.com.br\/"},{"@type":"ListItem","position":2,"name":"Palavras do Padre Eust\u00e1quio &#8211; O valor do tempo: santificar o nosso trabalho"}]},{"@type":"WebSite","@id":"https:\/\/www.padreeustaquio.com.br\/#website","url":"https:\/\/www.padreeustaquio.com.br\/","name":"Padre Eustace","description":"Salud y Paz","publisher":{"@id":"https:\/\/www.padreeustaquio.com.br\/#organization"},"potentialAction":[{"@type":"SearchAction","target":{"@type":"EntryPoint","urlTemplate":"https:\/\/www.padreeustaquio.com.br\/?s={search_term_string}"},"query-input":{"@type":"PropertyValueSpecification","valueRequired":true,"valueName":"search_term_string"}}],"inLanguage":"es"},{"@type":"Organization","@id":"https:\/\/www.padreeustaquio.com.br\/#organization","name":"Padre Eustace","url":"https:\/\/www.padreeustaquio.com.br\/","logo":{"@type":"ImageObject","inLanguage":"es","@id":"https:\/\/www.padreeustaquio.com.br\/#\/schema\/logo\/image\/","url":"https:\/\/www.padreeustaquio.com.br\/wp-content\/uploads\/2019\/08\/marca.png","contentUrl":"https:\/\/www.padreeustaquio.com.br\/wp-content\/uploads\/2019\/08\/marca.png","width":350,"height":400,"caption":"Padre Eust\u00e1quio"},"image":{"@id":"https:\/\/www.padreeustaquio.com.br\/#\/schema\/logo\/image\/"},"sameAs":["https:\/\/www.facebook.com\/beatopadreeustaquio\/","https:\/\/x.com\/beatopeustaquio","https:\/\/www.instagram.com\/beatopadreeustaquio\/","https:\/\/www.youtube.com\/channel\/UCRhw7vfabnajwLxb1ZXMeIw"]},{"@type":"Person","@id":"https:\/\/www.padreeustaquio.com.br\/#\/schema\/person\/a2a51db1d00f1a7af0204a0f1ddb1566","name":"@sscc","image":{"@type":"ImageObject","inLanguage":"es","@id":"https:\/\/secure.gravatar.com\/avatar\/68cfafa5f44617fea54071e215026e0ff06be366c3d54a8425f04fdcb86f8c5f?s=96&d=mm&r=g","url":"https:\/\/secure.gravatar.com\/avatar\/68cfafa5f44617fea54071e215026e0ff06be366c3d54a8425f04fdcb86f8c5f?s=96&d=mm&r=g","contentUrl":"https:\/\/secure.gravatar.com\/avatar\/68cfafa5f44617fea54071e215026e0ff06be366c3d54a8425f04fdcb86f8c5f?s=96&d=mm&r=g","caption":"@sscc"},"url":"https:\/\/www.padreeustaquio.com.br\/es\/author\/sscc\/"}]}},"_links":{"self":[{"href":"https:\/\/www.padreeustaquio.com.br\/es\/wp-json\/wp\/v2\/posts\/7896","targetHints":{"allow":["GET"]}}],"collection":[{"href":"https:\/\/www.padreeustaquio.com.br\/es\/wp-json\/wp\/v2\/posts"}],"about":[{"href":"https:\/\/www.padreeustaquio.com.br\/es\/wp-json\/wp\/v2\/types\/post"}],"author":[{"embeddable":true,"href":"https:\/\/www.padreeustaquio.com.br\/es\/wp-json\/wp\/v2\/users\/2"}],"replies":[{"embeddable":true,"href":"https:\/\/www.padreeustaquio.com.br\/es\/wp-json\/wp\/v2\/comments?post=7896"}],"version-history":[{"count":0,"href":"https:\/\/www.padreeustaquio.com.br\/es\/wp-json\/wp\/v2\/posts\/7896\/revisions"}],"wp:featuredmedia":[{"embeddable":true,"href":"https:\/\/www.padreeustaquio.com.br\/es\/wp-json\/wp\/v2\/media\/7897"}],"wp:attachment":[{"href":"https:\/\/www.padreeustaquio.com.br\/es\/wp-json\/wp\/v2\/media?parent=7896"}],"wp:term":[{"taxonomy":"category","embeddable":true,"href":"https:\/\/www.padreeustaquio.com.br\/es\/wp-json\/wp\/v2\/categories?post=7896"},{"taxonomy":"post_tag","embeddable":true,"href":"https:\/\/www.padreeustaquio.com.br\/es\/wp-json\/wp\/v2\/tags?post=7896"}],"curies":[{"name":"wp","href":"https:\/\/api.w.org\/{rel}","templated":true}]}}