{"id":7889,"date":"2022-01-12T05:58:00","date_gmt":"2022-01-12T08:58:00","guid":{"rendered":"https:\/\/www.padreeustaquio.com.br\/?p=7889"},"modified":"2022-01-04T15:42:08","modified_gmt":"2022-01-04T18:42:08","slug":"comienza-bien-tu-semana-con-este-mensaje-dominical-del-canal-del-padre-eustaquio","status":"publish","type":"post","link":"https:\/\/www.padreeustaquio.com.br\/es\/comienza-bien-tu-semana-con-este-mensaje-dominical-del-canal-del-padre-eustaquio\/","title":{"rendered":"Comienza bien tu semana con el &quot;Mensaje Dominical&quot; del Canal Padre Eust\u00e1quio."},"content":{"rendered":"<p>Cada semana, el equipo del Canal Padre Eust\u00e1quio publica un nuevo video con mensajes basados en el Evangelio de cada domingo. Los programas cortos son producidos por el Padre Vin\u00edcius Maciel, sscc, vicepostulador de la Causa de Canonizaci\u00f3n del Padre Eust\u00e1quio.<\/p>\n\n\n\n<p>Todos los domingos a las 8:00 h, el Padre Vin\u00edcius Maciel ofrece un momento de reflexi\u00f3n para ayudarnos a empezar bien la semana. Los mensajes se graban en el Santuario de la Salud y la Paz y se transmiten por el canal de YouTube del Secretariado Nacional. Cada semana, siguiendo el Evangelio del d\u00eda, el sacerdote medita sobre las palabras de los evangelistas, ayud\u00e1ndonos a afrontar los problemas de la vida diaria.<\/p>\n\n\n\n<p>Los v\u00eddeos tienen una duraci\u00f3n de aproximadamente 2 minutos y se pueden ver <a href=\"https:\/\/www.youtube.com\/watch?v=nVJ5TRhWhCk&amp;list=PL7SBzddW7UzkngWo8UtaHmSgqN7okC6Aw\" target=\"_blank\" rel=\"noreferrer noopener\">HAGA CLIC AQU\u00cd<\/a>. Sencillo y directo, el material puede ser compartido con amigos y familiares a trav\u00e9s de las redes sociales, ayudando a difundir el Evangelio de Jesucristo y el mensaje de Salud y Paz del Padre Eustaquio.<\/p>\n\n\n\n<p><\/p>","protected":false},"excerpt":{"rendered":"<p>Todas as semanas a equipe do Canal Padre Eust\u00e1quio lan\u00e7a um v\u00eddeo novo com mensagens baseadas no Evangelho proposto para cada domingo. Os programetes s\u00e3o feitos pelo Padre Vin\u00edcius Maciel, sscc, vice-postulador da Causa de Canoniza\u00e7\u00e3o de Padre Eust\u00e1quio. Todos os domingos, \u00e0s 8h, Padre Vin\u00edcius Maciel traz um momento de reflex\u00e3o para come\u00e7armos bem a nossa semana. As mensagens s\u00e3o gravadas no Santu\u00e1rio da Sa\u00fade e Paz e exibidas pelo Canal do Secretariado Nacional no YouTube. A cada semana, de acordo com o Evangelho do dia, o sacerdote medita as palavras dos evangelistas, nos ajudando a enfrentar os problemas [&hellip;]<\/p>\n","protected":false},"author":2,"featured_media":7890,"comment_status":"open","ping_status":"closed","sticky":false,"template":"","format":"standard","meta":{"_acf_changed":false,"footnotes":""},"categories":[611],"tags":[],"class_list":["post-7889","post","type-post","status-publish","format-standard","has-post-thumbnail","hentry","category-noticias"],"acf":[],"yoast_head":"<!-- This site is optimized with the Yoast SEO plugin v27.2 - https:\/\/yoast.com\/product\/yoast-seo-wordpress\/ -->\n<title>Comece bem a semana com a &quot;Mensagem de Domingo&quot; do Canal Padre Eust\u00e1quio<\/title>\n<meta name=\"description\" content=\"Todas as semanas a equipe do Canal Padre Eust\u00e1quio lan\u00e7a um v\u00eddeo novo com mensagens baseadas no Evangelho proposto para cada domingo. Os programetes s\u00e3o feitos pelo Padre Vin\u00edcius Maciel, sscc, vice-postulador da Causa de Canoniza\u00e7\u00e3o de Padre Eust\u00e1quio.\" \/>\n<meta name=\"robots\" content=\"index, follow, max-snippet:-1, max-image-preview:large, max-video-preview:-1\" \/>\n<link rel=\"canonical\" href=\"https:\/\/www.padreeustaquio.com.br\/es\/comienza-bien-tu-semana-con-este-mensaje-dominical-del-canal-del-padre-eustaquio\/\" \/>\n<meta property=\"og:locale\" content=\"es_ES\" \/>\n<meta property=\"og:type\" content=\"article\" \/>\n<meta property=\"og:title\" content=\"Comece bem a semana com a &quot;Mensagem de Domingo&quot; do Canal Padre Eust\u00e1quio\" \/>\n<meta property=\"og:description\" content=\"Todas as semanas a equipe do Canal Padre Eust\u00e1quio lan\u00e7a um v\u00eddeo novo com mensagens baseadas no Evangelho proposto para cada domingo. Os programetes s\u00e3o feitos pelo Padre Vin\u00edcius Maciel, sscc, vice-postulador da Causa de Canoniza\u00e7\u00e3o de Padre Eust\u00e1quio.\" \/>\n<meta property=\"og:url\" content=\"https:\/\/www.padreeustaquio.com.br\/es\/comienza-bien-tu-semana-con-este-mensaje-dominical-del-canal-del-padre-eustaquio\/\" \/>\n<meta property=\"og:site_name\" content=\"Padre Eust\u00e1quio\" \/>\n<meta property=\"article:publisher\" content=\"https:\/\/www.facebook.com\/beatopadreeustaquio\/\" \/>\n<meta property=\"article:published_time\" content=\"2022-01-12T08:58:00+00:00\" \/>\n<meta property=\"og:image\" content=\"https:\/\/www.padreeustaquio.com.br\/wp-content\/uploads\/2022\/01\/FOTO-4-scaled.jpg\" \/>\n\t<meta property=\"og:image:width\" content=\"2560\" \/>\n\t<meta property=\"og:image:height\" content=\"1707\" \/>\n\t<meta property=\"og:image:type\" content=\"image\/jpeg\" \/>\n<meta name=\"author\" content=\"@sscc\" \/>\n<meta name=\"twitter:card\" content=\"summary_large_image\" \/>\n<meta name=\"twitter:creator\" content=\"@beatopeustaquio\" \/>\n<meta name=\"twitter:site\" content=\"@beatopeustaquio\" \/>\n<meta name=\"twitter:label1\" content=\"Escrito por\" \/>\n\t<meta name=\"twitter:data1\" content=\"@sscc\" \/>\n\t<meta name=\"twitter:label2\" content=\"Tiempo de lectura\" \/>\n\t<meta name=\"twitter:data2\" content=\"1 minuto\" \/>\n<script type=\"application\/ld+json\" class=\"yoast-schema-graph\">{\"@context\":\"https:\/\/schema.org\",\"@graph\":[{\"@type\":\"Article\",\"@id\":\"https:\/\/www.padreeustaquio.com.br\/comece-bem-a-semana-com-a-mensagem-de-domingo-do-canal-padre-eustaquio\/#article\",\"isPartOf\":{\"@id\":\"https:\/\/www.padreeustaquio.com.br\/comece-bem-a-semana-com-a-mensagem-de-domingo-do-canal-padre-eustaquio\/\"},\"author\":{\"name\":\"@sscc\",\"@id\":\"https:\/\/www.padreeustaquio.com.br\/#\/schema\/person\/a2a51db1d00f1a7af0204a0f1ddb1566\"},\"headline\":\"Comece bem a semana com a &#8220;Mensagem de Domingo&#8221; do Canal Padre Eust\u00e1quio\",\"datePublished\":\"2022-01-12T08:58:00+00:00\",\"mainEntityOfPage\":{\"@id\":\"https:\/\/www.padreeustaquio.com.br\/comece-bem-a-semana-com-a-mensagem-de-domingo-do-canal-padre-eustaquio\/\"},\"wordCount\":185,\"commentCount\":0,\"publisher\":{\"@id\":\"https:\/\/www.padreeustaquio.com.br\/#organization\"},\"image\":{\"@id\":\"https:\/\/www.padreeustaquio.com.br\/comece-bem-a-semana-com-a-mensagem-de-domingo-do-canal-padre-eustaquio\/#primaryimage\"},\"thumbnailUrl\":\"https:\/\/www.padreeustaquio.com.br\/wp-content\/uploads\/2022\/01\/FOTO-4-scaled.jpg\",\"articleSection\":[\"Not\u00edcias\"],\"inLanguage\":\"es\",\"potentialAction\":[{\"@type\":\"CommentAction\",\"name\":\"Comment\",\"target\":[\"https:\/\/www.padreeustaquio.com.br\/comece-bem-a-semana-com-a-mensagem-de-domingo-do-canal-padre-eustaquio\/#respond\"]}]},{\"@type\":\"WebPage\",\"@id\":\"https:\/\/www.padreeustaquio.com.br\/comece-bem-a-semana-com-a-mensagem-de-domingo-do-canal-padre-eustaquio\/\",\"url\":\"https:\/\/www.padreeustaquio.com.br\/comece-bem-a-semana-com-a-mensagem-de-domingo-do-canal-padre-eustaquio\/\",\"name\":\"Comece bem a semana com a \\\"Mensagem de Domingo\\\" do Canal Padre Eust\u00e1quio\",\"isPartOf\":{\"@id\":\"https:\/\/www.padreeustaquio.com.br\/#website\"},\"primaryImageOfPage\":{\"@id\":\"https:\/\/www.padreeustaquio.com.br\/comece-bem-a-semana-com-a-mensagem-de-domingo-do-canal-padre-eustaquio\/#primaryimage\"},\"image\":{\"@id\":\"https:\/\/www.padreeustaquio.com.br\/comece-bem-a-semana-com-a-mensagem-de-domingo-do-canal-padre-eustaquio\/#primaryimage\"},\"thumbnailUrl\":\"https:\/\/www.padreeustaquio.com.br\/wp-content\/uploads\/2022\/01\/FOTO-4-scaled.jpg\",\"datePublished\":\"2022-01-12T08:58:00+00:00\",\"description\":\"Todas as semanas a equipe do Canal Padre Eust\u00e1quio lan\u00e7a um v\u00eddeo novo com mensagens baseadas no Evangelho proposto para cada domingo. Os programetes s\u00e3o feitos pelo Padre Vin\u00edcius Maciel, sscc, vice-postulador da Causa de Canoniza\u00e7\u00e3o de Padre Eust\u00e1quio.\",\"breadcrumb\":{\"@id\":\"https:\/\/www.padreeustaquio.com.br\/comece-bem-a-semana-com-a-mensagem-de-domingo-do-canal-padre-eustaquio\/#breadcrumb\"},\"inLanguage\":\"es\",\"potentialAction\":[{\"@type\":\"ReadAction\",\"target\":[\"https:\/\/www.padreeustaquio.com.br\/comece-bem-a-semana-com-a-mensagem-de-domingo-do-canal-padre-eustaquio\/\"]}]},{\"@type\":\"ImageObject\",\"inLanguage\":\"es\",\"@id\":\"https:\/\/www.padreeustaquio.com.br\/comece-bem-a-semana-com-a-mensagem-de-domingo-do-canal-padre-eustaquio\/#primaryimage\",\"url\":\"https:\/\/www.padreeustaquio.com.br\/wp-content\/uploads\/2022\/01\/FOTO-4-scaled.jpg\",\"contentUrl\":\"https:\/\/www.padreeustaquio.com.br\/wp-content\/uploads\/2022\/01\/FOTO-4-scaled.jpg\",\"width\":2560,\"height\":1707},{\"@type\":\"BreadcrumbList\",\"@id\":\"https:\/\/www.padreeustaquio.com.br\/comece-bem-a-semana-com-a-mensagem-de-domingo-do-canal-padre-eustaquio\/#breadcrumb\",\"itemListElement\":[{\"@type\":\"ListItem\",\"position\":1,\"name\":\"In\u00edcio\",\"item\":\"https:\/\/www.padreeustaquio.com.br\/\"},{\"@type\":\"ListItem\",\"position\":2,\"name\":\"Comece bem a semana com a &#8220;Mensagem de Domingo&#8221; do Canal Padre Eust\u00e1quio\"}]},{\"@type\":\"WebSite\",\"@id\":\"https:\/\/www.padreeustaquio.com.br\/#website\",\"url\":\"https:\/\/www.padreeustaquio.com.br\/\",\"name\":\"Padre Eust\u00e1quio\",\"description\":\"Sa\u00fade e Paz\",\"publisher\":{\"@id\":\"https:\/\/www.padreeustaquio.com.br\/#organization\"},\"potentialAction\":[{\"@type\":\"SearchAction\",\"target\":{\"@type\":\"EntryPoint\",\"urlTemplate\":\"https:\/\/www.padreeustaquio.com.br\/?s={search_term_string}\"},\"query-input\":{\"@type\":\"PropertyValueSpecification\",\"valueRequired\":true,\"valueName\":\"search_term_string\"}}],\"inLanguage\":\"es\"},{\"@type\":\"Organization\",\"@id\":\"https:\/\/www.padreeustaquio.com.br\/#organization\",\"name\":\"Padre Eust\u00e1quio\",\"url\":\"https:\/\/www.padreeustaquio.com.br\/\",\"logo\":{\"@type\":\"ImageObject\",\"inLanguage\":\"es\",\"@id\":\"https:\/\/www.padreeustaquio.com.br\/#\/schema\/logo\/image\/\",\"url\":\"https:\/\/www.padreeustaquio.com.br\/wp-content\/uploads\/2019\/08\/marca.png\",\"contentUrl\":\"https:\/\/www.padreeustaquio.com.br\/wp-content\/uploads\/2019\/08\/marca.png\",\"width\":350,\"height\":400,\"caption\":\"Padre Eust\u00e1quio\"},\"image\":{\"@id\":\"https:\/\/www.padreeustaquio.com.br\/#\/schema\/logo\/image\/\"},\"sameAs\":[\"https:\/\/www.facebook.com\/beatopadreeustaquio\/\",\"https:\/\/x.com\/beatopeustaquio\",\"https:\/\/www.instagram.com\/beatopadreeustaquio\/\",\"https:\/\/www.youtube.com\/channel\/UCRhw7vfabnajwLxb1ZXMeIw\"]},{\"@type\":\"Person\",\"@id\":\"https:\/\/www.padreeustaquio.com.br\/#\/schema\/person\/a2a51db1d00f1a7af0204a0f1ddb1566\",\"name\":\"@sscc\",\"image\":{\"@type\":\"ImageObject\",\"inLanguage\":\"es\",\"@id\":\"https:\/\/secure.gravatar.com\/avatar\/68cfafa5f44617fea54071e215026e0ff06be366c3d54a8425f04fdcb86f8c5f?s=96&d=mm&r=g\",\"url\":\"https:\/\/secure.gravatar.com\/avatar\/68cfafa5f44617fea54071e215026e0ff06be366c3d54a8425f04fdcb86f8c5f?s=96&d=mm&r=g\",\"contentUrl\":\"https:\/\/secure.gravatar.com\/avatar\/68cfafa5f44617fea54071e215026e0ff06be366c3d54a8425f04fdcb86f8c5f?s=96&d=mm&r=g\",\"caption\":\"@sscc\"},\"url\":\"https:\/\/www.padreeustaquio.com.br\/es\/author\/sscc\/\"}]}<\/script>\n<!-- \/ Yoast SEO plugin. -->","yoast_head_json":{"title":"Comienza bien tu semana con el &quot;Mensaje Dominical&quot; del Canal Padre Eust\u00e1quio.","description":"Cada semana, el equipo del Canal Padre Eust\u00e1quio publica un nuevo video con mensajes basados en el Evangelio de cada domingo. Los programas cortos son producidos por el Padre Vin\u00edcius Maciel, sscc, vicepostulador de la Causa de Canonizaci\u00f3n del Padre Eust\u00e1quio.","robots":{"index":"index","follow":"follow","max-snippet":"max-snippet:-1","max-image-preview":"max-image-preview:large","max-video-preview":"max-video-preview:-1"},"canonical":"https:\/\/www.padreeustaquio.com.br\/es\/comienza-bien-tu-semana-con-este-mensaje-dominical-del-canal-del-padre-eustaquio\/","og_locale":"es_ES","og_type":"article","og_title":"Comece bem a semana com a \"Mensagem de Domingo\" do Canal Padre Eust\u00e1quio","og_description":"Todas as semanas a equipe do Canal Padre Eust\u00e1quio lan\u00e7a um v\u00eddeo novo com mensagens baseadas no Evangelho proposto para cada domingo. Os programetes s\u00e3o feitos pelo Padre Vin\u00edcius Maciel, sscc, vice-postulador da Causa de Canoniza\u00e7\u00e3o de Padre Eust\u00e1quio.","og_url":"https:\/\/www.padreeustaquio.com.br\/es\/comienza-bien-tu-semana-con-este-mensaje-dominical-del-canal-del-padre-eustaquio\/","og_site_name":"Padre Eust\u00e1quio","article_publisher":"https:\/\/www.facebook.com\/beatopadreeustaquio\/","article_published_time":"2022-01-12T08:58:00+00:00","og_image":[{"width":2560,"height":1707,"url":"https:\/\/www.padreeustaquio.com.br\/wp-content\/uploads\/2022\/01\/FOTO-4-scaled.jpg","type":"image\/jpeg"}],"author":"@sscc","twitter_card":"summary_large_image","twitter_creator":"@beatopeustaquio","twitter_site":"@beatopeustaquio","twitter_misc":{"Escrito por":"@sscc","Tiempo de lectura":"1 minuto"},"schema":{"@context":"https:\/\/schema.org","@graph":[{"@type":"Article","@id":"https:\/\/www.padreeustaquio.com.br\/comece-bem-a-semana-com-a-mensagem-de-domingo-do-canal-padre-eustaquio\/#article","isPartOf":{"@id":"https:\/\/www.padreeustaquio.com.br\/comece-bem-a-semana-com-a-mensagem-de-domingo-do-canal-padre-eustaquio\/"},"author":{"name":"@sscc","@id":"https:\/\/www.padreeustaquio.com.br\/#\/schema\/person\/a2a51db1d00f1a7af0204a0f1ddb1566"},"headline":"Comece bem a semana com a &#8220;Mensagem de Domingo&#8221; do Canal Padre Eust\u00e1quio","datePublished":"2022-01-12T08:58:00+00:00","mainEntityOfPage":{"@id":"https:\/\/www.padreeustaquio.com.br\/comece-bem-a-semana-com-a-mensagem-de-domingo-do-canal-padre-eustaquio\/"},"wordCount":185,"commentCount":0,"publisher":{"@id":"https:\/\/www.padreeustaquio.com.br\/#organization"},"image":{"@id":"https:\/\/www.padreeustaquio.com.br\/comece-bem-a-semana-com-a-mensagem-de-domingo-do-canal-padre-eustaquio\/#primaryimage"},"thumbnailUrl":"https:\/\/www.padreeustaquio.com.br\/wp-content\/uploads\/2022\/01\/FOTO-4-scaled.jpg","articleSection":["Not\u00edcias"],"inLanguage":"es","potentialAction":[{"@type":"CommentAction","name":"Comment","target":["https:\/\/www.padreeustaquio.com.br\/comece-bem-a-semana-com-a-mensagem-de-domingo-do-canal-padre-eustaquio\/#respond"]}]},{"@type":"WebPage","@id":"https:\/\/www.padreeustaquio.com.br\/comece-bem-a-semana-com-a-mensagem-de-domingo-do-canal-padre-eustaquio\/","url":"https:\/\/www.padreeustaquio.com.br\/comece-bem-a-semana-com-a-mensagem-de-domingo-do-canal-padre-eustaquio\/","name":"Comienza bien tu semana con el &quot;Mensaje Dominical&quot; del Canal Padre Eust\u00e1quio.","isPartOf":{"@id":"https:\/\/www.padreeustaquio.com.br\/#website"},"primaryImageOfPage":{"@id":"https:\/\/www.padreeustaquio.com.br\/comece-bem-a-semana-com-a-mensagem-de-domingo-do-canal-padre-eustaquio\/#primaryimage"},"image":{"@id":"https:\/\/www.padreeustaquio.com.br\/comece-bem-a-semana-com-a-mensagem-de-domingo-do-canal-padre-eustaquio\/#primaryimage"},"thumbnailUrl":"https:\/\/www.padreeustaquio.com.br\/wp-content\/uploads\/2022\/01\/FOTO-4-scaled.jpg","datePublished":"2022-01-12T08:58:00+00:00","description":"Cada semana, el equipo del Canal Padre Eust\u00e1quio publica un nuevo video con mensajes basados en el Evangelio de cada domingo. Los programas cortos son producidos por el Padre Vin\u00edcius Maciel, sscc, vicepostulador de la Causa de Canonizaci\u00f3n del Padre Eust\u00e1quio.","breadcrumb":{"@id":"https:\/\/www.padreeustaquio.com.br\/comece-bem-a-semana-com-a-mensagem-de-domingo-do-canal-padre-eustaquio\/#breadcrumb"},"inLanguage":"es","potentialAction":[{"@type":"ReadAction","target":["https:\/\/www.padreeustaquio.com.br\/comece-bem-a-semana-com-a-mensagem-de-domingo-do-canal-padre-eustaquio\/"]}]},{"@type":"ImageObject","inLanguage":"es","@id":"https:\/\/www.padreeustaquio.com.br\/comece-bem-a-semana-com-a-mensagem-de-domingo-do-canal-padre-eustaquio\/#primaryimage","url":"https:\/\/www.padreeustaquio.com.br\/wp-content\/uploads\/2022\/01\/FOTO-4-scaled.jpg","contentUrl":"https:\/\/www.padreeustaquio.com.br\/wp-content\/uploads\/2022\/01\/FOTO-4-scaled.jpg","width":2560,"height":1707},{"@type":"BreadcrumbList","@id":"https:\/\/www.padreeustaquio.com.br\/comece-bem-a-semana-com-a-mensagem-de-domingo-do-canal-padre-eustaquio\/#breadcrumb","itemListElement":[{"@type":"ListItem","position":1,"name":"In\u00edcio","item":"https:\/\/www.padreeustaquio.com.br\/"},{"@type":"ListItem","position":2,"name":"Comece bem a semana com a &#8220;Mensagem de Domingo&#8221; do Canal Padre Eust\u00e1quio"}]},{"@type":"WebSite","@id":"https:\/\/www.padreeustaquio.com.br\/#website","url":"https:\/\/www.padreeustaquio.com.br\/","name":"Padre Eustace","description":"Salud y Paz","publisher":{"@id":"https:\/\/www.padreeustaquio.com.br\/#organization"},"potentialAction":[{"@type":"SearchAction","target":{"@type":"EntryPoint","urlTemplate":"https:\/\/www.padreeustaquio.com.br\/?s={search_term_string}"},"query-input":{"@type":"PropertyValueSpecification","valueRequired":true,"valueName":"search_term_string"}}],"inLanguage":"es"},{"@type":"Organization","@id":"https:\/\/www.padreeustaquio.com.br\/#organization","name":"Padre Eustace","url":"https:\/\/www.padreeustaquio.com.br\/","logo":{"@type":"ImageObject","inLanguage":"es","@id":"https:\/\/www.padreeustaquio.com.br\/#\/schema\/logo\/image\/","url":"https:\/\/www.padreeustaquio.com.br\/wp-content\/uploads\/2019\/08\/marca.png","contentUrl":"https:\/\/www.padreeustaquio.com.br\/wp-content\/uploads\/2019\/08\/marca.png","width":350,"height":400,"caption":"Padre Eust\u00e1quio"},"image":{"@id":"https:\/\/www.padreeustaquio.com.br\/#\/schema\/logo\/image\/"},"sameAs":["https:\/\/www.facebook.com\/beatopadreeustaquio\/","https:\/\/x.com\/beatopeustaquio","https:\/\/www.instagram.com\/beatopadreeustaquio\/","https:\/\/www.youtube.com\/channel\/UCRhw7vfabnajwLxb1ZXMeIw"]},{"@type":"Person","@id":"https:\/\/www.padreeustaquio.com.br\/#\/schema\/person\/a2a51db1d00f1a7af0204a0f1ddb1566","name":"@sscc","image":{"@type":"ImageObject","inLanguage":"es","@id":"https:\/\/secure.gravatar.com\/avatar\/68cfafa5f44617fea54071e215026e0ff06be366c3d54a8425f04fdcb86f8c5f?s=96&d=mm&r=g","url":"https:\/\/secure.gravatar.com\/avatar\/68cfafa5f44617fea54071e215026e0ff06be366c3d54a8425f04fdcb86f8c5f?s=96&d=mm&r=g","contentUrl":"https:\/\/secure.gravatar.com\/avatar\/68cfafa5f44617fea54071e215026e0ff06be366c3d54a8425f04fdcb86f8c5f?s=96&d=mm&r=g","caption":"@sscc"},"url":"https:\/\/www.padreeustaquio.com.br\/es\/author\/sscc\/"}]}},"_links":{"self":[{"href":"https:\/\/www.padreeustaquio.com.br\/es\/wp-json\/wp\/v2\/posts\/7889","targetHints":{"allow":["GET"]}}],"collection":[{"href":"https:\/\/www.padreeustaquio.com.br\/es\/wp-json\/wp\/v2\/posts"}],"about":[{"href":"https:\/\/www.padreeustaquio.com.br\/es\/wp-json\/wp\/v2\/types\/post"}],"author":[{"embeddable":true,"href":"https:\/\/www.padreeustaquio.com.br\/es\/wp-json\/wp\/v2\/users\/2"}],"replies":[{"embeddable":true,"href":"https:\/\/www.padreeustaquio.com.br\/es\/wp-json\/wp\/v2\/comments?post=7889"}],"version-history":[{"count":0,"href":"https:\/\/www.padreeustaquio.com.br\/es\/wp-json\/wp\/v2\/posts\/7889\/revisions"}],"wp:featuredmedia":[{"embeddable":true,"href":"https:\/\/www.padreeustaquio.com.br\/es\/wp-json\/wp\/v2\/media\/7890"}],"wp:attachment":[{"href":"https:\/\/www.padreeustaquio.com.br\/es\/wp-json\/wp\/v2\/media?parent=7889"}],"wp:term":[{"taxonomy":"category","embeddable":true,"href":"https:\/\/www.padreeustaquio.com.br\/es\/wp-json\/wp\/v2\/categories?post=7889"},{"taxonomy":"post_tag","embeddable":true,"href":"https:\/\/www.padreeustaquio.com.br\/es\/wp-json\/wp\/v2\/tags?post=7889"}],"curies":[{"name":"wp","href":"https:\/\/api.w.org\/{rel}","templated":true}]}}