{"id":7875,"date":"2022-01-11T06:30:00","date_gmt":"2022-01-11T09:30:00","guid":{"rendered":"https:\/\/www.padreeustaquio.com.br\/?p=7875"},"modified":"2022-01-10T10:26:29","modified_gmt":"2022-01-10T13:26:29","slug":"esta-en-marcha-la-primera-fase-de-construccion-del-futuro-museo-padre-eustaquio","status":"publish","type":"post","link":"https:\/\/www.padreeustaquio.com.br\/es\/esta-en-marcha-la-primera-fase-de-construccion-del-futuro-museo-padre-eustaquio\/","title":{"rendered":"Est\u00e1 en marcha la primera fase de construcci\u00f3n del futuro Museo Padre Eust\u00e1quio."},"content":{"rendered":"<p>Un viejo sue\u00f1o de la comunidad y de todos los devotos del Beato Padre Eustaquio, un museo dedicado \u00edntegramente a la vida e historia del Beato, comienza a hacerse realidad. Mientras investigadores y restauradores trabajan en los artefactos y documentos que formar\u00e1n parte del futuro museo, se est\u00e1n realizando renovaciones en el edificio.<\/p>\n\n\n\n<div class=\"wp-block-image\"><figure class=\"alignleft size-medium is-resized\"><img fetchpriority=\"high\" decoding=\"async\" src=\"https:\/\/www.padreeustaquio.com.br\/wp-content\/uploads\/2022\/01\/obra-museu-225x300.jpeg\" alt=\"\" class=\"wp-image-7879\" width=\"253\" height=\"341\"\/><\/figure><\/div>\n\n\n\n<p>Anexo al Santuario de la Salud y la Paz de Belo Horizonte, el futuro Museo Padre Eust\u00e1quio se ubicar\u00e1 en la planta alta del teatro que lleva el nombre del Beato Eust\u00e1quio. El edificio, que alberg\u00f3 a ASPE durante muchos a\u00f1os, ha comenzado su renovaci\u00f3n por etapas. En la primera etapa, actualmente en curso, se ha remodelado la entrada, que se convertir\u00e1 en el vest\u00edbulo, con sala de estar, cafeter\u00eda y ba\u00f1os.<\/p>\n\n\n\n<p>En esta fase inicial, se est\u00e1 construyendo la cocina de la cafeter\u00eda, con encimeras y toda la infraestructura necesaria; adem\u00e1s, se requieren renovaciones en el suelo y los ba\u00f1os. Debido a que el costo del proyecto es muy elevado, la Secretar\u00eda Nacional para la Causa de Canonizaci\u00f3n est\u00e1 trabajando por etapas para obtener financiaci\u00f3n y ejecutar cada parte del proyecto.<\/p>\n\n\n\n<p>A\u00fan no hay una fecha estimada de finalizaci\u00f3n de las obras. Contin\u00faan los esfuerzos para recaudar fondos para las etapas restantes de la construcci\u00f3n, pero la noticia del inicio de la construcci\u00f3n del Museo ya anima a los devotos y genera muchas ganas de que se complete. Si usted tambi\u00e9n desea contribuir a la preservaci\u00f3n y difusi\u00f3n de la memoria del Padre Eust\u00e1quio, haga una donaci\u00f3n a trav\u00e9s del PIX (31) 99545-1943 o mediante transferencia bancaria a:<br><br><strong>Padre Eust\u00e1quio Acci\u00f3n Social<\/strong> CNPJ: 17.193.756\/0001-05<br>Agencia:\u00a0<strong>0089<\/strong> Operaci\u00f3n:\u00a0<strong>013<\/strong> Cuenta de ahorros:\u00a0<strong>48.086-7<\/strong><\/p>\n\n\n\n<p><\/p>","protected":false},"excerpt":{"rendered":"<p>Um sonho antigo da comunidade e de todos os devotos do Beato Padre Eust\u00e1quio, um Museu todo dedicado \u00e0 vida e \u00e0 hist\u00f3ria do Bem-Aventurado, come\u00e7a a se tornar realidade. Enquanto pesquisadores e restauradores trabalham nas pe\u00e7as e documentos que far\u00e3o parte do futuro Museu, obras de reforma do pr\u00e9dio est\u00e3o sendo executadas. Anexo ao Santu\u00e1rio da Sa\u00fade e Paz, em Belo Horizonte, o futuro Museu Padre Eust\u00e1quio ser\u00e1 instalado no andar superior ao Teatro que leva o nome do Beato. O im\u00f3vel, que abrigou por muitos anos a ASPE, come\u00e7ou a ser reformado por etapas. Na primeira etapa, que [&hellip;]<\/p>\n","protected":false},"author":2,"featured_media":7876,"comment_status":"open","ping_status":"closed","sticky":false,"template":"","format":"standard","meta":{"_acf_changed":false,"footnotes":""},"categories":[611],"tags":[],"class_list":["post-7875","post","type-post","status-publish","format-standard","has-post-thumbnail","hentry","category-noticias"],"acf":[],"yoast_head":"<!-- This site is optimized with the Yoast SEO plugin v27.2 - https:\/\/yoast.com\/product\/yoast-seo-wordpress\/ -->\n<title>Primeira etapa das obras do futuro Museu Padre Eust\u00e1quio seguem em execu\u00e7\u00e3o<\/title>\n<meta name=\"description\" content=\"Um sonho antigo da comunidade e de todos os devotos do Beato Padre Eust\u00e1quio, um Museu todo dedicado \u00e0 vida e \u00e0 hist\u00f3ria do Bem-Aventurado, come\u00e7a a se tornar realidade. Enquanto pesquisadores e restauradores trabalham nas pe\u00e7as e documentos que far\u00e3o parte do futuro Museu, obras de reforma do pr\u00e9dio est\u00e3o sendo executadas.\" \/>\n<meta name=\"robots\" content=\"index, follow, max-snippet:-1, max-image-preview:large, max-video-preview:-1\" \/>\n<link rel=\"canonical\" href=\"https:\/\/www.padreeustaquio.com.br\/es\/esta-en-marcha-la-primera-fase-de-construccion-del-futuro-museo-padre-eustaquio\/\" \/>\n<meta property=\"og:locale\" content=\"es_ES\" \/>\n<meta property=\"og:type\" content=\"article\" \/>\n<meta property=\"og:title\" content=\"Primeira etapa das obras do futuro Museu Padre Eust\u00e1quio seguem em execu\u00e7\u00e3o\" \/>\n<meta property=\"og:description\" content=\"Um sonho antigo da comunidade e de todos os devotos do Beato Padre Eust\u00e1quio, um Museu todo dedicado \u00e0 vida e \u00e0 hist\u00f3ria do Bem-Aventurado, come\u00e7a a se tornar realidade. Enquanto pesquisadores e restauradores trabalham nas pe\u00e7as e documentos que far\u00e3o parte do futuro Museu, obras de reforma do pr\u00e9dio est\u00e3o sendo executadas.\" \/>\n<meta property=\"og:url\" content=\"https:\/\/www.padreeustaquio.com.br\/es\/esta-en-marcha-la-primera-fase-de-construccion-del-futuro-museo-padre-eustaquio\/\" \/>\n<meta property=\"og:site_name\" content=\"Padre Eust\u00e1quio\" \/>\n<meta property=\"article:publisher\" content=\"https:\/\/www.facebook.com\/beatopadreeustaquio\/\" \/>\n<meta property=\"article:published_time\" content=\"2022-01-11T09:30:00+00:00\" \/>\n<meta property=\"og:image\" content=\"https:\/\/www.padreeustaquio.com.br\/wp-content\/uploads\/2022\/01\/WhatsApp-Image-2022-01-04-at-14.50.00.jpeg\" \/>\n\t<meta property=\"og:image:width\" content=\"1600\" \/>\n\t<meta property=\"og:image:height\" content=\"1200\" \/>\n\t<meta property=\"og:image:type\" content=\"image\/jpeg\" \/>\n<meta name=\"author\" content=\"@sscc\" \/>\n<meta name=\"twitter:card\" content=\"summary_large_image\" \/>\n<meta name=\"twitter:creator\" content=\"@beatopeustaquio\" \/>\n<meta name=\"twitter:site\" content=\"@beatopeustaquio\" \/>\n<meta name=\"twitter:label1\" content=\"Escrito por\" \/>\n\t<meta name=\"twitter:data1\" content=\"@sscc\" \/>\n\t<meta name=\"twitter:label2\" content=\"Tiempo de lectura\" \/>\n\t<meta name=\"twitter:data2\" content=\"2 minutos\" \/>\n<script type=\"application\/ld+json\" class=\"yoast-schema-graph\">{\"@context\":\"https:\/\/schema.org\",\"@graph\":[{\"@type\":\"Article\",\"@id\":\"https:\/\/www.padreeustaquio.com.br\/primeira-etapa-das-obras-do-futuro-museu-padre-eustaquio-seguem-em-execucao\/#article\",\"isPartOf\":{\"@id\":\"https:\/\/www.padreeustaquio.com.br\/primeira-etapa-das-obras-do-futuro-museu-padre-eustaquio-seguem-em-execucao\/\"},\"author\":{\"name\":\"@sscc\",\"@id\":\"https:\/\/www.padreeustaquio.com.br\/#\/schema\/person\/a2a51db1d00f1a7af0204a0f1ddb1566\"},\"headline\":\"Primeira etapa das obras do futuro Museu Padre Eust\u00e1quio seguem em execu\u00e7\u00e3o\",\"datePublished\":\"2022-01-11T09:30:00+00:00\",\"mainEntityOfPage\":{\"@id\":\"https:\/\/www.padreeustaquio.com.br\/primeira-etapa-das-obras-do-futuro-museu-padre-eustaquio-seguem-em-execucao\/\"},\"wordCount\":319,\"commentCount\":0,\"publisher\":{\"@id\":\"https:\/\/www.padreeustaquio.com.br\/#organization\"},\"image\":{\"@id\":\"https:\/\/www.padreeustaquio.com.br\/primeira-etapa-das-obras-do-futuro-museu-padre-eustaquio-seguem-em-execucao\/#primaryimage\"},\"thumbnailUrl\":\"https:\/\/www.padreeustaquio.com.br\/wp-content\/uploads\/2022\/01\/WhatsApp-Image-2022-01-04-at-14.50.00.jpeg\",\"articleSection\":[\"Not\u00edcias\"],\"inLanguage\":\"es\",\"potentialAction\":[{\"@type\":\"CommentAction\",\"name\":\"Comment\",\"target\":[\"https:\/\/www.padreeustaquio.com.br\/primeira-etapa-das-obras-do-futuro-museu-padre-eustaquio-seguem-em-execucao\/#respond\"]}]},{\"@type\":\"WebPage\",\"@id\":\"https:\/\/www.padreeustaquio.com.br\/primeira-etapa-das-obras-do-futuro-museu-padre-eustaquio-seguem-em-execucao\/\",\"url\":\"https:\/\/www.padreeustaquio.com.br\/primeira-etapa-das-obras-do-futuro-museu-padre-eustaquio-seguem-em-execucao\/\",\"name\":\"Primeira etapa das obras do futuro Museu Padre Eust\u00e1quio seguem em execu\u00e7\u00e3o\",\"isPartOf\":{\"@id\":\"https:\/\/www.padreeustaquio.com.br\/#website\"},\"primaryImageOfPage\":{\"@id\":\"https:\/\/www.padreeustaquio.com.br\/primeira-etapa-das-obras-do-futuro-museu-padre-eustaquio-seguem-em-execucao\/#primaryimage\"},\"image\":{\"@id\":\"https:\/\/www.padreeustaquio.com.br\/primeira-etapa-das-obras-do-futuro-museu-padre-eustaquio-seguem-em-execucao\/#primaryimage\"},\"thumbnailUrl\":\"https:\/\/www.padreeustaquio.com.br\/wp-content\/uploads\/2022\/01\/WhatsApp-Image-2022-01-04-at-14.50.00.jpeg\",\"datePublished\":\"2022-01-11T09:30:00+00:00\",\"description\":\"Um sonho antigo da comunidade e de todos os devotos do Beato Padre Eust\u00e1quio, um Museu todo dedicado \u00e0 vida e \u00e0 hist\u00f3ria do Bem-Aventurado, come\u00e7a a se tornar realidade. Enquanto pesquisadores e restauradores trabalham nas pe\u00e7as e documentos que far\u00e3o parte do futuro Museu, obras de reforma do pr\u00e9dio est\u00e3o sendo executadas.\",\"breadcrumb\":{\"@id\":\"https:\/\/www.padreeustaquio.com.br\/primeira-etapa-das-obras-do-futuro-museu-padre-eustaquio-seguem-em-execucao\/#breadcrumb\"},\"inLanguage\":\"es\",\"potentialAction\":[{\"@type\":\"ReadAction\",\"target\":[\"https:\/\/www.padreeustaquio.com.br\/primeira-etapa-das-obras-do-futuro-museu-padre-eustaquio-seguem-em-execucao\/\"]}]},{\"@type\":\"ImageObject\",\"inLanguage\":\"es\",\"@id\":\"https:\/\/www.padreeustaquio.com.br\/primeira-etapa-das-obras-do-futuro-museu-padre-eustaquio-seguem-em-execucao\/#primaryimage\",\"url\":\"https:\/\/www.padreeustaquio.com.br\/wp-content\/uploads\/2022\/01\/WhatsApp-Image-2022-01-04-at-14.50.00.jpeg\",\"contentUrl\":\"https:\/\/www.padreeustaquio.com.br\/wp-content\/uploads\/2022\/01\/WhatsApp-Image-2022-01-04-at-14.50.00.jpeg\",\"width\":1600,\"height\":1200},{\"@type\":\"BreadcrumbList\",\"@id\":\"https:\/\/www.padreeustaquio.com.br\/primeira-etapa-das-obras-do-futuro-museu-padre-eustaquio-seguem-em-execucao\/#breadcrumb\",\"itemListElement\":[{\"@type\":\"ListItem\",\"position\":1,\"name\":\"In\u00edcio\",\"item\":\"https:\/\/www.padreeustaquio.com.br\/\"},{\"@type\":\"ListItem\",\"position\":2,\"name\":\"Primeira etapa das obras do futuro Museu Padre Eust\u00e1quio seguem em execu\u00e7\u00e3o\"}]},{\"@type\":\"WebSite\",\"@id\":\"https:\/\/www.padreeustaquio.com.br\/#website\",\"url\":\"https:\/\/www.padreeustaquio.com.br\/\",\"name\":\"Padre Eust\u00e1quio\",\"description\":\"Sa\u00fade e Paz\",\"publisher\":{\"@id\":\"https:\/\/www.padreeustaquio.com.br\/#organization\"},\"potentialAction\":[{\"@type\":\"SearchAction\",\"target\":{\"@type\":\"EntryPoint\",\"urlTemplate\":\"https:\/\/www.padreeustaquio.com.br\/?s={search_term_string}\"},\"query-input\":{\"@type\":\"PropertyValueSpecification\",\"valueRequired\":true,\"valueName\":\"search_term_string\"}}],\"inLanguage\":\"es\"},{\"@type\":\"Organization\",\"@id\":\"https:\/\/www.padreeustaquio.com.br\/#organization\",\"name\":\"Padre Eust\u00e1quio\",\"url\":\"https:\/\/www.padreeustaquio.com.br\/\",\"logo\":{\"@type\":\"ImageObject\",\"inLanguage\":\"es\",\"@id\":\"https:\/\/www.padreeustaquio.com.br\/#\/schema\/logo\/image\/\",\"url\":\"https:\/\/www.padreeustaquio.com.br\/wp-content\/uploads\/2019\/08\/marca.png\",\"contentUrl\":\"https:\/\/www.padreeustaquio.com.br\/wp-content\/uploads\/2019\/08\/marca.png\",\"width\":350,\"height\":400,\"caption\":\"Padre Eust\u00e1quio\"},\"image\":{\"@id\":\"https:\/\/www.padreeustaquio.com.br\/#\/schema\/logo\/image\/\"},\"sameAs\":[\"https:\/\/www.facebook.com\/beatopadreeustaquio\/\",\"https:\/\/x.com\/beatopeustaquio\",\"https:\/\/www.instagram.com\/beatopadreeustaquio\/\",\"https:\/\/www.youtube.com\/channel\/UCRhw7vfabnajwLxb1ZXMeIw\"]},{\"@type\":\"Person\",\"@id\":\"https:\/\/www.padreeustaquio.com.br\/#\/schema\/person\/a2a51db1d00f1a7af0204a0f1ddb1566\",\"name\":\"@sscc\",\"image\":{\"@type\":\"ImageObject\",\"inLanguage\":\"es\",\"@id\":\"https:\/\/secure.gravatar.com\/avatar\/68cfafa5f44617fea54071e215026e0ff06be366c3d54a8425f04fdcb86f8c5f?s=96&d=mm&r=g\",\"url\":\"https:\/\/secure.gravatar.com\/avatar\/68cfafa5f44617fea54071e215026e0ff06be366c3d54a8425f04fdcb86f8c5f?s=96&d=mm&r=g\",\"contentUrl\":\"https:\/\/secure.gravatar.com\/avatar\/68cfafa5f44617fea54071e215026e0ff06be366c3d54a8425f04fdcb86f8c5f?s=96&d=mm&r=g\",\"caption\":\"@sscc\"},\"url\":\"https:\/\/www.padreeustaquio.com.br\/es\/author\/sscc\/\"}]}<\/script>\n<!-- \/ Yoast SEO plugin. -->","yoast_head_json":{"title":"Est\u00e1 en marcha la primera fase de construcci\u00f3n del futuro Museo Padre Eust\u00e1quio.","description":"Un viejo sue\u00f1o de la comunidad y de todos los devotos del Beato Padre Eustaquio, un museo dedicado \u00edntegramente a la vida e historia del Beato, comienza a hacerse realidad. Mientras investigadores y restauradores trabajan en los artefactos y documentos que formar\u00e1n parte del futuro museo, se est\u00e1n realizando renovaciones en el edificio.","robots":{"index":"index","follow":"follow","max-snippet":"max-snippet:-1","max-image-preview":"max-image-preview:large","max-video-preview":"max-video-preview:-1"},"canonical":"https:\/\/www.padreeustaquio.com.br\/es\/esta-en-marcha-la-primera-fase-de-construccion-del-futuro-museo-padre-eustaquio\/","og_locale":"es_ES","og_type":"article","og_title":"Primeira etapa das obras do futuro Museu Padre Eust\u00e1quio seguem em execu\u00e7\u00e3o","og_description":"Um sonho antigo da comunidade e de todos os devotos do Beato Padre Eust\u00e1quio, um Museu todo dedicado \u00e0 vida e \u00e0 hist\u00f3ria do Bem-Aventurado, come\u00e7a a se tornar realidade. Enquanto pesquisadores e restauradores trabalham nas pe\u00e7as e documentos que far\u00e3o parte do futuro Museu, obras de reforma do pr\u00e9dio est\u00e3o sendo executadas.","og_url":"https:\/\/www.padreeustaquio.com.br\/es\/esta-en-marcha-la-primera-fase-de-construccion-del-futuro-museo-padre-eustaquio\/","og_site_name":"Padre Eust\u00e1quio","article_publisher":"https:\/\/www.facebook.com\/beatopadreeustaquio\/","article_published_time":"2022-01-11T09:30:00+00:00","og_image":[{"width":1600,"height":1200,"url":"https:\/\/www.padreeustaquio.com.br\/wp-content\/uploads\/2022\/01\/WhatsApp-Image-2022-01-04-at-14.50.00.jpeg","type":"image\/jpeg"}],"author":"@sscc","twitter_card":"summary_large_image","twitter_creator":"@beatopeustaquio","twitter_site":"@beatopeustaquio","twitter_misc":{"Escrito por":"@sscc","Tiempo de lectura":"2 minutos"},"schema":{"@context":"https:\/\/schema.org","@graph":[{"@type":"Article","@id":"https:\/\/www.padreeustaquio.com.br\/primeira-etapa-das-obras-do-futuro-museu-padre-eustaquio-seguem-em-execucao\/#article","isPartOf":{"@id":"https:\/\/www.padreeustaquio.com.br\/primeira-etapa-das-obras-do-futuro-museu-padre-eustaquio-seguem-em-execucao\/"},"author":{"name":"@sscc","@id":"https:\/\/www.padreeustaquio.com.br\/#\/schema\/person\/a2a51db1d00f1a7af0204a0f1ddb1566"},"headline":"Primeira etapa das obras do futuro Museu Padre Eust\u00e1quio seguem em execu\u00e7\u00e3o","datePublished":"2022-01-11T09:30:00+00:00","mainEntityOfPage":{"@id":"https:\/\/www.padreeustaquio.com.br\/primeira-etapa-das-obras-do-futuro-museu-padre-eustaquio-seguem-em-execucao\/"},"wordCount":319,"commentCount":0,"publisher":{"@id":"https:\/\/www.padreeustaquio.com.br\/#organization"},"image":{"@id":"https:\/\/www.padreeustaquio.com.br\/primeira-etapa-das-obras-do-futuro-museu-padre-eustaquio-seguem-em-execucao\/#primaryimage"},"thumbnailUrl":"https:\/\/www.padreeustaquio.com.br\/wp-content\/uploads\/2022\/01\/WhatsApp-Image-2022-01-04-at-14.50.00.jpeg","articleSection":["Not\u00edcias"],"inLanguage":"es","potentialAction":[{"@type":"CommentAction","name":"Comment","target":["https:\/\/www.padreeustaquio.com.br\/primeira-etapa-das-obras-do-futuro-museu-padre-eustaquio-seguem-em-execucao\/#respond"]}]},{"@type":"WebPage","@id":"https:\/\/www.padreeustaquio.com.br\/primeira-etapa-das-obras-do-futuro-museu-padre-eustaquio-seguem-em-execucao\/","url":"https:\/\/www.padreeustaquio.com.br\/primeira-etapa-das-obras-do-futuro-museu-padre-eustaquio-seguem-em-execucao\/","name":"Est\u00e1 en marcha la primera fase de construcci\u00f3n del futuro Museo Padre Eust\u00e1quio.","isPartOf":{"@id":"https:\/\/www.padreeustaquio.com.br\/#website"},"primaryImageOfPage":{"@id":"https:\/\/www.padreeustaquio.com.br\/primeira-etapa-das-obras-do-futuro-museu-padre-eustaquio-seguem-em-execucao\/#primaryimage"},"image":{"@id":"https:\/\/www.padreeustaquio.com.br\/primeira-etapa-das-obras-do-futuro-museu-padre-eustaquio-seguem-em-execucao\/#primaryimage"},"thumbnailUrl":"https:\/\/www.padreeustaquio.com.br\/wp-content\/uploads\/2022\/01\/WhatsApp-Image-2022-01-04-at-14.50.00.jpeg","datePublished":"2022-01-11T09:30:00+00:00","description":"Un viejo sue\u00f1o de la comunidad y de todos los devotos del Beato Padre Eustaquio, un museo dedicado \u00edntegramente a la vida e historia del Beato, comienza a hacerse realidad. Mientras investigadores y restauradores trabajan en los artefactos y documentos que formar\u00e1n parte del futuro museo, se est\u00e1n realizando renovaciones en el edificio.","breadcrumb":{"@id":"https:\/\/www.padreeustaquio.com.br\/primeira-etapa-das-obras-do-futuro-museu-padre-eustaquio-seguem-em-execucao\/#breadcrumb"},"inLanguage":"es","potentialAction":[{"@type":"ReadAction","target":["https:\/\/www.padreeustaquio.com.br\/primeira-etapa-das-obras-do-futuro-museu-padre-eustaquio-seguem-em-execucao\/"]}]},{"@type":"ImageObject","inLanguage":"es","@id":"https:\/\/www.padreeustaquio.com.br\/primeira-etapa-das-obras-do-futuro-museu-padre-eustaquio-seguem-em-execucao\/#primaryimage","url":"https:\/\/www.padreeustaquio.com.br\/wp-content\/uploads\/2022\/01\/WhatsApp-Image-2022-01-04-at-14.50.00.jpeg","contentUrl":"https:\/\/www.padreeustaquio.com.br\/wp-content\/uploads\/2022\/01\/WhatsApp-Image-2022-01-04-at-14.50.00.jpeg","width":1600,"height":1200},{"@type":"BreadcrumbList","@id":"https:\/\/www.padreeustaquio.com.br\/primeira-etapa-das-obras-do-futuro-museu-padre-eustaquio-seguem-em-execucao\/#breadcrumb","itemListElement":[{"@type":"ListItem","position":1,"name":"In\u00edcio","item":"https:\/\/www.padreeustaquio.com.br\/"},{"@type":"ListItem","position":2,"name":"Primeira etapa das obras do futuro Museu Padre Eust\u00e1quio seguem em execu\u00e7\u00e3o"}]},{"@type":"WebSite","@id":"https:\/\/www.padreeustaquio.com.br\/#website","url":"https:\/\/www.padreeustaquio.com.br\/","name":"Padre Eustace","description":"Salud y Paz","publisher":{"@id":"https:\/\/www.padreeustaquio.com.br\/#organization"},"potentialAction":[{"@type":"SearchAction","target":{"@type":"EntryPoint","urlTemplate":"https:\/\/www.padreeustaquio.com.br\/?s={search_term_string}"},"query-input":{"@type":"PropertyValueSpecification","valueRequired":true,"valueName":"search_term_string"}}],"inLanguage":"es"},{"@type":"Organization","@id":"https:\/\/www.padreeustaquio.com.br\/#organization","name":"Padre Eustace","url":"https:\/\/www.padreeustaquio.com.br\/","logo":{"@type":"ImageObject","inLanguage":"es","@id":"https:\/\/www.padreeustaquio.com.br\/#\/schema\/logo\/image\/","url":"https:\/\/www.padreeustaquio.com.br\/wp-content\/uploads\/2019\/08\/marca.png","contentUrl":"https:\/\/www.padreeustaquio.com.br\/wp-content\/uploads\/2019\/08\/marca.png","width":350,"height":400,"caption":"Padre Eust\u00e1quio"},"image":{"@id":"https:\/\/www.padreeustaquio.com.br\/#\/schema\/logo\/image\/"},"sameAs":["https:\/\/www.facebook.com\/beatopadreeustaquio\/","https:\/\/x.com\/beatopeustaquio","https:\/\/www.instagram.com\/beatopadreeustaquio\/","https:\/\/www.youtube.com\/channel\/UCRhw7vfabnajwLxb1ZXMeIw"]},{"@type":"Person","@id":"https:\/\/www.padreeustaquio.com.br\/#\/schema\/person\/a2a51db1d00f1a7af0204a0f1ddb1566","name":"@sscc","image":{"@type":"ImageObject","inLanguage":"es","@id":"https:\/\/secure.gravatar.com\/avatar\/68cfafa5f44617fea54071e215026e0ff06be366c3d54a8425f04fdcb86f8c5f?s=96&d=mm&r=g","url":"https:\/\/secure.gravatar.com\/avatar\/68cfafa5f44617fea54071e215026e0ff06be366c3d54a8425f04fdcb86f8c5f?s=96&d=mm&r=g","contentUrl":"https:\/\/secure.gravatar.com\/avatar\/68cfafa5f44617fea54071e215026e0ff06be366c3d54a8425f04fdcb86f8c5f?s=96&d=mm&r=g","caption":"@sscc"},"url":"https:\/\/www.padreeustaquio.com.br\/es\/author\/sscc\/"}]}},"_links":{"self":[{"href":"https:\/\/www.padreeustaquio.com.br\/es\/wp-json\/wp\/v2\/posts\/7875","targetHints":{"allow":["GET"]}}],"collection":[{"href":"https:\/\/www.padreeustaquio.com.br\/es\/wp-json\/wp\/v2\/posts"}],"about":[{"href":"https:\/\/www.padreeustaquio.com.br\/es\/wp-json\/wp\/v2\/types\/post"}],"author":[{"embeddable":true,"href":"https:\/\/www.padreeustaquio.com.br\/es\/wp-json\/wp\/v2\/users\/2"}],"replies":[{"embeddable":true,"href":"https:\/\/www.padreeustaquio.com.br\/es\/wp-json\/wp\/v2\/comments?post=7875"}],"version-history":[{"count":0,"href":"https:\/\/www.padreeustaquio.com.br\/es\/wp-json\/wp\/v2\/posts\/7875\/revisions"}],"wp:featuredmedia":[{"embeddable":true,"href":"https:\/\/www.padreeustaquio.com.br\/es\/wp-json\/wp\/v2\/media\/7876"}],"wp:attachment":[{"href":"https:\/\/www.padreeustaquio.com.br\/es\/wp-json\/wp\/v2\/media?parent=7875"}],"wp:term":[{"taxonomy":"category","embeddable":true,"href":"https:\/\/www.padreeustaquio.com.br\/es\/wp-json\/wp\/v2\/categories?post=7875"},{"taxonomy":"post_tag","embeddable":true,"href":"https:\/\/www.padreeustaquio.com.br\/es\/wp-json\/wp\/v2\/tags?post=7875"}],"curies":[{"name":"wp","href":"https:\/\/api.w.org\/{rel}","templated":true}]}}