{"id":7871,"date":"2022-01-10T06:03:00","date_gmt":"2022-01-10T09:03:00","guid":{"rendered":"https:\/\/www.padreeustaquio.com.br\/?p=7871"},"modified":"2022-01-04T14:26:19","modified_gmt":"2022-01-04T17:26:19","slug":"hace-107-anos-el-padre-eustaquio-profeso-sus-votos-temporales-como-religioso","status":"publish","type":"post","link":"https:\/\/www.padreeustaquio.com.br\/es\/hace-107-anos-el-padre-eustaquio-profeso-sus-votos-temporales-como-religioso\/","title":{"rendered":"Hace 107 a\u00f1os, el Padre Eustaquio profes\u00f3 sus votos temporales como religioso."},"content":{"rendered":"<p>Fue en enero de 1915, menos de dos a\u00f1os despu\u00e9s de ingresar como novicio en la Congregaci\u00f3n de los Sagrados Corazones, que Eustace se comprometi\u00f3 con la vida religiosa. Hizo votos de Pobreza, Obediencia y Castidad, emitiendo as\u00ed sus votos temporales en la Congregaci\u00f3n.<\/p>\n\n\n\n<p>El joven Eustace ingres\u00f3 al Seminario Menor de la Congregaci\u00f3n a los 25 a\u00f1os, en 1905, y diez a\u00f1os despu\u00e9s se comprometi\u00f3 con Dios, consigo mismo y con sus hermanos. Los votos son un tipo de compromiso que una persona asume con la intenci\u00f3n de asegurar su dedicaci\u00f3n. Y el tiempo de preparaci\u00f3n no es corto; por lo tanto, se requiere mucha reflexi\u00f3n por parte de quienes desean convertirse en religiosos. El seminarista entra en una realidad completamente nueva, donde, a partir de los votos que hace temporalmente, se prepara para los votos perpetuos. Un proceso muy especial, donde, a trav\u00e9s de la evaluaci\u00f3n pastoral de sus tutores, se le lleva a reflexionar sobre su propia vida desde la perspectiva de la vida de Cristo, para que los votos perpetuos sean un fiel reflejo de toda su vida.<\/p>\n\n\n\n<p>Seguro de lo que deseaba, Eustaquio sigui\u00f3 el camino de su h\u00e9roe de la infancia: San Dami\u00e1n de Molokai, el ap\u00f3stol de los leprosos. Desde peque\u00f1o, el futuro Padre Eustaquio conoc\u00eda sus aventuras y hero\u00edsmo, pero en su adolescencia, la lectura de la vida de San Dami\u00e1n lo cautiv\u00f3 tanto que, desde entonces, su gran sue\u00f1o fue ser misionero como \u00e9l. <\/p>\n\n\n\n<p>Tres a\u00f1os despu\u00e9s, en marzo de 1918, el Padre Eustaquio profes\u00f3 sus votos perpetuos, convirti\u00e9ndose as\u00ed en religioso para siempre dedicado a los Sagrados Corazones de Jes\u00fas y de Mar\u00eda y a la Adoraci\u00f3n Perpetua.<\/p>\n\n\n\n<p>VIDA RELIGIOSA<\/p>\n\n\n\n<p>Tan pronto como un joven ingresa a una Congregaci\u00f3n, se abre un per\u00edodo de discernimiento para que experimente y decida si desea o no seguir la vida religiosa. En este camino, existen dos tipos de votos: temporales y perpetuos. Estas dos hermosas realidades del ingreso a la vida religiosa son la culminaci\u00f3n de todo un camino, donde el joven declarar\u00e1, por iniciativa propia y responsabilidad, su deseo de seguir a Cristo, el Redentor. Los votos temporales son precisamente la anticipaci\u00f3n de un deseo definitivo. Los votos perpetuos representan la firme decisi\u00f3n de abrazar el gran gesto de Cristo, evangelizando y entregando la propia vida con la radicalidad del Evangelio.<\/p>\n\n\n\n<p><\/p>\n\n\n\n<p><\/p>\n\n\n\n<p><em>**Escrito con informaci\u00f3n del sitio web Pai Eterno (Padre Natalino Martins), recuperado del portal <a href=\"https:\/\/www.paieterno.com.br\/2015\/08\/12\/votos-temporarios-e-perpetuos-a-decisao-final-de-servir-ao-pai\/\" target=\"_blank\" rel=\"noreferrer noopener\">paieterno.com\/noticias<\/a><\/em><\/p>","protected":false},"excerpt":{"rendered":"<p>Foi em janeiro de 1915, menos de dois anos depois de se tornar novi\u00e7o na Congrega\u00e7\u00e3o dos Sagrados Cora\u00e7\u00f5es, que Eust\u00e1quio firmou seu compromisso com a vida religiosa. Eust\u00e1quio prometeu: Pobreza, Obedi\u00eancia e Castidade fazendo assim, seus votos tempor\u00e1rios na Congrega\u00e7\u00e3o. O jovem Eust\u00e1quio havia ingressado no Semin\u00e1rio Menor da Congrega\u00e7\u00e3o aos 25 anos de idade, em 1905 e dez anos depois faz seu compromisso com Deus, com ele mesmo e com os irm\u00e3os. Os votos s\u00e3o uma esp\u00e9cie de compromisso que a pessoa firma no intuito da certeza \u00e0 dedica\u00e7\u00e3o. E o tempo de prepara\u00e7\u00e3o n\u00e3o \u00e9 curto, por [&hellip;]<\/p>\n","protected":false},"author":2,"featured_media":7872,"comment_status":"open","ping_status":"closed","sticky":false,"template":"","format":"standard","meta":{"_acf_changed":false,"footnotes":""},"categories":[611],"tags":[],"class_list":["post-7871","post","type-post","status-publish","format-standard","has-post-thumbnail","hentry","category-noticias"],"acf":[],"yoast_head":"<!-- This site is optimized with the Yoast SEO plugin v27.2 - https:\/\/yoast.com\/product\/yoast-seo-wordpress\/ -->\n<title>H\u00e1 107 anos Padre Eust\u00e1quio professava seus votos tempor\u00e1rios como religioso<\/title>\n<meta name=\"description\" content=\"Foi em janeiro de 1915, menos de dois anos depois de se tornar novi\u00e7o na Congrega\u00e7\u00e3o dos Sagrados Cora\u00e7\u00f5es, que Eust\u00e1quio firmou seu compromisso com a vida religiosa. Eust\u00e1quio prometeu: Pobreza, Obedi\u00eancia e Castidade fazendo assim, seus votos tempor\u00e1rios na Congrega\u00e7\u00e3o.\" \/>\n<meta name=\"robots\" content=\"index, follow, max-snippet:-1, max-image-preview:large, max-video-preview:-1\" \/>\n<link rel=\"canonical\" href=\"https:\/\/www.padreeustaquio.com.br\/es\/hace-107-anos-el-padre-eustaquio-profeso-sus-votos-temporales-como-religioso\/\" \/>\n<meta property=\"og:locale\" content=\"es_ES\" \/>\n<meta property=\"og:type\" content=\"article\" \/>\n<meta property=\"og:title\" content=\"H\u00e1 107 anos Padre Eust\u00e1quio professava seus votos tempor\u00e1rios como religioso\" \/>\n<meta property=\"og:description\" content=\"Foi em janeiro de 1915, menos de dois anos depois de se tornar novi\u00e7o na Congrega\u00e7\u00e3o dos Sagrados Cora\u00e7\u00f5es, que Eust\u00e1quio firmou seu compromisso com a vida religiosa. Eust\u00e1quio prometeu: Pobreza, Obedi\u00eancia e Castidade fazendo assim, seus votos tempor\u00e1rios na Congrega\u00e7\u00e3o.\" \/>\n<meta property=\"og:url\" content=\"https:\/\/www.padreeustaquio.com.br\/es\/hace-107-anos-el-padre-eustaquio-profeso-sus-votos-temporales-como-religioso\/\" \/>\n<meta property=\"og:site_name\" content=\"Padre Eust\u00e1quio\" \/>\n<meta property=\"article:publisher\" content=\"https:\/\/www.facebook.com\/beatopadreeustaquio\/\" \/>\n<meta property=\"article:published_time\" content=\"2022-01-10T09:03:00+00:00\" \/>\n<meta property=\"og:image\" content=\"https:\/\/www.padreeustaquio.com.br\/wp-content\/uploads\/2022\/01\/07-1-scaled.jpg\" \/>\n\t<meta property=\"og:image:width\" content=\"2560\" \/>\n\t<meta property=\"og:image:height\" content=\"1724\" \/>\n\t<meta property=\"og:image:type\" content=\"image\/jpeg\" \/>\n<meta name=\"author\" content=\"@sscc\" \/>\n<meta name=\"twitter:card\" content=\"summary_large_image\" \/>\n<meta name=\"twitter:creator\" content=\"@beatopeustaquio\" \/>\n<meta name=\"twitter:site\" content=\"@beatopeustaquio\" \/>\n<meta name=\"twitter:label1\" content=\"Escrito por\" \/>\n\t<meta name=\"twitter:data1\" content=\"@sscc\" \/>\n\t<meta name=\"twitter:label2\" content=\"Tiempo de lectura\" \/>\n\t<meta name=\"twitter:data2\" content=\"2 minutos\" \/>\n<script type=\"application\/ld+json\" class=\"yoast-schema-graph\">{\"@context\":\"https:\/\/schema.org\",\"@graph\":[{\"@type\":\"Article\",\"@id\":\"https:\/\/www.padreeustaquio.com.br\/ha-107-anos-padre-eustaquio-professava-seus-votos-temporarios-como-religioso\/#article\",\"isPartOf\":{\"@id\":\"https:\/\/www.padreeustaquio.com.br\/ha-107-anos-padre-eustaquio-professava-seus-votos-temporarios-como-religioso\/\"},\"author\":{\"name\":\"@sscc\",\"@id\":\"https:\/\/www.padreeustaquio.com.br\/#\/schema\/person\/a2a51db1d00f1a7af0204a0f1ddb1566\"},\"headline\":\"H\u00e1 107 anos Padre Eust\u00e1quio professava seus votos tempor\u00e1rios como religioso\",\"datePublished\":\"2022-01-10T09:03:00+00:00\",\"mainEntityOfPage\":{\"@id\":\"https:\/\/www.padreeustaquio.com.br\/ha-107-anos-padre-eustaquio-professava-seus-votos-temporarios-como-religioso\/\"},\"wordCount\":461,\"commentCount\":0,\"publisher\":{\"@id\":\"https:\/\/www.padreeustaquio.com.br\/#organization\"},\"image\":{\"@id\":\"https:\/\/www.padreeustaquio.com.br\/ha-107-anos-padre-eustaquio-professava-seus-votos-temporarios-como-religioso\/#primaryimage\"},\"thumbnailUrl\":\"https:\/\/www.padreeustaquio.com.br\/wp-content\/uploads\/2022\/01\/07-1-scaled.jpg\",\"articleSection\":[\"Not\u00edcias\"],\"inLanguage\":\"es\",\"potentialAction\":[{\"@type\":\"CommentAction\",\"name\":\"Comment\",\"target\":[\"https:\/\/www.padreeustaquio.com.br\/ha-107-anos-padre-eustaquio-professava-seus-votos-temporarios-como-religioso\/#respond\"]}]},{\"@type\":\"WebPage\",\"@id\":\"https:\/\/www.padreeustaquio.com.br\/ha-107-anos-padre-eustaquio-professava-seus-votos-temporarios-como-religioso\/\",\"url\":\"https:\/\/www.padreeustaquio.com.br\/ha-107-anos-padre-eustaquio-professava-seus-votos-temporarios-como-religioso\/\",\"name\":\"H\u00e1 107 anos Padre Eust\u00e1quio professava seus votos tempor\u00e1rios como religioso\",\"isPartOf\":{\"@id\":\"https:\/\/www.padreeustaquio.com.br\/#website\"},\"primaryImageOfPage\":{\"@id\":\"https:\/\/www.padreeustaquio.com.br\/ha-107-anos-padre-eustaquio-professava-seus-votos-temporarios-como-religioso\/#primaryimage\"},\"image\":{\"@id\":\"https:\/\/www.padreeustaquio.com.br\/ha-107-anos-padre-eustaquio-professava-seus-votos-temporarios-como-religioso\/#primaryimage\"},\"thumbnailUrl\":\"https:\/\/www.padreeustaquio.com.br\/wp-content\/uploads\/2022\/01\/07-1-scaled.jpg\",\"datePublished\":\"2022-01-10T09:03:00+00:00\",\"description\":\"Foi em janeiro de 1915, menos de dois anos depois de se tornar novi\u00e7o na Congrega\u00e7\u00e3o dos Sagrados Cora\u00e7\u00f5es, que Eust\u00e1quio firmou seu compromisso com a vida religiosa. Eust\u00e1quio prometeu: Pobreza, Obedi\u00eancia e Castidade fazendo assim, seus votos tempor\u00e1rios na Congrega\u00e7\u00e3o.\",\"breadcrumb\":{\"@id\":\"https:\/\/www.padreeustaquio.com.br\/ha-107-anos-padre-eustaquio-professava-seus-votos-temporarios-como-religioso\/#breadcrumb\"},\"inLanguage\":\"es\",\"potentialAction\":[{\"@type\":\"ReadAction\",\"target\":[\"https:\/\/www.padreeustaquio.com.br\/ha-107-anos-padre-eustaquio-professava-seus-votos-temporarios-como-religioso\/\"]}]},{\"@type\":\"ImageObject\",\"inLanguage\":\"es\",\"@id\":\"https:\/\/www.padreeustaquio.com.br\/ha-107-anos-padre-eustaquio-professava-seus-votos-temporarios-como-religioso\/#primaryimage\",\"url\":\"https:\/\/www.padreeustaquio.com.br\/wp-content\/uploads\/2022\/01\/07-1-scaled.jpg\",\"contentUrl\":\"https:\/\/www.padreeustaquio.com.br\/wp-content\/uploads\/2022\/01\/07-1-scaled.jpg\",\"width\":2560,\"height\":1724},{\"@type\":\"BreadcrumbList\",\"@id\":\"https:\/\/www.padreeustaquio.com.br\/ha-107-anos-padre-eustaquio-professava-seus-votos-temporarios-como-religioso\/#breadcrumb\",\"itemListElement\":[{\"@type\":\"ListItem\",\"position\":1,\"name\":\"In\u00edcio\",\"item\":\"https:\/\/www.padreeustaquio.com.br\/\"},{\"@type\":\"ListItem\",\"position\":2,\"name\":\"H\u00e1 107 anos Padre Eust\u00e1quio professava seus votos tempor\u00e1rios como religioso\"}]},{\"@type\":\"WebSite\",\"@id\":\"https:\/\/www.padreeustaquio.com.br\/#website\",\"url\":\"https:\/\/www.padreeustaquio.com.br\/\",\"name\":\"Padre Eust\u00e1quio\",\"description\":\"Sa\u00fade e Paz\",\"publisher\":{\"@id\":\"https:\/\/www.padreeustaquio.com.br\/#organization\"},\"potentialAction\":[{\"@type\":\"SearchAction\",\"target\":{\"@type\":\"EntryPoint\",\"urlTemplate\":\"https:\/\/www.padreeustaquio.com.br\/?s={search_term_string}\"},\"query-input\":{\"@type\":\"PropertyValueSpecification\",\"valueRequired\":true,\"valueName\":\"search_term_string\"}}],\"inLanguage\":\"es\"},{\"@type\":\"Organization\",\"@id\":\"https:\/\/www.padreeustaquio.com.br\/#organization\",\"name\":\"Padre Eust\u00e1quio\",\"url\":\"https:\/\/www.padreeustaquio.com.br\/\",\"logo\":{\"@type\":\"ImageObject\",\"inLanguage\":\"es\",\"@id\":\"https:\/\/www.padreeustaquio.com.br\/#\/schema\/logo\/image\/\",\"url\":\"https:\/\/www.padreeustaquio.com.br\/wp-content\/uploads\/2019\/08\/marca.png\",\"contentUrl\":\"https:\/\/www.padreeustaquio.com.br\/wp-content\/uploads\/2019\/08\/marca.png\",\"width\":350,\"height\":400,\"caption\":\"Padre Eust\u00e1quio\"},\"image\":{\"@id\":\"https:\/\/www.padreeustaquio.com.br\/#\/schema\/logo\/image\/\"},\"sameAs\":[\"https:\/\/www.facebook.com\/beatopadreeustaquio\/\",\"https:\/\/x.com\/beatopeustaquio\",\"https:\/\/www.instagram.com\/beatopadreeustaquio\/\",\"https:\/\/www.youtube.com\/channel\/UCRhw7vfabnajwLxb1ZXMeIw\"]},{\"@type\":\"Person\",\"@id\":\"https:\/\/www.padreeustaquio.com.br\/#\/schema\/person\/a2a51db1d00f1a7af0204a0f1ddb1566\",\"name\":\"@sscc\",\"image\":{\"@type\":\"ImageObject\",\"inLanguage\":\"es\",\"@id\":\"https:\/\/secure.gravatar.com\/avatar\/68cfafa5f44617fea54071e215026e0ff06be366c3d54a8425f04fdcb86f8c5f?s=96&d=mm&r=g\",\"url\":\"https:\/\/secure.gravatar.com\/avatar\/68cfafa5f44617fea54071e215026e0ff06be366c3d54a8425f04fdcb86f8c5f?s=96&d=mm&r=g\",\"contentUrl\":\"https:\/\/secure.gravatar.com\/avatar\/68cfafa5f44617fea54071e215026e0ff06be366c3d54a8425f04fdcb86f8c5f?s=96&d=mm&r=g\",\"caption\":\"@sscc\"},\"url\":\"https:\/\/www.padreeustaquio.com.br\/es\/author\/sscc\/\"}]}<\/script>\n<!-- \/ Yoast SEO plugin. -->","yoast_head_json":{"title":"Hace 107 a\u00f1os, el Padre Eustaquio profes\u00f3 sus votos temporales como religioso.","description":"Fue en enero de 1915, menos de dos a\u00f1os despu\u00e9s de ingresar como novicio en la Congregaci\u00f3n de los Sagrados Corazones, que Eustace se comprometi\u00f3 con la vida religiosa. Hizo votos de Pobreza, Obediencia y Castidad, emitiendo as\u00ed sus votos temporales en la Congregaci\u00f3n.","robots":{"index":"index","follow":"follow","max-snippet":"max-snippet:-1","max-image-preview":"max-image-preview:large","max-video-preview":"max-video-preview:-1"},"canonical":"https:\/\/www.padreeustaquio.com.br\/es\/hace-107-anos-el-padre-eustaquio-profeso-sus-votos-temporales-como-religioso\/","og_locale":"es_ES","og_type":"article","og_title":"H\u00e1 107 anos Padre Eust\u00e1quio professava seus votos tempor\u00e1rios como religioso","og_description":"Foi em janeiro de 1915, menos de dois anos depois de se tornar novi\u00e7o na Congrega\u00e7\u00e3o dos Sagrados Cora\u00e7\u00f5es, que Eust\u00e1quio firmou seu compromisso com a vida religiosa. Eust\u00e1quio prometeu: Pobreza, Obedi\u00eancia e Castidade fazendo assim, seus votos tempor\u00e1rios na Congrega\u00e7\u00e3o.","og_url":"https:\/\/www.padreeustaquio.com.br\/es\/hace-107-anos-el-padre-eustaquio-profeso-sus-votos-temporales-como-religioso\/","og_site_name":"Padre Eust\u00e1quio","article_publisher":"https:\/\/www.facebook.com\/beatopadreeustaquio\/","article_published_time":"2022-01-10T09:03:00+00:00","og_image":[{"width":2560,"height":1724,"url":"https:\/\/www.padreeustaquio.com.br\/wp-content\/uploads\/2022\/01\/07-1-scaled.jpg","type":"image\/jpeg"}],"author":"@sscc","twitter_card":"summary_large_image","twitter_creator":"@beatopeustaquio","twitter_site":"@beatopeustaquio","twitter_misc":{"Escrito por":"@sscc","Tiempo de lectura":"2 minutos"},"schema":{"@context":"https:\/\/schema.org","@graph":[{"@type":"Article","@id":"https:\/\/www.padreeustaquio.com.br\/ha-107-anos-padre-eustaquio-professava-seus-votos-temporarios-como-religioso\/#article","isPartOf":{"@id":"https:\/\/www.padreeustaquio.com.br\/ha-107-anos-padre-eustaquio-professava-seus-votos-temporarios-como-religioso\/"},"author":{"name":"@sscc","@id":"https:\/\/www.padreeustaquio.com.br\/#\/schema\/person\/a2a51db1d00f1a7af0204a0f1ddb1566"},"headline":"H\u00e1 107 anos Padre Eust\u00e1quio professava seus votos tempor\u00e1rios como religioso","datePublished":"2022-01-10T09:03:00+00:00","mainEntityOfPage":{"@id":"https:\/\/www.padreeustaquio.com.br\/ha-107-anos-padre-eustaquio-professava-seus-votos-temporarios-como-religioso\/"},"wordCount":461,"commentCount":0,"publisher":{"@id":"https:\/\/www.padreeustaquio.com.br\/#organization"},"image":{"@id":"https:\/\/www.padreeustaquio.com.br\/ha-107-anos-padre-eustaquio-professava-seus-votos-temporarios-como-religioso\/#primaryimage"},"thumbnailUrl":"https:\/\/www.padreeustaquio.com.br\/wp-content\/uploads\/2022\/01\/07-1-scaled.jpg","articleSection":["Not\u00edcias"],"inLanguage":"es","potentialAction":[{"@type":"CommentAction","name":"Comment","target":["https:\/\/www.padreeustaquio.com.br\/ha-107-anos-padre-eustaquio-professava-seus-votos-temporarios-como-religioso\/#respond"]}]},{"@type":"WebPage","@id":"https:\/\/www.padreeustaquio.com.br\/ha-107-anos-padre-eustaquio-professava-seus-votos-temporarios-como-religioso\/","url":"https:\/\/www.padreeustaquio.com.br\/ha-107-anos-padre-eustaquio-professava-seus-votos-temporarios-como-religioso\/","name":"Hace 107 a\u00f1os, el Padre Eustaquio profes\u00f3 sus votos temporales como religioso.","isPartOf":{"@id":"https:\/\/www.padreeustaquio.com.br\/#website"},"primaryImageOfPage":{"@id":"https:\/\/www.padreeustaquio.com.br\/ha-107-anos-padre-eustaquio-professava-seus-votos-temporarios-como-religioso\/#primaryimage"},"image":{"@id":"https:\/\/www.padreeustaquio.com.br\/ha-107-anos-padre-eustaquio-professava-seus-votos-temporarios-como-religioso\/#primaryimage"},"thumbnailUrl":"https:\/\/www.padreeustaquio.com.br\/wp-content\/uploads\/2022\/01\/07-1-scaled.jpg","datePublished":"2022-01-10T09:03:00+00:00","description":"Fue en enero de 1915, menos de dos a\u00f1os despu\u00e9s de ingresar como novicio en la Congregaci\u00f3n de los Sagrados Corazones, que Eustace se comprometi\u00f3 con la vida religiosa. Hizo votos de Pobreza, Obediencia y Castidad, emitiendo as\u00ed sus votos temporales en la Congregaci\u00f3n.","breadcrumb":{"@id":"https:\/\/www.padreeustaquio.com.br\/ha-107-anos-padre-eustaquio-professava-seus-votos-temporarios-como-religioso\/#breadcrumb"},"inLanguage":"es","potentialAction":[{"@type":"ReadAction","target":["https:\/\/www.padreeustaquio.com.br\/ha-107-anos-padre-eustaquio-professava-seus-votos-temporarios-como-religioso\/"]}]},{"@type":"ImageObject","inLanguage":"es","@id":"https:\/\/www.padreeustaquio.com.br\/ha-107-anos-padre-eustaquio-professava-seus-votos-temporarios-como-religioso\/#primaryimage","url":"https:\/\/www.padreeustaquio.com.br\/wp-content\/uploads\/2022\/01\/07-1-scaled.jpg","contentUrl":"https:\/\/www.padreeustaquio.com.br\/wp-content\/uploads\/2022\/01\/07-1-scaled.jpg","width":2560,"height":1724},{"@type":"BreadcrumbList","@id":"https:\/\/www.padreeustaquio.com.br\/ha-107-anos-padre-eustaquio-professava-seus-votos-temporarios-como-religioso\/#breadcrumb","itemListElement":[{"@type":"ListItem","position":1,"name":"In\u00edcio","item":"https:\/\/www.padreeustaquio.com.br\/"},{"@type":"ListItem","position":2,"name":"H\u00e1 107 anos Padre Eust\u00e1quio professava seus votos tempor\u00e1rios como religioso"}]},{"@type":"WebSite","@id":"https:\/\/www.padreeustaquio.com.br\/#website","url":"https:\/\/www.padreeustaquio.com.br\/","name":"Padre Eustace","description":"Salud y Paz","publisher":{"@id":"https:\/\/www.padreeustaquio.com.br\/#organization"},"potentialAction":[{"@type":"SearchAction","target":{"@type":"EntryPoint","urlTemplate":"https:\/\/www.padreeustaquio.com.br\/?s={search_term_string}"},"query-input":{"@type":"PropertyValueSpecification","valueRequired":true,"valueName":"search_term_string"}}],"inLanguage":"es"},{"@type":"Organization","@id":"https:\/\/www.padreeustaquio.com.br\/#organization","name":"Padre Eustace","url":"https:\/\/www.padreeustaquio.com.br\/","logo":{"@type":"ImageObject","inLanguage":"es","@id":"https:\/\/www.padreeustaquio.com.br\/#\/schema\/logo\/image\/","url":"https:\/\/www.padreeustaquio.com.br\/wp-content\/uploads\/2019\/08\/marca.png","contentUrl":"https:\/\/www.padreeustaquio.com.br\/wp-content\/uploads\/2019\/08\/marca.png","width":350,"height":400,"caption":"Padre Eust\u00e1quio"},"image":{"@id":"https:\/\/www.padreeustaquio.com.br\/#\/schema\/logo\/image\/"},"sameAs":["https:\/\/www.facebook.com\/beatopadreeustaquio\/","https:\/\/x.com\/beatopeustaquio","https:\/\/www.instagram.com\/beatopadreeustaquio\/","https:\/\/www.youtube.com\/channel\/UCRhw7vfabnajwLxb1ZXMeIw"]},{"@type":"Person","@id":"https:\/\/www.padreeustaquio.com.br\/#\/schema\/person\/a2a51db1d00f1a7af0204a0f1ddb1566","name":"@sscc","image":{"@type":"ImageObject","inLanguage":"es","@id":"https:\/\/secure.gravatar.com\/avatar\/68cfafa5f44617fea54071e215026e0ff06be366c3d54a8425f04fdcb86f8c5f?s=96&d=mm&r=g","url":"https:\/\/secure.gravatar.com\/avatar\/68cfafa5f44617fea54071e215026e0ff06be366c3d54a8425f04fdcb86f8c5f?s=96&d=mm&r=g","contentUrl":"https:\/\/secure.gravatar.com\/avatar\/68cfafa5f44617fea54071e215026e0ff06be366c3d54a8425f04fdcb86f8c5f?s=96&d=mm&r=g","caption":"@sscc"},"url":"https:\/\/www.padreeustaquio.com.br\/es\/author\/sscc\/"}]}},"_links":{"self":[{"href":"https:\/\/www.padreeustaquio.com.br\/es\/wp-json\/wp\/v2\/posts\/7871","targetHints":{"allow":["GET"]}}],"collection":[{"href":"https:\/\/www.padreeustaquio.com.br\/es\/wp-json\/wp\/v2\/posts"}],"about":[{"href":"https:\/\/www.padreeustaquio.com.br\/es\/wp-json\/wp\/v2\/types\/post"}],"author":[{"embeddable":true,"href":"https:\/\/www.padreeustaquio.com.br\/es\/wp-json\/wp\/v2\/users\/2"}],"replies":[{"embeddable":true,"href":"https:\/\/www.padreeustaquio.com.br\/es\/wp-json\/wp\/v2\/comments?post=7871"}],"version-history":[{"count":0,"href":"https:\/\/www.padreeustaquio.com.br\/es\/wp-json\/wp\/v2\/posts\/7871\/revisions"}],"wp:featuredmedia":[{"embeddable":true,"href":"https:\/\/www.padreeustaquio.com.br\/es\/wp-json\/wp\/v2\/media\/7872"}],"wp:attachment":[{"href":"https:\/\/www.padreeustaquio.com.br\/es\/wp-json\/wp\/v2\/media?parent=7871"}],"wp:term":[{"taxonomy":"category","embeddable":true,"href":"https:\/\/www.padreeustaquio.com.br\/es\/wp-json\/wp\/v2\/categories?post=7871"},{"taxonomy":"post_tag","embeddable":true,"href":"https:\/\/www.padreeustaquio.com.br\/es\/wp-json\/wp\/v2\/tags?post=7871"}],"curies":[{"name":"wp","href":"https:\/\/api.w.org\/{rel}","templated":true}]}}