{"id":7865,"date":"2022-01-07T05:50:00","date_gmt":"2022-01-07T08:50:00","guid":{"rendered":"https:\/\/www.padreeustaquio.com.br\/?p=7865"},"modified":"2022-01-04T13:59:15","modified_gmt":"2022-01-04T16:59:15","slug":"grupos-de-whatsapp-dedicados-al-padre-eustaquio-han-reunido-a-cerca-de-600-devotos","status":"publish","type":"post","link":"https:\/\/www.padreeustaquio.com.br\/es\/grupos-de-whatsapp-dedicados-al-padre-eustaquio-han-reunido-a-cerca-de-600-devotos\/","title":{"rendered":"Grupos de WhatsApp dedicados al Padre Eustaquio han reunido a cerca de 600 devotos."},"content":{"rendered":"<p>Imagina un canal de comunicaci\u00f3n con la vicepostulaci\u00f3n de la Causa de Canonizaci\u00f3n del Beato Padre Eustaquio, donde recibir\u00e1s fotos de primera mano, noticias y mucha informaci\u00f3n sobre el Beato. Este es el objetivo del grupo de WhatsApp Devotos del Padre Eustaquio.<\/p>\n\n\n\n<p>El canal de comunicaci\u00f3n se cre\u00f3 en abril de 2021 y cuenta con la participaci\u00f3n de casi 600 fieles en tres grupos. Se trata de personas de varios estados brasile\u00f1os y de otros pa\u00edses.<\/p>\n\n\n\n<p>El grupo es cerrado a la interacci\u00f3n y solo recibe actualizaciones de los administradores de 3 a 4 veces por semana. Espor\u00e1dicamente, el grupo se abre para que los participantes compartan un poco de su historia de devoci\u00f3n al Bendito.<\/p>\n\n\n\n<p>Unirse al grupo es muy sencillo, solo env\u00eda un mensaje de WhatsApp al n\u00famero (31) 99545-1943 <a href=\"https:\/\/api.whatsapp.com\/send?phone=5531995451943&amp;text=Sa%C3%BAde%20e%20Paz!%20Entrei%20pelo%20link%20do%20site%20e%20gostaria%20de%20uma%20informa%C3%A7%C3%A3o.%20Podem%20me%20ajudar?\" target=\"_blank\" rel=\"noreferrer noopener\">Haga clic aqu\u00ed.<\/a><\/p>\n\n\n\n<p>Puedes ayudarnos a difundir este canal dedicado al Bendito. \u00a1Es muy sencillo! Copia el siguiente mensaje y comp\u00e1rtelo en WhatsApp con tus amigos y familiares:<\/p>\n\n\n\n<p>\u00bfTe gustar\u00eda saber m\u00e1s sobre la historia del Beato Padre Eustaquio, misionero de la Salud y la Paz? \u00danete a nuestro grupo EXCLUSIVO sobre el Beato. Para ello, simplemente haz clic en el siguiente enlace y solicita unirte al grupo. \u00a1Es gratis! <br>https:\/\/chat.whatsapp.com\/GATqLaHorFILWSvjBlyl4Q<\/p>\n\n\n\n<p><\/p>","protected":false},"excerpt":{"rendered":"<p>Imagina um canal de comunica\u00e7\u00e3o com a vice-postula\u00e7\u00e3o da Causa de Canoniza\u00e7\u00e3o do Beato Padre Eust\u00e1quio, onde voc\u00ea recebe em primeira m\u00e3o, fotos, not\u00edcias e muitas informa\u00e7\u00f5es sobre o Bem-aventurado. Este \u00e9 o objetivo do grupo de WhatsApp Devotos de Padre Eust\u00e1quio. O canal de comunica\u00e7\u00e3o foi criado em abril de 2021 e conta com a participa\u00e7\u00e3o de quase 600 devotos em tr\u00eas grupos. S\u00e3o pessoas de v\u00e1rios estados brasileiros e de outros pa\u00edses. O grupo \u00e9 fechado para intera\u00e7\u00e3o recebendo atualiza\u00e7\u00e3o apenas dos administradores de 3 a 4 vezes por semana. Esporadicamente, o grupo \u00e9 aberto para que os [&hellip;]<\/p>\n","protected":false},"author":2,"featured_media":7866,"comment_status":"open","ping_status":"closed","sticky":false,"template":"","format":"standard","meta":{"_acf_changed":false,"footnotes":""},"categories":[611],"tags":[],"class_list":["post-7865","post","type-post","status-publish","format-standard","has-post-thumbnail","hentry","category-noticias"],"acf":[],"yoast_head":"<!-- This site is optimized with the Yoast SEO plugin v27.2 - https:\/\/yoast.com\/product\/yoast-seo-wordpress\/ -->\n<title>Grupos de Whats&#039;App de Devo\u00e7\u00e3o a Padre Eust\u00e1quio re\u00fanem quase 600 devotos<\/title>\n<meta name=\"description\" content=\"Imagina um canal de comunica\u00e7\u00e3o com a vice-postula\u00e7\u00e3o da Causa de Canoniza\u00e7\u00e3o do Beato Padre Eust\u00e1quio, onde voc\u00ea recebe em primeira m\u00e3o, fotos, not\u00edcias e muitas informa\u00e7\u00f5es sobre o Bem-aventurado. Este \u00e9 o objetivo do grupo de WhatsApp Devotos de Padre Eust\u00e1quio.\" \/>\n<meta name=\"robots\" content=\"index, follow, max-snippet:-1, max-image-preview:large, max-video-preview:-1\" \/>\n<link rel=\"canonical\" href=\"https:\/\/www.padreeustaquio.com.br\/es\/grupos-de-whatsapp-dedicados-al-padre-eustaquio-han-reunido-a-cerca-de-600-devotos\/\" \/>\n<meta property=\"og:locale\" content=\"es_ES\" \/>\n<meta property=\"og:type\" content=\"article\" \/>\n<meta property=\"og:title\" content=\"Grupos de Whats&#039;App de Devo\u00e7\u00e3o a Padre Eust\u00e1quio re\u00fanem quase 600 devotos\" \/>\n<meta property=\"og:description\" content=\"Imagina um canal de comunica\u00e7\u00e3o com a vice-postula\u00e7\u00e3o da Causa de Canoniza\u00e7\u00e3o do Beato Padre Eust\u00e1quio, onde voc\u00ea recebe em primeira m\u00e3o, fotos, not\u00edcias e muitas informa\u00e7\u00f5es sobre o Bem-aventurado. Este \u00e9 o objetivo do grupo de WhatsApp Devotos de Padre Eust\u00e1quio.\" \/>\n<meta property=\"og:url\" content=\"https:\/\/www.padreeustaquio.com.br\/es\/grupos-de-whatsapp-dedicados-al-padre-eustaquio-han-reunido-a-cerca-de-600-devotos\/\" \/>\n<meta property=\"og:site_name\" content=\"Padre Eust\u00e1quio\" \/>\n<meta property=\"article:publisher\" content=\"https:\/\/www.facebook.com\/beatopadreeustaquio\/\" \/>\n<meta property=\"article:published_time\" content=\"2022-01-07T08:50:00+00:00\" \/>\n<meta property=\"og:image\" content=\"https:\/\/www.padreeustaquio.com.br\/wp-content\/uploads\/2022\/01\/WhatsApp-Image-2022-01-03-at-14.42.31.jpeg\" \/>\n\t<meta property=\"og:image:width\" content=\"1600\" \/>\n\t<meta property=\"og:image:height\" content=\"900\" \/>\n\t<meta property=\"og:image:type\" content=\"image\/jpeg\" \/>\n<meta name=\"author\" content=\"@sscc\" \/>\n<meta name=\"twitter:card\" content=\"summary_large_image\" \/>\n<meta name=\"twitter:creator\" content=\"@beatopeustaquio\" \/>\n<meta name=\"twitter:site\" content=\"@beatopeustaquio\" \/>\n<meta name=\"twitter:label1\" content=\"Escrito por\" \/>\n\t<meta name=\"twitter:data1\" content=\"@sscc\" \/>\n\t<meta name=\"twitter:label2\" content=\"Tiempo de lectura\" \/>\n\t<meta name=\"twitter:data2\" content=\"1 minuto\" \/>\n<script type=\"application\/ld+json\" class=\"yoast-schema-graph\">{\"@context\":\"https:\/\/schema.org\",\"@graph\":[{\"@type\":\"Article\",\"@id\":\"https:\/\/www.padreeustaquio.com.br\/grupos-de-whatsapp-de-devocao-a-padre-eustaquio-reunem-quase-600-devotos\/#article\",\"isPartOf\":{\"@id\":\"https:\/\/www.padreeustaquio.com.br\/grupos-de-whatsapp-de-devocao-a-padre-eustaquio-reunem-quase-600-devotos\/\"},\"author\":{\"name\":\"@sscc\",\"@id\":\"https:\/\/www.padreeustaquio.com.br\/#\/schema\/person\/a2a51db1d00f1a7af0204a0f1ddb1566\"},\"headline\":\"Grupos de Whats&#8217;App de Devo\u00e7\u00e3o a Padre Eust\u00e1quio re\u00fanem quase 600 devotos\",\"datePublished\":\"2022-01-07T08:50:00+00:00\",\"mainEntityOfPage\":{\"@id\":\"https:\/\/www.padreeustaquio.com.br\/grupos-de-whatsapp-de-devocao-a-padre-eustaquio-reunem-quase-600-devotos\/\"},\"wordCount\":239,\"commentCount\":0,\"publisher\":{\"@id\":\"https:\/\/www.padreeustaquio.com.br\/#organization\"},\"image\":{\"@id\":\"https:\/\/www.padreeustaquio.com.br\/grupos-de-whatsapp-de-devocao-a-padre-eustaquio-reunem-quase-600-devotos\/#primaryimage\"},\"thumbnailUrl\":\"https:\/\/www.padreeustaquio.com.br\/wp-content\/uploads\/2022\/01\/WhatsApp-Image-2022-01-03-at-14.42.31.jpeg\",\"articleSection\":[\"Not\u00edcias\"],\"inLanguage\":\"es\",\"potentialAction\":[{\"@type\":\"CommentAction\",\"name\":\"Comment\",\"target\":[\"https:\/\/www.padreeustaquio.com.br\/grupos-de-whatsapp-de-devocao-a-padre-eustaquio-reunem-quase-600-devotos\/#respond\"]}]},{\"@type\":\"WebPage\",\"@id\":\"https:\/\/www.padreeustaquio.com.br\/grupos-de-whatsapp-de-devocao-a-padre-eustaquio-reunem-quase-600-devotos\/\",\"url\":\"https:\/\/www.padreeustaquio.com.br\/grupos-de-whatsapp-de-devocao-a-padre-eustaquio-reunem-quase-600-devotos\/\",\"name\":\"Grupos de Whats'App de Devo\u00e7\u00e3o a Padre Eust\u00e1quio re\u00fanem quase 600 devotos\",\"isPartOf\":{\"@id\":\"https:\/\/www.padreeustaquio.com.br\/#website\"},\"primaryImageOfPage\":{\"@id\":\"https:\/\/www.padreeustaquio.com.br\/grupos-de-whatsapp-de-devocao-a-padre-eustaquio-reunem-quase-600-devotos\/#primaryimage\"},\"image\":{\"@id\":\"https:\/\/www.padreeustaquio.com.br\/grupos-de-whatsapp-de-devocao-a-padre-eustaquio-reunem-quase-600-devotos\/#primaryimage\"},\"thumbnailUrl\":\"https:\/\/www.padreeustaquio.com.br\/wp-content\/uploads\/2022\/01\/WhatsApp-Image-2022-01-03-at-14.42.31.jpeg\",\"datePublished\":\"2022-01-07T08:50:00+00:00\",\"description\":\"Imagina um canal de comunica\u00e7\u00e3o com a vice-postula\u00e7\u00e3o da Causa de Canoniza\u00e7\u00e3o do Beato Padre Eust\u00e1quio, onde voc\u00ea recebe em primeira m\u00e3o, fotos, not\u00edcias e muitas informa\u00e7\u00f5es sobre o Bem-aventurado. Este \u00e9 o objetivo do grupo de WhatsApp Devotos de Padre Eust\u00e1quio.\",\"breadcrumb\":{\"@id\":\"https:\/\/www.padreeustaquio.com.br\/grupos-de-whatsapp-de-devocao-a-padre-eustaquio-reunem-quase-600-devotos\/#breadcrumb\"},\"inLanguage\":\"es\",\"potentialAction\":[{\"@type\":\"ReadAction\",\"target\":[\"https:\/\/www.padreeustaquio.com.br\/grupos-de-whatsapp-de-devocao-a-padre-eustaquio-reunem-quase-600-devotos\/\"]}]},{\"@type\":\"ImageObject\",\"inLanguage\":\"es\",\"@id\":\"https:\/\/www.padreeustaquio.com.br\/grupos-de-whatsapp-de-devocao-a-padre-eustaquio-reunem-quase-600-devotos\/#primaryimage\",\"url\":\"https:\/\/www.padreeustaquio.com.br\/wp-content\/uploads\/2022\/01\/WhatsApp-Image-2022-01-03-at-14.42.31.jpeg\",\"contentUrl\":\"https:\/\/www.padreeustaquio.com.br\/wp-content\/uploads\/2022\/01\/WhatsApp-Image-2022-01-03-at-14.42.31.jpeg\",\"width\":1600,\"height\":900},{\"@type\":\"BreadcrumbList\",\"@id\":\"https:\/\/www.padreeustaquio.com.br\/grupos-de-whatsapp-de-devocao-a-padre-eustaquio-reunem-quase-600-devotos\/#breadcrumb\",\"itemListElement\":[{\"@type\":\"ListItem\",\"position\":1,\"name\":\"In\u00edcio\",\"item\":\"https:\/\/www.padreeustaquio.com.br\/\"},{\"@type\":\"ListItem\",\"position\":2,\"name\":\"Grupos de Whats&#8217;App de Devo\u00e7\u00e3o a Padre Eust\u00e1quio re\u00fanem quase 600 devotos\"}]},{\"@type\":\"WebSite\",\"@id\":\"https:\/\/www.padreeustaquio.com.br\/#website\",\"url\":\"https:\/\/www.padreeustaquio.com.br\/\",\"name\":\"Padre Eust\u00e1quio\",\"description\":\"Sa\u00fade e Paz\",\"publisher\":{\"@id\":\"https:\/\/www.padreeustaquio.com.br\/#organization\"},\"potentialAction\":[{\"@type\":\"SearchAction\",\"target\":{\"@type\":\"EntryPoint\",\"urlTemplate\":\"https:\/\/www.padreeustaquio.com.br\/?s={search_term_string}\"},\"query-input\":{\"@type\":\"PropertyValueSpecification\",\"valueRequired\":true,\"valueName\":\"search_term_string\"}}],\"inLanguage\":\"es\"},{\"@type\":\"Organization\",\"@id\":\"https:\/\/www.padreeustaquio.com.br\/#organization\",\"name\":\"Padre Eust\u00e1quio\",\"url\":\"https:\/\/www.padreeustaquio.com.br\/\",\"logo\":{\"@type\":\"ImageObject\",\"inLanguage\":\"es\",\"@id\":\"https:\/\/www.padreeustaquio.com.br\/#\/schema\/logo\/image\/\",\"url\":\"https:\/\/www.padreeustaquio.com.br\/wp-content\/uploads\/2019\/08\/marca.png\",\"contentUrl\":\"https:\/\/www.padreeustaquio.com.br\/wp-content\/uploads\/2019\/08\/marca.png\",\"width\":350,\"height\":400,\"caption\":\"Padre Eust\u00e1quio\"},\"image\":{\"@id\":\"https:\/\/www.padreeustaquio.com.br\/#\/schema\/logo\/image\/\"},\"sameAs\":[\"https:\/\/www.facebook.com\/beatopadreeustaquio\/\",\"https:\/\/x.com\/beatopeustaquio\",\"https:\/\/www.instagram.com\/beatopadreeustaquio\/\",\"https:\/\/www.youtube.com\/channel\/UCRhw7vfabnajwLxb1ZXMeIw\"]},{\"@type\":\"Person\",\"@id\":\"https:\/\/www.padreeustaquio.com.br\/#\/schema\/person\/a2a51db1d00f1a7af0204a0f1ddb1566\",\"name\":\"@sscc\",\"image\":{\"@type\":\"ImageObject\",\"inLanguage\":\"es\",\"@id\":\"https:\/\/secure.gravatar.com\/avatar\/68cfafa5f44617fea54071e215026e0ff06be366c3d54a8425f04fdcb86f8c5f?s=96&d=mm&r=g\",\"url\":\"https:\/\/secure.gravatar.com\/avatar\/68cfafa5f44617fea54071e215026e0ff06be366c3d54a8425f04fdcb86f8c5f?s=96&d=mm&r=g\",\"contentUrl\":\"https:\/\/secure.gravatar.com\/avatar\/68cfafa5f44617fea54071e215026e0ff06be366c3d54a8425f04fdcb86f8c5f?s=96&d=mm&r=g\",\"caption\":\"@sscc\"},\"url\":\"https:\/\/www.padreeustaquio.com.br\/es\/author\/sscc\/\"}]}<\/script>\n<!-- \/ Yoast SEO plugin. -->","yoast_head_json":{"title":"Grupos de WhatsApp dedicados al Padre Eustaquio han reunido a cerca de 600 devotos.","description":"Imagina un canal de comunicaci\u00f3n con la vicepostulaci\u00f3n de la Causa de Canonizaci\u00f3n del Beato Padre Eustaquio, donde recibir\u00e1s fotos de primera mano, noticias y mucha informaci\u00f3n sobre el Beato. Este es el objetivo del grupo de WhatsApp Devotos del Padre Eustaquio.","robots":{"index":"index","follow":"follow","max-snippet":"max-snippet:-1","max-image-preview":"max-image-preview:large","max-video-preview":"max-video-preview:-1"},"canonical":"https:\/\/www.padreeustaquio.com.br\/es\/grupos-de-whatsapp-dedicados-al-padre-eustaquio-han-reunido-a-cerca-de-600-devotos\/","og_locale":"es_ES","og_type":"article","og_title":"Grupos de Whats'App de Devo\u00e7\u00e3o a Padre Eust\u00e1quio re\u00fanem quase 600 devotos","og_description":"Imagina um canal de comunica\u00e7\u00e3o com a vice-postula\u00e7\u00e3o da Causa de Canoniza\u00e7\u00e3o do Beato Padre Eust\u00e1quio, onde voc\u00ea recebe em primeira m\u00e3o, fotos, not\u00edcias e muitas informa\u00e7\u00f5es sobre o Bem-aventurado. Este \u00e9 o objetivo do grupo de WhatsApp Devotos de Padre Eust\u00e1quio.","og_url":"https:\/\/www.padreeustaquio.com.br\/es\/grupos-de-whatsapp-dedicados-al-padre-eustaquio-han-reunido-a-cerca-de-600-devotos\/","og_site_name":"Padre Eust\u00e1quio","article_publisher":"https:\/\/www.facebook.com\/beatopadreeustaquio\/","article_published_time":"2022-01-07T08:50:00+00:00","og_image":[{"width":1600,"height":900,"url":"https:\/\/www.padreeustaquio.com.br\/wp-content\/uploads\/2022\/01\/WhatsApp-Image-2022-01-03-at-14.42.31.jpeg","type":"image\/jpeg"}],"author":"@sscc","twitter_card":"summary_large_image","twitter_creator":"@beatopeustaquio","twitter_site":"@beatopeustaquio","twitter_misc":{"Escrito por":"@sscc","Tiempo de lectura":"1 minuto"},"schema":{"@context":"https:\/\/schema.org","@graph":[{"@type":"Article","@id":"https:\/\/www.padreeustaquio.com.br\/grupos-de-whatsapp-de-devocao-a-padre-eustaquio-reunem-quase-600-devotos\/#article","isPartOf":{"@id":"https:\/\/www.padreeustaquio.com.br\/grupos-de-whatsapp-de-devocao-a-padre-eustaquio-reunem-quase-600-devotos\/"},"author":{"name":"@sscc","@id":"https:\/\/www.padreeustaquio.com.br\/#\/schema\/person\/a2a51db1d00f1a7af0204a0f1ddb1566"},"headline":"Grupos de Whats&#8217;App de Devo\u00e7\u00e3o a Padre Eust\u00e1quio re\u00fanem quase 600 devotos","datePublished":"2022-01-07T08:50:00+00:00","mainEntityOfPage":{"@id":"https:\/\/www.padreeustaquio.com.br\/grupos-de-whatsapp-de-devocao-a-padre-eustaquio-reunem-quase-600-devotos\/"},"wordCount":239,"commentCount":0,"publisher":{"@id":"https:\/\/www.padreeustaquio.com.br\/#organization"},"image":{"@id":"https:\/\/www.padreeustaquio.com.br\/grupos-de-whatsapp-de-devocao-a-padre-eustaquio-reunem-quase-600-devotos\/#primaryimage"},"thumbnailUrl":"https:\/\/www.padreeustaquio.com.br\/wp-content\/uploads\/2022\/01\/WhatsApp-Image-2022-01-03-at-14.42.31.jpeg","articleSection":["Not\u00edcias"],"inLanguage":"es","potentialAction":[{"@type":"CommentAction","name":"Comment","target":["https:\/\/www.padreeustaquio.com.br\/grupos-de-whatsapp-de-devocao-a-padre-eustaquio-reunem-quase-600-devotos\/#respond"]}]},{"@type":"WebPage","@id":"https:\/\/www.padreeustaquio.com.br\/grupos-de-whatsapp-de-devocao-a-padre-eustaquio-reunem-quase-600-devotos\/","url":"https:\/\/www.padreeustaquio.com.br\/grupos-de-whatsapp-de-devocao-a-padre-eustaquio-reunem-quase-600-devotos\/","name":"Grupos de WhatsApp dedicados al Padre Eustaquio han reunido a cerca de 600 devotos.","isPartOf":{"@id":"https:\/\/www.padreeustaquio.com.br\/#website"},"primaryImageOfPage":{"@id":"https:\/\/www.padreeustaquio.com.br\/grupos-de-whatsapp-de-devocao-a-padre-eustaquio-reunem-quase-600-devotos\/#primaryimage"},"image":{"@id":"https:\/\/www.padreeustaquio.com.br\/grupos-de-whatsapp-de-devocao-a-padre-eustaquio-reunem-quase-600-devotos\/#primaryimage"},"thumbnailUrl":"https:\/\/www.padreeustaquio.com.br\/wp-content\/uploads\/2022\/01\/WhatsApp-Image-2022-01-03-at-14.42.31.jpeg","datePublished":"2022-01-07T08:50:00+00:00","description":"Imagina un canal de comunicaci\u00f3n con la vicepostulaci\u00f3n de la Causa de Canonizaci\u00f3n del Beato Padre Eustaquio, donde recibir\u00e1s fotos de primera mano, noticias y mucha informaci\u00f3n sobre el Beato. Este es el objetivo del grupo de WhatsApp Devotos del Padre Eustaquio.","breadcrumb":{"@id":"https:\/\/www.padreeustaquio.com.br\/grupos-de-whatsapp-de-devocao-a-padre-eustaquio-reunem-quase-600-devotos\/#breadcrumb"},"inLanguage":"es","potentialAction":[{"@type":"ReadAction","target":["https:\/\/www.padreeustaquio.com.br\/grupos-de-whatsapp-de-devocao-a-padre-eustaquio-reunem-quase-600-devotos\/"]}]},{"@type":"ImageObject","inLanguage":"es","@id":"https:\/\/www.padreeustaquio.com.br\/grupos-de-whatsapp-de-devocao-a-padre-eustaquio-reunem-quase-600-devotos\/#primaryimage","url":"https:\/\/www.padreeustaquio.com.br\/wp-content\/uploads\/2022\/01\/WhatsApp-Image-2022-01-03-at-14.42.31.jpeg","contentUrl":"https:\/\/www.padreeustaquio.com.br\/wp-content\/uploads\/2022\/01\/WhatsApp-Image-2022-01-03-at-14.42.31.jpeg","width":1600,"height":900},{"@type":"BreadcrumbList","@id":"https:\/\/www.padreeustaquio.com.br\/grupos-de-whatsapp-de-devocao-a-padre-eustaquio-reunem-quase-600-devotos\/#breadcrumb","itemListElement":[{"@type":"ListItem","position":1,"name":"In\u00edcio","item":"https:\/\/www.padreeustaquio.com.br\/"},{"@type":"ListItem","position":2,"name":"Grupos de Whats&#8217;App de Devo\u00e7\u00e3o a Padre Eust\u00e1quio re\u00fanem quase 600 devotos"}]},{"@type":"WebSite","@id":"https:\/\/www.padreeustaquio.com.br\/#website","url":"https:\/\/www.padreeustaquio.com.br\/","name":"Padre Eustace","description":"Salud y Paz","publisher":{"@id":"https:\/\/www.padreeustaquio.com.br\/#organization"},"potentialAction":[{"@type":"SearchAction","target":{"@type":"EntryPoint","urlTemplate":"https:\/\/www.padreeustaquio.com.br\/?s={search_term_string}"},"query-input":{"@type":"PropertyValueSpecification","valueRequired":true,"valueName":"search_term_string"}}],"inLanguage":"es"},{"@type":"Organization","@id":"https:\/\/www.padreeustaquio.com.br\/#organization","name":"Padre Eustace","url":"https:\/\/www.padreeustaquio.com.br\/","logo":{"@type":"ImageObject","inLanguage":"es","@id":"https:\/\/www.padreeustaquio.com.br\/#\/schema\/logo\/image\/","url":"https:\/\/www.padreeustaquio.com.br\/wp-content\/uploads\/2019\/08\/marca.png","contentUrl":"https:\/\/www.padreeustaquio.com.br\/wp-content\/uploads\/2019\/08\/marca.png","width":350,"height":400,"caption":"Padre Eust\u00e1quio"},"image":{"@id":"https:\/\/www.padreeustaquio.com.br\/#\/schema\/logo\/image\/"},"sameAs":["https:\/\/www.facebook.com\/beatopadreeustaquio\/","https:\/\/x.com\/beatopeustaquio","https:\/\/www.instagram.com\/beatopadreeustaquio\/","https:\/\/www.youtube.com\/channel\/UCRhw7vfabnajwLxb1ZXMeIw"]},{"@type":"Person","@id":"https:\/\/www.padreeustaquio.com.br\/#\/schema\/person\/a2a51db1d00f1a7af0204a0f1ddb1566","name":"@sscc","image":{"@type":"ImageObject","inLanguage":"es","@id":"https:\/\/secure.gravatar.com\/avatar\/68cfafa5f44617fea54071e215026e0ff06be366c3d54a8425f04fdcb86f8c5f?s=96&d=mm&r=g","url":"https:\/\/secure.gravatar.com\/avatar\/68cfafa5f44617fea54071e215026e0ff06be366c3d54a8425f04fdcb86f8c5f?s=96&d=mm&r=g","contentUrl":"https:\/\/secure.gravatar.com\/avatar\/68cfafa5f44617fea54071e215026e0ff06be366c3d54a8425f04fdcb86f8c5f?s=96&d=mm&r=g","caption":"@sscc"},"url":"https:\/\/www.padreeustaquio.com.br\/es\/author\/sscc\/"}]}},"_links":{"self":[{"href":"https:\/\/www.padreeustaquio.com.br\/es\/wp-json\/wp\/v2\/posts\/7865","targetHints":{"allow":["GET"]}}],"collection":[{"href":"https:\/\/www.padreeustaquio.com.br\/es\/wp-json\/wp\/v2\/posts"}],"about":[{"href":"https:\/\/www.padreeustaquio.com.br\/es\/wp-json\/wp\/v2\/types\/post"}],"author":[{"embeddable":true,"href":"https:\/\/www.padreeustaquio.com.br\/es\/wp-json\/wp\/v2\/users\/2"}],"replies":[{"embeddable":true,"href":"https:\/\/www.padreeustaquio.com.br\/es\/wp-json\/wp\/v2\/comments?post=7865"}],"version-history":[{"count":0,"href":"https:\/\/www.padreeustaquio.com.br\/es\/wp-json\/wp\/v2\/posts\/7865\/revisions"}],"wp:featuredmedia":[{"embeddable":true,"href":"https:\/\/www.padreeustaquio.com.br\/es\/wp-json\/wp\/v2\/media\/7866"}],"wp:attachment":[{"href":"https:\/\/www.padreeustaquio.com.br\/es\/wp-json\/wp\/v2\/media?parent=7865"}],"wp:term":[{"taxonomy":"category","embeddable":true,"href":"https:\/\/www.padreeustaquio.com.br\/es\/wp-json\/wp\/v2\/categories?post=7865"},{"taxonomy":"post_tag","embeddable":true,"href":"https:\/\/www.padreeustaquio.com.br\/es\/wp-json\/wp\/v2\/tags?post=7865"}],"curies":[{"name":"wp","href":"https:\/\/api.w.org\/{rel}","templated":true}]}}