{"id":7860,"date":"2022-01-05T06:30:00","date_gmt":"2022-01-05T09:30:00","guid":{"rendered":"https:\/\/www.padreeustaquio.com.br\/?p=7860"},"modified":"2022-01-04T13:48:44","modified_gmt":"2022-01-04T16:48:44","slug":"el-boletin-de-canonizacion-destaca-a-la-familia-del-padre-eustaquio","status":"publish","type":"post","link":"https:\/\/www.padreeustaquio.com.br\/es\/el-boletin-de-canonizacion-destaca-a-la-familia-del-padre-eustaquio\/","title":{"rendered":"El Bolet\u00edn de Canonizaci\u00f3n destaca la familia del Padre Eust\u00e1quio."},"content":{"rendered":"<p>Se ha publicado la tercera edici\u00f3n del Bolet\u00edn de Canonizaci\u00f3n y ya est\u00e1 disponible en el Santuario de la Salud y la Paz de Belo Horizonte. Adem\u00e1s de la capital de Minas Gerais, el bolet\u00edn tambi\u00e9n se distribuye en otras ciudades del interior de Minas Gerais, principalmente en la regi\u00f3n del Tri\u00e1ngulo Minero. S\u00e3o Paulo, R\u00edo de Janeiro y Esp\u00edrito Santo tambi\u00e9n reciben ejemplares del bolet\u00edn.<\/p>\n\n\n\n<p>En esta edici\u00f3n, el equipo del Secretariado Nacional para la Causa de Canonizaci\u00f3n del Padre Eust\u00e1quio presenta un reportaje especial sobre la familia del beato. D\u00f3nde naci\u00f3 y cu\u00e1les fueron los antecedentes familiares que llevaron a Hubertus (nombre de pila del Padre Eust\u00e1quio) a unirse a la Congregaci\u00f3n de los Sagrados Corazones.<\/p>\n\n\n\n<p>Esta edici\u00f3n tambi\u00e9n incluye una entrevista con Edu Santos, el artista brasile\u00f1o creador de las grandes estatuas del Padre Eust\u00e1quio, una de las cuales fue enviada a los Pa\u00edses Bajos e inaugurada en septiembre de este a\u00f1o. Noticias sobre la devoci\u00f3n en todo Brasil, relatos de las gracias recibidas y una foto del Padre Eust\u00e1quio en la contraportada completan el bolet\u00edn.<\/p>\n\n\n\n<p>Para leer, en formato digital, el <a href=\"https:\/\/www.padreeustaquio.com.br\/es\/hoja-informativa-sobre-la-canonizacion-oct-nov-dic-2021\/\" target=\"_blank\" rel=\"noreferrer noopener\">Bolet\u00edn de Canonizaci\u00f3n de este trimestre HAGA CLIC AQU\u00cd.<\/a> Si desea recibir ejemplares del Bolet\u00edn para distribuir en su parroquia o comunidad, cont\u00e1ctenos por WhatsApp al (31) 99545-1943. Si tiene alguna sugerencia, alguna gracia recibida o alguna cr\u00edtica, por favor, utilice este mismo canal de contacto. <\/p>\n\n\n\n<p><\/p>\n\n\n\n<p><\/p>","protected":false},"excerpt":{"rendered":"<p>A terceira edi\u00e7\u00e3o do Informativo da Canoniza\u00e7\u00e3o foi publicado e j\u00e1 est\u00e1 dispon\u00edvel no Santu\u00e1rio da Sa\u00fade e Paz, em Belo Horizonte. Al\u00e9m da capital mineira, o informe tamb\u00e9m \u00e9 distribu\u00eddo em outras cidades do interior de Minas, principalmente no Tri\u00e2ngulo Mineiro. S\u00e3o Paulo, Rio de Janeiro e Esp\u00edrito Santo tamb\u00e9m recebem exemplares do jornalzinho. Nesta edi\u00e7\u00e3o, a equipe do Secretariado Nacional para a Causa de Canoniza\u00e7\u00e3o de Padre Eust\u00e1quio traz uma mat\u00e9ria especial sobre a fam\u00edlia do Beato. Onde ele nasceu e como foi a base familiar para que Hubertus (nome de batismo de Padre Eust\u00e1quio) escolhesse ingressar na [&hellip;]<\/p>\n","protected":false},"author":2,"featured_media":7861,"comment_status":"open","ping_status":"closed","sticky":false,"template":"","format":"standard","meta":{"_acf_changed":false,"footnotes":""},"categories":[611],"tags":[],"class_list":["post-7860","post","type-post","status-publish","format-standard","has-post-thumbnail","hentry","category-noticias"],"acf":[],"yoast_head":"<!-- This site is optimized with the Yoast SEO plugin v27.2 - https:\/\/yoast.com\/product\/yoast-seo-wordpress\/ -->\n<title>Informativo da Canoniza\u00e7\u00e3o traz a fam\u00edlia de Padre Eust\u00e1quio como destaque<\/title>\n<meta name=\"description\" content=\"A terceira edi\u00e7\u00e3o do Informativo da Canoniza\u00e7\u00e3o foi publicado e j\u00e1 est\u00e1 dispon\u00edvel no Santu\u00e1rio da Sa\u00fade e Paz, em Belo Horizonte. Al\u00e9m da capital mineira, o informe tamb\u00e9m \u00e9 distribu\u00eddo em outras cidades do interior de Minas, principalmente no Tri\u00e2ngulo Mineiro. S\u00e3o Paulo, Rio de Janeiro e Esp\u00edrito Santo tamb\u00e9m recebem exemplares do jornalzinho.\" \/>\n<meta name=\"robots\" content=\"index, follow, max-snippet:-1, max-image-preview:large, max-video-preview:-1\" \/>\n<link rel=\"canonical\" href=\"https:\/\/www.padreeustaquio.com.br\/es\/el-boletin-de-canonizacion-destaca-a-la-familia-del-padre-eustaquio\/\" \/>\n<meta property=\"og:locale\" content=\"es_ES\" \/>\n<meta property=\"og:type\" content=\"article\" \/>\n<meta property=\"og:title\" content=\"Informativo da Canoniza\u00e7\u00e3o traz a fam\u00edlia de Padre Eust\u00e1quio como destaque\" \/>\n<meta property=\"og:description\" content=\"A terceira edi\u00e7\u00e3o do Informativo da Canoniza\u00e7\u00e3o foi publicado e j\u00e1 est\u00e1 dispon\u00edvel no Santu\u00e1rio da Sa\u00fade e Paz, em Belo Horizonte. Al\u00e9m da capital mineira, o informe tamb\u00e9m \u00e9 distribu\u00eddo em outras cidades do interior de Minas, principalmente no Tri\u00e2ngulo Mineiro. S\u00e3o Paulo, Rio de Janeiro e Esp\u00edrito Santo tamb\u00e9m recebem exemplares do jornalzinho.\" \/>\n<meta property=\"og:url\" content=\"https:\/\/www.padreeustaquio.com.br\/es\/el-boletin-de-canonizacion-destaca-a-la-familia-del-padre-eustaquio\/\" \/>\n<meta property=\"og:site_name\" content=\"Padre Eust\u00e1quio\" \/>\n<meta property=\"article:publisher\" content=\"https:\/\/www.facebook.com\/beatopadreeustaquio\/\" \/>\n<meta property=\"article:published_time\" content=\"2022-01-05T09:30:00+00:00\" \/>\n<meta property=\"og:image\" content=\"https:\/\/www.padreeustaquio.com.br\/wp-content\/uploads\/2022\/01\/IMG_4748-scaled.jpg\" \/>\n\t<meta property=\"og:image:width\" content=\"2560\" \/>\n\t<meta property=\"og:image:height\" content=\"1707\" \/>\n\t<meta property=\"og:image:type\" content=\"image\/jpeg\" \/>\n<meta name=\"author\" content=\"@sscc\" \/>\n<meta name=\"twitter:card\" content=\"summary_large_image\" \/>\n<meta name=\"twitter:creator\" content=\"@beatopeustaquio\" \/>\n<meta name=\"twitter:site\" content=\"@beatopeustaquio\" \/>\n<meta name=\"twitter:label1\" content=\"Escrito por\" \/>\n\t<meta name=\"twitter:data1\" content=\"@sscc\" \/>\n\t<meta name=\"twitter:label2\" content=\"Tiempo de lectura\" \/>\n\t<meta name=\"twitter:data2\" content=\"1 minuto\" \/>\n<script type=\"application\/ld+json\" class=\"yoast-schema-graph\">{\"@context\":\"https:\/\/schema.org\",\"@graph\":[{\"@type\":\"Article\",\"@id\":\"https:\/\/www.padreeustaquio.com.br\/informativo-da-canonizacao-traz-a-familia-de-padre-eustaquio-como-destaque\/#article\",\"isPartOf\":{\"@id\":\"https:\/\/www.padreeustaquio.com.br\/informativo-da-canonizacao-traz-a-familia-de-padre-eustaquio-como-destaque\/\"},\"author\":{\"name\":\"@sscc\",\"@id\":\"https:\/\/www.padreeustaquio.com.br\/#\/schema\/person\/a2a51db1d00f1a7af0204a0f1ddb1566\"},\"headline\":\"Informativo da Canoniza\u00e7\u00e3o traz a fam\u00edlia de Padre Eust\u00e1quio como destaque\",\"datePublished\":\"2022-01-05T09:30:00+00:00\",\"mainEntityOfPage\":{\"@id\":\"https:\/\/www.padreeustaquio.com.br\/informativo-da-canonizacao-traz-a-familia-de-padre-eustaquio-como-destaque\/\"},\"wordCount\":254,\"commentCount\":0,\"publisher\":{\"@id\":\"https:\/\/www.padreeustaquio.com.br\/#organization\"},\"image\":{\"@id\":\"https:\/\/www.padreeustaquio.com.br\/informativo-da-canonizacao-traz-a-familia-de-padre-eustaquio-como-destaque\/#primaryimage\"},\"thumbnailUrl\":\"https:\/\/www.padreeustaquio.com.br\/wp-content\/uploads\/2022\/01\/IMG_4748-scaled.jpg\",\"articleSection\":[\"Not\u00edcias\"],\"inLanguage\":\"es\",\"potentialAction\":[{\"@type\":\"CommentAction\",\"name\":\"Comment\",\"target\":[\"https:\/\/www.padreeustaquio.com.br\/informativo-da-canonizacao-traz-a-familia-de-padre-eustaquio-como-destaque\/#respond\"]}]},{\"@type\":\"WebPage\",\"@id\":\"https:\/\/www.padreeustaquio.com.br\/informativo-da-canonizacao-traz-a-familia-de-padre-eustaquio-como-destaque\/\",\"url\":\"https:\/\/www.padreeustaquio.com.br\/informativo-da-canonizacao-traz-a-familia-de-padre-eustaquio-como-destaque\/\",\"name\":\"Informativo da Canoniza\u00e7\u00e3o traz a fam\u00edlia de Padre Eust\u00e1quio como destaque\",\"isPartOf\":{\"@id\":\"https:\/\/www.padreeustaquio.com.br\/#website\"},\"primaryImageOfPage\":{\"@id\":\"https:\/\/www.padreeustaquio.com.br\/informativo-da-canonizacao-traz-a-familia-de-padre-eustaquio-como-destaque\/#primaryimage\"},\"image\":{\"@id\":\"https:\/\/www.padreeustaquio.com.br\/informativo-da-canonizacao-traz-a-familia-de-padre-eustaquio-como-destaque\/#primaryimage\"},\"thumbnailUrl\":\"https:\/\/www.padreeustaquio.com.br\/wp-content\/uploads\/2022\/01\/IMG_4748-scaled.jpg\",\"datePublished\":\"2022-01-05T09:30:00+00:00\",\"description\":\"A terceira edi\u00e7\u00e3o do Informativo da Canoniza\u00e7\u00e3o foi publicado e j\u00e1 est\u00e1 dispon\u00edvel no Santu\u00e1rio da Sa\u00fade e Paz, em Belo Horizonte. Al\u00e9m da capital mineira, o informe tamb\u00e9m \u00e9 distribu\u00eddo em outras cidades do interior de Minas, principalmente no Tri\u00e2ngulo Mineiro. S\u00e3o Paulo, Rio de Janeiro e Esp\u00edrito Santo tamb\u00e9m recebem exemplares do jornalzinho.\",\"breadcrumb\":{\"@id\":\"https:\/\/www.padreeustaquio.com.br\/informativo-da-canonizacao-traz-a-familia-de-padre-eustaquio-como-destaque\/#breadcrumb\"},\"inLanguage\":\"es\",\"potentialAction\":[{\"@type\":\"ReadAction\",\"target\":[\"https:\/\/www.padreeustaquio.com.br\/informativo-da-canonizacao-traz-a-familia-de-padre-eustaquio-como-destaque\/\"]}]},{\"@type\":\"ImageObject\",\"inLanguage\":\"es\",\"@id\":\"https:\/\/www.padreeustaquio.com.br\/informativo-da-canonizacao-traz-a-familia-de-padre-eustaquio-como-destaque\/#primaryimage\",\"url\":\"https:\/\/www.padreeustaquio.com.br\/wp-content\/uploads\/2022\/01\/IMG_4748-scaled.jpg\",\"contentUrl\":\"https:\/\/www.padreeustaquio.com.br\/wp-content\/uploads\/2022\/01\/IMG_4748-scaled.jpg\",\"width\":2560,\"height\":1707},{\"@type\":\"BreadcrumbList\",\"@id\":\"https:\/\/www.padreeustaquio.com.br\/informativo-da-canonizacao-traz-a-familia-de-padre-eustaquio-como-destaque\/#breadcrumb\",\"itemListElement\":[{\"@type\":\"ListItem\",\"position\":1,\"name\":\"In\u00edcio\",\"item\":\"https:\/\/www.padreeustaquio.com.br\/\"},{\"@type\":\"ListItem\",\"position\":2,\"name\":\"Informativo da Canoniza\u00e7\u00e3o traz a fam\u00edlia de Padre Eust\u00e1quio como destaque\"}]},{\"@type\":\"WebSite\",\"@id\":\"https:\/\/www.padreeustaquio.com.br\/#website\",\"url\":\"https:\/\/www.padreeustaquio.com.br\/\",\"name\":\"Padre Eust\u00e1quio\",\"description\":\"Sa\u00fade e Paz\",\"publisher\":{\"@id\":\"https:\/\/www.padreeustaquio.com.br\/#organization\"},\"potentialAction\":[{\"@type\":\"SearchAction\",\"target\":{\"@type\":\"EntryPoint\",\"urlTemplate\":\"https:\/\/www.padreeustaquio.com.br\/?s={search_term_string}\"},\"query-input\":{\"@type\":\"PropertyValueSpecification\",\"valueRequired\":true,\"valueName\":\"search_term_string\"}}],\"inLanguage\":\"es\"},{\"@type\":\"Organization\",\"@id\":\"https:\/\/www.padreeustaquio.com.br\/#organization\",\"name\":\"Padre Eust\u00e1quio\",\"url\":\"https:\/\/www.padreeustaquio.com.br\/\",\"logo\":{\"@type\":\"ImageObject\",\"inLanguage\":\"es\",\"@id\":\"https:\/\/www.padreeustaquio.com.br\/#\/schema\/logo\/image\/\",\"url\":\"https:\/\/www.padreeustaquio.com.br\/wp-content\/uploads\/2019\/08\/marca.png\",\"contentUrl\":\"https:\/\/www.padreeustaquio.com.br\/wp-content\/uploads\/2019\/08\/marca.png\",\"width\":350,\"height\":400,\"caption\":\"Padre Eust\u00e1quio\"},\"image\":{\"@id\":\"https:\/\/www.padreeustaquio.com.br\/#\/schema\/logo\/image\/\"},\"sameAs\":[\"https:\/\/www.facebook.com\/beatopadreeustaquio\/\",\"https:\/\/x.com\/beatopeustaquio\",\"https:\/\/www.instagram.com\/beatopadreeustaquio\/\",\"https:\/\/www.youtube.com\/channel\/UCRhw7vfabnajwLxb1ZXMeIw\"]},{\"@type\":\"Person\",\"@id\":\"https:\/\/www.padreeustaquio.com.br\/#\/schema\/person\/a2a51db1d00f1a7af0204a0f1ddb1566\",\"name\":\"@sscc\",\"image\":{\"@type\":\"ImageObject\",\"inLanguage\":\"es\",\"@id\":\"https:\/\/secure.gravatar.com\/avatar\/68cfafa5f44617fea54071e215026e0ff06be366c3d54a8425f04fdcb86f8c5f?s=96&d=mm&r=g\",\"url\":\"https:\/\/secure.gravatar.com\/avatar\/68cfafa5f44617fea54071e215026e0ff06be366c3d54a8425f04fdcb86f8c5f?s=96&d=mm&r=g\",\"contentUrl\":\"https:\/\/secure.gravatar.com\/avatar\/68cfafa5f44617fea54071e215026e0ff06be366c3d54a8425f04fdcb86f8c5f?s=96&d=mm&r=g\",\"caption\":\"@sscc\"},\"url\":\"https:\/\/www.padreeustaquio.com.br\/es\/author\/sscc\/\"}]}<\/script>\n<!-- \/ Yoast SEO plugin. -->","yoast_head_json":{"title":"El Bolet\u00edn de Canonizaci\u00f3n destaca la familia del Padre Eust\u00e1quio.","description":"Se ha publicado la tercera edici\u00f3n del Bolet\u00edn de Canonizaci\u00f3n y ya est\u00e1 disponible en el Santuario de la Salud y la Paz de Belo Horizonte. Adem\u00e1s de la capital de Minas Gerais, el bolet\u00edn tambi\u00e9n se distribuye en otras ciudades del interior de Minas Gerais, principalmente en la regi\u00f3n del Tri\u00e1ngulo Minero. S\u00e3o Paulo, R\u00edo de Janeiro y Esp\u00edrito Santo tambi\u00e9n reciben ejemplares del bolet\u00edn.","robots":{"index":"index","follow":"follow","max-snippet":"max-snippet:-1","max-image-preview":"max-image-preview:large","max-video-preview":"max-video-preview:-1"},"canonical":"https:\/\/www.padreeustaquio.com.br\/es\/el-boletin-de-canonizacion-destaca-a-la-familia-del-padre-eustaquio\/","og_locale":"es_ES","og_type":"article","og_title":"Informativo da Canoniza\u00e7\u00e3o traz a fam\u00edlia de Padre Eust\u00e1quio como destaque","og_description":"A terceira edi\u00e7\u00e3o do Informativo da Canoniza\u00e7\u00e3o foi publicado e j\u00e1 est\u00e1 dispon\u00edvel no Santu\u00e1rio da Sa\u00fade e Paz, em Belo Horizonte. Al\u00e9m da capital mineira, o informe tamb\u00e9m \u00e9 distribu\u00eddo em outras cidades do interior de Minas, principalmente no Tri\u00e2ngulo Mineiro. S\u00e3o Paulo, Rio de Janeiro e Esp\u00edrito Santo tamb\u00e9m recebem exemplares do jornalzinho.","og_url":"https:\/\/www.padreeustaquio.com.br\/es\/el-boletin-de-canonizacion-destaca-a-la-familia-del-padre-eustaquio\/","og_site_name":"Padre Eust\u00e1quio","article_publisher":"https:\/\/www.facebook.com\/beatopadreeustaquio\/","article_published_time":"2022-01-05T09:30:00+00:00","og_image":[{"width":2560,"height":1707,"url":"https:\/\/www.padreeustaquio.com.br\/wp-content\/uploads\/2022\/01\/IMG_4748-scaled.jpg","type":"image\/jpeg"}],"author":"@sscc","twitter_card":"summary_large_image","twitter_creator":"@beatopeustaquio","twitter_site":"@beatopeustaquio","twitter_misc":{"Escrito por":"@sscc","Tiempo de lectura":"1 minuto"},"schema":{"@context":"https:\/\/schema.org","@graph":[{"@type":"Article","@id":"https:\/\/www.padreeustaquio.com.br\/informativo-da-canonizacao-traz-a-familia-de-padre-eustaquio-como-destaque\/#article","isPartOf":{"@id":"https:\/\/www.padreeustaquio.com.br\/informativo-da-canonizacao-traz-a-familia-de-padre-eustaquio-como-destaque\/"},"author":{"name":"@sscc","@id":"https:\/\/www.padreeustaquio.com.br\/#\/schema\/person\/a2a51db1d00f1a7af0204a0f1ddb1566"},"headline":"Informativo da Canoniza\u00e7\u00e3o traz a fam\u00edlia de Padre Eust\u00e1quio como destaque","datePublished":"2022-01-05T09:30:00+00:00","mainEntityOfPage":{"@id":"https:\/\/www.padreeustaquio.com.br\/informativo-da-canonizacao-traz-a-familia-de-padre-eustaquio-como-destaque\/"},"wordCount":254,"commentCount":0,"publisher":{"@id":"https:\/\/www.padreeustaquio.com.br\/#organization"},"image":{"@id":"https:\/\/www.padreeustaquio.com.br\/informativo-da-canonizacao-traz-a-familia-de-padre-eustaquio-como-destaque\/#primaryimage"},"thumbnailUrl":"https:\/\/www.padreeustaquio.com.br\/wp-content\/uploads\/2022\/01\/IMG_4748-scaled.jpg","articleSection":["Not\u00edcias"],"inLanguage":"es","potentialAction":[{"@type":"CommentAction","name":"Comment","target":["https:\/\/www.padreeustaquio.com.br\/informativo-da-canonizacao-traz-a-familia-de-padre-eustaquio-como-destaque\/#respond"]}]},{"@type":"WebPage","@id":"https:\/\/www.padreeustaquio.com.br\/informativo-da-canonizacao-traz-a-familia-de-padre-eustaquio-como-destaque\/","url":"https:\/\/www.padreeustaquio.com.br\/informativo-da-canonizacao-traz-a-familia-de-padre-eustaquio-como-destaque\/","name":"El Bolet\u00edn de Canonizaci\u00f3n destaca la familia del Padre Eust\u00e1quio.","isPartOf":{"@id":"https:\/\/www.padreeustaquio.com.br\/#website"},"primaryImageOfPage":{"@id":"https:\/\/www.padreeustaquio.com.br\/informativo-da-canonizacao-traz-a-familia-de-padre-eustaquio-como-destaque\/#primaryimage"},"image":{"@id":"https:\/\/www.padreeustaquio.com.br\/informativo-da-canonizacao-traz-a-familia-de-padre-eustaquio-como-destaque\/#primaryimage"},"thumbnailUrl":"https:\/\/www.padreeustaquio.com.br\/wp-content\/uploads\/2022\/01\/IMG_4748-scaled.jpg","datePublished":"2022-01-05T09:30:00+00:00","description":"Se ha publicado la tercera edici\u00f3n del Bolet\u00edn de Canonizaci\u00f3n y ya est\u00e1 disponible en el Santuario de la Salud y la Paz de Belo Horizonte. Adem\u00e1s de la capital de Minas Gerais, el bolet\u00edn tambi\u00e9n se distribuye en otras ciudades del interior de Minas Gerais, principalmente en la regi\u00f3n del Tri\u00e1ngulo Minero. S\u00e3o Paulo, R\u00edo de Janeiro y Esp\u00edrito Santo tambi\u00e9n reciben ejemplares del bolet\u00edn.","breadcrumb":{"@id":"https:\/\/www.padreeustaquio.com.br\/informativo-da-canonizacao-traz-a-familia-de-padre-eustaquio-como-destaque\/#breadcrumb"},"inLanguage":"es","potentialAction":[{"@type":"ReadAction","target":["https:\/\/www.padreeustaquio.com.br\/informativo-da-canonizacao-traz-a-familia-de-padre-eustaquio-como-destaque\/"]}]},{"@type":"ImageObject","inLanguage":"es","@id":"https:\/\/www.padreeustaquio.com.br\/informativo-da-canonizacao-traz-a-familia-de-padre-eustaquio-como-destaque\/#primaryimage","url":"https:\/\/www.padreeustaquio.com.br\/wp-content\/uploads\/2022\/01\/IMG_4748-scaled.jpg","contentUrl":"https:\/\/www.padreeustaquio.com.br\/wp-content\/uploads\/2022\/01\/IMG_4748-scaled.jpg","width":2560,"height":1707},{"@type":"BreadcrumbList","@id":"https:\/\/www.padreeustaquio.com.br\/informativo-da-canonizacao-traz-a-familia-de-padre-eustaquio-como-destaque\/#breadcrumb","itemListElement":[{"@type":"ListItem","position":1,"name":"In\u00edcio","item":"https:\/\/www.padreeustaquio.com.br\/"},{"@type":"ListItem","position":2,"name":"Informativo da Canoniza\u00e7\u00e3o traz a fam\u00edlia de Padre Eust\u00e1quio como destaque"}]},{"@type":"WebSite","@id":"https:\/\/www.padreeustaquio.com.br\/#website","url":"https:\/\/www.padreeustaquio.com.br\/","name":"Padre Eustace","description":"Salud y Paz","publisher":{"@id":"https:\/\/www.padreeustaquio.com.br\/#organization"},"potentialAction":[{"@type":"SearchAction","target":{"@type":"EntryPoint","urlTemplate":"https:\/\/www.padreeustaquio.com.br\/?s={search_term_string}"},"query-input":{"@type":"PropertyValueSpecification","valueRequired":true,"valueName":"search_term_string"}}],"inLanguage":"es"},{"@type":"Organization","@id":"https:\/\/www.padreeustaquio.com.br\/#organization","name":"Padre Eustace","url":"https:\/\/www.padreeustaquio.com.br\/","logo":{"@type":"ImageObject","inLanguage":"es","@id":"https:\/\/www.padreeustaquio.com.br\/#\/schema\/logo\/image\/","url":"https:\/\/www.padreeustaquio.com.br\/wp-content\/uploads\/2019\/08\/marca.png","contentUrl":"https:\/\/www.padreeustaquio.com.br\/wp-content\/uploads\/2019\/08\/marca.png","width":350,"height":400,"caption":"Padre Eust\u00e1quio"},"image":{"@id":"https:\/\/www.padreeustaquio.com.br\/#\/schema\/logo\/image\/"},"sameAs":["https:\/\/www.facebook.com\/beatopadreeustaquio\/","https:\/\/x.com\/beatopeustaquio","https:\/\/www.instagram.com\/beatopadreeustaquio\/","https:\/\/www.youtube.com\/channel\/UCRhw7vfabnajwLxb1ZXMeIw"]},{"@type":"Person","@id":"https:\/\/www.padreeustaquio.com.br\/#\/schema\/person\/a2a51db1d00f1a7af0204a0f1ddb1566","name":"@sscc","image":{"@type":"ImageObject","inLanguage":"es","@id":"https:\/\/secure.gravatar.com\/avatar\/68cfafa5f44617fea54071e215026e0ff06be366c3d54a8425f04fdcb86f8c5f?s=96&d=mm&r=g","url":"https:\/\/secure.gravatar.com\/avatar\/68cfafa5f44617fea54071e215026e0ff06be366c3d54a8425f04fdcb86f8c5f?s=96&d=mm&r=g","contentUrl":"https:\/\/secure.gravatar.com\/avatar\/68cfafa5f44617fea54071e215026e0ff06be366c3d54a8425f04fdcb86f8c5f?s=96&d=mm&r=g","caption":"@sscc"},"url":"https:\/\/www.padreeustaquio.com.br\/es\/author\/sscc\/"}]}},"_links":{"self":[{"href":"https:\/\/www.padreeustaquio.com.br\/es\/wp-json\/wp\/v2\/posts\/7860","targetHints":{"allow":["GET"]}}],"collection":[{"href":"https:\/\/www.padreeustaquio.com.br\/es\/wp-json\/wp\/v2\/posts"}],"about":[{"href":"https:\/\/www.padreeustaquio.com.br\/es\/wp-json\/wp\/v2\/types\/post"}],"author":[{"embeddable":true,"href":"https:\/\/www.padreeustaquio.com.br\/es\/wp-json\/wp\/v2\/users\/2"}],"replies":[{"embeddable":true,"href":"https:\/\/www.padreeustaquio.com.br\/es\/wp-json\/wp\/v2\/comments?post=7860"}],"version-history":[{"count":0,"href":"https:\/\/www.padreeustaquio.com.br\/es\/wp-json\/wp\/v2\/posts\/7860\/revisions"}],"wp:featuredmedia":[{"embeddable":true,"href":"https:\/\/www.padreeustaquio.com.br\/es\/wp-json\/wp\/v2\/media\/7861"}],"wp:attachment":[{"href":"https:\/\/www.padreeustaquio.com.br\/es\/wp-json\/wp\/v2\/media?parent=7860"}],"wp:term":[{"taxonomy":"category","embeddable":true,"href":"https:\/\/www.padreeustaquio.com.br\/es\/wp-json\/wp\/v2\/categories?post=7860"},{"taxonomy":"post_tag","embeddable":true,"href":"https:\/\/www.padreeustaquio.com.br\/es\/wp-json\/wp\/v2\/tags?post=7860"}],"curies":[{"name":"wp","href":"https:\/\/api.w.org\/{rel}","templated":true}]}}