{"id":7839,"date":"2022-01-04T06:15:00","date_gmt":"2022-01-04T09:15:00","guid":{"rendered":"https:\/\/www.padreeustaquio.com.br\/?p=7839"},"modified":"2021-12-31T13:45:43","modified_gmt":"2021-12-31T16:45:43","slug":"un-2022-lleno-de-esperanza","status":"publish","type":"post","link":"https:\/\/www.padreeustaquio.com.br\/es\/un-2022-lleno-de-esperanza\/","title":{"rendered":"\u00a1Un 2022 lleno de esperanza!"},"content":{"rendered":"<p>El 2021 termin\u00f3 siendo un a\u00f1o dif\u00edcil, pero de gran aprendizaje para personas de todo el mundo. Por segundo a\u00f1o consecutivo, vivimos una pandemia que ya ha causado millones de v\u00edctimas, destruido familias, dividido a la gente y puesto a prueba nuestra fe. Pero nuestra esperanza est\u00e1 en el Se\u00f1or.<\/p>\n\n\n\n<p>As\u00ed como termin\u00f3 el 2021 y comenz\u00f3 un nuevo a\u00f1o, tambi\u00e9n nace en nuestros corazones la esperanza de d\u00edas mejores. La esperanza de que el 2021 permanezca para nosotros como un recuerdo y una experiencia para vivir siempre con la mirada puesta en el Se\u00f1or.<\/p>\n\n\n\n<p>Esperamos que 2022 sea un a\u00f1o de m\u00e1s abrazos, m\u00e1s sonrisas y m\u00e1s amor entre las personas. Como bien escribi\u00f3 el Padre Eust\u00e1quio\u2026.<\/p>\n\n\n\n<p><em>\u201cEntremos en el nuevo a\u00f1o con un coraz\u00f3n limpio, libres de culpa, resentimiento, envidia, odio y mala voluntad. Para nosotros, el A\u00f1o Nuevo debe ser un a\u00f1o puro, un a\u00f1o de fraternidad, un a\u00f1o de amistad con Dios y con el pr\u00f3jimo. En definitiva, \u00a1un a\u00f1o rico en m\u00e9ritos para la tierra y el cielo!\u201d<\/em><\/p>\n\n\n\n<p>Un 2022 lleno de fe, amor y compasi\u00f3n para todos los devotos del Beato Padre Eustaquio. Continuaremos nuestro camino en pos de la canonizaci\u00f3n de nuestro amado intercesor. Para ti y tu familia: \u00a1Salud y Paz!<\/p>\n\n\n\n<p>Equipo de canonizaci\u00f3n del Beato Padre Eustaquio<\/p>\n\n\n\n<p><\/p>","protected":false},"excerpt":{"rendered":"<p>2021 terminou como um ano dif\u00edcil, mas de muito aprendizado paras as pessoas do mundo inteiro. Pelo segundo ano, vivemos uma pandemia que j\u00e1 fez milh\u00f5es de v\u00edtimas, destruiu fam\u00edlias, dividiu pessoas e testou nossa f\u00e9. Mas, a nossa esperan\u00e7a est\u00e1 no Senhor. Assim como 2021 terminou e j\u00e1 nasceu um novo ano, nasce tamb\u00e9m em nossos cora\u00e7\u00f5es a esperan\u00e7a de dias melhores. A esperan\u00e7a de que 2021 fique pra gente como uma lembran\u00e7a e como experi\u00eancia para vivermos sempre com os olhos fixos no Senhor. Esperamos que 2022 seja um ano de mais abra\u00e7os, mais sorrisos e mais amor [&hellip;]<\/p>\n","protected":false},"author":2,"featured_media":7841,"comment_status":"open","ping_status":"closed","sticky":false,"template":"","format":"standard","meta":{"_acf_changed":false,"footnotes":""},"categories":[611],"tags":[],"class_list":["post-7839","post","type-post","status-publish","format-standard","has-post-thumbnail","hentry","category-noticias"],"acf":[],"yoast_head":"<!-- This site is optimized with the Yoast SEO plugin v27.2 - https:\/\/yoast.com\/product\/yoast-seo-wordpress\/ -->\n<title>Um 2022 cheio de esperan\u00e7a!<\/title>\n<meta name=\"description\" content=\"Esperamos que 2022 seja um ano de mais abra\u00e7os, mais sorrisos e mais amor entre as pessoas. Como muito bem escreveu Padre Eust\u00e1quio\u2026.\" \/>\n<meta name=\"robots\" content=\"index, follow, max-snippet:-1, max-image-preview:large, max-video-preview:-1\" \/>\n<link rel=\"canonical\" href=\"https:\/\/www.padreeustaquio.com.br\/es\/un-2022-lleno-de-esperanza\/\" \/>\n<meta property=\"og:locale\" content=\"es_ES\" \/>\n<meta property=\"og:type\" content=\"article\" \/>\n<meta property=\"og:title\" content=\"Um 2022 cheio de esperan\u00e7a!\" \/>\n<meta property=\"og:description\" content=\"Esperamos que 2022 seja um ano de mais abra\u00e7os, mais sorrisos e mais amor entre as pessoas. Como muito bem escreveu Padre Eust\u00e1quio\u2026.\" \/>\n<meta property=\"og:url\" content=\"https:\/\/www.padreeustaquio.com.br\/es\/un-2022-lleno-de-esperanza\/\" \/>\n<meta property=\"og:site_name\" content=\"Padre Eust\u00e1quio\" \/>\n<meta property=\"article:publisher\" content=\"https:\/\/www.facebook.com\/beatopadreeustaquio\/\" \/>\n<meta property=\"article:published_time\" content=\"2022-01-04T09:15:00+00:00\" \/>\n<meta property=\"og:image\" content=\"https:\/\/www.padreeustaquio.com.br\/wp-content\/uploads\/2021\/12\/Ano-Novo-padre-eustaquio.jpg\" \/>\n\t<meta property=\"og:image:width\" content=\"748\" \/>\n\t<meta property=\"og:image:height\" content=\"394\" \/>\n\t<meta property=\"og:image:type\" content=\"image\/jpeg\" \/>\n<meta name=\"author\" content=\"@sscc\" \/>\n<meta name=\"twitter:card\" content=\"summary_large_image\" \/>\n<meta name=\"twitter:creator\" content=\"@beatopeustaquio\" \/>\n<meta name=\"twitter:site\" content=\"@beatopeustaquio\" \/>\n<meta name=\"twitter:label1\" content=\"Escrito por\" \/>\n\t<meta name=\"twitter:data1\" content=\"@sscc\" \/>\n\t<meta name=\"twitter:label2\" content=\"Tiempo de lectura\" \/>\n\t<meta name=\"twitter:data2\" content=\"1 minuto\" \/>\n<script type=\"application\/ld+json\" class=\"yoast-schema-graph\">{\"@context\":\"https:\/\/schema.org\",\"@graph\":[{\"@type\":\"Article\",\"@id\":\"https:\/\/www.padreeustaquio.com.br\/um-2022-cheio-de-esperanca\/#article\",\"isPartOf\":{\"@id\":\"https:\/\/www.padreeustaquio.com.br\/um-2022-cheio-de-esperanca\/\"},\"author\":{\"name\":\"@sscc\",\"@id\":\"https:\/\/www.padreeustaquio.com.br\/#\/schema\/person\/a2a51db1d00f1a7af0204a0f1ddb1566\"},\"headline\":\"Um 2022 cheio de esperan\u00e7a!\",\"datePublished\":\"2022-01-04T09:15:00+00:00\",\"mainEntityOfPage\":{\"@id\":\"https:\/\/www.padreeustaquio.com.br\/um-2022-cheio-de-esperanca\/\"},\"wordCount\":229,\"commentCount\":0,\"publisher\":{\"@id\":\"https:\/\/www.padreeustaquio.com.br\/#organization\"},\"image\":{\"@id\":\"https:\/\/www.padreeustaquio.com.br\/um-2022-cheio-de-esperanca\/#primaryimage\"},\"thumbnailUrl\":\"https:\/\/www.padreeustaquio.com.br\/wp-content\/uploads\/2021\/12\/Ano-Novo-padre-eustaquio.jpg\",\"articleSection\":[\"Not\u00edcias\"],\"inLanguage\":\"es\",\"potentialAction\":[{\"@type\":\"CommentAction\",\"name\":\"Comment\",\"target\":[\"https:\/\/www.padreeustaquio.com.br\/um-2022-cheio-de-esperanca\/#respond\"]}]},{\"@type\":\"WebPage\",\"@id\":\"https:\/\/www.padreeustaquio.com.br\/um-2022-cheio-de-esperanca\/\",\"url\":\"https:\/\/www.padreeustaquio.com.br\/um-2022-cheio-de-esperanca\/\",\"name\":\"Um 2022 cheio de esperan\u00e7a!\",\"isPartOf\":{\"@id\":\"https:\/\/www.padreeustaquio.com.br\/#website\"},\"primaryImageOfPage\":{\"@id\":\"https:\/\/www.padreeustaquio.com.br\/um-2022-cheio-de-esperanca\/#primaryimage\"},\"image\":{\"@id\":\"https:\/\/www.padreeustaquio.com.br\/um-2022-cheio-de-esperanca\/#primaryimage\"},\"thumbnailUrl\":\"https:\/\/www.padreeustaquio.com.br\/wp-content\/uploads\/2021\/12\/Ano-Novo-padre-eustaquio.jpg\",\"datePublished\":\"2022-01-04T09:15:00+00:00\",\"description\":\"Esperamos que 2022 seja um ano de mais abra\u00e7os, mais sorrisos e mais amor entre as pessoas. Como muito bem escreveu Padre Eust\u00e1quio\u2026.\",\"breadcrumb\":{\"@id\":\"https:\/\/www.padreeustaquio.com.br\/um-2022-cheio-de-esperanca\/#breadcrumb\"},\"inLanguage\":\"es\",\"potentialAction\":[{\"@type\":\"ReadAction\",\"target\":[\"https:\/\/www.padreeustaquio.com.br\/um-2022-cheio-de-esperanca\/\"]}]},{\"@type\":\"ImageObject\",\"inLanguage\":\"es\",\"@id\":\"https:\/\/www.padreeustaquio.com.br\/um-2022-cheio-de-esperanca\/#primaryimage\",\"url\":\"https:\/\/www.padreeustaquio.com.br\/wp-content\/uploads\/2021\/12\/Ano-Novo-padre-eustaquio.jpg\",\"contentUrl\":\"https:\/\/www.padreeustaquio.com.br\/wp-content\/uploads\/2021\/12\/Ano-Novo-padre-eustaquio.jpg\",\"width\":748,\"height\":394},{\"@type\":\"BreadcrumbList\",\"@id\":\"https:\/\/www.padreeustaquio.com.br\/um-2022-cheio-de-esperanca\/#breadcrumb\",\"itemListElement\":[{\"@type\":\"ListItem\",\"position\":1,\"name\":\"In\u00edcio\",\"item\":\"https:\/\/www.padreeustaquio.com.br\/\"},{\"@type\":\"ListItem\",\"position\":2,\"name\":\"Um 2022 cheio de esperan\u00e7a!\"}]},{\"@type\":\"WebSite\",\"@id\":\"https:\/\/www.padreeustaquio.com.br\/#website\",\"url\":\"https:\/\/www.padreeustaquio.com.br\/\",\"name\":\"Padre Eust\u00e1quio\",\"description\":\"Sa\u00fade e Paz\",\"publisher\":{\"@id\":\"https:\/\/www.padreeustaquio.com.br\/#organization\"},\"potentialAction\":[{\"@type\":\"SearchAction\",\"target\":{\"@type\":\"EntryPoint\",\"urlTemplate\":\"https:\/\/www.padreeustaquio.com.br\/?s={search_term_string}\"},\"query-input\":{\"@type\":\"PropertyValueSpecification\",\"valueRequired\":true,\"valueName\":\"search_term_string\"}}],\"inLanguage\":\"es\"},{\"@type\":\"Organization\",\"@id\":\"https:\/\/www.padreeustaquio.com.br\/#organization\",\"name\":\"Padre Eust\u00e1quio\",\"url\":\"https:\/\/www.padreeustaquio.com.br\/\",\"logo\":{\"@type\":\"ImageObject\",\"inLanguage\":\"es\",\"@id\":\"https:\/\/www.padreeustaquio.com.br\/#\/schema\/logo\/image\/\",\"url\":\"https:\/\/www.padreeustaquio.com.br\/wp-content\/uploads\/2019\/08\/marca.png\",\"contentUrl\":\"https:\/\/www.padreeustaquio.com.br\/wp-content\/uploads\/2019\/08\/marca.png\",\"width\":350,\"height\":400,\"caption\":\"Padre Eust\u00e1quio\"},\"image\":{\"@id\":\"https:\/\/www.padreeustaquio.com.br\/#\/schema\/logo\/image\/\"},\"sameAs\":[\"https:\/\/www.facebook.com\/beatopadreeustaquio\/\",\"https:\/\/x.com\/beatopeustaquio\",\"https:\/\/www.instagram.com\/beatopadreeustaquio\/\",\"https:\/\/www.youtube.com\/channel\/UCRhw7vfabnajwLxb1ZXMeIw\"]},{\"@type\":\"Person\",\"@id\":\"https:\/\/www.padreeustaquio.com.br\/#\/schema\/person\/a2a51db1d00f1a7af0204a0f1ddb1566\",\"name\":\"@sscc\",\"image\":{\"@type\":\"ImageObject\",\"inLanguage\":\"es\",\"@id\":\"https:\/\/secure.gravatar.com\/avatar\/68cfafa5f44617fea54071e215026e0ff06be366c3d54a8425f04fdcb86f8c5f?s=96&d=mm&r=g\",\"url\":\"https:\/\/secure.gravatar.com\/avatar\/68cfafa5f44617fea54071e215026e0ff06be366c3d54a8425f04fdcb86f8c5f?s=96&d=mm&r=g\",\"contentUrl\":\"https:\/\/secure.gravatar.com\/avatar\/68cfafa5f44617fea54071e215026e0ff06be366c3d54a8425f04fdcb86f8c5f?s=96&d=mm&r=g\",\"caption\":\"@sscc\"},\"url\":\"https:\/\/www.padreeustaquio.com.br\/es\/author\/sscc\/\"}]}<\/script>\n<!-- \/ Yoast SEO plugin. -->","yoast_head_json":{"title":"\u00a1Un 2022 lleno de esperanza!","description":"Esperamos que 2022 sea un a\u00f1o de m\u00e1s abrazos, m\u00e1s sonrisas y m\u00e1s amor entre las personas. Como bien escribi\u00f3 el Padre Eust\u00e1quio\u2026.","robots":{"index":"index","follow":"follow","max-snippet":"max-snippet:-1","max-image-preview":"max-image-preview:large","max-video-preview":"max-video-preview:-1"},"canonical":"https:\/\/www.padreeustaquio.com.br\/es\/un-2022-lleno-de-esperanza\/","og_locale":"es_ES","og_type":"article","og_title":"Um 2022 cheio de esperan\u00e7a!","og_description":"Esperamos que 2022 seja um ano de mais abra\u00e7os, mais sorrisos e mais amor entre as pessoas. Como muito bem escreveu Padre Eust\u00e1quio\u2026.","og_url":"https:\/\/www.padreeustaquio.com.br\/es\/un-2022-lleno-de-esperanza\/","og_site_name":"Padre Eust\u00e1quio","article_publisher":"https:\/\/www.facebook.com\/beatopadreeustaquio\/","article_published_time":"2022-01-04T09:15:00+00:00","og_image":[{"width":748,"height":394,"url":"https:\/\/www.padreeustaquio.com.br\/wp-content\/uploads\/2021\/12\/Ano-Novo-padre-eustaquio.jpg","type":"image\/jpeg"}],"author":"@sscc","twitter_card":"summary_large_image","twitter_creator":"@beatopeustaquio","twitter_site":"@beatopeustaquio","twitter_misc":{"Escrito por":"@sscc","Tiempo de lectura":"1 minuto"},"schema":{"@context":"https:\/\/schema.org","@graph":[{"@type":"Article","@id":"https:\/\/www.padreeustaquio.com.br\/um-2022-cheio-de-esperanca\/#article","isPartOf":{"@id":"https:\/\/www.padreeustaquio.com.br\/um-2022-cheio-de-esperanca\/"},"author":{"name":"@sscc","@id":"https:\/\/www.padreeustaquio.com.br\/#\/schema\/person\/a2a51db1d00f1a7af0204a0f1ddb1566"},"headline":"Um 2022 cheio de esperan\u00e7a!","datePublished":"2022-01-04T09:15:00+00:00","mainEntityOfPage":{"@id":"https:\/\/www.padreeustaquio.com.br\/um-2022-cheio-de-esperanca\/"},"wordCount":229,"commentCount":0,"publisher":{"@id":"https:\/\/www.padreeustaquio.com.br\/#organization"},"image":{"@id":"https:\/\/www.padreeustaquio.com.br\/um-2022-cheio-de-esperanca\/#primaryimage"},"thumbnailUrl":"https:\/\/www.padreeustaquio.com.br\/wp-content\/uploads\/2021\/12\/Ano-Novo-padre-eustaquio.jpg","articleSection":["Not\u00edcias"],"inLanguage":"es","potentialAction":[{"@type":"CommentAction","name":"Comment","target":["https:\/\/www.padreeustaquio.com.br\/um-2022-cheio-de-esperanca\/#respond"]}]},{"@type":"WebPage","@id":"https:\/\/www.padreeustaquio.com.br\/um-2022-cheio-de-esperanca\/","url":"https:\/\/www.padreeustaquio.com.br\/um-2022-cheio-de-esperanca\/","name":"\u00a1Un 2022 lleno de esperanza!","isPartOf":{"@id":"https:\/\/www.padreeustaquio.com.br\/#website"},"primaryImageOfPage":{"@id":"https:\/\/www.padreeustaquio.com.br\/um-2022-cheio-de-esperanca\/#primaryimage"},"image":{"@id":"https:\/\/www.padreeustaquio.com.br\/um-2022-cheio-de-esperanca\/#primaryimage"},"thumbnailUrl":"https:\/\/www.padreeustaquio.com.br\/wp-content\/uploads\/2021\/12\/Ano-Novo-padre-eustaquio.jpg","datePublished":"2022-01-04T09:15:00+00:00","description":"Esperamos que 2022 sea un a\u00f1o de m\u00e1s abrazos, m\u00e1s sonrisas y m\u00e1s amor entre las personas. Como bien escribi\u00f3 el Padre Eust\u00e1quio\u2026.","breadcrumb":{"@id":"https:\/\/www.padreeustaquio.com.br\/um-2022-cheio-de-esperanca\/#breadcrumb"},"inLanguage":"es","potentialAction":[{"@type":"ReadAction","target":["https:\/\/www.padreeustaquio.com.br\/um-2022-cheio-de-esperanca\/"]}]},{"@type":"ImageObject","inLanguage":"es","@id":"https:\/\/www.padreeustaquio.com.br\/um-2022-cheio-de-esperanca\/#primaryimage","url":"https:\/\/www.padreeustaquio.com.br\/wp-content\/uploads\/2021\/12\/Ano-Novo-padre-eustaquio.jpg","contentUrl":"https:\/\/www.padreeustaquio.com.br\/wp-content\/uploads\/2021\/12\/Ano-Novo-padre-eustaquio.jpg","width":748,"height":394},{"@type":"BreadcrumbList","@id":"https:\/\/www.padreeustaquio.com.br\/um-2022-cheio-de-esperanca\/#breadcrumb","itemListElement":[{"@type":"ListItem","position":1,"name":"In\u00edcio","item":"https:\/\/www.padreeustaquio.com.br\/"},{"@type":"ListItem","position":2,"name":"Um 2022 cheio de esperan\u00e7a!"}]},{"@type":"WebSite","@id":"https:\/\/www.padreeustaquio.com.br\/#website","url":"https:\/\/www.padreeustaquio.com.br\/","name":"Padre Eustace","description":"Salud y Paz","publisher":{"@id":"https:\/\/www.padreeustaquio.com.br\/#organization"},"potentialAction":[{"@type":"SearchAction","target":{"@type":"EntryPoint","urlTemplate":"https:\/\/www.padreeustaquio.com.br\/?s={search_term_string}"},"query-input":{"@type":"PropertyValueSpecification","valueRequired":true,"valueName":"search_term_string"}}],"inLanguage":"es"},{"@type":"Organization","@id":"https:\/\/www.padreeustaquio.com.br\/#organization","name":"Padre Eustace","url":"https:\/\/www.padreeustaquio.com.br\/","logo":{"@type":"ImageObject","inLanguage":"es","@id":"https:\/\/www.padreeustaquio.com.br\/#\/schema\/logo\/image\/","url":"https:\/\/www.padreeustaquio.com.br\/wp-content\/uploads\/2019\/08\/marca.png","contentUrl":"https:\/\/www.padreeustaquio.com.br\/wp-content\/uploads\/2019\/08\/marca.png","width":350,"height":400,"caption":"Padre Eust\u00e1quio"},"image":{"@id":"https:\/\/www.padreeustaquio.com.br\/#\/schema\/logo\/image\/"},"sameAs":["https:\/\/www.facebook.com\/beatopadreeustaquio\/","https:\/\/x.com\/beatopeustaquio","https:\/\/www.instagram.com\/beatopadreeustaquio\/","https:\/\/www.youtube.com\/channel\/UCRhw7vfabnajwLxb1ZXMeIw"]},{"@type":"Person","@id":"https:\/\/www.padreeustaquio.com.br\/#\/schema\/person\/a2a51db1d00f1a7af0204a0f1ddb1566","name":"@sscc","image":{"@type":"ImageObject","inLanguage":"es","@id":"https:\/\/secure.gravatar.com\/avatar\/68cfafa5f44617fea54071e215026e0ff06be366c3d54a8425f04fdcb86f8c5f?s=96&d=mm&r=g","url":"https:\/\/secure.gravatar.com\/avatar\/68cfafa5f44617fea54071e215026e0ff06be366c3d54a8425f04fdcb86f8c5f?s=96&d=mm&r=g","contentUrl":"https:\/\/secure.gravatar.com\/avatar\/68cfafa5f44617fea54071e215026e0ff06be366c3d54a8425f04fdcb86f8c5f?s=96&d=mm&r=g","caption":"@sscc"},"url":"https:\/\/www.padreeustaquio.com.br\/es\/author\/sscc\/"}]}},"_links":{"self":[{"href":"https:\/\/www.padreeustaquio.com.br\/es\/wp-json\/wp\/v2\/posts\/7839","targetHints":{"allow":["GET"]}}],"collection":[{"href":"https:\/\/www.padreeustaquio.com.br\/es\/wp-json\/wp\/v2\/posts"}],"about":[{"href":"https:\/\/www.padreeustaquio.com.br\/es\/wp-json\/wp\/v2\/types\/post"}],"author":[{"embeddable":true,"href":"https:\/\/www.padreeustaquio.com.br\/es\/wp-json\/wp\/v2\/users\/2"}],"replies":[{"embeddable":true,"href":"https:\/\/www.padreeustaquio.com.br\/es\/wp-json\/wp\/v2\/comments?post=7839"}],"version-history":[{"count":0,"href":"https:\/\/www.padreeustaquio.com.br\/es\/wp-json\/wp\/v2\/posts\/7839\/revisions"}],"wp:featuredmedia":[{"embeddable":true,"href":"https:\/\/www.padreeustaquio.com.br\/es\/wp-json\/wp\/v2\/media\/7841"}],"wp:attachment":[{"href":"https:\/\/www.padreeustaquio.com.br\/es\/wp-json\/wp\/v2\/media?parent=7839"}],"wp:term":[{"taxonomy":"category","embeddable":true,"href":"https:\/\/www.padreeustaquio.com.br\/es\/wp-json\/wp\/v2\/categories?post=7839"},{"taxonomy":"post_tag","embeddable":true,"href":"https:\/\/www.padreeustaquio.com.br\/es\/wp-json\/wp\/v2\/tags?post=7839"}],"curies":[{"name":"wp","href":"https:\/\/api.w.org\/{rel}","templated":true}]}}