{"id":7833,"date":"2022-01-01T08:21:00","date_gmt":"2022-01-01T11:21:00","guid":{"rendered":"https:\/\/www.padreeustaquio.com.br\/?p=7833"},"modified":"2021-12-31T11:34:24","modified_gmt":"2021-12-31T14:34:24","slug":"itinerario-para-las-celebraciones-de-las-solemnidades-de-santa-maria-madre-de-dios-y-de-la-epifania-del-senor","status":"publish","type":"post","link":"https:\/\/www.padreeustaquio.com.br\/es\/itinerario-para-las-celebraciones-de-las-solemnidades-de-santa-maria-madre-de-dios-y-de-la-epifania-del-senor\/","title":{"rendered":"Itinerario Celebrativo \u2013 Solemnidades de Mar\u00eda, Madre de Dios, y Epifan\u00eda del Se\u00f1or"},"content":{"rendered":"<p>Hay itinerarios de celebraci\u00f3n familiar disponibles para las siguientes ceremonias:\u00a0<em><strong>Santa Mar\u00eda, Madre de Dios<\/strong><\/em>, hoy, y desde\u00a0<em><strong>Epifan\u00eda del Se\u00f1or<\/strong><\/em>, Ma\u00f1ana, 2 de enero. El material es ofrecido por la Comisi\u00f3n Pastoral Episcopal de Liturgia de la Conferencia Nacional de Obispos de Brasil (CNBB).<\/p>\n\n\n\n<p>\u201cSeguimos ofreciendo esta sugerencia para una Celebraci\u00f3n de la Palabra de Dios en casa, con la familia. El primer d\u00eda se celebrar\u00e1n dos misas en el Santuario Arquidiocesano de Salud y Paz, transmitidas por el Canal Padre Eustaquio a las 10:00 y a las 17:00. Viviendo la dignidad del pueblo sacerdotal que nos confiri\u00f3 nuestro bautismo, podemos no solo seguir, sino tambi\u00e9n CELEBRAR con nuestras familias el Domingo del Se\u00f1or, declara la Comisi\u00f3n para la Liturgia.<\/p>\n\n\n\n<p>El primer d\u00eda del a\u00f1o, la solemnidad de la Santa Madre de Dios, Mar\u00eda Sant\u00edsima, es una ocasi\u00f3n para alabar y bendecir a Dios por manifestar su misericordia y amor hacia nosotros. En la Gu\u00eda para Celebrar en Familia, se anima a todos a pedirle a Dios que bendiga el a\u00f1o que comienza, que nos muestre su rostro y que camine con nosotros. En el D\u00eda Mundial de la Paz, se reza para que el ni\u00f1o sencillo y fr\u00e1gil, nacido de Mar\u00eda, nos traiga la paz. Que nuestros corazones, nuestras familias, busquen la paz.<\/p>\n\n\n\n<p><a href=\"https:\/\/www.cnbb.org.br\/wp-content\/uploads\/2021\/12\/08-Celebrar-em-Familia-Sol-Maria-Mae-de-Deus.pdf\" target=\"_blank\" rel=\"noreferrer noopener\">Descargue la gu\u00eda de celebraci\u00f3n familiar de la Solemnidad de Mar\u00eda, Madre de Dios.<\/a><\/p>\n\n\n\n<p>El primer domingo del a\u00f1o, la Iglesia celebra la Solemnidad de la Epifan\u00eda del Se\u00f1or. Es cuando Jes\u00fas se manifiesta al mundo entero; los Reyes Magos representan a las personas de todas las lenguas y naciones que emprenden un viaje, llamadas por Dios, para adorar a Jes\u00fas. En el Santuario Arquidiocesano de Salud y Paz, las misas dominicales habituales se celebrar\u00e1n a las 7:00, 8:30, 10:00, 17:00 y 19:00, y el Canal Padre Eust\u00e1quio transmitir\u00e1 las misas de las 10:00 y 19:00.<\/p>\n\n\n\n<p><a href=\"https:\/\/www.cnbb.org.br\/wp-content\/uploads\/2021\/12\/09-Celebrar-e-Familia-Epifania-do-Senhor.pdf\" target=\"_blank\" rel=\"noreferrer noopener\">DESCARGA LA GU\u00cdA DE CELEBRACI\u00d3N FAMILIAR DE LA SOLEMNIDAD DE LA EPIFAN\u00cdA DEL SE\u00d1OR<\/a><\/p>\n\n\n\n<p><\/p>","protected":false},"excerpt":{"rendered":"<p>Est\u00e3o dispon\u00edveis os roteiros Celebrar em Fam\u00edlia para as solenidades de\u00a0Santa Maria, M\u00e3e de Deus, hoje, e da\u00a0Epifania do Senhor, amanh\u00e3, dia 2 de janeiro. O material \u00e9 oferecido pela Comiss\u00e3o Episcopal Pastoral para a Liturgia da Confer\u00eancia Nacional dos Bispos do Brasil (CNBB). \u201cContinuamos a oferecer esta sugest\u00e3o de Celebra\u00e7\u00e3o da Palavra de Deus para ser celebrada em sua casa, com seus familiares. S\u00e3o duas Missas no dia primeiro, realizadas no Santu\u00e1rio Arquidiocesano da Sa\u00fade e Paz e transmitidas pelo Canal Padre Eust\u00e1quio \u00e0s 10h e \u00e0s 17h, que podemos acompanhar, vivendo a dignidade de povo sacerdotal que nosso [&hellip;]<\/p>\n","protected":false},"author":2,"featured_media":7834,"comment_status":"open","ping_status":"closed","sticky":false,"template":"","format":"standard","meta":{"_acf_changed":false,"footnotes":""},"categories":[611],"tags":[],"class_list":["post-7833","post","type-post","status-publish","format-standard","has-post-thumbnail","hentry","category-noticias"],"acf":[],"yoast_head":"<!-- This site is optimized with the Yoast SEO plugin v27.2 - https:\/\/yoast.com\/product\/yoast-seo-wordpress\/ -->\n<title>Roteiro Celebrativo - Solenidades de Santa Maria M\u00e3e de Deus e da Epifania do Senhor<\/title>\n<meta name=\"description\" content=\"Est\u00e3o dispon\u00edveis os roteiros Celebrar em Fam\u00edlia para as solenidades de\u00a0Santa Maria, M\u00e3e de Deus, hoje, e da\u00a0Epifania do Senhor, amanh\u00e3, dia 2 de janeiro. O material \u00e9 oferecido pela Comiss\u00e3o Episcopal Pastoral para a Liturgia da Confer\u00eancia Nacional dos Bispos do Brasil (CNBB).\" \/>\n<meta name=\"robots\" content=\"index, follow, max-snippet:-1, max-image-preview:large, max-video-preview:-1\" \/>\n<link rel=\"canonical\" href=\"https:\/\/www.padreeustaquio.com.br\/es\/itinerario-para-las-celebraciones-de-las-solemnidades-de-santa-maria-madre-de-dios-y-de-la-epifania-del-senor\/\" \/>\n<meta property=\"og:locale\" content=\"es_ES\" \/>\n<meta property=\"og:type\" content=\"article\" \/>\n<meta property=\"og:title\" content=\"Roteiro Celebrativo - Solenidades de Santa Maria M\u00e3e de Deus e da Epifania do Senhor\" \/>\n<meta property=\"og:description\" content=\"Est\u00e3o dispon\u00edveis os roteiros Celebrar em Fam\u00edlia para as solenidades de\u00a0Santa Maria, M\u00e3e de Deus, hoje, e da\u00a0Epifania do Senhor, amanh\u00e3, dia 2 de janeiro. O material \u00e9 oferecido pela Comiss\u00e3o Episcopal Pastoral para a Liturgia da Confer\u00eancia Nacional dos Bispos do Brasil (CNBB).\" \/>\n<meta property=\"og:url\" content=\"https:\/\/www.padreeustaquio.com.br\/es\/itinerario-para-las-celebraciones-de-las-solemnidades-de-santa-maria-madre-de-dios-y-de-la-epifania-del-senor\/\" \/>\n<meta property=\"og:site_name\" content=\"Padre Eust\u00e1quio\" \/>\n<meta property=\"article:publisher\" content=\"https:\/\/www.facebook.com\/beatopadreeustaquio\/\" \/>\n<meta property=\"article:published_time\" content=\"2022-01-01T11:21:00+00:00\" \/>\n<meta property=\"og:image\" content=\"https:\/\/www.padreeustaquio.com.br\/wp-content\/uploads\/2021\/12\/ROTEIRO-epifania-senhor.jpg\" \/>\n\t<meta property=\"og:image:width\" content=\"748\" \/>\n\t<meta property=\"og:image:height\" content=\"394\" \/>\n\t<meta property=\"og:image:type\" content=\"image\/jpeg\" \/>\n<meta name=\"author\" content=\"@sscc\" \/>\n<meta name=\"twitter:card\" content=\"summary_large_image\" \/>\n<meta name=\"twitter:creator\" content=\"@beatopeustaquio\" \/>\n<meta name=\"twitter:site\" content=\"@beatopeustaquio\" \/>\n<meta name=\"twitter:label1\" content=\"Escrito por\" \/>\n\t<meta name=\"twitter:data1\" content=\"@sscc\" \/>\n\t<meta name=\"twitter:label2\" content=\"Tiempo de lectura\" \/>\n\t<meta name=\"twitter:data2\" content=\"2 minutos\" \/>\n<script type=\"application\/ld+json\" class=\"yoast-schema-graph\">{\"@context\":\"https:\/\/schema.org\",\"@graph\":[{\"@type\":\"Article\",\"@id\":\"https:\/\/www.padreeustaquio.com.br\/roteiro-celebrativo-solenidades-de-santa-maria-mae-de-deus-e-da-epifania-do-senhor\/#article\",\"isPartOf\":{\"@id\":\"https:\/\/www.padreeustaquio.com.br\/roteiro-celebrativo-solenidades-de-santa-maria-mae-de-deus-e-da-epifania-do-senhor\/\"},\"author\":{\"name\":\"@sscc\",\"@id\":\"https:\/\/www.padreeustaquio.com.br\/#\/schema\/person\/a2a51db1d00f1a7af0204a0f1ddb1566\"},\"headline\":\"Roteiro Celebrativo &#8211; Solenidades de Santa Maria M\u00e3e de Deus e da Epifania do Senhor\",\"datePublished\":\"2022-01-01T11:21:00+00:00\",\"mainEntityOfPage\":{\"@id\":\"https:\/\/www.padreeustaquio.com.br\/roteiro-celebrativo-solenidades-de-santa-maria-mae-de-deus-e-da-epifania-do-senhor\/\"},\"wordCount\":372,\"commentCount\":0,\"publisher\":{\"@id\":\"https:\/\/www.padreeustaquio.com.br\/#organization\"},\"image\":{\"@id\":\"https:\/\/www.padreeustaquio.com.br\/roteiro-celebrativo-solenidades-de-santa-maria-mae-de-deus-e-da-epifania-do-senhor\/#primaryimage\"},\"thumbnailUrl\":\"https:\/\/www.padreeustaquio.com.br\/wp-content\/uploads\/2021\/12\/ROTEIRO-epifania-senhor.jpg\",\"articleSection\":[\"Not\u00edcias\"],\"inLanguage\":\"es\",\"potentialAction\":[{\"@type\":\"CommentAction\",\"name\":\"Comment\",\"target\":[\"https:\/\/www.padreeustaquio.com.br\/roteiro-celebrativo-solenidades-de-santa-maria-mae-de-deus-e-da-epifania-do-senhor\/#respond\"]}]},{\"@type\":\"WebPage\",\"@id\":\"https:\/\/www.padreeustaquio.com.br\/roteiro-celebrativo-solenidades-de-santa-maria-mae-de-deus-e-da-epifania-do-senhor\/\",\"url\":\"https:\/\/www.padreeustaquio.com.br\/roteiro-celebrativo-solenidades-de-santa-maria-mae-de-deus-e-da-epifania-do-senhor\/\",\"name\":\"Roteiro Celebrativo - Solenidades de Santa Maria M\u00e3e de Deus e da Epifania do Senhor\",\"isPartOf\":{\"@id\":\"https:\/\/www.padreeustaquio.com.br\/#website\"},\"primaryImageOfPage\":{\"@id\":\"https:\/\/www.padreeustaquio.com.br\/roteiro-celebrativo-solenidades-de-santa-maria-mae-de-deus-e-da-epifania-do-senhor\/#primaryimage\"},\"image\":{\"@id\":\"https:\/\/www.padreeustaquio.com.br\/roteiro-celebrativo-solenidades-de-santa-maria-mae-de-deus-e-da-epifania-do-senhor\/#primaryimage\"},\"thumbnailUrl\":\"https:\/\/www.padreeustaquio.com.br\/wp-content\/uploads\/2021\/12\/ROTEIRO-epifania-senhor.jpg\",\"datePublished\":\"2022-01-01T11:21:00+00:00\",\"description\":\"Est\u00e3o dispon\u00edveis os roteiros Celebrar em Fam\u00edlia para as solenidades de\u00a0Santa Maria, M\u00e3e de Deus, hoje, e da\u00a0Epifania do Senhor, amanh\u00e3, dia 2 de janeiro. O material \u00e9 oferecido pela Comiss\u00e3o Episcopal Pastoral para a Liturgia da Confer\u00eancia Nacional dos Bispos do Brasil (CNBB).\",\"breadcrumb\":{\"@id\":\"https:\/\/www.padreeustaquio.com.br\/roteiro-celebrativo-solenidades-de-santa-maria-mae-de-deus-e-da-epifania-do-senhor\/#breadcrumb\"},\"inLanguage\":\"es\",\"potentialAction\":[{\"@type\":\"ReadAction\",\"target\":[\"https:\/\/www.padreeustaquio.com.br\/roteiro-celebrativo-solenidades-de-santa-maria-mae-de-deus-e-da-epifania-do-senhor\/\"]}]},{\"@type\":\"ImageObject\",\"inLanguage\":\"es\",\"@id\":\"https:\/\/www.padreeustaquio.com.br\/roteiro-celebrativo-solenidades-de-santa-maria-mae-de-deus-e-da-epifania-do-senhor\/#primaryimage\",\"url\":\"https:\/\/www.padreeustaquio.com.br\/wp-content\/uploads\/2021\/12\/ROTEIRO-epifania-senhor.jpg\",\"contentUrl\":\"https:\/\/www.padreeustaquio.com.br\/wp-content\/uploads\/2021\/12\/ROTEIRO-epifania-senhor.jpg\",\"width\":748,\"height\":394},{\"@type\":\"BreadcrumbList\",\"@id\":\"https:\/\/www.padreeustaquio.com.br\/roteiro-celebrativo-solenidades-de-santa-maria-mae-de-deus-e-da-epifania-do-senhor\/#breadcrumb\",\"itemListElement\":[{\"@type\":\"ListItem\",\"position\":1,\"name\":\"In\u00edcio\",\"item\":\"https:\/\/www.padreeustaquio.com.br\/\"},{\"@type\":\"ListItem\",\"position\":2,\"name\":\"Roteiro Celebrativo &#8211; Solenidades de Santa Maria M\u00e3e de Deus e da Epifania do Senhor\"}]},{\"@type\":\"WebSite\",\"@id\":\"https:\/\/www.padreeustaquio.com.br\/#website\",\"url\":\"https:\/\/www.padreeustaquio.com.br\/\",\"name\":\"Padre Eust\u00e1quio\",\"description\":\"Sa\u00fade e Paz\",\"publisher\":{\"@id\":\"https:\/\/www.padreeustaquio.com.br\/#organization\"},\"potentialAction\":[{\"@type\":\"SearchAction\",\"target\":{\"@type\":\"EntryPoint\",\"urlTemplate\":\"https:\/\/www.padreeustaquio.com.br\/?s={search_term_string}\"},\"query-input\":{\"@type\":\"PropertyValueSpecification\",\"valueRequired\":true,\"valueName\":\"search_term_string\"}}],\"inLanguage\":\"es\"},{\"@type\":\"Organization\",\"@id\":\"https:\/\/www.padreeustaquio.com.br\/#organization\",\"name\":\"Padre Eust\u00e1quio\",\"url\":\"https:\/\/www.padreeustaquio.com.br\/\",\"logo\":{\"@type\":\"ImageObject\",\"inLanguage\":\"es\",\"@id\":\"https:\/\/www.padreeustaquio.com.br\/#\/schema\/logo\/image\/\",\"url\":\"https:\/\/www.padreeustaquio.com.br\/wp-content\/uploads\/2019\/08\/marca.png\",\"contentUrl\":\"https:\/\/www.padreeustaquio.com.br\/wp-content\/uploads\/2019\/08\/marca.png\",\"width\":350,\"height\":400,\"caption\":\"Padre Eust\u00e1quio\"},\"image\":{\"@id\":\"https:\/\/www.padreeustaquio.com.br\/#\/schema\/logo\/image\/\"},\"sameAs\":[\"https:\/\/www.facebook.com\/beatopadreeustaquio\/\",\"https:\/\/x.com\/beatopeustaquio\",\"https:\/\/www.instagram.com\/beatopadreeustaquio\/\",\"https:\/\/www.youtube.com\/channel\/UCRhw7vfabnajwLxb1ZXMeIw\"]},{\"@type\":\"Person\",\"@id\":\"https:\/\/www.padreeustaquio.com.br\/#\/schema\/person\/a2a51db1d00f1a7af0204a0f1ddb1566\",\"name\":\"@sscc\",\"image\":{\"@type\":\"ImageObject\",\"inLanguage\":\"es\",\"@id\":\"https:\/\/secure.gravatar.com\/avatar\/68cfafa5f44617fea54071e215026e0ff06be366c3d54a8425f04fdcb86f8c5f?s=96&d=mm&r=g\",\"url\":\"https:\/\/secure.gravatar.com\/avatar\/68cfafa5f44617fea54071e215026e0ff06be366c3d54a8425f04fdcb86f8c5f?s=96&d=mm&r=g\",\"contentUrl\":\"https:\/\/secure.gravatar.com\/avatar\/68cfafa5f44617fea54071e215026e0ff06be366c3d54a8425f04fdcb86f8c5f?s=96&d=mm&r=g\",\"caption\":\"@sscc\"},\"url\":\"https:\/\/www.padreeustaquio.com.br\/es\/author\/sscc\/\"}]}<\/script>\n<!-- \/ Yoast SEO plugin. -->","yoast_head_json":{"title":"Itinerario Celebrativo - Solemnidades de Mar\u00eda, Madre de Dios, y Epifan\u00eda del Se\u00f1or","description":"Las gu\u00edas &quot;Celebra en Familia&quot; est\u00e1n disponibles para las solemnidades de Mar\u00eda, Madre de Dios, hoy, y la Epifan\u00eda del Se\u00f1or, ma\u00f1ana, 2 de enero. El material es proporcionado por la Comisi\u00f3n Pastoral Episcopal de Liturgia de la Conferencia Nacional de Obispos de Brasil (CNBB).","robots":{"index":"index","follow":"follow","max-snippet":"max-snippet:-1","max-image-preview":"max-image-preview:large","max-video-preview":"max-video-preview:-1"},"canonical":"https:\/\/www.padreeustaquio.com.br\/es\/itinerario-para-las-celebraciones-de-las-solemnidades-de-santa-maria-madre-de-dios-y-de-la-epifania-del-senor\/","og_locale":"es_ES","og_type":"article","og_title":"Roteiro Celebrativo - Solenidades de Santa Maria M\u00e3e de Deus e da Epifania do Senhor","og_description":"Est\u00e3o dispon\u00edveis os roteiros Celebrar em Fam\u00edlia para as solenidades de\u00a0Santa Maria, M\u00e3e de Deus, hoje, e da\u00a0Epifania do Senhor, amanh\u00e3, dia 2 de janeiro. O material \u00e9 oferecido pela Comiss\u00e3o Episcopal Pastoral para a Liturgia da Confer\u00eancia Nacional dos Bispos do Brasil (CNBB).","og_url":"https:\/\/www.padreeustaquio.com.br\/es\/itinerario-para-las-celebraciones-de-las-solemnidades-de-santa-maria-madre-de-dios-y-de-la-epifania-del-senor\/","og_site_name":"Padre Eust\u00e1quio","article_publisher":"https:\/\/www.facebook.com\/beatopadreeustaquio\/","article_published_time":"2022-01-01T11:21:00+00:00","og_image":[{"width":748,"height":394,"url":"https:\/\/www.padreeustaquio.com.br\/wp-content\/uploads\/2021\/12\/ROTEIRO-epifania-senhor.jpg","type":"image\/jpeg"}],"author":"@sscc","twitter_card":"summary_large_image","twitter_creator":"@beatopeustaquio","twitter_site":"@beatopeustaquio","twitter_misc":{"Escrito por":"@sscc","Tiempo de lectura":"2 minutos"},"schema":{"@context":"https:\/\/schema.org","@graph":[{"@type":"Article","@id":"https:\/\/www.padreeustaquio.com.br\/roteiro-celebrativo-solenidades-de-santa-maria-mae-de-deus-e-da-epifania-do-senhor\/#article","isPartOf":{"@id":"https:\/\/www.padreeustaquio.com.br\/roteiro-celebrativo-solenidades-de-santa-maria-mae-de-deus-e-da-epifania-do-senhor\/"},"author":{"name":"@sscc","@id":"https:\/\/www.padreeustaquio.com.br\/#\/schema\/person\/a2a51db1d00f1a7af0204a0f1ddb1566"},"headline":"Roteiro Celebrativo &#8211; Solenidades de Santa Maria M\u00e3e de Deus e da Epifania do Senhor","datePublished":"2022-01-01T11:21:00+00:00","mainEntityOfPage":{"@id":"https:\/\/www.padreeustaquio.com.br\/roteiro-celebrativo-solenidades-de-santa-maria-mae-de-deus-e-da-epifania-do-senhor\/"},"wordCount":372,"commentCount":0,"publisher":{"@id":"https:\/\/www.padreeustaquio.com.br\/#organization"},"image":{"@id":"https:\/\/www.padreeustaquio.com.br\/roteiro-celebrativo-solenidades-de-santa-maria-mae-de-deus-e-da-epifania-do-senhor\/#primaryimage"},"thumbnailUrl":"https:\/\/www.padreeustaquio.com.br\/wp-content\/uploads\/2021\/12\/ROTEIRO-epifania-senhor.jpg","articleSection":["Not\u00edcias"],"inLanguage":"es","potentialAction":[{"@type":"CommentAction","name":"Comment","target":["https:\/\/www.padreeustaquio.com.br\/roteiro-celebrativo-solenidades-de-santa-maria-mae-de-deus-e-da-epifania-do-senhor\/#respond"]}]},{"@type":"WebPage","@id":"https:\/\/www.padreeustaquio.com.br\/roteiro-celebrativo-solenidades-de-santa-maria-mae-de-deus-e-da-epifania-do-senhor\/","url":"https:\/\/www.padreeustaquio.com.br\/roteiro-celebrativo-solenidades-de-santa-maria-mae-de-deus-e-da-epifania-do-senhor\/","name":"Itinerario Celebrativo - Solemnidades de Mar\u00eda, Madre de Dios, y Epifan\u00eda del Se\u00f1or","isPartOf":{"@id":"https:\/\/www.padreeustaquio.com.br\/#website"},"primaryImageOfPage":{"@id":"https:\/\/www.padreeustaquio.com.br\/roteiro-celebrativo-solenidades-de-santa-maria-mae-de-deus-e-da-epifania-do-senhor\/#primaryimage"},"image":{"@id":"https:\/\/www.padreeustaquio.com.br\/roteiro-celebrativo-solenidades-de-santa-maria-mae-de-deus-e-da-epifania-do-senhor\/#primaryimage"},"thumbnailUrl":"https:\/\/www.padreeustaquio.com.br\/wp-content\/uploads\/2021\/12\/ROTEIRO-epifania-senhor.jpg","datePublished":"2022-01-01T11:21:00+00:00","description":"Las gu\u00edas &quot;Celebra en Familia&quot; est\u00e1n disponibles para las solemnidades de Mar\u00eda, Madre de Dios, hoy, y la Epifan\u00eda del Se\u00f1or, ma\u00f1ana, 2 de enero. El material es proporcionado por la Comisi\u00f3n Pastoral Episcopal de Liturgia de la Conferencia Nacional de Obispos de Brasil (CNBB).","breadcrumb":{"@id":"https:\/\/www.padreeustaquio.com.br\/roteiro-celebrativo-solenidades-de-santa-maria-mae-de-deus-e-da-epifania-do-senhor\/#breadcrumb"},"inLanguage":"es","potentialAction":[{"@type":"ReadAction","target":["https:\/\/www.padreeustaquio.com.br\/roteiro-celebrativo-solenidades-de-santa-maria-mae-de-deus-e-da-epifania-do-senhor\/"]}]},{"@type":"ImageObject","inLanguage":"es","@id":"https:\/\/www.padreeustaquio.com.br\/roteiro-celebrativo-solenidades-de-santa-maria-mae-de-deus-e-da-epifania-do-senhor\/#primaryimage","url":"https:\/\/www.padreeustaquio.com.br\/wp-content\/uploads\/2021\/12\/ROTEIRO-epifania-senhor.jpg","contentUrl":"https:\/\/www.padreeustaquio.com.br\/wp-content\/uploads\/2021\/12\/ROTEIRO-epifania-senhor.jpg","width":748,"height":394},{"@type":"BreadcrumbList","@id":"https:\/\/www.padreeustaquio.com.br\/roteiro-celebrativo-solenidades-de-santa-maria-mae-de-deus-e-da-epifania-do-senhor\/#breadcrumb","itemListElement":[{"@type":"ListItem","position":1,"name":"In\u00edcio","item":"https:\/\/www.padreeustaquio.com.br\/"},{"@type":"ListItem","position":2,"name":"Roteiro Celebrativo &#8211; Solenidades de Santa Maria M\u00e3e de Deus e da Epifania do Senhor"}]},{"@type":"WebSite","@id":"https:\/\/www.padreeustaquio.com.br\/#website","url":"https:\/\/www.padreeustaquio.com.br\/","name":"Padre Eustace","description":"Salud y Paz","publisher":{"@id":"https:\/\/www.padreeustaquio.com.br\/#organization"},"potentialAction":[{"@type":"SearchAction","target":{"@type":"EntryPoint","urlTemplate":"https:\/\/www.padreeustaquio.com.br\/?s={search_term_string}"},"query-input":{"@type":"PropertyValueSpecification","valueRequired":true,"valueName":"search_term_string"}}],"inLanguage":"es"},{"@type":"Organization","@id":"https:\/\/www.padreeustaquio.com.br\/#organization","name":"Padre Eustace","url":"https:\/\/www.padreeustaquio.com.br\/","logo":{"@type":"ImageObject","inLanguage":"es","@id":"https:\/\/www.padreeustaquio.com.br\/#\/schema\/logo\/image\/","url":"https:\/\/www.padreeustaquio.com.br\/wp-content\/uploads\/2019\/08\/marca.png","contentUrl":"https:\/\/www.padreeustaquio.com.br\/wp-content\/uploads\/2019\/08\/marca.png","width":350,"height":400,"caption":"Padre Eust\u00e1quio"},"image":{"@id":"https:\/\/www.padreeustaquio.com.br\/#\/schema\/logo\/image\/"},"sameAs":["https:\/\/www.facebook.com\/beatopadreeustaquio\/","https:\/\/x.com\/beatopeustaquio","https:\/\/www.instagram.com\/beatopadreeustaquio\/","https:\/\/www.youtube.com\/channel\/UCRhw7vfabnajwLxb1ZXMeIw"]},{"@type":"Person","@id":"https:\/\/www.padreeustaquio.com.br\/#\/schema\/person\/a2a51db1d00f1a7af0204a0f1ddb1566","name":"@sscc","image":{"@type":"ImageObject","inLanguage":"es","@id":"https:\/\/secure.gravatar.com\/avatar\/68cfafa5f44617fea54071e215026e0ff06be366c3d54a8425f04fdcb86f8c5f?s=96&d=mm&r=g","url":"https:\/\/secure.gravatar.com\/avatar\/68cfafa5f44617fea54071e215026e0ff06be366c3d54a8425f04fdcb86f8c5f?s=96&d=mm&r=g","contentUrl":"https:\/\/secure.gravatar.com\/avatar\/68cfafa5f44617fea54071e215026e0ff06be366c3d54a8425f04fdcb86f8c5f?s=96&d=mm&r=g","caption":"@sscc"},"url":"https:\/\/www.padreeustaquio.com.br\/es\/author\/sscc\/"}]}},"_links":{"self":[{"href":"https:\/\/www.padreeustaquio.com.br\/es\/wp-json\/wp\/v2\/posts\/7833","targetHints":{"allow":["GET"]}}],"collection":[{"href":"https:\/\/www.padreeustaquio.com.br\/es\/wp-json\/wp\/v2\/posts"}],"about":[{"href":"https:\/\/www.padreeustaquio.com.br\/es\/wp-json\/wp\/v2\/types\/post"}],"author":[{"embeddable":true,"href":"https:\/\/www.padreeustaquio.com.br\/es\/wp-json\/wp\/v2\/users\/2"}],"replies":[{"embeddable":true,"href":"https:\/\/www.padreeustaquio.com.br\/es\/wp-json\/wp\/v2\/comments?post=7833"}],"version-history":[{"count":0,"href":"https:\/\/www.padreeustaquio.com.br\/es\/wp-json\/wp\/v2\/posts\/7833\/revisions"}],"wp:featuredmedia":[{"embeddable":true,"href":"https:\/\/www.padreeustaquio.com.br\/es\/wp-json\/wp\/v2\/media\/7834"}],"wp:attachment":[{"href":"https:\/\/www.padreeustaquio.com.br\/es\/wp-json\/wp\/v2\/media?parent=7833"}],"wp:term":[{"taxonomy":"category","embeddable":true,"href":"https:\/\/www.padreeustaquio.com.br\/es\/wp-json\/wp\/v2\/categories?post=7833"},{"taxonomy":"post_tag","embeddable":true,"href":"https:\/\/www.padreeustaquio.com.br\/es\/wp-json\/wp\/v2\/tags?post=7833"}],"curies":[{"name":"wp","href":"https:\/\/api.w.org\/{rel}","templated":true}]}}