{"id":7817,"date":"2021-12-31T06:53:00","date_gmt":"2021-12-31T09:53:00","guid":{"rendered":"https:\/\/www.padreeustaquio.com.br\/?p=7817"},"modified":"2021-12-31T09:36:55","modified_gmt":"2021-12-31T12:36:55","slug":"el-nuevo-rector-del-santuario-de-salud-y-paz-repasa-el-2021","status":"publish","type":"post","link":"https:\/\/www.padreeustaquio.com.br\/es\/el-nuevo-rector-del-santuario-de-salud-y-paz-repasa-el-2021\/","title":{"rendered":"El nuevo Rector del Santuario de Salud y Paz ofrece un balance del a\u00f1o 2021."},"content":{"rendered":"<p>El Padre Vinicius Maciel, SSCC, Rector del Santuario de Salud y Paz y vicepostulador de la Causa de Canonizaci\u00f3n del Beato Padre Eust\u00e1quio, reflexiona sobre el 2021 y habla sobre las expectativas para el 2022. Vea las preguntas y respuestas a continuaci\u00f3n:<\/p>\n\n\n\n<p><strong>\u00bfFue 2021 un a\u00f1o de muchos desaf\u00edos para la iglesia?<\/strong><\/p>\n\n\n\n<p>S\u00ed. El segundo a\u00f1o de pandemia. Nuevos desaf\u00edos para inventar formas creativas de evangelizaci\u00f3n. El reto de acompa\u00f1ar a las familias empobrecidas por el aumento del desempleo y la disminuci\u00f3n del poder adquisitivo. El reto de no poder estar presentes en momentos cruciales, como con los enfermos en casa o en los hospitales. La desesperanza y el agotamiento de ni\u00f1os y j\u00f3venes. La soledad de los ancianos y las crecientes dificultades en las relaciones dentro de las familias confinadas. Finalmente, la imposibilidad de celebrar el duelo y reconocer a los seres queridos enterrados sin velatorio o con uno muy restringido.<\/p>\n\n\n\n<p><strong>\u00bfCu\u00e1les son los principales logros de la candidatura vicepresidencial?<\/strong><\/p>\n\n\n\n<p>Para hablar de nuestros logros, creo que es \u00fatil presentar nuestras metas de los \u00faltimos a\u00f1os. Hemos trabajado para consolidar y profundizar la devoci\u00f3n, as\u00ed como para expandirla mediante el testimonio y el conocimiento de la vida y el carisma del Beato Eustaquio. Se est\u00e1n construyendo nuevas iglesias dedicadas al Beato Padre Eustaquio y est\u00e1n surgiendo nuevas comunidades. Durante la pandemia, el enfoque principal fue la creaci\u00f3n de un equipo profesional de comunicaciones que garantiz\u00f3 el crecimiento de las redes sociales, el bolet\u00edn impreso y el canal de YouTube del Padre Eustaquio, que super\u00f3 los 10,000 seguidores en un a\u00f1o.<\/p>\n\n\n\n<p><strong>Este a\u00f1o fue nombrado rector del Santuario Arquidiocesano de Salud y Paz. \u00bfC\u00f3mo recibi\u00f3 esta noticia?<\/strong><\/p>\n\n\n\n<p>Con gran esperanza y responsabilidad. Como un gran desaf\u00edo debido a las dificultades econ\u00f3micas y financieras. Como devoto del Beato Eustaquio, tambi\u00e9n con gran alegr\u00eda. En una palabra: emoci\u00f3n, asumir la parroquia donde mis padres se casaron hace m\u00e1s de 60 a\u00f1os.<\/p>\n\n\n\n<p><strong>\u00bfQu\u00e9 retos supone este nombramiento?<\/strong><\/p>\n\n\n\n<p>Reunir y construir la comunidad pospandemia. Equilibrar los diversos servicios de mi responsabilidad, como las tres Guarder\u00edas de Acci\u00f3n Social, la Tienda y el equipo de comunicaci\u00f3n para promover la causa de la Canonizaci\u00f3n, el equipo de investigaci\u00f3n, restauraci\u00f3n e implementaci\u00f3n del Museo Padre Eustaquio, y la misi\u00f3n de difusi\u00f3n y di\u00e1logo con los devotos de todo Brasil.<\/p>\n\n\n\n<p><strong>\u00bfCu\u00e1les son las expectativas para el 2022, tanto en relaci\u00f3n al Santuario como en relaci\u00f3n a la vicepostulaci\u00f3n?<\/strong><\/p>\n\n\n\n<p>Estamos inmersos en el centenario de la Arquidi\u00f3cesis de Belo Horizonte. En 2022 se cumplen 80 a\u00f1os del inicio de este camino con la llegada del Padre Eust\u00e1quio en 1942. En sinton\u00eda con el llamado del Papa Francisco a ser una iglesia abierta, a la escucha y en salida, combinando la vida parroquial con un santuario acogedor comprometido con la misi\u00f3n de ser presencia viva del carisma y la espiritualidad del Beato Padre Eust\u00e1quio: el Evangelio de la Salud y la Paz.<\/p>\n\n\n\n<div class=\"wp-block-image\"><figure class=\"aligncenter size-large is-resized\"><img fetchpriority=\"high\" decoding=\"async\" src=\"https:\/\/www.padreeustaquio.com.br\/wp-content\/uploads\/2021\/12\/Provisao-de-Novo-Reitor-padre-Vinicius_page-0001-726x1024.jpg\" alt=\"\" class=\"wp-image-7823\" width=\"206\" height=\"291\" srcset=\"https:\/\/www.padreeustaquio.com.br\/wp-content\/uploads\/2021\/12\/Provisao-de-Novo-Reitor-padre-Vinicius_page-0001-726x1024.jpg 726w, https:\/\/www.padreeustaquio.com.br\/wp-content\/uploads\/2021\/12\/Provisao-de-Novo-Reitor-padre-Vinicius_page-0001-213x300.jpg 213w, https:\/\/www.padreeustaquio.com.br\/wp-content\/uploads\/2021\/12\/Provisao-de-Novo-Reitor-padre-Vinicius_page-0001-768x1083.jpg 768w, https:\/\/www.padreeustaquio.com.br\/wp-content\/uploads\/2021\/12\/Provisao-de-Novo-Reitor-padre-Vinicius_page-0001-1089x1536.jpg 1089w, https:\/\/www.padreeustaquio.com.br\/wp-content\/uploads\/2021\/12\/Provisao-de-Novo-Reitor-padre-Vinicius_page-0001.jpg 1246w\" sizes=\"(max-width: 206px) 100vw, 206px\" \/><\/figure><\/div>\n\n\n\n<div class=\"wp-block-file aligncenter\"><a href=\"https:\/\/www.padreeustaquio.com.br\/es\/?attachment_id=7822\" target=\"_blank\" rel=\"noreferrer noopener\">Haga clic aqu\u00ed para ver el documento oficial de la Provisi\u00f3n de P\u00e1rroco y Rector del Padre Marcus Vin\u00edcius Maciel, ss.cc.<\/a><\/div>\n\n\n\n<p>El Padre Vin\u00edcius Maciel, SSCC, fue nombrado Rector del Santuario Arquidiocesano de Salud y Paz el 27 de julio de este a\u00f1o.<br>Es vicepostulador de la Causa de Canonizaci\u00f3n del Beato Padre Eust\u00e1quio desde diciembre de 2008 y est\u00e1 a cargo del proceso, representando la causa en Brasil.<\/p>\n\n\n\n<p><\/p>","protected":false},"excerpt":{"rendered":"<p>Padre Vinicius Maciel, SSCC, Reitor do Santu\u00e1rio Sa\u00fade e Paz e vice-postulador da Causa de Canoniza\u00e7\u00e3o do Beato Padre Eust\u00e1quio faz balan\u00e7o sobre 2021 e fala das expectativas para 2022. Veja o ping-pong de perguntas e respostas a seguir: 2021 Foi um ano de muitos desafios para a igreja? Sim. O segundo ano da pandemia. Desafios novos para inventar criativas formas de evangeliza\u00e7\u00e3o. Desfio de acompanhar as fam\u00edlias empobrecidas pelo crescente desemprego e queda do poder aquisitivo. Desafio de n\u00e3o poder estar presente em momentos fundamentais como junto aos doentes em casa ou nos hospitais. A desesperan\u00e7a e o cansa\u00e7o [&hellip;]<\/p>\n","protected":false},"author":2,"featured_media":7820,"comment_status":"open","ping_status":"closed","sticky":false,"template":"","format":"standard","meta":{"_acf_changed":false,"footnotes":""},"categories":[611],"tags":[],"class_list":["post-7817","post","type-post","status-publish","format-standard","has-post-thumbnail","hentry","category-noticias"],"acf":[],"yoast_head":"<!-- This site is optimized with the Yoast SEO plugin v27.2 - https:\/\/yoast.com\/product\/yoast-seo-wordpress\/ -->\n<title>Novo Reitor do Santu\u00e1rio da Sa\u00fade e Paz faz balan\u00e7o de 2021<\/title>\n<meta name=\"description\" content=\"Padre Vinicius Maciel, SSCC, Reitor do Santu\u00e1rio Sa\u00fade e Paz e vice-postulador da Causa de Canoniza\u00e7\u00e3o do Beato Padre Eust\u00e1quio faz balan\u00e7o sobre 2021 e fala das expectativas para 2022. Veja o ping-pong de perguntas e respostas.\" \/>\n<meta name=\"robots\" content=\"index, follow, max-snippet:-1, max-image-preview:large, max-video-preview:-1\" \/>\n<link rel=\"canonical\" href=\"https:\/\/www.padreeustaquio.com.br\/es\/el-nuevo-rector-del-santuario-de-salud-y-paz-repasa-el-2021\/\" \/>\n<meta property=\"og:locale\" content=\"es_ES\" \/>\n<meta property=\"og:type\" content=\"article\" \/>\n<meta property=\"og:title\" content=\"Novo Reitor do Santu\u00e1rio da Sa\u00fade e Paz faz balan\u00e7o de 2021\" \/>\n<meta property=\"og:description\" content=\"Padre Vinicius Maciel, SSCC, Reitor do Santu\u00e1rio Sa\u00fade e Paz e vice-postulador da Causa de Canoniza\u00e7\u00e3o do Beato Padre Eust\u00e1quio faz balan\u00e7o sobre 2021 e fala das expectativas para 2022. Veja o ping-pong de perguntas e respostas.\" \/>\n<meta property=\"og:url\" content=\"https:\/\/www.padreeustaquio.com.br\/es\/el-nuevo-rector-del-santuario-de-salud-y-paz-repasa-el-2021\/\" \/>\n<meta property=\"og:site_name\" content=\"Padre Eust\u00e1quio\" \/>\n<meta property=\"article:publisher\" content=\"https:\/\/www.facebook.com\/beatopadreeustaquio\/\" \/>\n<meta property=\"article:published_time\" content=\"2021-12-31T09:53:00+00:00\" \/>\n<meta property=\"article:modified_time\" content=\"2021-12-31T12:36:55+00:00\" \/>\n<meta property=\"og:image\" content=\"https:\/\/www.padreeustaquio.com.br\/wp-content\/uploads\/2021\/12\/padre-vinicius-novo-reitor.jpg\" \/>\n\t<meta property=\"og:image:width\" content=\"748\" \/>\n\t<meta property=\"og:image:height\" content=\"394\" \/>\n\t<meta property=\"og:image:type\" content=\"image\/jpeg\" \/>\n<meta name=\"author\" content=\"@sscc\" \/>\n<meta name=\"twitter:card\" content=\"summary_large_image\" \/>\n<meta name=\"twitter:creator\" content=\"@beatopeustaquio\" \/>\n<meta name=\"twitter:site\" content=\"@beatopeustaquio\" \/>\n<meta name=\"twitter:label1\" content=\"Escrito por\" \/>\n\t<meta name=\"twitter:data1\" content=\"@sscc\" \/>\n\t<meta name=\"twitter:label2\" content=\"Tiempo de lectura\" \/>\n\t<meta name=\"twitter:data2\" content=\"3 minutos\" \/>\n<script type=\"application\/ld+json\" class=\"yoast-schema-graph\">{\"@context\":\"https:\/\/schema.org\",\"@graph\":[{\"@type\":\"Article\",\"@id\":\"https:\/\/www.padreeustaquio.com.br\/novo-reitor-do-santuario-da-saude-e-paz-faz-balanco-de-2021\/#article\",\"isPartOf\":{\"@id\":\"https:\/\/www.padreeustaquio.com.br\/novo-reitor-do-santuario-da-saude-e-paz-faz-balanco-de-2021\/\"},\"author\":{\"name\":\"@sscc\",\"@id\":\"https:\/\/www.padreeustaquio.com.br\/#\/schema\/person\/a2a51db1d00f1a7af0204a0f1ddb1566\"},\"headline\":\"Novo Reitor do Santu\u00e1rio da Sa\u00fade e Paz faz balan\u00e7o de 2021\",\"datePublished\":\"2021-12-31T09:53:00+00:00\",\"dateModified\":\"2021-12-31T12:36:55+00:00\",\"mainEntityOfPage\":{\"@id\":\"https:\/\/www.padreeustaquio.com.br\/novo-reitor-do-santuario-da-saude-e-paz-faz-balanco-de-2021\/\"},\"wordCount\":589,\"commentCount\":0,\"publisher\":{\"@id\":\"https:\/\/www.padreeustaquio.com.br\/#organization\"},\"image\":{\"@id\":\"https:\/\/www.padreeustaquio.com.br\/novo-reitor-do-santuario-da-saude-e-paz-faz-balanco-de-2021\/#primaryimage\"},\"thumbnailUrl\":\"https:\/\/www.padreeustaquio.com.br\/wp-content\/uploads\/2021\/12\/padre-vinicius-novo-reitor.jpg\",\"articleSection\":[\"Not\u00edcias\"],\"inLanguage\":\"es\",\"potentialAction\":[{\"@type\":\"CommentAction\",\"name\":\"Comment\",\"target\":[\"https:\/\/www.padreeustaquio.com.br\/novo-reitor-do-santuario-da-saude-e-paz-faz-balanco-de-2021\/#respond\"]}]},{\"@type\":\"WebPage\",\"@id\":\"https:\/\/www.padreeustaquio.com.br\/novo-reitor-do-santuario-da-saude-e-paz-faz-balanco-de-2021\/\",\"url\":\"https:\/\/www.padreeustaquio.com.br\/novo-reitor-do-santuario-da-saude-e-paz-faz-balanco-de-2021\/\",\"name\":\"Novo Reitor do Santu\u00e1rio da Sa\u00fade e Paz faz balan\u00e7o de 2021\",\"isPartOf\":{\"@id\":\"https:\/\/www.padreeustaquio.com.br\/#website\"},\"primaryImageOfPage\":{\"@id\":\"https:\/\/www.padreeustaquio.com.br\/novo-reitor-do-santuario-da-saude-e-paz-faz-balanco-de-2021\/#primaryimage\"},\"image\":{\"@id\":\"https:\/\/www.padreeustaquio.com.br\/novo-reitor-do-santuario-da-saude-e-paz-faz-balanco-de-2021\/#primaryimage\"},\"thumbnailUrl\":\"https:\/\/www.padreeustaquio.com.br\/wp-content\/uploads\/2021\/12\/padre-vinicius-novo-reitor.jpg\",\"datePublished\":\"2021-12-31T09:53:00+00:00\",\"dateModified\":\"2021-12-31T12:36:55+00:00\",\"description\":\"Padre Vinicius Maciel, SSCC, Reitor do Santu\u00e1rio Sa\u00fade e Paz e vice-postulador da Causa de Canoniza\u00e7\u00e3o do Beato Padre Eust\u00e1quio faz balan\u00e7o sobre 2021 e fala das expectativas para 2022. Veja o ping-pong de perguntas e respostas.\",\"breadcrumb\":{\"@id\":\"https:\/\/www.padreeustaquio.com.br\/novo-reitor-do-santuario-da-saude-e-paz-faz-balanco-de-2021\/#breadcrumb\"},\"inLanguage\":\"es\",\"potentialAction\":[{\"@type\":\"ReadAction\",\"target\":[\"https:\/\/www.padreeustaquio.com.br\/novo-reitor-do-santuario-da-saude-e-paz-faz-balanco-de-2021\/\"]}]},{\"@type\":\"ImageObject\",\"inLanguage\":\"es\",\"@id\":\"https:\/\/www.padreeustaquio.com.br\/novo-reitor-do-santuario-da-saude-e-paz-faz-balanco-de-2021\/#primaryimage\",\"url\":\"https:\/\/www.padreeustaquio.com.br\/wp-content\/uploads\/2021\/12\/padre-vinicius-novo-reitor.jpg\",\"contentUrl\":\"https:\/\/www.padreeustaquio.com.br\/wp-content\/uploads\/2021\/12\/padre-vinicius-novo-reitor.jpg\",\"width\":748,\"height\":394},{\"@type\":\"BreadcrumbList\",\"@id\":\"https:\/\/www.padreeustaquio.com.br\/novo-reitor-do-santuario-da-saude-e-paz-faz-balanco-de-2021\/#breadcrumb\",\"itemListElement\":[{\"@type\":\"ListItem\",\"position\":1,\"name\":\"In\u00edcio\",\"item\":\"https:\/\/www.padreeustaquio.com.br\/\"},{\"@type\":\"ListItem\",\"position\":2,\"name\":\"Novo Reitor do Santu\u00e1rio da Sa\u00fade e Paz faz balan\u00e7o de 2021\"}]},{\"@type\":\"WebSite\",\"@id\":\"https:\/\/www.padreeustaquio.com.br\/#website\",\"url\":\"https:\/\/www.padreeustaquio.com.br\/\",\"name\":\"Padre Eust\u00e1quio\",\"description\":\"Sa\u00fade e Paz\",\"publisher\":{\"@id\":\"https:\/\/www.padreeustaquio.com.br\/#organization\"},\"potentialAction\":[{\"@type\":\"SearchAction\",\"target\":{\"@type\":\"EntryPoint\",\"urlTemplate\":\"https:\/\/www.padreeustaquio.com.br\/?s={search_term_string}\"},\"query-input\":{\"@type\":\"PropertyValueSpecification\",\"valueRequired\":true,\"valueName\":\"search_term_string\"}}],\"inLanguage\":\"es\"},{\"@type\":\"Organization\",\"@id\":\"https:\/\/www.padreeustaquio.com.br\/#organization\",\"name\":\"Padre Eust\u00e1quio\",\"url\":\"https:\/\/www.padreeustaquio.com.br\/\",\"logo\":{\"@type\":\"ImageObject\",\"inLanguage\":\"es\",\"@id\":\"https:\/\/www.padreeustaquio.com.br\/#\/schema\/logo\/image\/\",\"url\":\"https:\/\/www.padreeustaquio.com.br\/wp-content\/uploads\/2019\/08\/marca.png\",\"contentUrl\":\"https:\/\/www.padreeustaquio.com.br\/wp-content\/uploads\/2019\/08\/marca.png\",\"width\":350,\"height\":400,\"caption\":\"Padre Eust\u00e1quio\"},\"image\":{\"@id\":\"https:\/\/www.padreeustaquio.com.br\/#\/schema\/logo\/image\/\"},\"sameAs\":[\"https:\/\/www.facebook.com\/beatopadreeustaquio\/\",\"https:\/\/x.com\/beatopeustaquio\",\"https:\/\/www.instagram.com\/beatopadreeustaquio\/\",\"https:\/\/www.youtube.com\/channel\/UCRhw7vfabnajwLxb1ZXMeIw\"]},{\"@type\":\"Person\",\"@id\":\"https:\/\/www.padreeustaquio.com.br\/#\/schema\/person\/a2a51db1d00f1a7af0204a0f1ddb1566\",\"name\":\"@sscc\",\"image\":{\"@type\":\"ImageObject\",\"inLanguage\":\"es\",\"@id\":\"https:\/\/secure.gravatar.com\/avatar\/68cfafa5f44617fea54071e215026e0ff06be366c3d54a8425f04fdcb86f8c5f?s=96&d=mm&r=g\",\"url\":\"https:\/\/secure.gravatar.com\/avatar\/68cfafa5f44617fea54071e215026e0ff06be366c3d54a8425f04fdcb86f8c5f?s=96&d=mm&r=g\",\"contentUrl\":\"https:\/\/secure.gravatar.com\/avatar\/68cfafa5f44617fea54071e215026e0ff06be366c3d54a8425f04fdcb86f8c5f?s=96&d=mm&r=g\",\"caption\":\"@sscc\"},\"url\":\"https:\/\/www.padreeustaquio.com.br\/es\/author\/sscc\/\"}]}<\/script>\n<!-- \/ Yoast SEO plugin. -->","yoast_head_json":{"title":"El nuevo Rector del Santuario de Salud y Paz ofrece un balance del a\u00f1o 2021.","description":"El Padre Vinicius Maciel, SSCC, Rector del Santuario de Salud y Paz y vicepostulador de la Causa de Canonizaci\u00f3n del Beato Padre Eust\u00e1quio, reflexiona sobre 2021 y analiza las expectativas para 2022. Vea la sesi\u00f3n de preguntas y respuestas.","robots":{"index":"index","follow":"follow","max-snippet":"max-snippet:-1","max-image-preview":"max-image-preview:large","max-video-preview":"max-video-preview:-1"},"canonical":"https:\/\/www.padreeustaquio.com.br\/es\/el-nuevo-rector-del-santuario-de-salud-y-paz-repasa-el-2021\/","og_locale":"es_ES","og_type":"article","og_title":"Novo Reitor do Santu\u00e1rio da Sa\u00fade e Paz faz balan\u00e7o de 2021","og_description":"Padre Vinicius Maciel, SSCC, Reitor do Santu\u00e1rio Sa\u00fade e Paz e vice-postulador da Causa de Canoniza\u00e7\u00e3o do Beato Padre Eust\u00e1quio faz balan\u00e7o sobre 2021 e fala das expectativas para 2022. Veja o ping-pong de perguntas e respostas.","og_url":"https:\/\/www.padreeustaquio.com.br\/es\/el-nuevo-rector-del-santuario-de-salud-y-paz-repasa-el-2021\/","og_site_name":"Padre Eust\u00e1quio","article_publisher":"https:\/\/www.facebook.com\/beatopadreeustaquio\/","article_published_time":"2021-12-31T09:53:00+00:00","article_modified_time":"2021-12-31T12:36:55+00:00","og_image":[{"width":748,"height":394,"url":"https:\/\/www.padreeustaquio.com.br\/wp-content\/uploads\/2021\/12\/padre-vinicius-novo-reitor.jpg","type":"image\/jpeg"}],"author":"@sscc","twitter_card":"summary_large_image","twitter_creator":"@beatopeustaquio","twitter_site":"@beatopeustaquio","twitter_misc":{"Escrito por":"@sscc","Tiempo de lectura":"3 minutos"},"schema":{"@context":"https:\/\/schema.org","@graph":[{"@type":"Article","@id":"https:\/\/www.padreeustaquio.com.br\/novo-reitor-do-santuario-da-saude-e-paz-faz-balanco-de-2021\/#article","isPartOf":{"@id":"https:\/\/www.padreeustaquio.com.br\/novo-reitor-do-santuario-da-saude-e-paz-faz-balanco-de-2021\/"},"author":{"name":"@sscc","@id":"https:\/\/www.padreeustaquio.com.br\/#\/schema\/person\/a2a51db1d00f1a7af0204a0f1ddb1566"},"headline":"Novo Reitor do Santu\u00e1rio da Sa\u00fade e Paz faz balan\u00e7o de 2021","datePublished":"2021-12-31T09:53:00+00:00","dateModified":"2021-12-31T12:36:55+00:00","mainEntityOfPage":{"@id":"https:\/\/www.padreeustaquio.com.br\/novo-reitor-do-santuario-da-saude-e-paz-faz-balanco-de-2021\/"},"wordCount":589,"commentCount":0,"publisher":{"@id":"https:\/\/www.padreeustaquio.com.br\/#organization"},"image":{"@id":"https:\/\/www.padreeustaquio.com.br\/novo-reitor-do-santuario-da-saude-e-paz-faz-balanco-de-2021\/#primaryimage"},"thumbnailUrl":"https:\/\/www.padreeustaquio.com.br\/wp-content\/uploads\/2021\/12\/padre-vinicius-novo-reitor.jpg","articleSection":["Not\u00edcias"],"inLanguage":"es","potentialAction":[{"@type":"CommentAction","name":"Comment","target":["https:\/\/www.padreeustaquio.com.br\/novo-reitor-do-santuario-da-saude-e-paz-faz-balanco-de-2021\/#respond"]}]},{"@type":"WebPage","@id":"https:\/\/www.padreeustaquio.com.br\/novo-reitor-do-santuario-da-saude-e-paz-faz-balanco-de-2021\/","url":"https:\/\/www.padreeustaquio.com.br\/novo-reitor-do-santuario-da-saude-e-paz-faz-balanco-de-2021\/","name":"El nuevo Rector del Santuario de Salud y Paz ofrece un balance del a\u00f1o 2021.","isPartOf":{"@id":"https:\/\/www.padreeustaquio.com.br\/#website"},"primaryImageOfPage":{"@id":"https:\/\/www.padreeustaquio.com.br\/novo-reitor-do-santuario-da-saude-e-paz-faz-balanco-de-2021\/#primaryimage"},"image":{"@id":"https:\/\/www.padreeustaquio.com.br\/novo-reitor-do-santuario-da-saude-e-paz-faz-balanco-de-2021\/#primaryimage"},"thumbnailUrl":"https:\/\/www.padreeustaquio.com.br\/wp-content\/uploads\/2021\/12\/padre-vinicius-novo-reitor.jpg","datePublished":"2021-12-31T09:53:00+00:00","dateModified":"2021-12-31T12:36:55+00:00","description":"El Padre Vinicius Maciel, SSCC, Rector del Santuario de Salud y Paz y vicepostulador de la Causa de Canonizaci\u00f3n del Beato Padre Eust\u00e1quio, reflexiona sobre 2021 y analiza las expectativas para 2022. Vea la sesi\u00f3n de preguntas y respuestas.","breadcrumb":{"@id":"https:\/\/www.padreeustaquio.com.br\/novo-reitor-do-santuario-da-saude-e-paz-faz-balanco-de-2021\/#breadcrumb"},"inLanguage":"es","potentialAction":[{"@type":"ReadAction","target":["https:\/\/www.padreeustaquio.com.br\/novo-reitor-do-santuario-da-saude-e-paz-faz-balanco-de-2021\/"]}]},{"@type":"ImageObject","inLanguage":"es","@id":"https:\/\/www.padreeustaquio.com.br\/novo-reitor-do-santuario-da-saude-e-paz-faz-balanco-de-2021\/#primaryimage","url":"https:\/\/www.padreeustaquio.com.br\/wp-content\/uploads\/2021\/12\/padre-vinicius-novo-reitor.jpg","contentUrl":"https:\/\/www.padreeustaquio.com.br\/wp-content\/uploads\/2021\/12\/padre-vinicius-novo-reitor.jpg","width":748,"height":394},{"@type":"BreadcrumbList","@id":"https:\/\/www.padreeustaquio.com.br\/novo-reitor-do-santuario-da-saude-e-paz-faz-balanco-de-2021\/#breadcrumb","itemListElement":[{"@type":"ListItem","position":1,"name":"In\u00edcio","item":"https:\/\/www.padreeustaquio.com.br\/"},{"@type":"ListItem","position":2,"name":"Novo Reitor do Santu\u00e1rio da Sa\u00fade e Paz faz balan\u00e7o de 2021"}]},{"@type":"WebSite","@id":"https:\/\/www.padreeustaquio.com.br\/#website","url":"https:\/\/www.padreeustaquio.com.br\/","name":"Padre Eustace","description":"Salud y Paz","publisher":{"@id":"https:\/\/www.padreeustaquio.com.br\/#organization"},"potentialAction":[{"@type":"SearchAction","target":{"@type":"EntryPoint","urlTemplate":"https:\/\/www.padreeustaquio.com.br\/?s={search_term_string}"},"query-input":{"@type":"PropertyValueSpecification","valueRequired":true,"valueName":"search_term_string"}}],"inLanguage":"es"},{"@type":"Organization","@id":"https:\/\/www.padreeustaquio.com.br\/#organization","name":"Padre Eustace","url":"https:\/\/www.padreeustaquio.com.br\/","logo":{"@type":"ImageObject","inLanguage":"es","@id":"https:\/\/www.padreeustaquio.com.br\/#\/schema\/logo\/image\/","url":"https:\/\/www.padreeustaquio.com.br\/wp-content\/uploads\/2019\/08\/marca.png","contentUrl":"https:\/\/www.padreeustaquio.com.br\/wp-content\/uploads\/2019\/08\/marca.png","width":350,"height":400,"caption":"Padre Eust\u00e1quio"},"image":{"@id":"https:\/\/www.padreeustaquio.com.br\/#\/schema\/logo\/image\/"},"sameAs":["https:\/\/www.facebook.com\/beatopadreeustaquio\/","https:\/\/x.com\/beatopeustaquio","https:\/\/www.instagram.com\/beatopadreeustaquio\/","https:\/\/www.youtube.com\/channel\/UCRhw7vfabnajwLxb1ZXMeIw"]},{"@type":"Person","@id":"https:\/\/www.padreeustaquio.com.br\/#\/schema\/person\/a2a51db1d00f1a7af0204a0f1ddb1566","name":"@sscc","image":{"@type":"ImageObject","inLanguage":"es","@id":"https:\/\/secure.gravatar.com\/avatar\/68cfafa5f44617fea54071e215026e0ff06be366c3d54a8425f04fdcb86f8c5f?s=96&d=mm&r=g","url":"https:\/\/secure.gravatar.com\/avatar\/68cfafa5f44617fea54071e215026e0ff06be366c3d54a8425f04fdcb86f8c5f?s=96&d=mm&r=g","contentUrl":"https:\/\/secure.gravatar.com\/avatar\/68cfafa5f44617fea54071e215026e0ff06be366c3d54a8425f04fdcb86f8c5f?s=96&d=mm&r=g","caption":"@sscc"},"url":"https:\/\/www.padreeustaquio.com.br\/es\/author\/sscc\/"}]}},"_links":{"self":[{"href":"https:\/\/www.padreeustaquio.com.br\/es\/wp-json\/wp\/v2\/posts\/7817","targetHints":{"allow":["GET"]}}],"collection":[{"href":"https:\/\/www.padreeustaquio.com.br\/es\/wp-json\/wp\/v2\/posts"}],"about":[{"href":"https:\/\/www.padreeustaquio.com.br\/es\/wp-json\/wp\/v2\/types\/post"}],"author":[{"embeddable":true,"href":"https:\/\/www.padreeustaquio.com.br\/es\/wp-json\/wp\/v2\/users\/2"}],"replies":[{"embeddable":true,"href":"https:\/\/www.padreeustaquio.com.br\/es\/wp-json\/wp\/v2\/comments?post=7817"}],"version-history":[{"count":0,"href":"https:\/\/www.padreeustaquio.com.br\/es\/wp-json\/wp\/v2\/posts\/7817\/revisions"}],"wp:featuredmedia":[{"embeddable":true,"href":"https:\/\/www.padreeustaquio.com.br\/es\/wp-json\/wp\/v2\/media\/7820"}],"wp:attachment":[{"href":"https:\/\/www.padreeustaquio.com.br\/es\/wp-json\/wp\/v2\/media?parent=7817"}],"wp:term":[{"taxonomy":"category","embeddable":true,"href":"https:\/\/www.padreeustaquio.com.br\/es\/wp-json\/wp\/v2\/categories?post=7817"},{"taxonomy":"post_tag","embeddable":true,"href":"https:\/\/www.padreeustaquio.com.br\/es\/wp-json\/wp\/v2\/tags?post=7817"}],"curies":[{"name":"wp","href":"https:\/\/api.w.org\/{rel}","templated":true}]}}