{"id":7813,"date":"2021-12-30T06:36:00","date_gmt":"2021-12-30T09:36:00","guid":{"rendered":"https:\/\/www.padreeustaquio.com.br\/?p=7813"},"modified":"2021-12-29T16:53:45","modified_gmt":"2021-12-29T19:53:45","slug":"se-inauguro-la-iglesia-del-beato-padre-eustaquio-en-patos-de-minas-mg","status":"publish","type":"post","link":"https:\/\/www.padreeustaquio.com.br\/es\/se-inauguro-la-iglesia-del-beato-padre-eustaquio-en-patos-de-minas-mg\/","title":{"rendered":"Se inaugura la Iglesia del Beato Padre Eust\u00e1quio en Patos de Minas-MG."},"content":{"rendered":"<p>El fin de semana pasado fue un momento de celebraci\u00f3n en el barrio Jardim Quebec de Patos de Minas. Adem\u00e1s de celebrar la Navidad, la comunidad tambi\u00e9n inaugur\u00f3 la nueva iglesia de la regi\u00f3n. La Iglesia del Beato Padre Eustaquio abri\u00f3 sus puertas el 25 de diciembre con su primera Celebraci\u00f3n Eucar\u00edstica y un almuerzo para los ni\u00f1os de la comunidad.<br><br>Al d\u00eda siguiente, el obispo Cl\u00e1udio Nori Sturm, de la di\u00f3cesis de Patos de Minas, el padre Marcus Vin\u00edcius Maciel, vicepostulador de la Causa de Canonizaci\u00f3n del padre Eust\u00e1quio, y el padre M\u00e1rlon Cunha, responsable de la construcci\u00f3n, inauguraron y bendijeron la iglesia. La construcci\u00f3n comenz\u00f3 en 2018, y la nueva iglesia de la Comunidad Padre Eust\u00e1quio de la Parroquia de S\u00e3o Vicente de Paulo (di\u00f3cesis de Patos de Minas) se construy\u00f3 con la ayuda y las donaciones de feligreses y residentes de la regi\u00f3n.<\/p>\n\n\n\n<div class=\"wp-block-image\"><figure class=\"aligncenter size-full is-resized\"><img fetchpriority=\"high\" decoding=\"async\" src=\"https:\/\/www.padreeustaquio.com.br\/wp-content\/uploads\/2021\/12\/2021-12-26-inicio-consagracion.jpeg\" alt=\"\" class=\"wp-image-7814\" width=\"510\" height=\"287\" srcset=\"https:\/\/www.padreeustaquio.com.br\/wp-content\/uploads\/2021\/12\/2021-12-26-inicio-consagracion.jpeg 620w, https:\/\/www.padreeustaquio.com.br\/wp-content\/uploads\/2021\/12\/2021-12-26-inicio-consagracion-300x169.jpeg 300w, https:\/\/www.padreeustaquio.com.br\/wp-content\/uploads\/2021\/12\/2021-12-26-inicio-consagracion-400x225.jpeg 400w, https:\/\/www.padreeustaquio.com.br\/wp-content\/uploads\/2021\/12\/2021-12-26-inicio-consagracion-600x338.jpeg 600w\" sizes=\"(max-width: 510px) 100vw, 510px\" \/><figcaption>P. Vin\u00edcius Maciel, ss.cc., presenta las Sagradas Reliquias del Padre Eust\u00e1quio.<\/figcaption><\/figure><\/div>\n\n\n\n<p>Durante las celebraciones, el Padre Vin\u00edcius Maciel, ss.cc., entreg\u00f3 las reliquias del Beato Padre Eust\u00e1quio a la comunidad local. Varios devotos se conmovieron con la presencia de las Sagradas Reliquias y ofrecieron oraciones pidiendo y agradeciendo las gracias recibidas.<\/p>\n\n\n\n<p>La iglesia tiene capacidad para hasta 100 personas y, adem\u00e1s de la sacrist\u00eda, incluye salas de catecismo y ba\u00f1os.<\/p>\n\n\n\n<p><\/p>","protected":false},"excerpt":{"rendered":"<p>O \u00faltimo final de semana foi de festa no bairro Jardim Quebec, em Patos de Minas. Al\u00e9m de celebrar o Natal do Senhor, a comunidade tamb\u00e9m pode inaugurar o novo templo da regi\u00e3o. A Igreja Beato Padre Eust\u00e1quio foi aberta no dia 25 de dezembro, com a primeira Celebra\u00e7\u00e3o Eucar\u00edstica e almo\u00e7o para as crian\u00e7as da comunidade. J\u00e1 no dia seguinte, Dom Cl\u00e1udio Nori Sturm, bispo da Diocese de Patos de Minas, Padre Marcus Vin\u00edcius Maciel, vice-postulador da Causa de Canoniza\u00e7\u00e3o de Padre Eust\u00e1quio e Padre M\u00e1rlon Cunha, respons\u00e1vel pela obra, inauguraram e aben\u00e7oaram a igreja. Com as obras iniciadas [&hellip;]<\/p>\n","protected":false},"author":2,"featured_media":7815,"comment_status":"open","ping_status":"closed","sticky":false,"template":"","format":"standard","meta":{"_acf_changed":false,"footnotes":""},"categories":[611],"tags":[],"class_list":["post-7813","post","type-post","status-publish","format-standard","has-post-thumbnail","hentry","category-noticias"],"acf":[],"yoast_head":"<!-- This site is optimized with the Yoast SEO plugin v27.2 - https:\/\/yoast.com\/product\/yoast-seo-wordpress\/ -->\n<title>Igreja Beato Padre Eust\u00e1quio \u00e9 inaugurada em Patos de Minas-MG<\/title>\n<meta name=\"description\" content=\"A Igreja Beato Padre Eust\u00e1quio foi aberta no dia 25 de dezembro, com a primeira Celebra\u00e7\u00e3o Eucar\u00edstica e almo\u00e7o para as crian\u00e7as da comunidade.\" \/>\n<meta name=\"robots\" content=\"index, follow, max-snippet:-1, max-image-preview:large, max-video-preview:-1\" \/>\n<link rel=\"canonical\" href=\"https:\/\/www.padreeustaquio.com.br\/es\/se-inauguro-la-iglesia-del-beato-padre-eustaquio-en-patos-de-minas-mg\/\" \/>\n<meta property=\"og:locale\" content=\"es_ES\" \/>\n<meta property=\"og:type\" content=\"article\" \/>\n<meta property=\"og:title\" content=\"Igreja Beato Padre Eust\u00e1quio \u00e9 inaugurada em Patos de Minas-MG\" \/>\n<meta property=\"og:description\" content=\"A Igreja Beato Padre Eust\u00e1quio foi aberta no dia 25 de dezembro, com a primeira Celebra\u00e7\u00e3o Eucar\u00edstica e almo\u00e7o para as crian\u00e7as da comunidade.\" \/>\n<meta property=\"og:url\" content=\"https:\/\/www.padreeustaquio.com.br\/es\/se-inauguro-la-iglesia-del-beato-padre-eustaquio-en-patos-de-minas-mg\/\" \/>\n<meta property=\"og:site_name\" content=\"Padre Eust\u00e1quio\" \/>\n<meta property=\"article:publisher\" content=\"https:\/\/www.facebook.com\/beatopadreeustaquio\/\" \/>\n<meta property=\"article:published_time\" content=\"2021-12-30T09:36:00+00:00\" \/>\n<meta property=\"og:image\" content=\"https:\/\/www.padreeustaquio.com.br\/wp-content\/uploads\/2021\/12\/inaugura-igreja-patos-de-minas.jpg\" \/>\n\t<meta property=\"og:image:width\" content=\"748\" \/>\n\t<meta property=\"og:image:height\" content=\"394\" \/>\n\t<meta property=\"og:image:type\" content=\"image\/jpeg\" \/>\n<meta name=\"author\" content=\"@sscc\" \/>\n<meta name=\"twitter:card\" content=\"summary_large_image\" \/>\n<meta name=\"twitter:creator\" content=\"@beatopeustaquio\" \/>\n<meta name=\"twitter:site\" content=\"@beatopeustaquio\" \/>\n<meta name=\"twitter:label1\" content=\"Escrito por\" \/>\n\t<meta name=\"twitter:data1\" content=\"@sscc\" \/>\n\t<meta name=\"twitter:label2\" content=\"Tiempo de lectura\" \/>\n\t<meta name=\"twitter:data2\" content=\"2 minutos\" \/>\n<script type=\"application\/ld+json\" class=\"yoast-schema-graph\">{\"@context\":\"https:\/\/schema.org\",\"@graph\":[{\"@type\":\"Article\",\"@id\":\"https:\/\/www.padreeustaquio.com.br\/igreja-beato-padre-eustaquio-e-inaugurada-em-patos-de-minas-mg\/#article\",\"isPartOf\":{\"@id\":\"https:\/\/www.padreeustaquio.com.br\/igreja-beato-padre-eustaquio-e-inaugurada-em-patos-de-minas-mg\/\"},\"author\":{\"name\":\"@sscc\",\"@id\":\"https:\/\/www.padreeustaquio.com.br\/#\/schema\/person\/a2a51db1d00f1a7af0204a0f1ddb1566\"},\"headline\":\"Igreja Beato Padre Eust\u00e1quio \u00e9 inaugurada em Patos de Minas-MG\",\"datePublished\":\"2021-12-30T09:36:00+00:00\",\"mainEntityOfPage\":{\"@id\":\"https:\/\/www.padreeustaquio.com.br\/igreja-beato-padre-eustaquio-e-inaugurada-em-patos-de-minas-mg\/\"},\"wordCount\":246,\"commentCount\":0,\"publisher\":{\"@id\":\"https:\/\/www.padreeustaquio.com.br\/#organization\"},\"image\":{\"@id\":\"https:\/\/www.padreeustaquio.com.br\/igreja-beato-padre-eustaquio-e-inaugurada-em-patos-de-minas-mg\/#primaryimage\"},\"thumbnailUrl\":\"https:\/\/www.padreeustaquio.com.br\/wp-content\/uploads\/2021\/12\/inaugura-igreja-patos-de-minas.jpg\",\"articleSection\":[\"Not\u00edcias\"],\"inLanguage\":\"es\",\"potentialAction\":[{\"@type\":\"CommentAction\",\"name\":\"Comment\",\"target\":[\"https:\/\/www.padreeustaquio.com.br\/igreja-beato-padre-eustaquio-e-inaugurada-em-patos-de-minas-mg\/#respond\"]}]},{\"@type\":\"WebPage\",\"@id\":\"https:\/\/www.padreeustaquio.com.br\/igreja-beato-padre-eustaquio-e-inaugurada-em-patos-de-minas-mg\/\",\"url\":\"https:\/\/www.padreeustaquio.com.br\/igreja-beato-padre-eustaquio-e-inaugurada-em-patos-de-minas-mg\/\",\"name\":\"Igreja Beato Padre Eust\u00e1quio \u00e9 inaugurada em Patos de Minas-MG\",\"isPartOf\":{\"@id\":\"https:\/\/www.padreeustaquio.com.br\/#website\"},\"primaryImageOfPage\":{\"@id\":\"https:\/\/www.padreeustaquio.com.br\/igreja-beato-padre-eustaquio-e-inaugurada-em-patos-de-minas-mg\/#primaryimage\"},\"image\":{\"@id\":\"https:\/\/www.padreeustaquio.com.br\/igreja-beato-padre-eustaquio-e-inaugurada-em-patos-de-minas-mg\/#primaryimage\"},\"thumbnailUrl\":\"https:\/\/www.padreeustaquio.com.br\/wp-content\/uploads\/2021\/12\/inaugura-igreja-patos-de-minas.jpg\",\"datePublished\":\"2021-12-30T09:36:00+00:00\",\"description\":\"A Igreja Beato Padre Eust\u00e1quio foi aberta no dia 25 de dezembro, com a primeira Celebra\u00e7\u00e3o Eucar\u00edstica e almo\u00e7o para as crian\u00e7as da comunidade.\",\"breadcrumb\":{\"@id\":\"https:\/\/www.padreeustaquio.com.br\/igreja-beato-padre-eustaquio-e-inaugurada-em-patos-de-minas-mg\/#breadcrumb\"},\"inLanguage\":\"es\",\"potentialAction\":[{\"@type\":\"ReadAction\",\"target\":[\"https:\/\/www.padreeustaquio.com.br\/igreja-beato-padre-eustaquio-e-inaugurada-em-patos-de-minas-mg\/\"]}]},{\"@type\":\"ImageObject\",\"inLanguage\":\"es\",\"@id\":\"https:\/\/www.padreeustaquio.com.br\/igreja-beato-padre-eustaquio-e-inaugurada-em-patos-de-minas-mg\/#primaryimage\",\"url\":\"https:\/\/www.padreeustaquio.com.br\/wp-content\/uploads\/2021\/12\/inaugura-igreja-patos-de-minas.jpg\",\"contentUrl\":\"https:\/\/www.padreeustaquio.com.br\/wp-content\/uploads\/2021\/12\/inaugura-igreja-patos-de-minas.jpg\",\"width\":748,\"height\":394},{\"@type\":\"BreadcrumbList\",\"@id\":\"https:\/\/www.padreeustaquio.com.br\/igreja-beato-padre-eustaquio-e-inaugurada-em-patos-de-minas-mg\/#breadcrumb\",\"itemListElement\":[{\"@type\":\"ListItem\",\"position\":1,\"name\":\"In\u00edcio\",\"item\":\"https:\/\/www.padreeustaquio.com.br\/\"},{\"@type\":\"ListItem\",\"position\":2,\"name\":\"Igreja Beato Padre Eust\u00e1quio \u00e9 inaugurada em Patos de Minas-MG\"}]},{\"@type\":\"WebSite\",\"@id\":\"https:\/\/www.padreeustaquio.com.br\/#website\",\"url\":\"https:\/\/www.padreeustaquio.com.br\/\",\"name\":\"Padre Eust\u00e1quio\",\"description\":\"Sa\u00fade e Paz\",\"publisher\":{\"@id\":\"https:\/\/www.padreeustaquio.com.br\/#organization\"},\"potentialAction\":[{\"@type\":\"SearchAction\",\"target\":{\"@type\":\"EntryPoint\",\"urlTemplate\":\"https:\/\/www.padreeustaquio.com.br\/?s={search_term_string}\"},\"query-input\":{\"@type\":\"PropertyValueSpecification\",\"valueRequired\":true,\"valueName\":\"search_term_string\"}}],\"inLanguage\":\"es\"},{\"@type\":\"Organization\",\"@id\":\"https:\/\/www.padreeustaquio.com.br\/#organization\",\"name\":\"Padre Eust\u00e1quio\",\"url\":\"https:\/\/www.padreeustaquio.com.br\/\",\"logo\":{\"@type\":\"ImageObject\",\"inLanguage\":\"es\",\"@id\":\"https:\/\/www.padreeustaquio.com.br\/#\/schema\/logo\/image\/\",\"url\":\"https:\/\/www.padreeustaquio.com.br\/wp-content\/uploads\/2019\/08\/marca.png\",\"contentUrl\":\"https:\/\/www.padreeustaquio.com.br\/wp-content\/uploads\/2019\/08\/marca.png\",\"width\":350,\"height\":400,\"caption\":\"Padre Eust\u00e1quio\"},\"image\":{\"@id\":\"https:\/\/www.padreeustaquio.com.br\/#\/schema\/logo\/image\/\"},\"sameAs\":[\"https:\/\/www.facebook.com\/beatopadreeustaquio\/\",\"https:\/\/x.com\/beatopeustaquio\",\"https:\/\/www.instagram.com\/beatopadreeustaquio\/\",\"https:\/\/www.youtube.com\/channel\/UCRhw7vfabnajwLxb1ZXMeIw\"]},{\"@type\":\"Person\",\"@id\":\"https:\/\/www.padreeustaquio.com.br\/#\/schema\/person\/a2a51db1d00f1a7af0204a0f1ddb1566\",\"name\":\"@sscc\",\"image\":{\"@type\":\"ImageObject\",\"inLanguage\":\"es\",\"@id\":\"https:\/\/secure.gravatar.com\/avatar\/68cfafa5f44617fea54071e215026e0ff06be366c3d54a8425f04fdcb86f8c5f?s=96&d=mm&r=g\",\"url\":\"https:\/\/secure.gravatar.com\/avatar\/68cfafa5f44617fea54071e215026e0ff06be366c3d54a8425f04fdcb86f8c5f?s=96&d=mm&r=g\",\"contentUrl\":\"https:\/\/secure.gravatar.com\/avatar\/68cfafa5f44617fea54071e215026e0ff06be366c3d54a8425f04fdcb86f8c5f?s=96&d=mm&r=g\",\"caption\":\"@sscc\"},\"url\":\"https:\/\/www.padreeustaquio.com.br\/es\/author\/sscc\/\"}]}<\/script>\n<!-- \/ Yoast SEO plugin. -->","yoast_head_json":{"title":"Se inaugura la Iglesia del Beato Padre Eust\u00e1quio en Patos de Minas-MG.","description":"La Iglesia del Beato Padre Eustaquio fue inaugurada el 25 de diciembre, con la primera Celebraci\u00f3n Eucar\u00edstica y almuerzo para los ni\u00f1os de la comunidad.","robots":{"index":"index","follow":"follow","max-snippet":"max-snippet:-1","max-image-preview":"max-image-preview:large","max-video-preview":"max-video-preview:-1"},"canonical":"https:\/\/www.padreeustaquio.com.br\/es\/se-inauguro-la-iglesia-del-beato-padre-eustaquio-en-patos-de-minas-mg\/","og_locale":"es_ES","og_type":"article","og_title":"Igreja Beato Padre Eust\u00e1quio \u00e9 inaugurada em Patos de Minas-MG","og_description":"A Igreja Beato Padre Eust\u00e1quio foi aberta no dia 25 de dezembro, com a primeira Celebra\u00e7\u00e3o Eucar\u00edstica e almo\u00e7o para as crian\u00e7as da comunidade.","og_url":"https:\/\/www.padreeustaquio.com.br\/es\/se-inauguro-la-iglesia-del-beato-padre-eustaquio-en-patos-de-minas-mg\/","og_site_name":"Padre Eust\u00e1quio","article_publisher":"https:\/\/www.facebook.com\/beatopadreeustaquio\/","article_published_time":"2021-12-30T09:36:00+00:00","og_image":[{"width":748,"height":394,"url":"https:\/\/www.padreeustaquio.com.br\/wp-content\/uploads\/2021\/12\/inaugura-igreja-patos-de-minas.jpg","type":"image\/jpeg"}],"author":"@sscc","twitter_card":"summary_large_image","twitter_creator":"@beatopeustaquio","twitter_site":"@beatopeustaquio","twitter_misc":{"Escrito por":"@sscc","Tiempo de lectura":"2 minutos"},"schema":{"@context":"https:\/\/schema.org","@graph":[{"@type":"Article","@id":"https:\/\/www.padreeustaquio.com.br\/igreja-beato-padre-eustaquio-e-inaugurada-em-patos-de-minas-mg\/#article","isPartOf":{"@id":"https:\/\/www.padreeustaquio.com.br\/igreja-beato-padre-eustaquio-e-inaugurada-em-patos-de-minas-mg\/"},"author":{"name":"@sscc","@id":"https:\/\/www.padreeustaquio.com.br\/#\/schema\/person\/a2a51db1d00f1a7af0204a0f1ddb1566"},"headline":"Igreja Beato Padre Eust\u00e1quio \u00e9 inaugurada em Patos de Minas-MG","datePublished":"2021-12-30T09:36:00+00:00","mainEntityOfPage":{"@id":"https:\/\/www.padreeustaquio.com.br\/igreja-beato-padre-eustaquio-e-inaugurada-em-patos-de-minas-mg\/"},"wordCount":246,"commentCount":0,"publisher":{"@id":"https:\/\/www.padreeustaquio.com.br\/#organization"},"image":{"@id":"https:\/\/www.padreeustaquio.com.br\/igreja-beato-padre-eustaquio-e-inaugurada-em-patos-de-minas-mg\/#primaryimage"},"thumbnailUrl":"https:\/\/www.padreeustaquio.com.br\/wp-content\/uploads\/2021\/12\/inaugura-igreja-patos-de-minas.jpg","articleSection":["Not\u00edcias"],"inLanguage":"es","potentialAction":[{"@type":"CommentAction","name":"Comment","target":["https:\/\/www.padreeustaquio.com.br\/igreja-beato-padre-eustaquio-e-inaugurada-em-patos-de-minas-mg\/#respond"]}]},{"@type":"WebPage","@id":"https:\/\/www.padreeustaquio.com.br\/igreja-beato-padre-eustaquio-e-inaugurada-em-patos-de-minas-mg\/","url":"https:\/\/www.padreeustaquio.com.br\/igreja-beato-padre-eustaquio-e-inaugurada-em-patos-de-minas-mg\/","name":"Se inaugura la Iglesia del Beato Padre Eust\u00e1quio en Patos de Minas-MG.","isPartOf":{"@id":"https:\/\/www.padreeustaquio.com.br\/#website"},"primaryImageOfPage":{"@id":"https:\/\/www.padreeustaquio.com.br\/igreja-beato-padre-eustaquio-e-inaugurada-em-patos-de-minas-mg\/#primaryimage"},"image":{"@id":"https:\/\/www.padreeustaquio.com.br\/igreja-beato-padre-eustaquio-e-inaugurada-em-patos-de-minas-mg\/#primaryimage"},"thumbnailUrl":"https:\/\/www.padreeustaquio.com.br\/wp-content\/uploads\/2021\/12\/inaugura-igreja-patos-de-minas.jpg","datePublished":"2021-12-30T09:36:00+00:00","description":"La Iglesia del Beato Padre Eustaquio fue inaugurada el 25 de diciembre, con la primera Celebraci\u00f3n Eucar\u00edstica y almuerzo para los ni\u00f1os de la comunidad.","breadcrumb":{"@id":"https:\/\/www.padreeustaquio.com.br\/igreja-beato-padre-eustaquio-e-inaugurada-em-patos-de-minas-mg\/#breadcrumb"},"inLanguage":"es","potentialAction":[{"@type":"ReadAction","target":["https:\/\/www.padreeustaquio.com.br\/igreja-beato-padre-eustaquio-e-inaugurada-em-patos-de-minas-mg\/"]}]},{"@type":"ImageObject","inLanguage":"es","@id":"https:\/\/www.padreeustaquio.com.br\/igreja-beato-padre-eustaquio-e-inaugurada-em-patos-de-minas-mg\/#primaryimage","url":"https:\/\/www.padreeustaquio.com.br\/wp-content\/uploads\/2021\/12\/inaugura-igreja-patos-de-minas.jpg","contentUrl":"https:\/\/www.padreeustaquio.com.br\/wp-content\/uploads\/2021\/12\/inaugura-igreja-patos-de-minas.jpg","width":748,"height":394},{"@type":"BreadcrumbList","@id":"https:\/\/www.padreeustaquio.com.br\/igreja-beato-padre-eustaquio-e-inaugurada-em-patos-de-minas-mg\/#breadcrumb","itemListElement":[{"@type":"ListItem","position":1,"name":"In\u00edcio","item":"https:\/\/www.padreeustaquio.com.br\/"},{"@type":"ListItem","position":2,"name":"Igreja Beato Padre Eust\u00e1quio \u00e9 inaugurada em Patos de Minas-MG"}]},{"@type":"WebSite","@id":"https:\/\/www.padreeustaquio.com.br\/#website","url":"https:\/\/www.padreeustaquio.com.br\/","name":"Padre Eustace","description":"Salud y Paz","publisher":{"@id":"https:\/\/www.padreeustaquio.com.br\/#organization"},"potentialAction":[{"@type":"SearchAction","target":{"@type":"EntryPoint","urlTemplate":"https:\/\/www.padreeustaquio.com.br\/?s={search_term_string}"},"query-input":{"@type":"PropertyValueSpecification","valueRequired":true,"valueName":"search_term_string"}}],"inLanguage":"es"},{"@type":"Organization","@id":"https:\/\/www.padreeustaquio.com.br\/#organization","name":"Padre Eustace","url":"https:\/\/www.padreeustaquio.com.br\/","logo":{"@type":"ImageObject","inLanguage":"es","@id":"https:\/\/www.padreeustaquio.com.br\/#\/schema\/logo\/image\/","url":"https:\/\/www.padreeustaquio.com.br\/wp-content\/uploads\/2019\/08\/marca.png","contentUrl":"https:\/\/www.padreeustaquio.com.br\/wp-content\/uploads\/2019\/08\/marca.png","width":350,"height":400,"caption":"Padre Eust\u00e1quio"},"image":{"@id":"https:\/\/www.padreeustaquio.com.br\/#\/schema\/logo\/image\/"},"sameAs":["https:\/\/www.facebook.com\/beatopadreeustaquio\/","https:\/\/x.com\/beatopeustaquio","https:\/\/www.instagram.com\/beatopadreeustaquio\/","https:\/\/www.youtube.com\/channel\/UCRhw7vfabnajwLxb1ZXMeIw"]},{"@type":"Person","@id":"https:\/\/www.padreeustaquio.com.br\/#\/schema\/person\/a2a51db1d00f1a7af0204a0f1ddb1566","name":"@sscc","image":{"@type":"ImageObject","inLanguage":"es","@id":"https:\/\/secure.gravatar.com\/avatar\/68cfafa5f44617fea54071e215026e0ff06be366c3d54a8425f04fdcb86f8c5f?s=96&d=mm&r=g","url":"https:\/\/secure.gravatar.com\/avatar\/68cfafa5f44617fea54071e215026e0ff06be366c3d54a8425f04fdcb86f8c5f?s=96&d=mm&r=g","contentUrl":"https:\/\/secure.gravatar.com\/avatar\/68cfafa5f44617fea54071e215026e0ff06be366c3d54a8425f04fdcb86f8c5f?s=96&d=mm&r=g","caption":"@sscc"},"url":"https:\/\/www.padreeustaquio.com.br\/es\/author\/sscc\/"}]}},"_links":{"self":[{"href":"https:\/\/www.padreeustaquio.com.br\/es\/wp-json\/wp\/v2\/posts\/7813","targetHints":{"allow":["GET"]}}],"collection":[{"href":"https:\/\/www.padreeustaquio.com.br\/es\/wp-json\/wp\/v2\/posts"}],"about":[{"href":"https:\/\/www.padreeustaquio.com.br\/es\/wp-json\/wp\/v2\/types\/post"}],"author":[{"embeddable":true,"href":"https:\/\/www.padreeustaquio.com.br\/es\/wp-json\/wp\/v2\/users\/2"}],"replies":[{"embeddable":true,"href":"https:\/\/www.padreeustaquio.com.br\/es\/wp-json\/wp\/v2\/comments?post=7813"}],"version-history":[{"count":0,"href":"https:\/\/www.padreeustaquio.com.br\/es\/wp-json\/wp\/v2\/posts\/7813\/revisions"}],"wp:featuredmedia":[{"embeddable":true,"href":"https:\/\/www.padreeustaquio.com.br\/es\/wp-json\/wp\/v2\/media\/7815"}],"wp:attachment":[{"href":"https:\/\/www.padreeustaquio.com.br\/es\/wp-json\/wp\/v2\/media?parent=7813"}],"wp:term":[{"taxonomy":"category","embeddable":true,"href":"https:\/\/www.padreeustaquio.com.br\/es\/wp-json\/wp\/v2\/categories?post=7813"},{"taxonomy":"post_tag","embeddable":true,"href":"https:\/\/www.padreeustaquio.com.br\/es\/wp-json\/wp\/v2\/tags?post=7813"}],"curies":[{"name":"wp","href":"https:\/\/api.w.org\/{rel}","templated":true}]}}