{"id":7793,"date":"2021-12-27T06:51:00","date_gmt":"2021-12-27T09:51:00","guid":{"rendered":"https:\/\/www.padreeustaquio.com.br\/?p=7793"},"modified":"2021-12-22T14:08:07","modified_gmt":"2021-12-22T17:08:07","slug":"damas-de-la-caridad-donan-regalos-a-los-ninos-en-navidad","status":"publish","type":"post","link":"https:\/\/www.padreeustaquio.com.br\/es\/damas-de-la-caridad-donan-regalos-a-los-ninos-en-navidad\/","title":{"rendered":"Damas de la Caridad donan regalos en el evento \u201cNavidad para ni\u00f1os\u201d.\u201d"},"content":{"rendered":"<p>Con la ayuda de la comunidad, las Damas de la Caridad donaron los juguetes recolectados a ni\u00f1os desfavorecidos de familias atendidas por el programa de acci\u00f3n social del Santuario de Salud y Paz, la Iglesia del Beato Padre Eustaquio. En Nochebuena, decenas de familias con sus hijos llenaron el Centro Comunitario, anexo a la iglesia, para recibir los regalos.<\/p>\n\n\n\n<p>Se recolectaron varios juguetes, incluyendo juegos, mu\u00f1ecas, carritos e incluso bicicletas. La comunidad entreg\u00f3 las donaciones a la oficina parroquial. La entrega estuvo a cargo de voluntarios de las Damas de la Caridad, encabezados por do\u00f1a Marisa, actual presidenta de la organizaci\u00f3n. El rector del Santuario, el padre Vin\u00edcius, tambi\u00e9n asisti\u00f3 a la entrega y ayud\u00f3 a Pap\u00e1 Noel a distribuir los juguetes a los ni\u00f1os.<\/p>\n\n\n\n<p>Al partir las familias, todos recibieron comida para Nochebuena. Actualmente, la Asociaci\u00f3n de Damas asiste a 140 familias necesitadas registradas, a quienes se les proporciona mensualmente canastas de alimentos b\u00e1sicos, medicamentos, pago de facturas b\u00e1sicas y art\u00edculos de limpieza e higiene.<\/p>","protected":false},"excerpt":{"rendered":"<p>Com a ajuda da comunidade, as \u201cDamas da Caridade\u201d, realizaram a doa\u00e7\u00e3o dos brinquedos arrecadados para as crian\u00e7as carentes das fam\u00edlias atendidas pela a\u00e7\u00e3o social do Santu\u00e1rio Sa\u00fade e Paz, a Igreja de Beato Padre Eust\u00e1quio. Na v\u00e9spera do Natal, dezenas de fam\u00edlias, com suas crian\u00e7as, ocuparam os lugares no Centro Comunit\u00e1rio, anexo \u00e0 igreja, para receberem os presentes. Foram arrecadados v\u00e1rios brinquedos, entre jogos, bonecas, carrinhos e at\u00e9 bicicletas. As doa\u00e7\u00f5es foram entregues pela comunidade na secretaria paroquial. A entrega foi feita pelas volunt\u00e1rias participantes das Damas da Caridade, encabe\u00e7ada pela Dona Marisa, atual presidente da entidade. Reitor do [&hellip;]<\/p>\n","protected":false},"author":2,"featured_media":7794,"comment_status":"open","ping_status":"closed","sticky":false,"template":"","format":"standard","meta":{"_acf_changed":false,"footnotes":""},"categories":[611],"tags":[],"class_list":["post-7793","post","type-post","status-publish","format-standard","has-post-thumbnail","hentry","category-noticias"],"acf":[],"yoast_head":"<!-- This site is optimized with the Yoast SEO plugin v27.2 - https:\/\/yoast.com\/product\/yoast-seo-wordpress\/ -->\n<title>Damas da Caridade doam presentes no \u201cNatal das Crian\u00e7as\u201d<\/title>\n<meta name=\"description\" content=\"Com a ajuda da comunidade, as \u201cDamas da Caridade\u201d, realizaram a doa\u00e7\u00e3o dos brinquedos arrecadados para as crian\u00e7as carentes das fam\u00edlias atendidas pela a\u00e7\u00e3o social do Santu\u00e1rio Sa\u00fade e Paz, a Igreja de Beato Padre Eust\u00e1quio.\" \/>\n<meta name=\"robots\" content=\"index, follow, max-snippet:-1, max-image-preview:large, max-video-preview:-1\" \/>\n<link rel=\"canonical\" href=\"https:\/\/www.padreeustaquio.com.br\/es\/damas-de-la-caridad-donan-regalos-a-los-ninos-en-navidad\/\" \/>\n<meta property=\"og:locale\" content=\"es_ES\" \/>\n<meta property=\"og:type\" content=\"article\" \/>\n<meta property=\"og:title\" content=\"Damas da Caridade doam presentes no \u201cNatal das Crian\u00e7as\u201d\" \/>\n<meta property=\"og:description\" content=\"Com a ajuda da comunidade, as \u201cDamas da Caridade\u201d, realizaram a doa\u00e7\u00e3o dos brinquedos arrecadados para as crian\u00e7as carentes das fam\u00edlias atendidas pela a\u00e7\u00e3o social do Santu\u00e1rio Sa\u00fade e Paz, a Igreja de Beato Padre Eust\u00e1quio.\" \/>\n<meta property=\"og:url\" content=\"https:\/\/www.padreeustaquio.com.br\/es\/damas-de-la-caridad-donan-regalos-a-los-ninos-en-navidad\/\" \/>\n<meta property=\"og:site_name\" content=\"Padre Eust\u00e1quio\" \/>\n<meta property=\"article:publisher\" content=\"https:\/\/www.facebook.com\/beatopadreeustaquio\/\" \/>\n<meta property=\"article:published_time\" content=\"2021-12-27T09:51:00+00:00\" \/>\n<meta property=\"og:image\" content=\"https:\/\/www.padreeustaquio.com.br\/wp-content\/uploads\/2021\/12\/IMG_4706-scaled.jpg\" \/>\n\t<meta property=\"og:image:width\" content=\"2560\" \/>\n\t<meta property=\"og:image:height\" content=\"1707\" \/>\n\t<meta property=\"og:image:type\" content=\"image\/jpeg\" \/>\n<meta name=\"author\" content=\"@sscc\" \/>\n<meta name=\"twitter:card\" content=\"summary_large_image\" \/>\n<meta name=\"twitter:creator\" content=\"@beatopeustaquio\" \/>\n<meta name=\"twitter:site\" content=\"@beatopeustaquio\" \/>\n<meta name=\"twitter:label1\" content=\"Escrito por\" \/>\n\t<meta name=\"twitter:data1\" content=\"@sscc\" \/>\n\t<meta name=\"twitter:label2\" content=\"Tiempo de lectura\" \/>\n\t<meta name=\"twitter:data2\" content=\"1 minuto\" \/>\n<script type=\"application\/ld+json\" class=\"yoast-schema-graph\">{\"@context\":\"https:\/\/schema.org\",\"@graph\":[{\"@type\":\"Article\",\"@id\":\"https:\/\/www.padreeustaquio.com.br\/damas-da-caridade-doam-presentes-no-natal-das-criancas\/#article\",\"isPartOf\":{\"@id\":\"https:\/\/www.padreeustaquio.com.br\/damas-da-caridade-doam-presentes-no-natal-das-criancas\/\"},\"author\":{\"name\":\"@sscc\",\"@id\":\"https:\/\/www.padreeustaquio.com.br\/#\/schema\/person\/a2a51db1d00f1a7af0204a0f1ddb1566\"},\"headline\":\"Damas da Caridade doam presentes no \u201cNatal das Crian\u00e7as\u201d\",\"datePublished\":\"2021-12-27T09:51:00+00:00\",\"mainEntityOfPage\":{\"@id\":\"https:\/\/www.padreeustaquio.com.br\/damas-da-caridade-doam-presentes-no-natal-das-criancas\/\"},\"wordCount\":191,\"commentCount\":0,\"publisher\":{\"@id\":\"https:\/\/www.padreeustaquio.com.br\/#organization\"},\"image\":{\"@id\":\"https:\/\/www.padreeustaquio.com.br\/damas-da-caridade-doam-presentes-no-natal-das-criancas\/#primaryimage\"},\"thumbnailUrl\":\"https:\/\/www.padreeustaquio.com.br\/wp-content\/uploads\/2021\/12\/IMG_4706-scaled.jpg\",\"articleSection\":[\"Not\u00edcias\"],\"inLanguage\":\"es\",\"potentialAction\":[{\"@type\":\"CommentAction\",\"name\":\"Comment\",\"target\":[\"https:\/\/www.padreeustaquio.com.br\/damas-da-caridade-doam-presentes-no-natal-das-criancas\/#respond\"]}]},{\"@type\":\"WebPage\",\"@id\":\"https:\/\/www.padreeustaquio.com.br\/damas-da-caridade-doam-presentes-no-natal-das-criancas\/\",\"url\":\"https:\/\/www.padreeustaquio.com.br\/damas-da-caridade-doam-presentes-no-natal-das-criancas\/\",\"name\":\"Damas da Caridade doam presentes no \u201cNatal das Crian\u00e7as\u201d\",\"isPartOf\":{\"@id\":\"https:\/\/www.padreeustaquio.com.br\/#website\"},\"primaryImageOfPage\":{\"@id\":\"https:\/\/www.padreeustaquio.com.br\/damas-da-caridade-doam-presentes-no-natal-das-criancas\/#primaryimage\"},\"image\":{\"@id\":\"https:\/\/www.padreeustaquio.com.br\/damas-da-caridade-doam-presentes-no-natal-das-criancas\/#primaryimage\"},\"thumbnailUrl\":\"https:\/\/www.padreeustaquio.com.br\/wp-content\/uploads\/2021\/12\/IMG_4706-scaled.jpg\",\"datePublished\":\"2021-12-27T09:51:00+00:00\",\"description\":\"Com a ajuda da comunidade, as \u201cDamas da Caridade\u201d, realizaram a doa\u00e7\u00e3o dos brinquedos arrecadados para as crian\u00e7as carentes das fam\u00edlias atendidas pela a\u00e7\u00e3o social do Santu\u00e1rio Sa\u00fade e Paz, a Igreja de Beato Padre Eust\u00e1quio.\",\"breadcrumb\":{\"@id\":\"https:\/\/www.padreeustaquio.com.br\/damas-da-caridade-doam-presentes-no-natal-das-criancas\/#breadcrumb\"},\"inLanguage\":\"es\",\"potentialAction\":[{\"@type\":\"ReadAction\",\"target\":[\"https:\/\/www.padreeustaquio.com.br\/damas-da-caridade-doam-presentes-no-natal-das-criancas\/\"]}]},{\"@type\":\"ImageObject\",\"inLanguage\":\"es\",\"@id\":\"https:\/\/www.padreeustaquio.com.br\/damas-da-caridade-doam-presentes-no-natal-das-criancas\/#primaryimage\",\"url\":\"https:\/\/www.padreeustaquio.com.br\/wp-content\/uploads\/2021\/12\/IMG_4706-scaled.jpg\",\"contentUrl\":\"https:\/\/www.padreeustaquio.com.br\/wp-content\/uploads\/2021\/12\/IMG_4706-scaled.jpg\",\"width\":2560,\"height\":1707},{\"@type\":\"BreadcrumbList\",\"@id\":\"https:\/\/www.padreeustaquio.com.br\/damas-da-caridade-doam-presentes-no-natal-das-criancas\/#breadcrumb\",\"itemListElement\":[{\"@type\":\"ListItem\",\"position\":1,\"name\":\"In\u00edcio\",\"item\":\"https:\/\/www.padreeustaquio.com.br\/\"},{\"@type\":\"ListItem\",\"position\":2,\"name\":\"Damas da Caridade doam presentes no \u201cNatal das Crian\u00e7as\u201d\"}]},{\"@type\":\"WebSite\",\"@id\":\"https:\/\/www.padreeustaquio.com.br\/#website\",\"url\":\"https:\/\/www.padreeustaquio.com.br\/\",\"name\":\"Padre Eust\u00e1quio\",\"description\":\"Sa\u00fade e Paz\",\"publisher\":{\"@id\":\"https:\/\/www.padreeustaquio.com.br\/#organization\"},\"potentialAction\":[{\"@type\":\"SearchAction\",\"target\":{\"@type\":\"EntryPoint\",\"urlTemplate\":\"https:\/\/www.padreeustaquio.com.br\/?s={search_term_string}\"},\"query-input\":{\"@type\":\"PropertyValueSpecification\",\"valueRequired\":true,\"valueName\":\"search_term_string\"}}],\"inLanguage\":\"es\"},{\"@type\":\"Organization\",\"@id\":\"https:\/\/www.padreeustaquio.com.br\/#organization\",\"name\":\"Padre Eust\u00e1quio\",\"url\":\"https:\/\/www.padreeustaquio.com.br\/\",\"logo\":{\"@type\":\"ImageObject\",\"inLanguage\":\"es\",\"@id\":\"https:\/\/www.padreeustaquio.com.br\/#\/schema\/logo\/image\/\",\"url\":\"https:\/\/www.padreeustaquio.com.br\/wp-content\/uploads\/2019\/08\/marca.png\",\"contentUrl\":\"https:\/\/www.padreeustaquio.com.br\/wp-content\/uploads\/2019\/08\/marca.png\",\"width\":350,\"height\":400,\"caption\":\"Padre Eust\u00e1quio\"},\"image\":{\"@id\":\"https:\/\/www.padreeustaquio.com.br\/#\/schema\/logo\/image\/\"},\"sameAs\":[\"https:\/\/www.facebook.com\/beatopadreeustaquio\/\",\"https:\/\/x.com\/beatopeustaquio\",\"https:\/\/www.instagram.com\/beatopadreeustaquio\/\",\"https:\/\/www.youtube.com\/channel\/UCRhw7vfabnajwLxb1ZXMeIw\"]},{\"@type\":\"Person\",\"@id\":\"https:\/\/www.padreeustaquio.com.br\/#\/schema\/person\/a2a51db1d00f1a7af0204a0f1ddb1566\",\"name\":\"@sscc\",\"image\":{\"@type\":\"ImageObject\",\"inLanguage\":\"es\",\"@id\":\"https:\/\/secure.gravatar.com\/avatar\/68cfafa5f44617fea54071e215026e0ff06be366c3d54a8425f04fdcb86f8c5f?s=96&d=mm&r=g\",\"url\":\"https:\/\/secure.gravatar.com\/avatar\/68cfafa5f44617fea54071e215026e0ff06be366c3d54a8425f04fdcb86f8c5f?s=96&d=mm&r=g\",\"contentUrl\":\"https:\/\/secure.gravatar.com\/avatar\/68cfafa5f44617fea54071e215026e0ff06be366c3d54a8425f04fdcb86f8c5f?s=96&d=mm&r=g\",\"caption\":\"@sscc\"},\"url\":\"https:\/\/www.padreeustaquio.com.br\/es\/author\/sscc\/\"}]}<\/script>\n<!-- \/ Yoast SEO plugin. -->","yoast_head_json":{"title":"Damas de la Caridad donan regalos en el evento \u201cNavidad para ni\u00f1os\u201d.\u201d","description":"Con la ayuda de la comunidad, las \u201cDamas de la Caridad\u201d donaron los juguetes recolectados a ni\u00f1os necesitados de familias atendidas por el programa de acci\u00f3n social del Santuario de Salud y Paz, la Iglesia del Beato Padre Eustaquio.","robots":{"index":"index","follow":"follow","max-snippet":"max-snippet:-1","max-image-preview":"max-image-preview:large","max-video-preview":"max-video-preview:-1"},"canonical":"https:\/\/www.padreeustaquio.com.br\/es\/damas-de-la-caridad-donan-regalos-a-los-ninos-en-navidad\/","og_locale":"es_ES","og_type":"article","og_title":"Damas da Caridade doam presentes no \u201cNatal das Crian\u00e7as\u201d","og_description":"Com a ajuda da comunidade, as \u201cDamas da Caridade\u201d, realizaram a doa\u00e7\u00e3o dos brinquedos arrecadados para as crian\u00e7as carentes das fam\u00edlias atendidas pela a\u00e7\u00e3o social do Santu\u00e1rio Sa\u00fade e Paz, a Igreja de Beato Padre Eust\u00e1quio.","og_url":"https:\/\/www.padreeustaquio.com.br\/es\/damas-de-la-caridad-donan-regalos-a-los-ninos-en-navidad\/","og_site_name":"Padre Eust\u00e1quio","article_publisher":"https:\/\/www.facebook.com\/beatopadreeustaquio\/","article_published_time":"2021-12-27T09:51:00+00:00","og_image":[{"width":2560,"height":1707,"url":"https:\/\/www.padreeustaquio.com.br\/wp-content\/uploads\/2021\/12\/IMG_4706-scaled.jpg","type":"image\/jpeg"}],"author":"@sscc","twitter_card":"summary_large_image","twitter_creator":"@beatopeustaquio","twitter_site":"@beatopeustaquio","twitter_misc":{"Escrito por":"@sscc","Tiempo de lectura":"1 minuto"},"schema":{"@context":"https:\/\/schema.org","@graph":[{"@type":"Article","@id":"https:\/\/www.padreeustaquio.com.br\/damas-da-caridade-doam-presentes-no-natal-das-criancas\/#article","isPartOf":{"@id":"https:\/\/www.padreeustaquio.com.br\/damas-da-caridade-doam-presentes-no-natal-das-criancas\/"},"author":{"name":"@sscc","@id":"https:\/\/www.padreeustaquio.com.br\/#\/schema\/person\/a2a51db1d00f1a7af0204a0f1ddb1566"},"headline":"Damas da Caridade doam presentes no \u201cNatal das Crian\u00e7as\u201d","datePublished":"2021-12-27T09:51:00+00:00","mainEntityOfPage":{"@id":"https:\/\/www.padreeustaquio.com.br\/damas-da-caridade-doam-presentes-no-natal-das-criancas\/"},"wordCount":191,"commentCount":0,"publisher":{"@id":"https:\/\/www.padreeustaquio.com.br\/#organization"},"image":{"@id":"https:\/\/www.padreeustaquio.com.br\/damas-da-caridade-doam-presentes-no-natal-das-criancas\/#primaryimage"},"thumbnailUrl":"https:\/\/www.padreeustaquio.com.br\/wp-content\/uploads\/2021\/12\/IMG_4706-scaled.jpg","articleSection":["Not\u00edcias"],"inLanguage":"es","potentialAction":[{"@type":"CommentAction","name":"Comment","target":["https:\/\/www.padreeustaquio.com.br\/damas-da-caridade-doam-presentes-no-natal-das-criancas\/#respond"]}]},{"@type":"WebPage","@id":"https:\/\/www.padreeustaquio.com.br\/damas-da-caridade-doam-presentes-no-natal-das-criancas\/","url":"https:\/\/www.padreeustaquio.com.br\/damas-da-caridade-doam-presentes-no-natal-das-criancas\/","name":"Damas de la Caridad donan regalos en el evento \u201cNavidad para ni\u00f1os\u201d.\u201d","isPartOf":{"@id":"https:\/\/www.padreeustaquio.com.br\/#website"},"primaryImageOfPage":{"@id":"https:\/\/www.padreeustaquio.com.br\/damas-da-caridade-doam-presentes-no-natal-das-criancas\/#primaryimage"},"image":{"@id":"https:\/\/www.padreeustaquio.com.br\/damas-da-caridade-doam-presentes-no-natal-das-criancas\/#primaryimage"},"thumbnailUrl":"https:\/\/www.padreeustaquio.com.br\/wp-content\/uploads\/2021\/12\/IMG_4706-scaled.jpg","datePublished":"2021-12-27T09:51:00+00:00","description":"Con la ayuda de la comunidad, las \u201cDamas de la Caridad\u201d donaron los juguetes recolectados a ni\u00f1os necesitados de familias atendidas por el programa de acci\u00f3n social del Santuario de Salud y Paz, la Iglesia del Beato Padre Eustaquio.","breadcrumb":{"@id":"https:\/\/www.padreeustaquio.com.br\/damas-da-caridade-doam-presentes-no-natal-das-criancas\/#breadcrumb"},"inLanguage":"es","potentialAction":[{"@type":"ReadAction","target":["https:\/\/www.padreeustaquio.com.br\/damas-da-caridade-doam-presentes-no-natal-das-criancas\/"]}]},{"@type":"ImageObject","inLanguage":"es","@id":"https:\/\/www.padreeustaquio.com.br\/damas-da-caridade-doam-presentes-no-natal-das-criancas\/#primaryimage","url":"https:\/\/www.padreeustaquio.com.br\/wp-content\/uploads\/2021\/12\/IMG_4706-scaled.jpg","contentUrl":"https:\/\/www.padreeustaquio.com.br\/wp-content\/uploads\/2021\/12\/IMG_4706-scaled.jpg","width":2560,"height":1707},{"@type":"BreadcrumbList","@id":"https:\/\/www.padreeustaquio.com.br\/damas-da-caridade-doam-presentes-no-natal-das-criancas\/#breadcrumb","itemListElement":[{"@type":"ListItem","position":1,"name":"In\u00edcio","item":"https:\/\/www.padreeustaquio.com.br\/"},{"@type":"ListItem","position":2,"name":"Damas da Caridade doam presentes no \u201cNatal das Crian\u00e7as\u201d"}]},{"@type":"WebSite","@id":"https:\/\/www.padreeustaquio.com.br\/#website","url":"https:\/\/www.padreeustaquio.com.br\/","name":"Padre Eustace","description":"Salud y Paz","publisher":{"@id":"https:\/\/www.padreeustaquio.com.br\/#organization"},"potentialAction":[{"@type":"SearchAction","target":{"@type":"EntryPoint","urlTemplate":"https:\/\/www.padreeustaquio.com.br\/?s={search_term_string}"},"query-input":{"@type":"PropertyValueSpecification","valueRequired":true,"valueName":"search_term_string"}}],"inLanguage":"es"},{"@type":"Organization","@id":"https:\/\/www.padreeustaquio.com.br\/#organization","name":"Padre Eustace","url":"https:\/\/www.padreeustaquio.com.br\/","logo":{"@type":"ImageObject","inLanguage":"es","@id":"https:\/\/www.padreeustaquio.com.br\/#\/schema\/logo\/image\/","url":"https:\/\/www.padreeustaquio.com.br\/wp-content\/uploads\/2019\/08\/marca.png","contentUrl":"https:\/\/www.padreeustaquio.com.br\/wp-content\/uploads\/2019\/08\/marca.png","width":350,"height":400,"caption":"Padre Eust\u00e1quio"},"image":{"@id":"https:\/\/www.padreeustaquio.com.br\/#\/schema\/logo\/image\/"},"sameAs":["https:\/\/www.facebook.com\/beatopadreeustaquio\/","https:\/\/x.com\/beatopeustaquio","https:\/\/www.instagram.com\/beatopadreeustaquio\/","https:\/\/www.youtube.com\/channel\/UCRhw7vfabnajwLxb1ZXMeIw"]},{"@type":"Person","@id":"https:\/\/www.padreeustaquio.com.br\/#\/schema\/person\/a2a51db1d00f1a7af0204a0f1ddb1566","name":"@sscc","image":{"@type":"ImageObject","inLanguage":"es","@id":"https:\/\/secure.gravatar.com\/avatar\/68cfafa5f44617fea54071e215026e0ff06be366c3d54a8425f04fdcb86f8c5f?s=96&d=mm&r=g","url":"https:\/\/secure.gravatar.com\/avatar\/68cfafa5f44617fea54071e215026e0ff06be366c3d54a8425f04fdcb86f8c5f?s=96&d=mm&r=g","contentUrl":"https:\/\/secure.gravatar.com\/avatar\/68cfafa5f44617fea54071e215026e0ff06be366c3d54a8425f04fdcb86f8c5f?s=96&d=mm&r=g","caption":"@sscc"},"url":"https:\/\/www.padreeustaquio.com.br\/es\/author\/sscc\/"}]}},"_links":{"self":[{"href":"https:\/\/www.padreeustaquio.com.br\/es\/wp-json\/wp\/v2\/posts\/7793","targetHints":{"allow":["GET"]}}],"collection":[{"href":"https:\/\/www.padreeustaquio.com.br\/es\/wp-json\/wp\/v2\/posts"}],"about":[{"href":"https:\/\/www.padreeustaquio.com.br\/es\/wp-json\/wp\/v2\/types\/post"}],"author":[{"embeddable":true,"href":"https:\/\/www.padreeustaquio.com.br\/es\/wp-json\/wp\/v2\/users\/2"}],"replies":[{"embeddable":true,"href":"https:\/\/www.padreeustaquio.com.br\/es\/wp-json\/wp\/v2\/comments?post=7793"}],"version-history":[{"count":0,"href":"https:\/\/www.padreeustaquio.com.br\/es\/wp-json\/wp\/v2\/posts\/7793\/revisions"}],"wp:featuredmedia":[{"embeddable":true,"href":"https:\/\/www.padreeustaquio.com.br\/es\/wp-json\/wp\/v2\/media\/7794"}],"wp:attachment":[{"href":"https:\/\/www.padreeustaquio.com.br\/es\/wp-json\/wp\/v2\/media?parent=7793"}],"wp:term":[{"taxonomy":"category","embeddable":true,"href":"https:\/\/www.padreeustaquio.com.br\/es\/wp-json\/wp\/v2\/categories?post=7793"},{"taxonomy":"post_tag","embeddable":true,"href":"https:\/\/www.padreeustaquio.com.br\/es\/wp-json\/wp\/v2\/tags?post=7793"}],"curies":[{"name":"wp","href":"https:\/\/api.w.org\/{rel}","templated":true}]}}