{"id":7778,"date":"2021-12-29T06:25:00","date_gmt":"2021-12-29T09:25:00","guid":{"rendered":"https:\/\/www.padreeustaquio.com.br\/?p=7778"},"modified":"2021-12-22T13:50:37","modified_gmt":"2021-12-22T16:50:37","slug":"causa-de-canonizacion-genera-visita-guiada-a-la-iglesia-del-padre-eustaquio-en-belo-horizonte","status":"publish","type":"post","link":"https:\/\/www.padreeustaquio.com.br\/es\/causa-de-canonizacion-genera-visita-guiada-a-la-iglesia-del-padre-eustaquio-en-belo-horizonte\/","title":{"rendered":"Causa de canonizaci\u00f3n genera visita guiada a la iglesia del Padre Eust\u00e1quio en BH"},"content":{"rendered":"<p>A partir de ahora, los devotos y turistas interesados en conocer m\u00e1s sobre la vida del Padre Eust\u00e1quio y la historia del Santuario de la Salud y la Paz de Belo Horizonte tendr\u00e1n acceso a visitas guiadas a la iglesia. Esta iniciativa, de la Secretar\u00eda Nacional para la Causa de Canonizaci\u00f3n, se realizar\u00e1 todas las tardes.<\/p>\n\n\n\n<p>De lunes a viernes, de 13:30 a 16:30, el investigador Leandro Castro estar\u00e1 disponible para quienes deseen conocer m\u00e1s sobre esta historia. Por ahora, simplemente dir\u00edjanse a la Oficina Parroquial, junto a la Tienda del Padre Eust\u00e1quio, e inf\u00f3rmenles que desean realizar una visita guiada. M\u00e1s adelante, cuando aumente la demanda, la idea es que las personas programen una visita a la iglesia.<\/p>\n\n\n\n<p>En grupos de hasta 5 personas, los participantes visitar\u00e1n el Memorial del Padre Eustaquio, donde se conservan los restos del Beato Padre, y aprender\u00e1n sobre su importancia. A continuaci\u00f3n, visitar\u00e1n el peque\u00f1o museo dentro de la iglesia y escuchar\u00e1n datos interesantes sobre la construcci\u00f3n del Santuario, dise\u00f1ado por el Beato Padre Eustaquio. A lo largo del recorrido, que dura aproximadamente una hora, se compartir\u00e1n diversas historias y datos interesantes, y se podr\u00e1n responder preguntas.<\/p>\n\n\n\n<p>Leandro Castro, con maestr\u00eda en Estudios Religiosos, trabaja en el Secretariado Nacional para la Causa de Canonizaci\u00f3n del Beato Padre Eustaquio. Es uno de los responsables de la recuperaci\u00f3n y catalogaci\u00f3n del material perteneciente a la figura religiosa. El equipo hist\u00f3rico ha estado trabajando con mayor intensidad en los objetos, fotos, cartas y escritos del Padre Eustaquio desde principios de a\u00f1o, restaurando, desenterrando informaci\u00f3n y organizando todos los materiales.<\/p>\n\n\n\n<p>Si le interesa aprender m\u00e1s sobre el Santuario y la historia del Padre Eust\u00e1quio, venga a una visita guiada. Las visitas se asignan por orden de llegada, pero si lo prefiere, llame a la Secretar\u00eda y programe una cita (entre las 13:30 y las 16:30). El n\u00famero de tel\u00e9fono es (31) 3462-6557.<\/p>\n\n\n\n<p>La iglesia del Padre Eust\u00e1quio est\u00e1 ubicada en Rua do Padre Eust\u00e1quio, 2405, en el barrio Padre Eust\u00e1quio en Belo Horizonte, Minas Gerais, Brasil. <a href=\"https:\/\/www.google.com.br\/maps\/place\/Santu%C3%A1rio+da+Sa%C3%BAde+e+da+Paz+-+Igreja+Padre+Eust%C3%A1quio\/@-19.9153708,-43.9773711,17z\/data=!3m1!4b1!4m5!3m4!1s0xa6972254563cdd:0x188fb9434838f2b9!8m2!3d-19.9153708!4d-43.9751824\" target=\"_blank\" rel=\"noreferrer noopener\">Haga clic aqu\u00ed para verlo en el mapa.<\/a><\/p>\n\n\n\n<p><\/p>","protected":false},"excerpt":{"rendered":"<p>A partir de agora, os devotos e turistas interessados em conhecer um pouco mais sobre a vida de Padre Eust\u00e1quio e a hist\u00f3ria do Santu\u00e1rio da Sa\u00fade e Paz, em Belo Horizonte, passam a contar com visitas guiadas \u00e0 igreja. A ideia \u00e9 uma iniciativa do Secretariado Nacional da Causa de Canoniza\u00e7\u00e3o e vai funcionar todas as tardes. De segunda a sexta, das 13h30 \u00e0s 16h30, o pesquisador Leandro Castro, estar\u00e1 a disposi\u00e7\u00e3o daqueles que tiverem interesse em conhecer um pouco mais sobre esta hist\u00f3ria. Por enquanto, basta chegar \u00e0 Secretaria Paroquial, ao lado da Loja do Padre Eust\u00e1quio e [&hellip;]<\/p>\n","protected":false},"author":2,"featured_media":7779,"comment_status":"open","ping_status":"closed","sticky":false,"template":"","format":"standard","meta":{"_acf_changed":false,"footnotes":""},"categories":[611],"tags":[],"class_list":["post-7778","post","type-post","status-publish","format-standard","has-post-thumbnail","hentry","category-noticias"],"acf":[],"yoast_head":"<!-- This site is optimized with the Yoast SEO plugin v27.2 - https:\/\/yoast.com\/product\/yoast-seo-wordpress\/ -->\n<title>Causa de Canoniza\u00e7\u00e3o cria Visita Guiada \u00e0 Igreja do Padre Eust\u00e1quio em BH<\/title>\n<meta name=\"description\" content=\"A partir de agora, os devotos e turistas interessados em conhecer um pouco mais sobre a vida de Padre Eust\u00e1quio e a hist\u00f3ria do Santu\u00e1rio da Sa\u00fade e Paz, em Belo Horizonte, passam a contar com visitas guiadas \u00e0 igreja. A ideia \u00e9 uma iniciativa do Secretariado Nacional da Causa de Canoniza\u00e7\u00e3o e vai funcionar todas as tardes.\" \/>\n<meta name=\"robots\" content=\"index, follow, max-snippet:-1, max-image-preview:large, max-video-preview:-1\" \/>\n<link rel=\"canonical\" href=\"https:\/\/www.padreeustaquio.com.br\/es\/causa-de-canonizacion-genera-visita-guiada-a-la-iglesia-del-padre-eustaquio-en-belo-horizonte\/\" \/>\n<meta property=\"og:locale\" content=\"es_ES\" \/>\n<meta property=\"og:type\" content=\"article\" \/>\n<meta property=\"og:title\" content=\"Causa de Canoniza\u00e7\u00e3o cria Visita Guiada \u00e0 Igreja do Padre Eust\u00e1quio em BH\" \/>\n<meta property=\"og:description\" content=\"A partir de agora, os devotos e turistas interessados em conhecer um pouco mais sobre a vida de Padre Eust\u00e1quio e a hist\u00f3ria do Santu\u00e1rio da Sa\u00fade e Paz, em Belo Horizonte, passam a contar com visitas guiadas \u00e0 igreja. A ideia \u00e9 uma iniciativa do Secretariado Nacional da Causa de Canoniza\u00e7\u00e3o e vai funcionar todas as tardes.\" \/>\n<meta property=\"og:url\" content=\"https:\/\/www.padreeustaquio.com.br\/es\/causa-de-canonizacion-genera-visita-guiada-a-la-iglesia-del-padre-eustaquio-en-belo-horizonte\/\" \/>\n<meta property=\"og:site_name\" content=\"Padre Eust\u00e1quio\" \/>\n<meta property=\"article:publisher\" content=\"https:\/\/www.facebook.com\/beatopadreeustaquio\/\" \/>\n<meta property=\"article:published_time\" content=\"2021-12-29T09:25:00+00:00\" \/>\n<meta property=\"og:image\" content=\"https:\/\/www.padreeustaquio.com.br\/wp-content\/uploads\/2021\/12\/visita-guiada.jpg\" \/>\n\t<meta property=\"og:image:width\" content=\"748\" \/>\n\t<meta property=\"og:image:height\" content=\"394\" \/>\n\t<meta property=\"og:image:type\" content=\"image\/jpeg\" \/>\n<meta name=\"author\" content=\"@sscc\" \/>\n<meta name=\"twitter:card\" content=\"summary_large_image\" \/>\n<meta name=\"twitter:creator\" content=\"@beatopeustaquio\" \/>\n<meta name=\"twitter:site\" content=\"@beatopeustaquio\" \/>\n<meta name=\"twitter:label1\" content=\"Escrito por\" \/>\n\t<meta name=\"twitter:data1\" content=\"@sscc\" \/>\n\t<meta name=\"twitter:label2\" content=\"Tiempo de lectura\" \/>\n\t<meta name=\"twitter:data2\" content=\"2 minutos\" \/>\n<script type=\"application\/ld+json\" class=\"yoast-schema-graph\">{\"@context\":\"https:\/\/schema.org\",\"@graph\":[{\"@type\":\"Article\",\"@id\":\"https:\/\/www.padreeustaquio.com.br\/causa-de-canonizacao-cria-visita-guiada-a-igreja-do-padre-eustaquio-em-bh\/#article\",\"isPartOf\":{\"@id\":\"https:\/\/www.padreeustaquio.com.br\/causa-de-canonizacao-cria-visita-guiada-a-igreja-do-padre-eustaquio-em-bh\/\"},\"author\":{\"name\":\"@sscc\",\"@id\":\"https:\/\/www.padreeustaquio.com.br\/#\/schema\/person\/a2a51db1d00f1a7af0204a0f1ddb1566\"},\"headline\":\"Causa de Canoniza\u00e7\u00e3o cria Visita Guiada \u00e0 Igreja do Padre Eust\u00e1quio em BH\",\"datePublished\":\"2021-12-29T09:25:00+00:00\",\"mainEntityOfPage\":{\"@id\":\"https:\/\/www.padreeustaquio.com.br\/causa-de-canonizacao-cria-visita-guiada-a-igreja-do-padre-eustaquio-em-bh\/\"},\"wordCount\":381,\"commentCount\":0,\"publisher\":{\"@id\":\"https:\/\/www.padreeustaquio.com.br\/#organization\"},\"image\":{\"@id\":\"https:\/\/www.padreeustaquio.com.br\/causa-de-canonizacao-cria-visita-guiada-a-igreja-do-padre-eustaquio-em-bh\/#primaryimage\"},\"thumbnailUrl\":\"https:\/\/www.padreeustaquio.com.br\/wp-content\/uploads\/2021\/12\/visita-guiada.jpg\",\"articleSection\":[\"Not\u00edcias\"],\"inLanguage\":\"es\",\"potentialAction\":[{\"@type\":\"CommentAction\",\"name\":\"Comment\",\"target\":[\"https:\/\/www.padreeustaquio.com.br\/causa-de-canonizacao-cria-visita-guiada-a-igreja-do-padre-eustaquio-em-bh\/#respond\"]}]},{\"@type\":\"WebPage\",\"@id\":\"https:\/\/www.padreeustaquio.com.br\/causa-de-canonizacao-cria-visita-guiada-a-igreja-do-padre-eustaquio-em-bh\/\",\"url\":\"https:\/\/www.padreeustaquio.com.br\/causa-de-canonizacao-cria-visita-guiada-a-igreja-do-padre-eustaquio-em-bh\/\",\"name\":\"Causa de Canoniza\u00e7\u00e3o cria Visita Guiada \u00e0 Igreja do Padre Eust\u00e1quio em BH\",\"isPartOf\":{\"@id\":\"https:\/\/www.padreeustaquio.com.br\/#website\"},\"primaryImageOfPage\":{\"@id\":\"https:\/\/www.padreeustaquio.com.br\/causa-de-canonizacao-cria-visita-guiada-a-igreja-do-padre-eustaquio-em-bh\/#primaryimage\"},\"image\":{\"@id\":\"https:\/\/www.padreeustaquio.com.br\/causa-de-canonizacao-cria-visita-guiada-a-igreja-do-padre-eustaquio-em-bh\/#primaryimage\"},\"thumbnailUrl\":\"https:\/\/www.padreeustaquio.com.br\/wp-content\/uploads\/2021\/12\/visita-guiada.jpg\",\"datePublished\":\"2021-12-29T09:25:00+00:00\",\"description\":\"A partir de agora, os devotos e turistas interessados em conhecer um pouco mais sobre a vida de Padre Eust\u00e1quio e a hist\u00f3ria do Santu\u00e1rio da Sa\u00fade e Paz, em Belo Horizonte, passam a contar com visitas guiadas \u00e0 igreja. A ideia \u00e9 uma iniciativa do Secretariado Nacional da Causa de Canoniza\u00e7\u00e3o e vai funcionar todas as tardes.\",\"breadcrumb\":{\"@id\":\"https:\/\/www.padreeustaquio.com.br\/causa-de-canonizacao-cria-visita-guiada-a-igreja-do-padre-eustaquio-em-bh\/#breadcrumb\"},\"inLanguage\":\"es\",\"potentialAction\":[{\"@type\":\"ReadAction\",\"target\":[\"https:\/\/www.padreeustaquio.com.br\/causa-de-canonizacao-cria-visita-guiada-a-igreja-do-padre-eustaquio-em-bh\/\"]}]},{\"@type\":\"ImageObject\",\"inLanguage\":\"es\",\"@id\":\"https:\/\/www.padreeustaquio.com.br\/causa-de-canonizacao-cria-visita-guiada-a-igreja-do-padre-eustaquio-em-bh\/#primaryimage\",\"url\":\"https:\/\/www.padreeustaquio.com.br\/wp-content\/uploads\/2021\/12\/visita-guiada.jpg\",\"contentUrl\":\"https:\/\/www.padreeustaquio.com.br\/wp-content\/uploads\/2021\/12\/visita-guiada.jpg\",\"width\":748,\"height\":394},{\"@type\":\"BreadcrumbList\",\"@id\":\"https:\/\/www.padreeustaquio.com.br\/causa-de-canonizacao-cria-visita-guiada-a-igreja-do-padre-eustaquio-em-bh\/#breadcrumb\",\"itemListElement\":[{\"@type\":\"ListItem\",\"position\":1,\"name\":\"In\u00edcio\",\"item\":\"https:\/\/www.padreeustaquio.com.br\/\"},{\"@type\":\"ListItem\",\"position\":2,\"name\":\"Causa de Canoniza\u00e7\u00e3o cria Visita Guiada \u00e0 Igreja do Padre Eust\u00e1quio em BH\"}]},{\"@type\":\"WebSite\",\"@id\":\"https:\/\/www.padreeustaquio.com.br\/#website\",\"url\":\"https:\/\/www.padreeustaquio.com.br\/\",\"name\":\"Padre Eust\u00e1quio\",\"description\":\"Sa\u00fade e Paz\",\"publisher\":{\"@id\":\"https:\/\/www.padreeustaquio.com.br\/#organization\"},\"potentialAction\":[{\"@type\":\"SearchAction\",\"target\":{\"@type\":\"EntryPoint\",\"urlTemplate\":\"https:\/\/www.padreeustaquio.com.br\/?s={search_term_string}\"},\"query-input\":{\"@type\":\"PropertyValueSpecification\",\"valueRequired\":true,\"valueName\":\"search_term_string\"}}],\"inLanguage\":\"es\"},{\"@type\":\"Organization\",\"@id\":\"https:\/\/www.padreeustaquio.com.br\/#organization\",\"name\":\"Padre Eust\u00e1quio\",\"url\":\"https:\/\/www.padreeustaquio.com.br\/\",\"logo\":{\"@type\":\"ImageObject\",\"inLanguage\":\"es\",\"@id\":\"https:\/\/www.padreeustaquio.com.br\/#\/schema\/logo\/image\/\",\"url\":\"https:\/\/www.padreeustaquio.com.br\/wp-content\/uploads\/2019\/08\/marca.png\",\"contentUrl\":\"https:\/\/www.padreeustaquio.com.br\/wp-content\/uploads\/2019\/08\/marca.png\",\"width\":350,\"height\":400,\"caption\":\"Padre Eust\u00e1quio\"},\"image\":{\"@id\":\"https:\/\/www.padreeustaquio.com.br\/#\/schema\/logo\/image\/\"},\"sameAs\":[\"https:\/\/www.facebook.com\/beatopadreeustaquio\/\",\"https:\/\/x.com\/beatopeustaquio\",\"https:\/\/www.instagram.com\/beatopadreeustaquio\/\",\"https:\/\/www.youtube.com\/channel\/UCRhw7vfabnajwLxb1ZXMeIw\"]},{\"@type\":\"Person\",\"@id\":\"https:\/\/www.padreeustaquio.com.br\/#\/schema\/person\/a2a51db1d00f1a7af0204a0f1ddb1566\",\"name\":\"@sscc\",\"image\":{\"@type\":\"ImageObject\",\"inLanguage\":\"es\",\"@id\":\"https:\/\/secure.gravatar.com\/avatar\/68cfafa5f44617fea54071e215026e0ff06be366c3d54a8425f04fdcb86f8c5f?s=96&d=mm&r=g\",\"url\":\"https:\/\/secure.gravatar.com\/avatar\/68cfafa5f44617fea54071e215026e0ff06be366c3d54a8425f04fdcb86f8c5f?s=96&d=mm&r=g\",\"contentUrl\":\"https:\/\/secure.gravatar.com\/avatar\/68cfafa5f44617fea54071e215026e0ff06be366c3d54a8425f04fdcb86f8c5f?s=96&d=mm&r=g\",\"caption\":\"@sscc\"},\"url\":\"https:\/\/www.padreeustaquio.com.br\/es\/author\/sscc\/\"}]}<\/script>\n<!-- \/ Yoast SEO plugin. -->","yoast_head_json":{"title":"Causa de canonizaci\u00f3n genera visita guiada a la iglesia del Padre Eust\u00e1quio en BH","description":"A partir de ahora, los devotos y turistas interesados en conocer m\u00e1s sobre la vida del Padre Eust\u00e1quio y la historia del Santuario de la Salud y la Paz de Belo Horizonte tendr\u00e1n acceso a visitas guiadas a la iglesia. Esta iniciativa, de la Secretar\u00eda Nacional para la Causa de Canonizaci\u00f3n, se realizar\u00e1 todas las tardes.","robots":{"index":"index","follow":"follow","max-snippet":"max-snippet:-1","max-image-preview":"max-image-preview:large","max-video-preview":"max-video-preview:-1"},"canonical":"https:\/\/www.padreeustaquio.com.br\/es\/causa-de-canonizacion-genera-visita-guiada-a-la-iglesia-del-padre-eustaquio-en-belo-horizonte\/","og_locale":"es_ES","og_type":"article","og_title":"Causa de Canoniza\u00e7\u00e3o cria Visita Guiada \u00e0 Igreja do Padre Eust\u00e1quio em BH","og_description":"A partir de agora, os devotos e turistas interessados em conhecer um pouco mais sobre a vida de Padre Eust\u00e1quio e a hist\u00f3ria do Santu\u00e1rio da Sa\u00fade e Paz, em Belo Horizonte, passam a contar com visitas guiadas \u00e0 igreja. A ideia \u00e9 uma iniciativa do Secretariado Nacional da Causa de Canoniza\u00e7\u00e3o e vai funcionar todas as tardes.","og_url":"https:\/\/www.padreeustaquio.com.br\/es\/causa-de-canonizacion-genera-visita-guiada-a-la-iglesia-del-padre-eustaquio-en-belo-horizonte\/","og_site_name":"Padre Eust\u00e1quio","article_publisher":"https:\/\/www.facebook.com\/beatopadreeustaquio\/","article_published_time":"2021-12-29T09:25:00+00:00","og_image":[{"width":748,"height":394,"url":"https:\/\/www.padreeustaquio.com.br\/wp-content\/uploads\/2021\/12\/visita-guiada.jpg","type":"image\/jpeg"}],"author":"@sscc","twitter_card":"summary_large_image","twitter_creator":"@beatopeustaquio","twitter_site":"@beatopeustaquio","twitter_misc":{"Escrito por":"@sscc","Tiempo de lectura":"2 minutos"},"schema":{"@context":"https:\/\/schema.org","@graph":[{"@type":"Article","@id":"https:\/\/www.padreeustaquio.com.br\/causa-de-canonizacao-cria-visita-guiada-a-igreja-do-padre-eustaquio-em-bh\/#article","isPartOf":{"@id":"https:\/\/www.padreeustaquio.com.br\/causa-de-canonizacao-cria-visita-guiada-a-igreja-do-padre-eustaquio-em-bh\/"},"author":{"name":"@sscc","@id":"https:\/\/www.padreeustaquio.com.br\/#\/schema\/person\/a2a51db1d00f1a7af0204a0f1ddb1566"},"headline":"Causa de Canoniza\u00e7\u00e3o cria Visita Guiada \u00e0 Igreja do Padre Eust\u00e1quio em BH","datePublished":"2021-12-29T09:25:00+00:00","mainEntityOfPage":{"@id":"https:\/\/www.padreeustaquio.com.br\/causa-de-canonizacao-cria-visita-guiada-a-igreja-do-padre-eustaquio-em-bh\/"},"wordCount":381,"commentCount":0,"publisher":{"@id":"https:\/\/www.padreeustaquio.com.br\/#organization"},"image":{"@id":"https:\/\/www.padreeustaquio.com.br\/causa-de-canonizacao-cria-visita-guiada-a-igreja-do-padre-eustaquio-em-bh\/#primaryimage"},"thumbnailUrl":"https:\/\/www.padreeustaquio.com.br\/wp-content\/uploads\/2021\/12\/visita-guiada.jpg","articleSection":["Not\u00edcias"],"inLanguage":"es","potentialAction":[{"@type":"CommentAction","name":"Comment","target":["https:\/\/www.padreeustaquio.com.br\/causa-de-canonizacao-cria-visita-guiada-a-igreja-do-padre-eustaquio-em-bh\/#respond"]}]},{"@type":"WebPage","@id":"https:\/\/www.padreeustaquio.com.br\/causa-de-canonizacao-cria-visita-guiada-a-igreja-do-padre-eustaquio-em-bh\/","url":"https:\/\/www.padreeustaquio.com.br\/causa-de-canonizacao-cria-visita-guiada-a-igreja-do-padre-eustaquio-em-bh\/","name":"Causa de canonizaci\u00f3n genera visita guiada a la iglesia del Padre Eust\u00e1quio en BH","isPartOf":{"@id":"https:\/\/www.padreeustaquio.com.br\/#website"},"primaryImageOfPage":{"@id":"https:\/\/www.padreeustaquio.com.br\/causa-de-canonizacao-cria-visita-guiada-a-igreja-do-padre-eustaquio-em-bh\/#primaryimage"},"image":{"@id":"https:\/\/www.padreeustaquio.com.br\/causa-de-canonizacao-cria-visita-guiada-a-igreja-do-padre-eustaquio-em-bh\/#primaryimage"},"thumbnailUrl":"https:\/\/www.padreeustaquio.com.br\/wp-content\/uploads\/2021\/12\/visita-guiada.jpg","datePublished":"2021-12-29T09:25:00+00:00","description":"A partir de ahora, los devotos y turistas interesados en conocer m\u00e1s sobre la vida del Padre Eust\u00e1quio y la historia del Santuario de la Salud y la Paz de Belo Horizonte tendr\u00e1n acceso a visitas guiadas a la iglesia. Esta iniciativa, de la Secretar\u00eda Nacional para la Causa de Canonizaci\u00f3n, se realizar\u00e1 todas las tardes.","breadcrumb":{"@id":"https:\/\/www.padreeustaquio.com.br\/causa-de-canonizacao-cria-visita-guiada-a-igreja-do-padre-eustaquio-em-bh\/#breadcrumb"},"inLanguage":"es","potentialAction":[{"@type":"ReadAction","target":["https:\/\/www.padreeustaquio.com.br\/causa-de-canonizacao-cria-visita-guiada-a-igreja-do-padre-eustaquio-em-bh\/"]}]},{"@type":"ImageObject","inLanguage":"es","@id":"https:\/\/www.padreeustaquio.com.br\/causa-de-canonizacao-cria-visita-guiada-a-igreja-do-padre-eustaquio-em-bh\/#primaryimage","url":"https:\/\/www.padreeustaquio.com.br\/wp-content\/uploads\/2021\/12\/visita-guiada.jpg","contentUrl":"https:\/\/www.padreeustaquio.com.br\/wp-content\/uploads\/2021\/12\/visita-guiada.jpg","width":748,"height":394},{"@type":"BreadcrumbList","@id":"https:\/\/www.padreeustaquio.com.br\/causa-de-canonizacao-cria-visita-guiada-a-igreja-do-padre-eustaquio-em-bh\/#breadcrumb","itemListElement":[{"@type":"ListItem","position":1,"name":"In\u00edcio","item":"https:\/\/www.padreeustaquio.com.br\/"},{"@type":"ListItem","position":2,"name":"Causa de Canoniza\u00e7\u00e3o cria Visita Guiada \u00e0 Igreja do Padre Eust\u00e1quio em BH"}]},{"@type":"WebSite","@id":"https:\/\/www.padreeustaquio.com.br\/#website","url":"https:\/\/www.padreeustaquio.com.br\/","name":"Padre Eustace","description":"Salud y Paz","publisher":{"@id":"https:\/\/www.padreeustaquio.com.br\/#organization"},"potentialAction":[{"@type":"SearchAction","target":{"@type":"EntryPoint","urlTemplate":"https:\/\/www.padreeustaquio.com.br\/?s={search_term_string}"},"query-input":{"@type":"PropertyValueSpecification","valueRequired":true,"valueName":"search_term_string"}}],"inLanguage":"es"},{"@type":"Organization","@id":"https:\/\/www.padreeustaquio.com.br\/#organization","name":"Padre Eustace","url":"https:\/\/www.padreeustaquio.com.br\/","logo":{"@type":"ImageObject","inLanguage":"es","@id":"https:\/\/www.padreeustaquio.com.br\/#\/schema\/logo\/image\/","url":"https:\/\/www.padreeustaquio.com.br\/wp-content\/uploads\/2019\/08\/marca.png","contentUrl":"https:\/\/www.padreeustaquio.com.br\/wp-content\/uploads\/2019\/08\/marca.png","width":350,"height":400,"caption":"Padre Eust\u00e1quio"},"image":{"@id":"https:\/\/www.padreeustaquio.com.br\/#\/schema\/logo\/image\/"},"sameAs":["https:\/\/www.facebook.com\/beatopadreeustaquio\/","https:\/\/x.com\/beatopeustaquio","https:\/\/www.instagram.com\/beatopadreeustaquio\/","https:\/\/www.youtube.com\/channel\/UCRhw7vfabnajwLxb1ZXMeIw"]},{"@type":"Person","@id":"https:\/\/www.padreeustaquio.com.br\/#\/schema\/person\/a2a51db1d00f1a7af0204a0f1ddb1566","name":"@sscc","image":{"@type":"ImageObject","inLanguage":"es","@id":"https:\/\/secure.gravatar.com\/avatar\/68cfafa5f44617fea54071e215026e0ff06be366c3d54a8425f04fdcb86f8c5f?s=96&d=mm&r=g","url":"https:\/\/secure.gravatar.com\/avatar\/68cfafa5f44617fea54071e215026e0ff06be366c3d54a8425f04fdcb86f8c5f?s=96&d=mm&r=g","contentUrl":"https:\/\/secure.gravatar.com\/avatar\/68cfafa5f44617fea54071e215026e0ff06be366c3d54a8425f04fdcb86f8c5f?s=96&d=mm&r=g","caption":"@sscc"},"url":"https:\/\/www.padreeustaquio.com.br\/es\/author\/sscc\/"}]}},"_links":{"self":[{"href":"https:\/\/www.padreeustaquio.com.br\/es\/wp-json\/wp\/v2\/posts\/7778","targetHints":{"allow":["GET"]}}],"collection":[{"href":"https:\/\/www.padreeustaquio.com.br\/es\/wp-json\/wp\/v2\/posts"}],"about":[{"href":"https:\/\/www.padreeustaquio.com.br\/es\/wp-json\/wp\/v2\/types\/post"}],"author":[{"embeddable":true,"href":"https:\/\/www.padreeustaquio.com.br\/es\/wp-json\/wp\/v2\/users\/2"}],"replies":[{"embeddable":true,"href":"https:\/\/www.padreeustaquio.com.br\/es\/wp-json\/wp\/v2\/comments?post=7778"}],"version-history":[{"count":0,"href":"https:\/\/www.padreeustaquio.com.br\/es\/wp-json\/wp\/v2\/posts\/7778\/revisions"}],"wp:featuredmedia":[{"embeddable":true,"href":"https:\/\/www.padreeustaquio.com.br\/es\/wp-json\/wp\/v2\/media\/7779"}],"wp:attachment":[{"href":"https:\/\/www.padreeustaquio.com.br\/es\/wp-json\/wp\/v2\/media?parent=7778"}],"wp:term":[{"taxonomy":"category","embeddable":true,"href":"https:\/\/www.padreeustaquio.com.br\/es\/wp-json\/wp\/v2\/categories?post=7778"},{"taxonomy":"post_tag","embeddable":true,"href":"https:\/\/www.padreeustaquio.com.br\/es\/wp-json\/wp\/v2\/tags?post=7778"}],"curies":[{"name":"wp","href":"https:\/\/api.w.org\/{rel}","templated":true}]}}