{"id":7775,"date":"2021-12-25T07:00:00","date_gmt":"2021-12-25T10:00:00","guid":{"rendered":"https:\/\/www.padreeustaquio.com.br\/?p=7775"},"modified":"2021-12-21T10:24:59","modified_gmt":"2021-12-21T13:24:59","slug":"celebre-la-navidad-del-senor-con-su-familia-utilizando-este-itinerario-de-celebracion","status":"publish","type":"post","link":"https:\/\/www.padreeustaquio.com.br\/es\/celebre-la-navidad-del-senor-con-su-familia-utilizando-este-itinerario-de-celebracion\/","title":{"rendered":"Celebre la Navidad del Se\u00f1or con su familia utilizando este itinerario de celebraci\u00f3n."},"content":{"rendered":"<p>La Comisi\u00f3n Pastoral Episcopal de Liturgia de la Conferencia Nacional de Obispos de Brasil (CNBB) puso a disposici\u00f3n la gu\u00eda &quot;Celebrar en Familia&quot; para la Solemnidad de la Natividad del Se\u00f1or \u2013 25 de diciembre.<\/p>\n\n\n\n<p><em>\u201cLa Navidad es la celebraci\u00f3n de los encuentros. Dios sale a nuestro encuentro. Cada encuentro siempre encierra una sorpresa; despu\u00e9s de todo, el otro es siempre un misterio sagrado. En este encuentro, Dios nos sorprende con su capacidad de amar.\u201d<\/em>, contextualiza el gui\u00f3n.<\/p>\n\n\n\n<p>Para el <a href=\"https:\/\/www.youtube.com\/channel\/UCRhw7vfabnajwLxb1ZXMeIw\">Canal Padre Eust\u00e1quio<\/a> Pueden participar en vivo en dos misas de Navidad, celebradas en el Santuario Arquidiocesano de Salud y Paz, a las 10:00 y a las 17:00. De esta manera, podremos seguirlas, viviendo la dignidad del pueblo sacerdotal que nos confiri\u00f3 nuestro bautismo. No solo podremos seguirlas, sino tambi\u00e9n celebrar el Domingo del Se\u00f1or en familia. El domingo 26, las transmisiones ser\u00e1n a las 10:00 y a las 19:00, como de costumbre.<\/p>\n\n\n\n<p>Para la celebraci\u00f3n, el comit\u00e9 sugiere preparar una imagen del Ni\u00f1o Jes\u00fas, junto con una Biblia, velas, flores y una campanilla. Ser\u00eda apropiado realizar la celebraci\u00f3n antes de una comida familiar.<\/p>\n\n\n\n<p><\/p>\n\n\n\n<p><strong><a href=\"https:\/\/www.cnbb.org.br\/wp-content\/uploads\/2021\/12\/06-Celebrar-em-Familia-Dia-de-Natal.pdf\">Descarga el gui\u00f3n para celebrar en familia la Solemnidad de la Natividad del Se\u00f1or \u2013 Celebraci\u00f3n del D\u00eda<\/a><\/strong><\/p>\n\n\n\n<p><\/p>","protected":false},"excerpt":{"rendered":"<p>A Comiss\u00e3o Episcopal Pastoral para a Liturgia da Confer\u00eancia Nacional dos Bispos do Brasil (CNBB) disponibilizou o roteiro Celebrar em Fam\u00edlia para a Solenidade do Natal do Senhor \u2013 25 de dezembro. \u201cNatal \u00e9 a festa do encontro. Deus vem nos encontrar. Qualquer encontro nos reserva sempre uma surpresa, afinal o outro \u00e9 sempre um mist\u00e9rio sagrado. Neste encontro Deus nos surpreende com sua capacidade de amar\u201d, contextualiza o roteiro. Pelo Canal Padre Eust\u00e1quio voc\u00ea pode participar, ao vivo, \u00e0 duas Missas de Natal, realizadas no Santu\u00e1rio Arquidiocesano da Sa\u00fade e Paz, \u00e0s 10h e \u00e0s 17h. Assim, podemos acompanhar, [&hellip;]<\/p>\n","protected":false},"author":2,"featured_media":7776,"comment_status":"open","ping_status":"closed","sticky":false,"template":"","format":"standard","meta":{"_acf_changed":false,"footnotes":""},"categories":[611],"tags":[],"class_list":["post-7775","post","type-post","status-publish","format-standard","has-post-thumbnail","hentry","category-noticias"],"acf":[],"yoast_head":"<!-- This site is optimized with the Yoast SEO plugin v27.2 - https:\/\/yoast.com\/product\/yoast-seo-wordpress\/ -->\n<title>Celebre em Fam\u00edlia o Natal do Senhor com o roteiro celebrativo<\/title>\n<meta name=\"description\" content=\"A Comiss\u00e3o Episcopal Pastoral para a Liturgia da Confer\u00eancia Nacional dos Bispos do Brasil (CNBB) disponibilizou o roteiro Celebrar em Fam\u00edlia para a Solenidade do Natal do Senhor \u2013 25 de dezembro.\" \/>\n<meta name=\"robots\" content=\"index, follow, max-snippet:-1, max-image-preview:large, max-video-preview:-1\" \/>\n<link rel=\"canonical\" href=\"https:\/\/www.padreeustaquio.com.br\/es\/celebre-la-navidad-del-senor-con-su-familia-utilizando-este-itinerario-de-celebracion\/\" \/>\n<meta property=\"og:locale\" content=\"es_ES\" \/>\n<meta property=\"og:type\" content=\"article\" \/>\n<meta property=\"og:title\" content=\"Celebre em Fam\u00edlia o Natal do Senhor com o roteiro celebrativo\" \/>\n<meta property=\"og:description\" content=\"A Comiss\u00e3o Episcopal Pastoral para a Liturgia da Confer\u00eancia Nacional dos Bispos do Brasil (CNBB) disponibilizou o roteiro Celebrar em Fam\u00edlia para a Solenidade do Natal do Senhor \u2013 25 de dezembro.\" \/>\n<meta property=\"og:url\" content=\"https:\/\/www.padreeustaquio.com.br\/es\/celebre-la-navidad-del-senor-con-su-familia-utilizando-este-itinerario-de-celebracion\/\" \/>\n<meta property=\"og:site_name\" content=\"Padre Eust\u00e1quio\" \/>\n<meta property=\"article:publisher\" content=\"https:\/\/www.facebook.com\/beatopadreeustaquio\/\" \/>\n<meta property=\"article:published_time\" content=\"2021-12-25T10:00:00+00:00\" \/>\n<meta property=\"og:image\" content=\"https:\/\/www.padreeustaquio.com.br\/wp-content\/uploads\/2021\/12\/roteiro-natal-do-senhor.jpg\" \/>\n\t<meta property=\"og:image:width\" content=\"748\" \/>\n\t<meta property=\"og:image:height\" content=\"394\" \/>\n\t<meta property=\"og:image:type\" content=\"image\/jpeg\" \/>\n<meta name=\"author\" content=\"@sscc\" \/>\n<meta name=\"twitter:card\" content=\"summary_large_image\" \/>\n<meta name=\"twitter:creator\" content=\"@beatopeustaquio\" \/>\n<meta name=\"twitter:site\" content=\"@beatopeustaquio\" \/>\n<meta name=\"twitter:label1\" content=\"Escrito por\" \/>\n\t<meta name=\"twitter:data1\" content=\"@sscc\" \/>\n\t<meta name=\"twitter:label2\" content=\"Tiempo de lectura\" \/>\n\t<meta name=\"twitter:data2\" content=\"1 minuto\" \/>\n<script type=\"application\/ld+json\" class=\"yoast-schema-graph\">{\"@context\":\"https:\/\/schema.org\",\"@graph\":[{\"@type\":\"Article\",\"@id\":\"https:\/\/www.padreeustaquio.com.br\/celebre-em-familia-o-natal-do-senhor-com-o-roteiro-celebrativo\/#article\",\"isPartOf\":{\"@id\":\"https:\/\/www.padreeustaquio.com.br\/celebre-em-familia-o-natal-do-senhor-com-o-roteiro-celebrativo\/\"},\"author\":{\"name\":\"@sscc\",\"@id\":\"https:\/\/www.padreeustaquio.com.br\/#\/schema\/person\/a2a51db1d00f1a7af0204a0f1ddb1566\"},\"headline\":\"Celebre em Fam\u00edlia o Natal do Senhor com o roteiro celebrativo\",\"datePublished\":\"2021-12-25T10:00:00+00:00\",\"mainEntityOfPage\":{\"@id\":\"https:\/\/www.padreeustaquio.com.br\/celebre-em-familia-o-natal-do-senhor-com-o-roteiro-celebrativo\/\"},\"wordCount\":213,\"commentCount\":0,\"publisher\":{\"@id\":\"https:\/\/www.padreeustaquio.com.br\/#organization\"},\"image\":{\"@id\":\"https:\/\/www.padreeustaquio.com.br\/celebre-em-familia-o-natal-do-senhor-com-o-roteiro-celebrativo\/#primaryimage\"},\"thumbnailUrl\":\"https:\/\/www.padreeustaquio.com.br\/wp-content\/uploads\/2021\/12\/roteiro-natal-do-senhor.jpg\",\"articleSection\":[\"Not\u00edcias\"],\"inLanguage\":\"es\",\"potentialAction\":[{\"@type\":\"CommentAction\",\"name\":\"Comment\",\"target\":[\"https:\/\/www.padreeustaquio.com.br\/celebre-em-familia-o-natal-do-senhor-com-o-roteiro-celebrativo\/#respond\"]}]},{\"@type\":\"WebPage\",\"@id\":\"https:\/\/www.padreeustaquio.com.br\/celebre-em-familia-o-natal-do-senhor-com-o-roteiro-celebrativo\/\",\"url\":\"https:\/\/www.padreeustaquio.com.br\/celebre-em-familia-o-natal-do-senhor-com-o-roteiro-celebrativo\/\",\"name\":\"Celebre em Fam\u00edlia o Natal do Senhor com o roteiro celebrativo\",\"isPartOf\":{\"@id\":\"https:\/\/www.padreeustaquio.com.br\/#website\"},\"primaryImageOfPage\":{\"@id\":\"https:\/\/www.padreeustaquio.com.br\/celebre-em-familia-o-natal-do-senhor-com-o-roteiro-celebrativo\/#primaryimage\"},\"image\":{\"@id\":\"https:\/\/www.padreeustaquio.com.br\/celebre-em-familia-o-natal-do-senhor-com-o-roteiro-celebrativo\/#primaryimage\"},\"thumbnailUrl\":\"https:\/\/www.padreeustaquio.com.br\/wp-content\/uploads\/2021\/12\/roteiro-natal-do-senhor.jpg\",\"datePublished\":\"2021-12-25T10:00:00+00:00\",\"description\":\"A Comiss\u00e3o Episcopal Pastoral para a Liturgia da Confer\u00eancia Nacional dos Bispos do Brasil (CNBB) disponibilizou o roteiro Celebrar em Fam\u00edlia para a Solenidade do Natal do Senhor \u2013 25 de dezembro.\",\"breadcrumb\":{\"@id\":\"https:\/\/www.padreeustaquio.com.br\/celebre-em-familia-o-natal-do-senhor-com-o-roteiro-celebrativo\/#breadcrumb\"},\"inLanguage\":\"es\",\"potentialAction\":[{\"@type\":\"ReadAction\",\"target\":[\"https:\/\/www.padreeustaquio.com.br\/celebre-em-familia-o-natal-do-senhor-com-o-roteiro-celebrativo\/\"]}]},{\"@type\":\"ImageObject\",\"inLanguage\":\"es\",\"@id\":\"https:\/\/www.padreeustaquio.com.br\/celebre-em-familia-o-natal-do-senhor-com-o-roteiro-celebrativo\/#primaryimage\",\"url\":\"https:\/\/www.padreeustaquio.com.br\/wp-content\/uploads\/2021\/12\/roteiro-natal-do-senhor.jpg\",\"contentUrl\":\"https:\/\/www.padreeustaquio.com.br\/wp-content\/uploads\/2021\/12\/roteiro-natal-do-senhor.jpg\",\"width\":748,\"height\":394},{\"@type\":\"BreadcrumbList\",\"@id\":\"https:\/\/www.padreeustaquio.com.br\/celebre-em-familia-o-natal-do-senhor-com-o-roteiro-celebrativo\/#breadcrumb\",\"itemListElement\":[{\"@type\":\"ListItem\",\"position\":1,\"name\":\"In\u00edcio\",\"item\":\"https:\/\/www.padreeustaquio.com.br\/\"},{\"@type\":\"ListItem\",\"position\":2,\"name\":\"Celebre em Fam\u00edlia o Natal do Senhor com o roteiro celebrativo\"}]},{\"@type\":\"WebSite\",\"@id\":\"https:\/\/www.padreeustaquio.com.br\/#website\",\"url\":\"https:\/\/www.padreeustaquio.com.br\/\",\"name\":\"Padre Eust\u00e1quio\",\"description\":\"Sa\u00fade e Paz\",\"publisher\":{\"@id\":\"https:\/\/www.padreeustaquio.com.br\/#organization\"},\"potentialAction\":[{\"@type\":\"SearchAction\",\"target\":{\"@type\":\"EntryPoint\",\"urlTemplate\":\"https:\/\/www.padreeustaquio.com.br\/?s={search_term_string}\"},\"query-input\":{\"@type\":\"PropertyValueSpecification\",\"valueRequired\":true,\"valueName\":\"search_term_string\"}}],\"inLanguage\":\"es\"},{\"@type\":\"Organization\",\"@id\":\"https:\/\/www.padreeustaquio.com.br\/#organization\",\"name\":\"Padre Eust\u00e1quio\",\"url\":\"https:\/\/www.padreeustaquio.com.br\/\",\"logo\":{\"@type\":\"ImageObject\",\"inLanguage\":\"es\",\"@id\":\"https:\/\/www.padreeustaquio.com.br\/#\/schema\/logo\/image\/\",\"url\":\"https:\/\/www.padreeustaquio.com.br\/wp-content\/uploads\/2019\/08\/marca.png\",\"contentUrl\":\"https:\/\/www.padreeustaquio.com.br\/wp-content\/uploads\/2019\/08\/marca.png\",\"width\":350,\"height\":400,\"caption\":\"Padre Eust\u00e1quio\"},\"image\":{\"@id\":\"https:\/\/www.padreeustaquio.com.br\/#\/schema\/logo\/image\/\"},\"sameAs\":[\"https:\/\/www.facebook.com\/beatopadreeustaquio\/\",\"https:\/\/x.com\/beatopeustaquio\",\"https:\/\/www.instagram.com\/beatopadreeustaquio\/\",\"https:\/\/www.youtube.com\/channel\/UCRhw7vfabnajwLxb1ZXMeIw\"]},{\"@type\":\"Person\",\"@id\":\"https:\/\/www.padreeustaquio.com.br\/#\/schema\/person\/a2a51db1d00f1a7af0204a0f1ddb1566\",\"name\":\"@sscc\",\"image\":{\"@type\":\"ImageObject\",\"inLanguage\":\"es\",\"@id\":\"https:\/\/secure.gravatar.com\/avatar\/68cfafa5f44617fea54071e215026e0ff06be366c3d54a8425f04fdcb86f8c5f?s=96&d=mm&r=g\",\"url\":\"https:\/\/secure.gravatar.com\/avatar\/68cfafa5f44617fea54071e215026e0ff06be366c3d54a8425f04fdcb86f8c5f?s=96&d=mm&r=g\",\"contentUrl\":\"https:\/\/secure.gravatar.com\/avatar\/68cfafa5f44617fea54071e215026e0ff06be366c3d54a8425f04fdcb86f8c5f?s=96&d=mm&r=g\",\"caption\":\"@sscc\"},\"url\":\"https:\/\/www.padreeustaquio.com.br\/es\/author\/sscc\/\"}]}<\/script>\n<!-- \/ Yoast SEO plugin. -->","yoast_head_json":{"title":"Celebre la Navidad del Se\u00f1or con su familia utilizando este itinerario de celebraci\u00f3n.","description":"La Comisi\u00f3n Pastoral Episcopal de Liturgia de la Conferencia Nacional de Obispos de Brasil (CNBB) puso a disposici\u00f3n la gu\u00eda &quot;Celebrar en Familia&quot; para la Solemnidad de la Natividad del Se\u00f1or \u2013 25 de diciembre.","robots":{"index":"index","follow":"follow","max-snippet":"max-snippet:-1","max-image-preview":"max-image-preview:large","max-video-preview":"max-video-preview:-1"},"canonical":"https:\/\/www.padreeustaquio.com.br\/es\/celebre-la-navidad-del-senor-con-su-familia-utilizando-este-itinerario-de-celebracion\/","og_locale":"es_ES","og_type":"article","og_title":"Celebre em Fam\u00edlia o Natal do Senhor com o roteiro celebrativo","og_description":"A Comiss\u00e3o Episcopal Pastoral para a Liturgia da Confer\u00eancia Nacional dos Bispos do Brasil (CNBB) disponibilizou o roteiro Celebrar em Fam\u00edlia para a Solenidade do Natal do Senhor \u2013 25 de dezembro.","og_url":"https:\/\/www.padreeustaquio.com.br\/es\/celebre-la-navidad-del-senor-con-su-familia-utilizando-este-itinerario-de-celebracion\/","og_site_name":"Padre Eust\u00e1quio","article_publisher":"https:\/\/www.facebook.com\/beatopadreeustaquio\/","article_published_time":"2021-12-25T10:00:00+00:00","og_image":[{"width":748,"height":394,"url":"https:\/\/www.padreeustaquio.com.br\/wp-content\/uploads\/2021\/12\/roteiro-natal-do-senhor.jpg","type":"image\/jpeg"}],"author":"@sscc","twitter_card":"summary_large_image","twitter_creator":"@beatopeustaquio","twitter_site":"@beatopeustaquio","twitter_misc":{"Escrito por":"@sscc","Tiempo de lectura":"1 minuto"},"schema":{"@context":"https:\/\/schema.org","@graph":[{"@type":"Article","@id":"https:\/\/www.padreeustaquio.com.br\/celebre-em-familia-o-natal-do-senhor-com-o-roteiro-celebrativo\/#article","isPartOf":{"@id":"https:\/\/www.padreeustaquio.com.br\/celebre-em-familia-o-natal-do-senhor-com-o-roteiro-celebrativo\/"},"author":{"name":"@sscc","@id":"https:\/\/www.padreeustaquio.com.br\/#\/schema\/person\/a2a51db1d00f1a7af0204a0f1ddb1566"},"headline":"Celebre em Fam\u00edlia o Natal do Senhor com o roteiro celebrativo","datePublished":"2021-12-25T10:00:00+00:00","mainEntityOfPage":{"@id":"https:\/\/www.padreeustaquio.com.br\/celebre-em-familia-o-natal-do-senhor-com-o-roteiro-celebrativo\/"},"wordCount":213,"commentCount":0,"publisher":{"@id":"https:\/\/www.padreeustaquio.com.br\/#organization"},"image":{"@id":"https:\/\/www.padreeustaquio.com.br\/celebre-em-familia-o-natal-do-senhor-com-o-roteiro-celebrativo\/#primaryimage"},"thumbnailUrl":"https:\/\/www.padreeustaquio.com.br\/wp-content\/uploads\/2021\/12\/roteiro-natal-do-senhor.jpg","articleSection":["Not\u00edcias"],"inLanguage":"es","potentialAction":[{"@type":"CommentAction","name":"Comment","target":["https:\/\/www.padreeustaquio.com.br\/celebre-em-familia-o-natal-do-senhor-com-o-roteiro-celebrativo\/#respond"]}]},{"@type":"WebPage","@id":"https:\/\/www.padreeustaquio.com.br\/celebre-em-familia-o-natal-do-senhor-com-o-roteiro-celebrativo\/","url":"https:\/\/www.padreeustaquio.com.br\/celebre-em-familia-o-natal-do-senhor-com-o-roteiro-celebrativo\/","name":"Celebre la Navidad del Se\u00f1or con su familia utilizando este itinerario de celebraci\u00f3n.","isPartOf":{"@id":"https:\/\/www.padreeustaquio.com.br\/#website"},"primaryImageOfPage":{"@id":"https:\/\/www.padreeustaquio.com.br\/celebre-em-familia-o-natal-do-senhor-com-o-roteiro-celebrativo\/#primaryimage"},"image":{"@id":"https:\/\/www.padreeustaquio.com.br\/celebre-em-familia-o-natal-do-senhor-com-o-roteiro-celebrativo\/#primaryimage"},"thumbnailUrl":"https:\/\/www.padreeustaquio.com.br\/wp-content\/uploads\/2021\/12\/roteiro-natal-do-senhor.jpg","datePublished":"2021-12-25T10:00:00+00:00","description":"La Comisi\u00f3n Pastoral Episcopal de Liturgia de la Conferencia Nacional de Obispos de Brasil (CNBB) puso a disposici\u00f3n la gu\u00eda &quot;Celebrar en Familia&quot; para la Solemnidad de la Natividad del Se\u00f1or \u2013 25 de diciembre.","breadcrumb":{"@id":"https:\/\/www.padreeustaquio.com.br\/celebre-em-familia-o-natal-do-senhor-com-o-roteiro-celebrativo\/#breadcrumb"},"inLanguage":"es","potentialAction":[{"@type":"ReadAction","target":["https:\/\/www.padreeustaquio.com.br\/celebre-em-familia-o-natal-do-senhor-com-o-roteiro-celebrativo\/"]}]},{"@type":"ImageObject","inLanguage":"es","@id":"https:\/\/www.padreeustaquio.com.br\/celebre-em-familia-o-natal-do-senhor-com-o-roteiro-celebrativo\/#primaryimage","url":"https:\/\/www.padreeustaquio.com.br\/wp-content\/uploads\/2021\/12\/roteiro-natal-do-senhor.jpg","contentUrl":"https:\/\/www.padreeustaquio.com.br\/wp-content\/uploads\/2021\/12\/roteiro-natal-do-senhor.jpg","width":748,"height":394},{"@type":"BreadcrumbList","@id":"https:\/\/www.padreeustaquio.com.br\/celebre-em-familia-o-natal-do-senhor-com-o-roteiro-celebrativo\/#breadcrumb","itemListElement":[{"@type":"ListItem","position":1,"name":"In\u00edcio","item":"https:\/\/www.padreeustaquio.com.br\/"},{"@type":"ListItem","position":2,"name":"Celebre em Fam\u00edlia o Natal do Senhor com o roteiro celebrativo"}]},{"@type":"WebSite","@id":"https:\/\/www.padreeustaquio.com.br\/#website","url":"https:\/\/www.padreeustaquio.com.br\/","name":"Padre Eustace","description":"Salud y Paz","publisher":{"@id":"https:\/\/www.padreeustaquio.com.br\/#organization"},"potentialAction":[{"@type":"SearchAction","target":{"@type":"EntryPoint","urlTemplate":"https:\/\/www.padreeustaquio.com.br\/?s={search_term_string}"},"query-input":{"@type":"PropertyValueSpecification","valueRequired":true,"valueName":"search_term_string"}}],"inLanguage":"es"},{"@type":"Organization","@id":"https:\/\/www.padreeustaquio.com.br\/#organization","name":"Padre Eustace","url":"https:\/\/www.padreeustaquio.com.br\/","logo":{"@type":"ImageObject","inLanguage":"es","@id":"https:\/\/www.padreeustaquio.com.br\/#\/schema\/logo\/image\/","url":"https:\/\/www.padreeustaquio.com.br\/wp-content\/uploads\/2019\/08\/marca.png","contentUrl":"https:\/\/www.padreeustaquio.com.br\/wp-content\/uploads\/2019\/08\/marca.png","width":350,"height":400,"caption":"Padre Eust\u00e1quio"},"image":{"@id":"https:\/\/www.padreeustaquio.com.br\/#\/schema\/logo\/image\/"},"sameAs":["https:\/\/www.facebook.com\/beatopadreeustaquio\/","https:\/\/x.com\/beatopeustaquio","https:\/\/www.instagram.com\/beatopadreeustaquio\/","https:\/\/www.youtube.com\/channel\/UCRhw7vfabnajwLxb1ZXMeIw"]},{"@type":"Person","@id":"https:\/\/www.padreeustaquio.com.br\/#\/schema\/person\/a2a51db1d00f1a7af0204a0f1ddb1566","name":"@sscc","image":{"@type":"ImageObject","inLanguage":"es","@id":"https:\/\/secure.gravatar.com\/avatar\/68cfafa5f44617fea54071e215026e0ff06be366c3d54a8425f04fdcb86f8c5f?s=96&d=mm&r=g","url":"https:\/\/secure.gravatar.com\/avatar\/68cfafa5f44617fea54071e215026e0ff06be366c3d54a8425f04fdcb86f8c5f?s=96&d=mm&r=g","contentUrl":"https:\/\/secure.gravatar.com\/avatar\/68cfafa5f44617fea54071e215026e0ff06be366c3d54a8425f04fdcb86f8c5f?s=96&d=mm&r=g","caption":"@sscc"},"url":"https:\/\/www.padreeustaquio.com.br\/es\/author\/sscc\/"}]}},"_links":{"self":[{"href":"https:\/\/www.padreeustaquio.com.br\/es\/wp-json\/wp\/v2\/posts\/7775","targetHints":{"allow":["GET"]}}],"collection":[{"href":"https:\/\/www.padreeustaquio.com.br\/es\/wp-json\/wp\/v2\/posts"}],"about":[{"href":"https:\/\/www.padreeustaquio.com.br\/es\/wp-json\/wp\/v2\/types\/post"}],"author":[{"embeddable":true,"href":"https:\/\/www.padreeustaquio.com.br\/es\/wp-json\/wp\/v2\/users\/2"}],"replies":[{"embeddable":true,"href":"https:\/\/www.padreeustaquio.com.br\/es\/wp-json\/wp\/v2\/comments?post=7775"}],"version-history":[{"count":0,"href":"https:\/\/www.padreeustaquio.com.br\/es\/wp-json\/wp\/v2\/posts\/7775\/revisions"}],"wp:featuredmedia":[{"embeddable":true,"href":"https:\/\/www.padreeustaquio.com.br\/es\/wp-json\/wp\/v2\/media\/7776"}],"wp:attachment":[{"href":"https:\/\/www.padreeustaquio.com.br\/es\/wp-json\/wp\/v2\/media?parent=7775"}],"wp:term":[{"taxonomy":"category","embeddable":true,"href":"https:\/\/www.padreeustaquio.com.br\/es\/wp-json\/wp\/v2\/categories?post=7775"},{"taxonomy":"post_tag","embeddable":true,"href":"https:\/\/www.padreeustaquio.com.br\/es\/wp-json\/wp\/v2\/tags?post=7775"}],"curies":[{"name":"wp","href":"https:\/\/api.w.org\/{rel}","templated":true}]}}