{"id":7767,"date":"2021-12-23T06:50:00","date_gmt":"2021-12-23T09:50:00","guid":{"rendered":"https:\/\/www.padreeustaquio.com.br\/?p=7767"},"modified":"2021-12-21T10:03:48","modified_gmt":"2021-12-21T13:03:48","slug":"escritos-del-padre-eustaquio-jesus-se-hizo-hijo-de-los-hombres","status":"publish","type":"post","link":"https:\/\/www.padreeustaquio.com.br\/es\/escritos-del-padre-eustaquio-jesus-se-hizo-hijo-de-los-hombres\/","title":{"rendered":"Escritos del Padre Eust\u00e1quio: Jes\u00fas se hizo Hijo de los Hombres"},"content":{"rendered":"<p>Se acerca la Navidad, \u00e9poca en la que recordamos el nacimiento de nuestro Salvador. Para los cat\u00f3licos, celebrar esta fecha tiene un significado muy importante: celebrar el milagro del nacimiento de Jesucristo y la esperanza del pueblo en Dios.<\/p>\n\n\n\n<p>El Padre Eust\u00e1quio escribi\u00f3 extensamente sobre esta fecha. Sus textos contienen valiosas ense\u00f1anzas sobre c\u00f3mo vivir la Navidad. Reflexionemos juntos sobre uno de estos textos:<\/p>\n\n\n\n<p><em>\u201cJesucristo se hizo Hijo del Hombre, descendi\u00f3 a esta tierra en esta noche de Navidad. Y pronto llegaron los \u00e1ngeles del cielo, precursores del gran Rey, para anunciar su llegada en los campos de Bel\u00e9n, un anuncio que se har\u00eda a todo el pueblo: un ni\u00f1o envuelto en pa\u00f1ales y acostado en un pesebre.<\/em><\/p>\n\n\n\n<p><em>Y entonces los \u00e1ngeles cantaron: \u00abGloria a Dios en las alturas, y en la tierra paz a los hombres de buena voluntad\u00bb. Vayamos a Bel\u00e9n, pero vayamos todos como hermanos, sin rencor, sin odio, sin malos deseos en nuestros corazones; tambi\u00e9n nosotros visitaremos al ni\u00f1o Jes\u00fas. Vayamos a Bel\u00e9n, pero vayamos con un coraz\u00f3n humilde, con un coraz\u00f3n agradecido por la redenci\u00f3n que nos lleg\u00f3 de tan alto, de tan lejos. Vayamos tambi\u00e9n a Bel\u00e9n, no a ense\u00f1ar, sino a aprender de ese ni\u00f1o recostado en la paja del pesebre.<\/em><\/p>\n\n\n\n<p><em>Lo que vemos es tal como lo predijeron los \u00e1ngeles: un ni\u00f1o envuelto en pa\u00f1ales, acostado en un pesebre. \u00a1Oh, qu\u00e9 ni\u00f1o! \u00a1Qu\u00e9 ni\u00f1o! Nacido en tan gran miseria, sin casa donde vivir, sin cama donde acostarse, solo harapos para calentarse. Decidme, hermanos m\u00edos, si los \u00e1ngeles no nos hubieran cantado, \u00bfqui\u00e9n creer\u00eda que en ese pobre ni\u00f1o estaba el ni\u00f1o Jes\u00fas, el gran Dios, el Rey de reyes? Mirad al peque\u00f1o, nacido en la paja entre animales, sin palabras, con sus tiernos y fr\u00e1giles miembros, temblando de fr\u00edo...<\/em><\/p>\n\n\n\n<p><em>\u00a1Qu\u00e9 maravilla! Lleg\u00f3 a condenarse voluntariamente, por amor, a esta imposibilidad f\u00edsica, pidi\u00e9ndole todo a su madre con el \u00fanico lenguaje de los ni\u00f1os peque\u00f1os: las l\u00e1grimas. M\u00edrenlo tan encantador en los brazos de su Madre, su boquita chupando de sus pechos virginales la sangre que un d\u00eda derramar\u00e1 por todos nosotros.<\/em>\u201c<\/p>\n\n\n\n<p><\/p>\n\n\n\n<p>Texto tomado de uno de los cuadernos del Beato Padre Eustaquio, catalogado por el equipo de restauraci\u00f3n, pero sin fecha registrada.<\/p>\n\n\n\n<p><\/p>","protected":false},"excerpt":{"rendered":"<p>Aproxima-se o Natal do Nosso Senhor, data na qual lembramos o nascimento do nosso Salvador. Para n\u00f3s, cat\u00f3licos, comemorar esta data tem um significado muito importante: celebrar o milagre do nascimento de Jesus Cristo e a esperan\u00e7a do povo em Deus. Padre Eust\u00e1quio escreveu muito sobre esta data. Textos que trazem ensinamentos preciosos sobre a viv\u00eancia do Natal. Vamos refletir juntos um desses textos: &#8220;Jesus Cristo se fez filho dos homens, desceu nesta terra, nesta noite de natal. E logo vieram os anjos do c\u00e9u, os precursores do grande Rei, anunciar sua vinda nos campos de Bel\u00e9m, um an\u00fancio que [&hellip;]<\/p>\n","protected":false},"author":2,"featured_media":7768,"comment_status":"open","ping_status":"closed","sticky":false,"template":"","format":"standard","meta":{"_acf_changed":false,"footnotes":""},"categories":[611],"tags":[],"class_list":["post-7767","post","type-post","status-publish","format-standard","has-post-thumbnail","hentry","category-noticias"],"acf":[],"yoast_head":"<!-- This site is optimized with the Yoast SEO plugin v27.2 - https:\/\/yoast.com\/product\/yoast-seo-wordpress\/ -->\n<title>Escritos de Padre Eust\u00e1quio: Jesus se fez filho dos homens<\/title>\n<meta name=\"description\" content=\"Padre Eust\u00e1quio escreveu muito sobre esta data. Textos que trazem ensinamentos preciosos sobre a viv\u00eancia do Natal. Vamos refletir juntos um desses textos.\" \/>\n<meta name=\"robots\" content=\"index, follow, max-snippet:-1, max-image-preview:large, max-video-preview:-1\" \/>\n<link rel=\"canonical\" href=\"https:\/\/www.padreeustaquio.com.br\/es\/escritos-del-padre-eustaquio-jesus-se-hizo-hijo-de-los-hombres\/\" \/>\n<meta property=\"og:locale\" content=\"es_ES\" \/>\n<meta property=\"og:type\" content=\"article\" \/>\n<meta property=\"og:title\" content=\"Escritos de Padre Eust\u00e1quio: Jesus se fez filho dos homens\" \/>\n<meta property=\"og:description\" content=\"Padre Eust\u00e1quio escreveu muito sobre esta data. Textos que trazem ensinamentos preciosos sobre a viv\u00eancia do Natal. Vamos refletir juntos um desses textos.\" \/>\n<meta property=\"og:url\" content=\"https:\/\/www.padreeustaquio.com.br\/es\/escritos-del-padre-eustaquio-jesus-se-hizo-hijo-de-los-hombres\/\" \/>\n<meta property=\"og:site_name\" content=\"Padre Eust\u00e1quio\" \/>\n<meta property=\"article:publisher\" content=\"https:\/\/www.facebook.com\/beatopadreeustaquio\/\" \/>\n<meta property=\"article:published_time\" content=\"2021-12-23T09:50:00+00:00\" \/>\n<meta property=\"og:image\" content=\"https:\/\/www.padreeustaquio.com.br\/wp-content\/uploads\/2021\/12\/02-1-scaled.jpg\" \/>\n\t<meta property=\"og:image:width\" content=\"2560\" \/>\n\t<meta property=\"og:image:height\" content=\"1720\" \/>\n\t<meta property=\"og:image:type\" content=\"image\/jpeg\" \/>\n<meta name=\"author\" content=\"@sscc\" \/>\n<meta name=\"twitter:card\" content=\"summary_large_image\" \/>\n<meta name=\"twitter:creator\" content=\"@beatopeustaquio\" \/>\n<meta name=\"twitter:site\" content=\"@beatopeustaquio\" \/>\n<meta name=\"twitter:label1\" content=\"Escrito por\" \/>\n\t<meta name=\"twitter:data1\" content=\"@sscc\" \/>\n\t<meta name=\"twitter:label2\" content=\"Tiempo de lectura\" \/>\n\t<meta name=\"twitter:data2\" content=\"2 minutos\" \/>\n<script type=\"application\/ld+json\" class=\"yoast-schema-graph\">{\"@context\":\"https:\/\/schema.org\",\"@graph\":[{\"@type\":\"Article\",\"@id\":\"https:\/\/www.padreeustaquio.com.br\/escritos-de-padre-eustaquio-jesus-se-fez-filho-dos-homens\/#article\",\"isPartOf\":{\"@id\":\"https:\/\/www.padreeustaquio.com.br\/escritos-de-padre-eustaquio-jesus-se-fez-filho-dos-homens\/\"},\"author\":{\"name\":\"@sscc\",\"@id\":\"https:\/\/www.padreeustaquio.com.br\/#\/schema\/person\/a2a51db1d00f1a7af0204a0f1ddb1566\"},\"headline\":\"Escritos de Padre Eust\u00e1quio: Jesus se fez filho dos homens\",\"datePublished\":\"2021-12-23T09:50:00+00:00\",\"mainEntityOfPage\":{\"@id\":\"https:\/\/www.padreeustaquio.com.br\/escritos-de-padre-eustaquio-jesus-se-fez-filho-dos-homens\/\"},\"wordCount\":419,\"commentCount\":0,\"publisher\":{\"@id\":\"https:\/\/www.padreeustaquio.com.br\/#organization\"},\"image\":{\"@id\":\"https:\/\/www.padreeustaquio.com.br\/escritos-de-padre-eustaquio-jesus-se-fez-filho-dos-homens\/#primaryimage\"},\"thumbnailUrl\":\"https:\/\/www.padreeustaquio.com.br\/wp-content\/uploads\/2021\/12\/02-1-scaled.jpg\",\"articleSection\":[\"Not\u00edcias\"],\"inLanguage\":\"es\",\"potentialAction\":[{\"@type\":\"CommentAction\",\"name\":\"Comment\",\"target\":[\"https:\/\/www.padreeustaquio.com.br\/escritos-de-padre-eustaquio-jesus-se-fez-filho-dos-homens\/#respond\"]}]},{\"@type\":\"WebPage\",\"@id\":\"https:\/\/www.padreeustaquio.com.br\/escritos-de-padre-eustaquio-jesus-se-fez-filho-dos-homens\/\",\"url\":\"https:\/\/www.padreeustaquio.com.br\/escritos-de-padre-eustaquio-jesus-se-fez-filho-dos-homens\/\",\"name\":\"Escritos de Padre Eust\u00e1quio: Jesus se fez filho dos homens\",\"isPartOf\":{\"@id\":\"https:\/\/www.padreeustaquio.com.br\/#website\"},\"primaryImageOfPage\":{\"@id\":\"https:\/\/www.padreeustaquio.com.br\/escritos-de-padre-eustaquio-jesus-se-fez-filho-dos-homens\/#primaryimage\"},\"image\":{\"@id\":\"https:\/\/www.padreeustaquio.com.br\/escritos-de-padre-eustaquio-jesus-se-fez-filho-dos-homens\/#primaryimage\"},\"thumbnailUrl\":\"https:\/\/www.padreeustaquio.com.br\/wp-content\/uploads\/2021\/12\/02-1-scaled.jpg\",\"datePublished\":\"2021-12-23T09:50:00+00:00\",\"description\":\"Padre Eust\u00e1quio escreveu muito sobre esta data. Textos que trazem ensinamentos preciosos sobre a viv\u00eancia do Natal. Vamos refletir juntos um desses textos.\",\"breadcrumb\":{\"@id\":\"https:\/\/www.padreeustaquio.com.br\/escritos-de-padre-eustaquio-jesus-se-fez-filho-dos-homens\/#breadcrumb\"},\"inLanguage\":\"es\",\"potentialAction\":[{\"@type\":\"ReadAction\",\"target\":[\"https:\/\/www.padreeustaquio.com.br\/escritos-de-padre-eustaquio-jesus-se-fez-filho-dos-homens\/\"]}]},{\"@type\":\"ImageObject\",\"inLanguage\":\"es\",\"@id\":\"https:\/\/www.padreeustaquio.com.br\/escritos-de-padre-eustaquio-jesus-se-fez-filho-dos-homens\/#primaryimage\",\"url\":\"https:\/\/www.padreeustaquio.com.br\/wp-content\/uploads\/2021\/12\/02-1-scaled.jpg\",\"contentUrl\":\"https:\/\/www.padreeustaquio.com.br\/wp-content\/uploads\/2021\/12\/02-1-scaled.jpg\",\"width\":2560,\"height\":1720},{\"@type\":\"BreadcrumbList\",\"@id\":\"https:\/\/www.padreeustaquio.com.br\/escritos-de-padre-eustaquio-jesus-se-fez-filho-dos-homens\/#breadcrumb\",\"itemListElement\":[{\"@type\":\"ListItem\",\"position\":1,\"name\":\"In\u00edcio\",\"item\":\"https:\/\/www.padreeustaquio.com.br\/\"},{\"@type\":\"ListItem\",\"position\":2,\"name\":\"Escritos de Padre Eust\u00e1quio: Jesus se fez filho dos homens\"}]},{\"@type\":\"WebSite\",\"@id\":\"https:\/\/www.padreeustaquio.com.br\/#website\",\"url\":\"https:\/\/www.padreeustaquio.com.br\/\",\"name\":\"Padre Eust\u00e1quio\",\"description\":\"Sa\u00fade e Paz\",\"publisher\":{\"@id\":\"https:\/\/www.padreeustaquio.com.br\/#organization\"},\"potentialAction\":[{\"@type\":\"SearchAction\",\"target\":{\"@type\":\"EntryPoint\",\"urlTemplate\":\"https:\/\/www.padreeustaquio.com.br\/?s={search_term_string}\"},\"query-input\":{\"@type\":\"PropertyValueSpecification\",\"valueRequired\":true,\"valueName\":\"search_term_string\"}}],\"inLanguage\":\"es\"},{\"@type\":\"Organization\",\"@id\":\"https:\/\/www.padreeustaquio.com.br\/#organization\",\"name\":\"Padre Eust\u00e1quio\",\"url\":\"https:\/\/www.padreeustaquio.com.br\/\",\"logo\":{\"@type\":\"ImageObject\",\"inLanguage\":\"es\",\"@id\":\"https:\/\/www.padreeustaquio.com.br\/#\/schema\/logo\/image\/\",\"url\":\"https:\/\/www.padreeustaquio.com.br\/wp-content\/uploads\/2019\/08\/marca.png\",\"contentUrl\":\"https:\/\/www.padreeustaquio.com.br\/wp-content\/uploads\/2019\/08\/marca.png\",\"width\":350,\"height\":400,\"caption\":\"Padre Eust\u00e1quio\"},\"image\":{\"@id\":\"https:\/\/www.padreeustaquio.com.br\/#\/schema\/logo\/image\/\"},\"sameAs\":[\"https:\/\/www.facebook.com\/beatopadreeustaquio\/\",\"https:\/\/x.com\/beatopeustaquio\",\"https:\/\/www.instagram.com\/beatopadreeustaquio\/\",\"https:\/\/www.youtube.com\/channel\/UCRhw7vfabnajwLxb1ZXMeIw\"]},{\"@type\":\"Person\",\"@id\":\"https:\/\/www.padreeustaquio.com.br\/#\/schema\/person\/a2a51db1d00f1a7af0204a0f1ddb1566\",\"name\":\"@sscc\",\"image\":{\"@type\":\"ImageObject\",\"inLanguage\":\"es\",\"@id\":\"https:\/\/secure.gravatar.com\/avatar\/68cfafa5f44617fea54071e215026e0ff06be366c3d54a8425f04fdcb86f8c5f?s=96&d=mm&r=g\",\"url\":\"https:\/\/secure.gravatar.com\/avatar\/68cfafa5f44617fea54071e215026e0ff06be366c3d54a8425f04fdcb86f8c5f?s=96&d=mm&r=g\",\"contentUrl\":\"https:\/\/secure.gravatar.com\/avatar\/68cfafa5f44617fea54071e215026e0ff06be366c3d54a8425f04fdcb86f8c5f?s=96&d=mm&r=g\",\"caption\":\"@sscc\"},\"url\":\"https:\/\/www.padreeustaquio.com.br\/es\/author\/sscc\/\"}]}<\/script>\n<!-- \/ Yoast SEO plugin. -->","yoast_head_json":{"title":"Escritos del Padre Eust\u00e1quio: Jes\u00fas se hizo Hijo de los Hombres","description":"El Padre Eust\u00e1quio escribi\u00f3 extensamente sobre esta fecha. Sus textos contienen valiosas ense\u00f1anzas sobre c\u00f3mo vivir la Navidad. Reflexionemos juntos sobre uno de estos textos.","robots":{"index":"index","follow":"follow","max-snippet":"max-snippet:-1","max-image-preview":"max-image-preview:large","max-video-preview":"max-video-preview:-1"},"canonical":"https:\/\/www.padreeustaquio.com.br\/es\/escritos-del-padre-eustaquio-jesus-se-hizo-hijo-de-los-hombres\/","og_locale":"es_ES","og_type":"article","og_title":"Escritos de Padre Eust\u00e1quio: Jesus se fez filho dos homens","og_description":"Padre Eust\u00e1quio escreveu muito sobre esta data. Textos que trazem ensinamentos preciosos sobre a viv\u00eancia do Natal. Vamos refletir juntos um desses textos.","og_url":"https:\/\/www.padreeustaquio.com.br\/es\/escritos-del-padre-eustaquio-jesus-se-hizo-hijo-de-los-hombres\/","og_site_name":"Padre Eust\u00e1quio","article_publisher":"https:\/\/www.facebook.com\/beatopadreeustaquio\/","article_published_time":"2021-12-23T09:50:00+00:00","og_image":[{"width":2560,"height":1720,"url":"https:\/\/www.padreeustaquio.com.br\/wp-content\/uploads\/2021\/12\/02-1-scaled.jpg","type":"image\/jpeg"}],"author":"@sscc","twitter_card":"summary_large_image","twitter_creator":"@beatopeustaquio","twitter_site":"@beatopeustaquio","twitter_misc":{"Escrito por":"@sscc","Tiempo de lectura":"2 minutos"},"schema":{"@context":"https:\/\/schema.org","@graph":[{"@type":"Article","@id":"https:\/\/www.padreeustaquio.com.br\/escritos-de-padre-eustaquio-jesus-se-fez-filho-dos-homens\/#article","isPartOf":{"@id":"https:\/\/www.padreeustaquio.com.br\/escritos-de-padre-eustaquio-jesus-se-fez-filho-dos-homens\/"},"author":{"name":"@sscc","@id":"https:\/\/www.padreeustaquio.com.br\/#\/schema\/person\/a2a51db1d00f1a7af0204a0f1ddb1566"},"headline":"Escritos de Padre Eust\u00e1quio: Jesus se fez filho dos homens","datePublished":"2021-12-23T09:50:00+00:00","mainEntityOfPage":{"@id":"https:\/\/www.padreeustaquio.com.br\/escritos-de-padre-eustaquio-jesus-se-fez-filho-dos-homens\/"},"wordCount":419,"commentCount":0,"publisher":{"@id":"https:\/\/www.padreeustaquio.com.br\/#organization"},"image":{"@id":"https:\/\/www.padreeustaquio.com.br\/escritos-de-padre-eustaquio-jesus-se-fez-filho-dos-homens\/#primaryimage"},"thumbnailUrl":"https:\/\/www.padreeustaquio.com.br\/wp-content\/uploads\/2021\/12\/02-1-scaled.jpg","articleSection":["Not\u00edcias"],"inLanguage":"es","potentialAction":[{"@type":"CommentAction","name":"Comment","target":["https:\/\/www.padreeustaquio.com.br\/escritos-de-padre-eustaquio-jesus-se-fez-filho-dos-homens\/#respond"]}]},{"@type":"WebPage","@id":"https:\/\/www.padreeustaquio.com.br\/escritos-de-padre-eustaquio-jesus-se-fez-filho-dos-homens\/","url":"https:\/\/www.padreeustaquio.com.br\/escritos-de-padre-eustaquio-jesus-se-fez-filho-dos-homens\/","name":"Escritos del Padre Eust\u00e1quio: Jes\u00fas se hizo Hijo de los Hombres","isPartOf":{"@id":"https:\/\/www.padreeustaquio.com.br\/#website"},"primaryImageOfPage":{"@id":"https:\/\/www.padreeustaquio.com.br\/escritos-de-padre-eustaquio-jesus-se-fez-filho-dos-homens\/#primaryimage"},"image":{"@id":"https:\/\/www.padreeustaquio.com.br\/escritos-de-padre-eustaquio-jesus-se-fez-filho-dos-homens\/#primaryimage"},"thumbnailUrl":"https:\/\/www.padreeustaquio.com.br\/wp-content\/uploads\/2021\/12\/02-1-scaled.jpg","datePublished":"2021-12-23T09:50:00+00:00","description":"El Padre Eust\u00e1quio escribi\u00f3 extensamente sobre esta fecha. Sus textos contienen valiosas ense\u00f1anzas sobre c\u00f3mo vivir la Navidad. Reflexionemos juntos sobre uno de estos textos.","breadcrumb":{"@id":"https:\/\/www.padreeustaquio.com.br\/escritos-de-padre-eustaquio-jesus-se-fez-filho-dos-homens\/#breadcrumb"},"inLanguage":"es","potentialAction":[{"@type":"ReadAction","target":["https:\/\/www.padreeustaquio.com.br\/escritos-de-padre-eustaquio-jesus-se-fez-filho-dos-homens\/"]}]},{"@type":"ImageObject","inLanguage":"es","@id":"https:\/\/www.padreeustaquio.com.br\/escritos-de-padre-eustaquio-jesus-se-fez-filho-dos-homens\/#primaryimage","url":"https:\/\/www.padreeustaquio.com.br\/wp-content\/uploads\/2021\/12\/02-1-scaled.jpg","contentUrl":"https:\/\/www.padreeustaquio.com.br\/wp-content\/uploads\/2021\/12\/02-1-scaled.jpg","width":2560,"height":1720},{"@type":"BreadcrumbList","@id":"https:\/\/www.padreeustaquio.com.br\/escritos-de-padre-eustaquio-jesus-se-fez-filho-dos-homens\/#breadcrumb","itemListElement":[{"@type":"ListItem","position":1,"name":"In\u00edcio","item":"https:\/\/www.padreeustaquio.com.br\/"},{"@type":"ListItem","position":2,"name":"Escritos de Padre Eust\u00e1quio: Jesus se fez filho dos homens"}]},{"@type":"WebSite","@id":"https:\/\/www.padreeustaquio.com.br\/#website","url":"https:\/\/www.padreeustaquio.com.br\/","name":"Padre Eustace","description":"Salud y Paz","publisher":{"@id":"https:\/\/www.padreeustaquio.com.br\/#organization"},"potentialAction":[{"@type":"SearchAction","target":{"@type":"EntryPoint","urlTemplate":"https:\/\/www.padreeustaquio.com.br\/?s={search_term_string}"},"query-input":{"@type":"PropertyValueSpecification","valueRequired":true,"valueName":"search_term_string"}}],"inLanguage":"es"},{"@type":"Organization","@id":"https:\/\/www.padreeustaquio.com.br\/#organization","name":"Padre Eustace","url":"https:\/\/www.padreeustaquio.com.br\/","logo":{"@type":"ImageObject","inLanguage":"es","@id":"https:\/\/www.padreeustaquio.com.br\/#\/schema\/logo\/image\/","url":"https:\/\/www.padreeustaquio.com.br\/wp-content\/uploads\/2019\/08\/marca.png","contentUrl":"https:\/\/www.padreeustaquio.com.br\/wp-content\/uploads\/2019\/08\/marca.png","width":350,"height":400,"caption":"Padre Eust\u00e1quio"},"image":{"@id":"https:\/\/www.padreeustaquio.com.br\/#\/schema\/logo\/image\/"},"sameAs":["https:\/\/www.facebook.com\/beatopadreeustaquio\/","https:\/\/x.com\/beatopeustaquio","https:\/\/www.instagram.com\/beatopadreeustaquio\/","https:\/\/www.youtube.com\/channel\/UCRhw7vfabnajwLxb1ZXMeIw"]},{"@type":"Person","@id":"https:\/\/www.padreeustaquio.com.br\/#\/schema\/person\/a2a51db1d00f1a7af0204a0f1ddb1566","name":"@sscc","image":{"@type":"ImageObject","inLanguage":"es","@id":"https:\/\/secure.gravatar.com\/avatar\/68cfafa5f44617fea54071e215026e0ff06be366c3d54a8425f04fdcb86f8c5f?s=96&d=mm&r=g","url":"https:\/\/secure.gravatar.com\/avatar\/68cfafa5f44617fea54071e215026e0ff06be366c3d54a8425f04fdcb86f8c5f?s=96&d=mm&r=g","contentUrl":"https:\/\/secure.gravatar.com\/avatar\/68cfafa5f44617fea54071e215026e0ff06be366c3d54a8425f04fdcb86f8c5f?s=96&d=mm&r=g","caption":"@sscc"},"url":"https:\/\/www.padreeustaquio.com.br\/es\/author\/sscc\/"}]}},"_links":{"self":[{"href":"https:\/\/www.padreeustaquio.com.br\/es\/wp-json\/wp\/v2\/posts\/7767","targetHints":{"allow":["GET"]}}],"collection":[{"href":"https:\/\/www.padreeustaquio.com.br\/es\/wp-json\/wp\/v2\/posts"}],"about":[{"href":"https:\/\/www.padreeustaquio.com.br\/es\/wp-json\/wp\/v2\/types\/post"}],"author":[{"embeddable":true,"href":"https:\/\/www.padreeustaquio.com.br\/es\/wp-json\/wp\/v2\/users\/2"}],"replies":[{"embeddable":true,"href":"https:\/\/www.padreeustaquio.com.br\/es\/wp-json\/wp\/v2\/comments?post=7767"}],"version-history":[{"count":0,"href":"https:\/\/www.padreeustaquio.com.br\/es\/wp-json\/wp\/v2\/posts\/7767\/revisions"}],"wp:featuredmedia":[{"embeddable":true,"href":"https:\/\/www.padreeustaquio.com.br\/es\/wp-json\/wp\/v2\/media\/7768"}],"wp:attachment":[{"href":"https:\/\/www.padreeustaquio.com.br\/es\/wp-json\/wp\/v2\/media?parent=7767"}],"wp:term":[{"taxonomy":"category","embeddable":true,"href":"https:\/\/www.padreeustaquio.com.br\/es\/wp-json\/wp\/v2\/categories?post=7767"},{"taxonomy":"post_tag","embeddable":true,"href":"https:\/\/www.padreeustaquio.com.br\/es\/wp-json\/wp\/v2\/tags?post=7767"}],"curies":[{"name":"wp","href":"https:\/\/api.w.org\/{rel}","templated":true}]}}