{"id":7765,"date":"2021-12-22T06:45:00","date_gmt":"2021-12-22T09:45:00","guid":{"rendered":"https:\/\/www.padreeustaquio.com.br\/?p=7765"},"modified":"2021-12-22T13:49:41","modified_gmt":"2021-12-22T16:49:41","slug":"concierto-de-navidad-celebrado-en-el-santuario-de-salud-y-paz","status":"publish","type":"post","link":"https:\/\/www.padreeustaquio.com.br\/es\/concierto-de-navidad-celebrado-en-el-santuario-de-salud-y-paz\/","title":{"rendered":"La Orquesta Sinf\u00f3nica de la Polic\u00eda Militar emociona al p\u00fablico del Santuario de Salud y Paz."},"content":{"rendered":"<p>Miembros del Centro de Actividades Musicales de la Polic\u00eda Militar de Minas Gerais se presentaron este martes en el Santuario de Salud y Paz, la Iglesia del Beato Padre Eust\u00e1quio. En un ambiente navide\u00f1o, 37 oficiales, incluyendo un director de orquesta, instrumentistas y cantantes, todos de la Polic\u00eda Militar de Minas Gerais, presentaron m\u00fasica cl\u00e1sica y villancicos.<\/p>\n\n\n\n<p>Los m\u00fasicos fueron recibidos por el rector del Santuario, Padre Vin\u00edcius Maciel, SSCC. Inmediatamente despu\u00e9s, el Maestro de Ceremonias de la Polic\u00eda Militar, soldado Guilherme Henrique, present\u00f3 al director, Subteniente Marco Aur\u00e9lio, quien dio inicio a la actuaci\u00f3n musical. Entre las interpretaciones se destacaron jazz, valses, samba y villancicos, como &quot;Pinheirinho de Natal&quot; (Arbolito de Navidad), que abri\u00f3 el espect\u00e1culo. Los m\u00fasicos tambi\u00e9n interpretaron &quot;A um anjo proclamou&quot; (A un \u00e1ngel proclam\u00f3), &quot;Gl\u00f3ria a Deus nas alturas&quot; (Gloria a Dios en las alturas), &quot;Hallelujah&quot;, &quot;Jingle Bells&quot; en ritmo de jazz y &quot;Noite Feliz&quot; (Noche de paz) en ritmo de samba.<\/p>\n\n\n\n<p>La presentaci\u00f3n fue vista en vivo por muchos fieles y feligreses, tanto en el Santuario como en l\u00ednea, siguiendo la transmisi\u00f3n v\u00eda... <a href=\"https:\/\/youtu.be\/4kzaPY9I6HY\" target=\"_blank\" rel=\"noreferrer noopener\">Canal YouTube Padre Eust\u00e1quio, MIRA AQU\u00cd<\/a>.<\/p>\n\n\n\n<p>La colaboraci\u00f3n entre la Congregaci\u00f3n de los Sagrados Corazones y la Polic\u00eda Militar de Minas Gerais es de larga data, pero las presentaciones no se realizaron el a\u00f1o pasado debido a la pandemia. La \u00faltima presentaci\u00f3n de la Banda de la Polic\u00eda Militar en el Santuario tuvo lugar el 6 de diciembre de 2019 y conmovi\u00f3 a los cientos de personas que asistieron a la iglesia el d\u00eda del concierto.<\/p>","protected":false},"excerpt":{"rendered":"<p>Integrantes do Centro de Atividades Musicais da Pol\u00edcia Militar de Minas Gerais se apresentaram nessa ter\u00e7a-feira, no Santu\u00e1rio Sa\u00fade e Paz, a Igreja do Beato Padre Eust\u00e1quio. Em clima natalino, 37 oficiais entre maestro, instrumentistas e cantores, todos da Pol\u00edcia Militar de Minas Gerais, apresentaram m\u00fasicas cl\u00e1ssicas e can\u00e7\u00f5es de Natal. Os m\u00fasicos foram recepcionados pelo reitor do Santu\u00e1rio, Padre Vin\u00edcius Maciel, SSCC. Logo em seguida, o Mestre de Cerim\u00f4nias da PM, o soldado Guilherme Henrique, apresentou o maestro, Subtenente Marco Aur\u00e9lio, que deu in\u00edcio ao musical. Entre as apresenta\u00e7\u00f5es, can\u00e7\u00f5es de jazz, valsa, samba e m\u00fasicas natalinas, como Pinheirinho [&hellip;]<\/p>\n","protected":false},"author":2,"featured_media":7787,"comment_status":"open","ping_status":"closed","sticky":false,"template":"","format":"standard","meta":{"_acf_changed":false,"footnotes":""},"categories":[611],"tags":[],"class_list":["post-7765","post","type-post","status-publish","format-standard","has-post-thumbnail","hentry","category-noticias"],"acf":[],"yoast_head":"<!-- This site is optimized with the Yoast SEO plugin v27.2 - https:\/\/yoast.com\/product\/yoast-seo-wordpress\/ -->\n<title>Orquestra Sinf\u00f4nica da PM emociona o p\u00fablico no Santu\u00e1rio da Sa\u00fade e Paz<\/title>\n<meta name=\"description\" content=\"Em clima natalino, 37 oficiais entre maestro, instrumentistas e cantores, todos da Pol\u00edcia Militar de Minas Gerais, apresentaram m\u00fasicas cl\u00e1ssicas e can\u00e7\u00f5es de Natal.\" \/>\n<meta name=\"robots\" content=\"index, follow, max-snippet:-1, max-image-preview:large, max-video-preview:-1\" \/>\n<link rel=\"canonical\" href=\"https:\/\/www.padreeustaquio.com.br\/es\/concierto-de-navidad-celebrado-en-el-santuario-de-salud-y-paz\/\" \/>\n<meta property=\"og:locale\" content=\"es_ES\" \/>\n<meta property=\"og:type\" content=\"article\" \/>\n<meta property=\"og:title\" content=\"Orquestra Sinf\u00f4nica da PM emociona o p\u00fablico no Santu\u00e1rio da Sa\u00fade e Paz\" \/>\n<meta property=\"og:description\" content=\"Em clima natalino, 37 oficiais entre maestro, instrumentistas e cantores, todos da Pol\u00edcia Militar de Minas Gerais, apresentaram m\u00fasicas cl\u00e1ssicas e can\u00e7\u00f5es de Natal.\" \/>\n<meta property=\"og:url\" content=\"https:\/\/www.padreeustaquio.com.br\/es\/concierto-de-navidad-celebrado-en-el-santuario-de-salud-y-paz\/\" \/>\n<meta property=\"og:site_name\" content=\"Padre Eust\u00e1quio\" \/>\n<meta property=\"article:publisher\" content=\"https:\/\/www.facebook.com\/beatopadreeustaquio\/\" \/>\n<meta property=\"article:published_time\" content=\"2021-12-22T09:45:00+00:00\" \/>\n<meta property=\"article:modified_time\" content=\"2021-12-22T16:49:41+00:00\" \/>\n<meta property=\"og:image\" content=\"https:\/\/www.padreeustaquio.com.br\/wp-content\/uploads\/2021\/12\/MG_4655-scaled.jpg\" \/>\n\t<meta property=\"og:image:width\" content=\"2560\" \/>\n\t<meta property=\"og:image:height\" content=\"1707\" \/>\n\t<meta property=\"og:image:type\" content=\"image\/jpeg\" \/>\n<meta name=\"author\" content=\"@sscc\" \/>\n<meta name=\"twitter:card\" content=\"summary_large_image\" \/>\n<meta name=\"twitter:creator\" content=\"@beatopeustaquio\" \/>\n<meta name=\"twitter:site\" content=\"@beatopeustaquio\" \/>\n<meta name=\"twitter:label1\" content=\"Escrito por\" \/>\n\t<meta name=\"twitter:data1\" content=\"@sscc\" \/>\n\t<meta name=\"twitter:label2\" content=\"Tiempo de lectura\" \/>\n\t<meta name=\"twitter:data2\" content=\"1 minuto\" \/>\n<script type=\"application\/ld+json\" class=\"yoast-schema-graph\">{\"@context\":\"https:\/\/schema.org\",\"@graph\":[{\"@type\":\"Article\",\"@id\":\"https:\/\/www.padreeustaquio.com.br\/concerto-de-natal-e-realizado-no-santuario-da-saude-e-paz\/#article\",\"isPartOf\":{\"@id\":\"https:\/\/www.padreeustaquio.com.br\/concerto-de-natal-e-realizado-no-santuario-da-saude-e-paz\/\"},\"author\":{\"name\":\"@sscc\",\"@id\":\"https:\/\/www.padreeustaquio.com.br\/#\/schema\/person\/a2a51db1d00f1a7af0204a0f1ddb1566\"},\"headline\":\"Orquestra Sinf\u00f4nica da PM emociona o p\u00fablico no Santu\u00e1rio da Sa\u00fade e Paz\",\"datePublished\":\"2021-12-22T09:45:00+00:00\",\"dateModified\":\"2021-12-22T16:49:41+00:00\",\"mainEntityOfPage\":{\"@id\":\"https:\/\/www.padreeustaquio.com.br\/concerto-de-natal-e-realizado-no-santuario-da-saude-e-paz\/\"},\"wordCount\":265,\"commentCount\":0,\"publisher\":{\"@id\":\"https:\/\/www.padreeustaquio.com.br\/#organization\"},\"image\":{\"@id\":\"https:\/\/www.padreeustaquio.com.br\/concerto-de-natal-e-realizado-no-santuario-da-saude-e-paz\/#primaryimage\"},\"thumbnailUrl\":\"https:\/\/www.padreeustaquio.com.br\/wp-content\/uploads\/2021\/12\/MG_4655-scaled.jpg\",\"articleSection\":[\"Not\u00edcias\"],\"inLanguage\":\"es\",\"potentialAction\":[{\"@type\":\"CommentAction\",\"name\":\"Comment\",\"target\":[\"https:\/\/www.padreeustaquio.com.br\/concerto-de-natal-e-realizado-no-santuario-da-saude-e-paz\/#respond\"]}]},{\"@type\":\"WebPage\",\"@id\":\"https:\/\/www.padreeustaquio.com.br\/concerto-de-natal-e-realizado-no-santuario-da-saude-e-paz\/\",\"url\":\"https:\/\/www.padreeustaquio.com.br\/concerto-de-natal-e-realizado-no-santuario-da-saude-e-paz\/\",\"name\":\"Orquestra Sinf\u00f4nica da PM emociona o p\u00fablico no Santu\u00e1rio da Sa\u00fade e Paz\",\"isPartOf\":{\"@id\":\"https:\/\/www.padreeustaquio.com.br\/#website\"},\"primaryImageOfPage\":{\"@id\":\"https:\/\/www.padreeustaquio.com.br\/concerto-de-natal-e-realizado-no-santuario-da-saude-e-paz\/#primaryimage\"},\"image\":{\"@id\":\"https:\/\/www.padreeustaquio.com.br\/concerto-de-natal-e-realizado-no-santuario-da-saude-e-paz\/#primaryimage\"},\"thumbnailUrl\":\"https:\/\/www.padreeustaquio.com.br\/wp-content\/uploads\/2021\/12\/MG_4655-scaled.jpg\",\"datePublished\":\"2021-12-22T09:45:00+00:00\",\"dateModified\":\"2021-12-22T16:49:41+00:00\",\"description\":\"Em clima natalino, 37 oficiais entre maestro, instrumentistas e cantores, todos da Pol\u00edcia Militar de Minas Gerais, apresentaram m\u00fasicas cl\u00e1ssicas e can\u00e7\u00f5es de Natal.\",\"breadcrumb\":{\"@id\":\"https:\/\/www.padreeustaquio.com.br\/concerto-de-natal-e-realizado-no-santuario-da-saude-e-paz\/#breadcrumb\"},\"inLanguage\":\"es\",\"potentialAction\":[{\"@type\":\"ReadAction\",\"target\":[\"https:\/\/www.padreeustaquio.com.br\/concerto-de-natal-e-realizado-no-santuario-da-saude-e-paz\/\"]}]},{\"@type\":\"ImageObject\",\"inLanguage\":\"es\",\"@id\":\"https:\/\/www.padreeustaquio.com.br\/concerto-de-natal-e-realizado-no-santuario-da-saude-e-paz\/#primaryimage\",\"url\":\"https:\/\/www.padreeustaquio.com.br\/wp-content\/uploads\/2021\/12\/MG_4655-scaled.jpg\",\"contentUrl\":\"https:\/\/www.padreeustaquio.com.br\/wp-content\/uploads\/2021\/12\/MG_4655-scaled.jpg\",\"width\":2560,\"height\":1707},{\"@type\":\"BreadcrumbList\",\"@id\":\"https:\/\/www.padreeustaquio.com.br\/concerto-de-natal-e-realizado-no-santuario-da-saude-e-paz\/#breadcrumb\",\"itemListElement\":[{\"@type\":\"ListItem\",\"position\":1,\"name\":\"In\u00edcio\",\"item\":\"https:\/\/www.padreeustaquio.com.br\/\"},{\"@type\":\"ListItem\",\"position\":2,\"name\":\"Orquestra Sinf\u00f4nica da PM emociona o p\u00fablico no Santu\u00e1rio da Sa\u00fade e Paz\"}]},{\"@type\":\"WebSite\",\"@id\":\"https:\/\/www.padreeustaquio.com.br\/#website\",\"url\":\"https:\/\/www.padreeustaquio.com.br\/\",\"name\":\"Padre Eust\u00e1quio\",\"description\":\"Sa\u00fade e Paz\",\"publisher\":{\"@id\":\"https:\/\/www.padreeustaquio.com.br\/#organization\"},\"potentialAction\":[{\"@type\":\"SearchAction\",\"target\":{\"@type\":\"EntryPoint\",\"urlTemplate\":\"https:\/\/www.padreeustaquio.com.br\/?s={search_term_string}\"},\"query-input\":{\"@type\":\"PropertyValueSpecification\",\"valueRequired\":true,\"valueName\":\"search_term_string\"}}],\"inLanguage\":\"es\"},{\"@type\":\"Organization\",\"@id\":\"https:\/\/www.padreeustaquio.com.br\/#organization\",\"name\":\"Padre Eust\u00e1quio\",\"url\":\"https:\/\/www.padreeustaquio.com.br\/\",\"logo\":{\"@type\":\"ImageObject\",\"inLanguage\":\"es\",\"@id\":\"https:\/\/www.padreeustaquio.com.br\/#\/schema\/logo\/image\/\",\"url\":\"https:\/\/www.padreeustaquio.com.br\/wp-content\/uploads\/2019\/08\/marca.png\",\"contentUrl\":\"https:\/\/www.padreeustaquio.com.br\/wp-content\/uploads\/2019\/08\/marca.png\",\"width\":350,\"height\":400,\"caption\":\"Padre Eust\u00e1quio\"},\"image\":{\"@id\":\"https:\/\/www.padreeustaquio.com.br\/#\/schema\/logo\/image\/\"},\"sameAs\":[\"https:\/\/www.facebook.com\/beatopadreeustaquio\/\",\"https:\/\/x.com\/beatopeustaquio\",\"https:\/\/www.instagram.com\/beatopadreeustaquio\/\",\"https:\/\/www.youtube.com\/channel\/UCRhw7vfabnajwLxb1ZXMeIw\"]},{\"@type\":\"Person\",\"@id\":\"https:\/\/www.padreeustaquio.com.br\/#\/schema\/person\/a2a51db1d00f1a7af0204a0f1ddb1566\",\"name\":\"@sscc\",\"image\":{\"@type\":\"ImageObject\",\"inLanguage\":\"es\",\"@id\":\"https:\/\/secure.gravatar.com\/avatar\/68cfafa5f44617fea54071e215026e0ff06be366c3d54a8425f04fdcb86f8c5f?s=96&d=mm&r=g\",\"url\":\"https:\/\/secure.gravatar.com\/avatar\/68cfafa5f44617fea54071e215026e0ff06be366c3d54a8425f04fdcb86f8c5f?s=96&d=mm&r=g\",\"contentUrl\":\"https:\/\/secure.gravatar.com\/avatar\/68cfafa5f44617fea54071e215026e0ff06be366c3d54a8425f04fdcb86f8c5f?s=96&d=mm&r=g\",\"caption\":\"@sscc\"},\"url\":\"https:\/\/www.padreeustaquio.com.br\/es\/author\/sscc\/\"}]}<\/script>\n<!-- \/ Yoast SEO plugin. -->","yoast_head_json":{"title":"La Orquesta Sinf\u00f3nica de la Polic\u00eda Militar emociona al p\u00fablico del Santuario de Salud y Paz.","description":"En un ambiente festivo navide\u00f1o, 37 agentes, entre ellos un director, instrumentistas y cantantes, todos de la Polic\u00eda Militar de Minas Gerais, presentaron m\u00fasica cl\u00e1sica y villancicos.","robots":{"index":"index","follow":"follow","max-snippet":"max-snippet:-1","max-image-preview":"max-image-preview:large","max-video-preview":"max-video-preview:-1"},"canonical":"https:\/\/www.padreeustaquio.com.br\/es\/concierto-de-navidad-celebrado-en-el-santuario-de-salud-y-paz\/","og_locale":"es_ES","og_type":"article","og_title":"Orquestra Sinf\u00f4nica da PM emociona o p\u00fablico no Santu\u00e1rio da Sa\u00fade e Paz","og_description":"Em clima natalino, 37 oficiais entre maestro, instrumentistas e cantores, todos da Pol\u00edcia Militar de Minas Gerais, apresentaram m\u00fasicas cl\u00e1ssicas e can\u00e7\u00f5es de Natal.","og_url":"https:\/\/www.padreeustaquio.com.br\/es\/concierto-de-navidad-celebrado-en-el-santuario-de-salud-y-paz\/","og_site_name":"Padre Eust\u00e1quio","article_publisher":"https:\/\/www.facebook.com\/beatopadreeustaquio\/","article_published_time":"2021-12-22T09:45:00+00:00","article_modified_time":"2021-12-22T16:49:41+00:00","og_image":[{"width":2560,"height":1707,"url":"https:\/\/www.padreeustaquio.com.br\/wp-content\/uploads\/2021\/12\/MG_4655-scaled.jpg","type":"image\/jpeg"}],"author":"@sscc","twitter_card":"summary_large_image","twitter_creator":"@beatopeustaquio","twitter_site":"@beatopeustaquio","twitter_misc":{"Escrito por":"@sscc","Tiempo de lectura":"1 minuto"},"schema":{"@context":"https:\/\/schema.org","@graph":[{"@type":"Article","@id":"https:\/\/www.padreeustaquio.com.br\/concerto-de-natal-e-realizado-no-santuario-da-saude-e-paz\/#article","isPartOf":{"@id":"https:\/\/www.padreeustaquio.com.br\/concerto-de-natal-e-realizado-no-santuario-da-saude-e-paz\/"},"author":{"name":"@sscc","@id":"https:\/\/www.padreeustaquio.com.br\/#\/schema\/person\/a2a51db1d00f1a7af0204a0f1ddb1566"},"headline":"Orquestra Sinf\u00f4nica da PM emociona o p\u00fablico no Santu\u00e1rio da Sa\u00fade e Paz","datePublished":"2021-12-22T09:45:00+00:00","dateModified":"2021-12-22T16:49:41+00:00","mainEntityOfPage":{"@id":"https:\/\/www.padreeustaquio.com.br\/concerto-de-natal-e-realizado-no-santuario-da-saude-e-paz\/"},"wordCount":265,"commentCount":0,"publisher":{"@id":"https:\/\/www.padreeustaquio.com.br\/#organization"},"image":{"@id":"https:\/\/www.padreeustaquio.com.br\/concerto-de-natal-e-realizado-no-santuario-da-saude-e-paz\/#primaryimage"},"thumbnailUrl":"https:\/\/www.padreeustaquio.com.br\/wp-content\/uploads\/2021\/12\/MG_4655-scaled.jpg","articleSection":["Not\u00edcias"],"inLanguage":"es","potentialAction":[{"@type":"CommentAction","name":"Comment","target":["https:\/\/www.padreeustaquio.com.br\/concerto-de-natal-e-realizado-no-santuario-da-saude-e-paz\/#respond"]}]},{"@type":"WebPage","@id":"https:\/\/www.padreeustaquio.com.br\/concerto-de-natal-e-realizado-no-santuario-da-saude-e-paz\/","url":"https:\/\/www.padreeustaquio.com.br\/concerto-de-natal-e-realizado-no-santuario-da-saude-e-paz\/","name":"La Orquesta Sinf\u00f3nica de la Polic\u00eda Militar emociona al p\u00fablico del Santuario de Salud y Paz.","isPartOf":{"@id":"https:\/\/www.padreeustaquio.com.br\/#website"},"primaryImageOfPage":{"@id":"https:\/\/www.padreeustaquio.com.br\/concerto-de-natal-e-realizado-no-santuario-da-saude-e-paz\/#primaryimage"},"image":{"@id":"https:\/\/www.padreeustaquio.com.br\/concerto-de-natal-e-realizado-no-santuario-da-saude-e-paz\/#primaryimage"},"thumbnailUrl":"https:\/\/www.padreeustaquio.com.br\/wp-content\/uploads\/2021\/12\/MG_4655-scaled.jpg","datePublished":"2021-12-22T09:45:00+00:00","dateModified":"2021-12-22T16:49:41+00:00","description":"En un ambiente festivo navide\u00f1o, 37 agentes, entre ellos un director, instrumentistas y cantantes, todos de la Polic\u00eda Militar de Minas Gerais, presentaron m\u00fasica cl\u00e1sica y villancicos.","breadcrumb":{"@id":"https:\/\/www.padreeustaquio.com.br\/concerto-de-natal-e-realizado-no-santuario-da-saude-e-paz\/#breadcrumb"},"inLanguage":"es","potentialAction":[{"@type":"ReadAction","target":["https:\/\/www.padreeustaquio.com.br\/concerto-de-natal-e-realizado-no-santuario-da-saude-e-paz\/"]}]},{"@type":"ImageObject","inLanguage":"es","@id":"https:\/\/www.padreeustaquio.com.br\/concerto-de-natal-e-realizado-no-santuario-da-saude-e-paz\/#primaryimage","url":"https:\/\/www.padreeustaquio.com.br\/wp-content\/uploads\/2021\/12\/MG_4655-scaled.jpg","contentUrl":"https:\/\/www.padreeustaquio.com.br\/wp-content\/uploads\/2021\/12\/MG_4655-scaled.jpg","width":2560,"height":1707},{"@type":"BreadcrumbList","@id":"https:\/\/www.padreeustaquio.com.br\/concerto-de-natal-e-realizado-no-santuario-da-saude-e-paz\/#breadcrumb","itemListElement":[{"@type":"ListItem","position":1,"name":"In\u00edcio","item":"https:\/\/www.padreeustaquio.com.br\/"},{"@type":"ListItem","position":2,"name":"Orquestra Sinf\u00f4nica da PM emociona o p\u00fablico no Santu\u00e1rio da Sa\u00fade e Paz"}]},{"@type":"WebSite","@id":"https:\/\/www.padreeustaquio.com.br\/#website","url":"https:\/\/www.padreeustaquio.com.br\/","name":"Padre Eustace","description":"Salud y Paz","publisher":{"@id":"https:\/\/www.padreeustaquio.com.br\/#organization"},"potentialAction":[{"@type":"SearchAction","target":{"@type":"EntryPoint","urlTemplate":"https:\/\/www.padreeustaquio.com.br\/?s={search_term_string}"},"query-input":{"@type":"PropertyValueSpecification","valueRequired":true,"valueName":"search_term_string"}}],"inLanguage":"es"},{"@type":"Organization","@id":"https:\/\/www.padreeustaquio.com.br\/#organization","name":"Padre Eustace","url":"https:\/\/www.padreeustaquio.com.br\/","logo":{"@type":"ImageObject","inLanguage":"es","@id":"https:\/\/www.padreeustaquio.com.br\/#\/schema\/logo\/image\/","url":"https:\/\/www.padreeustaquio.com.br\/wp-content\/uploads\/2019\/08\/marca.png","contentUrl":"https:\/\/www.padreeustaquio.com.br\/wp-content\/uploads\/2019\/08\/marca.png","width":350,"height":400,"caption":"Padre Eust\u00e1quio"},"image":{"@id":"https:\/\/www.padreeustaquio.com.br\/#\/schema\/logo\/image\/"},"sameAs":["https:\/\/www.facebook.com\/beatopadreeustaquio\/","https:\/\/x.com\/beatopeustaquio","https:\/\/www.instagram.com\/beatopadreeustaquio\/","https:\/\/www.youtube.com\/channel\/UCRhw7vfabnajwLxb1ZXMeIw"]},{"@type":"Person","@id":"https:\/\/www.padreeustaquio.com.br\/#\/schema\/person\/a2a51db1d00f1a7af0204a0f1ddb1566","name":"@sscc","image":{"@type":"ImageObject","inLanguage":"es","@id":"https:\/\/secure.gravatar.com\/avatar\/68cfafa5f44617fea54071e215026e0ff06be366c3d54a8425f04fdcb86f8c5f?s=96&d=mm&r=g","url":"https:\/\/secure.gravatar.com\/avatar\/68cfafa5f44617fea54071e215026e0ff06be366c3d54a8425f04fdcb86f8c5f?s=96&d=mm&r=g","contentUrl":"https:\/\/secure.gravatar.com\/avatar\/68cfafa5f44617fea54071e215026e0ff06be366c3d54a8425f04fdcb86f8c5f?s=96&d=mm&r=g","caption":"@sscc"},"url":"https:\/\/www.padreeustaquio.com.br\/es\/author\/sscc\/"}]}},"_links":{"self":[{"href":"https:\/\/www.padreeustaquio.com.br\/es\/wp-json\/wp\/v2\/posts\/7765","targetHints":{"allow":["GET"]}}],"collection":[{"href":"https:\/\/www.padreeustaquio.com.br\/es\/wp-json\/wp\/v2\/posts"}],"about":[{"href":"https:\/\/www.padreeustaquio.com.br\/es\/wp-json\/wp\/v2\/types\/post"}],"author":[{"embeddable":true,"href":"https:\/\/www.padreeustaquio.com.br\/es\/wp-json\/wp\/v2\/users\/2"}],"replies":[{"embeddable":true,"href":"https:\/\/www.padreeustaquio.com.br\/es\/wp-json\/wp\/v2\/comments?post=7765"}],"version-history":[{"count":0,"href":"https:\/\/www.padreeustaquio.com.br\/es\/wp-json\/wp\/v2\/posts\/7765\/revisions"}],"wp:featuredmedia":[{"embeddable":true,"href":"https:\/\/www.padreeustaquio.com.br\/es\/wp-json\/wp\/v2\/media\/7787"}],"wp:attachment":[{"href":"https:\/\/www.padreeustaquio.com.br\/es\/wp-json\/wp\/v2\/media?parent=7765"}],"wp:term":[{"taxonomy":"category","embeddable":true,"href":"https:\/\/www.padreeustaquio.com.br\/es\/wp-json\/wp\/v2\/categories?post=7765"},{"taxonomy":"post_tag","embeddable":true,"href":"https:\/\/www.padreeustaquio.com.br\/es\/wp-json\/wp\/v2\/tags?post=7765"}],"curies":[{"name":"wp","href":"https:\/\/api.w.org\/{rel}","templated":true}]}}