{"id":7747,"date":"2021-12-18T10:00:00","date_gmt":"2021-12-18T13:00:00","guid":{"rendered":"https:\/\/www.padreeustaquio.com.br\/?p=7747"},"modified":"2021-12-17T15:17:49","modified_gmt":"2021-12-17T18:17:49","slug":"celebre-el-4o-domingo-de-adviento-con-la-guia-proporcionada-por-cnbb","status":"publish","type":"post","link":"https:\/\/www.padreeustaquio.com.br\/es\/celebre-el-4o-domingo-de-adviento-con-la-guia-proporcionada-por-cnbb\/","title":{"rendered":"Celebre el 4\u00ba Domingo de Adviento con la gu\u00eda proporcionada por la CNBB (Conferencia Nacional de Obispos de Brasil)."},"content":{"rendered":"<p>Para este tiempo de Adviento, la Comisi\u00f3n de Liturgia sugiere que, si es posible, la familia prepare una peque\u00f1a corona de Adviento compuesta por cuatro velas dispuestas en un c\u00edrculo de ramas verdes: &quot;Cada domingo se enciende una vela, indicando que nos estamos acercando cada vez m\u00e1s a la fiesta de la Natividad de Jesucristo, Luz del mundo&quot;.<\/p>\n\n\n\n<p>Y para acompa\u00f1arnos en este per\u00edodo, la Comisi\u00f3n Pastoral Episcopal de Liturgia de la Conferencia Nacional de Obispos de Brasil (CNBB) nos ofrece la gu\u00eda \u201cCelebrando en Familia\u201d.<\/p>\n\n\n\n<p>En el Santuario Arquidiocesano de Salud y Paz, hay tres horarios en los que se transmiten misas v\u00eda...\u00a0<a href=\"https:\/\/www.youtube.com\/channel\/UCRhw7vfabnajwLxb1ZXMeIw\">Canal Padre Eust\u00e1quio<\/a>El s\u00e1bado a las 17:00 y el domingo a las 10:00 y 19:00. De esta manera, podemos participar, viviendo la dignidad del pueblo sacerdotal que nos confiri\u00f3 nuestro bautismo. No solo podemos participar, sino tambi\u00e9n celebrar el Domingo del Se\u00f1or en familia.<\/p>\n\n\n\n<p>Haga clic a continuaci\u00f3n para descargar el gui\u00f3n para celebrar con su familia.<\/p>\n\n\n\n<p><a href=\"https:\/\/www.cnbb.org.br\/wp-content\/uploads\/2021\/12\/04-Celebrar-em-Familia-4-Advento.pdf\">Descargue la Gu\u00eda de Celebraci\u00f3n Familiar para el 4\u00ba Domingo de Adviento<\/a><\/p>\n\n\n\n<p><\/p>","protected":false},"excerpt":{"rendered":"<p>Para este Tempo do Advento, a Comiss\u00e3o para a Liturgia prop\u00f5e que, se poss\u00edvel, a fam\u00edlia prepare uma pequena coroa do advento composta por quatro velas dispostas em um c\u00edrculo de ramos verdes: \u201cA cada domingo celebrado, uma vela \u00e9 acesa indicando que cada vez mais vamos nos aproximando da festa do Natal de Jesus Cristo, Luz do mundo\u201d. E para acompanharmos este per\u00edodo a Comiss\u00e3o Episcopal Pastoral para a Liturgia da Confer\u00eancia Nacional dos Bispos do Brasil (CNBB), nos oferece o roteiro \u201cCelebrar em Fam\u00edlia\u201d. No Santu\u00e1rio Arquidiocesano da Sa\u00fade e Paz, existem tr\u00eas hor\u00e1rios de transmiss\u00e3o de missas [&hellip;]<\/p>\n","protected":false},"author":2,"featured_media":7749,"comment_status":"open","ping_status":"closed","sticky":false,"template":"","format":"standard","meta":{"_acf_changed":false,"footnotes":""},"categories":[611],"tags":[],"class_list":["post-7747","post","type-post","status-publish","format-standard","has-post-thumbnail","hentry","category-noticias"],"acf":[],"yoast_head":"<!-- This site is optimized with the Yoast SEO plugin v27.2 - https:\/\/yoast.com\/product\/yoast-seo-wordpress\/ -->\n<title>Celebre o 4\u00ba Domingo do Advento com o roteiro disponibilizado pela CNBB<\/title>\n<meta name=\"description\" content=\"Episcopal Pastoral para a Liturgia da Confer\u00eancia Nacional dos Bispos do Brasil (CNBB), nos oferece o roteiro \u201cCelebrar em Fam\u00edlia\u201d.\" \/>\n<meta name=\"robots\" content=\"index, follow, max-snippet:-1, max-image-preview:large, max-video-preview:-1\" \/>\n<link rel=\"canonical\" href=\"https:\/\/www.padreeustaquio.com.br\/es\/celebre-el-4o-domingo-de-adviento-con-la-guia-proporcionada-por-cnbb\/\" \/>\n<meta property=\"og:locale\" content=\"es_ES\" \/>\n<meta property=\"og:type\" content=\"article\" \/>\n<meta property=\"og:title\" content=\"Celebre o 4\u00ba Domingo do Advento com o roteiro disponibilizado pela CNBB\" \/>\n<meta property=\"og:description\" content=\"Episcopal Pastoral para a Liturgia da Confer\u00eancia Nacional dos Bispos do Brasil (CNBB), nos oferece o roteiro \u201cCelebrar em Fam\u00edlia\u201d.\" \/>\n<meta property=\"og:url\" content=\"https:\/\/www.padreeustaquio.com.br\/es\/celebre-el-4o-domingo-de-adviento-con-la-guia-proporcionada-por-cnbb\/\" \/>\n<meta property=\"og:site_name\" content=\"Padre Eust\u00e1quio\" \/>\n<meta property=\"article:publisher\" content=\"https:\/\/www.facebook.com\/beatopadreeustaquio\/\" \/>\n<meta property=\"article:published_time\" content=\"2021-12-18T13:00:00+00:00\" \/>\n<meta property=\"og:image\" content=\"https:\/\/www.padreeustaquio.com.br\/wp-content\/uploads\/2021\/12\/Quarto-Dom.-Adv.jpg\" \/>\n\t<meta property=\"og:image:width\" content=\"748\" \/>\n\t<meta property=\"og:image:height\" content=\"394\" \/>\n\t<meta property=\"og:image:type\" content=\"image\/jpeg\" \/>\n<meta name=\"author\" content=\"@sscc\" \/>\n<meta name=\"twitter:card\" content=\"summary_large_image\" \/>\n<meta name=\"twitter:creator\" content=\"@beatopeustaquio\" \/>\n<meta name=\"twitter:site\" content=\"@beatopeustaquio\" \/>\n<meta name=\"twitter:label1\" content=\"Escrito por\" \/>\n\t<meta name=\"twitter:data1\" content=\"@sscc\" \/>\n\t<meta name=\"twitter:label2\" content=\"Tiempo de lectura\" \/>\n\t<meta name=\"twitter:data2\" content=\"1 minuto\" \/>\n<script type=\"application\/ld+json\" class=\"yoast-schema-graph\">{\"@context\":\"https:\/\/schema.org\",\"@graph\":[{\"@type\":\"Article\",\"@id\":\"https:\/\/www.padreeustaquio.com.br\/celebre-o-4o-domingo-do-advento-com-o-roteiro-disponibilizado-pela-cnbb\/#article\",\"isPartOf\":{\"@id\":\"https:\/\/www.padreeustaquio.com.br\/celebre-o-4o-domingo-do-advento-com-o-roteiro-disponibilizado-pela-cnbb\/\"},\"author\":{\"name\":\"@sscc\",\"@id\":\"https:\/\/www.padreeustaquio.com.br\/#\/schema\/person\/a2a51db1d00f1a7af0204a0f1ddb1566\"},\"headline\":\"Celebre o 4\u00ba Domingo do Advento com o roteiro disponibilizado pela CNBB\",\"datePublished\":\"2021-12-18T13:00:00+00:00\",\"mainEntityOfPage\":{\"@id\":\"https:\/\/www.padreeustaquio.com.br\/celebre-o-4o-domingo-do-advento-com-o-roteiro-disponibilizado-pela-cnbb\/\"},\"wordCount\":195,\"commentCount\":0,\"publisher\":{\"@id\":\"https:\/\/www.padreeustaquio.com.br\/#organization\"},\"image\":{\"@id\":\"https:\/\/www.padreeustaquio.com.br\/celebre-o-4o-domingo-do-advento-com-o-roteiro-disponibilizado-pela-cnbb\/#primaryimage\"},\"thumbnailUrl\":\"https:\/\/www.padreeustaquio.com.br\/wp-content\/uploads\/2021\/12\/Quarto-Dom.-Adv.jpg\",\"articleSection\":[\"Not\u00edcias\"],\"inLanguage\":\"es\",\"potentialAction\":[{\"@type\":\"CommentAction\",\"name\":\"Comment\",\"target\":[\"https:\/\/www.padreeustaquio.com.br\/celebre-o-4o-domingo-do-advento-com-o-roteiro-disponibilizado-pela-cnbb\/#respond\"]}]},{\"@type\":\"WebPage\",\"@id\":\"https:\/\/www.padreeustaquio.com.br\/celebre-o-4o-domingo-do-advento-com-o-roteiro-disponibilizado-pela-cnbb\/\",\"url\":\"https:\/\/www.padreeustaquio.com.br\/celebre-o-4o-domingo-do-advento-com-o-roteiro-disponibilizado-pela-cnbb\/\",\"name\":\"Celebre o 4\u00ba Domingo do Advento com o roteiro disponibilizado pela CNBB\",\"isPartOf\":{\"@id\":\"https:\/\/www.padreeustaquio.com.br\/#website\"},\"primaryImageOfPage\":{\"@id\":\"https:\/\/www.padreeustaquio.com.br\/celebre-o-4o-domingo-do-advento-com-o-roteiro-disponibilizado-pela-cnbb\/#primaryimage\"},\"image\":{\"@id\":\"https:\/\/www.padreeustaquio.com.br\/celebre-o-4o-domingo-do-advento-com-o-roteiro-disponibilizado-pela-cnbb\/#primaryimage\"},\"thumbnailUrl\":\"https:\/\/www.padreeustaquio.com.br\/wp-content\/uploads\/2021\/12\/Quarto-Dom.-Adv.jpg\",\"datePublished\":\"2021-12-18T13:00:00+00:00\",\"description\":\"Episcopal Pastoral para a Liturgia da Confer\u00eancia Nacional dos Bispos do Brasil (CNBB), nos oferece o roteiro \u201cCelebrar em Fam\u00edlia\u201d.\",\"breadcrumb\":{\"@id\":\"https:\/\/www.padreeustaquio.com.br\/celebre-o-4o-domingo-do-advento-com-o-roteiro-disponibilizado-pela-cnbb\/#breadcrumb\"},\"inLanguage\":\"es\",\"potentialAction\":[{\"@type\":\"ReadAction\",\"target\":[\"https:\/\/www.padreeustaquio.com.br\/celebre-o-4o-domingo-do-advento-com-o-roteiro-disponibilizado-pela-cnbb\/\"]}]},{\"@type\":\"ImageObject\",\"inLanguage\":\"es\",\"@id\":\"https:\/\/www.padreeustaquio.com.br\/celebre-o-4o-domingo-do-advento-com-o-roteiro-disponibilizado-pela-cnbb\/#primaryimage\",\"url\":\"https:\/\/www.padreeustaquio.com.br\/wp-content\/uploads\/2021\/12\/Quarto-Dom.-Adv.jpg\",\"contentUrl\":\"https:\/\/www.padreeustaquio.com.br\/wp-content\/uploads\/2021\/12\/Quarto-Dom.-Adv.jpg\",\"width\":748,\"height\":394},{\"@type\":\"BreadcrumbList\",\"@id\":\"https:\/\/www.padreeustaquio.com.br\/celebre-o-4o-domingo-do-advento-com-o-roteiro-disponibilizado-pela-cnbb\/#breadcrumb\",\"itemListElement\":[{\"@type\":\"ListItem\",\"position\":1,\"name\":\"In\u00edcio\",\"item\":\"https:\/\/www.padreeustaquio.com.br\/\"},{\"@type\":\"ListItem\",\"position\":2,\"name\":\"Celebre o 4\u00ba Domingo do Advento com o roteiro disponibilizado pela CNBB\"}]},{\"@type\":\"WebSite\",\"@id\":\"https:\/\/www.padreeustaquio.com.br\/#website\",\"url\":\"https:\/\/www.padreeustaquio.com.br\/\",\"name\":\"Padre Eust\u00e1quio\",\"description\":\"Sa\u00fade e Paz\",\"publisher\":{\"@id\":\"https:\/\/www.padreeustaquio.com.br\/#organization\"},\"potentialAction\":[{\"@type\":\"SearchAction\",\"target\":{\"@type\":\"EntryPoint\",\"urlTemplate\":\"https:\/\/www.padreeustaquio.com.br\/?s={search_term_string}\"},\"query-input\":{\"@type\":\"PropertyValueSpecification\",\"valueRequired\":true,\"valueName\":\"search_term_string\"}}],\"inLanguage\":\"es\"},{\"@type\":\"Organization\",\"@id\":\"https:\/\/www.padreeustaquio.com.br\/#organization\",\"name\":\"Padre Eust\u00e1quio\",\"url\":\"https:\/\/www.padreeustaquio.com.br\/\",\"logo\":{\"@type\":\"ImageObject\",\"inLanguage\":\"es\",\"@id\":\"https:\/\/www.padreeustaquio.com.br\/#\/schema\/logo\/image\/\",\"url\":\"https:\/\/www.padreeustaquio.com.br\/wp-content\/uploads\/2019\/08\/marca.png\",\"contentUrl\":\"https:\/\/www.padreeustaquio.com.br\/wp-content\/uploads\/2019\/08\/marca.png\",\"width\":350,\"height\":400,\"caption\":\"Padre Eust\u00e1quio\"},\"image\":{\"@id\":\"https:\/\/www.padreeustaquio.com.br\/#\/schema\/logo\/image\/\"},\"sameAs\":[\"https:\/\/www.facebook.com\/beatopadreeustaquio\/\",\"https:\/\/x.com\/beatopeustaquio\",\"https:\/\/www.instagram.com\/beatopadreeustaquio\/\",\"https:\/\/www.youtube.com\/channel\/UCRhw7vfabnajwLxb1ZXMeIw\"]},{\"@type\":\"Person\",\"@id\":\"https:\/\/www.padreeustaquio.com.br\/#\/schema\/person\/a2a51db1d00f1a7af0204a0f1ddb1566\",\"name\":\"@sscc\",\"image\":{\"@type\":\"ImageObject\",\"inLanguage\":\"es\",\"@id\":\"https:\/\/secure.gravatar.com\/avatar\/68cfafa5f44617fea54071e215026e0ff06be366c3d54a8425f04fdcb86f8c5f?s=96&d=mm&r=g\",\"url\":\"https:\/\/secure.gravatar.com\/avatar\/68cfafa5f44617fea54071e215026e0ff06be366c3d54a8425f04fdcb86f8c5f?s=96&d=mm&r=g\",\"contentUrl\":\"https:\/\/secure.gravatar.com\/avatar\/68cfafa5f44617fea54071e215026e0ff06be366c3d54a8425f04fdcb86f8c5f?s=96&d=mm&r=g\",\"caption\":\"@sscc\"},\"url\":\"https:\/\/www.padreeustaquio.com.br\/es\/author\/sscc\/\"}]}<\/script>\n<!-- \/ Yoast SEO plugin. -->","yoast_head_json":{"title":"Celebre el 4\u00ba Domingo de Adviento con la gu\u00eda proporcionada por la CNBB (Conferencia Nacional de Obispos de Brasil).","description":"La Oficina Pastoral Episcopal de Liturgia de la Conferencia Nacional de Obispos de Brasil (CNBB) nos ofrece la gu\u00eda \u201cCelebrando en Familia\u201d.","robots":{"index":"index","follow":"follow","max-snippet":"max-snippet:-1","max-image-preview":"max-image-preview:large","max-video-preview":"max-video-preview:-1"},"canonical":"https:\/\/www.padreeustaquio.com.br\/es\/celebre-el-4o-domingo-de-adviento-con-la-guia-proporcionada-por-cnbb\/","og_locale":"es_ES","og_type":"article","og_title":"Celebre o 4\u00ba Domingo do Advento com o roteiro disponibilizado pela CNBB","og_description":"Episcopal Pastoral para a Liturgia da Confer\u00eancia Nacional dos Bispos do Brasil (CNBB), nos oferece o roteiro \u201cCelebrar em Fam\u00edlia\u201d.","og_url":"https:\/\/www.padreeustaquio.com.br\/es\/celebre-el-4o-domingo-de-adviento-con-la-guia-proporcionada-por-cnbb\/","og_site_name":"Padre Eust\u00e1quio","article_publisher":"https:\/\/www.facebook.com\/beatopadreeustaquio\/","article_published_time":"2021-12-18T13:00:00+00:00","og_image":[{"width":748,"height":394,"url":"https:\/\/www.padreeustaquio.com.br\/wp-content\/uploads\/2021\/12\/Quarto-Dom.-Adv.jpg","type":"image\/jpeg"}],"author":"@sscc","twitter_card":"summary_large_image","twitter_creator":"@beatopeustaquio","twitter_site":"@beatopeustaquio","twitter_misc":{"Escrito por":"@sscc","Tiempo de lectura":"1 minuto"},"schema":{"@context":"https:\/\/schema.org","@graph":[{"@type":"Article","@id":"https:\/\/www.padreeustaquio.com.br\/celebre-o-4o-domingo-do-advento-com-o-roteiro-disponibilizado-pela-cnbb\/#article","isPartOf":{"@id":"https:\/\/www.padreeustaquio.com.br\/celebre-o-4o-domingo-do-advento-com-o-roteiro-disponibilizado-pela-cnbb\/"},"author":{"name":"@sscc","@id":"https:\/\/www.padreeustaquio.com.br\/#\/schema\/person\/a2a51db1d00f1a7af0204a0f1ddb1566"},"headline":"Celebre o 4\u00ba Domingo do Advento com o roteiro disponibilizado pela CNBB","datePublished":"2021-12-18T13:00:00+00:00","mainEntityOfPage":{"@id":"https:\/\/www.padreeustaquio.com.br\/celebre-o-4o-domingo-do-advento-com-o-roteiro-disponibilizado-pela-cnbb\/"},"wordCount":195,"commentCount":0,"publisher":{"@id":"https:\/\/www.padreeustaquio.com.br\/#organization"},"image":{"@id":"https:\/\/www.padreeustaquio.com.br\/celebre-o-4o-domingo-do-advento-com-o-roteiro-disponibilizado-pela-cnbb\/#primaryimage"},"thumbnailUrl":"https:\/\/www.padreeustaquio.com.br\/wp-content\/uploads\/2021\/12\/Quarto-Dom.-Adv.jpg","articleSection":["Not\u00edcias"],"inLanguage":"es","potentialAction":[{"@type":"CommentAction","name":"Comment","target":["https:\/\/www.padreeustaquio.com.br\/celebre-o-4o-domingo-do-advento-com-o-roteiro-disponibilizado-pela-cnbb\/#respond"]}]},{"@type":"WebPage","@id":"https:\/\/www.padreeustaquio.com.br\/celebre-o-4o-domingo-do-advento-com-o-roteiro-disponibilizado-pela-cnbb\/","url":"https:\/\/www.padreeustaquio.com.br\/celebre-o-4o-domingo-do-advento-com-o-roteiro-disponibilizado-pela-cnbb\/","name":"Celebre el 4\u00ba Domingo de Adviento con la gu\u00eda proporcionada por la CNBB (Conferencia Nacional de Obispos de Brasil).","isPartOf":{"@id":"https:\/\/www.padreeustaquio.com.br\/#website"},"primaryImageOfPage":{"@id":"https:\/\/www.padreeustaquio.com.br\/celebre-o-4o-domingo-do-advento-com-o-roteiro-disponibilizado-pela-cnbb\/#primaryimage"},"image":{"@id":"https:\/\/www.padreeustaquio.com.br\/celebre-o-4o-domingo-do-advento-com-o-roteiro-disponibilizado-pela-cnbb\/#primaryimage"},"thumbnailUrl":"https:\/\/www.padreeustaquio.com.br\/wp-content\/uploads\/2021\/12\/Quarto-Dom.-Adv.jpg","datePublished":"2021-12-18T13:00:00+00:00","description":"La Oficina Pastoral Episcopal de Liturgia de la Conferencia Nacional de Obispos de Brasil (CNBB) nos ofrece la gu\u00eda \u201cCelebrando en Familia\u201d.","breadcrumb":{"@id":"https:\/\/www.padreeustaquio.com.br\/celebre-o-4o-domingo-do-advento-com-o-roteiro-disponibilizado-pela-cnbb\/#breadcrumb"},"inLanguage":"es","potentialAction":[{"@type":"ReadAction","target":["https:\/\/www.padreeustaquio.com.br\/celebre-o-4o-domingo-do-advento-com-o-roteiro-disponibilizado-pela-cnbb\/"]}]},{"@type":"ImageObject","inLanguage":"es","@id":"https:\/\/www.padreeustaquio.com.br\/celebre-o-4o-domingo-do-advento-com-o-roteiro-disponibilizado-pela-cnbb\/#primaryimage","url":"https:\/\/www.padreeustaquio.com.br\/wp-content\/uploads\/2021\/12\/Quarto-Dom.-Adv.jpg","contentUrl":"https:\/\/www.padreeustaquio.com.br\/wp-content\/uploads\/2021\/12\/Quarto-Dom.-Adv.jpg","width":748,"height":394},{"@type":"BreadcrumbList","@id":"https:\/\/www.padreeustaquio.com.br\/celebre-o-4o-domingo-do-advento-com-o-roteiro-disponibilizado-pela-cnbb\/#breadcrumb","itemListElement":[{"@type":"ListItem","position":1,"name":"In\u00edcio","item":"https:\/\/www.padreeustaquio.com.br\/"},{"@type":"ListItem","position":2,"name":"Celebre o 4\u00ba Domingo do Advento com o roteiro disponibilizado pela CNBB"}]},{"@type":"WebSite","@id":"https:\/\/www.padreeustaquio.com.br\/#website","url":"https:\/\/www.padreeustaquio.com.br\/","name":"Padre Eustace","description":"Salud y Paz","publisher":{"@id":"https:\/\/www.padreeustaquio.com.br\/#organization"},"potentialAction":[{"@type":"SearchAction","target":{"@type":"EntryPoint","urlTemplate":"https:\/\/www.padreeustaquio.com.br\/?s={search_term_string}"},"query-input":{"@type":"PropertyValueSpecification","valueRequired":true,"valueName":"search_term_string"}}],"inLanguage":"es"},{"@type":"Organization","@id":"https:\/\/www.padreeustaquio.com.br\/#organization","name":"Padre Eustace","url":"https:\/\/www.padreeustaquio.com.br\/","logo":{"@type":"ImageObject","inLanguage":"es","@id":"https:\/\/www.padreeustaquio.com.br\/#\/schema\/logo\/image\/","url":"https:\/\/www.padreeustaquio.com.br\/wp-content\/uploads\/2019\/08\/marca.png","contentUrl":"https:\/\/www.padreeustaquio.com.br\/wp-content\/uploads\/2019\/08\/marca.png","width":350,"height":400,"caption":"Padre Eust\u00e1quio"},"image":{"@id":"https:\/\/www.padreeustaquio.com.br\/#\/schema\/logo\/image\/"},"sameAs":["https:\/\/www.facebook.com\/beatopadreeustaquio\/","https:\/\/x.com\/beatopeustaquio","https:\/\/www.instagram.com\/beatopadreeustaquio\/","https:\/\/www.youtube.com\/channel\/UCRhw7vfabnajwLxb1ZXMeIw"]},{"@type":"Person","@id":"https:\/\/www.padreeustaquio.com.br\/#\/schema\/person\/a2a51db1d00f1a7af0204a0f1ddb1566","name":"@sscc","image":{"@type":"ImageObject","inLanguage":"es","@id":"https:\/\/secure.gravatar.com\/avatar\/68cfafa5f44617fea54071e215026e0ff06be366c3d54a8425f04fdcb86f8c5f?s=96&d=mm&r=g","url":"https:\/\/secure.gravatar.com\/avatar\/68cfafa5f44617fea54071e215026e0ff06be366c3d54a8425f04fdcb86f8c5f?s=96&d=mm&r=g","contentUrl":"https:\/\/secure.gravatar.com\/avatar\/68cfafa5f44617fea54071e215026e0ff06be366c3d54a8425f04fdcb86f8c5f?s=96&d=mm&r=g","caption":"@sscc"},"url":"https:\/\/www.padreeustaquio.com.br\/es\/author\/sscc\/"}]}},"_links":{"self":[{"href":"https:\/\/www.padreeustaquio.com.br\/es\/wp-json\/wp\/v2\/posts\/7747","targetHints":{"allow":["GET"]}}],"collection":[{"href":"https:\/\/www.padreeustaquio.com.br\/es\/wp-json\/wp\/v2\/posts"}],"about":[{"href":"https:\/\/www.padreeustaquio.com.br\/es\/wp-json\/wp\/v2\/types\/post"}],"author":[{"embeddable":true,"href":"https:\/\/www.padreeustaquio.com.br\/es\/wp-json\/wp\/v2\/users\/2"}],"replies":[{"embeddable":true,"href":"https:\/\/www.padreeustaquio.com.br\/es\/wp-json\/wp\/v2\/comments?post=7747"}],"version-history":[{"count":0,"href":"https:\/\/www.padreeustaquio.com.br\/es\/wp-json\/wp\/v2\/posts\/7747\/revisions"}],"wp:featuredmedia":[{"embeddable":true,"href":"https:\/\/www.padreeustaquio.com.br\/es\/wp-json\/wp\/v2\/media\/7749"}],"wp:attachment":[{"href":"https:\/\/www.padreeustaquio.com.br\/es\/wp-json\/wp\/v2\/media?parent=7747"}],"wp:term":[{"taxonomy":"category","embeddable":true,"href":"https:\/\/www.padreeustaquio.com.br\/es\/wp-json\/wp\/v2\/categories?post=7747"},{"taxonomy":"post_tag","embeddable":true,"href":"https:\/\/www.padreeustaquio.com.br\/es\/wp-json\/wp\/v2\/tags?post=7747"}],"curies":[{"name":"wp","href":"https:\/\/api.w.org\/{rel}","templated":true}]}}