{"id":7734,"date":"2021-12-17T06:10:00","date_gmt":"2021-12-17T09:10:00","guid":{"rendered":"https:\/\/www.padreeustaquio.com.br\/?p=7734"},"modified":"2021-12-16T19:38:07","modified_gmt":"2021-12-16T22:38:07","slug":"papa-noel-trae-alegria-a-los-ninos-de-la-guarderia-padre-eustaquio","status":"publish","type":"post","link":"https:\/\/www.padreeustaquio.com.br\/es\/papa-noel-trae-alegria-a-los-ninos-de-la-guarderia-padre-eustaquio\/","title":{"rendered":"NAVIDAD \u2013 Ni\u00f1os de la Guarder\u00eda Padre Eust\u00e1quio reciben juguetes"},"content":{"rendered":"<p>Los ni\u00f1os de la Guarder\u00eda Padre Eust\u00e1quio recibieron la sorpresa este jueves 16 de una visita muy especial. Un Pap\u00e1 Noel cargado de regalos visit\u00f3 la instituci\u00f3n y alegr\u00f3 a los peque\u00f1os.<\/p>\n\n\n\n<p>Pap\u00e1 Noel lleg\u00f3 a la guarder\u00eda alrededor de las 2 p. m. al son de los villancicos. Tras saludar al personal, se dirigi\u00f3 a un espacio reservado en la parte trasera del edificio. Junto al \u00e1rbol de Navidad y el pesebre montados por los alumnos, reparti\u00f3 regalos a todos los ni\u00f1os de la guarder\u00eda.<\/p>\n\n\n\n<p>La iniciativa surgi\u00f3 de algunos padres que mantienen un grupo de WhatsApp en apoyo a la instituci\u00f3n. Todos los juguetes donados se recolectaron mediante una campa\u00f1a organizada entre los padres y tutores de los ni\u00f1os a trav\u00e9s del grupo. Con el apoyo de la Guarder\u00eda Padre Eust\u00e1quio, se adquirieron y distribuyeron mu\u00f1ecas, carritos, bloques de construcci\u00f3n y otros juguetes durante la tarde de ese jueves.<\/p>\n\n\n\n<p>El m\u00fasico D\u00e2ngelo Pereira fue el encargado de distribuir los regalos. Tuvo COVID en marzo y prometi\u00f3 dejarse crecer la barba y el pelo para poder disfrazarse de Pap\u00e1 Noel y alegrar a los ni\u00f1os esta Navidad, si se recuperaba de la enfermedad. Con su salud recuperada, el m\u00fasico se conmovi\u00f3 al ver y escuchar las palabras, sonrisas y gestos de gratitud de los ni\u00f1os.<\/p>\n\n\n\n<p>Los estudiantes comienzan sus vacaciones hoy, pero los preparativos para el pr\u00f3ximo a\u00f1o ya han comenzado. Los profesores tendr\u00e1n un breve descanso a finales de a\u00f1o, pero en enero participar\u00e1n en un campamento de vacaciones dise\u00f1ado para ayudar a los padres que trabajar\u00e1n durante este per\u00edodo y no tendr\u00e1n con qui\u00e9n dejar a sus hijos.<\/p>\n\n\n\n<p>La Guarder\u00eda Padre Eust\u00e1quio mantiene una asociaci\u00f3n con la Alcald\u00eda de Belo Horizonte y tambi\u00e9n cuenta con la ayuda de la comunidad para continuar con los ideales del Padre Eust\u00e1quio. <em>\u201c&quot;No puedo quedarme tranquilo pensando en los ni\u00f1os necesitados de la parroquia&quot;\u201d<\/em>.<\/p>\n\n\n\n<p>T\u00fa tambi\u00e9n puedes ayudar a esta causa social. <a href=\"https:\/\/www.padreeustaquio.com.br\/es\/donar\/\" target=\"_blank\" rel=\"noreferrer noopener\">haga clic aqu\u00ed<\/a> y descubre c\u00f3mo donar.<\/p>\n\n\n\n<p><\/p>","protected":false},"excerpt":{"rendered":"<p>As crian\u00e7as assistidas pela Creche Padre Eust\u00e1quio, foram surpreendidas nessa quinta-feira, dia 16, por uma presen\u00e7a muito especial. Um Papai Noel cheio de presentes visitou a institui\u00e7\u00e3o e fez a alegria dos pequenos. O bom velhinho chegou na creche por volta das 14h ao som de m\u00fasicas natalinas. Depois de cumprimentar os funcion\u00e1rios, ele se dirigiu para um espa\u00e7o reservado a ele no fundo da institui\u00e7\u00e3o. Ao lado da \u00e1rvore de Natal e do pres\u00e9pio montado pelos alunos, Papai Noel distribuiu presentes para todos os alunos da creche. A iniciativa partiu de alguns pais que mant\u00eam um grupo no WhatsApp [&hellip;]<\/p>\n","protected":false},"author":2,"featured_media":7735,"comment_status":"open","ping_status":"closed","sticky":false,"template":"","format":"standard","meta":{"_acf_changed":false,"footnotes":""},"categories":[611],"tags":[],"class_list":["post-7734","post","type-post","status-publish","format-standard","has-post-thumbnail","hentry","category-noticias"],"acf":[],"yoast_head":"<!-- This site is optimized with the Yoast SEO plugin v27.2 - https:\/\/yoast.com\/product\/yoast-seo-wordpress\/ -->\n<title>NATAL - Crian\u00e7as da Creche Padre Eust\u00e1quio recebem brinquedos<\/title>\n<meta name=\"description\" content=\"As crian\u00e7as assistidas pela Creche Padre Eust\u00e1quio, foram surpreendidas nessa quinta-feira, dia 16, por uma presen\u00e7a muito especial. Um Papai Noel cheio de presentes visitou a institui\u00e7\u00e3o e fez a alegria dos pequenos.\" \/>\n<meta name=\"robots\" content=\"index, follow, max-snippet:-1, max-image-preview:large, max-video-preview:-1\" \/>\n<link rel=\"canonical\" href=\"https:\/\/www.padreeustaquio.com.br\/es\/papa-noel-trae-alegria-a-los-ninos-de-la-guarderia-padre-eustaquio\/\" \/>\n<meta property=\"og:locale\" content=\"es_ES\" \/>\n<meta property=\"og:type\" content=\"article\" \/>\n<meta property=\"og:title\" content=\"NATAL - Crian\u00e7as da Creche Padre Eust\u00e1quio recebem brinquedos\" \/>\n<meta property=\"og:description\" content=\"As crian\u00e7as assistidas pela Creche Padre Eust\u00e1quio, foram surpreendidas nessa quinta-feira, dia 16, por uma presen\u00e7a muito especial. Um Papai Noel cheio de presentes visitou a institui\u00e7\u00e3o e fez a alegria dos pequenos.\" \/>\n<meta property=\"og:url\" content=\"https:\/\/www.padreeustaquio.com.br\/es\/papa-noel-trae-alegria-a-los-ninos-de-la-guarderia-padre-eustaquio\/\" \/>\n<meta property=\"og:site_name\" content=\"Padre Eust\u00e1quio\" \/>\n<meta property=\"article:publisher\" content=\"https:\/\/www.facebook.com\/beatopadreeustaquio\/\" \/>\n<meta property=\"article:published_time\" content=\"2021-12-17T09:10:00+00:00\" \/>\n<meta property=\"og:image\" content=\"https:\/\/www.padreeustaquio.com.br\/wp-content\/uploads\/2021\/12\/IMG_4468-scaled.jpg\" \/>\n\t<meta property=\"og:image:width\" content=\"2560\" \/>\n\t<meta property=\"og:image:height\" content=\"1707\" \/>\n\t<meta property=\"og:image:type\" content=\"image\/jpeg\" \/>\n<meta name=\"author\" content=\"@sscc\" \/>\n<meta name=\"twitter:card\" content=\"summary_large_image\" \/>\n<meta name=\"twitter:creator\" content=\"@beatopeustaquio\" \/>\n<meta name=\"twitter:site\" content=\"@beatopeustaquio\" \/>\n<meta name=\"twitter:label1\" content=\"Escrito por\" \/>\n\t<meta name=\"twitter:data1\" content=\"@sscc\" \/>\n\t<meta name=\"twitter:label2\" content=\"Tiempo de lectura\" \/>\n\t<meta name=\"twitter:data2\" content=\"2 minutos\" \/>\n<script type=\"application\/ld+json\" class=\"yoast-schema-graph\">{\"@context\":\"https:\/\/schema.org\",\"@graph\":[{\"@type\":\"Article\",\"@id\":\"https:\/\/www.padreeustaquio.com.br\/papai-noel-alegra-criancas-da-creche-padre-eustaquio\/#article\",\"isPartOf\":{\"@id\":\"https:\/\/www.padreeustaquio.com.br\/papai-noel-alegra-criancas-da-creche-padre-eustaquio\/\"},\"author\":{\"name\":\"@sscc\",\"@id\":\"https:\/\/www.padreeustaquio.com.br\/#\/schema\/person\/a2a51db1d00f1a7af0204a0f1ddb1566\"},\"headline\":\"NATAL &#8211; Crian\u00e7as da Creche Padre Eust\u00e1quio recebem brinquedos\",\"datePublished\":\"2021-12-17T09:10:00+00:00\",\"mainEntityOfPage\":{\"@id\":\"https:\/\/www.padreeustaquio.com.br\/papai-noel-alegra-criancas-da-creche-padre-eustaquio\/\"},\"wordCount\":379,\"commentCount\":0,\"publisher\":{\"@id\":\"https:\/\/www.padreeustaquio.com.br\/#organization\"},\"image\":{\"@id\":\"https:\/\/www.padreeustaquio.com.br\/papai-noel-alegra-criancas-da-creche-padre-eustaquio\/#primaryimage\"},\"thumbnailUrl\":\"https:\/\/www.padreeustaquio.com.br\/wp-content\/uploads\/2021\/12\/IMG_4468-scaled.jpg\",\"articleSection\":[\"Not\u00edcias\"],\"inLanguage\":\"es\",\"potentialAction\":[{\"@type\":\"CommentAction\",\"name\":\"Comment\",\"target\":[\"https:\/\/www.padreeustaquio.com.br\/papai-noel-alegra-criancas-da-creche-padre-eustaquio\/#respond\"]}]},{\"@type\":\"WebPage\",\"@id\":\"https:\/\/www.padreeustaquio.com.br\/papai-noel-alegra-criancas-da-creche-padre-eustaquio\/\",\"url\":\"https:\/\/www.padreeustaquio.com.br\/papai-noel-alegra-criancas-da-creche-padre-eustaquio\/\",\"name\":\"NATAL - Crian\u00e7as da Creche Padre Eust\u00e1quio recebem brinquedos\",\"isPartOf\":{\"@id\":\"https:\/\/www.padreeustaquio.com.br\/#website\"},\"primaryImageOfPage\":{\"@id\":\"https:\/\/www.padreeustaquio.com.br\/papai-noel-alegra-criancas-da-creche-padre-eustaquio\/#primaryimage\"},\"image\":{\"@id\":\"https:\/\/www.padreeustaquio.com.br\/papai-noel-alegra-criancas-da-creche-padre-eustaquio\/#primaryimage\"},\"thumbnailUrl\":\"https:\/\/www.padreeustaquio.com.br\/wp-content\/uploads\/2021\/12\/IMG_4468-scaled.jpg\",\"datePublished\":\"2021-12-17T09:10:00+00:00\",\"description\":\"As crian\u00e7as assistidas pela Creche Padre Eust\u00e1quio, foram surpreendidas nessa quinta-feira, dia 16, por uma presen\u00e7a muito especial. Um Papai Noel cheio de presentes visitou a institui\u00e7\u00e3o e fez a alegria dos pequenos.\",\"breadcrumb\":{\"@id\":\"https:\/\/www.padreeustaquio.com.br\/papai-noel-alegra-criancas-da-creche-padre-eustaquio\/#breadcrumb\"},\"inLanguage\":\"es\",\"potentialAction\":[{\"@type\":\"ReadAction\",\"target\":[\"https:\/\/www.padreeustaquio.com.br\/papai-noel-alegra-criancas-da-creche-padre-eustaquio\/\"]}]},{\"@type\":\"ImageObject\",\"inLanguage\":\"es\",\"@id\":\"https:\/\/www.padreeustaquio.com.br\/papai-noel-alegra-criancas-da-creche-padre-eustaquio\/#primaryimage\",\"url\":\"https:\/\/www.padreeustaquio.com.br\/wp-content\/uploads\/2021\/12\/IMG_4468-scaled.jpg\",\"contentUrl\":\"https:\/\/www.padreeustaquio.com.br\/wp-content\/uploads\/2021\/12\/IMG_4468-scaled.jpg\",\"width\":2560,\"height\":1707},{\"@type\":\"BreadcrumbList\",\"@id\":\"https:\/\/www.padreeustaquio.com.br\/papai-noel-alegra-criancas-da-creche-padre-eustaquio\/#breadcrumb\",\"itemListElement\":[{\"@type\":\"ListItem\",\"position\":1,\"name\":\"In\u00edcio\",\"item\":\"https:\/\/www.padreeustaquio.com.br\/\"},{\"@type\":\"ListItem\",\"position\":2,\"name\":\"NATAL &#8211; Crian\u00e7as da Creche Padre Eust\u00e1quio recebem brinquedos\"}]},{\"@type\":\"WebSite\",\"@id\":\"https:\/\/www.padreeustaquio.com.br\/#website\",\"url\":\"https:\/\/www.padreeustaquio.com.br\/\",\"name\":\"Padre Eust\u00e1quio\",\"description\":\"Sa\u00fade e Paz\",\"publisher\":{\"@id\":\"https:\/\/www.padreeustaquio.com.br\/#organization\"},\"potentialAction\":[{\"@type\":\"SearchAction\",\"target\":{\"@type\":\"EntryPoint\",\"urlTemplate\":\"https:\/\/www.padreeustaquio.com.br\/?s={search_term_string}\"},\"query-input\":{\"@type\":\"PropertyValueSpecification\",\"valueRequired\":true,\"valueName\":\"search_term_string\"}}],\"inLanguage\":\"es\"},{\"@type\":\"Organization\",\"@id\":\"https:\/\/www.padreeustaquio.com.br\/#organization\",\"name\":\"Padre Eust\u00e1quio\",\"url\":\"https:\/\/www.padreeustaquio.com.br\/\",\"logo\":{\"@type\":\"ImageObject\",\"inLanguage\":\"es\",\"@id\":\"https:\/\/www.padreeustaquio.com.br\/#\/schema\/logo\/image\/\",\"url\":\"https:\/\/www.padreeustaquio.com.br\/wp-content\/uploads\/2019\/08\/marca.png\",\"contentUrl\":\"https:\/\/www.padreeustaquio.com.br\/wp-content\/uploads\/2019\/08\/marca.png\",\"width\":350,\"height\":400,\"caption\":\"Padre Eust\u00e1quio\"},\"image\":{\"@id\":\"https:\/\/www.padreeustaquio.com.br\/#\/schema\/logo\/image\/\"},\"sameAs\":[\"https:\/\/www.facebook.com\/beatopadreeustaquio\/\",\"https:\/\/x.com\/beatopeustaquio\",\"https:\/\/www.instagram.com\/beatopadreeustaquio\/\",\"https:\/\/www.youtube.com\/channel\/UCRhw7vfabnajwLxb1ZXMeIw\"]},{\"@type\":\"Person\",\"@id\":\"https:\/\/www.padreeustaquio.com.br\/#\/schema\/person\/a2a51db1d00f1a7af0204a0f1ddb1566\",\"name\":\"@sscc\",\"image\":{\"@type\":\"ImageObject\",\"inLanguage\":\"es\",\"@id\":\"https:\/\/secure.gravatar.com\/avatar\/68cfafa5f44617fea54071e215026e0ff06be366c3d54a8425f04fdcb86f8c5f?s=96&d=mm&r=g\",\"url\":\"https:\/\/secure.gravatar.com\/avatar\/68cfafa5f44617fea54071e215026e0ff06be366c3d54a8425f04fdcb86f8c5f?s=96&d=mm&r=g\",\"contentUrl\":\"https:\/\/secure.gravatar.com\/avatar\/68cfafa5f44617fea54071e215026e0ff06be366c3d54a8425f04fdcb86f8c5f?s=96&d=mm&r=g\",\"caption\":\"@sscc\"},\"url\":\"https:\/\/www.padreeustaquio.com.br\/es\/author\/sscc\/\"}]}<\/script>\n<!-- \/ Yoast SEO plugin. -->","yoast_head_json":{"title":"NAVIDAD - Ni\u00f1os de la Guarder\u00eda Padre Eust\u00e1quio reciben juguetes","description":"Los ni\u00f1os de la Guarder\u00eda Padre Eust\u00e1quio recibieron la sorpresa este jueves 16 de una visita muy especial. Un Pap\u00e1 Noel cargado de regalos visit\u00f3 la instituci\u00f3n y alegr\u00f3 a los peque\u00f1os.","robots":{"index":"index","follow":"follow","max-snippet":"max-snippet:-1","max-image-preview":"max-image-preview:large","max-video-preview":"max-video-preview:-1"},"canonical":"https:\/\/www.padreeustaquio.com.br\/es\/papa-noel-trae-alegria-a-los-ninos-de-la-guarderia-padre-eustaquio\/","og_locale":"es_ES","og_type":"article","og_title":"NATAL - Crian\u00e7as da Creche Padre Eust\u00e1quio recebem brinquedos","og_description":"As crian\u00e7as assistidas pela Creche Padre Eust\u00e1quio, foram surpreendidas nessa quinta-feira, dia 16, por uma presen\u00e7a muito especial. Um Papai Noel cheio de presentes visitou a institui\u00e7\u00e3o e fez a alegria dos pequenos.","og_url":"https:\/\/www.padreeustaquio.com.br\/es\/papa-noel-trae-alegria-a-los-ninos-de-la-guarderia-padre-eustaquio\/","og_site_name":"Padre Eust\u00e1quio","article_publisher":"https:\/\/www.facebook.com\/beatopadreeustaquio\/","article_published_time":"2021-12-17T09:10:00+00:00","og_image":[{"width":2560,"height":1707,"url":"https:\/\/www.padreeustaquio.com.br\/wp-content\/uploads\/2021\/12\/IMG_4468-scaled.jpg","type":"image\/jpeg"}],"author":"@sscc","twitter_card":"summary_large_image","twitter_creator":"@beatopeustaquio","twitter_site":"@beatopeustaquio","twitter_misc":{"Escrito por":"@sscc","Tiempo de lectura":"2 minutos"},"schema":{"@context":"https:\/\/schema.org","@graph":[{"@type":"Article","@id":"https:\/\/www.padreeustaquio.com.br\/papai-noel-alegra-criancas-da-creche-padre-eustaquio\/#article","isPartOf":{"@id":"https:\/\/www.padreeustaquio.com.br\/papai-noel-alegra-criancas-da-creche-padre-eustaquio\/"},"author":{"name":"@sscc","@id":"https:\/\/www.padreeustaquio.com.br\/#\/schema\/person\/a2a51db1d00f1a7af0204a0f1ddb1566"},"headline":"NATAL &#8211; Crian\u00e7as da Creche Padre Eust\u00e1quio recebem brinquedos","datePublished":"2021-12-17T09:10:00+00:00","mainEntityOfPage":{"@id":"https:\/\/www.padreeustaquio.com.br\/papai-noel-alegra-criancas-da-creche-padre-eustaquio\/"},"wordCount":379,"commentCount":0,"publisher":{"@id":"https:\/\/www.padreeustaquio.com.br\/#organization"},"image":{"@id":"https:\/\/www.padreeustaquio.com.br\/papai-noel-alegra-criancas-da-creche-padre-eustaquio\/#primaryimage"},"thumbnailUrl":"https:\/\/www.padreeustaquio.com.br\/wp-content\/uploads\/2021\/12\/IMG_4468-scaled.jpg","articleSection":["Not\u00edcias"],"inLanguage":"es","potentialAction":[{"@type":"CommentAction","name":"Comment","target":["https:\/\/www.padreeustaquio.com.br\/papai-noel-alegra-criancas-da-creche-padre-eustaquio\/#respond"]}]},{"@type":"WebPage","@id":"https:\/\/www.padreeustaquio.com.br\/papai-noel-alegra-criancas-da-creche-padre-eustaquio\/","url":"https:\/\/www.padreeustaquio.com.br\/papai-noel-alegra-criancas-da-creche-padre-eustaquio\/","name":"NAVIDAD - Ni\u00f1os de la Guarder\u00eda Padre Eust\u00e1quio reciben juguetes","isPartOf":{"@id":"https:\/\/www.padreeustaquio.com.br\/#website"},"primaryImageOfPage":{"@id":"https:\/\/www.padreeustaquio.com.br\/papai-noel-alegra-criancas-da-creche-padre-eustaquio\/#primaryimage"},"image":{"@id":"https:\/\/www.padreeustaquio.com.br\/papai-noel-alegra-criancas-da-creche-padre-eustaquio\/#primaryimage"},"thumbnailUrl":"https:\/\/www.padreeustaquio.com.br\/wp-content\/uploads\/2021\/12\/IMG_4468-scaled.jpg","datePublished":"2021-12-17T09:10:00+00:00","description":"Los ni\u00f1os de la Guarder\u00eda Padre Eust\u00e1quio recibieron la sorpresa este jueves 16 de una visita muy especial. Un Pap\u00e1 Noel cargado de regalos visit\u00f3 la instituci\u00f3n y alegr\u00f3 a los peque\u00f1os.","breadcrumb":{"@id":"https:\/\/www.padreeustaquio.com.br\/papai-noel-alegra-criancas-da-creche-padre-eustaquio\/#breadcrumb"},"inLanguage":"es","potentialAction":[{"@type":"ReadAction","target":["https:\/\/www.padreeustaquio.com.br\/papai-noel-alegra-criancas-da-creche-padre-eustaquio\/"]}]},{"@type":"ImageObject","inLanguage":"es","@id":"https:\/\/www.padreeustaquio.com.br\/papai-noel-alegra-criancas-da-creche-padre-eustaquio\/#primaryimage","url":"https:\/\/www.padreeustaquio.com.br\/wp-content\/uploads\/2021\/12\/IMG_4468-scaled.jpg","contentUrl":"https:\/\/www.padreeustaquio.com.br\/wp-content\/uploads\/2021\/12\/IMG_4468-scaled.jpg","width":2560,"height":1707},{"@type":"BreadcrumbList","@id":"https:\/\/www.padreeustaquio.com.br\/papai-noel-alegra-criancas-da-creche-padre-eustaquio\/#breadcrumb","itemListElement":[{"@type":"ListItem","position":1,"name":"In\u00edcio","item":"https:\/\/www.padreeustaquio.com.br\/"},{"@type":"ListItem","position":2,"name":"NATAL &#8211; Crian\u00e7as da Creche Padre Eust\u00e1quio recebem brinquedos"}]},{"@type":"WebSite","@id":"https:\/\/www.padreeustaquio.com.br\/#website","url":"https:\/\/www.padreeustaquio.com.br\/","name":"Padre Eustace","description":"Salud y Paz","publisher":{"@id":"https:\/\/www.padreeustaquio.com.br\/#organization"},"potentialAction":[{"@type":"SearchAction","target":{"@type":"EntryPoint","urlTemplate":"https:\/\/www.padreeustaquio.com.br\/?s={search_term_string}"},"query-input":{"@type":"PropertyValueSpecification","valueRequired":true,"valueName":"search_term_string"}}],"inLanguage":"es"},{"@type":"Organization","@id":"https:\/\/www.padreeustaquio.com.br\/#organization","name":"Padre Eustace","url":"https:\/\/www.padreeustaquio.com.br\/","logo":{"@type":"ImageObject","inLanguage":"es","@id":"https:\/\/www.padreeustaquio.com.br\/#\/schema\/logo\/image\/","url":"https:\/\/www.padreeustaquio.com.br\/wp-content\/uploads\/2019\/08\/marca.png","contentUrl":"https:\/\/www.padreeustaquio.com.br\/wp-content\/uploads\/2019\/08\/marca.png","width":350,"height":400,"caption":"Padre Eust\u00e1quio"},"image":{"@id":"https:\/\/www.padreeustaquio.com.br\/#\/schema\/logo\/image\/"},"sameAs":["https:\/\/www.facebook.com\/beatopadreeustaquio\/","https:\/\/x.com\/beatopeustaquio","https:\/\/www.instagram.com\/beatopadreeustaquio\/","https:\/\/www.youtube.com\/channel\/UCRhw7vfabnajwLxb1ZXMeIw"]},{"@type":"Person","@id":"https:\/\/www.padreeustaquio.com.br\/#\/schema\/person\/a2a51db1d00f1a7af0204a0f1ddb1566","name":"@sscc","image":{"@type":"ImageObject","inLanguage":"es","@id":"https:\/\/secure.gravatar.com\/avatar\/68cfafa5f44617fea54071e215026e0ff06be366c3d54a8425f04fdcb86f8c5f?s=96&d=mm&r=g","url":"https:\/\/secure.gravatar.com\/avatar\/68cfafa5f44617fea54071e215026e0ff06be366c3d54a8425f04fdcb86f8c5f?s=96&d=mm&r=g","contentUrl":"https:\/\/secure.gravatar.com\/avatar\/68cfafa5f44617fea54071e215026e0ff06be366c3d54a8425f04fdcb86f8c5f?s=96&d=mm&r=g","caption":"@sscc"},"url":"https:\/\/www.padreeustaquio.com.br\/es\/author\/sscc\/"}]}},"_links":{"self":[{"href":"https:\/\/www.padreeustaquio.com.br\/es\/wp-json\/wp\/v2\/posts\/7734","targetHints":{"allow":["GET"]}}],"collection":[{"href":"https:\/\/www.padreeustaquio.com.br\/es\/wp-json\/wp\/v2\/posts"}],"about":[{"href":"https:\/\/www.padreeustaquio.com.br\/es\/wp-json\/wp\/v2\/types\/post"}],"author":[{"embeddable":true,"href":"https:\/\/www.padreeustaquio.com.br\/es\/wp-json\/wp\/v2\/users\/2"}],"replies":[{"embeddable":true,"href":"https:\/\/www.padreeustaquio.com.br\/es\/wp-json\/wp\/v2\/comments?post=7734"}],"version-history":[{"count":0,"href":"https:\/\/www.padreeustaquio.com.br\/es\/wp-json\/wp\/v2\/posts\/7734\/revisions"}],"wp:featuredmedia":[{"embeddable":true,"href":"https:\/\/www.padreeustaquio.com.br\/es\/wp-json\/wp\/v2\/media\/7735"}],"wp:attachment":[{"href":"https:\/\/www.padreeustaquio.com.br\/es\/wp-json\/wp\/v2\/media?parent=7734"}],"wp:term":[{"taxonomy":"category","embeddable":true,"href":"https:\/\/www.padreeustaquio.com.br\/es\/wp-json\/wp\/v2\/categories?post=7734"},{"taxonomy":"post_tag","embeddable":true,"href":"https:\/\/www.padreeustaquio.com.br\/es\/wp-json\/wp\/v2\/tags?post=7734"}],"curies":[{"name":"wp","href":"https:\/\/api.w.org\/{rel}","templated":true}]}}