{"id":7720,"date":"2021-12-15T10:31:52","date_gmt":"2021-12-15T13:31:52","guid":{"rendered":"https:\/\/www.padreeustaquio.com.br\/?p=7720"},"modified":"2021-12-15T10:33:52","modified_gmt":"2021-12-15T13:33:52","slug":"la-banda-de-la-policia-realizara-una-presentacion-especial-en-la-iglesia-del-padre-eustaquio-en-belo-horizonte","status":"publish","type":"post","link":"https:\/\/www.padreeustaquio.com.br\/es\/la-banda-de-la-policia-realizara-una-presentacion-especial-en-la-iglesia-del-padre-eustaquio-en-belo-horizonte\/","title":{"rendered":"La banda de la Polic\u00eda Militar realizar\u00e1 una presentaci\u00f3n especial en la Iglesia Padre Eust\u00e1quio, en Belo Horizonte."},"content":{"rendered":"<p>El pr\u00f3ximo martes 21 de diciembre, el Santuario de la Salud y la Paz, la Iglesia del Beato Padre Eust\u00e1quio, recibir\u00e1 a miembros del Centro de Actividades Musicales de la Polic\u00eda Militar de Minas Gerais. El concierto especial de Navidad tendr\u00e1 lugar a partir de las 20:00 h en el interior del Santuario.<\/p>\n\n\n\n<p>El espect\u00e1culo contar\u00e1 con 37 personas, incluyendo un director, instrumentistas y cantantes, todos ellos oficiales de la Polic\u00eda Militar de Minas Gerais. El programa incluye m\u00fasica cl\u00e1sica y, por supuesto, villancicos navide\u00f1os. Los m\u00fasicos ser\u00e1n recibidos por el rector del Santuario, el Padre Vin\u00edcius Maciel, y se les unir\u00e1 el p\u00fablico, que podr\u00e1 ocupar los bancos de la iglesia, siguiendo las medidas de seguridad sanitaria.<\/p>\n\n\n\n<p>La actuaci\u00f3n de la Banda de la Polic\u00eda Militar se transmitir\u00e1 por el Canal Padre Eust\u00e1quio a partir de las 20:00 h, inmediatamente despu\u00e9s de la Santa Misa, mediante un enlace independiente. La colaboraci\u00f3n entre la Congregaci\u00f3n de los Sagrados Corazones y la Polic\u00eda Militar de Minas Gerais es de larga data, pero las actuaciones no se realizaron el a\u00f1o pasado debido a la pandemia. La \u00faltima actuaci\u00f3n de la Banda de la Polic\u00eda Militar en el Santuario tuvo lugar el 6 de diciembre de 2019 y conmovi\u00f3 a los cientos de personas que acudieron a la iglesia el d\u00eda del concierto.<\/p>\n\n\n\n<p>El Centro de Actividades Musicales de la Polic\u00eda Militar de Minas Gerais (CAM) se cre\u00f3 en 2012 con la misi\u00f3n de coordinar las actividades musicales de la PMMG en la capital y el interior de Minas Gerais. A trav\u00e9s de Acciones Musicales Estrat\u00e9gicas, busca generar seguridad p\u00fablica, utilizando la m\u00fasica como herramienta de comunicaci\u00f3n entre la PMMG y el &quot;Querido Pueblo Minas Gerais&quot;.<\/p>","protected":false},"excerpt":{"rendered":"<p>Na pr\u00f3xima ter\u00e7a-feira, dia 21 de dezembro, o Santu\u00e1rio da Sa\u00fade e Paz, a Igreja do Beato Padre Eust\u00e1quio vai receber os integrantes do Centro de Atividades Musicais da Pol\u00edcia Militar de Minas Gerais. O concerto especial de Natal ser\u00e1 realizado a partir das 20h, dentro do Santu\u00e1rio. A apresenta\u00e7\u00e3o vai contar com 37 pessoas entre maestro, instrumentistas e cantores, todos oficiais da Pol\u00edcia Militar de Minas. Na programa\u00e7\u00e3o, est\u00e3o previstas musicas cl\u00e1ssicas e, claro, can\u00e7\u00f5es espec\u00edficas de natal. Os m\u00fasicos ser\u00e3o recepcionados pelo reitor do Santu\u00e1rio, Padre Vin\u00edcius Maciel, e ter\u00e3o a companhia do p\u00fablico, que poder\u00e1 ocupar os [&hellip;]<\/p>\n","protected":false},"author":2,"featured_media":7721,"comment_status":"open","ping_status":"closed","sticky":false,"template":"","format":"standard","meta":{"_acf_changed":false,"footnotes":""},"categories":[611],"tags":[],"class_list":["post-7720","post","type-post","status-publish","format-standard","has-post-thumbnail","hentry","category-noticias"],"acf":[],"yoast_head":"<!-- This site is optimized with the Yoast SEO plugin v27.2 - https:\/\/yoast.com\/product\/yoast-seo-wordpress\/ -->\n<title>Banda da PM far\u00e1 apresenta\u00e7\u00e3o especial na Igreja do Padre Eust\u00e1quio em BH<\/title>\n<meta name=\"description\" content=\"Na pr\u00f3xima ter\u00e7a-feira, dia 21 de dezembro, o Santu\u00e1rio da Sa\u00fade e Paz, a Igreja do Beato Padre Eust\u00e1quio vai receber os integrantes do Centro de Atividades Musicais da Pol\u00edcia Militar de Minas Gerais. O concerto especial de Natal ser\u00e1 realizado a partir das 20h, dentro do Santu\u00e1rio.\" \/>\n<meta name=\"robots\" content=\"index, follow, max-snippet:-1, max-image-preview:large, max-video-preview:-1\" \/>\n<link rel=\"canonical\" href=\"https:\/\/www.padreeustaquio.com.br\/es\/la-banda-de-la-policia-realizara-una-presentacion-especial-en-la-iglesia-del-padre-eustaquio-en-belo-horizonte\/\" \/>\n<meta property=\"og:locale\" content=\"es_ES\" \/>\n<meta property=\"og:type\" content=\"article\" \/>\n<meta property=\"og:title\" content=\"Banda da PM far\u00e1 apresenta\u00e7\u00e3o especial na Igreja do Padre Eust\u00e1quio em BH\" \/>\n<meta property=\"og:description\" content=\"Na pr\u00f3xima ter\u00e7a-feira, dia 21 de dezembro, o Santu\u00e1rio da Sa\u00fade e Paz, a Igreja do Beato Padre Eust\u00e1quio vai receber os integrantes do Centro de Atividades Musicais da Pol\u00edcia Militar de Minas Gerais. O concerto especial de Natal ser\u00e1 realizado a partir das 20h, dentro do Santu\u00e1rio.\" \/>\n<meta property=\"og:url\" content=\"https:\/\/www.padreeustaquio.com.br\/es\/la-banda-de-la-policia-realizara-una-presentacion-especial-en-la-iglesia-del-padre-eustaquio-en-belo-horizonte\/\" \/>\n<meta property=\"og:site_name\" content=\"Padre Eust\u00e1quio\" \/>\n<meta property=\"article:publisher\" content=\"https:\/\/www.facebook.com\/beatopadreeustaquio\/\" \/>\n<meta property=\"article:published_time\" content=\"2021-12-15T13:31:52+00:00\" \/>\n<meta property=\"article:modified_time\" content=\"2021-12-15T13:33:52+00:00\" \/>\n<meta property=\"og:image\" content=\"https:\/\/www.padreeustaquio.com.br\/wp-content\/uploads\/2021\/12\/Banda-da-PM-no-Santuario.jpg\" \/>\n\t<meta property=\"og:image:width\" content=\"748\" \/>\n\t<meta property=\"og:image:height\" content=\"394\" \/>\n\t<meta property=\"og:image:type\" content=\"image\/jpeg\" \/>\n<meta name=\"author\" content=\"@sscc\" \/>\n<meta name=\"twitter:card\" content=\"summary_large_image\" \/>\n<meta name=\"twitter:creator\" content=\"@beatopeustaquio\" \/>\n<meta name=\"twitter:site\" content=\"@beatopeustaquio\" \/>\n<meta name=\"twitter:label1\" content=\"Escrito por\" \/>\n\t<meta name=\"twitter:data1\" content=\"@sscc\" \/>\n\t<meta name=\"twitter:label2\" content=\"Tiempo de lectura\" \/>\n\t<meta name=\"twitter:data2\" content=\"2 minutos\" \/>\n<script type=\"application\/ld+json\" class=\"yoast-schema-graph\">{\"@context\":\"https:\/\/schema.org\",\"@graph\":[{\"@type\":\"Article\",\"@id\":\"https:\/\/www.padreeustaquio.com.br\/banda-da-pm-fara-apresentacao-especial-na-igreja-do-padre-eustaquio-em-bh\/#article\",\"isPartOf\":{\"@id\":\"https:\/\/www.padreeustaquio.com.br\/banda-da-pm-fara-apresentacao-especial-na-igreja-do-padre-eustaquio-em-bh\/\"},\"author\":{\"name\":\"@sscc\",\"@id\":\"https:\/\/www.padreeustaquio.com.br\/#\/schema\/person\/a2a51db1d00f1a7af0204a0f1ddb1566\"},\"headline\":\"Banda da PM far\u00e1 apresenta\u00e7\u00e3o especial na Igreja do Padre Eust\u00e1quio em BH\",\"datePublished\":\"2021-12-15T13:31:52+00:00\",\"dateModified\":\"2021-12-15T13:33:52+00:00\",\"mainEntityOfPage\":{\"@id\":\"https:\/\/www.padreeustaquio.com.br\/banda-da-pm-fara-apresentacao-especial-na-igreja-do-padre-eustaquio-em-bh\/\"},\"wordCount\":307,\"commentCount\":0,\"publisher\":{\"@id\":\"https:\/\/www.padreeustaquio.com.br\/#organization\"},\"image\":{\"@id\":\"https:\/\/www.padreeustaquio.com.br\/banda-da-pm-fara-apresentacao-especial-na-igreja-do-padre-eustaquio-em-bh\/#primaryimage\"},\"thumbnailUrl\":\"https:\/\/www.padreeustaquio.com.br\/wp-content\/uploads\/2021\/12\/Banda-da-PM-no-Santuario.jpg\",\"articleSection\":[\"Not\u00edcias\"],\"inLanguage\":\"es\",\"potentialAction\":[{\"@type\":\"CommentAction\",\"name\":\"Comment\",\"target\":[\"https:\/\/www.padreeustaquio.com.br\/banda-da-pm-fara-apresentacao-especial-na-igreja-do-padre-eustaquio-em-bh\/#respond\"]}]},{\"@type\":\"WebPage\",\"@id\":\"https:\/\/www.padreeustaquio.com.br\/banda-da-pm-fara-apresentacao-especial-na-igreja-do-padre-eustaquio-em-bh\/\",\"url\":\"https:\/\/www.padreeustaquio.com.br\/banda-da-pm-fara-apresentacao-especial-na-igreja-do-padre-eustaquio-em-bh\/\",\"name\":\"Banda da PM far\u00e1 apresenta\u00e7\u00e3o especial na Igreja do Padre Eust\u00e1quio em BH\",\"isPartOf\":{\"@id\":\"https:\/\/www.padreeustaquio.com.br\/#website\"},\"primaryImageOfPage\":{\"@id\":\"https:\/\/www.padreeustaquio.com.br\/banda-da-pm-fara-apresentacao-especial-na-igreja-do-padre-eustaquio-em-bh\/#primaryimage\"},\"image\":{\"@id\":\"https:\/\/www.padreeustaquio.com.br\/banda-da-pm-fara-apresentacao-especial-na-igreja-do-padre-eustaquio-em-bh\/#primaryimage\"},\"thumbnailUrl\":\"https:\/\/www.padreeustaquio.com.br\/wp-content\/uploads\/2021\/12\/Banda-da-PM-no-Santuario.jpg\",\"datePublished\":\"2021-12-15T13:31:52+00:00\",\"dateModified\":\"2021-12-15T13:33:52+00:00\",\"description\":\"Na pr\u00f3xima ter\u00e7a-feira, dia 21 de dezembro, o Santu\u00e1rio da Sa\u00fade e Paz, a Igreja do Beato Padre Eust\u00e1quio vai receber os integrantes do Centro de Atividades Musicais da Pol\u00edcia Militar de Minas Gerais. O concerto especial de Natal ser\u00e1 realizado a partir das 20h, dentro do Santu\u00e1rio.\",\"breadcrumb\":{\"@id\":\"https:\/\/www.padreeustaquio.com.br\/banda-da-pm-fara-apresentacao-especial-na-igreja-do-padre-eustaquio-em-bh\/#breadcrumb\"},\"inLanguage\":\"es\",\"potentialAction\":[{\"@type\":\"ReadAction\",\"target\":[\"https:\/\/www.padreeustaquio.com.br\/banda-da-pm-fara-apresentacao-especial-na-igreja-do-padre-eustaquio-em-bh\/\"]}]},{\"@type\":\"ImageObject\",\"inLanguage\":\"es\",\"@id\":\"https:\/\/www.padreeustaquio.com.br\/banda-da-pm-fara-apresentacao-especial-na-igreja-do-padre-eustaquio-em-bh\/#primaryimage\",\"url\":\"https:\/\/www.padreeustaquio.com.br\/wp-content\/uploads\/2021\/12\/Banda-da-PM-no-Santuario.jpg\",\"contentUrl\":\"https:\/\/www.padreeustaquio.com.br\/wp-content\/uploads\/2021\/12\/Banda-da-PM-no-Santuario.jpg\",\"width\":748,\"height\":394,\"caption\":\"Foto: Junior Fotografias\"},{\"@type\":\"BreadcrumbList\",\"@id\":\"https:\/\/www.padreeustaquio.com.br\/banda-da-pm-fara-apresentacao-especial-na-igreja-do-padre-eustaquio-em-bh\/#breadcrumb\",\"itemListElement\":[{\"@type\":\"ListItem\",\"position\":1,\"name\":\"In\u00edcio\",\"item\":\"https:\/\/www.padreeustaquio.com.br\/\"},{\"@type\":\"ListItem\",\"position\":2,\"name\":\"Banda da PM far\u00e1 apresenta\u00e7\u00e3o especial na Igreja do Padre Eust\u00e1quio em BH\"}]},{\"@type\":\"WebSite\",\"@id\":\"https:\/\/www.padreeustaquio.com.br\/#website\",\"url\":\"https:\/\/www.padreeustaquio.com.br\/\",\"name\":\"Padre Eust\u00e1quio\",\"description\":\"Sa\u00fade e Paz\",\"publisher\":{\"@id\":\"https:\/\/www.padreeustaquio.com.br\/#organization\"},\"potentialAction\":[{\"@type\":\"SearchAction\",\"target\":{\"@type\":\"EntryPoint\",\"urlTemplate\":\"https:\/\/www.padreeustaquio.com.br\/?s={search_term_string}\"},\"query-input\":{\"@type\":\"PropertyValueSpecification\",\"valueRequired\":true,\"valueName\":\"search_term_string\"}}],\"inLanguage\":\"es\"},{\"@type\":\"Organization\",\"@id\":\"https:\/\/www.padreeustaquio.com.br\/#organization\",\"name\":\"Padre Eust\u00e1quio\",\"url\":\"https:\/\/www.padreeustaquio.com.br\/\",\"logo\":{\"@type\":\"ImageObject\",\"inLanguage\":\"es\",\"@id\":\"https:\/\/www.padreeustaquio.com.br\/#\/schema\/logo\/image\/\",\"url\":\"https:\/\/www.padreeustaquio.com.br\/wp-content\/uploads\/2019\/08\/marca.png\",\"contentUrl\":\"https:\/\/www.padreeustaquio.com.br\/wp-content\/uploads\/2019\/08\/marca.png\",\"width\":350,\"height\":400,\"caption\":\"Padre Eust\u00e1quio\"},\"image\":{\"@id\":\"https:\/\/www.padreeustaquio.com.br\/#\/schema\/logo\/image\/\"},\"sameAs\":[\"https:\/\/www.facebook.com\/beatopadreeustaquio\/\",\"https:\/\/x.com\/beatopeustaquio\",\"https:\/\/www.instagram.com\/beatopadreeustaquio\/\",\"https:\/\/www.youtube.com\/channel\/UCRhw7vfabnajwLxb1ZXMeIw\"]},{\"@type\":\"Person\",\"@id\":\"https:\/\/www.padreeustaquio.com.br\/#\/schema\/person\/a2a51db1d00f1a7af0204a0f1ddb1566\",\"name\":\"@sscc\",\"image\":{\"@type\":\"ImageObject\",\"inLanguage\":\"es\",\"@id\":\"https:\/\/secure.gravatar.com\/avatar\/68cfafa5f44617fea54071e215026e0ff06be366c3d54a8425f04fdcb86f8c5f?s=96&d=mm&r=g\",\"url\":\"https:\/\/secure.gravatar.com\/avatar\/68cfafa5f44617fea54071e215026e0ff06be366c3d54a8425f04fdcb86f8c5f?s=96&d=mm&r=g\",\"contentUrl\":\"https:\/\/secure.gravatar.com\/avatar\/68cfafa5f44617fea54071e215026e0ff06be366c3d54a8425f04fdcb86f8c5f?s=96&d=mm&r=g\",\"caption\":\"@sscc\"},\"url\":\"https:\/\/www.padreeustaquio.com.br\/es\/author\/sscc\/\"}]}<\/script>\n<!-- \/ Yoast SEO plugin. -->","yoast_head_json":{"title":"La banda de la Polic\u00eda Militar realizar\u00e1 una presentaci\u00f3n especial en la Iglesia Padre Eust\u00e1quio, en Belo Horizonte.","description":"El pr\u00f3ximo martes 21 de diciembre, el Santuario de la Salud y la Paz, la Iglesia del Beato Padre Eust\u00e1quio, recibir\u00e1 a miembros del Centro de Actividades Musicales de la Polic\u00eda Militar de Minas Gerais. El concierto especial de Navidad tendr\u00e1 lugar a partir de las 20:00 h en el interior del Santuario.","robots":{"index":"index","follow":"follow","max-snippet":"max-snippet:-1","max-image-preview":"max-image-preview:large","max-video-preview":"max-video-preview:-1"},"canonical":"https:\/\/www.padreeustaquio.com.br\/es\/la-banda-de-la-policia-realizara-una-presentacion-especial-en-la-iglesia-del-padre-eustaquio-en-belo-horizonte\/","og_locale":"es_ES","og_type":"article","og_title":"Banda da PM far\u00e1 apresenta\u00e7\u00e3o especial na Igreja do Padre Eust\u00e1quio em BH","og_description":"Na pr\u00f3xima ter\u00e7a-feira, dia 21 de dezembro, o Santu\u00e1rio da Sa\u00fade e Paz, a Igreja do Beato Padre Eust\u00e1quio vai receber os integrantes do Centro de Atividades Musicais da Pol\u00edcia Militar de Minas Gerais. O concerto especial de Natal ser\u00e1 realizado a partir das 20h, dentro do Santu\u00e1rio.","og_url":"https:\/\/www.padreeustaquio.com.br\/es\/la-banda-de-la-policia-realizara-una-presentacion-especial-en-la-iglesia-del-padre-eustaquio-en-belo-horizonte\/","og_site_name":"Padre Eust\u00e1quio","article_publisher":"https:\/\/www.facebook.com\/beatopadreeustaquio\/","article_published_time":"2021-12-15T13:31:52+00:00","article_modified_time":"2021-12-15T13:33:52+00:00","og_image":[{"width":748,"height":394,"url":"https:\/\/www.padreeustaquio.com.br\/wp-content\/uploads\/2021\/12\/Banda-da-PM-no-Santuario.jpg","type":"image\/jpeg"}],"author":"@sscc","twitter_card":"summary_large_image","twitter_creator":"@beatopeustaquio","twitter_site":"@beatopeustaquio","twitter_misc":{"Escrito por":"@sscc","Tiempo de lectura":"2 minutos"},"schema":{"@context":"https:\/\/schema.org","@graph":[{"@type":"Article","@id":"https:\/\/www.padreeustaquio.com.br\/banda-da-pm-fara-apresentacao-especial-na-igreja-do-padre-eustaquio-em-bh\/#article","isPartOf":{"@id":"https:\/\/www.padreeustaquio.com.br\/banda-da-pm-fara-apresentacao-especial-na-igreja-do-padre-eustaquio-em-bh\/"},"author":{"name":"@sscc","@id":"https:\/\/www.padreeustaquio.com.br\/#\/schema\/person\/a2a51db1d00f1a7af0204a0f1ddb1566"},"headline":"Banda da PM far\u00e1 apresenta\u00e7\u00e3o especial na Igreja do Padre Eust\u00e1quio em BH","datePublished":"2021-12-15T13:31:52+00:00","dateModified":"2021-12-15T13:33:52+00:00","mainEntityOfPage":{"@id":"https:\/\/www.padreeustaquio.com.br\/banda-da-pm-fara-apresentacao-especial-na-igreja-do-padre-eustaquio-em-bh\/"},"wordCount":307,"commentCount":0,"publisher":{"@id":"https:\/\/www.padreeustaquio.com.br\/#organization"},"image":{"@id":"https:\/\/www.padreeustaquio.com.br\/banda-da-pm-fara-apresentacao-especial-na-igreja-do-padre-eustaquio-em-bh\/#primaryimage"},"thumbnailUrl":"https:\/\/www.padreeustaquio.com.br\/wp-content\/uploads\/2021\/12\/Banda-da-PM-no-Santuario.jpg","articleSection":["Not\u00edcias"],"inLanguage":"es","potentialAction":[{"@type":"CommentAction","name":"Comment","target":["https:\/\/www.padreeustaquio.com.br\/banda-da-pm-fara-apresentacao-especial-na-igreja-do-padre-eustaquio-em-bh\/#respond"]}]},{"@type":"WebPage","@id":"https:\/\/www.padreeustaquio.com.br\/banda-da-pm-fara-apresentacao-especial-na-igreja-do-padre-eustaquio-em-bh\/","url":"https:\/\/www.padreeustaquio.com.br\/banda-da-pm-fara-apresentacao-especial-na-igreja-do-padre-eustaquio-em-bh\/","name":"La banda de la Polic\u00eda Militar realizar\u00e1 una presentaci\u00f3n especial en la Iglesia Padre Eust\u00e1quio, en Belo Horizonte.","isPartOf":{"@id":"https:\/\/www.padreeustaquio.com.br\/#website"},"primaryImageOfPage":{"@id":"https:\/\/www.padreeustaquio.com.br\/banda-da-pm-fara-apresentacao-especial-na-igreja-do-padre-eustaquio-em-bh\/#primaryimage"},"image":{"@id":"https:\/\/www.padreeustaquio.com.br\/banda-da-pm-fara-apresentacao-especial-na-igreja-do-padre-eustaquio-em-bh\/#primaryimage"},"thumbnailUrl":"https:\/\/www.padreeustaquio.com.br\/wp-content\/uploads\/2021\/12\/Banda-da-PM-no-Santuario.jpg","datePublished":"2021-12-15T13:31:52+00:00","dateModified":"2021-12-15T13:33:52+00:00","description":"El pr\u00f3ximo martes 21 de diciembre, el Santuario de la Salud y la Paz, la Iglesia del Beato Padre Eust\u00e1quio, recibir\u00e1 a miembros del Centro de Actividades Musicales de la Polic\u00eda Militar de Minas Gerais. El concierto especial de Navidad tendr\u00e1 lugar a partir de las 20:00 h en el interior del Santuario.","breadcrumb":{"@id":"https:\/\/www.padreeustaquio.com.br\/banda-da-pm-fara-apresentacao-especial-na-igreja-do-padre-eustaquio-em-bh\/#breadcrumb"},"inLanguage":"es","potentialAction":[{"@type":"ReadAction","target":["https:\/\/www.padreeustaquio.com.br\/banda-da-pm-fara-apresentacao-especial-na-igreja-do-padre-eustaquio-em-bh\/"]}]},{"@type":"ImageObject","inLanguage":"es","@id":"https:\/\/www.padreeustaquio.com.br\/banda-da-pm-fara-apresentacao-especial-na-igreja-do-padre-eustaquio-em-bh\/#primaryimage","url":"https:\/\/www.padreeustaquio.com.br\/wp-content\/uploads\/2021\/12\/Banda-da-PM-no-Santuario.jpg","contentUrl":"https:\/\/www.padreeustaquio.com.br\/wp-content\/uploads\/2021\/12\/Banda-da-PM-no-Santuario.jpg","width":748,"height":394,"caption":"Foto: Junior Fotografias"},{"@type":"BreadcrumbList","@id":"https:\/\/www.padreeustaquio.com.br\/banda-da-pm-fara-apresentacao-especial-na-igreja-do-padre-eustaquio-em-bh\/#breadcrumb","itemListElement":[{"@type":"ListItem","position":1,"name":"In\u00edcio","item":"https:\/\/www.padreeustaquio.com.br\/"},{"@type":"ListItem","position":2,"name":"Banda da PM far\u00e1 apresenta\u00e7\u00e3o especial na Igreja do Padre Eust\u00e1quio em BH"}]},{"@type":"WebSite","@id":"https:\/\/www.padreeustaquio.com.br\/#website","url":"https:\/\/www.padreeustaquio.com.br\/","name":"Padre Eustace","description":"Salud y Paz","publisher":{"@id":"https:\/\/www.padreeustaquio.com.br\/#organization"},"potentialAction":[{"@type":"SearchAction","target":{"@type":"EntryPoint","urlTemplate":"https:\/\/www.padreeustaquio.com.br\/?s={search_term_string}"},"query-input":{"@type":"PropertyValueSpecification","valueRequired":true,"valueName":"search_term_string"}}],"inLanguage":"es"},{"@type":"Organization","@id":"https:\/\/www.padreeustaquio.com.br\/#organization","name":"Padre Eustace","url":"https:\/\/www.padreeustaquio.com.br\/","logo":{"@type":"ImageObject","inLanguage":"es","@id":"https:\/\/www.padreeustaquio.com.br\/#\/schema\/logo\/image\/","url":"https:\/\/www.padreeustaquio.com.br\/wp-content\/uploads\/2019\/08\/marca.png","contentUrl":"https:\/\/www.padreeustaquio.com.br\/wp-content\/uploads\/2019\/08\/marca.png","width":350,"height":400,"caption":"Padre Eust\u00e1quio"},"image":{"@id":"https:\/\/www.padreeustaquio.com.br\/#\/schema\/logo\/image\/"},"sameAs":["https:\/\/www.facebook.com\/beatopadreeustaquio\/","https:\/\/x.com\/beatopeustaquio","https:\/\/www.instagram.com\/beatopadreeustaquio\/","https:\/\/www.youtube.com\/channel\/UCRhw7vfabnajwLxb1ZXMeIw"]},{"@type":"Person","@id":"https:\/\/www.padreeustaquio.com.br\/#\/schema\/person\/a2a51db1d00f1a7af0204a0f1ddb1566","name":"@sscc","image":{"@type":"ImageObject","inLanguage":"es","@id":"https:\/\/secure.gravatar.com\/avatar\/68cfafa5f44617fea54071e215026e0ff06be366c3d54a8425f04fdcb86f8c5f?s=96&d=mm&r=g","url":"https:\/\/secure.gravatar.com\/avatar\/68cfafa5f44617fea54071e215026e0ff06be366c3d54a8425f04fdcb86f8c5f?s=96&d=mm&r=g","contentUrl":"https:\/\/secure.gravatar.com\/avatar\/68cfafa5f44617fea54071e215026e0ff06be366c3d54a8425f04fdcb86f8c5f?s=96&d=mm&r=g","caption":"@sscc"},"url":"https:\/\/www.padreeustaquio.com.br\/es\/author\/sscc\/"}]}},"_links":{"self":[{"href":"https:\/\/www.padreeustaquio.com.br\/es\/wp-json\/wp\/v2\/posts\/7720","targetHints":{"allow":["GET"]}}],"collection":[{"href":"https:\/\/www.padreeustaquio.com.br\/es\/wp-json\/wp\/v2\/posts"}],"about":[{"href":"https:\/\/www.padreeustaquio.com.br\/es\/wp-json\/wp\/v2\/types\/post"}],"author":[{"embeddable":true,"href":"https:\/\/www.padreeustaquio.com.br\/es\/wp-json\/wp\/v2\/users\/2"}],"replies":[{"embeddable":true,"href":"https:\/\/www.padreeustaquio.com.br\/es\/wp-json\/wp\/v2\/comments?post=7720"}],"version-history":[{"count":0,"href":"https:\/\/www.padreeustaquio.com.br\/es\/wp-json\/wp\/v2\/posts\/7720\/revisions"}],"wp:featuredmedia":[{"embeddable":true,"href":"https:\/\/www.padreeustaquio.com.br\/es\/wp-json\/wp\/v2\/media\/7721"}],"wp:attachment":[{"href":"https:\/\/www.padreeustaquio.com.br\/es\/wp-json\/wp\/v2\/media?parent=7720"}],"wp:term":[{"taxonomy":"category","embeddable":true,"href":"https:\/\/www.padreeustaquio.com.br\/es\/wp-json\/wp\/v2\/categories?post=7720"},{"taxonomy":"post_tag","embeddable":true,"href":"https:\/\/www.padreeustaquio.com.br\/es\/wp-json\/wp\/v2\/tags?post=7720"}],"curies":[{"name":"wp","href":"https:\/\/api.w.org\/{rel}","templated":true}]}}