{"id":7684,"date":"2021-12-10T06:07:00","date_gmt":"2021-12-10T09:07:00","guid":{"rendered":"https:\/\/www.padreeustaquio.com.br\/?p=7684"},"modified":"2021-12-06T13:18:34","modified_gmt":"2021-12-06T16:18:34","slug":"las-cartas-muestran-la-estrecha-relacion-del-padre-eustaquio-con-los-padres-de-la-nina-odetinha","status":"publish","type":"post","link":"https:\/\/www.padreeustaquio.com.br\/es\/las-cartas-muestran-la-estrecha-relacion-del-padre-eustaquio-con-los-padres-de-la-nina-odetinha\/","title":{"rendered":"Cartas revelan la estrecha relaci\u00f3n del padre Eust\u00e1quio con los padres de la ni\u00f1a Odetinha."},"content":{"rendered":"<p>El 25 de noviembre de este a\u00f1o, el Papa Francisco reconoci\u00f3 las Virtudes Heroicas de Odette Vidal Cardoso, la ni\u00f1a Odetinha. Con este decreto, la Sierva de Dios recibi\u00f3 el t\u00edtulo de Venerable.<\/p>\n\n\n\n<p>El Padre Eust\u00e1quio sent\u00eda un cari\u00f1o especial por la peque\u00f1a Odetinha. En el epistolario del Beato, los investigadores encontraron varias correspondencias intercambiadas entre los padres de la ni\u00f1a Odete, Alice Vidal Oliveira y Francisco Oliveira, y el Beato Padre Eust\u00e1quio a principios de la d\u00e9cada de 1940.<\/p>\n\n\n\n<p>Las cartas que ya fueron recuperadas por el equipo que trabaja en la restauraci\u00f3n y catalogaci\u00f3n del acervo y objetos relacionados con el Padre Eust\u00e1quio datan de 1941, y fueron recibidas por el Beato o enviadas por \u00e9l durante su estancia en la ciudad de Patroc\u00ednio, Minas Gerais.<\/p>\n\n\n\n<figure class=\"wp-block-gallery alignleft columns-1 is-cropped wp-block-gallery-1 is-layout-flex wp-block-gallery-is-layout-flex\"><ul class=\"blocks-gallery-grid\"><li class=\"blocks-gallery-item\"><figure><a href=\"https:\/\/www.padreeustaquio.com.br\/es\/?attachment_id=7688\"><img fetchpriority=\"high\" decoding=\"async\" width=\"758\" height=\"1024\" src=\"https:\/\/www.padreeustaquio.com.br\/wp-content\/uploads\/2021\/12\/carta-de-padre-eustaquio-a-odetinha-Odette-Vidal-2-758x1024.jpeg\" alt=\"\" data-id=\"7688\" data-full-url=\"https:\/\/www.padreeustaquio.com.br\/wp-content\/uploads\/2021\/12\/carta-de-padre-eustaquio-a-odetinha-Odette-Vidal-2.jpeg\" data-link=\"https:\/\/www.padreeustaquio.com.br\/?attachment_id=7688\" class=\"wp-image-7688\" srcset=\"https:\/\/www.padreeustaquio.com.br\/wp-content\/uploads\/2021\/12\/carta-de-padre-eustaquio-a-odetinha-Odette-Vidal-2-758x1024.jpeg 758w, https:\/\/www.padreeustaquio.com.br\/wp-content\/uploads\/2021\/12\/carta-de-padre-eustaquio-a-odetinha-Odette-Vidal-2-222x300.jpeg 222w, https:\/\/www.padreeustaquio.com.br\/wp-content\/uploads\/2021\/12\/carta-de-padre-eustaquio-a-odetinha-Odette-Vidal-2-768x1037.jpeg 768w, https:\/\/www.padreeustaquio.com.br\/wp-content\/uploads\/2021\/12\/carta-de-padre-eustaquio-a-odetinha-Odette-Vidal-2.jpeg 948w\" sizes=\"(max-width: 758px) 100vw, 758px\" \/><\/a><\/figure><\/li><\/ul><\/figure>\n\n\n\n<p>En un extracto de una de las cartas escritas por el padre Eust\u00e1quio a los padres de Odetinha, el sacerdote relata el encanto que sinti\u00f3 al conocer a Odetinha y c\u00f3mo su vida, aunque corta, le ayud\u00f3 a catequizar a los ni\u00f1os: <\/p>\n\n\n\n<p><strong><em>\u00bfC\u00f3mo est\u00e1 la familia? \u00bfSeguimos viviendo siempre en torno a la leche de Odetinha, cuya vida me encant\u00f3 y cuyas palabras he pronunciado tantas veces en presencia de tantos ni\u00f1os? Y al acercarse el d\u00eda de las misiones, recuerdo las hermosas palabras de ofrenda de Odete: \u00abTe ofrezco, oh Jes\u00fas m\u00edo, todos mis sufrimientos por las misiones\u00bb. Desde lo alto del cielo, ofrecer\u00e1 su ramo de lirios puros de pureza y rosas fragantes de amor al Divino Coraz\u00f3n de Jes\u00fas para beneficio de las misiones de este valle de l\u00e1grimas. Las l\u00e1grimas de Odetinha siempre me han acompa\u00f1ado y han sido para m\u00ed no solo un recordatorio de muchas virtudes, sino tambi\u00e9n un consuelo.<\/em><\/strong> Este extracto fue extra\u00eddo de la carta del Padre Eust\u00e1quio a los padres de Odetinha, Alice y Francisco, escrita por el Beato en Patroc\u00ednio el 13 de octubre de 1941 y conservada en los archivos del futuro Museo Padre Eust\u00e1quio.<\/p>\n\n\n\n<p>Odetinha, originaria de R\u00edo de Janeiro, vivi\u00f3 solo 9 a\u00f1os (1930-1939) y muri\u00f3 de fiebre tifoidea. Al igual que el padre Eust\u00e1quio, se hizo conocida por su esp\u00edritu caritativo y su preocupaci\u00f3n por los dem\u00e1s.<\/p>\n\n\n\n<p>Durante su enfermedad, mientras sufr\u00eda en cama, repet\u00eda: &quot;Te ofrezco, oh Jes\u00fas m\u00edo, todos mis sufrimientos por las misiones y por los ni\u00f1os pobres&quot;.<\/p>","protected":false},"excerpt":{"rendered":"<p>No dia 25 de novembro deste ano, o Papa Francisco reconheceu as Virtudes Heroicas de Odette Vidal Cardoso, a menina Odetinha. Com este decreto a Serva de Deus recebeu o t\u00edtulo de Vener\u00e1vel. Padre Eust\u00e1quio mantinha um carinho especial \u00e0 pequena Odetinha. No acervo de cartas do Beato os pesquisadores encontraram diversas correspond\u00eancias trocadas entre os pais da menina Odete, Alice Vidal Oliveira e Francisco Oliveira, e o Bem-aventurado Padre Eust\u00e1quio no in\u00edcio da d\u00e9cada de 1940. As cartas que j\u00e1 foram recuperadas pela equipe que trabalha na restaura\u00e7\u00e3o e cataloga\u00e7\u00e3o do acervo e dos objetos relacionados ao Padre Eust\u00e1quio, [&hellip;]<\/p>\n","protected":false},"author":2,"featured_media":7685,"comment_status":"open","ping_status":"closed","sticky":false,"template":"","format":"standard","meta":{"_acf_changed":false,"footnotes":""},"categories":[611],"tags":[],"class_list":["post-7684","post","type-post","status-publish","format-standard","has-post-thumbnail","hentry","category-noticias"],"acf":[],"yoast_head":"<!-- This site is optimized with the Yoast SEO plugin v27.2 - https:\/\/yoast.com\/product\/yoast-seo-wordpress\/ -->\n<title>Cartas mostram proximidade de Padre Eust\u00e1quio com pais da menina Odetinha<\/title>\n<meta name=\"description\" content=\"Padre Eust\u00e1quio mantinha um carinho especial \u00e0 pequena Odetinha. No acervo de cartas do Beato os pesquisadores encontraram diversas correspond\u00eancias trocadas entre os pais da menina Odete, Alice Vidal Oliveira e Francisco Oliveira, e o Bem-aventurado Padre Eust\u00e1quio no in\u00edcio da d\u00e9cada de 1940.\" \/>\n<meta name=\"robots\" content=\"index, follow, max-snippet:-1, max-image-preview:large, max-video-preview:-1\" \/>\n<link rel=\"canonical\" href=\"https:\/\/www.padreeustaquio.com.br\/es\/las-cartas-muestran-la-estrecha-relacion-del-padre-eustaquio-con-los-padres-de-la-nina-odetinha\/\" \/>\n<meta property=\"og:locale\" content=\"es_ES\" \/>\n<meta property=\"og:type\" content=\"article\" \/>\n<meta property=\"og:title\" content=\"Cartas mostram proximidade de Padre Eust\u00e1quio com pais da menina Odetinha\" \/>\n<meta property=\"og:description\" content=\"Padre Eust\u00e1quio mantinha um carinho especial \u00e0 pequena Odetinha. No acervo de cartas do Beato os pesquisadores encontraram diversas correspond\u00eancias trocadas entre os pais da menina Odete, Alice Vidal Oliveira e Francisco Oliveira, e o Bem-aventurado Padre Eust\u00e1quio no in\u00edcio da d\u00e9cada de 1940.\" \/>\n<meta property=\"og:url\" content=\"https:\/\/www.padreeustaquio.com.br\/es\/las-cartas-muestran-la-estrecha-relacion-del-padre-eustaquio-con-los-padres-de-la-nina-odetinha\/\" \/>\n<meta property=\"og:site_name\" content=\"Padre Eust\u00e1quio\" \/>\n<meta property=\"article:publisher\" content=\"https:\/\/www.facebook.com\/beatopadreeustaquio\/\" \/>\n<meta property=\"article:published_time\" content=\"2021-12-10T09:07:00+00:00\" \/>\n<meta property=\"og:image\" content=\"https:\/\/www.padreeustaquio.com.br\/wp-content\/uploads\/2021\/12\/odetinha.jpg\" \/>\n\t<meta property=\"og:image:width\" content=\"748\" \/>\n\t<meta property=\"og:image:height\" content=\"394\" \/>\n\t<meta property=\"og:image:type\" content=\"image\/jpeg\" \/>\n<meta name=\"author\" content=\"@sscc\" \/>\n<meta name=\"twitter:card\" content=\"summary_large_image\" \/>\n<meta name=\"twitter:creator\" content=\"@beatopeustaquio\" \/>\n<meta name=\"twitter:site\" content=\"@beatopeustaquio\" \/>\n<meta name=\"twitter:label1\" content=\"Escrito por\" \/>\n\t<meta name=\"twitter:data1\" content=\"@sscc\" \/>\n\t<meta name=\"twitter:label2\" content=\"Tiempo de lectura\" \/>\n\t<meta name=\"twitter:data2\" content=\"2 minutos\" \/>\n<script type=\"application\/ld+json\" class=\"yoast-schema-graph\">{\"@context\":\"https:\/\/schema.org\",\"@graph\":[{\"@type\":\"Article\",\"@id\":\"https:\/\/www.padreeustaquio.com.br\/cartas-mostram-proximidade-de-padre-eustaquio-com-pais-da-menina-odetinha\/#article\",\"isPartOf\":{\"@id\":\"https:\/\/www.padreeustaquio.com.br\/cartas-mostram-proximidade-de-padre-eustaquio-com-pais-da-menina-odetinha\/\"},\"author\":{\"name\":\"@sscc\",\"@id\":\"https:\/\/www.padreeustaquio.com.br\/#\/schema\/person\/a2a51db1d00f1a7af0204a0f1ddb1566\"},\"headline\":\"Cartas mostram proximidade de Padre Eust\u00e1quio com pais da menina Odetinha\",\"datePublished\":\"2021-12-10T09:07:00+00:00\",\"mainEntityOfPage\":{\"@id\":\"https:\/\/www.padreeustaquio.com.br\/cartas-mostram-proximidade-de-padre-eustaquio-com-pais-da-menina-odetinha\/\"},\"wordCount\":409,\"commentCount\":0,\"publisher\":{\"@id\":\"https:\/\/www.padreeustaquio.com.br\/#organization\"},\"image\":{\"@id\":\"https:\/\/www.padreeustaquio.com.br\/cartas-mostram-proximidade-de-padre-eustaquio-com-pais-da-menina-odetinha\/#primaryimage\"},\"thumbnailUrl\":\"https:\/\/www.padreeustaquio.com.br\/wp-content\/uploads\/2021\/12\/odetinha.jpg\",\"articleSection\":[\"Not\u00edcias\"],\"inLanguage\":\"es\",\"potentialAction\":[{\"@type\":\"CommentAction\",\"name\":\"Comment\",\"target\":[\"https:\/\/www.padreeustaquio.com.br\/cartas-mostram-proximidade-de-padre-eustaquio-com-pais-da-menina-odetinha\/#respond\"]}]},{\"@type\":\"WebPage\",\"@id\":\"https:\/\/www.padreeustaquio.com.br\/cartas-mostram-proximidade-de-padre-eustaquio-com-pais-da-menina-odetinha\/\",\"url\":\"https:\/\/www.padreeustaquio.com.br\/cartas-mostram-proximidade-de-padre-eustaquio-com-pais-da-menina-odetinha\/\",\"name\":\"Cartas mostram proximidade de Padre Eust\u00e1quio com pais da menina Odetinha\",\"isPartOf\":{\"@id\":\"https:\/\/www.padreeustaquio.com.br\/#website\"},\"primaryImageOfPage\":{\"@id\":\"https:\/\/www.padreeustaquio.com.br\/cartas-mostram-proximidade-de-padre-eustaquio-com-pais-da-menina-odetinha\/#primaryimage\"},\"image\":{\"@id\":\"https:\/\/www.padreeustaquio.com.br\/cartas-mostram-proximidade-de-padre-eustaquio-com-pais-da-menina-odetinha\/#primaryimage\"},\"thumbnailUrl\":\"https:\/\/www.padreeustaquio.com.br\/wp-content\/uploads\/2021\/12\/odetinha.jpg\",\"datePublished\":\"2021-12-10T09:07:00+00:00\",\"description\":\"Padre Eust\u00e1quio mantinha um carinho especial \u00e0 pequena Odetinha. No acervo de cartas do Beato os pesquisadores encontraram diversas correspond\u00eancias trocadas entre os pais da menina Odete, Alice Vidal Oliveira e Francisco Oliveira, e o Bem-aventurado Padre Eust\u00e1quio no in\u00edcio da d\u00e9cada de 1940.\",\"breadcrumb\":{\"@id\":\"https:\/\/www.padreeustaquio.com.br\/cartas-mostram-proximidade-de-padre-eustaquio-com-pais-da-menina-odetinha\/#breadcrumb\"},\"inLanguage\":\"es\",\"potentialAction\":[{\"@type\":\"ReadAction\",\"target\":[\"https:\/\/www.padreeustaquio.com.br\/cartas-mostram-proximidade-de-padre-eustaquio-com-pais-da-menina-odetinha\/\"]}]},{\"@type\":\"ImageObject\",\"inLanguage\":\"es\",\"@id\":\"https:\/\/www.padreeustaquio.com.br\/cartas-mostram-proximidade-de-padre-eustaquio-com-pais-da-menina-odetinha\/#primaryimage\",\"url\":\"https:\/\/www.padreeustaquio.com.br\/wp-content\/uploads\/2021\/12\/odetinha.jpg\",\"contentUrl\":\"https:\/\/www.padreeustaquio.com.br\/wp-content\/uploads\/2021\/12\/odetinha.jpg\",\"width\":748,\"height\":394},{\"@type\":\"BreadcrumbList\",\"@id\":\"https:\/\/www.padreeustaquio.com.br\/cartas-mostram-proximidade-de-padre-eustaquio-com-pais-da-menina-odetinha\/#breadcrumb\",\"itemListElement\":[{\"@type\":\"ListItem\",\"position\":1,\"name\":\"In\u00edcio\",\"item\":\"https:\/\/www.padreeustaquio.com.br\/\"},{\"@type\":\"ListItem\",\"position\":2,\"name\":\"Cartas mostram proximidade de Padre Eust\u00e1quio com pais da menina Odetinha\"}]},{\"@type\":\"WebSite\",\"@id\":\"https:\/\/www.padreeustaquio.com.br\/#website\",\"url\":\"https:\/\/www.padreeustaquio.com.br\/\",\"name\":\"Padre Eust\u00e1quio\",\"description\":\"Sa\u00fade e Paz\",\"publisher\":{\"@id\":\"https:\/\/www.padreeustaquio.com.br\/#organization\"},\"potentialAction\":[{\"@type\":\"SearchAction\",\"target\":{\"@type\":\"EntryPoint\",\"urlTemplate\":\"https:\/\/www.padreeustaquio.com.br\/?s={search_term_string}\"},\"query-input\":{\"@type\":\"PropertyValueSpecification\",\"valueRequired\":true,\"valueName\":\"search_term_string\"}}],\"inLanguage\":\"es\"},{\"@type\":\"Organization\",\"@id\":\"https:\/\/www.padreeustaquio.com.br\/#organization\",\"name\":\"Padre Eust\u00e1quio\",\"url\":\"https:\/\/www.padreeustaquio.com.br\/\",\"logo\":{\"@type\":\"ImageObject\",\"inLanguage\":\"es\",\"@id\":\"https:\/\/www.padreeustaquio.com.br\/#\/schema\/logo\/image\/\",\"url\":\"https:\/\/www.padreeustaquio.com.br\/wp-content\/uploads\/2019\/08\/marca.png\",\"contentUrl\":\"https:\/\/www.padreeustaquio.com.br\/wp-content\/uploads\/2019\/08\/marca.png\",\"width\":350,\"height\":400,\"caption\":\"Padre Eust\u00e1quio\"},\"image\":{\"@id\":\"https:\/\/www.padreeustaquio.com.br\/#\/schema\/logo\/image\/\"},\"sameAs\":[\"https:\/\/www.facebook.com\/beatopadreeustaquio\/\",\"https:\/\/x.com\/beatopeustaquio\",\"https:\/\/www.instagram.com\/beatopadreeustaquio\/\",\"https:\/\/www.youtube.com\/channel\/UCRhw7vfabnajwLxb1ZXMeIw\"]},{\"@type\":\"Person\",\"@id\":\"https:\/\/www.padreeustaquio.com.br\/#\/schema\/person\/a2a51db1d00f1a7af0204a0f1ddb1566\",\"name\":\"@sscc\",\"image\":{\"@type\":\"ImageObject\",\"inLanguage\":\"es\",\"@id\":\"https:\/\/secure.gravatar.com\/avatar\/68cfafa5f44617fea54071e215026e0ff06be366c3d54a8425f04fdcb86f8c5f?s=96&d=mm&r=g\",\"url\":\"https:\/\/secure.gravatar.com\/avatar\/68cfafa5f44617fea54071e215026e0ff06be366c3d54a8425f04fdcb86f8c5f?s=96&d=mm&r=g\",\"contentUrl\":\"https:\/\/secure.gravatar.com\/avatar\/68cfafa5f44617fea54071e215026e0ff06be366c3d54a8425f04fdcb86f8c5f?s=96&d=mm&r=g\",\"caption\":\"@sscc\"},\"url\":\"https:\/\/www.padreeustaquio.com.br\/es\/author\/sscc\/\"}]}<\/script>\n<!-- \/ Yoast SEO plugin. -->","yoast_head_json":{"title":"Cartas revelan la estrecha relaci\u00f3n del padre Eust\u00e1quio con los padres de la ni\u00f1a Odetinha.","description":"El Padre Eust\u00e1quio sent\u00eda un cari\u00f1o especial por la peque\u00f1a Odetinha. En el epistolario del Beato, los investigadores encontraron varias correspondencias intercambiadas entre los padres de la ni\u00f1a Odete, Alice Vidal Oliveira y Francisco Oliveira, y el Beato Padre Eust\u00e1quio a principios de la d\u00e9cada de 1940.","robots":{"index":"index","follow":"follow","max-snippet":"max-snippet:-1","max-image-preview":"max-image-preview:large","max-video-preview":"max-video-preview:-1"},"canonical":"https:\/\/www.padreeustaquio.com.br\/es\/las-cartas-muestran-la-estrecha-relacion-del-padre-eustaquio-con-los-padres-de-la-nina-odetinha\/","og_locale":"es_ES","og_type":"article","og_title":"Cartas mostram proximidade de Padre Eust\u00e1quio com pais da menina Odetinha","og_description":"Padre Eust\u00e1quio mantinha um carinho especial \u00e0 pequena Odetinha. No acervo de cartas do Beato os pesquisadores encontraram diversas correspond\u00eancias trocadas entre os pais da menina Odete, Alice Vidal Oliveira e Francisco Oliveira, e o Bem-aventurado Padre Eust\u00e1quio no in\u00edcio da d\u00e9cada de 1940.","og_url":"https:\/\/www.padreeustaquio.com.br\/es\/las-cartas-muestran-la-estrecha-relacion-del-padre-eustaquio-con-los-padres-de-la-nina-odetinha\/","og_site_name":"Padre Eust\u00e1quio","article_publisher":"https:\/\/www.facebook.com\/beatopadreeustaquio\/","article_published_time":"2021-12-10T09:07:00+00:00","og_image":[{"width":748,"height":394,"url":"https:\/\/www.padreeustaquio.com.br\/wp-content\/uploads\/2021\/12\/odetinha.jpg","type":"image\/jpeg"}],"author":"@sscc","twitter_card":"summary_large_image","twitter_creator":"@beatopeustaquio","twitter_site":"@beatopeustaquio","twitter_misc":{"Escrito por":"@sscc","Tiempo de lectura":"2 minutos"},"schema":{"@context":"https:\/\/schema.org","@graph":[{"@type":"Article","@id":"https:\/\/www.padreeustaquio.com.br\/cartas-mostram-proximidade-de-padre-eustaquio-com-pais-da-menina-odetinha\/#article","isPartOf":{"@id":"https:\/\/www.padreeustaquio.com.br\/cartas-mostram-proximidade-de-padre-eustaquio-com-pais-da-menina-odetinha\/"},"author":{"name":"@sscc","@id":"https:\/\/www.padreeustaquio.com.br\/#\/schema\/person\/a2a51db1d00f1a7af0204a0f1ddb1566"},"headline":"Cartas mostram proximidade de Padre Eust\u00e1quio com pais da menina Odetinha","datePublished":"2021-12-10T09:07:00+00:00","mainEntityOfPage":{"@id":"https:\/\/www.padreeustaquio.com.br\/cartas-mostram-proximidade-de-padre-eustaquio-com-pais-da-menina-odetinha\/"},"wordCount":409,"commentCount":0,"publisher":{"@id":"https:\/\/www.padreeustaquio.com.br\/#organization"},"image":{"@id":"https:\/\/www.padreeustaquio.com.br\/cartas-mostram-proximidade-de-padre-eustaquio-com-pais-da-menina-odetinha\/#primaryimage"},"thumbnailUrl":"https:\/\/www.padreeustaquio.com.br\/wp-content\/uploads\/2021\/12\/odetinha.jpg","articleSection":["Not\u00edcias"],"inLanguage":"es","potentialAction":[{"@type":"CommentAction","name":"Comment","target":["https:\/\/www.padreeustaquio.com.br\/cartas-mostram-proximidade-de-padre-eustaquio-com-pais-da-menina-odetinha\/#respond"]}]},{"@type":"WebPage","@id":"https:\/\/www.padreeustaquio.com.br\/cartas-mostram-proximidade-de-padre-eustaquio-com-pais-da-menina-odetinha\/","url":"https:\/\/www.padreeustaquio.com.br\/cartas-mostram-proximidade-de-padre-eustaquio-com-pais-da-menina-odetinha\/","name":"Cartas revelan la estrecha relaci\u00f3n del padre Eust\u00e1quio con los padres de la ni\u00f1a Odetinha.","isPartOf":{"@id":"https:\/\/www.padreeustaquio.com.br\/#website"},"primaryImageOfPage":{"@id":"https:\/\/www.padreeustaquio.com.br\/cartas-mostram-proximidade-de-padre-eustaquio-com-pais-da-menina-odetinha\/#primaryimage"},"image":{"@id":"https:\/\/www.padreeustaquio.com.br\/cartas-mostram-proximidade-de-padre-eustaquio-com-pais-da-menina-odetinha\/#primaryimage"},"thumbnailUrl":"https:\/\/www.padreeustaquio.com.br\/wp-content\/uploads\/2021\/12\/odetinha.jpg","datePublished":"2021-12-10T09:07:00+00:00","description":"El Padre Eust\u00e1quio sent\u00eda un cari\u00f1o especial por la peque\u00f1a Odetinha. En el epistolario del Beato, los investigadores encontraron varias correspondencias intercambiadas entre los padres de la ni\u00f1a Odete, Alice Vidal Oliveira y Francisco Oliveira, y el Beato Padre Eust\u00e1quio a principios de la d\u00e9cada de 1940.","breadcrumb":{"@id":"https:\/\/www.padreeustaquio.com.br\/cartas-mostram-proximidade-de-padre-eustaquio-com-pais-da-menina-odetinha\/#breadcrumb"},"inLanguage":"es","potentialAction":[{"@type":"ReadAction","target":["https:\/\/www.padreeustaquio.com.br\/cartas-mostram-proximidade-de-padre-eustaquio-com-pais-da-menina-odetinha\/"]}]},{"@type":"ImageObject","inLanguage":"es","@id":"https:\/\/www.padreeustaquio.com.br\/cartas-mostram-proximidade-de-padre-eustaquio-com-pais-da-menina-odetinha\/#primaryimage","url":"https:\/\/www.padreeustaquio.com.br\/wp-content\/uploads\/2021\/12\/odetinha.jpg","contentUrl":"https:\/\/www.padreeustaquio.com.br\/wp-content\/uploads\/2021\/12\/odetinha.jpg","width":748,"height":394},{"@type":"BreadcrumbList","@id":"https:\/\/www.padreeustaquio.com.br\/cartas-mostram-proximidade-de-padre-eustaquio-com-pais-da-menina-odetinha\/#breadcrumb","itemListElement":[{"@type":"ListItem","position":1,"name":"In\u00edcio","item":"https:\/\/www.padreeustaquio.com.br\/"},{"@type":"ListItem","position":2,"name":"Cartas mostram proximidade de Padre Eust\u00e1quio com pais da menina Odetinha"}]},{"@type":"WebSite","@id":"https:\/\/www.padreeustaquio.com.br\/#website","url":"https:\/\/www.padreeustaquio.com.br\/","name":"Padre Eustace","description":"Salud y Paz","publisher":{"@id":"https:\/\/www.padreeustaquio.com.br\/#organization"},"potentialAction":[{"@type":"SearchAction","target":{"@type":"EntryPoint","urlTemplate":"https:\/\/www.padreeustaquio.com.br\/?s={search_term_string}"},"query-input":{"@type":"PropertyValueSpecification","valueRequired":true,"valueName":"search_term_string"}}],"inLanguage":"es"},{"@type":"Organization","@id":"https:\/\/www.padreeustaquio.com.br\/#organization","name":"Padre Eustace","url":"https:\/\/www.padreeustaquio.com.br\/","logo":{"@type":"ImageObject","inLanguage":"es","@id":"https:\/\/www.padreeustaquio.com.br\/#\/schema\/logo\/image\/","url":"https:\/\/www.padreeustaquio.com.br\/wp-content\/uploads\/2019\/08\/marca.png","contentUrl":"https:\/\/www.padreeustaquio.com.br\/wp-content\/uploads\/2019\/08\/marca.png","width":350,"height":400,"caption":"Padre Eust\u00e1quio"},"image":{"@id":"https:\/\/www.padreeustaquio.com.br\/#\/schema\/logo\/image\/"},"sameAs":["https:\/\/www.facebook.com\/beatopadreeustaquio\/","https:\/\/x.com\/beatopeustaquio","https:\/\/www.instagram.com\/beatopadreeustaquio\/","https:\/\/www.youtube.com\/channel\/UCRhw7vfabnajwLxb1ZXMeIw"]},{"@type":"Person","@id":"https:\/\/www.padreeustaquio.com.br\/#\/schema\/person\/a2a51db1d00f1a7af0204a0f1ddb1566","name":"@sscc","image":{"@type":"ImageObject","inLanguage":"es","@id":"https:\/\/secure.gravatar.com\/avatar\/68cfafa5f44617fea54071e215026e0ff06be366c3d54a8425f04fdcb86f8c5f?s=96&d=mm&r=g","url":"https:\/\/secure.gravatar.com\/avatar\/68cfafa5f44617fea54071e215026e0ff06be366c3d54a8425f04fdcb86f8c5f?s=96&d=mm&r=g","contentUrl":"https:\/\/secure.gravatar.com\/avatar\/68cfafa5f44617fea54071e215026e0ff06be366c3d54a8425f04fdcb86f8c5f?s=96&d=mm&r=g","caption":"@sscc"},"url":"https:\/\/www.padreeustaquio.com.br\/es\/author\/sscc\/"}]}},"_links":{"self":[{"href":"https:\/\/www.padreeustaquio.com.br\/es\/wp-json\/wp\/v2\/posts\/7684","targetHints":{"allow":["GET"]}}],"collection":[{"href":"https:\/\/www.padreeustaquio.com.br\/es\/wp-json\/wp\/v2\/posts"}],"about":[{"href":"https:\/\/www.padreeustaquio.com.br\/es\/wp-json\/wp\/v2\/types\/post"}],"author":[{"embeddable":true,"href":"https:\/\/www.padreeustaquio.com.br\/es\/wp-json\/wp\/v2\/users\/2"}],"replies":[{"embeddable":true,"href":"https:\/\/www.padreeustaquio.com.br\/es\/wp-json\/wp\/v2\/comments?post=7684"}],"version-history":[{"count":0,"href":"https:\/\/www.padreeustaquio.com.br\/es\/wp-json\/wp\/v2\/posts\/7684\/revisions"}],"wp:featuredmedia":[{"embeddable":true,"href":"https:\/\/www.padreeustaquio.com.br\/es\/wp-json\/wp\/v2\/media\/7685"}],"wp:attachment":[{"href":"https:\/\/www.padreeustaquio.com.br\/es\/wp-json\/wp\/v2\/media?parent=7684"}],"wp:term":[{"taxonomy":"category","embeddable":true,"href":"https:\/\/www.padreeustaquio.com.br\/es\/wp-json\/wp\/v2\/categories?post=7684"},{"taxonomy":"post_tag","embeddable":true,"href":"https:\/\/www.padreeustaquio.com.br\/es\/wp-json\/wp\/v2\/tags?post=7684"}],"curies":[{"name":"wp","href":"https:\/\/api.w.org\/{rel}","templated":true}]}}