{"id":7678,"date":"2021-12-08T06:17:00","date_gmt":"2021-12-08T09:17:00","guid":{"rendered":"https:\/\/www.padreeustaquio.com.br\/?p=7678"},"modified":"2021-12-07T22:40:35","modified_gmt":"2021-12-08T01:40:35","slug":"el-padre-luis-erlin-celebra-misa-y-firma-libros-en-la-iglesia-del-padre-eustaquio-en-belo-horizonte","status":"publish","type":"post","link":"https:\/\/www.padreeustaquio.com.br\/es\/el-padre-luis-erlin-celebra-misa-y-firma-libros-en-la-iglesia-del-padre-eustaquio-en-belo-horizonte\/","title":{"rendered":"El padre Lu\u00eds Erlin celebra misa y firma libros en la Iglesia de Padre Eust\u00e1quio en Belo Horizonte."},"content":{"rendered":"<p>Autor de grandes obras de literatura religiosa, el Padre Lu\u00eds Erlin, CMF, presidi\u00f3 la Santa Misa este martes 7 de diciembre en la Iglesia Padre Eust\u00e1quio de Belo Horizonte. Tras la misa, el sacerdote firm\u00f3 ejemplares de sus libros en el Centro Comunitario, junto a la Librer\u00eda Padre Eust\u00e1quio.<\/p>\n\n\n\n<p>Durante la celebraci\u00f3n en el Santuario de la Salud y la Paz, el Padre Lu\u00eds Erlin habl\u00f3 sobre la devoci\u00f3n a Mar\u00eda, citando pasajes de los libros que escribi\u00f3 sobre la Madre de Jes\u00fas. El sacerdote tambi\u00e9n enfatiz\u00f3 la importancia de San Jos\u00e9 en la preparaci\u00f3n para la venida del Salvador. En un momento de la celebraci\u00f3n, Erlin se dirigi\u00f3 a las familias de los dolientes presentes en el Santuario, quienes conmemoraban los d\u00edas 7 y 30 de su fallecimiento, hablando sobre la muerte y lo que debe representar en nuestras vidas. <\/p>\n\n\n\n<figure class=\"wp-block-gallery alignleft columns-1 is-cropped wp-block-gallery-1 is-layout-flex wp-block-gallery-is-layout-flex\"><ul class=\"blocks-gallery-grid\"><li class=\"blocks-gallery-item\"><figure><img fetchpriority=\"high\" decoding=\"async\" width=\"1024\" height=\"683\" src=\"https:\/\/www.padreeustaquio.com.br\/wp-content\/uploads\/2021\/12\/MG_4307-1-1024x683.jpg\" alt=\"\" data-id=\"7695\" data-full-url=\"https:\/\/www.padreeustaquio.com.br\/wp-content\/uploads\/2021\/12\/MG_4307-1-scaled.jpg\" data-link=\"https:\/\/www.padreeustaquio.com.br\/?attachment_id=7695\" class=\"wp-image-7695\" srcset=\"https:\/\/www.padreeustaquio.com.br\/wp-content\/uploads\/2021\/12\/MG_4307-1-1024x683.jpg 1024w, https:\/\/www.padreeustaquio.com.br\/wp-content\/uploads\/2021\/12\/MG_4307-1-300x200.jpg 300w, https:\/\/www.padreeustaquio.com.br\/wp-content\/uploads\/2021\/12\/MG_4307-1-768x512.jpg 768w, https:\/\/www.padreeustaquio.com.br\/wp-content\/uploads\/2021\/12\/MG_4307-1-1536x1024.jpg 1536w, https:\/\/www.padreeustaquio.com.br\/wp-content\/uploads\/2021\/12\/MG_4307-1-2048x1365.jpg 2048w\" sizes=\"(max-width: 1024px) 100vw, 1024px\" \/><\/figure><\/li><\/ul><\/figure>\n\n\n\n<p>El misionero claretiano, padre Lu\u00eds Erlin, es autor de varios libros, entre ellos &quot;9 meses con Mar\u00eda&quot;, &quot;3 meses con San Jos\u00e9&quot; y &quot;50 d\u00edas en el Cen\u00e1culo con Mar\u00eda&quot;, todos publicados por [nombre de la editorial].\u00a0<a href=\"https:\/\/avemaria.com.br\/\" target=\"_blank\" rel=\"noreferrer noopener\">Editorial Ave Mar\u00eda<\/a>. La Santa Misa, presidida por el sacerdote claretiano, se retransmiti\u00f3 en el canal de YouTube del Padre Eust\u00e1quio (v\u00e9ala aqu\u00ed). La celebraci\u00f3n tambi\u00e9n cont\u00f3 con la presencia de fieles, con todos los controles y medidas de desinfecci\u00f3n necesarios en la entrada de la iglesia. Dentro del Santuario, todos los participantes portaron mascarillas, de acuerdo con los protocolos sanitarios.<\/p>\n\n\n\n<p>Despu\u00e9s de la Santa Misa, el misionero se dirigi\u00f3 al Centro Comunitario, donde se reuni\u00f3 con cada uno de los presentes, dedicando sus libros y tom\u00e1ndose fotos con todos los que pasaban. El Padre Lu\u00eds tambi\u00e9n grab\u00f3 material para la Librer\u00eda Padre Eust\u00e1quio, destacando sus obras.<\/p>\n\n\n\n<p><strong><a href=\"https:\/\/www.padreluiserlin.com.br\/\" target=\"_blank\" rel=\"noreferrer noopener\">Padre Lu\u00eds Erlin, CMF<\/a><\/strong><\/p>\n\n\n\n<p><strong>Padre Luis Erlin<\/strong>&nbsp;Es Misionero del Inmaculado Coraz\u00f3n de Mar\u00eda (Clareciano). Naci\u00f3 el 3 de diciembre de 1973 en Camb\u00e9 (PR). Es el cuarto hijo de Manoel Jo\u00e3o.&nbsp;<em>(en memoria<\/em>) y Aparecida Guizilini (<em>en memoria<\/em>Es licenciado en Filosof\u00eda, Teolog\u00eda y Periodismo, y tiene una maestr\u00eda y un doctorado en Comunicaci\u00f3n Social. Es director general de Editora Ave-Maria y Revista Ave Maria, donde escribe regularmente.<\/p>","protected":false},"excerpt":{"rendered":"<p>Autor de grandes obras da literatura religiosa, Padre Lu\u00eds Erlin, CMF, presidiu nessa ter\u00e7a-feira, dia 07 de dezembro, a Santa Missa na Igreja do Padre Eust\u00e1quio, em Belo Horizonte. Em seguida, o sacerdote autografou seus livros no Centro Comunit\u00e1rio, ao lado da Loja do Padre Eust\u00e1quio. Durante a celebra\u00e7\u00e3o no Santu\u00e1rio da Sa\u00fade e Paz, Padre Lu\u00eds Erlin falou da devo\u00e7\u00e3o \u00e0 Maria, citando trechos dos livros que escreveu sobre a M\u00e3e de Jesus. O padre tamb\u00e9m ressaltou a import\u00e2ncia de S\u00e3o Jos\u00e9 na prepara\u00e7\u00e3o para a vinda do Salvador. Em um dos momentos da celebra\u00e7\u00e3o, Erlin se dirigiu \u00e0s [&hellip;]<\/p>\n","protected":false},"author":2,"featured_media":7692,"comment_status":"open","ping_status":"closed","sticky":false,"template":"","format":"standard","meta":{"_acf_changed":false,"footnotes":""},"categories":[611],"tags":[],"class_list":["post-7678","post","type-post","status-publish","format-standard","has-post-thumbnail","hentry","category-noticias"],"acf":[],"yoast_head":"<!-- This site is optimized with the Yoast SEO plugin v27.2 - https:\/\/yoast.com\/product\/yoast-seo-wordpress\/ -->\n<title>Padre Lu\u00eds Erlin celebra e autografa livros na Igreja do Padre Eust\u00e1quio em BH<\/title>\n<meta name=\"description\" content=\"Autor de grandes obras da literatura religiosa, Padre Lu\u00eds Erlin, CMF, presidiu nessa ter\u00e7a-feira, dia 07 de dezembro, a Santa Missa na Igreja do Padre Eust\u00e1quio, em Belo Horizonte. Em seguida, o sacerdote autografou seus livros na Loja do Padre Eust\u00e1quio.\" \/>\n<meta name=\"robots\" content=\"index, follow, max-snippet:-1, max-image-preview:large, max-video-preview:-1\" \/>\n<link rel=\"canonical\" href=\"https:\/\/www.padreeustaquio.com.br\/es\/el-padre-luis-erlin-celebra-misa-y-firma-libros-en-la-iglesia-del-padre-eustaquio-en-belo-horizonte\/\" \/>\n<meta property=\"og:locale\" content=\"es_ES\" \/>\n<meta property=\"og:type\" content=\"article\" \/>\n<meta property=\"og:title\" content=\"Padre Lu\u00eds Erlin celebra e autografa livros na Igreja do Padre Eust\u00e1quio em BH\" \/>\n<meta property=\"og:description\" content=\"Autor de grandes obras da literatura religiosa, Padre Lu\u00eds Erlin, CMF, presidiu nessa ter\u00e7a-feira, dia 07 de dezembro, a Santa Missa na Igreja do Padre Eust\u00e1quio, em Belo Horizonte. Em seguida, o sacerdote autografou seus livros na Loja do Padre Eust\u00e1quio.\" \/>\n<meta property=\"og:url\" content=\"https:\/\/www.padreeustaquio.com.br\/es\/el-padre-luis-erlin-celebra-misa-y-firma-libros-en-la-iglesia-del-padre-eustaquio-en-belo-horizonte\/\" \/>\n<meta property=\"og:site_name\" content=\"Padre Eust\u00e1quio\" \/>\n<meta property=\"article:publisher\" content=\"https:\/\/www.facebook.com\/beatopadreeustaquio\/\" \/>\n<meta property=\"article:published_time\" content=\"2021-12-08T09:17:00+00:00\" \/>\n<meta property=\"og:image\" content=\"https:\/\/www.padreeustaquio.com.br\/wp-content\/uploads\/2021\/12\/MG_4257-scaled-e1638927597655.jpg\" \/>\n\t<meta property=\"og:image:width\" content=\"2560\" \/>\n\t<meta property=\"og:image:height\" content=\"1561\" \/>\n\t<meta property=\"og:image:type\" content=\"image\/jpeg\" \/>\n<meta name=\"author\" content=\"@sscc\" \/>\n<meta name=\"twitter:card\" content=\"summary_large_image\" \/>\n<meta name=\"twitter:creator\" content=\"@beatopeustaquio\" \/>\n<meta name=\"twitter:site\" content=\"@beatopeustaquio\" \/>\n<meta name=\"twitter:label1\" content=\"Escrito por\" \/>\n\t<meta name=\"twitter:data1\" content=\"@sscc\" \/>\n\t<meta name=\"twitter:label2\" content=\"Tiempo de lectura\" \/>\n\t<meta name=\"twitter:data2\" content=\"2 minutos\" \/>\n<script type=\"application\/ld+json\" class=\"yoast-schema-graph\">{\"@context\":\"https:\/\/schema.org\",\"@graph\":[{\"@type\":\"Article\",\"@id\":\"https:\/\/www.padreeustaquio.com.br\/padre-luis-erlin-celebra-e-autografa-livros-na-igreja-do-padre-eustaquio-em-bh\/#article\",\"isPartOf\":{\"@id\":\"https:\/\/www.padreeustaquio.com.br\/padre-luis-erlin-celebra-e-autografa-livros-na-igreja-do-padre-eustaquio-em-bh\/\"},\"author\":{\"name\":\"@sscc\",\"@id\":\"https:\/\/www.padreeustaquio.com.br\/#\/schema\/person\/a2a51db1d00f1a7af0204a0f1ddb1566\"},\"headline\":\"Padre Lu\u00eds Erlin celebra e autografa livros na Igreja do Padre Eust\u00e1quio em BH\",\"datePublished\":\"2021-12-08T09:17:00+00:00\",\"mainEntityOfPage\":{\"@id\":\"https:\/\/www.padreeustaquio.com.br\/padre-luis-erlin-celebra-e-autografa-livros-na-igreja-do-padre-eustaquio-em-bh\/\"},\"wordCount\":370,\"commentCount\":0,\"publisher\":{\"@id\":\"https:\/\/www.padreeustaquio.com.br\/#organization\"},\"image\":{\"@id\":\"https:\/\/www.padreeustaquio.com.br\/padre-luis-erlin-celebra-e-autografa-livros-na-igreja-do-padre-eustaquio-em-bh\/#primaryimage\"},\"thumbnailUrl\":\"https:\/\/www.padreeustaquio.com.br\/wp-content\/uploads\/2021\/12\/MG_4257-scaled-e1638927597655.jpg\",\"articleSection\":[\"Not\u00edcias\"],\"inLanguage\":\"es\",\"potentialAction\":[{\"@type\":\"CommentAction\",\"name\":\"Comment\",\"target\":[\"https:\/\/www.padreeustaquio.com.br\/padre-luis-erlin-celebra-e-autografa-livros-na-igreja-do-padre-eustaquio-em-bh\/#respond\"]}]},{\"@type\":\"WebPage\",\"@id\":\"https:\/\/www.padreeustaquio.com.br\/padre-luis-erlin-celebra-e-autografa-livros-na-igreja-do-padre-eustaquio-em-bh\/\",\"url\":\"https:\/\/www.padreeustaquio.com.br\/padre-luis-erlin-celebra-e-autografa-livros-na-igreja-do-padre-eustaquio-em-bh\/\",\"name\":\"Padre Lu\u00eds Erlin celebra e autografa livros na Igreja do Padre Eust\u00e1quio em BH\",\"isPartOf\":{\"@id\":\"https:\/\/www.padreeustaquio.com.br\/#website\"},\"primaryImageOfPage\":{\"@id\":\"https:\/\/www.padreeustaquio.com.br\/padre-luis-erlin-celebra-e-autografa-livros-na-igreja-do-padre-eustaquio-em-bh\/#primaryimage\"},\"image\":{\"@id\":\"https:\/\/www.padreeustaquio.com.br\/padre-luis-erlin-celebra-e-autografa-livros-na-igreja-do-padre-eustaquio-em-bh\/#primaryimage\"},\"thumbnailUrl\":\"https:\/\/www.padreeustaquio.com.br\/wp-content\/uploads\/2021\/12\/MG_4257-scaled-e1638927597655.jpg\",\"datePublished\":\"2021-12-08T09:17:00+00:00\",\"description\":\"Autor de grandes obras da literatura religiosa, Padre Lu\u00eds Erlin, CMF, presidiu nessa ter\u00e7a-feira, dia 07 de dezembro, a Santa Missa na Igreja do Padre Eust\u00e1quio, em Belo Horizonte. Em seguida, o sacerdote autografou seus livros na Loja do Padre Eust\u00e1quio.\",\"breadcrumb\":{\"@id\":\"https:\/\/www.padreeustaquio.com.br\/padre-luis-erlin-celebra-e-autografa-livros-na-igreja-do-padre-eustaquio-em-bh\/#breadcrumb\"},\"inLanguage\":\"es\",\"potentialAction\":[{\"@type\":\"ReadAction\",\"target\":[\"https:\/\/www.padreeustaquio.com.br\/padre-luis-erlin-celebra-e-autografa-livros-na-igreja-do-padre-eustaquio-em-bh\/\"]}]},{\"@type\":\"ImageObject\",\"inLanguage\":\"es\",\"@id\":\"https:\/\/www.padreeustaquio.com.br\/padre-luis-erlin-celebra-e-autografa-livros-na-igreja-do-padre-eustaquio-em-bh\/#primaryimage\",\"url\":\"https:\/\/www.padreeustaquio.com.br\/wp-content\/uploads\/2021\/12\/MG_4257-scaled-e1638927597655.jpg\",\"contentUrl\":\"https:\/\/www.padreeustaquio.com.br\/wp-content\/uploads\/2021\/12\/MG_4257-scaled-e1638927597655.jpg\",\"width\":2560,\"height\":1561},{\"@type\":\"BreadcrumbList\",\"@id\":\"https:\/\/www.padreeustaquio.com.br\/padre-luis-erlin-celebra-e-autografa-livros-na-igreja-do-padre-eustaquio-em-bh\/#breadcrumb\",\"itemListElement\":[{\"@type\":\"ListItem\",\"position\":1,\"name\":\"In\u00edcio\",\"item\":\"https:\/\/www.padreeustaquio.com.br\/\"},{\"@type\":\"ListItem\",\"position\":2,\"name\":\"Padre Lu\u00eds Erlin celebra e autografa livros na Igreja do Padre Eust\u00e1quio em BH\"}]},{\"@type\":\"WebSite\",\"@id\":\"https:\/\/www.padreeustaquio.com.br\/#website\",\"url\":\"https:\/\/www.padreeustaquio.com.br\/\",\"name\":\"Padre Eust\u00e1quio\",\"description\":\"Sa\u00fade e Paz\",\"publisher\":{\"@id\":\"https:\/\/www.padreeustaquio.com.br\/#organization\"},\"potentialAction\":[{\"@type\":\"SearchAction\",\"target\":{\"@type\":\"EntryPoint\",\"urlTemplate\":\"https:\/\/www.padreeustaquio.com.br\/?s={search_term_string}\"},\"query-input\":{\"@type\":\"PropertyValueSpecification\",\"valueRequired\":true,\"valueName\":\"search_term_string\"}}],\"inLanguage\":\"es\"},{\"@type\":\"Organization\",\"@id\":\"https:\/\/www.padreeustaquio.com.br\/#organization\",\"name\":\"Padre Eust\u00e1quio\",\"url\":\"https:\/\/www.padreeustaquio.com.br\/\",\"logo\":{\"@type\":\"ImageObject\",\"inLanguage\":\"es\",\"@id\":\"https:\/\/www.padreeustaquio.com.br\/#\/schema\/logo\/image\/\",\"url\":\"https:\/\/www.padreeustaquio.com.br\/wp-content\/uploads\/2019\/08\/marca.png\",\"contentUrl\":\"https:\/\/www.padreeustaquio.com.br\/wp-content\/uploads\/2019\/08\/marca.png\",\"width\":350,\"height\":400,\"caption\":\"Padre Eust\u00e1quio\"},\"image\":{\"@id\":\"https:\/\/www.padreeustaquio.com.br\/#\/schema\/logo\/image\/\"},\"sameAs\":[\"https:\/\/www.facebook.com\/beatopadreeustaquio\/\",\"https:\/\/x.com\/beatopeustaquio\",\"https:\/\/www.instagram.com\/beatopadreeustaquio\/\",\"https:\/\/www.youtube.com\/channel\/UCRhw7vfabnajwLxb1ZXMeIw\"]},{\"@type\":\"Person\",\"@id\":\"https:\/\/www.padreeustaquio.com.br\/#\/schema\/person\/a2a51db1d00f1a7af0204a0f1ddb1566\",\"name\":\"@sscc\",\"image\":{\"@type\":\"ImageObject\",\"inLanguage\":\"es\",\"@id\":\"https:\/\/secure.gravatar.com\/avatar\/68cfafa5f44617fea54071e215026e0ff06be366c3d54a8425f04fdcb86f8c5f?s=96&d=mm&r=g\",\"url\":\"https:\/\/secure.gravatar.com\/avatar\/68cfafa5f44617fea54071e215026e0ff06be366c3d54a8425f04fdcb86f8c5f?s=96&d=mm&r=g\",\"contentUrl\":\"https:\/\/secure.gravatar.com\/avatar\/68cfafa5f44617fea54071e215026e0ff06be366c3d54a8425f04fdcb86f8c5f?s=96&d=mm&r=g\",\"caption\":\"@sscc\"},\"url\":\"https:\/\/www.padreeustaquio.com.br\/es\/author\/sscc\/\"}]}<\/script>\n<!-- \/ Yoast SEO plugin. -->","yoast_head_json":{"title":"El padre Lu\u00eds Erlin celebra misa y firma libros en la Iglesia de Padre Eust\u00e1quio en Belo Horizonte.","description":"Autor de grandes obras de literatura religiosa, el Padre Lu\u00eds Erlin, CMF, presidi\u00f3 la Santa Misa este martes 7 de diciembre en la Iglesia Padre Eust\u00e1quio de Belo Horizonte. Posteriormente, el sacerdote firm\u00f3 ejemplares de sus libros en la Librer\u00eda Padre Eust\u00e1quio.","robots":{"index":"index","follow":"follow","max-snippet":"max-snippet:-1","max-image-preview":"max-image-preview:large","max-video-preview":"max-video-preview:-1"},"canonical":"https:\/\/www.padreeustaquio.com.br\/es\/el-padre-luis-erlin-celebra-misa-y-firma-libros-en-la-iglesia-del-padre-eustaquio-en-belo-horizonte\/","og_locale":"es_ES","og_type":"article","og_title":"Padre Lu\u00eds Erlin celebra e autografa livros na Igreja do Padre Eust\u00e1quio em BH","og_description":"Autor de grandes obras da literatura religiosa, Padre Lu\u00eds Erlin, CMF, presidiu nessa ter\u00e7a-feira, dia 07 de dezembro, a Santa Missa na Igreja do Padre Eust\u00e1quio, em Belo Horizonte. Em seguida, o sacerdote autografou seus livros na Loja do Padre Eust\u00e1quio.","og_url":"https:\/\/www.padreeustaquio.com.br\/es\/el-padre-luis-erlin-celebra-misa-y-firma-libros-en-la-iglesia-del-padre-eustaquio-en-belo-horizonte\/","og_site_name":"Padre Eust\u00e1quio","article_publisher":"https:\/\/www.facebook.com\/beatopadreeustaquio\/","article_published_time":"2021-12-08T09:17:00+00:00","og_image":[{"width":2560,"height":1561,"url":"https:\/\/www.padreeustaquio.com.br\/wp-content\/uploads\/2021\/12\/MG_4257-scaled-e1638927597655.jpg","type":"image\/jpeg"}],"author":"@sscc","twitter_card":"summary_large_image","twitter_creator":"@beatopeustaquio","twitter_site":"@beatopeustaquio","twitter_misc":{"Escrito por":"@sscc","Tiempo de lectura":"2 minutos"},"schema":{"@context":"https:\/\/schema.org","@graph":[{"@type":"Article","@id":"https:\/\/www.padreeustaquio.com.br\/padre-luis-erlin-celebra-e-autografa-livros-na-igreja-do-padre-eustaquio-em-bh\/#article","isPartOf":{"@id":"https:\/\/www.padreeustaquio.com.br\/padre-luis-erlin-celebra-e-autografa-livros-na-igreja-do-padre-eustaquio-em-bh\/"},"author":{"name":"@sscc","@id":"https:\/\/www.padreeustaquio.com.br\/#\/schema\/person\/a2a51db1d00f1a7af0204a0f1ddb1566"},"headline":"Padre Lu\u00eds Erlin celebra e autografa livros na Igreja do Padre Eust\u00e1quio em BH","datePublished":"2021-12-08T09:17:00+00:00","mainEntityOfPage":{"@id":"https:\/\/www.padreeustaquio.com.br\/padre-luis-erlin-celebra-e-autografa-livros-na-igreja-do-padre-eustaquio-em-bh\/"},"wordCount":370,"commentCount":0,"publisher":{"@id":"https:\/\/www.padreeustaquio.com.br\/#organization"},"image":{"@id":"https:\/\/www.padreeustaquio.com.br\/padre-luis-erlin-celebra-e-autografa-livros-na-igreja-do-padre-eustaquio-em-bh\/#primaryimage"},"thumbnailUrl":"https:\/\/www.padreeustaquio.com.br\/wp-content\/uploads\/2021\/12\/MG_4257-scaled-e1638927597655.jpg","articleSection":["Not\u00edcias"],"inLanguage":"es","potentialAction":[{"@type":"CommentAction","name":"Comment","target":["https:\/\/www.padreeustaquio.com.br\/padre-luis-erlin-celebra-e-autografa-livros-na-igreja-do-padre-eustaquio-em-bh\/#respond"]}]},{"@type":"WebPage","@id":"https:\/\/www.padreeustaquio.com.br\/padre-luis-erlin-celebra-e-autografa-livros-na-igreja-do-padre-eustaquio-em-bh\/","url":"https:\/\/www.padreeustaquio.com.br\/padre-luis-erlin-celebra-e-autografa-livros-na-igreja-do-padre-eustaquio-em-bh\/","name":"El padre Lu\u00eds Erlin celebra misa y firma libros en la Iglesia de Padre Eust\u00e1quio en Belo Horizonte.","isPartOf":{"@id":"https:\/\/www.padreeustaquio.com.br\/#website"},"primaryImageOfPage":{"@id":"https:\/\/www.padreeustaquio.com.br\/padre-luis-erlin-celebra-e-autografa-livros-na-igreja-do-padre-eustaquio-em-bh\/#primaryimage"},"image":{"@id":"https:\/\/www.padreeustaquio.com.br\/padre-luis-erlin-celebra-e-autografa-livros-na-igreja-do-padre-eustaquio-em-bh\/#primaryimage"},"thumbnailUrl":"https:\/\/www.padreeustaquio.com.br\/wp-content\/uploads\/2021\/12\/MG_4257-scaled-e1638927597655.jpg","datePublished":"2021-12-08T09:17:00+00:00","description":"Autor de grandes obras de literatura religiosa, el Padre Lu\u00eds Erlin, CMF, presidi\u00f3 la Santa Misa este martes 7 de diciembre en la Iglesia Padre Eust\u00e1quio de Belo Horizonte. Posteriormente, el sacerdote firm\u00f3 ejemplares de sus libros en la Librer\u00eda Padre Eust\u00e1quio.","breadcrumb":{"@id":"https:\/\/www.padreeustaquio.com.br\/padre-luis-erlin-celebra-e-autografa-livros-na-igreja-do-padre-eustaquio-em-bh\/#breadcrumb"},"inLanguage":"es","potentialAction":[{"@type":"ReadAction","target":["https:\/\/www.padreeustaquio.com.br\/padre-luis-erlin-celebra-e-autografa-livros-na-igreja-do-padre-eustaquio-em-bh\/"]}]},{"@type":"ImageObject","inLanguage":"es","@id":"https:\/\/www.padreeustaquio.com.br\/padre-luis-erlin-celebra-e-autografa-livros-na-igreja-do-padre-eustaquio-em-bh\/#primaryimage","url":"https:\/\/www.padreeustaquio.com.br\/wp-content\/uploads\/2021\/12\/MG_4257-scaled-e1638927597655.jpg","contentUrl":"https:\/\/www.padreeustaquio.com.br\/wp-content\/uploads\/2021\/12\/MG_4257-scaled-e1638927597655.jpg","width":2560,"height":1561},{"@type":"BreadcrumbList","@id":"https:\/\/www.padreeustaquio.com.br\/padre-luis-erlin-celebra-e-autografa-livros-na-igreja-do-padre-eustaquio-em-bh\/#breadcrumb","itemListElement":[{"@type":"ListItem","position":1,"name":"In\u00edcio","item":"https:\/\/www.padreeustaquio.com.br\/"},{"@type":"ListItem","position":2,"name":"Padre Lu\u00eds Erlin celebra e autografa livros na Igreja do Padre Eust\u00e1quio em BH"}]},{"@type":"WebSite","@id":"https:\/\/www.padreeustaquio.com.br\/#website","url":"https:\/\/www.padreeustaquio.com.br\/","name":"Padre Eustace","description":"Salud y Paz","publisher":{"@id":"https:\/\/www.padreeustaquio.com.br\/#organization"},"potentialAction":[{"@type":"SearchAction","target":{"@type":"EntryPoint","urlTemplate":"https:\/\/www.padreeustaquio.com.br\/?s={search_term_string}"},"query-input":{"@type":"PropertyValueSpecification","valueRequired":true,"valueName":"search_term_string"}}],"inLanguage":"es"},{"@type":"Organization","@id":"https:\/\/www.padreeustaquio.com.br\/#organization","name":"Padre Eustace","url":"https:\/\/www.padreeustaquio.com.br\/","logo":{"@type":"ImageObject","inLanguage":"es","@id":"https:\/\/www.padreeustaquio.com.br\/#\/schema\/logo\/image\/","url":"https:\/\/www.padreeustaquio.com.br\/wp-content\/uploads\/2019\/08\/marca.png","contentUrl":"https:\/\/www.padreeustaquio.com.br\/wp-content\/uploads\/2019\/08\/marca.png","width":350,"height":400,"caption":"Padre Eust\u00e1quio"},"image":{"@id":"https:\/\/www.padreeustaquio.com.br\/#\/schema\/logo\/image\/"},"sameAs":["https:\/\/www.facebook.com\/beatopadreeustaquio\/","https:\/\/x.com\/beatopeustaquio","https:\/\/www.instagram.com\/beatopadreeustaquio\/","https:\/\/www.youtube.com\/channel\/UCRhw7vfabnajwLxb1ZXMeIw"]},{"@type":"Person","@id":"https:\/\/www.padreeustaquio.com.br\/#\/schema\/person\/a2a51db1d00f1a7af0204a0f1ddb1566","name":"@sscc","image":{"@type":"ImageObject","inLanguage":"es","@id":"https:\/\/secure.gravatar.com\/avatar\/68cfafa5f44617fea54071e215026e0ff06be366c3d54a8425f04fdcb86f8c5f?s=96&d=mm&r=g","url":"https:\/\/secure.gravatar.com\/avatar\/68cfafa5f44617fea54071e215026e0ff06be366c3d54a8425f04fdcb86f8c5f?s=96&d=mm&r=g","contentUrl":"https:\/\/secure.gravatar.com\/avatar\/68cfafa5f44617fea54071e215026e0ff06be366c3d54a8425f04fdcb86f8c5f?s=96&d=mm&r=g","caption":"@sscc"},"url":"https:\/\/www.padreeustaquio.com.br\/es\/author\/sscc\/"}]}},"_links":{"self":[{"href":"https:\/\/www.padreeustaquio.com.br\/es\/wp-json\/wp\/v2\/posts\/7678","targetHints":{"allow":["GET"]}}],"collection":[{"href":"https:\/\/www.padreeustaquio.com.br\/es\/wp-json\/wp\/v2\/posts"}],"about":[{"href":"https:\/\/www.padreeustaquio.com.br\/es\/wp-json\/wp\/v2\/types\/post"}],"author":[{"embeddable":true,"href":"https:\/\/www.padreeustaquio.com.br\/es\/wp-json\/wp\/v2\/users\/2"}],"replies":[{"embeddable":true,"href":"https:\/\/www.padreeustaquio.com.br\/es\/wp-json\/wp\/v2\/comments?post=7678"}],"version-history":[{"count":0,"href":"https:\/\/www.padreeustaquio.com.br\/es\/wp-json\/wp\/v2\/posts\/7678\/revisions"}],"wp:featuredmedia":[{"embeddable":true,"href":"https:\/\/www.padreeustaquio.com.br\/es\/wp-json\/wp\/v2\/media\/7692"}],"wp:attachment":[{"href":"https:\/\/www.padreeustaquio.com.br\/es\/wp-json\/wp\/v2\/media?parent=7678"}],"wp:term":[{"taxonomy":"category","embeddable":true,"href":"https:\/\/www.padreeustaquio.com.br\/es\/wp-json\/wp\/v2\/categories?post=7678"},{"taxonomy":"post_tag","embeddable":true,"href":"https:\/\/www.padreeustaquio.com.br\/es\/wp-json\/wp\/v2\/tags?post=7678"}],"curies":[{"name":"wp","href":"https:\/\/api.w.org\/{rel}","templated":true}]}}