{"id":7673,"date":"2021-12-07T05:58:00","date_gmt":"2021-12-07T08:58:00","guid":{"rendered":"https:\/\/www.padreeustaquio.com.br\/?p=7673"},"modified":"2021-12-06T10:12:40","modified_gmt":"2021-12-06T13:12:40","slug":"la-iglesia-del-padre-eustaquio-en-belo-horizonte-tendra-tres-misas-en-el-feriado","status":"publish","type":"post","link":"https:\/\/www.padreeustaquio.com.br\/es\/la-iglesia-del-padre-eustaquio-en-belo-horizonte-tendra-tres-misas-en-el-feriado\/","title":{"rendered":"La Iglesia del Padre Eust\u00e1quio, en Belo Horizonte, realizar\u00e1 tres misas en el feriado."},"content":{"rendered":"<p>El pr\u00f3ximo mi\u00e9rcoles 8 de diciembre, la Iglesia celebra la Solemnidad de la Inmaculada Concepci\u00f3n. Un d\u00eda de precepto, en el que no debemos olvidar que formamos parte de un pueblo sacerdotal, consagrado al culto divino. Para celebrar la fecha, el Santuario de la Salud y la Paz celebrar\u00e1 tres misas ese d\u00eda: a las 7:00, a las 10:00 y a las 19:00.<\/p>\n\n\n\n<p>Dos de estas misas ser\u00e1n transmitidas por <a href=\"https:\/\/www.youtube.com\/channel\/UCRhw7vfabnajwLxb1ZXMeIw\" target=\"_blank\" rel=\"noreferrer noopener\">Canal Padre Eust\u00e1quio<\/a>, En YouTube: los servicios de las 10:00 a. m. y las 7:00 p. m. Quienes asistan a la Iglesia Padre Eustaquio para una de las tres misas deber\u00e1n seguir los protocolos de salud y seguridad, desinfect\u00e1ndose los zapatos y las manos al entrar a la iglesia y usando mascarilla en todo momento dentro. <\/p>\n\n\n\n<p><strong>Fiesta de la Inmaculada Concepci\u00f3n de Nuestra Se\u00f1ora<\/strong><\/p>\n\n\n\n<p>Estamos en Adviento, y la Solemnidad de la Inmaculada Concepci\u00f3n forma parte del misterio de la venida del Hijo eterno, hecho Hombre en el vientre virginal de Mar\u00eda. Celebramos la Solemnidad de la Inmaculada Concepci\u00f3n de Mar\u00eda y adoramos el misterio de la preparaci\u00f3n para la venida del Se\u00f1or. S\u00ed, si el Adviento es un tiempo de preparaci\u00f3n para la Navidad, la Inmaculada Concepci\u00f3n significa que Dios prepar\u00f3 a una \u201cMujer\u201d para ser el primer hogar, la primera morada del Se\u00f1or.<\/p>\n\n\n\n<p>La doctrina del dogma de la Inmaculada Concepci\u00f3n est\u00e1 expresada en la Bula de proclamaci\u00f3n del Papa P\u00edo IX, \u201cIneffabilis Deus\u201d del 8 de diciembre de 1854:\u201c<em>Para honra de la Sant\u00edsima e indivisa Trinidad, para adorno y ornato de la Diosa Virgen\u2026 con la autoridad de nuestro Se\u00f1or Jesucristo, de los bienaventurados ap\u00f3stoles Pedro y Pablo y la nuestra,\u00a0<u>Declaramos, proclamamos y definimos<\/u>La doctrina que sostiene que la Sant\u00edsima Virgen Mar\u00eda, en el primer instante de su concepci\u00f3n, por singular gracia y privilegio de Dios Todopoderoso,\u00a0<u>en vista de los m\u00e9ritos de Jesucristo, Salvador del g\u00e9nero humano.<\/u>, Ha sido preservado inmune de toda mancha del pecado original, es revelado por Dios y por tanto debe ser cre\u00eddo firme y constantemente por todos los creyentes.<\/em>\u201d (DENZINGER-H\u00dcNERMAN, Compendio de s\u00edmbolos, definiciones y declaraciones de fe y moral, 2803).<\/p>\n\n\n\n<p>La Solemnidad de la Inmaculada Concepci\u00f3n es la fiesta del principio puro, de esa realidad que da existencia y que, en Mar\u00eda, es el principio de la vida, de la plenitud de la gracia. Es el principio pleno y absoluto, no el vac\u00edo ni la nada, sino una realidad personal, de hecho, una Trinidad de Personas que, siendo principio, es tambi\u00e9n fin, pues en el principio ya est\u00e1 contenido el fin, un fin de plenitud en el que todo hombre y toda mujer est\u00e1n involucrados. Y este principio fue revelado en Jesucristo, la manifestaci\u00f3n e integraci\u00f3n completa del principio con la realidad creada. Para comprender la Inmaculada Concepci\u00f3n, debemos entender que este principio tambi\u00e9n es nuestro. Por lo tanto, es nuestra fiesta, ya que todos estamos incluidos en el plan de Dios para ser santos e inmaculados debido a la revelaci\u00f3n del principio que ocurri\u00f3 en Jesucristo (cf. Ef 1,4).<\/p>\n\n\n\n<p><\/p>\n\n\n\n<p><strong><em>**Con informaci\u00f3n de <a href=\"https:\/\/www.cnbb.org.br\/imaculada-conceicao-o-puro-principio\/\" target=\"_blank\" rel=\"noreferrer noopener\">cnbb.org.br <\/a>(art\u00edculo de Dom Jaime Vieira Rocha, Arzobispo de Natal-RN)<\/em><\/strong><\/p>\n\n\n\n<p><\/p>","protected":false},"excerpt":{"rendered":"<p>Na pr\u00f3xima quarta-feira, 8 de dezembro, a Igreja celebra a Solenidade da Imaculada Concei\u00e7\u00e3o. Um dia santo de guarda, em que n\u00e3o se pode esquecer de que fazemos parte de um povo sacerdotal, devotado ao culto divino. Para celebrar a data, o Santu\u00e1rio da Sa\u00fade e Paz, ter\u00e1 tr\u00eas missas neste dia: \u00e0s 7h, \u00e0s 10h e \u00e0s 19h. Duas destas missas ser\u00e3o transmitidas pelo Canal Padre Eust\u00e1quio, no YouTube: a celebra\u00e7\u00e3o das 10h e a das 19h. Quem for \u00e0 Igreja do Padre Eust\u00e1quio em uma das tr\u00eas missas precisar\u00e1 seguir os protocolos de seguran\u00e7a sanit\u00e1ria, higienizando os cal\u00e7ados [&hellip;]<\/p>\n","protected":false},"author":2,"featured_media":7674,"comment_status":"open","ping_status":"closed","sticky":false,"template":"","format":"standard","meta":{"_acf_changed":false,"footnotes":""},"categories":[611],"tags":[],"class_list":["post-7673","post","type-post","status-publish","format-standard","has-post-thumbnail","hentry","category-noticias"],"acf":[],"yoast_head":"<!-- This site is optimized with the Yoast SEO plugin v27.2 - https:\/\/yoast.com\/product\/yoast-seo-wordpress\/ -->\n<title>Igreja do Padre Eust\u00e1quio em BH ter\u00e1 tr\u00eas missas no feriado<\/title>\n<meta name=\"description\" content=\"Na pr\u00f3xima quarta-feira, 8 de dezembro, a Igreja celebra a Solenidade da Imaculada Concei\u00e7\u00e3o. Um dia santo de guarda, em que n\u00e3o se pode esquecer de que fazemos parte de um povo sacerdotal, devotado ao culto divino. Para celebrar a data, o Santu\u00e1rio da Sa\u00fade e Paz, ter\u00e1 tr\u00eas missas neste dia: \u00e0s 7h, \u00e0s 10h e \u00e0s 19h.\" \/>\n<meta name=\"robots\" content=\"index, follow, max-snippet:-1, max-image-preview:large, max-video-preview:-1\" \/>\n<link rel=\"canonical\" href=\"https:\/\/www.padreeustaquio.com.br\/es\/la-iglesia-del-padre-eustaquio-en-belo-horizonte-tendra-tres-misas-en-el-feriado\/\" \/>\n<meta property=\"og:locale\" content=\"es_ES\" \/>\n<meta property=\"og:type\" content=\"article\" \/>\n<meta property=\"og:title\" content=\"Igreja do Padre Eust\u00e1quio em BH ter\u00e1 tr\u00eas missas no feriado\" \/>\n<meta property=\"og:description\" content=\"Na pr\u00f3xima quarta-feira, 8 de dezembro, a Igreja celebra a Solenidade da Imaculada Concei\u00e7\u00e3o. Um dia santo de guarda, em que n\u00e3o se pode esquecer de que fazemos parte de um povo sacerdotal, devotado ao culto divino. Para celebrar a data, o Santu\u00e1rio da Sa\u00fade e Paz, ter\u00e1 tr\u00eas missas neste dia: \u00e0s 7h, \u00e0s 10h e \u00e0s 19h.\" \/>\n<meta property=\"og:url\" content=\"https:\/\/www.padreeustaquio.com.br\/es\/la-iglesia-del-padre-eustaquio-en-belo-horizonte-tendra-tres-misas-en-el-feriado\/\" \/>\n<meta property=\"og:site_name\" content=\"Padre Eust\u00e1quio\" \/>\n<meta property=\"article:publisher\" content=\"https:\/\/www.facebook.com\/beatopadreeustaquio\/\" \/>\n<meta property=\"article:published_time\" content=\"2021-12-07T08:58:00+00:00\" \/>\n<meta property=\"og:image\" content=\"https:\/\/www.padreeustaquio.com.br\/wp-content\/uploads\/2021\/12\/imaculada-conceicao.jpg\" \/>\n\t<meta property=\"og:image:width\" content=\"748\" \/>\n\t<meta property=\"og:image:height\" content=\"394\" \/>\n\t<meta property=\"og:image:type\" content=\"image\/jpeg\" \/>\n<meta name=\"author\" content=\"@sscc\" \/>\n<meta name=\"twitter:card\" content=\"summary_large_image\" \/>\n<meta name=\"twitter:creator\" content=\"@beatopeustaquio\" \/>\n<meta name=\"twitter:site\" content=\"@beatopeustaquio\" \/>\n<meta name=\"twitter:label1\" content=\"Escrito por\" \/>\n\t<meta name=\"twitter:data1\" content=\"@sscc\" \/>\n\t<meta name=\"twitter:label2\" content=\"Tiempo de lectura\" \/>\n\t<meta name=\"twitter:data2\" content=\"3 minutos\" \/>\n<script type=\"application\/ld+json\" class=\"yoast-schema-graph\">{\"@context\":\"https:\/\/schema.org\",\"@graph\":[{\"@type\":\"Article\",\"@id\":\"https:\/\/www.padreeustaquio.com.br\/igreja-do-padre-eustaquio-em-bh-tera-tres-missas-no-feriado\/#article\",\"isPartOf\":{\"@id\":\"https:\/\/www.padreeustaquio.com.br\/igreja-do-padre-eustaquio-em-bh-tera-tres-missas-no-feriado\/\"},\"author\":{\"name\":\"@sscc\",\"@id\":\"https:\/\/www.padreeustaquio.com.br\/#\/schema\/person\/a2a51db1d00f1a7af0204a0f1ddb1566\"},\"headline\":\"Igreja do Padre Eust\u00e1quio em BH ter\u00e1 tr\u00eas missas no feriado\",\"datePublished\":\"2021-12-07T08:58:00+00:00\",\"mainEntityOfPage\":{\"@id\":\"https:\/\/www.padreeustaquio.com.br\/igreja-do-padre-eustaquio-em-bh-tera-tres-missas-no-feriado\/\"},\"wordCount\":553,\"commentCount\":0,\"publisher\":{\"@id\":\"https:\/\/www.padreeustaquio.com.br\/#organization\"},\"image\":{\"@id\":\"https:\/\/www.padreeustaquio.com.br\/igreja-do-padre-eustaquio-em-bh-tera-tres-missas-no-feriado\/#primaryimage\"},\"thumbnailUrl\":\"https:\/\/www.padreeustaquio.com.br\/wp-content\/uploads\/2021\/12\/imaculada-conceicao.jpg\",\"articleSection\":[\"Not\u00edcias\"],\"inLanguage\":\"es\",\"potentialAction\":[{\"@type\":\"CommentAction\",\"name\":\"Comment\",\"target\":[\"https:\/\/www.padreeustaquio.com.br\/igreja-do-padre-eustaquio-em-bh-tera-tres-missas-no-feriado\/#respond\"]}]},{\"@type\":\"WebPage\",\"@id\":\"https:\/\/www.padreeustaquio.com.br\/igreja-do-padre-eustaquio-em-bh-tera-tres-missas-no-feriado\/\",\"url\":\"https:\/\/www.padreeustaquio.com.br\/igreja-do-padre-eustaquio-em-bh-tera-tres-missas-no-feriado\/\",\"name\":\"Igreja do Padre Eust\u00e1quio em BH ter\u00e1 tr\u00eas missas no feriado\",\"isPartOf\":{\"@id\":\"https:\/\/www.padreeustaquio.com.br\/#website\"},\"primaryImageOfPage\":{\"@id\":\"https:\/\/www.padreeustaquio.com.br\/igreja-do-padre-eustaquio-em-bh-tera-tres-missas-no-feriado\/#primaryimage\"},\"image\":{\"@id\":\"https:\/\/www.padreeustaquio.com.br\/igreja-do-padre-eustaquio-em-bh-tera-tres-missas-no-feriado\/#primaryimage\"},\"thumbnailUrl\":\"https:\/\/www.padreeustaquio.com.br\/wp-content\/uploads\/2021\/12\/imaculada-conceicao.jpg\",\"datePublished\":\"2021-12-07T08:58:00+00:00\",\"description\":\"Na pr\u00f3xima quarta-feira, 8 de dezembro, a Igreja celebra a Solenidade da Imaculada Concei\u00e7\u00e3o. Um dia santo de guarda, em que n\u00e3o se pode esquecer de que fazemos parte de um povo sacerdotal, devotado ao culto divino. Para celebrar a data, o Santu\u00e1rio da Sa\u00fade e Paz, ter\u00e1 tr\u00eas missas neste dia: \u00e0s 7h, \u00e0s 10h e \u00e0s 19h.\",\"breadcrumb\":{\"@id\":\"https:\/\/www.padreeustaquio.com.br\/igreja-do-padre-eustaquio-em-bh-tera-tres-missas-no-feriado\/#breadcrumb\"},\"inLanguage\":\"es\",\"potentialAction\":[{\"@type\":\"ReadAction\",\"target\":[\"https:\/\/www.padreeustaquio.com.br\/igreja-do-padre-eustaquio-em-bh-tera-tres-missas-no-feriado\/\"]}]},{\"@type\":\"ImageObject\",\"inLanguage\":\"es\",\"@id\":\"https:\/\/www.padreeustaquio.com.br\/igreja-do-padre-eustaquio-em-bh-tera-tres-missas-no-feriado\/#primaryimage\",\"url\":\"https:\/\/www.padreeustaquio.com.br\/wp-content\/uploads\/2021\/12\/imaculada-conceicao.jpg\",\"contentUrl\":\"https:\/\/www.padreeustaquio.com.br\/wp-content\/uploads\/2021\/12\/imaculada-conceicao.jpg\",\"width\":748,\"height\":394},{\"@type\":\"BreadcrumbList\",\"@id\":\"https:\/\/www.padreeustaquio.com.br\/igreja-do-padre-eustaquio-em-bh-tera-tres-missas-no-feriado\/#breadcrumb\",\"itemListElement\":[{\"@type\":\"ListItem\",\"position\":1,\"name\":\"In\u00edcio\",\"item\":\"https:\/\/www.padreeustaquio.com.br\/\"},{\"@type\":\"ListItem\",\"position\":2,\"name\":\"Igreja do Padre Eust\u00e1quio em BH ter\u00e1 tr\u00eas missas no feriado\"}]},{\"@type\":\"WebSite\",\"@id\":\"https:\/\/www.padreeustaquio.com.br\/#website\",\"url\":\"https:\/\/www.padreeustaquio.com.br\/\",\"name\":\"Padre Eust\u00e1quio\",\"description\":\"Sa\u00fade e Paz\",\"publisher\":{\"@id\":\"https:\/\/www.padreeustaquio.com.br\/#organization\"},\"potentialAction\":[{\"@type\":\"SearchAction\",\"target\":{\"@type\":\"EntryPoint\",\"urlTemplate\":\"https:\/\/www.padreeustaquio.com.br\/?s={search_term_string}\"},\"query-input\":{\"@type\":\"PropertyValueSpecification\",\"valueRequired\":true,\"valueName\":\"search_term_string\"}}],\"inLanguage\":\"es\"},{\"@type\":\"Organization\",\"@id\":\"https:\/\/www.padreeustaquio.com.br\/#organization\",\"name\":\"Padre Eust\u00e1quio\",\"url\":\"https:\/\/www.padreeustaquio.com.br\/\",\"logo\":{\"@type\":\"ImageObject\",\"inLanguage\":\"es\",\"@id\":\"https:\/\/www.padreeustaquio.com.br\/#\/schema\/logo\/image\/\",\"url\":\"https:\/\/www.padreeustaquio.com.br\/wp-content\/uploads\/2019\/08\/marca.png\",\"contentUrl\":\"https:\/\/www.padreeustaquio.com.br\/wp-content\/uploads\/2019\/08\/marca.png\",\"width\":350,\"height\":400,\"caption\":\"Padre Eust\u00e1quio\"},\"image\":{\"@id\":\"https:\/\/www.padreeustaquio.com.br\/#\/schema\/logo\/image\/\"},\"sameAs\":[\"https:\/\/www.facebook.com\/beatopadreeustaquio\/\",\"https:\/\/x.com\/beatopeustaquio\",\"https:\/\/www.instagram.com\/beatopadreeustaquio\/\",\"https:\/\/www.youtube.com\/channel\/UCRhw7vfabnajwLxb1ZXMeIw\"]},{\"@type\":\"Person\",\"@id\":\"https:\/\/www.padreeustaquio.com.br\/#\/schema\/person\/a2a51db1d00f1a7af0204a0f1ddb1566\",\"name\":\"@sscc\",\"image\":{\"@type\":\"ImageObject\",\"inLanguage\":\"es\",\"@id\":\"https:\/\/secure.gravatar.com\/avatar\/68cfafa5f44617fea54071e215026e0ff06be366c3d54a8425f04fdcb86f8c5f?s=96&d=mm&r=g\",\"url\":\"https:\/\/secure.gravatar.com\/avatar\/68cfafa5f44617fea54071e215026e0ff06be366c3d54a8425f04fdcb86f8c5f?s=96&d=mm&r=g\",\"contentUrl\":\"https:\/\/secure.gravatar.com\/avatar\/68cfafa5f44617fea54071e215026e0ff06be366c3d54a8425f04fdcb86f8c5f?s=96&d=mm&r=g\",\"caption\":\"@sscc\"},\"url\":\"https:\/\/www.padreeustaquio.com.br\/es\/author\/sscc\/\"}]}<\/script>\n<!-- \/ Yoast SEO plugin. -->","yoast_head_json":{"title":"La Iglesia del Padre Eust\u00e1quio, en Belo Horizonte, realizar\u00e1 tres misas en el feriado.","description":"El pr\u00f3ximo mi\u00e9rcoles 8 de diciembre, la Iglesia celebra la Solemnidad de la Inmaculada Concepci\u00f3n. Un d\u00eda de precepto, en el que no debemos olvidar que formamos parte de un pueblo sacerdotal, consagrado al culto divino. Para celebrar la fecha, el Santuario de la Salud y la Paz celebrar\u00e1 tres misas ese d\u00eda: a las 7:00, a las 10:00 y a las 19:00.","robots":{"index":"index","follow":"follow","max-snippet":"max-snippet:-1","max-image-preview":"max-image-preview:large","max-video-preview":"max-video-preview:-1"},"canonical":"https:\/\/www.padreeustaquio.com.br\/es\/la-iglesia-del-padre-eustaquio-en-belo-horizonte-tendra-tres-misas-en-el-feriado\/","og_locale":"es_ES","og_type":"article","og_title":"Igreja do Padre Eust\u00e1quio em BH ter\u00e1 tr\u00eas missas no feriado","og_description":"Na pr\u00f3xima quarta-feira, 8 de dezembro, a Igreja celebra a Solenidade da Imaculada Concei\u00e7\u00e3o. Um dia santo de guarda, em que n\u00e3o se pode esquecer de que fazemos parte de um povo sacerdotal, devotado ao culto divino. Para celebrar a data, o Santu\u00e1rio da Sa\u00fade e Paz, ter\u00e1 tr\u00eas missas neste dia: \u00e0s 7h, \u00e0s 10h e \u00e0s 19h.","og_url":"https:\/\/www.padreeustaquio.com.br\/es\/la-iglesia-del-padre-eustaquio-en-belo-horizonte-tendra-tres-misas-en-el-feriado\/","og_site_name":"Padre Eust\u00e1quio","article_publisher":"https:\/\/www.facebook.com\/beatopadreeustaquio\/","article_published_time":"2021-12-07T08:58:00+00:00","og_image":[{"width":748,"height":394,"url":"https:\/\/www.padreeustaquio.com.br\/wp-content\/uploads\/2021\/12\/imaculada-conceicao.jpg","type":"image\/jpeg"}],"author":"@sscc","twitter_card":"summary_large_image","twitter_creator":"@beatopeustaquio","twitter_site":"@beatopeustaquio","twitter_misc":{"Escrito por":"@sscc","Tiempo de lectura":"3 minutos"},"schema":{"@context":"https:\/\/schema.org","@graph":[{"@type":"Article","@id":"https:\/\/www.padreeustaquio.com.br\/igreja-do-padre-eustaquio-em-bh-tera-tres-missas-no-feriado\/#article","isPartOf":{"@id":"https:\/\/www.padreeustaquio.com.br\/igreja-do-padre-eustaquio-em-bh-tera-tres-missas-no-feriado\/"},"author":{"name":"@sscc","@id":"https:\/\/www.padreeustaquio.com.br\/#\/schema\/person\/a2a51db1d00f1a7af0204a0f1ddb1566"},"headline":"Igreja do Padre Eust\u00e1quio em BH ter\u00e1 tr\u00eas missas no feriado","datePublished":"2021-12-07T08:58:00+00:00","mainEntityOfPage":{"@id":"https:\/\/www.padreeustaquio.com.br\/igreja-do-padre-eustaquio-em-bh-tera-tres-missas-no-feriado\/"},"wordCount":553,"commentCount":0,"publisher":{"@id":"https:\/\/www.padreeustaquio.com.br\/#organization"},"image":{"@id":"https:\/\/www.padreeustaquio.com.br\/igreja-do-padre-eustaquio-em-bh-tera-tres-missas-no-feriado\/#primaryimage"},"thumbnailUrl":"https:\/\/www.padreeustaquio.com.br\/wp-content\/uploads\/2021\/12\/imaculada-conceicao.jpg","articleSection":["Not\u00edcias"],"inLanguage":"es","potentialAction":[{"@type":"CommentAction","name":"Comment","target":["https:\/\/www.padreeustaquio.com.br\/igreja-do-padre-eustaquio-em-bh-tera-tres-missas-no-feriado\/#respond"]}]},{"@type":"WebPage","@id":"https:\/\/www.padreeustaquio.com.br\/igreja-do-padre-eustaquio-em-bh-tera-tres-missas-no-feriado\/","url":"https:\/\/www.padreeustaquio.com.br\/igreja-do-padre-eustaquio-em-bh-tera-tres-missas-no-feriado\/","name":"La Iglesia del Padre Eust\u00e1quio, en Belo Horizonte, realizar\u00e1 tres misas en el feriado.","isPartOf":{"@id":"https:\/\/www.padreeustaquio.com.br\/#website"},"primaryImageOfPage":{"@id":"https:\/\/www.padreeustaquio.com.br\/igreja-do-padre-eustaquio-em-bh-tera-tres-missas-no-feriado\/#primaryimage"},"image":{"@id":"https:\/\/www.padreeustaquio.com.br\/igreja-do-padre-eustaquio-em-bh-tera-tres-missas-no-feriado\/#primaryimage"},"thumbnailUrl":"https:\/\/www.padreeustaquio.com.br\/wp-content\/uploads\/2021\/12\/imaculada-conceicao.jpg","datePublished":"2021-12-07T08:58:00+00:00","description":"El pr\u00f3ximo mi\u00e9rcoles 8 de diciembre, la Iglesia celebra la Solemnidad de la Inmaculada Concepci\u00f3n. Un d\u00eda de precepto, en el que no debemos olvidar que formamos parte de un pueblo sacerdotal, consagrado al culto divino. Para celebrar la fecha, el Santuario de la Salud y la Paz celebrar\u00e1 tres misas ese d\u00eda: a las 7:00, a las 10:00 y a las 19:00.","breadcrumb":{"@id":"https:\/\/www.padreeustaquio.com.br\/igreja-do-padre-eustaquio-em-bh-tera-tres-missas-no-feriado\/#breadcrumb"},"inLanguage":"es","potentialAction":[{"@type":"ReadAction","target":["https:\/\/www.padreeustaquio.com.br\/igreja-do-padre-eustaquio-em-bh-tera-tres-missas-no-feriado\/"]}]},{"@type":"ImageObject","inLanguage":"es","@id":"https:\/\/www.padreeustaquio.com.br\/igreja-do-padre-eustaquio-em-bh-tera-tres-missas-no-feriado\/#primaryimage","url":"https:\/\/www.padreeustaquio.com.br\/wp-content\/uploads\/2021\/12\/imaculada-conceicao.jpg","contentUrl":"https:\/\/www.padreeustaquio.com.br\/wp-content\/uploads\/2021\/12\/imaculada-conceicao.jpg","width":748,"height":394},{"@type":"BreadcrumbList","@id":"https:\/\/www.padreeustaquio.com.br\/igreja-do-padre-eustaquio-em-bh-tera-tres-missas-no-feriado\/#breadcrumb","itemListElement":[{"@type":"ListItem","position":1,"name":"In\u00edcio","item":"https:\/\/www.padreeustaquio.com.br\/"},{"@type":"ListItem","position":2,"name":"Igreja do Padre Eust\u00e1quio em BH ter\u00e1 tr\u00eas missas no feriado"}]},{"@type":"WebSite","@id":"https:\/\/www.padreeustaquio.com.br\/#website","url":"https:\/\/www.padreeustaquio.com.br\/","name":"Padre Eustace","description":"Salud y Paz","publisher":{"@id":"https:\/\/www.padreeustaquio.com.br\/#organization"},"potentialAction":[{"@type":"SearchAction","target":{"@type":"EntryPoint","urlTemplate":"https:\/\/www.padreeustaquio.com.br\/?s={search_term_string}"},"query-input":{"@type":"PropertyValueSpecification","valueRequired":true,"valueName":"search_term_string"}}],"inLanguage":"es"},{"@type":"Organization","@id":"https:\/\/www.padreeustaquio.com.br\/#organization","name":"Padre Eustace","url":"https:\/\/www.padreeustaquio.com.br\/","logo":{"@type":"ImageObject","inLanguage":"es","@id":"https:\/\/www.padreeustaquio.com.br\/#\/schema\/logo\/image\/","url":"https:\/\/www.padreeustaquio.com.br\/wp-content\/uploads\/2019\/08\/marca.png","contentUrl":"https:\/\/www.padreeustaquio.com.br\/wp-content\/uploads\/2019\/08\/marca.png","width":350,"height":400,"caption":"Padre Eust\u00e1quio"},"image":{"@id":"https:\/\/www.padreeustaquio.com.br\/#\/schema\/logo\/image\/"},"sameAs":["https:\/\/www.facebook.com\/beatopadreeustaquio\/","https:\/\/x.com\/beatopeustaquio","https:\/\/www.instagram.com\/beatopadreeustaquio\/","https:\/\/www.youtube.com\/channel\/UCRhw7vfabnajwLxb1ZXMeIw"]},{"@type":"Person","@id":"https:\/\/www.padreeustaquio.com.br\/#\/schema\/person\/a2a51db1d00f1a7af0204a0f1ddb1566","name":"@sscc","image":{"@type":"ImageObject","inLanguage":"es","@id":"https:\/\/secure.gravatar.com\/avatar\/68cfafa5f44617fea54071e215026e0ff06be366c3d54a8425f04fdcb86f8c5f?s=96&d=mm&r=g","url":"https:\/\/secure.gravatar.com\/avatar\/68cfafa5f44617fea54071e215026e0ff06be366c3d54a8425f04fdcb86f8c5f?s=96&d=mm&r=g","contentUrl":"https:\/\/secure.gravatar.com\/avatar\/68cfafa5f44617fea54071e215026e0ff06be366c3d54a8425f04fdcb86f8c5f?s=96&d=mm&r=g","caption":"@sscc"},"url":"https:\/\/www.padreeustaquio.com.br\/es\/author\/sscc\/"}]}},"_links":{"self":[{"href":"https:\/\/www.padreeustaquio.com.br\/es\/wp-json\/wp\/v2\/posts\/7673","targetHints":{"allow":["GET"]}}],"collection":[{"href":"https:\/\/www.padreeustaquio.com.br\/es\/wp-json\/wp\/v2\/posts"}],"about":[{"href":"https:\/\/www.padreeustaquio.com.br\/es\/wp-json\/wp\/v2\/types\/post"}],"author":[{"embeddable":true,"href":"https:\/\/www.padreeustaquio.com.br\/es\/wp-json\/wp\/v2\/users\/2"}],"replies":[{"embeddable":true,"href":"https:\/\/www.padreeustaquio.com.br\/es\/wp-json\/wp\/v2\/comments?post=7673"}],"version-history":[{"count":0,"href":"https:\/\/www.padreeustaquio.com.br\/es\/wp-json\/wp\/v2\/posts\/7673\/revisions"}],"wp:featuredmedia":[{"embeddable":true,"href":"https:\/\/www.padreeustaquio.com.br\/es\/wp-json\/wp\/v2\/media\/7674"}],"wp:attachment":[{"href":"https:\/\/www.padreeustaquio.com.br\/es\/wp-json\/wp\/v2\/media?parent=7673"}],"wp:term":[{"taxonomy":"category","embeddable":true,"href":"https:\/\/www.padreeustaquio.com.br\/es\/wp-json\/wp\/v2\/categories?post=7673"},{"taxonomy":"post_tag","embeddable":true,"href":"https:\/\/www.padreeustaquio.com.br\/es\/wp-json\/wp\/v2\/tags?post=7673"}],"curies":[{"name":"wp","href":"https:\/\/api.w.org\/{rel}","templated":true}]}}