{"id":7669,"date":"2021-12-13T05:42:00","date_gmt":"2021-12-13T08:42:00","guid":{"rendered":"https:\/\/www.padreeustaquio.com.br\/?p=7669"},"modified":"2021-12-06T10:58:50","modified_gmt":"2021-12-06T13:58:50","slug":"simbolos-navidenos-el-belen","status":"publish","type":"post","link":"https:\/\/www.padreeustaquio.com.br\/es\/simbolos-navidenos-el-belen\/","title":{"rendered":"S\u00edmbolos navide\u00f1os: El bel\u00e9n"},"content":{"rendered":"<p>Uno de los principales s\u00edmbolos de la Navidad cristiana, el bel\u00e9n, fue montado por primera vez por San Francisco de As\u00eds en 1223. San Francisco quer\u00eda mostrar a los campesinos de Creccio, un pueblo cercano a Roma, c\u00f3mo hab\u00eda sido la noche del nacimiento de Jes\u00fas.<\/p>\n\n\n\n<p>Con arcilla, el Santo arm\u00f3 a Mar\u00eda, Jos\u00e9, el Ni\u00f1o Jes\u00fas, los pastores y los animales, los Reyes Magos y la estrella. Con el bel\u00e9n montado, pudo transmitir la noche de Navidad a los campesinos con mayor claridad.<\/p>\n\n\n\n<p>Despu\u00e9s de ese d\u00eda, la tradici\u00f3n del bel\u00e9n se extendi\u00f3 por todo el mundo. En Brasil, el primer bel\u00e9n data del siglo XVII, cuando el religioso Gaspar de Santo Agostinho mont\u00f3 su versi\u00f3n en Olinda, Pernambuco.<\/p>\n\n\n\n<p>Hoy en d\u00eda, casi todas las familias cat\u00f3licas preparan su bel\u00e9n al acercarse la Navidad. Existen numerosos modelos diferentes, y cada hogar decora la representaci\u00f3n a su manera, transmitiendo de generaci\u00f3n en generaci\u00f3n este acto simb\u00f3lico que marca nuestra anticipaci\u00f3n a la llegada del Ni\u00f1o Jes\u00fas.<\/p>\n\n\n\n<p>\u00bfA\u00fan no has montado tu bel\u00e9n?<\/p>\n\n\n\n<p>En la tienda de Padre Eust\u00e1quio encontrar\u00e1s una gran variedad de belenes e im\u00e1genes para montar en tu hogar y representar el nacimiento del ni\u00f1o Jes\u00fas.<\/p>\n\n\n\n<p>Visite la tienda, anexa al Santuario de Salud y Paz en Belo Horizonte, o cont\u00e1ctenos por... <a href=\"https:\/\/api.whatsapp.com\/send?phone=553135670314\" target=\"_blank\" rel=\"noreferrer noopener\">WhatsApp (31) 3567-0314<\/a>. La tienda Padre Eust\u00e1quio env\u00eda productos a todo Brasil; simplemente consulte el costo de env\u00edo con uno de los vendedores.<\/p>\n\n\n\n<p>Aprovecha y s\u00edguenos en Instagram. <a href=\"https:\/\/www.instagram.com\/lojapadreeustaquio\/\" target=\"_blank\" rel=\"noreferrer noopener\">@lojapadreeustaquio<\/a> para estar al d\u00eda de todas las novedades disponibles.<\/p>","protected":false},"excerpt":{"rendered":"<p>Um dos principais s\u00edmbolos do Natal crist\u00e3o, o pres\u00e9pio, foi montado pela primeira vez por S\u00e3o Francisco de Assis, em 1223. S\u00e3o Francisco queria mostrar aos camponeses de Creccio, cidade perto de Roma, como tinha sido a noite do nascimento de Jesus. Usando argila, o Santo montou Maria, Jos\u00e9, o menino Jesus, pastores e animais, os reis magos e a estrela. Com o pres\u00e9pio montado, ele conseguiu transmitir para os camponeses, de forma mais clara, a noite do Natal. Depois desse dia, a tradi\u00e7\u00e3o do pres\u00e9pio ganhou o mundo. No Brasil, a primeira montagem data do s\u00e9culo XVII, quando o [&hellip;]<\/p>\n","protected":false},"author":2,"featured_media":7670,"comment_status":"open","ping_status":"closed","sticky":false,"template":"","format":"standard","meta":{"_acf_changed":false,"footnotes":""},"categories":[611],"tags":[],"class_list":["post-7669","post","type-post","status-publish","format-standard","has-post-thumbnail","hentry","category-noticias"],"acf":[],"yoast_head":"<!-- This site is optimized with the Yoast SEO plugin v27.2 - https:\/\/yoast.com\/product\/yoast-seo-wordpress\/ -->\n<title>S\u00edmbolos do Natal: O Pres\u00e9pio<\/title>\n<meta name=\"description\" content=\"Um dos principais s\u00edmbolos do Natal crist\u00e3o, o pres\u00e9pio, foi montado pela primeira vez por S\u00e3o Francisco de Assis, em 1223. S\u00e3o Francisco queria mostrar aos camponeses de Creccio, cidade perto de Roma, como tinha sido a noite do nascimento de Jesus.\" \/>\n<meta name=\"robots\" content=\"index, follow, max-snippet:-1, max-image-preview:large, max-video-preview:-1\" \/>\n<link rel=\"canonical\" href=\"https:\/\/www.padreeustaquio.com.br\/es\/simbolos-navidenos-el-belen\/\" \/>\n<meta property=\"og:locale\" content=\"es_ES\" \/>\n<meta property=\"og:type\" content=\"article\" \/>\n<meta property=\"og:title\" content=\"S\u00edmbolos do Natal: O Pres\u00e9pio\" \/>\n<meta property=\"og:description\" content=\"Um dos principais s\u00edmbolos do Natal crist\u00e3o, o pres\u00e9pio, foi montado pela primeira vez por S\u00e3o Francisco de Assis, em 1223. S\u00e3o Francisco queria mostrar aos camponeses de Creccio, cidade perto de Roma, como tinha sido a noite do nascimento de Jesus.\" \/>\n<meta property=\"og:url\" content=\"https:\/\/www.padreeustaquio.com.br\/es\/simbolos-navidenos-el-belen\/\" \/>\n<meta property=\"og:site_name\" content=\"Padre Eust\u00e1quio\" \/>\n<meta property=\"article:publisher\" content=\"https:\/\/www.facebook.com\/beatopadreeustaquio\/\" \/>\n<meta property=\"article:published_time\" content=\"2021-12-13T08:42:00+00:00\" \/>\n<meta property=\"og:image\" content=\"https:\/\/www.padreeustaquio.com.br\/wp-content\/uploads\/2021\/12\/presepio.jpg\" \/>\n\t<meta property=\"og:image:width\" content=\"748\" \/>\n\t<meta property=\"og:image:height\" content=\"394\" \/>\n\t<meta property=\"og:image:type\" content=\"image\/jpeg\" \/>\n<meta name=\"author\" content=\"@sscc\" \/>\n<meta name=\"twitter:card\" content=\"summary_large_image\" \/>\n<meta name=\"twitter:creator\" content=\"@beatopeustaquio\" \/>\n<meta name=\"twitter:site\" content=\"@beatopeustaquio\" \/>\n<meta name=\"twitter:label1\" content=\"Escrito por\" \/>\n\t<meta name=\"twitter:data1\" content=\"@sscc\" \/>\n\t<meta name=\"twitter:label2\" content=\"Tiempo de lectura\" \/>\n\t<meta name=\"twitter:data2\" content=\"2 minutos\" \/>\n<script type=\"application\/ld+json\" class=\"yoast-schema-graph\">{\"@context\":\"https:\/\/schema.org\",\"@graph\":[{\"@type\":\"Article\",\"@id\":\"https:\/\/www.padreeustaquio.com.br\/simbolos-do-natal-o-presepio\/#article\",\"isPartOf\":{\"@id\":\"https:\/\/www.padreeustaquio.com.br\/simbolos-do-natal-o-presepio\/\"},\"author\":{\"name\":\"@sscc\",\"@id\":\"https:\/\/www.padreeustaquio.com.br\/#\/schema\/person\/a2a51db1d00f1a7af0204a0f1ddb1566\"},\"headline\":\"S\u00edmbolos do Natal: O Pres\u00e9pio\",\"datePublished\":\"2021-12-13T08:42:00+00:00\",\"mainEntityOfPage\":{\"@id\":\"https:\/\/www.padreeustaquio.com.br\/simbolos-do-natal-o-presepio\/\"},\"wordCount\":282,\"commentCount\":0,\"publisher\":{\"@id\":\"https:\/\/www.padreeustaquio.com.br\/#organization\"},\"image\":{\"@id\":\"https:\/\/www.padreeustaquio.com.br\/simbolos-do-natal-o-presepio\/#primaryimage\"},\"thumbnailUrl\":\"https:\/\/www.padreeustaquio.com.br\/wp-content\/uploads\/2021\/12\/presepio.jpg\",\"articleSection\":[\"Not\u00edcias\"],\"inLanguage\":\"es\",\"potentialAction\":[{\"@type\":\"CommentAction\",\"name\":\"Comment\",\"target\":[\"https:\/\/www.padreeustaquio.com.br\/simbolos-do-natal-o-presepio\/#respond\"]}]},{\"@type\":\"WebPage\",\"@id\":\"https:\/\/www.padreeustaquio.com.br\/simbolos-do-natal-o-presepio\/\",\"url\":\"https:\/\/www.padreeustaquio.com.br\/simbolos-do-natal-o-presepio\/\",\"name\":\"S\u00edmbolos do Natal: O Pres\u00e9pio\",\"isPartOf\":{\"@id\":\"https:\/\/www.padreeustaquio.com.br\/#website\"},\"primaryImageOfPage\":{\"@id\":\"https:\/\/www.padreeustaquio.com.br\/simbolos-do-natal-o-presepio\/#primaryimage\"},\"image\":{\"@id\":\"https:\/\/www.padreeustaquio.com.br\/simbolos-do-natal-o-presepio\/#primaryimage\"},\"thumbnailUrl\":\"https:\/\/www.padreeustaquio.com.br\/wp-content\/uploads\/2021\/12\/presepio.jpg\",\"datePublished\":\"2021-12-13T08:42:00+00:00\",\"description\":\"Um dos principais s\u00edmbolos do Natal crist\u00e3o, o pres\u00e9pio, foi montado pela primeira vez por S\u00e3o Francisco de Assis, em 1223. S\u00e3o Francisco queria mostrar aos camponeses de Creccio, cidade perto de Roma, como tinha sido a noite do nascimento de Jesus.\",\"breadcrumb\":{\"@id\":\"https:\/\/www.padreeustaquio.com.br\/simbolos-do-natal-o-presepio\/#breadcrumb\"},\"inLanguage\":\"es\",\"potentialAction\":[{\"@type\":\"ReadAction\",\"target\":[\"https:\/\/www.padreeustaquio.com.br\/simbolos-do-natal-o-presepio\/\"]}]},{\"@type\":\"ImageObject\",\"inLanguage\":\"es\",\"@id\":\"https:\/\/www.padreeustaquio.com.br\/simbolos-do-natal-o-presepio\/#primaryimage\",\"url\":\"https:\/\/www.padreeustaquio.com.br\/wp-content\/uploads\/2021\/12\/presepio.jpg\",\"contentUrl\":\"https:\/\/www.padreeustaquio.com.br\/wp-content\/uploads\/2021\/12\/presepio.jpg\",\"width\":748,\"height\":394},{\"@type\":\"BreadcrumbList\",\"@id\":\"https:\/\/www.padreeustaquio.com.br\/simbolos-do-natal-o-presepio\/#breadcrumb\",\"itemListElement\":[{\"@type\":\"ListItem\",\"position\":1,\"name\":\"In\u00edcio\",\"item\":\"https:\/\/www.padreeustaquio.com.br\/\"},{\"@type\":\"ListItem\",\"position\":2,\"name\":\"S\u00edmbolos do Natal: O Pres\u00e9pio\"}]},{\"@type\":\"WebSite\",\"@id\":\"https:\/\/www.padreeustaquio.com.br\/#website\",\"url\":\"https:\/\/www.padreeustaquio.com.br\/\",\"name\":\"Padre Eust\u00e1quio\",\"description\":\"Sa\u00fade e Paz\",\"publisher\":{\"@id\":\"https:\/\/www.padreeustaquio.com.br\/#organization\"},\"potentialAction\":[{\"@type\":\"SearchAction\",\"target\":{\"@type\":\"EntryPoint\",\"urlTemplate\":\"https:\/\/www.padreeustaquio.com.br\/?s={search_term_string}\"},\"query-input\":{\"@type\":\"PropertyValueSpecification\",\"valueRequired\":true,\"valueName\":\"search_term_string\"}}],\"inLanguage\":\"es\"},{\"@type\":\"Organization\",\"@id\":\"https:\/\/www.padreeustaquio.com.br\/#organization\",\"name\":\"Padre Eust\u00e1quio\",\"url\":\"https:\/\/www.padreeustaquio.com.br\/\",\"logo\":{\"@type\":\"ImageObject\",\"inLanguage\":\"es\",\"@id\":\"https:\/\/www.padreeustaquio.com.br\/#\/schema\/logo\/image\/\",\"url\":\"https:\/\/www.padreeustaquio.com.br\/wp-content\/uploads\/2019\/08\/marca.png\",\"contentUrl\":\"https:\/\/www.padreeustaquio.com.br\/wp-content\/uploads\/2019\/08\/marca.png\",\"width\":350,\"height\":400,\"caption\":\"Padre Eust\u00e1quio\"},\"image\":{\"@id\":\"https:\/\/www.padreeustaquio.com.br\/#\/schema\/logo\/image\/\"},\"sameAs\":[\"https:\/\/www.facebook.com\/beatopadreeustaquio\/\",\"https:\/\/x.com\/beatopeustaquio\",\"https:\/\/www.instagram.com\/beatopadreeustaquio\/\",\"https:\/\/www.youtube.com\/channel\/UCRhw7vfabnajwLxb1ZXMeIw\"]},{\"@type\":\"Person\",\"@id\":\"https:\/\/www.padreeustaquio.com.br\/#\/schema\/person\/a2a51db1d00f1a7af0204a0f1ddb1566\",\"name\":\"@sscc\",\"image\":{\"@type\":\"ImageObject\",\"inLanguage\":\"es\",\"@id\":\"https:\/\/secure.gravatar.com\/avatar\/68cfafa5f44617fea54071e215026e0ff06be366c3d54a8425f04fdcb86f8c5f?s=96&d=mm&r=g\",\"url\":\"https:\/\/secure.gravatar.com\/avatar\/68cfafa5f44617fea54071e215026e0ff06be366c3d54a8425f04fdcb86f8c5f?s=96&d=mm&r=g\",\"contentUrl\":\"https:\/\/secure.gravatar.com\/avatar\/68cfafa5f44617fea54071e215026e0ff06be366c3d54a8425f04fdcb86f8c5f?s=96&d=mm&r=g\",\"caption\":\"@sscc\"},\"url\":\"https:\/\/www.padreeustaquio.com.br\/es\/author\/sscc\/\"}]}<\/script>\n<!-- \/ Yoast SEO plugin. -->","yoast_head_json":{"title":"S\u00edmbolos navide\u00f1os: El bel\u00e9n","description":"Uno de los principales s\u00edmbolos de la Navidad cristiana, el bel\u00e9n, fue montado por primera vez por San Francisco de As\u00eds en 1223. San Francisco quer\u00eda mostrar a los campesinos de Creccio, un pueblo cercano a Roma, c\u00f3mo hab\u00eda sido la noche del nacimiento de Jes\u00fas.","robots":{"index":"index","follow":"follow","max-snippet":"max-snippet:-1","max-image-preview":"max-image-preview:large","max-video-preview":"max-video-preview:-1"},"canonical":"https:\/\/www.padreeustaquio.com.br\/es\/simbolos-navidenos-el-belen\/","og_locale":"es_ES","og_type":"article","og_title":"S\u00edmbolos do Natal: O Pres\u00e9pio","og_description":"Um dos principais s\u00edmbolos do Natal crist\u00e3o, o pres\u00e9pio, foi montado pela primeira vez por S\u00e3o Francisco de Assis, em 1223. S\u00e3o Francisco queria mostrar aos camponeses de Creccio, cidade perto de Roma, como tinha sido a noite do nascimento de Jesus.","og_url":"https:\/\/www.padreeustaquio.com.br\/es\/simbolos-navidenos-el-belen\/","og_site_name":"Padre Eust\u00e1quio","article_publisher":"https:\/\/www.facebook.com\/beatopadreeustaquio\/","article_published_time":"2021-12-13T08:42:00+00:00","og_image":[{"width":748,"height":394,"url":"https:\/\/www.padreeustaquio.com.br\/wp-content\/uploads\/2021\/12\/presepio.jpg","type":"image\/jpeg"}],"author":"@sscc","twitter_card":"summary_large_image","twitter_creator":"@beatopeustaquio","twitter_site":"@beatopeustaquio","twitter_misc":{"Escrito por":"@sscc","Tiempo de lectura":"2 minutos"},"schema":{"@context":"https:\/\/schema.org","@graph":[{"@type":"Article","@id":"https:\/\/www.padreeustaquio.com.br\/simbolos-do-natal-o-presepio\/#article","isPartOf":{"@id":"https:\/\/www.padreeustaquio.com.br\/simbolos-do-natal-o-presepio\/"},"author":{"name":"@sscc","@id":"https:\/\/www.padreeustaquio.com.br\/#\/schema\/person\/a2a51db1d00f1a7af0204a0f1ddb1566"},"headline":"S\u00edmbolos do Natal: O Pres\u00e9pio","datePublished":"2021-12-13T08:42:00+00:00","mainEntityOfPage":{"@id":"https:\/\/www.padreeustaquio.com.br\/simbolos-do-natal-o-presepio\/"},"wordCount":282,"commentCount":0,"publisher":{"@id":"https:\/\/www.padreeustaquio.com.br\/#organization"},"image":{"@id":"https:\/\/www.padreeustaquio.com.br\/simbolos-do-natal-o-presepio\/#primaryimage"},"thumbnailUrl":"https:\/\/www.padreeustaquio.com.br\/wp-content\/uploads\/2021\/12\/presepio.jpg","articleSection":["Not\u00edcias"],"inLanguage":"es","potentialAction":[{"@type":"CommentAction","name":"Comment","target":["https:\/\/www.padreeustaquio.com.br\/simbolos-do-natal-o-presepio\/#respond"]}]},{"@type":"WebPage","@id":"https:\/\/www.padreeustaquio.com.br\/simbolos-do-natal-o-presepio\/","url":"https:\/\/www.padreeustaquio.com.br\/simbolos-do-natal-o-presepio\/","name":"S\u00edmbolos navide\u00f1os: El bel\u00e9n","isPartOf":{"@id":"https:\/\/www.padreeustaquio.com.br\/#website"},"primaryImageOfPage":{"@id":"https:\/\/www.padreeustaquio.com.br\/simbolos-do-natal-o-presepio\/#primaryimage"},"image":{"@id":"https:\/\/www.padreeustaquio.com.br\/simbolos-do-natal-o-presepio\/#primaryimage"},"thumbnailUrl":"https:\/\/www.padreeustaquio.com.br\/wp-content\/uploads\/2021\/12\/presepio.jpg","datePublished":"2021-12-13T08:42:00+00:00","description":"Uno de los principales s\u00edmbolos de la Navidad cristiana, el bel\u00e9n, fue montado por primera vez por San Francisco de As\u00eds en 1223. San Francisco quer\u00eda mostrar a los campesinos de Creccio, un pueblo cercano a Roma, c\u00f3mo hab\u00eda sido la noche del nacimiento de Jes\u00fas.","breadcrumb":{"@id":"https:\/\/www.padreeustaquio.com.br\/simbolos-do-natal-o-presepio\/#breadcrumb"},"inLanguage":"es","potentialAction":[{"@type":"ReadAction","target":["https:\/\/www.padreeustaquio.com.br\/simbolos-do-natal-o-presepio\/"]}]},{"@type":"ImageObject","inLanguage":"es","@id":"https:\/\/www.padreeustaquio.com.br\/simbolos-do-natal-o-presepio\/#primaryimage","url":"https:\/\/www.padreeustaquio.com.br\/wp-content\/uploads\/2021\/12\/presepio.jpg","contentUrl":"https:\/\/www.padreeustaquio.com.br\/wp-content\/uploads\/2021\/12\/presepio.jpg","width":748,"height":394},{"@type":"BreadcrumbList","@id":"https:\/\/www.padreeustaquio.com.br\/simbolos-do-natal-o-presepio\/#breadcrumb","itemListElement":[{"@type":"ListItem","position":1,"name":"In\u00edcio","item":"https:\/\/www.padreeustaquio.com.br\/"},{"@type":"ListItem","position":2,"name":"S\u00edmbolos do Natal: O Pres\u00e9pio"}]},{"@type":"WebSite","@id":"https:\/\/www.padreeustaquio.com.br\/#website","url":"https:\/\/www.padreeustaquio.com.br\/","name":"Padre Eustace","description":"Salud y Paz","publisher":{"@id":"https:\/\/www.padreeustaquio.com.br\/#organization"},"potentialAction":[{"@type":"SearchAction","target":{"@type":"EntryPoint","urlTemplate":"https:\/\/www.padreeustaquio.com.br\/?s={search_term_string}"},"query-input":{"@type":"PropertyValueSpecification","valueRequired":true,"valueName":"search_term_string"}}],"inLanguage":"es"},{"@type":"Organization","@id":"https:\/\/www.padreeustaquio.com.br\/#organization","name":"Padre Eustace","url":"https:\/\/www.padreeustaquio.com.br\/","logo":{"@type":"ImageObject","inLanguage":"es","@id":"https:\/\/www.padreeustaquio.com.br\/#\/schema\/logo\/image\/","url":"https:\/\/www.padreeustaquio.com.br\/wp-content\/uploads\/2019\/08\/marca.png","contentUrl":"https:\/\/www.padreeustaquio.com.br\/wp-content\/uploads\/2019\/08\/marca.png","width":350,"height":400,"caption":"Padre Eust\u00e1quio"},"image":{"@id":"https:\/\/www.padreeustaquio.com.br\/#\/schema\/logo\/image\/"},"sameAs":["https:\/\/www.facebook.com\/beatopadreeustaquio\/","https:\/\/x.com\/beatopeustaquio","https:\/\/www.instagram.com\/beatopadreeustaquio\/","https:\/\/www.youtube.com\/channel\/UCRhw7vfabnajwLxb1ZXMeIw"]},{"@type":"Person","@id":"https:\/\/www.padreeustaquio.com.br\/#\/schema\/person\/a2a51db1d00f1a7af0204a0f1ddb1566","name":"@sscc","image":{"@type":"ImageObject","inLanguage":"es","@id":"https:\/\/secure.gravatar.com\/avatar\/68cfafa5f44617fea54071e215026e0ff06be366c3d54a8425f04fdcb86f8c5f?s=96&d=mm&r=g","url":"https:\/\/secure.gravatar.com\/avatar\/68cfafa5f44617fea54071e215026e0ff06be366c3d54a8425f04fdcb86f8c5f?s=96&d=mm&r=g","contentUrl":"https:\/\/secure.gravatar.com\/avatar\/68cfafa5f44617fea54071e215026e0ff06be366c3d54a8425f04fdcb86f8c5f?s=96&d=mm&r=g","caption":"@sscc"},"url":"https:\/\/www.padreeustaquio.com.br\/es\/author\/sscc\/"}]}},"_links":{"self":[{"href":"https:\/\/www.padreeustaquio.com.br\/es\/wp-json\/wp\/v2\/posts\/7669","targetHints":{"allow":["GET"]}}],"collection":[{"href":"https:\/\/www.padreeustaquio.com.br\/es\/wp-json\/wp\/v2\/posts"}],"about":[{"href":"https:\/\/www.padreeustaquio.com.br\/es\/wp-json\/wp\/v2\/types\/post"}],"author":[{"embeddable":true,"href":"https:\/\/www.padreeustaquio.com.br\/es\/wp-json\/wp\/v2\/users\/2"}],"replies":[{"embeddable":true,"href":"https:\/\/www.padreeustaquio.com.br\/es\/wp-json\/wp\/v2\/comments?post=7669"}],"version-history":[{"count":0,"href":"https:\/\/www.padreeustaquio.com.br\/es\/wp-json\/wp\/v2\/posts\/7669\/revisions"}],"wp:featuredmedia":[{"embeddable":true,"href":"https:\/\/www.padreeustaquio.com.br\/es\/wp-json\/wp\/v2\/media\/7670"}],"wp:attachment":[{"href":"https:\/\/www.padreeustaquio.com.br\/es\/wp-json\/wp\/v2\/media?parent=7669"}],"wp:term":[{"taxonomy":"category","embeddable":true,"href":"https:\/\/www.padreeustaquio.com.br\/es\/wp-json\/wp\/v2\/categories?post=7669"},{"taxonomy":"post_tag","embeddable":true,"href":"https:\/\/www.padreeustaquio.com.br\/es\/wp-json\/wp\/v2\/tags?post=7669"}],"curies":[{"name":"wp","href":"https:\/\/api.w.org\/{rel}","templated":true}]}}