{"id":7637,"date":"2021-12-04T09:00:00","date_gmt":"2021-12-04T12:00:00","guid":{"rendered":"https:\/\/www.padreeustaquio.com.br\/?p=7637"},"modified":"2021-12-02T12:30:24","modified_gmt":"2021-12-02T15:30:24","slug":"segundo-domingo-de-adviento-una-guia-para-celebrar-en-familia","status":"publish","type":"post","link":"https:\/\/www.padreeustaquio.com.br\/es\/segundo-domingo-de-adviento-una-guia-para-celebrar-en-familia\/","title":{"rendered":"Segundo Domingo de Adviento \u2013 Gu\u00eda para celebrar en familia"},"content":{"rendered":"<p>La Iglesia ense\u00f1a que el Adviento tiene un doble car\u00e1cter: es un tiempo de preparaci\u00f3n para las solemnidades de la Navidad, en las que se conmemora la primera venida del Hijo de Dios entre los hombres. Es tambi\u00e9n un tiempo en el que, mediante este recuerdo, los corazones se abren a la expectativa de la segunda venida de Cristo al final de los tiempos. Por esta doble raz\u00f3n, el Adviento se presenta como un tiempo de espera devota y gozosa (cf. NALC, n. 39).<\/p>\n\n\n\n<p>En el Santuario Arquidiocesano de Salud y Paz, se han modificado los horarios para aumentar el n\u00famero de celebraciones presenciales y la administraci\u00f3n de sacramentos como matrimonios y bautismos. Los horarios de transmisi\u00f3n de misas a trav\u00e9s de [nombre de la plataforma - falta en el texto original]&nbsp;<a href=\"https:\/\/www.youtube.com\/channel\/UCRhw7vfabnajwLxb1ZXMeIw\">Canal Padre Eust\u00e1quio<\/a>&nbsp;Los servicios ser\u00e1n ahora: el s\u00e1bado a las 17:00 h y el domingo a las 10:00 h y a las 19:00 h. De esta manera, podremos participar, viviendo la dignidad del pueblo sacerdotal que nos confiri\u00f3 nuestro bautismo. No solo podremos participar, sino tambi\u00e9n celebrar el Domingo del Se\u00f1or en familia.<\/p>\n\n\n\n<p>Cada familia puede adaptar el plan seg\u00fan sus necesidades, siguiendo el guion. Las canciones son sugerencias y pueden sustituirse por otras, teniendo en cuenta el tiempo de Adviento que estamos viviendo.<\/p>\n\n\n\n<p>Y para acompa\u00f1ar este momento, utilicemos la gu\u00eda \u201cCelebrando en Familia\u201d ofrecida por la Comisi\u00f3n Pastoral Episcopal de Liturgia de la Conferencia Nacional de Obispos de Brasil (CNBB).<\/p>\n\n\n\n<p><\/p>\n\n\n\n<p><a href=\"https:\/\/www.cnbb.org.br\/wp-content\/uploads\/2021\/11\/01-Celebrar-em-Familia-2-Advento.pdf\">Descargue la Gu\u00eda de Celebraci\u00f3n Familiar para el 2\u00ba Domingo de Adviento<\/a><\/p>\n\n\n\n<p><\/p>","protected":false},"excerpt":{"rendered":"<p>A Igreja ensina que o Tempo do Advento possui dupla caracter\u00edstica: \u00e9 um tempo de prepara\u00e7\u00e3o para solenidades do Natal, em que se comemora a primeira vinda do Filho de Deus entre os homens. \u00c9 tamb\u00e9m um tempo em que, por meio desta lembran\u00e7a, voltam-se os cora\u00e7\u00f5es para expectativa da segunda vinda do Cristo no fim dos tempos. Por esse duplo motivo o tempo do advento se apresenta como um tempo de piedosa e alegre expectativa (cf. NALC, n. 39). No Santu\u00e1rio Arquidiocesano da Sa\u00fade e da Paz, os hor\u00e1rios foram alterados para aumentar o n\u00famero de celebra\u00e7\u00f5es presenciais e [&hellip;]<\/p>\n","protected":false},"author":2,"featured_media":7650,"comment_status":"open","ping_status":"closed","sticky":false,"template":"","format":"standard","meta":{"_acf_changed":false,"footnotes":""},"categories":[611],"tags":[],"class_list":["post-7637","post","type-post","status-publish","format-standard","has-post-thumbnail","hentry","category-noticias"],"acf":[],"yoast_head":"<!-- This site is optimized with the Yoast SEO plugin v27.2 - https:\/\/yoast.com\/product\/yoast-seo-wordpress\/ -->\n<title>Segundo Domingo do Advento - Roteiro para celebrar em fam\u00edlia<\/title>\n<meta name=\"description\" content=\"A Igreja ensina que o Tempo do Advento possui dupla caracter\u00edstica: \u00e9 um tempo de prepara\u00e7\u00e3o para solenidades do Natal, em que se comemora a primeira vinda do Filho de Deus entre os homens.\" \/>\n<meta name=\"robots\" content=\"index, follow, max-snippet:-1, max-image-preview:large, max-video-preview:-1\" \/>\n<link rel=\"canonical\" href=\"https:\/\/www.padreeustaquio.com.br\/es\/segundo-domingo-de-adviento-una-guia-para-celebrar-en-familia\/\" \/>\n<meta property=\"og:locale\" content=\"es_ES\" \/>\n<meta property=\"og:type\" content=\"article\" \/>\n<meta property=\"og:title\" content=\"Segundo Domingo do Advento - Roteiro para celebrar em fam\u00edlia\" \/>\n<meta property=\"og:description\" content=\"A Igreja ensina que o Tempo do Advento possui dupla caracter\u00edstica: \u00e9 um tempo de prepara\u00e7\u00e3o para solenidades do Natal, em que se comemora a primeira vinda do Filho de Deus entre os homens.\" \/>\n<meta property=\"og:url\" content=\"https:\/\/www.padreeustaquio.com.br\/es\/segundo-domingo-de-adviento-una-guia-para-celebrar-en-familia\/\" \/>\n<meta property=\"og:site_name\" content=\"Padre Eust\u00e1quio\" \/>\n<meta property=\"article:publisher\" content=\"https:\/\/www.facebook.com\/beatopadreeustaquio\/\" \/>\n<meta property=\"article:published_time\" content=\"2021-12-04T12:00:00+00:00\" \/>\n<meta property=\"og:image\" content=\"https:\/\/www.padreeustaquio.com.br\/wp-content\/uploads\/2021\/12\/segundo-domingo-advento.jpg\" \/>\n\t<meta property=\"og:image:width\" content=\"748\" \/>\n\t<meta property=\"og:image:height\" content=\"394\" \/>\n\t<meta property=\"og:image:type\" content=\"image\/jpeg\" \/>\n<meta name=\"author\" content=\"@sscc\" \/>\n<meta name=\"twitter:card\" content=\"summary_large_image\" \/>\n<meta name=\"twitter:creator\" content=\"@beatopeustaquio\" \/>\n<meta name=\"twitter:site\" content=\"@beatopeustaquio\" \/>\n<meta name=\"twitter:label1\" content=\"Escrito por\" \/>\n\t<meta name=\"twitter:data1\" content=\"@sscc\" \/>\n\t<meta name=\"twitter:label2\" content=\"Tiempo de lectura\" \/>\n\t<meta name=\"twitter:data2\" content=\"2 minutos\" \/>\n<script type=\"application\/ld+json\" class=\"yoast-schema-graph\">{\"@context\":\"https:\/\/schema.org\",\"@graph\":[{\"@type\":\"Article\",\"@id\":\"https:\/\/www.padreeustaquio.com.br\/segundo-domingo-do-advento-roteiro-para-celebrar-em-familia\/#article\",\"isPartOf\":{\"@id\":\"https:\/\/www.padreeustaquio.com.br\/segundo-domingo-do-advento-roteiro-para-celebrar-em-familia\/\"},\"author\":{\"name\":\"@sscc\",\"@id\":\"https:\/\/www.padreeustaquio.com.br\/#\/schema\/person\/a2a51db1d00f1a7af0204a0f1ddb1566\"},\"headline\":\"Segundo Domingo do Advento &#8211; Roteiro para celebrar em fam\u00edlia\",\"datePublished\":\"2021-12-04T12:00:00+00:00\",\"mainEntityOfPage\":{\"@id\":\"https:\/\/www.padreeustaquio.com.br\/segundo-domingo-do-advento-roteiro-para-celebrar-em-familia\/\"},\"wordCount\":268,\"commentCount\":0,\"publisher\":{\"@id\":\"https:\/\/www.padreeustaquio.com.br\/#organization\"},\"image\":{\"@id\":\"https:\/\/www.padreeustaquio.com.br\/segundo-domingo-do-advento-roteiro-para-celebrar-em-familia\/#primaryimage\"},\"thumbnailUrl\":\"https:\/\/www.padreeustaquio.com.br\/wp-content\/uploads\/2021\/12\/segundo-domingo-advento.jpg\",\"articleSection\":[\"Not\u00edcias\"],\"inLanguage\":\"es\",\"potentialAction\":[{\"@type\":\"CommentAction\",\"name\":\"Comment\",\"target\":[\"https:\/\/www.padreeustaquio.com.br\/segundo-domingo-do-advento-roteiro-para-celebrar-em-familia\/#respond\"]}]},{\"@type\":\"WebPage\",\"@id\":\"https:\/\/www.padreeustaquio.com.br\/segundo-domingo-do-advento-roteiro-para-celebrar-em-familia\/\",\"url\":\"https:\/\/www.padreeustaquio.com.br\/segundo-domingo-do-advento-roteiro-para-celebrar-em-familia\/\",\"name\":\"Segundo Domingo do Advento - Roteiro para celebrar em fam\u00edlia\",\"isPartOf\":{\"@id\":\"https:\/\/www.padreeustaquio.com.br\/#website\"},\"primaryImageOfPage\":{\"@id\":\"https:\/\/www.padreeustaquio.com.br\/segundo-domingo-do-advento-roteiro-para-celebrar-em-familia\/#primaryimage\"},\"image\":{\"@id\":\"https:\/\/www.padreeustaquio.com.br\/segundo-domingo-do-advento-roteiro-para-celebrar-em-familia\/#primaryimage\"},\"thumbnailUrl\":\"https:\/\/www.padreeustaquio.com.br\/wp-content\/uploads\/2021\/12\/segundo-domingo-advento.jpg\",\"datePublished\":\"2021-12-04T12:00:00+00:00\",\"description\":\"A Igreja ensina que o Tempo do Advento possui dupla caracter\u00edstica: \u00e9 um tempo de prepara\u00e7\u00e3o para solenidades do Natal, em que se comemora a primeira vinda do Filho de Deus entre os homens.\",\"breadcrumb\":{\"@id\":\"https:\/\/www.padreeustaquio.com.br\/segundo-domingo-do-advento-roteiro-para-celebrar-em-familia\/#breadcrumb\"},\"inLanguage\":\"es\",\"potentialAction\":[{\"@type\":\"ReadAction\",\"target\":[\"https:\/\/www.padreeustaquio.com.br\/segundo-domingo-do-advento-roteiro-para-celebrar-em-familia\/\"]}]},{\"@type\":\"ImageObject\",\"inLanguage\":\"es\",\"@id\":\"https:\/\/www.padreeustaquio.com.br\/segundo-domingo-do-advento-roteiro-para-celebrar-em-familia\/#primaryimage\",\"url\":\"https:\/\/www.padreeustaquio.com.br\/wp-content\/uploads\/2021\/12\/segundo-domingo-advento.jpg\",\"contentUrl\":\"https:\/\/www.padreeustaquio.com.br\/wp-content\/uploads\/2021\/12\/segundo-domingo-advento.jpg\",\"width\":748,\"height\":394},{\"@type\":\"BreadcrumbList\",\"@id\":\"https:\/\/www.padreeustaquio.com.br\/segundo-domingo-do-advento-roteiro-para-celebrar-em-familia\/#breadcrumb\",\"itemListElement\":[{\"@type\":\"ListItem\",\"position\":1,\"name\":\"In\u00edcio\",\"item\":\"https:\/\/www.padreeustaquio.com.br\/\"},{\"@type\":\"ListItem\",\"position\":2,\"name\":\"Segundo Domingo do Advento &#8211; Roteiro para celebrar em fam\u00edlia\"}]},{\"@type\":\"WebSite\",\"@id\":\"https:\/\/www.padreeustaquio.com.br\/#website\",\"url\":\"https:\/\/www.padreeustaquio.com.br\/\",\"name\":\"Padre Eust\u00e1quio\",\"description\":\"Sa\u00fade e Paz\",\"publisher\":{\"@id\":\"https:\/\/www.padreeustaquio.com.br\/#organization\"},\"potentialAction\":[{\"@type\":\"SearchAction\",\"target\":{\"@type\":\"EntryPoint\",\"urlTemplate\":\"https:\/\/www.padreeustaquio.com.br\/?s={search_term_string}\"},\"query-input\":{\"@type\":\"PropertyValueSpecification\",\"valueRequired\":true,\"valueName\":\"search_term_string\"}}],\"inLanguage\":\"es\"},{\"@type\":\"Organization\",\"@id\":\"https:\/\/www.padreeustaquio.com.br\/#organization\",\"name\":\"Padre Eust\u00e1quio\",\"url\":\"https:\/\/www.padreeustaquio.com.br\/\",\"logo\":{\"@type\":\"ImageObject\",\"inLanguage\":\"es\",\"@id\":\"https:\/\/www.padreeustaquio.com.br\/#\/schema\/logo\/image\/\",\"url\":\"https:\/\/www.padreeustaquio.com.br\/wp-content\/uploads\/2019\/08\/marca.png\",\"contentUrl\":\"https:\/\/www.padreeustaquio.com.br\/wp-content\/uploads\/2019\/08\/marca.png\",\"width\":350,\"height\":400,\"caption\":\"Padre Eust\u00e1quio\"},\"image\":{\"@id\":\"https:\/\/www.padreeustaquio.com.br\/#\/schema\/logo\/image\/\"},\"sameAs\":[\"https:\/\/www.facebook.com\/beatopadreeustaquio\/\",\"https:\/\/x.com\/beatopeustaquio\",\"https:\/\/www.instagram.com\/beatopadreeustaquio\/\",\"https:\/\/www.youtube.com\/channel\/UCRhw7vfabnajwLxb1ZXMeIw\"]},{\"@type\":\"Person\",\"@id\":\"https:\/\/www.padreeustaquio.com.br\/#\/schema\/person\/a2a51db1d00f1a7af0204a0f1ddb1566\",\"name\":\"@sscc\",\"image\":{\"@type\":\"ImageObject\",\"inLanguage\":\"es\",\"@id\":\"https:\/\/secure.gravatar.com\/avatar\/68cfafa5f44617fea54071e215026e0ff06be366c3d54a8425f04fdcb86f8c5f?s=96&d=mm&r=g\",\"url\":\"https:\/\/secure.gravatar.com\/avatar\/68cfafa5f44617fea54071e215026e0ff06be366c3d54a8425f04fdcb86f8c5f?s=96&d=mm&r=g\",\"contentUrl\":\"https:\/\/secure.gravatar.com\/avatar\/68cfafa5f44617fea54071e215026e0ff06be366c3d54a8425f04fdcb86f8c5f?s=96&d=mm&r=g\",\"caption\":\"@sscc\"},\"url\":\"https:\/\/www.padreeustaquio.com.br\/es\/author\/sscc\/\"}]}<\/script>\n<!-- \/ Yoast SEO plugin. -->","yoast_head_json":{"title":"Segundo Domingo de Adviento - Gu\u00eda para celebrar en familia","description":"La Iglesia ense\u00f1a que el Adviento tiene un doble car\u00e1cter: es un tiempo de preparaci\u00f3n a las solemnidades de la Navidad, en la que se conmemora la primera venida del Hijo de Dios entre los hombres.","robots":{"index":"index","follow":"follow","max-snippet":"max-snippet:-1","max-image-preview":"max-image-preview:large","max-video-preview":"max-video-preview:-1"},"canonical":"https:\/\/www.padreeustaquio.com.br\/es\/segundo-domingo-de-adviento-una-guia-para-celebrar-en-familia\/","og_locale":"es_ES","og_type":"article","og_title":"Segundo Domingo do Advento - Roteiro para celebrar em fam\u00edlia","og_description":"A Igreja ensina que o Tempo do Advento possui dupla caracter\u00edstica: \u00e9 um tempo de prepara\u00e7\u00e3o para solenidades do Natal, em que se comemora a primeira vinda do Filho de Deus entre os homens.","og_url":"https:\/\/www.padreeustaquio.com.br\/es\/segundo-domingo-de-adviento-una-guia-para-celebrar-en-familia\/","og_site_name":"Padre Eust\u00e1quio","article_publisher":"https:\/\/www.facebook.com\/beatopadreeustaquio\/","article_published_time":"2021-12-04T12:00:00+00:00","og_image":[{"width":748,"height":394,"url":"https:\/\/www.padreeustaquio.com.br\/wp-content\/uploads\/2021\/12\/segundo-domingo-advento.jpg","type":"image\/jpeg"}],"author":"@sscc","twitter_card":"summary_large_image","twitter_creator":"@beatopeustaquio","twitter_site":"@beatopeustaquio","twitter_misc":{"Escrito por":"@sscc","Tiempo de lectura":"2 minutos"},"schema":{"@context":"https:\/\/schema.org","@graph":[{"@type":"Article","@id":"https:\/\/www.padreeustaquio.com.br\/segundo-domingo-do-advento-roteiro-para-celebrar-em-familia\/#article","isPartOf":{"@id":"https:\/\/www.padreeustaquio.com.br\/segundo-domingo-do-advento-roteiro-para-celebrar-em-familia\/"},"author":{"name":"@sscc","@id":"https:\/\/www.padreeustaquio.com.br\/#\/schema\/person\/a2a51db1d00f1a7af0204a0f1ddb1566"},"headline":"Segundo Domingo do Advento &#8211; Roteiro para celebrar em fam\u00edlia","datePublished":"2021-12-04T12:00:00+00:00","mainEntityOfPage":{"@id":"https:\/\/www.padreeustaquio.com.br\/segundo-domingo-do-advento-roteiro-para-celebrar-em-familia\/"},"wordCount":268,"commentCount":0,"publisher":{"@id":"https:\/\/www.padreeustaquio.com.br\/#organization"},"image":{"@id":"https:\/\/www.padreeustaquio.com.br\/segundo-domingo-do-advento-roteiro-para-celebrar-em-familia\/#primaryimage"},"thumbnailUrl":"https:\/\/www.padreeustaquio.com.br\/wp-content\/uploads\/2021\/12\/segundo-domingo-advento.jpg","articleSection":["Not\u00edcias"],"inLanguage":"es","potentialAction":[{"@type":"CommentAction","name":"Comment","target":["https:\/\/www.padreeustaquio.com.br\/segundo-domingo-do-advento-roteiro-para-celebrar-em-familia\/#respond"]}]},{"@type":"WebPage","@id":"https:\/\/www.padreeustaquio.com.br\/segundo-domingo-do-advento-roteiro-para-celebrar-em-familia\/","url":"https:\/\/www.padreeustaquio.com.br\/segundo-domingo-do-advento-roteiro-para-celebrar-em-familia\/","name":"Segundo Domingo de Adviento - Gu\u00eda para celebrar en familia","isPartOf":{"@id":"https:\/\/www.padreeustaquio.com.br\/#website"},"primaryImageOfPage":{"@id":"https:\/\/www.padreeustaquio.com.br\/segundo-domingo-do-advento-roteiro-para-celebrar-em-familia\/#primaryimage"},"image":{"@id":"https:\/\/www.padreeustaquio.com.br\/segundo-domingo-do-advento-roteiro-para-celebrar-em-familia\/#primaryimage"},"thumbnailUrl":"https:\/\/www.padreeustaquio.com.br\/wp-content\/uploads\/2021\/12\/segundo-domingo-advento.jpg","datePublished":"2021-12-04T12:00:00+00:00","description":"La Iglesia ense\u00f1a que el Adviento tiene un doble car\u00e1cter: es un tiempo de preparaci\u00f3n a las solemnidades de la Navidad, en la que se conmemora la primera venida del Hijo de Dios entre los hombres.","breadcrumb":{"@id":"https:\/\/www.padreeustaquio.com.br\/segundo-domingo-do-advento-roteiro-para-celebrar-em-familia\/#breadcrumb"},"inLanguage":"es","potentialAction":[{"@type":"ReadAction","target":["https:\/\/www.padreeustaquio.com.br\/segundo-domingo-do-advento-roteiro-para-celebrar-em-familia\/"]}]},{"@type":"ImageObject","inLanguage":"es","@id":"https:\/\/www.padreeustaquio.com.br\/segundo-domingo-do-advento-roteiro-para-celebrar-em-familia\/#primaryimage","url":"https:\/\/www.padreeustaquio.com.br\/wp-content\/uploads\/2021\/12\/segundo-domingo-advento.jpg","contentUrl":"https:\/\/www.padreeustaquio.com.br\/wp-content\/uploads\/2021\/12\/segundo-domingo-advento.jpg","width":748,"height":394},{"@type":"BreadcrumbList","@id":"https:\/\/www.padreeustaquio.com.br\/segundo-domingo-do-advento-roteiro-para-celebrar-em-familia\/#breadcrumb","itemListElement":[{"@type":"ListItem","position":1,"name":"In\u00edcio","item":"https:\/\/www.padreeustaquio.com.br\/"},{"@type":"ListItem","position":2,"name":"Segundo Domingo do Advento &#8211; Roteiro para celebrar em fam\u00edlia"}]},{"@type":"WebSite","@id":"https:\/\/www.padreeustaquio.com.br\/#website","url":"https:\/\/www.padreeustaquio.com.br\/","name":"Padre Eustace","description":"Salud y Paz","publisher":{"@id":"https:\/\/www.padreeustaquio.com.br\/#organization"},"potentialAction":[{"@type":"SearchAction","target":{"@type":"EntryPoint","urlTemplate":"https:\/\/www.padreeustaquio.com.br\/?s={search_term_string}"},"query-input":{"@type":"PropertyValueSpecification","valueRequired":true,"valueName":"search_term_string"}}],"inLanguage":"es"},{"@type":"Organization","@id":"https:\/\/www.padreeustaquio.com.br\/#organization","name":"Padre Eustace","url":"https:\/\/www.padreeustaquio.com.br\/","logo":{"@type":"ImageObject","inLanguage":"es","@id":"https:\/\/www.padreeustaquio.com.br\/#\/schema\/logo\/image\/","url":"https:\/\/www.padreeustaquio.com.br\/wp-content\/uploads\/2019\/08\/marca.png","contentUrl":"https:\/\/www.padreeustaquio.com.br\/wp-content\/uploads\/2019\/08\/marca.png","width":350,"height":400,"caption":"Padre Eust\u00e1quio"},"image":{"@id":"https:\/\/www.padreeustaquio.com.br\/#\/schema\/logo\/image\/"},"sameAs":["https:\/\/www.facebook.com\/beatopadreeustaquio\/","https:\/\/x.com\/beatopeustaquio","https:\/\/www.instagram.com\/beatopadreeustaquio\/","https:\/\/www.youtube.com\/channel\/UCRhw7vfabnajwLxb1ZXMeIw"]},{"@type":"Person","@id":"https:\/\/www.padreeustaquio.com.br\/#\/schema\/person\/a2a51db1d00f1a7af0204a0f1ddb1566","name":"@sscc","image":{"@type":"ImageObject","inLanguage":"es","@id":"https:\/\/secure.gravatar.com\/avatar\/68cfafa5f44617fea54071e215026e0ff06be366c3d54a8425f04fdcb86f8c5f?s=96&d=mm&r=g","url":"https:\/\/secure.gravatar.com\/avatar\/68cfafa5f44617fea54071e215026e0ff06be366c3d54a8425f04fdcb86f8c5f?s=96&d=mm&r=g","contentUrl":"https:\/\/secure.gravatar.com\/avatar\/68cfafa5f44617fea54071e215026e0ff06be366c3d54a8425f04fdcb86f8c5f?s=96&d=mm&r=g","caption":"@sscc"},"url":"https:\/\/www.padreeustaquio.com.br\/es\/author\/sscc\/"}]}},"_links":{"self":[{"href":"https:\/\/www.padreeustaquio.com.br\/es\/wp-json\/wp\/v2\/posts\/7637","targetHints":{"allow":["GET"]}}],"collection":[{"href":"https:\/\/www.padreeustaquio.com.br\/es\/wp-json\/wp\/v2\/posts"}],"about":[{"href":"https:\/\/www.padreeustaquio.com.br\/es\/wp-json\/wp\/v2\/types\/post"}],"author":[{"embeddable":true,"href":"https:\/\/www.padreeustaquio.com.br\/es\/wp-json\/wp\/v2\/users\/2"}],"replies":[{"embeddable":true,"href":"https:\/\/www.padreeustaquio.com.br\/es\/wp-json\/wp\/v2\/comments?post=7637"}],"version-history":[{"count":0,"href":"https:\/\/www.padreeustaquio.com.br\/es\/wp-json\/wp\/v2\/posts\/7637\/revisions"}],"wp:featuredmedia":[{"embeddable":true,"href":"https:\/\/www.padreeustaquio.com.br\/es\/wp-json\/wp\/v2\/media\/7650"}],"wp:attachment":[{"href":"https:\/\/www.padreeustaquio.com.br\/es\/wp-json\/wp\/v2\/media?parent=7637"}],"wp:term":[{"taxonomy":"category","embeddable":true,"href":"https:\/\/www.padreeustaquio.com.br\/es\/wp-json\/wp\/v2\/categories?post=7637"},{"taxonomy":"post_tag","embeddable":true,"href":"https:\/\/www.padreeustaquio.com.br\/es\/wp-json\/wp\/v2\/tags?post=7637"}],"curies":[{"name":"wp","href":"https:\/\/api.w.org\/{rel}","templated":true}]}}