{"id":7635,"date":"2021-12-02T06:15:00","date_gmt":"2021-12-02T09:15:00","guid":{"rendered":"https:\/\/www.padreeustaquio.com.br\/?p=7635"},"modified":"2021-12-02T12:25:20","modified_gmt":"2021-12-02T15:25:20","slug":"devotos-del-padre-eustaquio-participan-de-un-programa-en-cancao-nova-tv","status":"publish","type":"post","link":"https:\/\/www.padreeustaquio.com.br\/es\/devotos-del-padre-eustaquio-participan-de-un-programa-en-cancao-nova-tv\/","title":{"rendered":"Devotos del Padre Eust\u00e1quio participan de un programa en Can\u00e7\u00e3o Nova TV."},"content":{"rendered":"<p>El programa &quot;Juntos Somos M\u00e1s&quot; de TV Can\u00e7\u00e3o Nova cont\u00f3 con invitados muy especiales este mi\u00e9rcoles 1.\u00ba. El segmento del Rosario de la Divina Providencia cont\u00f3 con una audiencia virtual compuesta por devotos del Sant\u00edsimo.<\/p>\n\n\n\n<p>Presentado por Cristiane Silva, Andr\u00e9 Flor\u00eancio y L\u00facio Dom\u00edcio, todos de la Comunidad Can\u00e7\u00e3o Nova, el programa &quot;Juntos Somos M\u00e1s&quot; de este mi\u00e9rcoles analiz\u00f3 las acciones de los colaboradores evangelizadores de la comunidad cat\u00f3lica y pidi\u00f3 a la Divina Providencia que contin\u00fae la evangelizaci\u00f3n a trav\u00e9s de los medios de comunicaci\u00f3n. En un momento del programa, se realiz\u00f3 una meditaci\u00f3n sobre el Rosario de la Divina Providencia, momento en el que participaron varios devotos del Padre Eust\u00e1quio, entre ellos Dom Luiz Mancilha Vilela, Arzobispo Em\u00e9rito de Vit\u00f3ria en Esp\u00edrito Santo. <\/p>\n\n\n\n<p>El programa tambi\u00e9n cont\u00f3 con la participaci\u00f3n especial del representante de la Causa de Canonizaci\u00f3n del Padre Eust\u00e1quio aqu\u00ed en Brasil, P. Vin\u00edcius Maciel, ss.cc, y del sobrino del sacerdote holand\u00e9s, Will van den Boomen, quien particip\u00f3 del programa directamente desde los Pa\u00edses Bajos. <\/p>\n\n\n\n<p>Otros hermanos y devotos del Padre Eust\u00e1quio tambi\u00e9n participaron en el programa, tanto de Minas Gerais como de otros estados, e incluso del extranjero, como Estados Unidos y M\u00e9xico. Vea el programa. <a href=\"https:\/\/www.youtube.com\/watch?v=tznpxO0MIsw&amp;list=PLgzp587mOb1nToBV-yDWqXt66z-8FiH_R\" target=\"_blank\" rel=\"noreferrer noopener\">HAGA CLIC AQU\u00cd<\/a>.<\/p>\n\n\n\n<p><strong>Juntos somos m\u00e1s fuertes<\/strong><\/p>\n\n\n\n<p>El programa de televisi\u00f3n Can\u00e7\u00e3o Nova se considera una inspiraci\u00f3n que encarna los valores del Reino de Dios, como el compartir, el amor, la entrega de tiempo y vida, la generosidad y el servicio por la salvaci\u00f3n de las almas. Su prop\u00f3sito es acercar al pueblo de Dios a los miembros de Can\u00e7\u00e3o Nova, quienes, a trav\u00e9s de sus testimonios, transmiten el poder de esta evangelizaci\u00f3n que llega al coraz\u00f3n de las personas en diversas situaciones de la vida.&nbsp;<\/p>\n\n\n\n<p>El programa llega a los espectadores a trav\u00e9s de TV Can\u00e7\u00e3o Nova todos los lunes, mi\u00e9rcoles y viernes a las 14:00 h, en directo desde la sede de la Comunidad Can\u00e7\u00e3o Nova en Cachoeira Paulista (SP), y los martes en directo desde la capital, Belo Horizonte (MG). Los s\u00e1bados y domingos a las 10:30 h, el programa se acerca a\u00fan m\u00e1s a los miembros para agradecer a quienes visitan la hacienda Santa Cruz, teniendo la gentileza de participar en los eventos o mostrando un poco de la casa, la Comunidad Can\u00e7\u00e3o Nova y el detr\u00e1s de escena de la Fundaci\u00f3n Jo\u00e3o Paulo II.<\/p>\n\n\n\n<p><\/p>","protected":false},"excerpt":{"rendered":"<p>O Programa &#8220;Juntos Somos Mais&#8221; da TV Can\u00e7\u00e3o Nova teve participa\u00e7\u00f5es muito especiais nessa quarta-feira, dia 1\u00ba. O momento do Ter\u00e7o da Divina Provid\u00eancia contou com uma plateia virtual, formada por devotos do Bem-Aventurado. Apresentado por Cristiane Silva, Andr\u00e9 Flor\u00eancio e L\u00facio Dom\u00edcio, todos da Comunidade Can\u00e7\u00e3o Nova, o Juntos Somos Mais dessa quarta-feira, falou das a\u00e7\u00f5es realizadas pelos s\u00f3cios evangelizadores da comunidade cat\u00f3lica e pediu a Provid\u00eancia Divina para continuar evangelizando pelos meios de comunica\u00e7\u00e3o. Em um dos momentos do programa houve a medita\u00e7\u00e3o do Ter\u00e7o da Divina Provid\u00eancia, momento em que v\u00e1rios devotos de Padre Eust\u00e1quio participaram da [&hellip;]<\/p>\n","protected":false},"author":2,"featured_media":7642,"comment_status":"open","ping_status":"closed","sticky":false,"template":"","format":"standard","meta":{"_acf_changed":false,"footnotes":""},"categories":[611],"tags":[],"class_list":["post-7635","post","type-post","status-publish","format-standard","has-post-thumbnail","hentry","category-noticias"],"acf":[],"yoast_head":"<!-- This site is optimized with the Yoast SEO plugin v27.2 - https:\/\/yoast.com\/product\/yoast-seo-wordpress\/ -->\n<title>Devotos de Padre Eust\u00e1quio participam de programa da TV Can\u00e7\u00e3o Nova<\/title>\n<meta name=\"description\" content=\"O Programa &quot;Juntos Somos Mais&quot; da TV Can\u00e7\u00e3o Nova teve uma participa\u00e7\u00e3o muito especial nessa quarta-feira. O momento do Ter\u00e7o da Divina Provid\u00eancia uma plateia virtual, formada por devotos do Bem-Aventurado, ajudou a compor o cen\u00e1rio do programa.\" \/>\n<meta name=\"robots\" content=\"index, follow, max-snippet:-1, max-image-preview:large, max-video-preview:-1\" \/>\n<link rel=\"canonical\" href=\"https:\/\/www.padreeustaquio.com.br\/es\/devotos-del-padre-eustaquio-participan-de-un-programa-en-cancao-nova-tv\/\" \/>\n<meta property=\"og:locale\" content=\"es_ES\" \/>\n<meta property=\"og:type\" content=\"article\" \/>\n<meta property=\"og:title\" content=\"Devotos de Padre Eust\u00e1quio participam de programa da TV Can\u00e7\u00e3o Nova\" \/>\n<meta property=\"og:description\" content=\"O Programa &quot;Juntos Somos Mais&quot; da TV Can\u00e7\u00e3o Nova teve uma participa\u00e7\u00e3o muito especial nessa quarta-feira. O momento do Ter\u00e7o da Divina Provid\u00eancia uma plateia virtual, formada por devotos do Bem-Aventurado, ajudou a compor o cen\u00e1rio do programa.\" \/>\n<meta property=\"og:url\" content=\"https:\/\/www.padreeustaquio.com.br\/es\/devotos-del-padre-eustaquio-participan-de-un-programa-en-cancao-nova-tv\/\" \/>\n<meta property=\"og:site_name\" content=\"Padre Eust\u00e1quio\" \/>\n<meta property=\"article:publisher\" content=\"https:\/\/www.facebook.com\/beatopadreeustaquio\/\" \/>\n<meta property=\"article:published_time\" content=\"2021-12-02T09:15:00+00:00\" \/>\n<meta property=\"article:modified_time\" content=\"2021-12-02T15:25:20+00:00\" \/>\n<meta property=\"og:image\" content=\"https:\/\/www.padreeustaquio.com.br\/wp-content\/uploads\/2021\/12\/juntos-somos-mais.png\" \/>\n\t<meta property=\"og:image:width\" content=\"1366\" \/>\n\t<meta property=\"og:image:height\" content=\"768\" \/>\n\t<meta property=\"og:image:type\" content=\"image\/png\" \/>\n<meta name=\"author\" content=\"@sscc\" \/>\n<meta name=\"twitter:card\" content=\"summary_large_image\" \/>\n<meta name=\"twitter:creator\" content=\"@beatopeustaquio\" \/>\n<meta name=\"twitter:site\" content=\"@beatopeustaquio\" \/>\n<meta name=\"twitter:label1\" content=\"Escrito por\" \/>\n\t<meta name=\"twitter:data1\" content=\"@sscc\" \/>\n\t<meta name=\"twitter:label2\" content=\"Tiempo de lectura\" \/>\n\t<meta name=\"twitter:data2\" content=\"2 minutos\" \/>\n<script type=\"application\/ld+json\" class=\"yoast-schema-graph\">{\"@context\":\"https:\/\/schema.org\",\"@graph\":[{\"@type\":\"Article\",\"@id\":\"https:\/\/www.padreeustaquio.com.br\/devotos-de-padre-eustaquio-participam-de-programa-da-tv-cancao-nova\/#article\",\"isPartOf\":{\"@id\":\"https:\/\/www.padreeustaquio.com.br\/devotos-de-padre-eustaquio-participam-de-programa-da-tv-cancao-nova\/\"},\"author\":{\"name\":\"@sscc\",\"@id\":\"https:\/\/www.padreeustaquio.com.br\/#\/schema\/person\/a2a51db1d00f1a7af0204a0f1ddb1566\"},\"headline\":\"Devotos de Padre Eust\u00e1quio participam de programa da TV Can\u00e7\u00e3o Nova\",\"datePublished\":\"2021-12-02T09:15:00+00:00\",\"dateModified\":\"2021-12-02T15:25:20+00:00\",\"mainEntityOfPage\":{\"@id\":\"https:\/\/www.padreeustaquio.com.br\/devotos-de-padre-eustaquio-participam-de-programa-da-tv-cancao-nova\/\"},\"wordCount\":432,\"commentCount\":0,\"publisher\":{\"@id\":\"https:\/\/www.padreeustaquio.com.br\/#organization\"},\"image\":{\"@id\":\"https:\/\/www.padreeustaquio.com.br\/devotos-de-padre-eustaquio-participam-de-programa-da-tv-cancao-nova\/#primaryimage\"},\"thumbnailUrl\":\"https:\/\/www.padreeustaquio.com.br\/wp-content\/uploads\/2021\/12\/juntos-somos-mais.png\",\"articleSection\":[\"Not\u00edcias\"],\"inLanguage\":\"es\",\"potentialAction\":[{\"@type\":\"CommentAction\",\"name\":\"Comment\",\"target\":[\"https:\/\/www.padreeustaquio.com.br\/devotos-de-padre-eustaquio-participam-de-programa-da-tv-cancao-nova\/#respond\"]}]},{\"@type\":\"WebPage\",\"@id\":\"https:\/\/www.padreeustaquio.com.br\/devotos-de-padre-eustaquio-participam-de-programa-da-tv-cancao-nova\/\",\"url\":\"https:\/\/www.padreeustaquio.com.br\/devotos-de-padre-eustaquio-participam-de-programa-da-tv-cancao-nova\/\",\"name\":\"Devotos de Padre Eust\u00e1quio participam de programa da TV Can\u00e7\u00e3o Nova\",\"isPartOf\":{\"@id\":\"https:\/\/www.padreeustaquio.com.br\/#website\"},\"primaryImageOfPage\":{\"@id\":\"https:\/\/www.padreeustaquio.com.br\/devotos-de-padre-eustaquio-participam-de-programa-da-tv-cancao-nova\/#primaryimage\"},\"image\":{\"@id\":\"https:\/\/www.padreeustaquio.com.br\/devotos-de-padre-eustaquio-participam-de-programa-da-tv-cancao-nova\/#primaryimage\"},\"thumbnailUrl\":\"https:\/\/www.padreeustaquio.com.br\/wp-content\/uploads\/2021\/12\/juntos-somos-mais.png\",\"datePublished\":\"2021-12-02T09:15:00+00:00\",\"dateModified\":\"2021-12-02T15:25:20+00:00\",\"description\":\"O Programa \\\"Juntos Somos Mais\\\" da TV Can\u00e7\u00e3o Nova teve uma participa\u00e7\u00e3o muito especial nessa quarta-feira. O momento do Ter\u00e7o da Divina Provid\u00eancia uma plateia virtual, formada por devotos do Bem-Aventurado, ajudou a compor o cen\u00e1rio do programa.\",\"breadcrumb\":{\"@id\":\"https:\/\/www.padreeustaquio.com.br\/devotos-de-padre-eustaquio-participam-de-programa-da-tv-cancao-nova\/#breadcrumb\"},\"inLanguage\":\"es\",\"potentialAction\":[{\"@type\":\"ReadAction\",\"target\":[\"https:\/\/www.padreeustaquio.com.br\/devotos-de-padre-eustaquio-participam-de-programa-da-tv-cancao-nova\/\"]}]},{\"@type\":\"ImageObject\",\"inLanguage\":\"es\",\"@id\":\"https:\/\/www.padreeustaquio.com.br\/devotos-de-padre-eustaquio-participam-de-programa-da-tv-cancao-nova\/#primaryimage\",\"url\":\"https:\/\/www.padreeustaquio.com.br\/wp-content\/uploads\/2021\/12\/juntos-somos-mais.png\",\"contentUrl\":\"https:\/\/www.padreeustaquio.com.br\/wp-content\/uploads\/2021\/12\/juntos-somos-mais.png\",\"width\":1366,\"height\":768},{\"@type\":\"BreadcrumbList\",\"@id\":\"https:\/\/www.padreeustaquio.com.br\/devotos-de-padre-eustaquio-participam-de-programa-da-tv-cancao-nova\/#breadcrumb\",\"itemListElement\":[{\"@type\":\"ListItem\",\"position\":1,\"name\":\"In\u00edcio\",\"item\":\"https:\/\/www.padreeustaquio.com.br\/\"},{\"@type\":\"ListItem\",\"position\":2,\"name\":\"Devotos de Padre Eust\u00e1quio participam de programa da TV Can\u00e7\u00e3o Nova\"}]},{\"@type\":\"WebSite\",\"@id\":\"https:\/\/www.padreeustaquio.com.br\/#website\",\"url\":\"https:\/\/www.padreeustaquio.com.br\/\",\"name\":\"Padre Eust\u00e1quio\",\"description\":\"Sa\u00fade e Paz\",\"publisher\":{\"@id\":\"https:\/\/www.padreeustaquio.com.br\/#organization\"},\"potentialAction\":[{\"@type\":\"SearchAction\",\"target\":{\"@type\":\"EntryPoint\",\"urlTemplate\":\"https:\/\/www.padreeustaquio.com.br\/?s={search_term_string}\"},\"query-input\":{\"@type\":\"PropertyValueSpecification\",\"valueRequired\":true,\"valueName\":\"search_term_string\"}}],\"inLanguage\":\"es\"},{\"@type\":\"Organization\",\"@id\":\"https:\/\/www.padreeustaquio.com.br\/#organization\",\"name\":\"Padre Eust\u00e1quio\",\"url\":\"https:\/\/www.padreeustaquio.com.br\/\",\"logo\":{\"@type\":\"ImageObject\",\"inLanguage\":\"es\",\"@id\":\"https:\/\/www.padreeustaquio.com.br\/#\/schema\/logo\/image\/\",\"url\":\"https:\/\/www.padreeustaquio.com.br\/wp-content\/uploads\/2019\/08\/marca.png\",\"contentUrl\":\"https:\/\/www.padreeustaquio.com.br\/wp-content\/uploads\/2019\/08\/marca.png\",\"width\":350,\"height\":400,\"caption\":\"Padre Eust\u00e1quio\"},\"image\":{\"@id\":\"https:\/\/www.padreeustaquio.com.br\/#\/schema\/logo\/image\/\"},\"sameAs\":[\"https:\/\/www.facebook.com\/beatopadreeustaquio\/\",\"https:\/\/x.com\/beatopeustaquio\",\"https:\/\/www.instagram.com\/beatopadreeustaquio\/\",\"https:\/\/www.youtube.com\/channel\/UCRhw7vfabnajwLxb1ZXMeIw\"]},{\"@type\":\"Person\",\"@id\":\"https:\/\/www.padreeustaquio.com.br\/#\/schema\/person\/a2a51db1d00f1a7af0204a0f1ddb1566\",\"name\":\"@sscc\",\"image\":{\"@type\":\"ImageObject\",\"inLanguage\":\"es\",\"@id\":\"https:\/\/secure.gravatar.com\/avatar\/68cfafa5f44617fea54071e215026e0ff06be366c3d54a8425f04fdcb86f8c5f?s=96&d=mm&r=g\",\"url\":\"https:\/\/secure.gravatar.com\/avatar\/68cfafa5f44617fea54071e215026e0ff06be366c3d54a8425f04fdcb86f8c5f?s=96&d=mm&r=g\",\"contentUrl\":\"https:\/\/secure.gravatar.com\/avatar\/68cfafa5f44617fea54071e215026e0ff06be366c3d54a8425f04fdcb86f8c5f?s=96&d=mm&r=g\",\"caption\":\"@sscc\"},\"url\":\"https:\/\/www.padreeustaquio.com.br\/es\/author\/sscc\/\"}]}<\/script>\n<!-- \/ Yoast SEO plugin. -->","yoast_head_json":{"title":"Devotos del Padre Eust\u00e1quio participan de un programa en Can\u00e7\u00e3o Nova TV.","description":"El programa &quot;Juntos Somos M\u00e1s&quot; de TV Can\u00e7\u00e3o Nova tuvo una participaci\u00f3n muy especial este mi\u00e9rcoles. Durante el Rosario de la Divina Providencia, un p\u00fablico virtual, compuesto por devotos del Sant\u00edsimo, ayud\u00f3 a componer la ambientaci\u00f3n del programa.","robots":{"index":"index","follow":"follow","max-snippet":"max-snippet:-1","max-image-preview":"max-image-preview:large","max-video-preview":"max-video-preview:-1"},"canonical":"https:\/\/www.padreeustaquio.com.br\/es\/devotos-del-padre-eustaquio-participan-de-un-programa-en-cancao-nova-tv\/","og_locale":"es_ES","og_type":"article","og_title":"Devotos de Padre Eust\u00e1quio participam de programa da TV Can\u00e7\u00e3o Nova","og_description":"O Programa \"Juntos Somos Mais\" da TV Can\u00e7\u00e3o Nova teve uma participa\u00e7\u00e3o muito especial nessa quarta-feira. O momento do Ter\u00e7o da Divina Provid\u00eancia uma plateia virtual, formada por devotos do Bem-Aventurado, ajudou a compor o cen\u00e1rio do programa.","og_url":"https:\/\/www.padreeustaquio.com.br\/es\/devotos-del-padre-eustaquio-participan-de-un-programa-en-cancao-nova-tv\/","og_site_name":"Padre Eust\u00e1quio","article_publisher":"https:\/\/www.facebook.com\/beatopadreeustaquio\/","article_published_time":"2021-12-02T09:15:00+00:00","article_modified_time":"2021-12-02T15:25:20+00:00","og_image":[{"width":1366,"height":768,"url":"https:\/\/www.padreeustaquio.com.br\/wp-content\/uploads\/2021\/12\/juntos-somos-mais.png","type":"image\/png"}],"author":"@sscc","twitter_card":"summary_large_image","twitter_creator":"@beatopeustaquio","twitter_site":"@beatopeustaquio","twitter_misc":{"Escrito por":"@sscc","Tiempo de lectura":"2 minutos"},"schema":{"@context":"https:\/\/schema.org","@graph":[{"@type":"Article","@id":"https:\/\/www.padreeustaquio.com.br\/devotos-de-padre-eustaquio-participam-de-programa-da-tv-cancao-nova\/#article","isPartOf":{"@id":"https:\/\/www.padreeustaquio.com.br\/devotos-de-padre-eustaquio-participam-de-programa-da-tv-cancao-nova\/"},"author":{"name":"@sscc","@id":"https:\/\/www.padreeustaquio.com.br\/#\/schema\/person\/a2a51db1d00f1a7af0204a0f1ddb1566"},"headline":"Devotos de Padre Eust\u00e1quio participam de programa da TV Can\u00e7\u00e3o Nova","datePublished":"2021-12-02T09:15:00+00:00","dateModified":"2021-12-02T15:25:20+00:00","mainEntityOfPage":{"@id":"https:\/\/www.padreeustaquio.com.br\/devotos-de-padre-eustaquio-participam-de-programa-da-tv-cancao-nova\/"},"wordCount":432,"commentCount":0,"publisher":{"@id":"https:\/\/www.padreeustaquio.com.br\/#organization"},"image":{"@id":"https:\/\/www.padreeustaquio.com.br\/devotos-de-padre-eustaquio-participam-de-programa-da-tv-cancao-nova\/#primaryimage"},"thumbnailUrl":"https:\/\/www.padreeustaquio.com.br\/wp-content\/uploads\/2021\/12\/juntos-somos-mais.png","articleSection":["Not\u00edcias"],"inLanguage":"es","potentialAction":[{"@type":"CommentAction","name":"Comment","target":["https:\/\/www.padreeustaquio.com.br\/devotos-de-padre-eustaquio-participam-de-programa-da-tv-cancao-nova\/#respond"]}]},{"@type":"WebPage","@id":"https:\/\/www.padreeustaquio.com.br\/devotos-de-padre-eustaquio-participam-de-programa-da-tv-cancao-nova\/","url":"https:\/\/www.padreeustaquio.com.br\/devotos-de-padre-eustaquio-participam-de-programa-da-tv-cancao-nova\/","name":"Devotos del Padre Eust\u00e1quio participan de un programa en Can\u00e7\u00e3o Nova TV.","isPartOf":{"@id":"https:\/\/www.padreeustaquio.com.br\/#website"},"primaryImageOfPage":{"@id":"https:\/\/www.padreeustaquio.com.br\/devotos-de-padre-eustaquio-participam-de-programa-da-tv-cancao-nova\/#primaryimage"},"image":{"@id":"https:\/\/www.padreeustaquio.com.br\/devotos-de-padre-eustaquio-participam-de-programa-da-tv-cancao-nova\/#primaryimage"},"thumbnailUrl":"https:\/\/www.padreeustaquio.com.br\/wp-content\/uploads\/2021\/12\/juntos-somos-mais.png","datePublished":"2021-12-02T09:15:00+00:00","dateModified":"2021-12-02T15:25:20+00:00","description":"El programa &quot;Juntos Somos M\u00e1s&quot; de TV Can\u00e7\u00e3o Nova tuvo una participaci\u00f3n muy especial este mi\u00e9rcoles. Durante el Rosario de la Divina Providencia, un p\u00fablico virtual, compuesto por devotos del Sant\u00edsimo, ayud\u00f3 a componer la ambientaci\u00f3n del programa.","breadcrumb":{"@id":"https:\/\/www.padreeustaquio.com.br\/devotos-de-padre-eustaquio-participam-de-programa-da-tv-cancao-nova\/#breadcrumb"},"inLanguage":"es","potentialAction":[{"@type":"ReadAction","target":["https:\/\/www.padreeustaquio.com.br\/devotos-de-padre-eustaquio-participam-de-programa-da-tv-cancao-nova\/"]}]},{"@type":"ImageObject","inLanguage":"es","@id":"https:\/\/www.padreeustaquio.com.br\/devotos-de-padre-eustaquio-participam-de-programa-da-tv-cancao-nova\/#primaryimage","url":"https:\/\/www.padreeustaquio.com.br\/wp-content\/uploads\/2021\/12\/juntos-somos-mais.png","contentUrl":"https:\/\/www.padreeustaquio.com.br\/wp-content\/uploads\/2021\/12\/juntos-somos-mais.png","width":1366,"height":768},{"@type":"BreadcrumbList","@id":"https:\/\/www.padreeustaquio.com.br\/devotos-de-padre-eustaquio-participam-de-programa-da-tv-cancao-nova\/#breadcrumb","itemListElement":[{"@type":"ListItem","position":1,"name":"In\u00edcio","item":"https:\/\/www.padreeustaquio.com.br\/"},{"@type":"ListItem","position":2,"name":"Devotos de Padre Eust\u00e1quio participam de programa da TV Can\u00e7\u00e3o Nova"}]},{"@type":"WebSite","@id":"https:\/\/www.padreeustaquio.com.br\/#website","url":"https:\/\/www.padreeustaquio.com.br\/","name":"Padre Eustace","description":"Salud y Paz","publisher":{"@id":"https:\/\/www.padreeustaquio.com.br\/#organization"},"potentialAction":[{"@type":"SearchAction","target":{"@type":"EntryPoint","urlTemplate":"https:\/\/www.padreeustaquio.com.br\/?s={search_term_string}"},"query-input":{"@type":"PropertyValueSpecification","valueRequired":true,"valueName":"search_term_string"}}],"inLanguage":"es"},{"@type":"Organization","@id":"https:\/\/www.padreeustaquio.com.br\/#organization","name":"Padre Eustace","url":"https:\/\/www.padreeustaquio.com.br\/","logo":{"@type":"ImageObject","inLanguage":"es","@id":"https:\/\/www.padreeustaquio.com.br\/#\/schema\/logo\/image\/","url":"https:\/\/www.padreeustaquio.com.br\/wp-content\/uploads\/2019\/08\/marca.png","contentUrl":"https:\/\/www.padreeustaquio.com.br\/wp-content\/uploads\/2019\/08\/marca.png","width":350,"height":400,"caption":"Padre Eust\u00e1quio"},"image":{"@id":"https:\/\/www.padreeustaquio.com.br\/#\/schema\/logo\/image\/"},"sameAs":["https:\/\/www.facebook.com\/beatopadreeustaquio\/","https:\/\/x.com\/beatopeustaquio","https:\/\/www.instagram.com\/beatopadreeustaquio\/","https:\/\/www.youtube.com\/channel\/UCRhw7vfabnajwLxb1ZXMeIw"]},{"@type":"Person","@id":"https:\/\/www.padreeustaquio.com.br\/#\/schema\/person\/a2a51db1d00f1a7af0204a0f1ddb1566","name":"@sscc","image":{"@type":"ImageObject","inLanguage":"es","@id":"https:\/\/secure.gravatar.com\/avatar\/68cfafa5f44617fea54071e215026e0ff06be366c3d54a8425f04fdcb86f8c5f?s=96&d=mm&r=g","url":"https:\/\/secure.gravatar.com\/avatar\/68cfafa5f44617fea54071e215026e0ff06be366c3d54a8425f04fdcb86f8c5f?s=96&d=mm&r=g","contentUrl":"https:\/\/secure.gravatar.com\/avatar\/68cfafa5f44617fea54071e215026e0ff06be366c3d54a8425f04fdcb86f8c5f?s=96&d=mm&r=g","caption":"@sscc"},"url":"https:\/\/www.padreeustaquio.com.br\/es\/author\/sscc\/"}]}},"_links":{"self":[{"href":"https:\/\/www.padreeustaquio.com.br\/es\/wp-json\/wp\/v2\/posts\/7635","targetHints":{"allow":["GET"]}}],"collection":[{"href":"https:\/\/www.padreeustaquio.com.br\/es\/wp-json\/wp\/v2\/posts"}],"about":[{"href":"https:\/\/www.padreeustaquio.com.br\/es\/wp-json\/wp\/v2\/types\/post"}],"author":[{"embeddable":true,"href":"https:\/\/www.padreeustaquio.com.br\/es\/wp-json\/wp\/v2\/users\/2"}],"replies":[{"embeddable":true,"href":"https:\/\/www.padreeustaquio.com.br\/es\/wp-json\/wp\/v2\/comments?post=7635"}],"version-history":[{"count":0,"href":"https:\/\/www.padreeustaquio.com.br\/es\/wp-json\/wp\/v2\/posts\/7635\/revisions"}],"wp:featuredmedia":[{"embeddable":true,"href":"https:\/\/www.padreeustaquio.com.br\/es\/wp-json\/wp\/v2\/media\/7642"}],"wp:attachment":[{"href":"https:\/\/www.padreeustaquio.com.br\/es\/wp-json\/wp\/v2\/media?parent=7635"}],"wp:term":[{"taxonomy":"category","embeddable":true,"href":"https:\/\/www.padreeustaquio.com.br\/es\/wp-json\/wp\/v2\/categories?post=7635"},{"taxonomy":"post_tag","embeddable":true,"href":"https:\/\/www.padreeustaquio.com.br\/es\/wp-json\/wp\/v2\/tags?post=7635"}],"curies":[{"name":"wp","href":"https:\/\/api.w.org\/{rel}","templated":true}]}}