{"id":7631,"date":"2021-12-01T06:20:00","date_gmt":"2021-12-01T09:20:00","guid":{"rendered":"https:\/\/www.padreeustaquio.com.br\/?p=7631"},"modified":"2021-11-30T13:50:35","modified_gmt":"2021-11-30T16:50:35","slug":"se-reanudan-las-misas-del-mediodia-en-el-santuario-de-la-salud-y-la-paz-en-belo-horizonte","status":"publish","type":"post","link":"https:\/\/www.padreeustaquio.com.br\/es\/se-reanudan-las-misas-del-mediodia-en-el-santuario-de-la-salud-y-la-paz-en-belo-horizonte\/","title":{"rendered":"Las misas del mediod\u00eda se realizan nuevamente en el Santuario de la Salud y la Paz, en Belo Horizonte."},"content":{"rendered":"<p>Este martes, el Santuario de Salud y Paz, la Iglesia del Padre Eustaquio, reanud\u00f3 la celebraci\u00f3n de la Santa Misa a las 12 p. m. La celebraci\u00f3n hab\u00eda estado suspendida desde el inicio de las restricciones sociales debido a la pandemia del coronavirus.<\/p>\n\n\n\n<p>Desde ayer, 30 de noviembre, la iglesia ha estado celebrando tres misas de martes a viernes, a las 7:00, 12:00 y 19:00. El primer d\u00eda del regreso de la celebraci\u00f3n del mediod\u00eda, muchas personas que trabajan cerca del Santuario o visitantes que pasaban por el templo aprovecharon el momento para rezar. La Santa Misa, presidida por el Padre Alexandre Campos Leite, ss.cc., conmemor\u00f3 al m\u00e1rtir de ese d\u00eda, San Andr\u00e9s, y tambi\u00e9n celebr\u00f3 al Padre Eust\u00e1quio con motivo del 30. Cabe recordar que los lunes no habr\u00e1 celebraci\u00f3n de las 7:00 ni de las 12:00, ya que solo queda una misa ese d\u00eda: la de las 19:00.<\/p>\n\n\n\n<p>A partir de esta semana, la Iglesia Padre Eustaquio tendr\u00e1 nuevos horarios de misas, lo que permitir\u00e1 que m\u00e1s personas asistan a los servicios presenciales. Consulte el nuevo horario de misas que se celebran en el Santuario de Salud y Paz:<\/p>\n\n\n\n<p><strong>Domingo: <\/strong>7:00, 8:30, 10:00, 17:00 y 19:00<br><strong>Lunes:<\/strong> 7 p. m.<br><strong>De martes a viernes:<\/strong> 7 am, 12 pm, 7 pm<br><strong>S\u00e1bado:<\/strong> 5 p. m.<\/p>\n\n\n\n<p>Debido al nuevo horario, la iglesia estar\u00e1 abierta todo el d\u00eda, desde las 7:00 a. m., cuando se celebra la primera misa del d\u00eda, hasta las 8:00 p. m., cuando termina la \u00faltima misa. Tanto la tienda del Padre Eust\u00e1quio como la Oficina Parroquial ya no cerrar\u00e1n a la hora del almuerzo.<\/p>\n\n\n\n<p>Para m\u00e1s informaci\u00f3n llame al: (31) <a href=\"https:\/\/www.google.com.br\/search?q=santuario+da+saude+e+da+paz&amp;sxsrf=AOaemvKZECkqsgRXB20L7vLFEQ_E4a-mfw%3A1638290745447&amp;ei=OVWmYdnKGubQ5OUPifCNmAw&amp;oq=santu&amp;gs_lcp=Cgdnd3Mtd2l6EAEYADIHCCMQsAMQJzIHCCMQsAMQJzIHCCMQsAMQJzIHCAAQsAMQQzIHCAAQsAMQQzIKCAAQsQMQsAMQQzIHCAAQsAMQQzIHCAAQsAMQQzIHCAAQsAMQQzIKCC4QyAMQsAMQQzIKCC4QyAMQsAMQQzIOCC4QgAQQsQMQyAMQsAMyCgguEMgDELADEEMyCgguEMgDELADEEMyCgguEMgDELADEENKBAhBGAFQAFgAYLYGaAFwAHgAgAEAiAEAkgEAmAEAyAEPwAEB&amp;sclient=gws-wiz#\">3462-6557<\/a>.<\/p>\n\n\n\n<p><\/p>","protected":false},"excerpt":{"rendered":"<p>Nessa ter\u00e7a-feira, o Santu\u00e1rio da Sa\u00fade e da Paz, a Igreja do Padre Eust\u00e1quio, voltou a realizar a Santa Missa \u00e0s 12h. A celebra\u00e7\u00e3o estava suspensa desde o in\u00edcio da restri\u00e7\u00e3o social por causa da pandemia provocada pelo Coronav\u00edrus. Desde ontem, dia 30 de novembro, a igreja passa a contar com tr\u00eas missas de Ter\u00e7a a Sexta, \u00e0s 7h, \u00e0s 12h e \u00e0s 19h. No primeiro dia de retorno da celebra\u00e7\u00e3o ao meio dia, muitas pessoas que trabalham pr\u00f3ximo ao Santu\u00e1rio ou visitantes que passavam pelo templo aproveitaram o momento para rezar. A Santa Missa, presidida pelo Padre Alexandre Campos [&hellip;]<\/p>\n","protected":false},"author":2,"featured_media":7632,"comment_status":"open","ping_status":"closed","sticky":false,"template":"","format":"standard","meta":{"_acf_changed":false,"footnotes":""},"categories":[611],"tags":[],"class_list":["post-7631","post","type-post","status-publish","format-standard","has-post-thumbnail","hentry","category-noticias"],"acf":[],"yoast_head":"<!-- This site is optimized with the Yoast SEO plugin v27.2 - https:\/\/yoast.com\/product\/yoast-seo-wordpress\/ -->\n<title>Missas ao meio dia voltam a acontecer no Santu\u00e1rio da Sa\u00fade e da Paz, em BH<\/title>\n<meta name=\"description\" content=\"Nessa ter\u00e7a-feira, o Santu\u00e1rio da Sa\u00fade e da Paz, a Igreja do Padre Eust\u00e1quio, voltou a realizar a Santa Missa \u00e0s 12h. A celebra\u00e7\u00e3o estava suspensa desde o in\u00edcio da restri\u00e7\u00e3o social por causa da pandemia provocada pelo Coronav\u00edrus.\" \/>\n<meta name=\"robots\" content=\"index, follow, max-snippet:-1, max-image-preview:large, max-video-preview:-1\" \/>\n<link rel=\"canonical\" href=\"https:\/\/www.padreeustaquio.com.br\/es\/se-reanudan-las-misas-del-mediodia-en-el-santuario-de-la-salud-y-la-paz-en-belo-horizonte\/\" \/>\n<meta property=\"og:locale\" content=\"es_ES\" \/>\n<meta property=\"og:type\" content=\"article\" \/>\n<meta property=\"og:title\" content=\"Missas ao meio dia voltam a acontecer no Santu\u00e1rio da Sa\u00fade e da Paz, em BH\" \/>\n<meta property=\"og:description\" content=\"Nessa ter\u00e7a-feira, o Santu\u00e1rio da Sa\u00fade e da Paz, a Igreja do Padre Eust\u00e1quio, voltou a realizar a Santa Missa \u00e0s 12h. A celebra\u00e7\u00e3o estava suspensa desde o in\u00edcio da restri\u00e7\u00e3o social por causa da pandemia provocada pelo Coronav\u00edrus.\" \/>\n<meta property=\"og:url\" content=\"https:\/\/www.padreeustaquio.com.br\/es\/se-reanudan-las-misas-del-mediodia-en-el-santuario-de-la-salud-y-la-paz-en-belo-horizonte\/\" \/>\n<meta property=\"og:site_name\" content=\"Padre Eust\u00e1quio\" \/>\n<meta property=\"article:publisher\" content=\"https:\/\/www.facebook.com\/beatopadreeustaquio\/\" \/>\n<meta property=\"article:published_time\" content=\"2021-12-01T09:20:00+00:00\" \/>\n<meta property=\"og:image\" content=\"https:\/\/www.padreeustaquio.com.br\/wp-content\/uploads\/2021\/11\/WhatsApp-Image-2021-11-30-at-12.15.20.jpeg\" \/>\n\t<meta property=\"og:image:width\" content=\"1600\" \/>\n\t<meta property=\"og:image:height\" content=\"1200\" \/>\n\t<meta property=\"og:image:type\" content=\"image\/jpeg\" \/>\n<meta name=\"author\" content=\"@sscc\" \/>\n<meta name=\"twitter:card\" content=\"summary_large_image\" \/>\n<meta name=\"twitter:creator\" content=\"@beatopeustaquio\" \/>\n<meta name=\"twitter:site\" content=\"@beatopeustaquio\" \/>\n<meta name=\"twitter:label1\" content=\"Escrito por\" \/>\n\t<meta name=\"twitter:data1\" content=\"@sscc\" \/>\n\t<meta name=\"twitter:label2\" content=\"Tiempo de lectura\" \/>\n\t<meta name=\"twitter:data2\" content=\"2 minutos\" \/>\n<script type=\"application\/ld+json\" class=\"yoast-schema-graph\">{\"@context\":\"https:\/\/schema.org\",\"@graph\":[{\"@type\":\"Article\",\"@id\":\"https:\/\/www.padreeustaquio.com.br\/missas-ao-meio-dia-voltam-a-acontecer-no-santuario-da-saude-e-da-paz-em-bh\/#article\",\"isPartOf\":{\"@id\":\"https:\/\/www.padreeustaquio.com.br\/missas-ao-meio-dia-voltam-a-acontecer-no-santuario-da-saude-e-da-paz-em-bh\/\"},\"author\":{\"name\":\"@sscc\",\"@id\":\"https:\/\/www.padreeustaquio.com.br\/#\/schema\/person\/a2a51db1d00f1a7af0204a0f1ddb1566\"},\"headline\":\"Missas ao meio dia voltam a acontecer no Santu\u00e1rio da Sa\u00fade e da Paz, em BH\",\"datePublished\":\"2021-12-01T09:20:00+00:00\",\"mainEntityOfPage\":{\"@id\":\"https:\/\/www.padreeustaquio.com.br\/missas-ao-meio-dia-voltam-a-acontecer-no-santuario-da-saude-e-da-paz-em-bh\/\"},\"wordCount\":318,\"commentCount\":0,\"publisher\":{\"@id\":\"https:\/\/www.padreeustaquio.com.br\/#organization\"},\"image\":{\"@id\":\"https:\/\/www.padreeustaquio.com.br\/missas-ao-meio-dia-voltam-a-acontecer-no-santuario-da-saude-e-da-paz-em-bh\/#primaryimage\"},\"thumbnailUrl\":\"https:\/\/www.padreeustaquio.com.br\/wp-content\/uploads\/2021\/11\/WhatsApp-Image-2021-11-30-at-12.15.20.jpeg\",\"articleSection\":[\"Not\u00edcias\"],\"inLanguage\":\"es\",\"potentialAction\":[{\"@type\":\"CommentAction\",\"name\":\"Comment\",\"target\":[\"https:\/\/www.padreeustaquio.com.br\/missas-ao-meio-dia-voltam-a-acontecer-no-santuario-da-saude-e-da-paz-em-bh\/#respond\"]}]},{\"@type\":\"WebPage\",\"@id\":\"https:\/\/www.padreeustaquio.com.br\/missas-ao-meio-dia-voltam-a-acontecer-no-santuario-da-saude-e-da-paz-em-bh\/\",\"url\":\"https:\/\/www.padreeustaquio.com.br\/missas-ao-meio-dia-voltam-a-acontecer-no-santuario-da-saude-e-da-paz-em-bh\/\",\"name\":\"Missas ao meio dia voltam a acontecer no Santu\u00e1rio da Sa\u00fade e da Paz, em BH\",\"isPartOf\":{\"@id\":\"https:\/\/www.padreeustaquio.com.br\/#website\"},\"primaryImageOfPage\":{\"@id\":\"https:\/\/www.padreeustaquio.com.br\/missas-ao-meio-dia-voltam-a-acontecer-no-santuario-da-saude-e-da-paz-em-bh\/#primaryimage\"},\"image\":{\"@id\":\"https:\/\/www.padreeustaquio.com.br\/missas-ao-meio-dia-voltam-a-acontecer-no-santuario-da-saude-e-da-paz-em-bh\/#primaryimage\"},\"thumbnailUrl\":\"https:\/\/www.padreeustaquio.com.br\/wp-content\/uploads\/2021\/11\/WhatsApp-Image-2021-11-30-at-12.15.20.jpeg\",\"datePublished\":\"2021-12-01T09:20:00+00:00\",\"description\":\"Nessa ter\u00e7a-feira, o Santu\u00e1rio da Sa\u00fade e da Paz, a Igreja do Padre Eust\u00e1quio, voltou a realizar a Santa Missa \u00e0s 12h. A celebra\u00e7\u00e3o estava suspensa desde o in\u00edcio da restri\u00e7\u00e3o social por causa da pandemia provocada pelo Coronav\u00edrus.\",\"breadcrumb\":{\"@id\":\"https:\/\/www.padreeustaquio.com.br\/missas-ao-meio-dia-voltam-a-acontecer-no-santuario-da-saude-e-da-paz-em-bh\/#breadcrumb\"},\"inLanguage\":\"es\",\"potentialAction\":[{\"@type\":\"ReadAction\",\"target\":[\"https:\/\/www.padreeustaquio.com.br\/missas-ao-meio-dia-voltam-a-acontecer-no-santuario-da-saude-e-da-paz-em-bh\/\"]}]},{\"@type\":\"ImageObject\",\"inLanguage\":\"es\",\"@id\":\"https:\/\/www.padreeustaquio.com.br\/missas-ao-meio-dia-voltam-a-acontecer-no-santuario-da-saude-e-da-paz-em-bh\/#primaryimage\",\"url\":\"https:\/\/www.padreeustaquio.com.br\/wp-content\/uploads\/2021\/11\/WhatsApp-Image-2021-11-30-at-12.15.20.jpeg\",\"contentUrl\":\"https:\/\/www.padreeustaquio.com.br\/wp-content\/uploads\/2021\/11\/WhatsApp-Image-2021-11-30-at-12.15.20.jpeg\",\"width\":1600,\"height\":1200},{\"@type\":\"BreadcrumbList\",\"@id\":\"https:\/\/www.padreeustaquio.com.br\/missas-ao-meio-dia-voltam-a-acontecer-no-santuario-da-saude-e-da-paz-em-bh\/#breadcrumb\",\"itemListElement\":[{\"@type\":\"ListItem\",\"position\":1,\"name\":\"In\u00edcio\",\"item\":\"https:\/\/www.padreeustaquio.com.br\/\"},{\"@type\":\"ListItem\",\"position\":2,\"name\":\"Missas ao meio dia voltam a acontecer no Santu\u00e1rio da Sa\u00fade e da Paz, em BH\"}]},{\"@type\":\"WebSite\",\"@id\":\"https:\/\/www.padreeustaquio.com.br\/#website\",\"url\":\"https:\/\/www.padreeustaquio.com.br\/\",\"name\":\"Padre Eust\u00e1quio\",\"description\":\"Sa\u00fade e Paz\",\"publisher\":{\"@id\":\"https:\/\/www.padreeustaquio.com.br\/#organization\"},\"potentialAction\":[{\"@type\":\"SearchAction\",\"target\":{\"@type\":\"EntryPoint\",\"urlTemplate\":\"https:\/\/www.padreeustaquio.com.br\/?s={search_term_string}\"},\"query-input\":{\"@type\":\"PropertyValueSpecification\",\"valueRequired\":true,\"valueName\":\"search_term_string\"}}],\"inLanguage\":\"es\"},{\"@type\":\"Organization\",\"@id\":\"https:\/\/www.padreeustaquio.com.br\/#organization\",\"name\":\"Padre Eust\u00e1quio\",\"url\":\"https:\/\/www.padreeustaquio.com.br\/\",\"logo\":{\"@type\":\"ImageObject\",\"inLanguage\":\"es\",\"@id\":\"https:\/\/www.padreeustaquio.com.br\/#\/schema\/logo\/image\/\",\"url\":\"https:\/\/www.padreeustaquio.com.br\/wp-content\/uploads\/2019\/08\/marca.png\",\"contentUrl\":\"https:\/\/www.padreeustaquio.com.br\/wp-content\/uploads\/2019\/08\/marca.png\",\"width\":350,\"height\":400,\"caption\":\"Padre Eust\u00e1quio\"},\"image\":{\"@id\":\"https:\/\/www.padreeustaquio.com.br\/#\/schema\/logo\/image\/\"},\"sameAs\":[\"https:\/\/www.facebook.com\/beatopadreeustaquio\/\",\"https:\/\/x.com\/beatopeustaquio\",\"https:\/\/www.instagram.com\/beatopadreeustaquio\/\",\"https:\/\/www.youtube.com\/channel\/UCRhw7vfabnajwLxb1ZXMeIw\"]},{\"@type\":\"Person\",\"@id\":\"https:\/\/www.padreeustaquio.com.br\/#\/schema\/person\/a2a51db1d00f1a7af0204a0f1ddb1566\",\"name\":\"@sscc\",\"image\":{\"@type\":\"ImageObject\",\"inLanguage\":\"es\",\"@id\":\"https:\/\/secure.gravatar.com\/avatar\/68cfafa5f44617fea54071e215026e0ff06be366c3d54a8425f04fdcb86f8c5f?s=96&d=mm&r=g\",\"url\":\"https:\/\/secure.gravatar.com\/avatar\/68cfafa5f44617fea54071e215026e0ff06be366c3d54a8425f04fdcb86f8c5f?s=96&d=mm&r=g\",\"contentUrl\":\"https:\/\/secure.gravatar.com\/avatar\/68cfafa5f44617fea54071e215026e0ff06be366c3d54a8425f04fdcb86f8c5f?s=96&d=mm&r=g\",\"caption\":\"@sscc\"},\"url\":\"https:\/\/www.padreeustaquio.com.br\/es\/author\/sscc\/\"}]}<\/script>\n<!-- \/ Yoast SEO plugin. -->","yoast_head_json":{"title":"Las misas del mediod\u00eda se realizan nuevamente en el Santuario de la Salud y la Paz, en Belo Horizonte.","description":"Este martes, el Santuario de Salud y Paz, la Iglesia del Padre Eustaquio, reanud\u00f3 la celebraci\u00f3n de la Santa Misa a las 12 p. m. La celebraci\u00f3n hab\u00eda estado suspendida desde el inicio de las restricciones sociales debido a la pandemia del coronavirus.","robots":{"index":"index","follow":"follow","max-snippet":"max-snippet:-1","max-image-preview":"max-image-preview:large","max-video-preview":"max-video-preview:-1"},"canonical":"https:\/\/www.padreeustaquio.com.br\/es\/se-reanudan-las-misas-del-mediodia-en-el-santuario-de-la-salud-y-la-paz-en-belo-horizonte\/","og_locale":"es_ES","og_type":"article","og_title":"Missas ao meio dia voltam a acontecer no Santu\u00e1rio da Sa\u00fade e da Paz, em BH","og_description":"Nessa ter\u00e7a-feira, o Santu\u00e1rio da Sa\u00fade e da Paz, a Igreja do Padre Eust\u00e1quio, voltou a realizar a Santa Missa \u00e0s 12h. A celebra\u00e7\u00e3o estava suspensa desde o in\u00edcio da restri\u00e7\u00e3o social por causa da pandemia provocada pelo Coronav\u00edrus.","og_url":"https:\/\/www.padreeustaquio.com.br\/es\/se-reanudan-las-misas-del-mediodia-en-el-santuario-de-la-salud-y-la-paz-en-belo-horizonte\/","og_site_name":"Padre Eust\u00e1quio","article_publisher":"https:\/\/www.facebook.com\/beatopadreeustaquio\/","article_published_time":"2021-12-01T09:20:00+00:00","og_image":[{"width":1600,"height":1200,"url":"https:\/\/www.padreeustaquio.com.br\/wp-content\/uploads\/2021\/11\/WhatsApp-Image-2021-11-30-at-12.15.20.jpeg","type":"image\/jpeg"}],"author":"@sscc","twitter_card":"summary_large_image","twitter_creator":"@beatopeustaquio","twitter_site":"@beatopeustaquio","twitter_misc":{"Escrito por":"@sscc","Tiempo de lectura":"2 minutos"},"schema":{"@context":"https:\/\/schema.org","@graph":[{"@type":"Article","@id":"https:\/\/www.padreeustaquio.com.br\/missas-ao-meio-dia-voltam-a-acontecer-no-santuario-da-saude-e-da-paz-em-bh\/#article","isPartOf":{"@id":"https:\/\/www.padreeustaquio.com.br\/missas-ao-meio-dia-voltam-a-acontecer-no-santuario-da-saude-e-da-paz-em-bh\/"},"author":{"name":"@sscc","@id":"https:\/\/www.padreeustaquio.com.br\/#\/schema\/person\/a2a51db1d00f1a7af0204a0f1ddb1566"},"headline":"Missas ao meio dia voltam a acontecer no Santu\u00e1rio da Sa\u00fade e da Paz, em BH","datePublished":"2021-12-01T09:20:00+00:00","mainEntityOfPage":{"@id":"https:\/\/www.padreeustaquio.com.br\/missas-ao-meio-dia-voltam-a-acontecer-no-santuario-da-saude-e-da-paz-em-bh\/"},"wordCount":318,"commentCount":0,"publisher":{"@id":"https:\/\/www.padreeustaquio.com.br\/#organization"},"image":{"@id":"https:\/\/www.padreeustaquio.com.br\/missas-ao-meio-dia-voltam-a-acontecer-no-santuario-da-saude-e-da-paz-em-bh\/#primaryimage"},"thumbnailUrl":"https:\/\/www.padreeustaquio.com.br\/wp-content\/uploads\/2021\/11\/WhatsApp-Image-2021-11-30-at-12.15.20.jpeg","articleSection":["Not\u00edcias"],"inLanguage":"es","potentialAction":[{"@type":"CommentAction","name":"Comment","target":["https:\/\/www.padreeustaquio.com.br\/missas-ao-meio-dia-voltam-a-acontecer-no-santuario-da-saude-e-da-paz-em-bh\/#respond"]}]},{"@type":"WebPage","@id":"https:\/\/www.padreeustaquio.com.br\/missas-ao-meio-dia-voltam-a-acontecer-no-santuario-da-saude-e-da-paz-em-bh\/","url":"https:\/\/www.padreeustaquio.com.br\/missas-ao-meio-dia-voltam-a-acontecer-no-santuario-da-saude-e-da-paz-em-bh\/","name":"Las misas del mediod\u00eda se realizan nuevamente en el Santuario de la Salud y la Paz, en Belo Horizonte.","isPartOf":{"@id":"https:\/\/www.padreeustaquio.com.br\/#website"},"primaryImageOfPage":{"@id":"https:\/\/www.padreeustaquio.com.br\/missas-ao-meio-dia-voltam-a-acontecer-no-santuario-da-saude-e-da-paz-em-bh\/#primaryimage"},"image":{"@id":"https:\/\/www.padreeustaquio.com.br\/missas-ao-meio-dia-voltam-a-acontecer-no-santuario-da-saude-e-da-paz-em-bh\/#primaryimage"},"thumbnailUrl":"https:\/\/www.padreeustaquio.com.br\/wp-content\/uploads\/2021\/11\/WhatsApp-Image-2021-11-30-at-12.15.20.jpeg","datePublished":"2021-12-01T09:20:00+00:00","description":"Este martes, el Santuario de Salud y Paz, la Iglesia del Padre Eustaquio, reanud\u00f3 la celebraci\u00f3n de la Santa Misa a las 12 p. m. La celebraci\u00f3n hab\u00eda estado suspendida desde el inicio de las restricciones sociales debido a la pandemia del coronavirus.","breadcrumb":{"@id":"https:\/\/www.padreeustaquio.com.br\/missas-ao-meio-dia-voltam-a-acontecer-no-santuario-da-saude-e-da-paz-em-bh\/#breadcrumb"},"inLanguage":"es","potentialAction":[{"@type":"ReadAction","target":["https:\/\/www.padreeustaquio.com.br\/missas-ao-meio-dia-voltam-a-acontecer-no-santuario-da-saude-e-da-paz-em-bh\/"]}]},{"@type":"ImageObject","inLanguage":"es","@id":"https:\/\/www.padreeustaquio.com.br\/missas-ao-meio-dia-voltam-a-acontecer-no-santuario-da-saude-e-da-paz-em-bh\/#primaryimage","url":"https:\/\/www.padreeustaquio.com.br\/wp-content\/uploads\/2021\/11\/WhatsApp-Image-2021-11-30-at-12.15.20.jpeg","contentUrl":"https:\/\/www.padreeustaquio.com.br\/wp-content\/uploads\/2021\/11\/WhatsApp-Image-2021-11-30-at-12.15.20.jpeg","width":1600,"height":1200},{"@type":"BreadcrumbList","@id":"https:\/\/www.padreeustaquio.com.br\/missas-ao-meio-dia-voltam-a-acontecer-no-santuario-da-saude-e-da-paz-em-bh\/#breadcrumb","itemListElement":[{"@type":"ListItem","position":1,"name":"In\u00edcio","item":"https:\/\/www.padreeustaquio.com.br\/"},{"@type":"ListItem","position":2,"name":"Missas ao meio dia voltam a acontecer no Santu\u00e1rio da Sa\u00fade e da Paz, em BH"}]},{"@type":"WebSite","@id":"https:\/\/www.padreeustaquio.com.br\/#website","url":"https:\/\/www.padreeustaquio.com.br\/","name":"Padre Eustace","description":"Salud y Paz","publisher":{"@id":"https:\/\/www.padreeustaquio.com.br\/#organization"},"potentialAction":[{"@type":"SearchAction","target":{"@type":"EntryPoint","urlTemplate":"https:\/\/www.padreeustaquio.com.br\/?s={search_term_string}"},"query-input":{"@type":"PropertyValueSpecification","valueRequired":true,"valueName":"search_term_string"}}],"inLanguage":"es"},{"@type":"Organization","@id":"https:\/\/www.padreeustaquio.com.br\/#organization","name":"Padre Eustace","url":"https:\/\/www.padreeustaquio.com.br\/","logo":{"@type":"ImageObject","inLanguage":"es","@id":"https:\/\/www.padreeustaquio.com.br\/#\/schema\/logo\/image\/","url":"https:\/\/www.padreeustaquio.com.br\/wp-content\/uploads\/2019\/08\/marca.png","contentUrl":"https:\/\/www.padreeustaquio.com.br\/wp-content\/uploads\/2019\/08\/marca.png","width":350,"height":400,"caption":"Padre Eust\u00e1quio"},"image":{"@id":"https:\/\/www.padreeustaquio.com.br\/#\/schema\/logo\/image\/"},"sameAs":["https:\/\/www.facebook.com\/beatopadreeustaquio\/","https:\/\/x.com\/beatopeustaquio","https:\/\/www.instagram.com\/beatopadreeustaquio\/","https:\/\/www.youtube.com\/channel\/UCRhw7vfabnajwLxb1ZXMeIw"]},{"@type":"Person","@id":"https:\/\/www.padreeustaquio.com.br\/#\/schema\/person\/a2a51db1d00f1a7af0204a0f1ddb1566","name":"@sscc","image":{"@type":"ImageObject","inLanguage":"es","@id":"https:\/\/secure.gravatar.com\/avatar\/68cfafa5f44617fea54071e215026e0ff06be366c3d54a8425f04fdcb86f8c5f?s=96&d=mm&r=g","url":"https:\/\/secure.gravatar.com\/avatar\/68cfafa5f44617fea54071e215026e0ff06be366c3d54a8425f04fdcb86f8c5f?s=96&d=mm&r=g","contentUrl":"https:\/\/secure.gravatar.com\/avatar\/68cfafa5f44617fea54071e215026e0ff06be366c3d54a8425f04fdcb86f8c5f?s=96&d=mm&r=g","caption":"@sscc"},"url":"https:\/\/www.padreeustaquio.com.br\/es\/author\/sscc\/"}]}},"_links":{"self":[{"href":"https:\/\/www.padreeustaquio.com.br\/es\/wp-json\/wp\/v2\/posts\/7631","targetHints":{"allow":["GET"]}}],"collection":[{"href":"https:\/\/www.padreeustaquio.com.br\/es\/wp-json\/wp\/v2\/posts"}],"about":[{"href":"https:\/\/www.padreeustaquio.com.br\/es\/wp-json\/wp\/v2\/types\/post"}],"author":[{"embeddable":true,"href":"https:\/\/www.padreeustaquio.com.br\/es\/wp-json\/wp\/v2\/users\/2"}],"replies":[{"embeddable":true,"href":"https:\/\/www.padreeustaquio.com.br\/es\/wp-json\/wp\/v2\/comments?post=7631"}],"version-history":[{"count":0,"href":"https:\/\/www.padreeustaquio.com.br\/es\/wp-json\/wp\/v2\/posts\/7631\/revisions"}],"wp:featuredmedia":[{"embeddable":true,"href":"https:\/\/www.padreeustaquio.com.br\/es\/wp-json\/wp\/v2\/media\/7632"}],"wp:attachment":[{"href":"https:\/\/www.padreeustaquio.com.br\/es\/wp-json\/wp\/v2\/media?parent=7631"}],"wp:term":[{"taxonomy":"category","embeddable":true,"href":"https:\/\/www.padreeustaquio.com.br\/es\/wp-json\/wp\/v2\/categories?post=7631"},{"taxonomy":"post_tag","embeddable":true,"href":"https:\/\/www.padreeustaquio.com.br\/es\/wp-json\/wp\/v2\/tags?post=7631"}],"curies":[{"name":"wp","href":"https:\/\/api.w.org\/{rel}","templated":true}]}}