{"id":7614,"date":"2021-11-29T06:10:00","date_gmt":"2021-11-29T09:10:00","guid":{"rendered":"https:\/\/www.padreeustaquio.com.br\/?p=7614"},"modified":"2021-11-28T12:57:03","modified_gmt":"2021-11-28T15:57:03","slug":"en-paraguay-el-diacono-gustavo-van-humbeeck-ss-cc-y-ordenado","status":"publish","type":"post","link":"https:\/\/www.padreeustaquio.com.br\/es\/en-paraguay-el-diacono-gustavo-van-humbeeck-ss-cc-y-ordenado\/","title":{"rendered":"En Paraguay es ordenado el di\u00e1cono Gustavo van Humbeeck, ss.cc."},"content":{"rendered":"<p>El hermano Gustavo van Humbeeck Benegas, ss.cc., fue ordenado di\u00e1cono la semana pasada. La ceremonia, presidida por el obispo Guillermo Steckling, omi, de la Di\u00f3cesis de Ciudad del Este, Paraguay, tuvo lugar el martes 23 en la parroquia Nuestra Se\u00f1ora de F\u00e1tima de Presidente Franco.<\/p>\n\n\n\n<p>La Santa Misa cont\u00f3 con la presencia de fieles, pero tambi\u00e9n fue seguida a trav\u00e9s de las redes sociales de la parroquia.\u00a0<a href=\"https:\/\/www.facebook.com\/Parroquia-Nuestra-Se%C3%B1ora-Virgen-de-F%C3%A1tima-de-Pte-Franco-593480000687760\" target=\"_blank\" rel=\"noreferrer noopener\">Facebook<\/a>. La transmisi\u00f3n fue realizada por el equipo de comunicaciones local y tambi\u00e9n retransmitida simult\u00e1neamente por...\u00a0<a href=\"https:\/\/www.youtube.com\/watch?v=ql5-ypB3WYk\" target=\"_blank\" rel=\"noreferrer noopener\">Canal Padre Eust\u00e1quio (rese\u00f1a aqu\u00ed)<\/a>. Toda la celebraci\u00f3n se llev\u00f3 a cabo en espa\u00f1ol.<\/p>\n\n\n\n<p>Gustavo Rafael Arnaldo Van Humbeeck Benegas naci\u00f3 el 14 de marzo de 1989 en Asunci\u00f3n, capital de Paraguay. Es hijo de Rafael Adolfo Van Humbeeck Busto y N\u00e9lida Benegas Viveros. Es el tercero de cuatro hijos.<\/p>\n\n\n\n<p>Comenz\u00f3 su iniciaci\u00f3n cristiana en la Parroquia de Santa Catalina de Siena, en la ciudad de Fernando de la Mora. Conoci\u00f3 la Congregaci\u00f3n de los Sagrados Corazones desde muy joven a trav\u00e9s de los hermanos que all\u00ed ejercen su apostolado. Se uni\u00f3 a la Congregaci\u00f3n en 2012 y, ese mismo a\u00f1o, comenz\u00f3 sus estudios filos\u00f3ficos en el Instituto Jesuita de Estudios Human\u00edsticos y Filos\u00f3ficos de Asunci\u00f3n.<\/p>\n\n\n\n<p>Ingres\u00f3 al noviciado en 2015 en Cerrillos de Curacav\u00ed, Chile, desempe\u00f1ando su labor pastoral en la Comunidad Sagrados Corazones de esa localidad.<\/p>\n\n\n\n<p>Profes\u00f3 sus votos temporales el 15 de enero de 2016 en la Parroquia Santa Catarina de Sena, lugar donde se form\u00f3 como cristiano. Hizo su profesi\u00f3n perpetua en la Parroquia Nossa Senhora de F\u00e1tima, en la ciudad de Presidente Franco, el 23 de noviembre de 2020, comunidad donde actualmente sirve.<\/p>\n\n\n\n<p>Entre 2016 y 2019, curs\u00f3 sus estudios teol\u00f3gicos en la Pontificia Universidad Cat\u00f3lica de Chile y ejerci\u00f3 su labor pastoral en la Parroquia de San Pedro y San Pablo, acompa\u00f1ando a los j\u00f3venes y enfermos de las comunidades Padre Esteban Gumucio y Maria da Esperan\u00e7a. Adem\u00e1s, realiz\u00f3 una experiencia formativa en el Santuario de la Salud y la Paz en Belo Horizonte, Minas Gerais, Brasil, en 2020.<\/p>\n\n\n\n<p><\/p>","protected":false},"excerpt":{"rendered":"<p>O Irm\u00e3o Gustavo van Humbeeck Benegas, ss.cc., foi ordenado di\u00e1cono, na \u00faltima semana. A cerim\u00f4nia presidida por Dom Guillermo Steckling, omi, bispo da Diocese de Ciudad del Este, no Paraguai, foi realizada na ter\u00e7a-feira, dia 23, na Par\u00f3quia Nossa Senhora de F\u00e1tima, cidade de Presidente Franco. A Santa Missa contou com a presen\u00e7a de fi\u00e9is, mas tamb\u00e9m foi acompanhada pelas redes sociais da par\u00f3quia no\u00a0Facebook. A transmiss\u00e3o foi feita pela equipe de comunica\u00e7\u00e3o local e tamb\u00e9m retransmitida simultaneamente pelo\u00a0Canal Padre Eust\u00e1quio (reveja aqui). A celebra\u00e7\u00e3o foi toda realizada em l\u00edngua espanhola. Gustavo Rafael Arnaldo Van Humbeeck Benegas, nasceu em 14 [&hellip;]<\/p>\n","protected":false},"author":2,"featured_media":7615,"comment_status":"open","ping_status":"closed","sticky":false,"template":"","format":"standard","meta":{"_acf_changed":false,"footnotes":""},"categories":[611],"tags":[],"class_list":["post-7614","post","type-post","status-publish","format-standard","has-post-thumbnail","hentry","category-noticias"],"acf":[],"yoast_head":"<!-- This site is optimized with the Yoast SEO plugin v27.2 - https:\/\/yoast.com\/product\/yoast-seo-wordpress\/ -->\n<title>No Paraguai, Di\u00e1cono Gustavo van Humbeeck, ss.cc. \u00e9 ordenado<\/title>\n<meta name=\"description\" content=\"O Irm\u00e3o Gustavo van Humbeeck Benegas, ss.cc., foi ordenado di\u00e1cono, na \u00faltima semana. A cerim\u00f4nia presidida por Dom Guillermo Steckling, omi, bispo da Diocese de Ciudad del Este, no Paraguai, foi realizada na ter\u00e7a-feira, dia 23, na Par\u00f3quia Nossa Senhora de F\u00e1tima, cidade de Presidente Franco.\" \/>\n<meta name=\"robots\" content=\"index, follow, max-snippet:-1, max-image-preview:large, max-video-preview:-1\" \/>\n<link rel=\"canonical\" href=\"https:\/\/www.padreeustaquio.com.br\/es\/en-paraguay-el-diacono-gustavo-van-humbeeck-ss-cc-y-ordenado\/\" \/>\n<meta property=\"og:locale\" content=\"es_ES\" \/>\n<meta property=\"og:type\" content=\"article\" \/>\n<meta property=\"og:title\" content=\"No Paraguai, Di\u00e1cono Gustavo van Humbeeck, ss.cc. \u00e9 ordenado\" \/>\n<meta property=\"og:description\" content=\"O Irm\u00e3o Gustavo van Humbeeck Benegas, ss.cc., foi ordenado di\u00e1cono, na \u00faltima semana. A cerim\u00f4nia presidida por Dom Guillermo Steckling, omi, bispo da Diocese de Ciudad del Este, no Paraguai, foi realizada na ter\u00e7a-feira, dia 23, na Par\u00f3quia Nossa Senhora de F\u00e1tima, cidade de Presidente Franco.\" \/>\n<meta property=\"og:url\" content=\"https:\/\/www.padreeustaquio.com.br\/es\/en-paraguay-el-diacono-gustavo-van-humbeeck-ss-cc-y-ordenado\/\" \/>\n<meta property=\"og:site_name\" content=\"Padre Eust\u00e1quio\" \/>\n<meta property=\"article:publisher\" content=\"https:\/\/www.facebook.com\/beatopadreeustaquio\/\" \/>\n<meta property=\"article:published_time\" content=\"2021-11-29T09:10:00+00:00\" \/>\n<meta property=\"og:image\" content=\"https:\/\/www.padreeustaquio.com.br\/wp-content\/uploads\/2021\/11\/ir-gustavo-e1638114882644.png\" \/>\n\t<meta property=\"og:image:width\" content=\"1910\" \/>\n\t<meta property=\"og:image:height\" content=\"1080\" \/>\n\t<meta property=\"og:image:type\" content=\"image\/png\" \/>\n<meta name=\"author\" content=\"@sscc\" \/>\n<meta name=\"twitter:card\" content=\"summary_large_image\" \/>\n<meta name=\"twitter:creator\" content=\"@beatopeustaquio\" \/>\n<meta name=\"twitter:site\" content=\"@beatopeustaquio\" \/>\n<meta name=\"twitter:label1\" content=\"Escrito por\" \/>\n\t<meta name=\"twitter:data1\" content=\"@sscc\" \/>\n\t<meta name=\"twitter:label2\" content=\"Tiempo de lectura\" \/>\n\t<meta name=\"twitter:data2\" content=\"2 minutos\" \/>\n<script type=\"application\/ld+json\" class=\"yoast-schema-graph\">{\"@context\":\"https:\/\/schema.org\",\"@graph\":[{\"@type\":\"Article\",\"@id\":\"https:\/\/www.padreeustaquio.com.br\/no-paraguai-diacono-gustavo-van-humbeeck-ss-cc-e-ordenado\/#article\",\"isPartOf\":{\"@id\":\"https:\/\/www.padreeustaquio.com.br\/no-paraguai-diacono-gustavo-van-humbeeck-ss-cc-e-ordenado\/\"},\"author\":{\"name\":\"@sscc\",\"@id\":\"https:\/\/www.padreeustaquio.com.br\/#\/schema\/person\/a2a51db1d00f1a7af0204a0f1ddb1566\"},\"headline\":\"No Paraguai, Di\u00e1cono Gustavo van Humbeeck, ss.cc. \u00e9 ordenado\",\"datePublished\":\"2021-11-29T09:10:00+00:00\",\"mainEntityOfPage\":{\"@id\":\"https:\/\/www.padreeustaquio.com.br\/no-paraguai-diacono-gustavo-van-humbeeck-ss-cc-e-ordenado\/\"},\"wordCount\":375,\"commentCount\":0,\"publisher\":{\"@id\":\"https:\/\/www.padreeustaquio.com.br\/#organization\"},\"image\":{\"@id\":\"https:\/\/www.padreeustaquio.com.br\/no-paraguai-diacono-gustavo-van-humbeeck-ss-cc-e-ordenado\/#primaryimage\"},\"thumbnailUrl\":\"https:\/\/www.padreeustaquio.com.br\/wp-content\/uploads\/2021\/11\/ir-gustavo-e1638114882644.png\",\"articleSection\":[\"Not\u00edcias\"],\"inLanguage\":\"es\",\"potentialAction\":[{\"@type\":\"CommentAction\",\"name\":\"Comment\",\"target\":[\"https:\/\/www.padreeustaquio.com.br\/no-paraguai-diacono-gustavo-van-humbeeck-ss-cc-e-ordenado\/#respond\"]}]},{\"@type\":\"WebPage\",\"@id\":\"https:\/\/www.padreeustaquio.com.br\/no-paraguai-diacono-gustavo-van-humbeeck-ss-cc-e-ordenado\/\",\"url\":\"https:\/\/www.padreeustaquio.com.br\/no-paraguai-diacono-gustavo-van-humbeeck-ss-cc-e-ordenado\/\",\"name\":\"No Paraguai, Di\u00e1cono Gustavo van Humbeeck, ss.cc. \u00e9 ordenado\",\"isPartOf\":{\"@id\":\"https:\/\/www.padreeustaquio.com.br\/#website\"},\"primaryImageOfPage\":{\"@id\":\"https:\/\/www.padreeustaquio.com.br\/no-paraguai-diacono-gustavo-van-humbeeck-ss-cc-e-ordenado\/#primaryimage\"},\"image\":{\"@id\":\"https:\/\/www.padreeustaquio.com.br\/no-paraguai-diacono-gustavo-van-humbeeck-ss-cc-e-ordenado\/#primaryimage\"},\"thumbnailUrl\":\"https:\/\/www.padreeustaquio.com.br\/wp-content\/uploads\/2021\/11\/ir-gustavo-e1638114882644.png\",\"datePublished\":\"2021-11-29T09:10:00+00:00\",\"description\":\"O Irm\u00e3o Gustavo van Humbeeck Benegas, ss.cc., foi ordenado di\u00e1cono, na \u00faltima semana. A cerim\u00f4nia presidida por Dom Guillermo Steckling, omi, bispo da Diocese de Ciudad del Este, no Paraguai, foi realizada na ter\u00e7a-feira, dia 23, na Par\u00f3quia Nossa Senhora de F\u00e1tima, cidade de Presidente Franco.\",\"breadcrumb\":{\"@id\":\"https:\/\/www.padreeustaquio.com.br\/no-paraguai-diacono-gustavo-van-humbeeck-ss-cc-e-ordenado\/#breadcrumb\"},\"inLanguage\":\"es\",\"potentialAction\":[{\"@type\":\"ReadAction\",\"target\":[\"https:\/\/www.padreeustaquio.com.br\/no-paraguai-diacono-gustavo-van-humbeeck-ss-cc-e-ordenado\/\"]}]},{\"@type\":\"ImageObject\",\"inLanguage\":\"es\",\"@id\":\"https:\/\/www.padreeustaquio.com.br\/no-paraguai-diacono-gustavo-van-humbeeck-ss-cc-e-ordenado\/#primaryimage\",\"url\":\"https:\/\/www.padreeustaquio.com.br\/wp-content\/uploads\/2021\/11\/ir-gustavo-e1638114882644.png\",\"contentUrl\":\"https:\/\/www.padreeustaquio.com.br\/wp-content\/uploads\/2021\/11\/ir-gustavo-e1638114882644.png\",\"width\":1910,\"height\":1080},{\"@type\":\"BreadcrumbList\",\"@id\":\"https:\/\/www.padreeustaquio.com.br\/no-paraguai-diacono-gustavo-van-humbeeck-ss-cc-e-ordenado\/#breadcrumb\",\"itemListElement\":[{\"@type\":\"ListItem\",\"position\":1,\"name\":\"In\u00edcio\",\"item\":\"https:\/\/www.padreeustaquio.com.br\/\"},{\"@type\":\"ListItem\",\"position\":2,\"name\":\"No Paraguai, Di\u00e1cono Gustavo van Humbeeck, ss.cc. \u00e9 ordenado\"}]},{\"@type\":\"WebSite\",\"@id\":\"https:\/\/www.padreeustaquio.com.br\/#website\",\"url\":\"https:\/\/www.padreeustaquio.com.br\/\",\"name\":\"Padre Eust\u00e1quio\",\"description\":\"Sa\u00fade e Paz\",\"publisher\":{\"@id\":\"https:\/\/www.padreeustaquio.com.br\/#organization\"},\"potentialAction\":[{\"@type\":\"SearchAction\",\"target\":{\"@type\":\"EntryPoint\",\"urlTemplate\":\"https:\/\/www.padreeustaquio.com.br\/?s={search_term_string}\"},\"query-input\":{\"@type\":\"PropertyValueSpecification\",\"valueRequired\":true,\"valueName\":\"search_term_string\"}}],\"inLanguage\":\"es\"},{\"@type\":\"Organization\",\"@id\":\"https:\/\/www.padreeustaquio.com.br\/#organization\",\"name\":\"Padre Eust\u00e1quio\",\"url\":\"https:\/\/www.padreeustaquio.com.br\/\",\"logo\":{\"@type\":\"ImageObject\",\"inLanguage\":\"es\",\"@id\":\"https:\/\/www.padreeustaquio.com.br\/#\/schema\/logo\/image\/\",\"url\":\"https:\/\/www.padreeustaquio.com.br\/wp-content\/uploads\/2019\/08\/marca.png\",\"contentUrl\":\"https:\/\/www.padreeustaquio.com.br\/wp-content\/uploads\/2019\/08\/marca.png\",\"width\":350,\"height\":400,\"caption\":\"Padre Eust\u00e1quio\"},\"image\":{\"@id\":\"https:\/\/www.padreeustaquio.com.br\/#\/schema\/logo\/image\/\"},\"sameAs\":[\"https:\/\/www.facebook.com\/beatopadreeustaquio\/\",\"https:\/\/x.com\/beatopeustaquio\",\"https:\/\/www.instagram.com\/beatopadreeustaquio\/\",\"https:\/\/www.youtube.com\/channel\/UCRhw7vfabnajwLxb1ZXMeIw\"]},{\"@type\":\"Person\",\"@id\":\"https:\/\/www.padreeustaquio.com.br\/#\/schema\/person\/a2a51db1d00f1a7af0204a0f1ddb1566\",\"name\":\"@sscc\",\"image\":{\"@type\":\"ImageObject\",\"inLanguage\":\"es\",\"@id\":\"https:\/\/secure.gravatar.com\/avatar\/68cfafa5f44617fea54071e215026e0ff06be366c3d54a8425f04fdcb86f8c5f?s=96&d=mm&r=g\",\"url\":\"https:\/\/secure.gravatar.com\/avatar\/68cfafa5f44617fea54071e215026e0ff06be366c3d54a8425f04fdcb86f8c5f?s=96&d=mm&r=g\",\"contentUrl\":\"https:\/\/secure.gravatar.com\/avatar\/68cfafa5f44617fea54071e215026e0ff06be366c3d54a8425f04fdcb86f8c5f?s=96&d=mm&r=g\",\"caption\":\"@sscc\"},\"url\":\"https:\/\/www.padreeustaquio.com.br\/es\/author\/sscc\/\"}]}<\/script>\n<!-- \/ Yoast SEO plugin. -->","yoast_head_json":{"title":"En Paraguay es ordenado el di\u00e1cono Gustavo van Humbeeck, ss.cc.","description":"El hermano Gustavo van Humbeeck Benegas, ss.cc., fue ordenado di\u00e1cono la semana pasada. La ceremonia, presidida por el obispo Guillermo Steckling, omi, de la Di\u00f3cesis de Ciudad del Este, Paraguay, tuvo lugar el martes 23 en la parroquia Nuestra Se\u00f1ora de F\u00e1tima de Presidente Franco.","robots":{"index":"index","follow":"follow","max-snippet":"max-snippet:-1","max-image-preview":"max-image-preview:large","max-video-preview":"max-video-preview:-1"},"canonical":"https:\/\/www.padreeustaquio.com.br\/es\/en-paraguay-el-diacono-gustavo-van-humbeeck-ss-cc-y-ordenado\/","og_locale":"es_ES","og_type":"article","og_title":"No Paraguai, Di\u00e1cono Gustavo van Humbeeck, ss.cc. \u00e9 ordenado","og_description":"O Irm\u00e3o Gustavo van Humbeeck Benegas, ss.cc., foi ordenado di\u00e1cono, na \u00faltima semana. A cerim\u00f4nia presidida por Dom Guillermo Steckling, omi, bispo da Diocese de Ciudad del Este, no Paraguai, foi realizada na ter\u00e7a-feira, dia 23, na Par\u00f3quia Nossa Senhora de F\u00e1tima, cidade de Presidente Franco.","og_url":"https:\/\/www.padreeustaquio.com.br\/es\/en-paraguay-el-diacono-gustavo-van-humbeeck-ss-cc-y-ordenado\/","og_site_name":"Padre Eust\u00e1quio","article_publisher":"https:\/\/www.facebook.com\/beatopadreeustaquio\/","article_published_time":"2021-11-29T09:10:00+00:00","og_image":[{"width":1910,"height":1080,"url":"https:\/\/www.padreeustaquio.com.br\/wp-content\/uploads\/2021\/11\/ir-gustavo-e1638114882644.png","type":"image\/png"}],"author":"@sscc","twitter_card":"summary_large_image","twitter_creator":"@beatopeustaquio","twitter_site":"@beatopeustaquio","twitter_misc":{"Escrito por":"@sscc","Tiempo de lectura":"2 minutos"},"schema":{"@context":"https:\/\/schema.org","@graph":[{"@type":"Article","@id":"https:\/\/www.padreeustaquio.com.br\/no-paraguai-diacono-gustavo-van-humbeeck-ss-cc-e-ordenado\/#article","isPartOf":{"@id":"https:\/\/www.padreeustaquio.com.br\/no-paraguai-diacono-gustavo-van-humbeeck-ss-cc-e-ordenado\/"},"author":{"name":"@sscc","@id":"https:\/\/www.padreeustaquio.com.br\/#\/schema\/person\/a2a51db1d00f1a7af0204a0f1ddb1566"},"headline":"No Paraguai, Di\u00e1cono Gustavo van Humbeeck, ss.cc. \u00e9 ordenado","datePublished":"2021-11-29T09:10:00+00:00","mainEntityOfPage":{"@id":"https:\/\/www.padreeustaquio.com.br\/no-paraguai-diacono-gustavo-van-humbeeck-ss-cc-e-ordenado\/"},"wordCount":375,"commentCount":0,"publisher":{"@id":"https:\/\/www.padreeustaquio.com.br\/#organization"},"image":{"@id":"https:\/\/www.padreeustaquio.com.br\/no-paraguai-diacono-gustavo-van-humbeeck-ss-cc-e-ordenado\/#primaryimage"},"thumbnailUrl":"https:\/\/www.padreeustaquio.com.br\/wp-content\/uploads\/2021\/11\/ir-gustavo-e1638114882644.png","articleSection":["Not\u00edcias"],"inLanguage":"es","potentialAction":[{"@type":"CommentAction","name":"Comment","target":["https:\/\/www.padreeustaquio.com.br\/no-paraguai-diacono-gustavo-van-humbeeck-ss-cc-e-ordenado\/#respond"]}]},{"@type":"WebPage","@id":"https:\/\/www.padreeustaquio.com.br\/no-paraguai-diacono-gustavo-van-humbeeck-ss-cc-e-ordenado\/","url":"https:\/\/www.padreeustaquio.com.br\/no-paraguai-diacono-gustavo-van-humbeeck-ss-cc-e-ordenado\/","name":"En Paraguay es ordenado el di\u00e1cono Gustavo van Humbeeck, ss.cc.","isPartOf":{"@id":"https:\/\/www.padreeustaquio.com.br\/#website"},"primaryImageOfPage":{"@id":"https:\/\/www.padreeustaquio.com.br\/no-paraguai-diacono-gustavo-van-humbeeck-ss-cc-e-ordenado\/#primaryimage"},"image":{"@id":"https:\/\/www.padreeustaquio.com.br\/no-paraguai-diacono-gustavo-van-humbeeck-ss-cc-e-ordenado\/#primaryimage"},"thumbnailUrl":"https:\/\/www.padreeustaquio.com.br\/wp-content\/uploads\/2021\/11\/ir-gustavo-e1638114882644.png","datePublished":"2021-11-29T09:10:00+00:00","description":"El hermano Gustavo van Humbeeck Benegas, ss.cc., fue ordenado di\u00e1cono la semana pasada. La ceremonia, presidida por el obispo Guillermo Steckling, omi, de la Di\u00f3cesis de Ciudad del Este, Paraguay, tuvo lugar el martes 23 en la parroquia Nuestra Se\u00f1ora de F\u00e1tima de Presidente Franco.","breadcrumb":{"@id":"https:\/\/www.padreeustaquio.com.br\/no-paraguai-diacono-gustavo-van-humbeeck-ss-cc-e-ordenado\/#breadcrumb"},"inLanguage":"es","potentialAction":[{"@type":"ReadAction","target":["https:\/\/www.padreeustaquio.com.br\/no-paraguai-diacono-gustavo-van-humbeeck-ss-cc-e-ordenado\/"]}]},{"@type":"ImageObject","inLanguage":"es","@id":"https:\/\/www.padreeustaquio.com.br\/no-paraguai-diacono-gustavo-van-humbeeck-ss-cc-e-ordenado\/#primaryimage","url":"https:\/\/www.padreeustaquio.com.br\/wp-content\/uploads\/2021\/11\/ir-gustavo-e1638114882644.png","contentUrl":"https:\/\/www.padreeustaquio.com.br\/wp-content\/uploads\/2021\/11\/ir-gustavo-e1638114882644.png","width":1910,"height":1080},{"@type":"BreadcrumbList","@id":"https:\/\/www.padreeustaquio.com.br\/no-paraguai-diacono-gustavo-van-humbeeck-ss-cc-e-ordenado\/#breadcrumb","itemListElement":[{"@type":"ListItem","position":1,"name":"In\u00edcio","item":"https:\/\/www.padreeustaquio.com.br\/"},{"@type":"ListItem","position":2,"name":"No Paraguai, Di\u00e1cono Gustavo van Humbeeck, ss.cc. \u00e9 ordenado"}]},{"@type":"WebSite","@id":"https:\/\/www.padreeustaquio.com.br\/#website","url":"https:\/\/www.padreeustaquio.com.br\/","name":"Padre Eustace","description":"Salud y Paz","publisher":{"@id":"https:\/\/www.padreeustaquio.com.br\/#organization"},"potentialAction":[{"@type":"SearchAction","target":{"@type":"EntryPoint","urlTemplate":"https:\/\/www.padreeustaquio.com.br\/?s={search_term_string}"},"query-input":{"@type":"PropertyValueSpecification","valueRequired":true,"valueName":"search_term_string"}}],"inLanguage":"es"},{"@type":"Organization","@id":"https:\/\/www.padreeustaquio.com.br\/#organization","name":"Padre Eustace","url":"https:\/\/www.padreeustaquio.com.br\/","logo":{"@type":"ImageObject","inLanguage":"es","@id":"https:\/\/www.padreeustaquio.com.br\/#\/schema\/logo\/image\/","url":"https:\/\/www.padreeustaquio.com.br\/wp-content\/uploads\/2019\/08\/marca.png","contentUrl":"https:\/\/www.padreeustaquio.com.br\/wp-content\/uploads\/2019\/08\/marca.png","width":350,"height":400,"caption":"Padre Eust\u00e1quio"},"image":{"@id":"https:\/\/www.padreeustaquio.com.br\/#\/schema\/logo\/image\/"},"sameAs":["https:\/\/www.facebook.com\/beatopadreeustaquio\/","https:\/\/x.com\/beatopeustaquio","https:\/\/www.instagram.com\/beatopadreeustaquio\/","https:\/\/www.youtube.com\/channel\/UCRhw7vfabnajwLxb1ZXMeIw"]},{"@type":"Person","@id":"https:\/\/www.padreeustaquio.com.br\/#\/schema\/person\/a2a51db1d00f1a7af0204a0f1ddb1566","name":"@sscc","image":{"@type":"ImageObject","inLanguage":"es","@id":"https:\/\/secure.gravatar.com\/avatar\/68cfafa5f44617fea54071e215026e0ff06be366c3d54a8425f04fdcb86f8c5f?s=96&d=mm&r=g","url":"https:\/\/secure.gravatar.com\/avatar\/68cfafa5f44617fea54071e215026e0ff06be366c3d54a8425f04fdcb86f8c5f?s=96&d=mm&r=g","contentUrl":"https:\/\/secure.gravatar.com\/avatar\/68cfafa5f44617fea54071e215026e0ff06be366c3d54a8425f04fdcb86f8c5f?s=96&d=mm&r=g","caption":"@sscc"},"url":"https:\/\/www.padreeustaquio.com.br\/es\/author\/sscc\/"}]}},"_links":{"self":[{"href":"https:\/\/www.padreeustaquio.com.br\/es\/wp-json\/wp\/v2\/posts\/7614","targetHints":{"allow":["GET"]}}],"collection":[{"href":"https:\/\/www.padreeustaquio.com.br\/es\/wp-json\/wp\/v2\/posts"}],"about":[{"href":"https:\/\/www.padreeustaquio.com.br\/es\/wp-json\/wp\/v2\/types\/post"}],"author":[{"embeddable":true,"href":"https:\/\/www.padreeustaquio.com.br\/es\/wp-json\/wp\/v2\/users\/2"}],"replies":[{"embeddable":true,"href":"https:\/\/www.padreeustaquio.com.br\/es\/wp-json\/wp\/v2\/comments?post=7614"}],"version-history":[{"count":0,"href":"https:\/\/www.padreeustaquio.com.br\/es\/wp-json\/wp\/v2\/posts\/7614\/revisions"}],"wp:featuredmedia":[{"embeddable":true,"href":"https:\/\/www.padreeustaquio.com.br\/es\/wp-json\/wp\/v2\/media\/7615"}],"wp:attachment":[{"href":"https:\/\/www.padreeustaquio.com.br\/es\/wp-json\/wp\/v2\/media?parent=7614"}],"wp:term":[{"taxonomy":"category","embeddable":true,"href":"https:\/\/www.padreeustaquio.com.br\/es\/wp-json\/wp\/v2\/categories?post=7614"},{"taxonomy":"post_tag","embeddable":true,"href":"https:\/\/www.padreeustaquio.com.br\/es\/wp-json\/wp\/v2\/tags?post=7614"}],"curies":[{"name":"wp","href":"https:\/\/api.w.org\/{rel}","templated":true}]}}