{"id":7592,"date":"2021-11-25T06:34:00","date_gmt":"2021-11-25T09:34:00","guid":{"rendered":"https:\/\/www.padreeustaquio.com.br\/?p=7592"},"modified":"2021-11-23T20:47:56","modified_gmt":"2021-11-23T23:47:56","slug":"el-simbolismo-de-la-corona-de-adviento","status":"publish","type":"post","link":"https:\/\/www.padreeustaquio.com.br\/es\/el-simbolismo-de-la-corona-de-adviento\/","title":{"rendered":"El simbolismo de la Corona de Adviento"},"content":{"rendered":"<p>La Navidad est\u00e1 llena de significado y simbolismo, y uno de los principales s\u00edmbolos de esta \u00e9poca del a\u00f1o es la corona de Adviento.<\/p>\n\n\n\n<p>La corona de Adviento simboliza la eternidad de Dios, quien no tiene principio ni fin, de ah\u00ed su forma circular. Est\u00e1 adornada con ramas verdes, que simbolizan la continuidad de la vida y la esperanza.<\/p>\n\n\n\n<p>La corona de Adviento, recordada como el primer anuncio de la Navidad, tiene cuatro velas, que pueden ser de varios colores o, tradicionalmente, tres moradas y una rosa. Las velas deben encenderse una cada domingo de Adviento. Su luz simboliza nuestra fe y las manifestaciones de Cristo.<\/p>\n\n\n\n<p>Primera Encarnaci\u00f3n, el Jes\u00fas Hist\u00f3rico;<br>2. Jes\u00fas est\u00e1 con los pobres y necesitados;<br>3. Jes\u00fas en los Sacramentos;<br>4\u00aa Parus\u00eda: Segunda Venida de Jes\u00fas;<\/p>\n\n\n\n<p>Arma tu corona de Adviento para prepararte bien para la Navidad que se acerca. Si a\u00fan no la has armado, la tienda del Padre Eust\u00e1quio puede ayudarte. All\u00ed encontrar\u00e1s todo lo necesario para hacerla.<\/p>\n\n\n\n<p>La tienda est\u00e1 junto al Santuario de Salud y Paz. Para m\u00e1s informaci\u00f3n sobre los productos disponibles, cont\u00e1ctenos por tel\u00e9fono al (31) 3567-0314 o por WhatsApp.<\/p>\n\n\n\n<p><\/p>","protected":false},"excerpt":{"rendered":"<p>O Natal \u00e9 cheio de significados e simbologias, e um dos principais s\u00edmbolos desta \u00e9poca \u00e9 a Coroa do Advento. A Coroa do Advento simboliza a eternidade de Deus, que n\u00e3o tem in\u00edcio e fim, por isso o formato circular dela. Ela \u00e9 ornada com ramos verdes, que simbolizam a continuidade da vida e a esperan\u00e7a. A Coroa, que \u00e9 lembrada como o primeiro an\u00fancio do natal, tem quatro velas, que podem ser de cores variadas ou tradicionalmente tr\u00eas roxas e uma rosa. As velas devem ser acesas uma a cada domingo do advento. A luz delas simboliza nossa f\u00e9 [&hellip;]<\/p>\n","protected":false},"author":2,"featured_media":7593,"comment_status":"open","ping_status":"closed","sticky":false,"template":"","format":"standard","meta":{"_acf_changed":false,"footnotes":""},"categories":[611],"tags":[],"class_list":["post-7592","post","type-post","status-publish","format-standard","has-post-thumbnail","hentry","category-noticias"],"acf":[],"yoast_head":"<!-- This site is optimized with the Yoast SEO plugin v27.2 - https:\/\/yoast.com\/product\/yoast-seo-wordpress\/ -->\n<title>A simbologia da Coroa do Advento<\/title>\n<meta name=\"description\" content=\"A Coroa do Advento simboliza a eternidade de Deus, que n\u00e3o tem in\u00edcio e fim, por isso o formato circular dela. Ela \u00e9 ornada com ramos verdes, que simbolizam a continuidade da vida e a esperan\u00e7a.\" \/>\n<meta name=\"robots\" content=\"index, follow, max-snippet:-1, max-image-preview:large, max-video-preview:-1\" \/>\n<link rel=\"canonical\" href=\"https:\/\/www.padreeustaquio.com.br\/es\/el-simbolismo-de-la-corona-de-adviento\/\" \/>\n<meta property=\"og:locale\" content=\"es_ES\" \/>\n<meta property=\"og:type\" content=\"article\" \/>\n<meta property=\"og:title\" content=\"A simbologia da Coroa do Advento\" \/>\n<meta property=\"og:description\" content=\"A Coroa do Advento simboliza a eternidade de Deus, que n\u00e3o tem in\u00edcio e fim, por isso o formato circular dela. Ela \u00e9 ornada com ramos verdes, que simbolizam a continuidade da vida e a esperan\u00e7a.\" \/>\n<meta property=\"og:url\" content=\"https:\/\/www.padreeustaquio.com.br\/es\/el-simbolismo-de-la-corona-de-adviento\/\" \/>\n<meta property=\"og:site_name\" content=\"Padre Eust\u00e1quio\" \/>\n<meta property=\"article:publisher\" content=\"https:\/\/www.facebook.com\/beatopadreeustaquio\/\" \/>\n<meta property=\"article:published_time\" content=\"2021-11-25T09:34:00+00:00\" \/>\n<meta property=\"og:image\" content=\"https:\/\/www.padreeustaquio.com.br\/wp-content\/uploads\/2021\/11\/COROA-ADVENTO.jpg\" \/>\n\t<meta property=\"og:image:width\" content=\"748\" \/>\n\t<meta property=\"og:image:height\" content=\"394\" \/>\n\t<meta property=\"og:image:type\" content=\"image\/jpeg\" \/>\n<meta name=\"author\" content=\"@sscc\" \/>\n<meta name=\"twitter:card\" content=\"summary_large_image\" \/>\n<meta name=\"twitter:creator\" content=\"@beatopeustaquio\" \/>\n<meta name=\"twitter:site\" content=\"@beatopeustaquio\" \/>\n<meta name=\"twitter:label1\" content=\"Escrito por\" \/>\n\t<meta name=\"twitter:data1\" content=\"@sscc\" \/>\n\t<meta name=\"twitter:label2\" content=\"Tiempo de lectura\" \/>\n\t<meta name=\"twitter:data2\" content=\"1 minuto\" \/>\n<script type=\"application\/ld+json\" class=\"yoast-schema-graph\">{\"@context\":\"https:\/\/schema.org\",\"@graph\":[{\"@type\":\"Article\",\"@id\":\"https:\/\/www.padreeustaquio.com.br\/a-simbologia-da-coroa-do-advento\/#article\",\"isPartOf\":{\"@id\":\"https:\/\/www.padreeustaquio.com.br\/a-simbologia-da-coroa-do-advento\/\"},\"author\":{\"name\":\"@sscc\",\"@id\":\"https:\/\/www.padreeustaquio.com.br\/#\/schema\/person\/a2a51db1d00f1a7af0204a0f1ddb1566\"},\"headline\":\"A simbologia da Coroa do Advento\",\"datePublished\":\"2021-11-25T09:34:00+00:00\",\"mainEntityOfPage\":{\"@id\":\"https:\/\/www.padreeustaquio.com.br\/a-simbologia-da-coroa-do-advento\/\"},\"wordCount\":212,\"commentCount\":0,\"publisher\":{\"@id\":\"https:\/\/www.padreeustaquio.com.br\/#organization\"},\"image\":{\"@id\":\"https:\/\/www.padreeustaquio.com.br\/a-simbologia-da-coroa-do-advento\/#primaryimage\"},\"thumbnailUrl\":\"https:\/\/www.padreeustaquio.com.br\/wp-content\/uploads\/2021\/11\/COROA-ADVENTO.jpg\",\"articleSection\":[\"Not\u00edcias\"],\"inLanguage\":\"es\",\"potentialAction\":[{\"@type\":\"CommentAction\",\"name\":\"Comment\",\"target\":[\"https:\/\/www.padreeustaquio.com.br\/a-simbologia-da-coroa-do-advento\/#respond\"]}]},{\"@type\":\"WebPage\",\"@id\":\"https:\/\/www.padreeustaquio.com.br\/a-simbologia-da-coroa-do-advento\/\",\"url\":\"https:\/\/www.padreeustaquio.com.br\/a-simbologia-da-coroa-do-advento\/\",\"name\":\"A simbologia da Coroa do Advento\",\"isPartOf\":{\"@id\":\"https:\/\/www.padreeustaquio.com.br\/#website\"},\"primaryImageOfPage\":{\"@id\":\"https:\/\/www.padreeustaquio.com.br\/a-simbologia-da-coroa-do-advento\/#primaryimage\"},\"image\":{\"@id\":\"https:\/\/www.padreeustaquio.com.br\/a-simbologia-da-coroa-do-advento\/#primaryimage\"},\"thumbnailUrl\":\"https:\/\/www.padreeustaquio.com.br\/wp-content\/uploads\/2021\/11\/COROA-ADVENTO.jpg\",\"datePublished\":\"2021-11-25T09:34:00+00:00\",\"description\":\"A Coroa do Advento simboliza a eternidade de Deus, que n\u00e3o tem in\u00edcio e fim, por isso o formato circular dela. Ela \u00e9 ornada com ramos verdes, que simbolizam a continuidade da vida e a esperan\u00e7a.\",\"breadcrumb\":{\"@id\":\"https:\/\/www.padreeustaquio.com.br\/a-simbologia-da-coroa-do-advento\/#breadcrumb\"},\"inLanguage\":\"es\",\"potentialAction\":[{\"@type\":\"ReadAction\",\"target\":[\"https:\/\/www.padreeustaquio.com.br\/a-simbologia-da-coroa-do-advento\/\"]}]},{\"@type\":\"ImageObject\",\"inLanguage\":\"es\",\"@id\":\"https:\/\/www.padreeustaquio.com.br\/a-simbologia-da-coroa-do-advento\/#primaryimage\",\"url\":\"https:\/\/www.padreeustaquio.com.br\/wp-content\/uploads\/2021\/11\/COROA-ADVENTO.jpg\",\"contentUrl\":\"https:\/\/www.padreeustaquio.com.br\/wp-content\/uploads\/2021\/11\/COROA-ADVENTO.jpg\",\"width\":748,\"height\":394},{\"@type\":\"BreadcrumbList\",\"@id\":\"https:\/\/www.padreeustaquio.com.br\/a-simbologia-da-coroa-do-advento\/#breadcrumb\",\"itemListElement\":[{\"@type\":\"ListItem\",\"position\":1,\"name\":\"In\u00edcio\",\"item\":\"https:\/\/www.padreeustaquio.com.br\/\"},{\"@type\":\"ListItem\",\"position\":2,\"name\":\"A simbologia da Coroa do Advento\"}]},{\"@type\":\"WebSite\",\"@id\":\"https:\/\/www.padreeustaquio.com.br\/#website\",\"url\":\"https:\/\/www.padreeustaquio.com.br\/\",\"name\":\"Padre Eust\u00e1quio\",\"description\":\"Sa\u00fade e Paz\",\"publisher\":{\"@id\":\"https:\/\/www.padreeustaquio.com.br\/#organization\"},\"potentialAction\":[{\"@type\":\"SearchAction\",\"target\":{\"@type\":\"EntryPoint\",\"urlTemplate\":\"https:\/\/www.padreeustaquio.com.br\/?s={search_term_string}\"},\"query-input\":{\"@type\":\"PropertyValueSpecification\",\"valueRequired\":true,\"valueName\":\"search_term_string\"}}],\"inLanguage\":\"es\"},{\"@type\":\"Organization\",\"@id\":\"https:\/\/www.padreeustaquio.com.br\/#organization\",\"name\":\"Padre Eust\u00e1quio\",\"url\":\"https:\/\/www.padreeustaquio.com.br\/\",\"logo\":{\"@type\":\"ImageObject\",\"inLanguage\":\"es\",\"@id\":\"https:\/\/www.padreeustaquio.com.br\/#\/schema\/logo\/image\/\",\"url\":\"https:\/\/www.padreeustaquio.com.br\/wp-content\/uploads\/2019\/08\/marca.png\",\"contentUrl\":\"https:\/\/www.padreeustaquio.com.br\/wp-content\/uploads\/2019\/08\/marca.png\",\"width\":350,\"height\":400,\"caption\":\"Padre Eust\u00e1quio\"},\"image\":{\"@id\":\"https:\/\/www.padreeustaquio.com.br\/#\/schema\/logo\/image\/\"},\"sameAs\":[\"https:\/\/www.facebook.com\/beatopadreeustaquio\/\",\"https:\/\/x.com\/beatopeustaquio\",\"https:\/\/www.instagram.com\/beatopadreeustaquio\/\",\"https:\/\/www.youtube.com\/channel\/UCRhw7vfabnajwLxb1ZXMeIw\"]},{\"@type\":\"Person\",\"@id\":\"https:\/\/www.padreeustaquio.com.br\/#\/schema\/person\/a2a51db1d00f1a7af0204a0f1ddb1566\",\"name\":\"@sscc\",\"image\":{\"@type\":\"ImageObject\",\"inLanguage\":\"es\",\"@id\":\"https:\/\/secure.gravatar.com\/avatar\/68cfafa5f44617fea54071e215026e0ff06be366c3d54a8425f04fdcb86f8c5f?s=96&d=mm&r=g\",\"url\":\"https:\/\/secure.gravatar.com\/avatar\/68cfafa5f44617fea54071e215026e0ff06be366c3d54a8425f04fdcb86f8c5f?s=96&d=mm&r=g\",\"contentUrl\":\"https:\/\/secure.gravatar.com\/avatar\/68cfafa5f44617fea54071e215026e0ff06be366c3d54a8425f04fdcb86f8c5f?s=96&d=mm&r=g\",\"caption\":\"@sscc\"},\"url\":\"https:\/\/www.padreeustaquio.com.br\/es\/author\/sscc\/\"}]}<\/script>\n<!-- \/ Yoast SEO plugin. -->","yoast_head_json":{"title":"El simbolismo de la Corona de Adviento","description":"La corona de Adviento simboliza la eternidad de Dios, quien no tiene principio ni fin, de ah\u00ed su forma circular. Est\u00e1 adornada con ramas verdes, que simbolizan la continuidad de la vida y la esperanza.","robots":{"index":"index","follow":"follow","max-snippet":"max-snippet:-1","max-image-preview":"max-image-preview:large","max-video-preview":"max-video-preview:-1"},"canonical":"https:\/\/www.padreeustaquio.com.br\/es\/el-simbolismo-de-la-corona-de-adviento\/","og_locale":"es_ES","og_type":"article","og_title":"A simbologia da Coroa do Advento","og_description":"A Coroa do Advento simboliza a eternidade de Deus, que n\u00e3o tem in\u00edcio e fim, por isso o formato circular dela. Ela \u00e9 ornada com ramos verdes, que simbolizam a continuidade da vida e a esperan\u00e7a.","og_url":"https:\/\/www.padreeustaquio.com.br\/es\/el-simbolismo-de-la-corona-de-adviento\/","og_site_name":"Padre Eust\u00e1quio","article_publisher":"https:\/\/www.facebook.com\/beatopadreeustaquio\/","article_published_time":"2021-11-25T09:34:00+00:00","og_image":[{"width":748,"height":394,"url":"https:\/\/www.padreeustaquio.com.br\/wp-content\/uploads\/2021\/11\/COROA-ADVENTO.jpg","type":"image\/jpeg"}],"author":"@sscc","twitter_card":"summary_large_image","twitter_creator":"@beatopeustaquio","twitter_site":"@beatopeustaquio","twitter_misc":{"Escrito por":"@sscc","Tiempo de lectura":"1 minuto"},"schema":{"@context":"https:\/\/schema.org","@graph":[{"@type":"Article","@id":"https:\/\/www.padreeustaquio.com.br\/a-simbologia-da-coroa-do-advento\/#article","isPartOf":{"@id":"https:\/\/www.padreeustaquio.com.br\/a-simbologia-da-coroa-do-advento\/"},"author":{"name":"@sscc","@id":"https:\/\/www.padreeustaquio.com.br\/#\/schema\/person\/a2a51db1d00f1a7af0204a0f1ddb1566"},"headline":"A simbologia da Coroa do Advento","datePublished":"2021-11-25T09:34:00+00:00","mainEntityOfPage":{"@id":"https:\/\/www.padreeustaquio.com.br\/a-simbologia-da-coroa-do-advento\/"},"wordCount":212,"commentCount":0,"publisher":{"@id":"https:\/\/www.padreeustaquio.com.br\/#organization"},"image":{"@id":"https:\/\/www.padreeustaquio.com.br\/a-simbologia-da-coroa-do-advento\/#primaryimage"},"thumbnailUrl":"https:\/\/www.padreeustaquio.com.br\/wp-content\/uploads\/2021\/11\/COROA-ADVENTO.jpg","articleSection":["Not\u00edcias"],"inLanguage":"es","potentialAction":[{"@type":"CommentAction","name":"Comment","target":["https:\/\/www.padreeustaquio.com.br\/a-simbologia-da-coroa-do-advento\/#respond"]}]},{"@type":"WebPage","@id":"https:\/\/www.padreeustaquio.com.br\/a-simbologia-da-coroa-do-advento\/","url":"https:\/\/www.padreeustaquio.com.br\/a-simbologia-da-coroa-do-advento\/","name":"El simbolismo de la Corona de Adviento","isPartOf":{"@id":"https:\/\/www.padreeustaquio.com.br\/#website"},"primaryImageOfPage":{"@id":"https:\/\/www.padreeustaquio.com.br\/a-simbologia-da-coroa-do-advento\/#primaryimage"},"image":{"@id":"https:\/\/www.padreeustaquio.com.br\/a-simbologia-da-coroa-do-advento\/#primaryimage"},"thumbnailUrl":"https:\/\/www.padreeustaquio.com.br\/wp-content\/uploads\/2021\/11\/COROA-ADVENTO.jpg","datePublished":"2021-11-25T09:34:00+00:00","description":"La corona de Adviento simboliza la eternidad de Dios, quien no tiene principio ni fin, de ah\u00ed su forma circular. Est\u00e1 adornada con ramas verdes, que simbolizan la continuidad de la vida y la esperanza.","breadcrumb":{"@id":"https:\/\/www.padreeustaquio.com.br\/a-simbologia-da-coroa-do-advento\/#breadcrumb"},"inLanguage":"es","potentialAction":[{"@type":"ReadAction","target":["https:\/\/www.padreeustaquio.com.br\/a-simbologia-da-coroa-do-advento\/"]}]},{"@type":"ImageObject","inLanguage":"es","@id":"https:\/\/www.padreeustaquio.com.br\/a-simbologia-da-coroa-do-advento\/#primaryimage","url":"https:\/\/www.padreeustaquio.com.br\/wp-content\/uploads\/2021\/11\/COROA-ADVENTO.jpg","contentUrl":"https:\/\/www.padreeustaquio.com.br\/wp-content\/uploads\/2021\/11\/COROA-ADVENTO.jpg","width":748,"height":394},{"@type":"BreadcrumbList","@id":"https:\/\/www.padreeustaquio.com.br\/a-simbologia-da-coroa-do-advento\/#breadcrumb","itemListElement":[{"@type":"ListItem","position":1,"name":"In\u00edcio","item":"https:\/\/www.padreeustaquio.com.br\/"},{"@type":"ListItem","position":2,"name":"A simbologia da Coroa do Advento"}]},{"@type":"WebSite","@id":"https:\/\/www.padreeustaquio.com.br\/#website","url":"https:\/\/www.padreeustaquio.com.br\/","name":"Padre Eustace","description":"Salud y Paz","publisher":{"@id":"https:\/\/www.padreeustaquio.com.br\/#organization"},"potentialAction":[{"@type":"SearchAction","target":{"@type":"EntryPoint","urlTemplate":"https:\/\/www.padreeustaquio.com.br\/?s={search_term_string}"},"query-input":{"@type":"PropertyValueSpecification","valueRequired":true,"valueName":"search_term_string"}}],"inLanguage":"es"},{"@type":"Organization","@id":"https:\/\/www.padreeustaquio.com.br\/#organization","name":"Padre Eustace","url":"https:\/\/www.padreeustaquio.com.br\/","logo":{"@type":"ImageObject","inLanguage":"es","@id":"https:\/\/www.padreeustaquio.com.br\/#\/schema\/logo\/image\/","url":"https:\/\/www.padreeustaquio.com.br\/wp-content\/uploads\/2019\/08\/marca.png","contentUrl":"https:\/\/www.padreeustaquio.com.br\/wp-content\/uploads\/2019\/08\/marca.png","width":350,"height":400,"caption":"Padre Eust\u00e1quio"},"image":{"@id":"https:\/\/www.padreeustaquio.com.br\/#\/schema\/logo\/image\/"},"sameAs":["https:\/\/www.facebook.com\/beatopadreeustaquio\/","https:\/\/x.com\/beatopeustaquio","https:\/\/www.instagram.com\/beatopadreeustaquio\/","https:\/\/www.youtube.com\/channel\/UCRhw7vfabnajwLxb1ZXMeIw"]},{"@type":"Person","@id":"https:\/\/www.padreeustaquio.com.br\/#\/schema\/person\/a2a51db1d00f1a7af0204a0f1ddb1566","name":"@sscc","image":{"@type":"ImageObject","inLanguage":"es","@id":"https:\/\/secure.gravatar.com\/avatar\/68cfafa5f44617fea54071e215026e0ff06be366c3d54a8425f04fdcb86f8c5f?s=96&d=mm&r=g","url":"https:\/\/secure.gravatar.com\/avatar\/68cfafa5f44617fea54071e215026e0ff06be366c3d54a8425f04fdcb86f8c5f?s=96&d=mm&r=g","contentUrl":"https:\/\/secure.gravatar.com\/avatar\/68cfafa5f44617fea54071e215026e0ff06be366c3d54a8425f04fdcb86f8c5f?s=96&d=mm&r=g","caption":"@sscc"},"url":"https:\/\/www.padreeustaquio.com.br\/es\/author\/sscc\/"}]}},"_links":{"self":[{"href":"https:\/\/www.padreeustaquio.com.br\/es\/wp-json\/wp\/v2\/posts\/7592","targetHints":{"allow":["GET"]}}],"collection":[{"href":"https:\/\/www.padreeustaquio.com.br\/es\/wp-json\/wp\/v2\/posts"}],"about":[{"href":"https:\/\/www.padreeustaquio.com.br\/es\/wp-json\/wp\/v2\/types\/post"}],"author":[{"embeddable":true,"href":"https:\/\/www.padreeustaquio.com.br\/es\/wp-json\/wp\/v2\/users\/2"}],"replies":[{"embeddable":true,"href":"https:\/\/www.padreeustaquio.com.br\/es\/wp-json\/wp\/v2\/comments?post=7592"}],"version-history":[{"count":0,"href":"https:\/\/www.padreeustaquio.com.br\/es\/wp-json\/wp\/v2\/posts\/7592\/revisions"}],"wp:featuredmedia":[{"embeddable":true,"href":"https:\/\/www.padreeustaquio.com.br\/es\/wp-json\/wp\/v2\/media\/7593"}],"wp:attachment":[{"href":"https:\/\/www.padreeustaquio.com.br\/es\/wp-json\/wp\/v2\/media?parent=7592"}],"wp:term":[{"taxonomy":"category","embeddable":true,"href":"https:\/\/www.padreeustaquio.com.br\/es\/wp-json\/wp\/v2\/categories?post=7592"},{"taxonomy":"post_tag","embeddable":true,"href":"https:\/\/www.padreeustaquio.com.br\/es\/wp-json\/wp\/v2\/tags?post=7592"}],"curies":[{"name":"wp","href":"https:\/\/api.w.org\/{rel}","templated":true}]}}