{"id":7555,"date":"2021-11-18T06:25:00","date_gmt":"2021-11-18T09:25:00","guid":{"rendered":"https:\/\/www.padreeustaquio.com.br\/?p=7555"},"modified":"2021-11-17T10:29:11","modified_gmt":"2021-11-17T13:29:11","slug":"apoya-la-labor-social-de-las-damas-de-la-caridad","status":"publish","type":"post","link":"https:\/\/www.padreeustaquio.com.br\/es\/apoya-la-labor-social-de-las-damas-de-la-caridad\/","title":{"rendered":"Apoya la labor social de las Damas de la Caridad."},"content":{"rendered":"<p>Las Damas de la Caridad necesitan donaciones para seguir ayudando a las familias necesitadas atendidas por su programa de acci\u00f3n social.<\/p>\n\n\n\n<p>Cada mes, alrededor de 150 familias del barrio Padre Eust\u00e1quio y alrededores reciben donaciones de canastas de alimentos b\u00e1sicos y art\u00edculos de higiene por parte de las Damas de la Caridad. Para que esta labor contin\u00fae, la organizaci\u00f3n necesita el apoyo de la comunidad.<\/p>\n\n\n\n<p>Las Damas aceptan canastas completas de alimentos o alimentos no perecederos individuales. Adem\u00e1s, pueden donar productos de higiene personal y limpieza.<\/p>\n\n\n\n<p>Para ayudar, simplemente entregue sus donaciones en la oficina parroquial del Santuario de Salud y Paz. El horario de atenci\u00f3n es de lunes a viernes, de 7:30 a. m. a 12 p. m. y de 1 p. m. a 5 p. m. Los s\u00e1bados y domingos, el horario de atenci\u00f3n es de 8:00 a. m. a 11:30 a. m.<\/p>","protected":false},"excerpt":{"rendered":"<p>As Damas da Caridade est\u00e3o precisando de doa\u00e7\u00f5es para continuar ajudando as fam\u00edlias carentes que s\u00e3o atendidas pela a\u00e7\u00e3o social. Todos os meses, cerca de 150 fam\u00edlias do Bairro Padre Eust\u00e1quio e regi\u00e3o, s\u00e3o auxiliadas com a doa\u00e7\u00e3o de cestas b\u00e1sicas a materiais de higiene pelas Damas da Caridade. Para que esse trabalho continue acontecendo, a organiza\u00e7\u00e3o precisa do apoio da comunidade. As Damas est\u00e3o recebendo cestas b\u00e1sicas completas ou alimentos n\u00e3o perec\u00edveis avulsos. Al\u00e9m disso, voc\u00ea pode doar produtos de higiene pessoal e de limpeza. Para ajudar, basta entregar suas doa\u00e7\u00f5es na secretaria paroquial do Santu\u00e1rio Sa\u00fade e Paz. [&hellip;]<\/p>\n","protected":false},"author":2,"featured_media":7556,"comment_status":"open","ping_status":"closed","sticky":false,"template":"","format":"standard","meta":{"_acf_changed":false,"footnotes":""},"categories":[611],"tags":[],"class_list":["post-7555","post","type-post","status-publish","format-standard","has-post-thumbnail","hentry","category-noticias"],"acf":[],"yoast_head":"<!-- This site is optimized with the Yoast SEO plugin v27.2 - https:\/\/yoast.com\/product\/yoast-seo-wordpress\/ -->\n<title>Ajude os trabalhos sociais das Damas de Caridade<\/title>\n<meta name=\"description\" content=\"Todos os meses, cerca de 150 fam\u00edlias do Bairro Padre Eust\u00e1quio e regi\u00e3o, s\u00e3o auxiliadas com a doa\u00e7\u00e3o de cestas b\u00e1sicas a materiais de higiene pelas Damas da Caridade. Para que esse trabalho continue acontecendo, a organiza\u00e7\u00e3o precisa do apoio da comunidade.\" \/>\n<meta name=\"robots\" content=\"index, follow, max-snippet:-1, max-image-preview:large, max-video-preview:-1\" \/>\n<link rel=\"canonical\" href=\"https:\/\/www.padreeustaquio.com.br\/es\/apoya-la-labor-social-de-las-damas-de-la-caridad\/\" \/>\n<meta property=\"og:locale\" content=\"es_ES\" \/>\n<meta property=\"og:type\" content=\"article\" \/>\n<meta property=\"og:title\" content=\"Ajude os trabalhos sociais das Damas de Caridade\" \/>\n<meta property=\"og:description\" content=\"Todos os meses, cerca de 150 fam\u00edlias do Bairro Padre Eust\u00e1quio e regi\u00e3o, s\u00e3o auxiliadas com a doa\u00e7\u00e3o de cestas b\u00e1sicas a materiais de higiene pelas Damas da Caridade. Para que esse trabalho continue acontecendo, a organiza\u00e7\u00e3o precisa do apoio da comunidade.\" \/>\n<meta property=\"og:url\" content=\"https:\/\/www.padreeustaquio.com.br\/es\/apoya-la-labor-social-de-las-damas-de-la-caridad\/\" \/>\n<meta property=\"og:site_name\" content=\"Padre Eust\u00e1quio\" \/>\n<meta property=\"article:publisher\" content=\"https:\/\/www.facebook.com\/beatopadreeustaquio\/\" \/>\n<meta property=\"article:published_time\" content=\"2021-11-18T09:25:00+00:00\" \/>\n<meta property=\"og:image\" content=\"https:\/\/www.padreeustaquio.com.br\/wp-content\/uploads\/2021\/11\/WhatsApp-Image-2021-11-10-at-21.33.48.jpeg\" \/>\n\t<meta property=\"og:image:width\" content=\"1150\" \/>\n\t<meta property=\"og:image:height\" content=\"767\" \/>\n\t<meta property=\"og:image:type\" content=\"image\/jpeg\" \/>\n<meta name=\"author\" content=\"@sscc\" \/>\n<meta name=\"twitter:card\" content=\"summary_large_image\" \/>\n<meta name=\"twitter:creator\" content=\"@beatopeustaquio\" \/>\n<meta name=\"twitter:site\" content=\"@beatopeustaquio\" \/>\n<meta name=\"twitter:label1\" content=\"Escrito por\" \/>\n\t<meta name=\"twitter:data1\" content=\"@sscc\" \/>\n\t<meta name=\"twitter:label2\" content=\"Tiempo de lectura\" \/>\n\t<meta name=\"twitter:data2\" content=\"1 minuto\" \/>\n<script type=\"application\/ld+json\" class=\"yoast-schema-graph\">{\"@context\":\"https:\/\/schema.org\",\"@graph\":[{\"@type\":\"Article\",\"@id\":\"https:\/\/www.padreeustaquio.com.br\/ajude-os-trabalhos-sociais-das-damas-de-caridade\/#article\",\"isPartOf\":{\"@id\":\"https:\/\/www.padreeustaquio.com.br\/ajude-os-trabalhos-sociais-das-damas-de-caridade\/\"},\"author\":{\"name\":\"@sscc\",\"@id\":\"https:\/\/www.padreeustaquio.com.br\/#\/schema\/person\/a2a51db1d00f1a7af0204a0f1ddb1566\"},\"headline\":\"Ajude os trabalhos sociais das Damas de Caridade\",\"datePublished\":\"2021-11-18T09:25:00+00:00\",\"mainEntityOfPage\":{\"@id\":\"https:\/\/www.padreeustaquio.com.br\/ajude-os-trabalhos-sociais-das-damas-de-caridade\/\"},\"wordCount\":154,\"commentCount\":0,\"publisher\":{\"@id\":\"https:\/\/www.padreeustaquio.com.br\/#organization\"},\"image\":{\"@id\":\"https:\/\/www.padreeustaquio.com.br\/ajude-os-trabalhos-sociais-das-damas-de-caridade\/#primaryimage\"},\"thumbnailUrl\":\"https:\/\/www.padreeustaquio.com.br\/wp-content\/uploads\/2021\/11\/WhatsApp-Image-2021-11-10-at-21.33.48.jpeg\",\"articleSection\":[\"Not\u00edcias\"],\"inLanguage\":\"es\",\"potentialAction\":[{\"@type\":\"CommentAction\",\"name\":\"Comment\",\"target\":[\"https:\/\/www.padreeustaquio.com.br\/ajude-os-trabalhos-sociais-das-damas-de-caridade\/#respond\"]}]},{\"@type\":\"WebPage\",\"@id\":\"https:\/\/www.padreeustaquio.com.br\/ajude-os-trabalhos-sociais-das-damas-de-caridade\/\",\"url\":\"https:\/\/www.padreeustaquio.com.br\/ajude-os-trabalhos-sociais-das-damas-de-caridade\/\",\"name\":\"Ajude os trabalhos sociais das Damas de Caridade\",\"isPartOf\":{\"@id\":\"https:\/\/www.padreeustaquio.com.br\/#website\"},\"primaryImageOfPage\":{\"@id\":\"https:\/\/www.padreeustaquio.com.br\/ajude-os-trabalhos-sociais-das-damas-de-caridade\/#primaryimage\"},\"image\":{\"@id\":\"https:\/\/www.padreeustaquio.com.br\/ajude-os-trabalhos-sociais-das-damas-de-caridade\/#primaryimage\"},\"thumbnailUrl\":\"https:\/\/www.padreeustaquio.com.br\/wp-content\/uploads\/2021\/11\/WhatsApp-Image-2021-11-10-at-21.33.48.jpeg\",\"datePublished\":\"2021-11-18T09:25:00+00:00\",\"description\":\"Todos os meses, cerca de 150 fam\u00edlias do Bairro Padre Eust\u00e1quio e regi\u00e3o, s\u00e3o auxiliadas com a doa\u00e7\u00e3o de cestas b\u00e1sicas a materiais de higiene pelas Damas da Caridade. Para que esse trabalho continue acontecendo, a organiza\u00e7\u00e3o precisa do apoio da comunidade.\",\"breadcrumb\":{\"@id\":\"https:\/\/www.padreeustaquio.com.br\/ajude-os-trabalhos-sociais-das-damas-de-caridade\/#breadcrumb\"},\"inLanguage\":\"es\",\"potentialAction\":[{\"@type\":\"ReadAction\",\"target\":[\"https:\/\/www.padreeustaquio.com.br\/ajude-os-trabalhos-sociais-das-damas-de-caridade\/\"]}]},{\"@type\":\"ImageObject\",\"inLanguage\":\"es\",\"@id\":\"https:\/\/www.padreeustaquio.com.br\/ajude-os-trabalhos-sociais-das-damas-de-caridade\/#primaryimage\",\"url\":\"https:\/\/www.padreeustaquio.com.br\/wp-content\/uploads\/2021\/11\/WhatsApp-Image-2021-11-10-at-21.33.48.jpeg\",\"contentUrl\":\"https:\/\/www.padreeustaquio.com.br\/wp-content\/uploads\/2021\/11\/WhatsApp-Image-2021-11-10-at-21.33.48.jpeg\",\"width\":1150,\"height\":767},{\"@type\":\"BreadcrumbList\",\"@id\":\"https:\/\/www.padreeustaquio.com.br\/ajude-os-trabalhos-sociais-das-damas-de-caridade\/#breadcrumb\",\"itemListElement\":[{\"@type\":\"ListItem\",\"position\":1,\"name\":\"In\u00edcio\",\"item\":\"https:\/\/www.padreeustaquio.com.br\/\"},{\"@type\":\"ListItem\",\"position\":2,\"name\":\"Ajude os trabalhos sociais das Damas de Caridade\"}]},{\"@type\":\"WebSite\",\"@id\":\"https:\/\/www.padreeustaquio.com.br\/#website\",\"url\":\"https:\/\/www.padreeustaquio.com.br\/\",\"name\":\"Padre Eust\u00e1quio\",\"description\":\"Sa\u00fade e Paz\",\"publisher\":{\"@id\":\"https:\/\/www.padreeustaquio.com.br\/#organization\"},\"potentialAction\":[{\"@type\":\"SearchAction\",\"target\":{\"@type\":\"EntryPoint\",\"urlTemplate\":\"https:\/\/www.padreeustaquio.com.br\/?s={search_term_string}\"},\"query-input\":{\"@type\":\"PropertyValueSpecification\",\"valueRequired\":true,\"valueName\":\"search_term_string\"}}],\"inLanguage\":\"es\"},{\"@type\":\"Organization\",\"@id\":\"https:\/\/www.padreeustaquio.com.br\/#organization\",\"name\":\"Padre Eust\u00e1quio\",\"url\":\"https:\/\/www.padreeustaquio.com.br\/\",\"logo\":{\"@type\":\"ImageObject\",\"inLanguage\":\"es\",\"@id\":\"https:\/\/www.padreeustaquio.com.br\/#\/schema\/logo\/image\/\",\"url\":\"https:\/\/www.padreeustaquio.com.br\/wp-content\/uploads\/2019\/08\/marca.png\",\"contentUrl\":\"https:\/\/www.padreeustaquio.com.br\/wp-content\/uploads\/2019\/08\/marca.png\",\"width\":350,\"height\":400,\"caption\":\"Padre Eust\u00e1quio\"},\"image\":{\"@id\":\"https:\/\/www.padreeustaquio.com.br\/#\/schema\/logo\/image\/\"},\"sameAs\":[\"https:\/\/www.facebook.com\/beatopadreeustaquio\/\",\"https:\/\/x.com\/beatopeustaquio\",\"https:\/\/www.instagram.com\/beatopadreeustaquio\/\",\"https:\/\/www.youtube.com\/channel\/UCRhw7vfabnajwLxb1ZXMeIw\"]},{\"@type\":\"Person\",\"@id\":\"https:\/\/www.padreeustaquio.com.br\/#\/schema\/person\/a2a51db1d00f1a7af0204a0f1ddb1566\",\"name\":\"@sscc\",\"image\":{\"@type\":\"ImageObject\",\"inLanguage\":\"es\",\"@id\":\"https:\/\/secure.gravatar.com\/avatar\/68cfafa5f44617fea54071e215026e0ff06be366c3d54a8425f04fdcb86f8c5f?s=96&d=mm&r=g\",\"url\":\"https:\/\/secure.gravatar.com\/avatar\/68cfafa5f44617fea54071e215026e0ff06be366c3d54a8425f04fdcb86f8c5f?s=96&d=mm&r=g\",\"contentUrl\":\"https:\/\/secure.gravatar.com\/avatar\/68cfafa5f44617fea54071e215026e0ff06be366c3d54a8425f04fdcb86f8c5f?s=96&d=mm&r=g\",\"caption\":\"@sscc\"},\"url\":\"https:\/\/www.padreeustaquio.com.br\/es\/author\/sscc\/\"}]}<\/script>\n<!-- \/ Yoast SEO plugin. -->","yoast_head_json":{"title":"Apoya la labor social de las Damas de la Caridad.","description":"Cada mes, alrededor de 150 familias del barrio Padre Eust\u00e1quio y alrededores reciben donaciones de canastas de alimentos b\u00e1sicos y art\u00edculos de higiene por parte de las Damas de la Caridad. Para que esta labor contin\u00fae, la organizaci\u00f3n necesita el apoyo de la comunidad.","robots":{"index":"index","follow":"follow","max-snippet":"max-snippet:-1","max-image-preview":"max-image-preview:large","max-video-preview":"max-video-preview:-1"},"canonical":"https:\/\/www.padreeustaquio.com.br\/es\/apoya-la-labor-social-de-las-damas-de-la-caridad\/","og_locale":"es_ES","og_type":"article","og_title":"Ajude os trabalhos sociais das Damas de Caridade","og_description":"Todos os meses, cerca de 150 fam\u00edlias do Bairro Padre Eust\u00e1quio e regi\u00e3o, s\u00e3o auxiliadas com a doa\u00e7\u00e3o de cestas b\u00e1sicas a materiais de higiene pelas Damas da Caridade. Para que esse trabalho continue acontecendo, a organiza\u00e7\u00e3o precisa do apoio da comunidade.","og_url":"https:\/\/www.padreeustaquio.com.br\/es\/apoya-la-labor-social-de-las-damas-de-la-caridad\/","og_site_name":"Padre Eust\u00e1quio","article_publisher":"https:\/\/www.facebook.com\/beatopadreeustaquio\/","article_published_time":"2021-11-18T09:25:00+00:00","og_image":[{"width":1150,"height":767,"url":"https:\/\/www.padreeustaquio.com.br\/wp-content\/uploads\/2021\/11\/WhatsApp-Image-2021-11-10-at-21.33.48.jpeg","type":"image\/jpeg"}],"author":"@sscc","twitter_card":"summary_large_image","twitter_creator":"@beatopeustaquio","twitter_site":"@beatopeustaquio","twitter_misc":{"Escrito por":"@sscc","Tiempo de lectura":"1 minuto"},"schema":{"@context":"https:\/\/schema.org","@graph":[{"@type":"Article","@id":"https:\/\/www.padreeustaquio.com.br\/ajude-os-trabalhos-sociais-das-damas-de-caridade\/#article","isPartOf":{"@id":"https:\/\/www.padreeustaquio.com.br\/ajude-os-trabalhos-sociais-das-damas-de-caridade\/"},"author":{"name":"@sscc","@id":"https:\/\/www.padreeustaquio.com.br\/#\/schema\/person\/a2a51db1d00f1a7af0204a0f1ddb1566"},"headline":"Ajude os trabalhos sociais das Damas de Caridade","datePublished":"2021-11-18T09:25:00+00:00","mainEntityOfPage":{"@id":"https:\/\/www.padreeustaquio.com.br\/ajude-os-trabalhos-sociais-das-damas-de-caridade\/"},"wordCount":154,"commentCount":0,"publisher":{"@id":"https:\/\/www.padreeustaquio.com.br\/#organization"},"image":{"@id":"https:\/\/www.padreeustaquio.com.br\/ajude-os-trabalhos-sociais-das-damas-de-caridade\/#primaryimage"},"thumbnailUrl":"https:\/\/www.padreeustaquio.com.br\/wp-content\/uploads\/2021\/11\/WhatsApp-Image-2021-11-10-at-21.33.48.jpeg","articleSection":["Not\u00edcias"],"inLanguage":"es","potentialAction":[{"@type":"CommentAction","name":"Comment","target":["https:\/\/www.padreeustaquio.com.br\/ajude-os-trabalhos-sociais-das-damas-de-caridade\/#respond"]}]},{"@type":"WebPage","@id":"https:\/\/www.padreeustaquio.com.br\/ajude-os-trabalhos-sociais-das-damas-de-caridade\/","url":"https:\/\/www.padreeustaquio.com.br\/ajude-os-trabalhos-sociais-das-damas-de-caridade\/","name":"Apoya la labor social de las Damas de la Caridad.","isPartOf":{"@id":"https:\/\/www.padreeustaquio.com.br\/#website"},"primaryImageOfPage":{"@id":"https:\/\/www.padreeustaquio.com.br\/ajude-os-trabalhos-sociais-das-damas-de-caridade\/#primaryimage"},"image":{"@id":"https:\/\/www.padreeustaquio.com.br\/ajude-os-trabalhos-sociais-das-damas-de-caridade\/#primaryimage"},"thumbnailUrl":"https:\/\/www.padreeustaquio.com.br\/wp-content\/uploads\/2021\/11\/WhatsApp-Image-2021-11-10-at-21.33.48.jpeg","datePublished":"2021-11-18T09:25:00+00:00","description":"Cada mes, alrededor de 150 familias del barrio Padre Eust\u00e1quio y alrededores reciben donaciones de canastas de alimentos b\u00e1sicos y art\u00edculos de higiene por parte de las Damas de la Caridad. Para que esta labor contin\u00fae, la organizaci\u00f3n necesita el apoyo de la comunidad.","breadcrumb":{"@id":"https:\/\/www.padreeustaquio.com.br\/ajude-os-trabalhos-sociais-das-damas-de-caridade\/#breadcrumb"},"inLanguage":"es","potentialAction":[{"@type":"ReadAction","target":["https:\/\/www.padreeustaquio.com.br\/ajude-os-trabalhos-sociais-das-damas-de-caridade\/"]}]},{"@type":"ImageObject","inLanguage":"es","@id":"https:\/\/www.padreeustaquio.com.br\/ajude-os-trabalhos-sociais-das-damas-de-caridade\/#primaryimage","url":"https:\/\/www.padreeustaquio.com.br\/wp-content\/uploads\/2021\/11\/WhatsApp-Image-2021-11-10-at-21.33.48.jpeg","contentUrl":"https:\/\/www.padreeustaquio.com.br\/wp-content\/uploads\/2021\/11\/WhatsApp-Image-2021-11-10-at-21.33.48.jpeg","width":1150,"height":767},{"@type":"BreadcrumbList","@id":"https:\/\/www.padreeustaquio.com.br\/ajude-os-trabalhos-sociais-das-damas-de-caridade\/#breadcrumb","itemListElement":[{"@type":"ListItem","position":1,"name":"In\u00edcio","item":"https:\/\/www.padreeustaquio.com.br\/"},{"@type":"ListItem","position":2,"name":"Ajude os trabalhos sociais das Damas de Caridade"}]},{"@type":"WebSite","@id":"https:\/\/www.padreeustaquio.com.br\/#website","url":"https:\/\/www.padreeustaquio.com.br\/","name":"Padre Eustace","description":"Salud y Paz","publisher":{"@id":"https:\/\/www.padreeustaquio.com.br\/#organization"},"potentialAction":[{"@type":"SearchAction","target":{"@type":"EntryPoint","urlTemplate":"https:\/\/www.padreeustaquio.com.br\/?s={search_term_string}"},"query-input":{"@type":"PropertyValueSpecification","valueRequired":true,"valueName":"search_term_string"}}],"inLanguage":"es"},{"@type":"Organization","@id":"https:\/\/www.padreeustaquio.com.br\/#organization","name":"Padre Eustace","url":"https:\/\/www.padreeustaquio.com.br\/","logo":{"@type":"ImageObject","inLanguage":"es","@id":"https:\/\/www.padreeustaquio.com.br\/#\/schema\/logo\/image\/","url":"https:\/\/www.padreeustaquio.com.br\/wp-content\/uploads\/2019\/08\/marca.png","contentUrl":"https:\/\/www.padreeustaquio.com.br\/wp-content\/uploads\/2019\/08\/marca.png","width":350,"height":400,"caption":"Padre Eust\u00e1quio"},"image":{"@id":"https:\/\/www.padreeustaquio.com.br\/#\/schema\/logo\/image\/"},"sameAs":["https:\/\/www.facebook.com\/beatopadreeustaquio\/","https:\/\/x.com\/beatopeustaquio","https:\/\/www.instagram.com\/beatopadreeustaquio\/","https:\/\/www.youtube.com\/channel\/UCRhw7vfabnajwLxb1ZXMeIw"]},{"@type":"Person","@id":"https:\/\/www.padreeustaquio.com.br\/#\/schema\/person\/a2a51db1d00f1a7af0204a0f1ddb1566","name":"@sscc","image":{"@type":"ImageObject","inLanguage":"es","@id":"https:\/\/secure.gravatar.com\/avatar\/68cfafa5f44617fea54071e215026e0ff06be366c3d54a8425f04fdcb86f8c5f?s=96&d=mm&r=g","url":"https:\/\/secure.gravatar.com\/avatar\/68cfafa5f44617fea54071e215026e0ff06be366c3d54a8425f04fdcb86f8c5f?s=96&d=mm&r=g","contentUrl":"https:\/\/secure.gravatar.com\/avatar\/68cfafa5f44617fea54071e215026e0ff06be366c3d54a8425f04fdcb86f8c5f?s=96&d=mm&r=g","caption":"@sscc"},"url":"https:\/\/www.padreeustaquio.com.br\/es\/author\/sscc\/"}]}},"_links":{"self":[{"href":"https:\/\/www.padreeustaquio.com.br\/es\/wp-json\/wp\/v2\/posts\/7555","targetHints":{"allow":["GET"]}}],"collection":[{"href":"https:\/\/www.padreeustaquio.com.br\/es\/wp-json\/wp\/v2\/posts"}],"about":[{"href":"https:\/\/www.padreeustaquio.com.br\/es\/wp-json\/wp\/v2\/types\/post"}],"author":[{"embeddable":true,"href":"https:\/\/www.padreeustaquio.com.br\/es\/wp-json\/wp\/v2\/users\/2"}],"replies":[{"embeddable":true,"href":"https:\/\/www.padreeustaquio.com.br\/es\/wp-json\/wp\/v2\/comments?post=7555"}],"version-history":[{"count":0,"href":"https:\/\/www.padreeustaquio.com.br\/es\/wp-json\/wp\/v2\/posts\/7555\/revisions"}],"wp:featuredmedia":[{"embeddable":true,"href":"https:\/\/www.padreeustaquio.com.br\/es\/wp-json\/wp\/v2\/media\/7556"}],"wp:attachment":[{"href":"https:\/\/www.padreeustaquio.com.br\/es\/wp-json\/wp\/v2\/media?parent=7555"}],"wp:term":[{"taxonomy":"category","embeddable":true,"href":"https:\/\/www.padreeustaquio.com.br\/es\/wp-json\/wp\/v2\/categories?post=7555"},{"taxonomy":"post_tag","embeddable":true,"href":"https:\/\/www.padreeustaquio.com.br\/es\/wp-json\/wp\/v2\/tags?post=7555"}],"curies":[{"name":"wp","href":"https:\/\/api.w.org\/{rel}","templated":true}]}}