{"id":7552,"date":"2021-11-17T09:24:34","date_gmt":"2021-11-17T12:24:34","guid":{"rendered":"https:\/\/www.padreeustaquio.com.br\/?p=7552"},"modified":"2021-11-17T09:24:37","modified_gmt":"2021-11-17T12:24:37","slug":"por-que-el-padre-eustaquio-eligio-este-nombre-cuando-se-hizo-religioso","status":"publish","type":"post","link":"https:\/\/www.padreeustaquio.com.br\/es\/por-que-el-padre-eustaquio-eligio-este-nombre-cuando-se-hizo-religioso\/","title":{"rendered":"\u00bfPor qu\u00e9 el Padre Eustaquio eligi\u00f3 este nombre al hacerse religioso?"},"content":{"rendered":"<p>Al nacer, el Beato Padre Eustaquio fue bautizado por sus padres con el nombre de Hubertus van Lieshout. Sin embargo, al ingresar al Noviciado, el joven opt\u00f3 por usar el nombre de Eustaquio, un gesto com\u00fan entre los religiosos que se transformaron en una nueva persona al comenzar esta nueva vida.<\/p>\n\n\n\n<p>El nombre que eligi\u00f3 el Padre Eustaquio hace referencia a San Eustaquio de Roma, m\u00e1rtir cristiano de los primeros siglos. En uno de los libros de oraci\u00f3n del Misionero de la Salud y la Paz, hay un encarte con las Letan\u00edas de San Eustaquio, lo que indica la devoci\u00f3n del beato hacia \u00e9l.<\/p>\n\n\n\n<p><strong>San Eustaquio de Roma<\/strong><\/p>\n\n\n\n<p>San Eustaquio es un m\u00e1rtir cristiano y santo militar que vivi\u00f3 a finales del siglo I y principios del II d. C. Antes de su conversi\u00f3n al cristianismo, Eustaquio fue un general romano llamado Pl\u00e1cido, al servicio del emperador Trajano.<\/p>\n\n\n\n<p>Mientras cazaba cerca de Roma, Pl\u00e1cido tuvo una visi\u00f3n de Jes\u00fas entre los \u00e1ngeles. Tras ver la aparici\u00f3n varias veces, se convirti\u00f3 y se bautiz\u00f3, bautizando tambi\u00e9n a toda su familia. Gracias a su historia, ahora se le considera el santo patr\u00f3n de los cazadores.<\/p>\n\n\n\n<p>Una serie de calamidades azotaron a Eustaquio y pusieron a prueba su fe: fue asaltado, su esposa fue secuestrada por el capit\u00e1n del barco en el que viajaba y, finalmente, al cruzar un r\u00edo, sus dos hijos fueron arrebatados, uno por un lobo y el otro por un le\u00f3n. Al igual que Job, Eustaquio no perdi\u00f3 la fe.<\/p>\n\n\n\n<p>Con el tiempo recuperar\u00eda su prestigio y sus posiciones, y reunir\u00eda a su familia. Sin embargo, cuando demostr\u00f3 su nueva fe al negarse a realizar un sacrificio pagano, el emperador Adriano conden\u00f3 a muerte a Eustaquio, a su esposa y a sus hijos, ordenando que los cocinaran vivos dentro de un toro de bronce en el a\u00f1o 118 d. C.<\/p>\n\n\n\n<p><\/p>","protected":false},"excerpt":{"rendered":"<p>Ao nascer o Bem-aventurado Padre Eust\u00e1quio, foi batizado pelos pais com o nome de Hubertus van Lieshout. No entanto, ao entrar no Noviciado, o jovem optou por usar o nome de Eust\u00e1quio, um gesto comum aos religiosos que &#8220;se tornavam uma nova pessoa&#8221; ao entrar para esta nova vida. O nome que Padre Eust\u00e1quio escolheu, faz men\u00e7\u00e3o a Santo Eust\u00e1quio de Roma, M\u00e1rtir Crist\u00e3o dos primeiros s\u00e9culos. Em um dos livros de ora\u00e7\u00e3o do Mission\u00e1rio da Sa\u00fade e da Paz, encontra-se anexado um encarte com a Ladainha de Santo Eust\u00e1quio, indicando a devo\u00e7\u00e3o do Beato a ele. Santo Eust\u00e1quio de [&hellip;]<\/p>\n","protected":false},"author":2,"featured_media":7553,"comment_status":"open","ping_status":"closed","sticky":false,"template":"","format":"standard","meta":{"_acf_changed":false,"footnotes":""},"categories":[611],"tags":[],"class_list":["post-7552","post","type-post","status-publish","format-standard","has-post-thumbnail","hentry","category-noticias"],"acf":[],"yoast_head":"<!-- This site is optimized with the Yoast SEO plugin v27.2 - https:\/\/yoast.com\/product\/yoast-seo-wordpress\/ -->\n<title>Por que Padre Eust\u00e1quio escolheu este nome ao se tornar religioso?<\/title>\n<meta name=\"description\" content=\"Ao nascer o Bem-aventurado Padre Eust\u00e1quio, foi batizado pelos pais com o nome de Hubertus van Lieshout. No entanto, ao entrar no Noviciado, o jovem optou por usar o nome de Eust\u00e1quio\" \/>\n<meta name=\"robots\" content=\"index, follow, max-snippet:-1, max-image-preview:large, max-video-preview:-1\" \/>\n<link rel=\"canonical\" href=\"https:\/\/www.padreeustaquio.com.br\/es\/por-que-el-padre-eustaquio-eligio-este-nombre-cuando-se-hizo-religioso\/\" \/>\n<meta property=\"og:locale\" content=\"es_ES\" \/>\n<meta property=\"og:type\" content=\"article\" \/>\n<meta property=\"og:title\" content=\"Por que Padre Eust\u00e1quio escolheu este nome ao se tornar religioso?\" \/>\n<meta property=\"og:description\" content=\"Ao nascer o Bem-aventurado Padre Eust\u00e1quio, foi batizado pelos pais com o nome de Hubertus van Lieshout. No entanto, ao entrar no Noviciado, o jovem optou por usar o nome de Eust\u00e1quio\" \/>\n<meta property=\"og:url\" content=\"https:\/\/www.padreeustaquio.com.br\/es\/por-que-el-padre-eustaquio-eligio-este-nombre-cuando-se-hizo-religioso\/\" \/>\n<meta property=\"og:site_name\" content=\"Padre Eust\u00e1quio\" \/>\n<meta property=\"article:publisher\" content=\"https:\/\/www.facebook.com\/beatopadreeustaquio\/\" \/>\n<meta property=\"article:published_time\" content=\"2021-11-17T12:24:34+00:00\" \/>\n<meta property=\"article:modified_time\" content=\"2021-11-17T12:24:37+00:00\" \/>\n<meta property=\"og:image\" content=\"https:\/\/www.padreeustaquio.com.br\/wp-content\/uploads\/2021\/11\/santo-eustaquio-de-roma.jpg\" \/>\n\t<meta property=\"og:image:width\" content=\"748\" \/>\n\t<meta property=\"og:image:height\" content=\"394\" \/>\n\t<meta property=\"og:image:type\" content=\"image\/jpeg\" \/>\n<meta name=\"author\" content=\"@sscc\" \/>\n<meta name=\"twitter:card\" content=\"summary_large_image\" \/>\n<meta name=\"twitter:creator\" content=\"@beatopeustaquio\" \/>\n<meta name=\"twitter:site\" content=\"@beatopeustaquio\" \/>\n<meta name=\"twitter:label1\" content=\"Escrito por\" \/>\n\t<meta name=\"twitter:data1\" content=\"@sscc\" \/>\n\t<meta name=\"twitter:label2\" content=\"Tiempo de lectura\" \/>\n\t<meta name=\"twitter:data2\" content=\"2 minutos\" \/>\n<script type=\"application\/ld+json\" class=\"yoast-schema-graph\">{\"@context\":\"https:\/\/schema.org\",\"@graph\":[{\"@type\":\"Article\",\"@id\":\"https:\/\/www.padreeustaquio.com.br\/por-que-padre-eustaquio-escolheu-este-nome-ao-se-tornar-religioso\/#article\",\"isPartOf\":{\"@id\":\"https:\/\/www.padreeustaquio.com.br\/por-que-padre-eustaquio-escolheu-este-nome-ao-se-tornar-religioso\/\"},\"author\":{\"name\":\"@sscc\",\"@id\":\"https:\/\/www.padreeustaquio.com.br\/#\/schema\/person\/a2a51db1d00f1a7af0204a0f1ddb1566\"},\"headline\":\"Por que Padre Eust\u00e1quio escolheu este nome ao se tornar religioso?\",\"datePublished\":\"2021-11-17T12:24:34+00:00\",\"dateModified\":\"2021-11-17T12:24:37+00:00\",\"mainEntityOfPage\":{\"@id\":\"https:\/\/www.padreeustaquio.com.br\/por-que-padre-eustaquio-escolheu-este-nome-ao-se-tornar-religioso\/\"},\"wordCount\":346,\"commentCount\":0,\"publisher\":{\"@id\":\"https:\/\/www.padreeustaquio.com.br\/#organization\"},\"image\":{\"@id\":\"https:\/\/www.padreeustaquio.com.br\/por-que-padre-eustaquio-escolheu-este-nome-ao-se-tornar-religioso\/#primaryimage\"},\"thumbnailUrl\":\"https:\/\/www.padreeustaquio.com.br\/wp-content\/uploads\/2021\/11\/santo-eustaquio-de-roma.jpg\",\"articleSection\":[\"Not\u00edcias\"],\"inLanguage\":\"es\",\"potentialAction\":[{\"@type\":\"CommentAction\",\"name\":\"Comment\",\"target\":[\"https:\/\/www.padreeustaquio.com.br\/por-que-padre-eustaquio-escolheu-este-nome-ao-se-tornar-religioso\/#respond\"]}]},{\"@type\":\"WebPage\",\"@id\":\"https:\/\/www.padreeustaquio.com.br\/por-que-padre-eustaquio-escolheu-este-nome-ao-se-tornar-religioso\/\",\"url\":\"https:\/\/www.padreeustaquio.com.br\/por-que-padre-eustaquio-escolheu-este-nome-ao-se-tornar-religioso\/\",\"name\":\"Por que Padre Eust\u00e1quio escolheu este nome ao se tornar religioso?\",\"isPartOf\":{\"@id\":\"https:\/\/www.padreeustaquio.com.br\/#website\"},\"primaryImageOfPage\":{\"@id\":\"https:\/\/www.padreeustaquio.com.br\/por-que-padre-eustaquio-escolheu-este-nome-ao-se-tornar-religioso\/#primaryimage\"},\"image\":{\"@id\":\"https:\/\/www.padreeustaquio.com.br\/por-que-padre-eustaquio-escolheu-este-nome-ao-se-tornar-religioso\/#primaryimage\"},\"thumbnailUrl\":\"https:\/\/www.padreeustaquio.com.br\/wp-content\/uploads\/2021\/11\/santo-eustaquio-de-roma.jpg\",\"datePublished\":\"2021-11-17T12:24:34+00:00\",\"dateModified\":\"2021-11-17T12:24:37+00:00\",\"description\":\"Ao nascer o Bem-aventurado Padre Eust\u00e1quio, foi batizado pelos pais com o nome de Hubertus van Lieshout. No entanto, ao entrar no Noviciado, o jovem optou por usar o nome de Eust\u00e1quio\",\"breadcrumb\":{\"@id\":\"https:\/\/www.padreeustaquio.com.br\/por-que-padre-eustaquio-escolheu-este-nome-ao-se-tornar-religioso\/#breadcrumb\"},\"inLanguage\":\"es\",\"potentialAction\":[{\"@type\":\"ReadAction\",\"target\":[\"https:\/\/www.padreeustaquio.com.br\/por-que-padre-eustaquio-escolheu-este-nome-ao-se-tornar-religioso\/\"]}]},{\"@type\":\"ImageObject\",\"inLanguage\":\"es\",\"@id\":\"https:\/\/www.padreeustaquio.com.br\/por-que-padre-eustaquio-escolheu-este-nome-ao-se-tornar-religioso\/#primaryimage\",\"url\":\"https:\/\/www.padreeustaquio.com.br\/wp-content\/uploads\/2021\/11\/santo-eustaquio-de-roma.jpg\",\"contentUrl\":\"https:\/\/www.padreeustaquio.com.br\/wp-content\/uploads\/2021\/11\/santo-eustaquio-de-roma.jpg\",\"width\":748,\"height\":394},{\"@type\":\"BreadcrumbList\",\"@id\":\"https:\/\/www.padreeustaquio.com.br\/por-que-padre-eustaquio-escolheu-este-nome-ao-se-tornar-religioso\/#breadcrumb\",\"itemListElement\":[{\"@type\":\"ListItem\",\"position\":1,\"name\":\"In\u00edcio\",\"item\":\"https:\/\/www.padreeustaquio.com.br\/\"},{\"@type\":\"ListItem\",\"position\":2,\"name\":\"Por que Padre Eust\u00e1quio escolheu este nome ao se tornar religioso?\"}]},{\"@type\":\"WebSite\",\"@id\":\"https:\/\/www.padreeustaquio.com.br\/#website\",\"url\":\"https:\/\/www.padreeustaquio.com.br\/\",\"name\":\"Padre Eust\u00e1quio\",\"description\":\"Sa\u00fade e Paz\",\"publisher\":{\"@id\":\"https:\/\/www.padreeustaquio.com.br\/#organization\"},\"potentialAction\":[{\"@type\":\"SearchAction\",\"target\":{\"@type\":\"EntryPoint\",\"urlTemplate\":\"https:\/\/www.padreeustaquio.com.br\/?s={search_term_string}\"},\"query-input\":{\"@type\":\"PropertyValueSpecification\",\"valueRequired\":true,\"valueName\":\"search_term_string\"}}],\"inLanguage\":\"es\"},{\"@type\":\"Organization\",\"@id\":\"https:\/\/www.padreeustaquio.com.br\/#organization\",\"name\":\"Padre Eust\u00e1quio\",\"url\":\"https:\/\/www.padreeustaquio.com.br\/\",\"logo\":{\"@type\":\"ImageObject\",\"inLanguage\":\"es\",\"@id\":\"https:\/\/www.padreeustaquio.com.br\/#\/schema\/logo\/image\/\",\"url\":\"https:\/\/www.padreeustaquio.com.br\/wp-content\/uploads\/2019\/08\/marca.png\",\"contentUrl\":\"https:\/\/www.padreeustaquio.com.br\/wp-content\/uploads\/2019\/08\/marca.png\",\"width\":350,\"height\":400,\"caption\":\"Padre Eust\u00e1quio\"},\"image\":{\"@id\":\"https:\/\/www.padreeustaquio.com.br\/#\/schema\/logo\/image\/\"},\"sameAs\":[\"https:\/\/www.facebook.com\/beatopadreeustaquio\/\",\"https:\/\/x.com\/beatopeustaquio\",\"https:\/\/www.instagram.com\/beatopadreeustaquio\/\",\"https:\/\/www.youtube.com\/channel\/UCRhw7vfabnajwLxb1ZXMeIw\"]},{\"@type\":\"Person\",\"@id\":\"https:\/\/www.padreeustaquio.com.br\/#\/schema\/person\/a2a51db1d00f1a7af0204a0f1ddb1566\",\"name\":\"@sscc\",\"image\":{\"@type\":\"ImageObject\",\"inLanguage\":\"es\",\"@id\":\"https:\/\/secure.gravatar.com\/avatar\/68cfafa5f44617fea54071e215026e0ff06be366c3d54a8425f04fdcb86f8c5f?s=96&d=mm&r=g\",\"url\":\"https:\/\/secure.gravatar.com\/avatar\/68cfafa5f44617fea54071e215026e0ff06be366c3d54a8425f04fdcb86f8c5f?s=96&d=mm&r=g\",\"contentUrl\":\"https:\/\/secure.gravatar.com\/avatar\/68cfafa5f44617fea54071e215026e0ff06be366c3d54a8425f04fdcb86f8c5f?s=96&d=mm&r=g\",\"caption\":\"@sscc\"},\"url\":\"https:\/\/www.padreeustaquio.com.br\/es\/author\/sscc\/\"}]}<\/script>\n<!-- \/ Yoast SEO plugin. -->","yoast_head_json":{"title":"\u00bfPor qu\u00e9 el Padre Eustaquio eligi\u00f3 este nombre al hacerse religioso?","description":"Al nacer, el Beato Padre Eustaquio fue bautizado por sus padres con el nombre de Hubertus van Lieshout. Sin embargo, al ingresar al Noviciado, el joven opt\u00f3 por usar el nombre de Eustaquio.","robots":{"index":"index","follow":"follow","max-snippet":"max-snippet:-1","max-image-preview":"max-image-preview:large","max-video-preview":"max-video-preview:-1"},"canonical":"https:\/\/www.padreeustaquio.com.br\/es\/por-que-el-padre-eustaquio-eligio-este-nombre-cuando-se-hizo-religioso\/","og_locale":"es_ES","og_type":"article","og_title":"Por que Padre Eust\u00e1quio escolheu este nome ao se tornar religioso?","og_description":"Ao nascer o Bem-aventurado Padre Eust\u00e1quio, foi batizado pelos pais com o nome de Hubertus van Lieshout. No entanto, ao entrar no Noviciado, o jovem optou por usar o nome de Eust\u00e1quio","og_url":"https:\/\/www.padreeustaquio.com.br\/es\/por-que-el-padre-eustaquio-eligio-este-nombre-cuando-se-hizo-religioso\/","og_site_name":"Padre Eust\u00e1quio","article_publisher":"https:\/\/www.facebook.com\/beatopadreeustaquio\/","article_published_time":"2021-11-17T12:24:34+00:00","article_modified_time":"2021-11-17T12:24:37+00:00","og_image":[{"width":748,"height":394,"url":"https:\/\/www.padreeustaquio.com.br\/wp-content\/uploads\/2021\/11\/santo-eustaquio-de-roma.jpg","type":"image\/jpeg"}],"author":"@sscc","twitter_card":"summary_large_image","twitter_creator":"@beatopeustaquio","twitter_site":"@beatopeustaquio","twitter_misc":{"Escrito por":"@sscc","Tiempo de lectura":"2 minutos"},"schema":{"@context":"https:\/\/schema.org","@graph":[{"@type":"Article","@id":"https:\/\/www.padreeustaquio.com.br\/por-que-padre-eustaquio-escolheu-este-nome-ao-se-tornar-religioso\/#article","isPartOf":{"@id":"https:\/\/www.padreeustaquio.com.br\/por-que-padre-eustaquio-escolheu-este-nome-ao-se-tornar-religioso\/"},"author":{"name":"@sscc","@id":"https:\/\/www.padreeustaquio.com.br\/#\/schema\/person\/a2a51db1d00f1a7af0204a0f1ddb1566"},"headline":"Por que Padre Eust\u00e1quio escolheu este nome ao se tornar religioso?","datePublished":"2021-11-17T12:24:34+00:00","dateModified":"2021-11-17T12:24:37+00:00","mainEntityOfPage":{"@id":"https:\/\/www.padreeustaquio.com.br\/por-que-padre-eustaquio-escolheu-este-nome-ao-se-tornar-religioso\/"},"wordCount":346,"commentCount":0,"publisher":{"@id":"https:\/\/www.padreeustaquio.com.br\/#organization"},"image":{"@id":"https:\/\/www.padreeustaquio.com.br\/por-que-padre-eustaquio-escolheu-este-nome-ao-se-tornar-religioso\/#primaryimage"},"thumbnailUrl":"https:\/\/www.padreeustaquio.com.br\/wp-content\/uploads\/2021\/11\/santo-eustaquio-de-roma.jpg","articleSection":["Not\u00edcias"],"inLanguage":"es","potentialAction":[{"@type":"CommentAction","name":"Comment","target":["https:\/\/www.padreeustaquio.com.br\/por-que-padre-eustaquio-escolheu-este-nome-ao-se-tornar-religioso\/#respond"]}]},{"@type":"WebPage","@id":"https:\/\/www.padreeustaquio.com.br\/por-que-padre-eustaquio-escolheu-este-nome-ao-se-tornar-religioso\/","url":"https:\/\/www.padreeustaquio.com.br\/por-que-padre-eustaquio-escolheu-este-nome-ao-se-tornar-religioso\/","name":"\u00bfPor qu\u00e9 el Padre Eustaquio eligi\u00f3 este nombre al hacerse religioso?","isPartOf":{"@id":"https:\/\/www.padreeustaquio.com.br\/#website"},"primaryImageOfPage":{"@id":"https:\/\/www.padreeustaquio.com.br\/por-que-padre-eustaquio-escolheu-este-nome-ao-se-tornar-religioso\/#primaryimage"},"image":{"@id":"https:\/\/www.padreeustaquio.com.br\/por-que-padre-eustaquio-escolheu-este-nome-ao-se-tornar-religioso\/#primaryimage"},"thumbnailUrl":"https:\/\/www.padreeustaquio.com.br\/wp-content\/uploads\/2021\/11\/santo-eustaquio-de-roma.jpg","datePublished":"2021-11-17T12:24:34+00:00","dateModified":"2021-11-17T12:24:37+00:00","description":"Al nacer, el Beato Padre Eustaquio fue bautizado por sus padres con el nombre de Hubertus van Lieshout. Sin embargo, al ingresar al Noviciado, el joven opt\u00f3 por usar el nombre de Eustaquio.","breadcrumb":{"@id":"https:\/\/www.padreeustaquio.com.br\/por-que-padre-eustaquio-escolheu-este-nome-ao-se-tornar-religioso\/#breadcrumb"},"inLanguage":"es","potentialAction":[{"@type":"ReadAction","target":["https:\/\/www.padreeustaquio.com.br\/por-que-padre-eustaquio-escolheu-este-nome-ao-se-tornar-religioso\/"]}]},{"@type":"ImageObject","inLanguage":"es","@id":"https:\/\/www.padreeustaquio.com.br\/por-que-padre-eustaquio-escolheu-este-nome-ao-se-tornar-religioso\/#primaryimage","url":"https:\/\/www.padreeustaquio.com.br\/wp-content\/uploads\/2021\/11\/santo-eustaquio-de-roma.jpg","contentUrl":"https:\/\/www.padreeustaquio.com.br\/wp-content\/uploads\/2021\/11\/santo-eustaquio-de-roma.jpg","width":748,"height":394},{"@type":"BreadcrumbList","@id":"https:\/\/www.padreeustaquio.com.br\/por-que-padre-eustaquio-escolheu-este-nome-ao-se-tornar-religioso\/#breadcrumb","itemListElement":[{"@type":"ListItem","position":1,"name":"In\u00edcio","item":"https:\/\/www.padreeustaquio.com.br\/"},{"@type":"ListItem","position":2,"name":"Por que Padre Eust\u00e1quio escolheu este nome ao se tornar religioso?"}]},{"@type":"WebSite","@id":"https:\/\/www.padreeustaquio.com.br\/#website","url":"https:\/\/www.padreeustaquio.com.br\/","name":"Padre Eustace","description":"Salud y Paz","publisher":{"@id":"https:\/\/www.padreeustaquio.com.br\/#organization"},"potentialAction":[{"@type":"SearchAction","target":{"@type":"EntryPoint","urlTemplate":"https:\/\/www.padreeustaquio.com.br\/?s={search_term_string}"},"query-input":{"@type":"PropertyValueSpecification","valueRequired":true,"valueName":"search_term_string"}}],"inLanguage":"es"},{"@type":"Organization","@id":"https:\/\/www.padreeustaquio.com.br\/#organization","name":"Padre Eustace","url":"https:\/\/www.padreeustaquio.com.br\/","logo":{"@type":"ImageObject","inLanguage":"es","@id":"https:\/\/www.padreeustaquio.com.br\/#\/schema\/logo\/image\/","url":"https:\/\/www.padreeustaquio.com.br\/wp-content\/uploads\/2019\/08\/marca.png","contentUrl":"https:\/\/www.padreeustaquio.com.br\/wp-content\/uploads\/2019\/08\/marca.png","width":350,"height":400,"caption":"Padre Eust\u00e1quio"},"image":{"@id":"https:\/\/www.padreeustaquio.com.br\/#\/schema\/logo\/image\/"},"sameAs":["https:\/\/www.facebook.com\/beatopadreeustaquio\/","https:\/\/x.com\/beatopeustaquio","https:\/\/www.instagram.com\/beatopadreeustaquio\/","https:\/\/www.youtube.com\/channel\/UCRhw7vfabnajwLxb1ZXMeIw"]},{"@type":"Person","@id":"https:\/\/www.padreeustaquio.com.br\/#\/schema\/person\/a2a51db1d00f1a7af0204a0f1ddb1566","name":"@sscc","image":{"@type":"ImageObject","inLanguage":"es","@id":"https:\/\/secure.gravatar.com\/avatar\/68cfafa5f44617fea54071e215026e0ff06be366c3d54a8425f04fdcb86f8c5f?s=96&d=mm&r=g","url":"https:\/\/secure.gravatar.com\/avatar\/68cfafa5f44617fea54071e215026e0ff06be366c3d54a8425f04fdcb86f8c5f?s=96&d=mm&r=g","contentUrl":"https:\/\/secure.gravatar.com\/avatar\/68cfafa5f44617fea54071e215026e0ff06be366c3d54a8425f04fdcb86f8c5f?s=96&d=mm&r=g","caption":"@sscc"},"url":"https:\/\/www.padreeustaquio.com.br\/es\/author\/sscc\/"}]}},"_links":{"self":[{"href":"https:\/\/www.padreeustaquio.com.br\/es\/wp-json\/wp\/v2\/posts\/7552","targetHints":{"allow":["GET"]}}],"collection":[{"href":"https:\/\/www.padreeustaquio.com.br\/es\/wp-json\/wp\/v2\/posts"}],"about":[{"href":"https:\/\/www.padreeustaquio.com.br\/es\/wp-json\/wp\/v2\/types\/post"}],"author":[{"embeddable":true,"href":"https:\/\/www.padreeustaquio.com.br\/es\/wp-json\/wp\/v2\/users\/2"}],"replies":[{"embeddable":true,"href":"https:\/\/www.padreeustaquio.com.br\/es\/wp-json\/wp\/v2\/comments?post=7552"}],"version-history":[{"count":0,"href":"https:\/\/www.padreeustaquio.com.br\/es\/wp-json\/wp\/v2\/posts\/7552\/revisions"}],"wp:featuredmedia":[{"embeddable":true,"href":"https:\/\/www.padreeustaquio.com.br\/es\/wp-json\/wp\/v2\/media\/7553"}],"wp:attachment":[{"href":"https:\/\/www.padreeustaquio.com.br\/es\/wp-json\/wp\/v2\/media?parent=7552"}],"wp:term":[{"taxonomy":"category","embeddable":true,"href":"https:\/\/www.padreeustaquio.com.br\/es\/wp-json\/wp\/v2\/categories?post=7552"},{"taxonomy":"post_tag","embeddable":true,"href":"https:\/\/www.padreeustaquio.com.br\/es\/wp-json\/wp\/v2\/tags?post=7552"}],"curies":[{"name":"wp","href":"https:\/\/api.w.org\/{rel}","templated":true}]}}