{"id":7527,"date":"2021-11-12T06:04:00","date_gmt":"2021-11-12T09:04:00","guid":{"rendered":"https:\/\/www.padreeustaquio.com.br\/?p=7527"},"modified":"2021-11-10T22:08:51","modified_gmt":"2021-11-11T01:08:51","slug":"devocion-al-padre-eustaquio-canciones-y-mensajes-sobre-el-misionero","status":"publish","type":"post","link":"https:\/\/www.padreeustaquio.com.br\/es\/devocion-al-padre-eustaquio-canciones-y-mensajes-sobre-el-misionero\/","title":{"rendered":"Las canciones y mensajes sobre el Padre Eust\u00e1quio est\u00e1n ganando terreno en las redes sociales."},"content":{"rendered":"<p>A partir del lunes 15 de noviembre estar\u00e1n disponibles en nuestro sitio web los sermones y mensajes pronunciados durante el evento especial \u201cM\u00fasica y Oraci\u00f3n: Nace un Misionero\u201d. <a href=\"https:\/\/www.youtube.com\/c\/CanalPadreEust%C3%A1quio\">YouTube<\/a> por separado.<\/p>\n\n\n\n<p>Todos los lunes, durante la presentaci\u00f3n, emitiremos los mensajes del Vicepostulador de la Causa de Canonizaci\u00f3n, Padre Vin\u00edcius Maciel, ss.cc., y del Padre Edmar Oliveira, ss.cc. En el estreno, podr\u00e1n ver un resumen del Padre Vin\u00edcius sobre la vida y la obra misionera del Beato. Los mensajes se emitir\u00e1n \u00edntegramente el [fecha\/hora]. <a href=\"https:\/\/www.youtube.com\/c\/CanalPadreEust%C3%A1quio\">YouTube<\/a> y un resumen en nuestras redes sociales.<\/p>\n\n\n\n<p>A partir del 19 de noviembre, los viernes, podr\u00e1s seguirnos en nuestro Canal en... <a href=\"https:\/\/www.youtube.com\/c\/CanalPadreEust%C3%A1quio\">YouTube<\/a> Las actuaciones musicales del Ministerio de M\u00fasica &quot;Amai-vos&quot; se proyectar\u00e1n por separado. El estreno contar\u00e1 con la canci\u00f3n &quot;S\u00faplica ao Padre Eust\u00e1quio&quot;, compuesta por el padre L\u00facio Dumont Prado, ss.cc.<\/p>\n\n\n\n<p>Las transmisiones se realizar\u00e1n en nuestro <a href=\"https:\/\/www.youtube.com\/c\/CanalPadreEust%C3%A1quio\">YouTube<\/a> Canal Padre Eust\u00e1quio, siempre a las 20.30 horas.<\/p>\n\n\n\n<p><\/p>","protected":false},"excerpt":{"rendered":"<p>A partir de segunda-feira, 15 de novembro, as prega\u00e7\u00f5es e mensagens realizadas durante o especial \u201cM\u00fasica e ora\u00e7\u00e3o: nasce um mission\u00e1rio\u201d ser\u00e3o disponibilizadas em nosso YouTube separadamente. Todas as segundas, exibiremos as mensagens realizadas pelo vice-postulador da Causa de Canoniza\u00e7\u00e3o, Padre Vin\u00edcius Maciel, ss.cc., e pelo Padre Edmar Oliveira, ss.cc., durante a apresenta\u00e7\u00e3o. Na estreia voc\u00ea acompanha um resumo feito por Padre Vin\u00edcius, sobre a vida e o trabalho mission\u00e1rio do Bem-aventurado. As mensagens ser\u00e3o exibidas na \u00edntegra no YouTube e um compacto em nossas redes socias. J\u00e1 nas sextas, a partir do dia 19 de novembro, voc\u00ea acompanha em [&hellip;]<\/p>\n","protected":false},"author":2,"featured_media":7528,"comment_status":"open","ping_status":"closed","sticky":false,"template":"","format":"standard","meta":{"_acf_changed":false,"footnotes":""},"categories":[611],"tags":[],"class_list":["post-7527","post","type-post","status-publish","format-standard","has-post-thumbnail","hentry","category-noticias"],"acf":[],"yoast_head":"<!-- This site is optimized with the Yoast SEO plugin v27.2 - https:\/\/yoast.com\/product\/yoast-seo-wordpress\/ -->\n<title>M\u00fasicas e mensagens sobre Padre Eust\u00e1quio ganham as redes sociais<\/title>\n<meta name=\"description\" content=\"A partir de segunda-feira, 15 de novembro, as prega\u00e7\u00f5es e mensagens realizadas durante o especial \u201cM\u00fasica e ora\u00e7\u00e3o: nasce um mission\u00e1rio\u201d ser\u00e3o disponibilizadas em nosso YouTube separadamente.\" \/>\n<meta name=\"robots\" content=\"index, follow, max-snippet:-1, max-image-preview:large, max-video-preview:-1\" \/>\n<link rel=\"canonical\" href=\"https:\/\/www.padreeustaquio.com.br\/es\/devocion-al-padre-eustaquio-canciones-y-mensajes-sobre-el-misionero\/\" \/>\n<meta property=\"og:locale\" content=\"es_ES\" \/>\n<meta property=\"og:type\" content=\"article\" \/>\n<meta property=\"og:title\" content=\"M\u00fasicas e mensagens sobre Padre Eust\u00e1quio ganham as redes sociais\" \/>\n<meta property=\"og:description\" content=\"A partir de segunda-feira, 15 de novembro, as prega\u00e7\u00f5es e mensagens realizadas durante o especial \u201cM\u00fasica e ora\u00e7\u00e3o: nasce um mission\u00e1rio\u201d ser\u00e3o disponibilizadas em nosso YouTube separadamente.\" \/>\n<meta property=\"og:url\" content=\"https:\/\/www.padreeustaquio.com.br\/es\/devocion-al-padre-eustaquio-canciones-y-mensajes-sobre-el-misionero\/\" \/>\n<meta property=\"og:site_name\" content=\"Padre Eust\u00e1quio\" \/>\n<meta property=\"article:publisher\" content=\"https:\/\/www.facebook.com\/beatopadreeustaquio\/\" \/>\n<meta property=\"article:published_time\" content=\"2021-11-12T09:04:00+00:00\" \/>\n<meta property=\"og:image\" content=\"https:\/\/www.padreeustaquio.com.br\/wp-content\/uploads\/2021\/11\/especial-musica-e-oracao-nasce-um-missionario-padre-eustaquio-belo-horizonte.jpeg\" \/>\n\t<meta property=\"og:image:width\" content=\"1600\" \/>\n\t<meta property=\"og:image:height\" content=\"1200\" \/>\n\t<meta property=\"og:image:type\" content=\"image\/jpeg\" \/>\n<meta name=\"author\" content=\"@sscc\" \/>\n<meta name=\"twitter:card\" content=\"summary_large_image\" \/>\n<meta name=\"twitter:creator\" content=\"@beatopeustaquio\" \/>\n<meta name=\"twitter:site\" content=\"@beatopeustaquio\" \/>\n<meta name=\"twitter:label1\" content=\"Escrito por\" \/>\n\t<meta name=\"twitter:data1\" content=\"@sscc\" \/>\n\t<meta name=\"twitter:label2\" content=\"Tiempo de lectura\" \/>\n\t<meta name=\"twitter:data2\" content=\"1 minuto\" \/>\n<script type=\"application\/ld+json\" class=\"yoast-schema-graph\">{\"@context\":\"https:\/\/schema.org\",\"@graph\":[{\"@type\":\"Article\",\"@id\":\"https:\/\/www.padreeustaquio.com.br\/devocao-a-padre-eustaquio-musicas-e-mensagens-sobre-o-missionario\/#article\",\"isPartOf\":{\"@id\":\"https:\/\/www.padreeustaquio.com.br\/devocao-a-padre-eustaquio-musicas-e-mensagens-sobre-o-missionario\/\"},\"author\":{\"name\":\"@sscc\",\"@id\":\"https:\/\/www.padreeustaquio.com.br\/#\/schema\/person\/a2a51db1d00f1a7af0204a0f1ddb1566\"},\"headline\":\"M\u00fasicas e mensagens sobre Padre Eust\u00e1quio ganham as redes sociais\",\"datePublished\":\"2021-11-12T09:04:00+00:00\",\"mainEntityOfPage\":{\"@id\":\"https:\/\/www.padreeustaquio.com.br\/devocao-a-padre-eustaquio-musicas-e-mensagens-sobre-o-missionario\/\"},\"wordCount\":178,\"commentCount\":0,\"publisher\":{\"@id\":\"https:\/\/www.padreeustaquio.com.br\/#organization\"},\"image\":{\"@id\":\"https:\/\/www.padreeustaquio.com.br\/devocao-a-padre-eustaquio-musicas-e-mensagens-sobre-o-missionario\/#primaryimage\"},\"thumbnailUrl\":\"https:\/\/www.padreeustaquio.com.br\/wp-content\/uploads\/2021\/11\/especial-musica-e-oracao-nasce-um-missionario-padre-eustaquio-belo-horizonte.jpeg\",\"articleSection\":[\"Not\u00edcias\"],\"inLanguage\":\"es\",\"potentialAction\":[{\"@type\":\"CommentAction\",\"name\":\"Comment\",\"target\":[\"https:\/\/www.padreeustaquio.com.br\/devocao-a-padre-eustaquio-musicas-e-mensagens-sobre-o-missionario\/#respond\"]}]},{\"@type\":\"WebPage\",\"@id\":\"https:\/\/www.padreeustaquio.com.br\/devocao-a-padre-eustaquio-musicas-e-mensagens-sobre-o-missionario\/\",\"url\":\"https:\/\/www.padreeustaquio.com.br\/devocao-a-padre-eustaquio-musicas-e-mensagens-sobre-o-missionario\/\",\"name\":\"M\u00fasicas e mensagens sobre Padre Eust\u00e1quio ganham as redes sociais\",\"isPartOf\":{\"@id\":\"https:\/\/www.padreeustaquio.com.br\/#website\"},\"primaryImageOfPage\":{\"@id\":\"https:\/\/www.padreeustaquio.com.br\/devocao-a-padre-eustaquio-musicas-e-mensagens-sobre-o-missionario\/#primaryimage\"},\"image\":{\"@id\":\"https:\/\/www.padreeustaquio.com.br\/devocao-a-padre-eustaquio-musicas-e-mensagens-sobre-o-missionario\/#primaryimage\"},\"thumbnailUrl\":\"https:\/\/www.padreeustaquio.com.br\/wp-content\/uploads\/2021\/11\/especial-musica-e-oracao-nasce-um-missionario-padre-eustaquio-belo-horizonte.jpeg\",\"datePublished\":\"2021-11-12T09:04:00+00:00\",\"description\":\"A partir de segunda-feira, 15 de novembro, as prega\u00e7\u00f5es e mensagens realizadas durante o especial \u201cM\u00fasica e ora\u00e7\u00e3o: nasce um mission\u00e1rio\u201d ser\u00e3o disponibilizadas em nosso YouTube separadamente.\",\"breadcrumb\":{\"@id\":\"https:\/\/www.padreeustaquio.com.br\/devocao-a-padre-eustaquio-musicas-e-mensagens-sobre-o-missionario\/#breadcrumb\"},\"inLanguage\":\"es\",\"potentialAction\":[{\"@type\":\"ReadAction\",\"target\":[\"https:\/\/www.padreeustaquio.com.br\/devocao-a-padre-eustaquio-musicas-e-mensagens-sobre-o-missionario\/\"]}]},{\"@type\":\"ImageObject\",\"inLanguage\":\"es\",\"@id\":\"https:\/\/www.padreeustaquio.com.br\/devocao-a-padre-eustaquio-musicas-e-mensagens-sobre-o-missionario\/#primaryimage\",\"url\":\"https:\/\/www.padreeustaquio.com.br\/wp-content\/uploads\/2021\/11\/especial-musica-e-oracao-nasce-um-missionario-padre-eustaquio-belo-horizonte.jpeg\",\"contentUrl\":\"https:\/\/www.padreeustaquio.com.br\/wp-content\/uploads\/2021\/11\/especial-musica-e-oracao-nasce-um-missionario-padre-eustaquio-belo-horizonte.jpeg\",\"width\":1600,\"height\":1200},{\"@type\":\"BreadcrumbList\",\"@id\":\"https:\/\/www.padreeustaquio.com.br\/devocao-a-padre-eustaquio-musicas-e-mensagens-sobre-o-missionario\/#breadcrumb\",\"itemListElement\":[{\"@type\":\"ListItem\",\"position\":1,\"name\":\"In\u00edcio\",\"item\":\"https:\/\/www.padreeustaquio.com.br\/\"},{\"@type\":\"ListItem\",\"position\":2,\"name\":\"M\u00fasicas e mensagens sobre Padre Eust\u00e1quio ganham as redes sociais\"}]},{\"@type\":\"WebSite\",\"@id\":\"https:\/\/www.padreeustaquio.com.br\/#website\",\"url\":\"https:\/\/www.padreeustaquio.com.br\/\",\"name\":\"Padre Eust\u00e1quio\",\"description\":\"Sa\u00fade e Paz\",\"publisher\":{\"@id\":\"https:\/\/www.padreeustaquio.com.br\/#organization\"},\"potentialAction\":[{\"@type\":\"SearchAction\",\"target\":{\"@type\":\"EntryPoint\",\"urlTemplate\":\"https:\/\/www.padreeustaquio.com.br\/?s={search_term_string}\"},\"query-input\":{\"@type\":\"PropertyValueSpecification\",\"valueRequired\":true,\"valueName\":\"search_term_string\"}}],\"inLanguage\":\"es\"},{\"@type\":\"Organization\",\"@id\":\"https:\/\/www.padreeustaquio.com.br\/#organization\",\"name\":\"Padre Eust\u00e1quio\",\"url\":\"https:\/\/www.padreeustaquio.com.br\/\",\"logo\":{\"@type\":\"ImageObject\",\"inLanguage\":\"es\",\"@id\":\"https:\/\/www.padreeustaquio.com.br\/#\/schema\/logo\/image\/\",\"url\":\"https:\/\/www.padreeustaquio.com.br\/wp-content\/uploads\/2019\/08\/marca.png\",\"contentUrl\":\"https:\/\/www.padreeustaquio.com.br\/wp-content\/uploads\/2019\/08\/marca.png\",\"width\":350,\"height\":400,\"caption\":\"Padre Eust\u00e1quio\"},\"image\":{\"@id\":\"https:\/\/www.padreeustaquio.com.br\/#\/schema\/logo\/image\/\"},\"sameAs\":[\"https:\/\/www.facebook.com\/beatopadreeustaquio\/\",\"https:\/\/x.com\/beatopeustaquio\",\"https:\/\/www.instagram.com\/beatopadreeustaquio\/\",\"https:\/\/www.youtube.com\/channel\/UCRhw7vfabnajwLxb1ZXMeIw\"]},{\"@type\":\"Person\",\"@id\":\"https:\/\/www.padreeustaquio.com.br\/#\/schema\/person\/a2a51db1d00f1a7af0204a0f1ddb1566\",\"name\":\"@sscc\",\"image\":{\"@type\":\"ImageObject\",\"inLanguage\":\"es\",\"@id\":\"https:\/\/secure.gravatar.com\/avatar\/68cfafa5f44617fea54071e215026e0ff06be366c3d54a8425f04fdcb86f8c5f?s=96&d=mm&r=g\",\"url\":\"https:\/\/secure.gravatar.com\/avatar\/68cfafa5f44617fea54071e215026e0ff06be366c3d54a8425f04fdcb86f8c5f?s=96&d=mm&r=g\",\"contentUrl\":\"https:\/\/secure.gravatar.com\/avatar\/68cfafa5f44617fea54071e215026e0ff06be366c3d54a8425f04fdcb86f8c5f?s=96&d=mm&r=g\",\"caption\":\"@sscc\"},\"url\":\"https:\/\/www.padreeustaquio.com.br\/es\/author\/sscc\/\"}]}<\/script>\n<!-- \/ Yoast SEO plugin. -->","yoast_head_json":{"title":"Las canciones y mensajes sobre el Padre Eust\u00e1quio est\u00e1n ganando terreno en las redes sociales.","description":"A partir del lunes 15 de noviembre, los sermones y mensajes pronunciados durante el evento especial \u201cM\u00fasica y Oraci\u00f3n: Nace un Misionero\u201d estar\u00e1n disponibles por separado en nuestro canal de YouTube.","robots":{"index":"index","follow":"follow","max-snippet":"max-snippet:-1","max-image-preview":"max-image-preview:large","max-video-preview":"max-video-preview:-1"},"canonical":"https:\/\/www.padreeustaquio.com.br\/es\/devocion-al-padre-eustaquio-canciones-y-mensajes-sobre-el-misionero\/","og_locale":"es_ES","og_type":"article","og_title":"M\u00fasicas e mensagens sobre Padre Eust\u00e1quio ganham as redes sociais","og_description":"A partir de segunda-feira, 15 de novembro, as prega\u00e7\u00f5es e mensagens realizadas durante o especial \u201cM\u00fasica e ora\u00e7\u00e3o: nasce um mission\u00e1rio\u201d ser\u00e3o disponibilizadas em nosso YouTube separadamente.","og_url":"https:\/\/www.padreeustaquio.com.br\/es\/devocion-al-padre-eustaquio-canciones-y-mensajes-sobre-el-misionero\/","og_site_name":"Padre Eust\u00e1quio","article_publisher":"https:\/\/www.facebook.com\/beatopadreeustaquio\/","article_published_time":"2021-11-12T09:04:00+00:00","og_image":[{"width":1600,"height":1200,"url":"https:\/\/www.padreeustaquio.com.br\/wp-content\/uploads\/2021\/11\/especial-musica-e-oracao-nasce-um-missionario-padre-eustaquio-belo-horizonte.jpeg","type":"image\/jpeg"}],"author":"@sscc","twitter_card":"summary_large_image","twitter_creator":"@beatopeustaquio","twitter_site":"@beatopeustaquio","twitter_misc":{"Escrito por":"@sscc","Tiempo de lectura":"1 minuto"},"schema":{"@context":"https:\/\/schema.org","@graph":[{"@type":"Article","@id":"https:\/\/www.padreeustaquio.com.br\/devocao-a-padre-eustaquio-musicas-e-mensagens-sobre-o-missionario\/#article","isPartOf":{"@id":"https:\/\/www.padreeustaquio.com.br\/devocao-a-padre-eustaquio-musicas-e-mensagens-sobre-o-missionario\/"},"author":{"name":"@sscc","@id":"https:\/\/www.padreeustaquio.com.br\/#\/schema\/person\/a2a51db1d00f1a7af0204a0f1ddb1566"},"headline":"M\u00fasicas e mensagens sobre Padre Eust\u00e1quio ganham as redes sociais","datePublished":"2021-11-12T09:04:00+00:00","mainEntityOfPage":{"@id":"https:\/\/www.padreeustaquio.com.br\/devocao-a-padre-eustaquio-musicas-e-mensagens-sobre-o-missionario\/"},"wordCount":178,"commentCount":0,"publisher":{"@id":"https:\/\/www.padreeustaquio.com.br\/#organization"},"image":{"@id":"https:\/\/www.padreeustaquio.com.br\/devocao-a-padre-eustaquio-musicas-e-mensagens-sobre-o-missionario\/#primaryimage"},"thumbnailUrl":"https:\/\/www.padreeustaquio.com.br\/wp-content\/uploads\/2021\/11\/especial-musica-e-oracao-nasce-um-missionario-padre-eustaquio-belo-horizonte.jpeg","articleSection":["Not\u00edcias"],"inLanguage":"es","potentialAction":[{"@type":"CommentAction","name":"Comment","target":["https:\/\/www.padreeustaquio.com.br\/devocao-a-padre-eustaquio-musicas-e-mensagens-sobre-o-missionario\/#respond"]}]},{"@type":"WebPage","@id":"https:\/\/www.padreeustaquio.com.br\/devocao-a-padre-eustaquio-musicas-e-mensagens-sobre-o-missionario\/","url":"https:\/\/www.padreeustaquio.com.br\/devocao-a-padre-eustaquio-musicas-e-mensagens-sobre-o-missionario\/","name":"Las canciones y mensajes sobre el Padre Eust\u00e1quio est\u00e1n ganando terreno en las redes sociales.","isPartOf":{"@id":"https:\/\/www.padreeustaquio.com.br\/#website"},"primaryImageOfPage":{"@id":"https:\/\/www.padreeustaquio.com.br\/devocao-a-padre-eustaquio-musicas-e-mensagens-sobre-o-missionario\/#primaryimage"},"image":{"@id":"https:\/\/www.padreeustaquio.com.br\/devocao-a-padre-eustaquio-musicas-e-mensagens-sobre-o-missionario\/#primaryimage"},"thumbnailUrl":"https:\/\/www.padreeustaquio.com.br\/wp-content\/uploads\/2021\/11\/especial-musica-e-oracao-nasce-um-missionario-padre-eustaquio-belo-horizonte.jpeg","datePublished":"2021-11-12T09:04:00+00:00","description":"A partir del lunes 15 de noviembre, los sermones y mensajes pronunciados durante el evento especial \u201cM\u00fasica y Oraci\u00f3n: Nace un Misionero\u201d estar\u00e1n disponibles por separado en nuestro canal de YouTube.","breadcrumb":{"@id":"https:\/\/www.padreeustaquio.com.br\/devocao-a-padre-eustaquio-musicas-e-mensagens-sobre-o-missionario\/#breadcrumb"},"inLanguage":"es","potentialAction":[{"@type":"ReadAction","target":["https:\/\/www.padreeustaquio.com.br\/devocao-a-padre-eustaquio-musicas-e-mensagens-sobre-o-missionario\/"]}]},{"@type":"ImageObject","inLanguage":"es","@id":"https:\/\/www.padreeustaquio.com.br\/devocao-a-padre-eustaquio-musicas-e-mensagens-sobre-o-missionario\/#primaryimage","url":"https:\/\/www.padreeustaquio.com.br\/wp-content\/uploads\/2021\/11\/especial-musica-e-oracao-nasce-um-missionario-padre-eustaquio-belo-horizonte.jpeg","contentUrl":"https:\/\/www.padreeustaquio.com.br\/wp-content\/uploads\/2021\/11\/especial-musica-e-oracao-nasce-um-missionario-padre-eustaquio-belo-horizonte.jpeg","width":1600,"height":1200},{"@type":"BreadcrumbList","@id":"https:\/\/www.padreeustaquio.com.br\/devocao-a-padre-eustaquio-musicas-e-mensagens-sobre-o-missionario\/#breadcrumb","itemListElement":[{"@type":"ListItem","position":1,"name":"In\u00edcio","item":"https:\/\/www.padreeustaquio.com.br\/"},{"@type":"ListItem","position":2,"name":"M\u00fasicas e mensagens sobre Padre Eust\u00e1quio ganham as redes sociais"}]},{"@type":"WebSite","@id":"https:\/\/www.padreeustaquio.com.br\/#website","url":"https:\/\/www.padreeustaquio.com.br\/","name":"Padre Eustace","description":"Salud y Paz","publisher":{"@id":"https:\/\/www.padreeustaquio.com.br\/#organization"},"potentialAction":[{"@type":"SearchAction","target":{"@type":"EntryPoint","urlTemplate":"https:\/\/www.padreeustaquio.com.br\/?s={search_term_string}"},"query-input":{"@type":"PropertyValueSpecification","valueRequired":true,"valueName":"search_term_string"}}],"inLanguage":"es"},{"@type":"Organization","@id":"https:\/\/www.padreeustaquio.com.br\/#organization","name":"Padre Eustace","url":"https:\/\/www.padreeustaquio.com.br\/","logo":{"@type":"ImageObject","inLanguage":"es","@id":"https:\/\/www.padreeustaquio.com.br\/#\/schema\/logo\/image\/","url":"https:\/\/www.padreeustaquio.com.br\/wp-content\/uploads\/2019\/08\/marca.png","contentUrl":"https:\/\/www.padreeustaquio.com.br\/wp-content\/uploads\/2019\/08\/marca.png","width":350,"height":400,"caption":"Padre Eust\u00e1quio"},"image":{"@id":"https:\/\/www.padreeustaquio.com.br\/#\/schema\/logo\/image\/"},"sameAs":["https:\/\/www.facebook.com\/beatopadreeustaquio\/","https:\/\/x.com\/beatopeustaquio","https:\/\/www.instagram.com\/beatopadreeustaquio\/","https:\/\/www.youtube.com\/channel\/UCRhw7vfabnajwLxb1ZXMeIw"]},{"@type":"Person","@id":"https:\/\/www.padreeustaquio.com.br\/#\/schema\/person\/a2a51db1d00f1a7af0204a0f1ddb1566","name":"@sscc","image":{"@type":"ImageObject","inLanguage":"es","@id":"https:\/\/secure.gravatar.com\/avatar\/68cfafa5f44617fea54071e215026e0ff06be366c3d54a8425f04fdcb86f8c5f?s=96&d=mm&r=g","url":"https:\/\/secure.gravatar.com\/avatar\/68cfafa5f44617fea54071e215026e0ff06be366c3d54a8425f04fdcb86f8c5f?s=96&d=mm&r=g","contentUrl":"https:\/\/secure.gravatar.com\/avatar\/68cfafa5f44617fea54071e215026e0ff06be366c3d54a8425f04fdcb86f8c5f?s=96&d=mm&r=g","caption":"@sscc"},"url":"https:\/\/www.padreeustaquio.com.br\/es\/author\/sscc\/"}]}},"_links":{"self":[{"href":"https:\/\/www.padreeustaquio.com.br\/es\/wp-json\/wp\/v2\/posts\/7527","targetHints":{"allow":["GET"]}}],"collection":[{"href":"https:\/\/www.padreeustaquio.com.br\/es\/wp-json\/wp\/v2\/posts"}],"about":[{"href":"https:\/\/www.padreeustaquio.com.br\/es\/wp-json\/wp\/v2\/types\/post"}],"author":[{"embeddable":true,"href":"https:\/\/www.padreeustaquio.com.br\/es\/wp-json\/wp\/v2\/users\/2"}],"replies":[{"embeddable":true,"href":"https:\/\/www.padreeustaquio.com.br\/es\/wp-json\/wp\/v2\/comments?post=7527"}],"version-history":[{"count":0,"href":"https:\/\/www.padreeustaquio.com.br\/es\/wp-json\/wp\/v2\/posts\/7527\/revisions"}],"wp:featuredmedia":[{"embeddable":true,"href":"https:\/\/www.padreeustaquio.com.br\/es\/wp-json\/wp\/v2\/media\/7528"}],"wp:attachment":[{"href":"https:\/\/www.padreeustaquio.com.br\/es\/wp-json\/wp\/v2\/media?parent=7527"}],"wp:term":[{"taxonomy":"category","embeddable":true,"href":"https:\/\/www.padreeustaquio.com.br\/es\/wp-json\/wp\/v2\/categories?post=7527"},{"taxonomy":"post_tag","embeddable":true,"href":"https:\/\/www.padreeustaquio.com.br\/es\/wp-json\/wp\/v2\/tags?post=7527"}],"curies":[{"name":"wp","href":"https:\/\/api.w.org\/{rel}","templated":true}]}}