{"id":7521,"date":"2021-11-11T06:13:00","date_gmt":"2021-11-11T09:13:00","guid":{"rendered":"https:\/\/www.padreeustaquio.com.br\/?p=7521"},"modified":"2021-11-10T19:03:27","modified_gmt":"2021-11-10T22:03:27","slug":"la-palabra-del-padre-eustace-descansar-y-dormir","status":"publish","type":"post","link":"https:\/\/www.padreeustaquio.com.br\/es\/la-palabra-del-padre-eustace-descansar-y-dormir\/","title":{"rendered":"Palabras del Padre Eust\u00e1quio: Descansa y duerme."},"content":{"rendered":"<p>En la vida, experimentamos muchas luchas, tanto f\u00edsicas como espirituales. Pasamos por momentos dif\u00edciles, nuestra fe se pone a prueba y nuestras fuerzas se agotan. Buscamos consuelo en nuestras responsabilidades, nos acercamos a nuestros hermanos y hermanas necesitados y continuamos nuestro camino como hijos de Dios.<\/p>\n\n\n\n<p>Pero ante tanta lucha, el Padre Eust\u00e1quio nos trae una palabra de consuelo: \u201cDescansa y duerme\u201d. Lean el texto del Beato sobre el tema. Este escrito se public\u00f3 en el Bolet\u00edn Parroquial de los Sagrados Corazones en los a\u00f1os 1946\/1947.<\/p>\n\n\n\n<p><em>Sigamos a uno de los doce ap\u00f3stoles, quien sali\u00f3 de la sala de la \u00daltima Cena con un plan siniestro en su coraz\u00f3n. Sabe que Jes\u00fas ir\u00e1, esa misma noche, con sus disc\u00edpulos al Huerto de los Olivos a orar. Como pose\u00eddo, corre por las calles de Jerusal\u00e9n, con el pelo y la barba despeinados, gestos bruscos y nerviosos. Llega al Sanedr\u00edn, donde se re\u00fanen los consejeros del gran consejo de los jud\u00edos. Se presenta y dice: &quot;\u00bfQuer\u00e9is a este Nazareno? \u00bfQuer\u00e9is arrestarlo antes de la Pascua, sin llamar mucho la atenci\u00f3n? Dadme 30 monedas de plata y os lo entregar\u00e9 esta noche&quot;. Entre aclamaciones, su oferta es aceptada, le entregan el dinero y se lo guarda en el bolsillo.<\/em>.<\/p>\n\n\n\n<p><em>Mientras tanto, Jes\u00fas est\u00e1 en el huerto, sufriendo una cruel agon\u00eda. Bebi\u00f3 la copa de amargura hasta la \u00faltima gota, pero, consolado por el \u00e1ngel, se levanta y se acerca a los ap\u00f3stoles, a quienes encuentra despiertos esta vez. Ve su cansancio y, sol\u00edcito, les dice: \u201cDuerman. Mi Padre celestial me ha enviado a su \u00e1ngel de consuelo. \u00a1Duerman! He bebido la copa de los dolores. \u00a1Duerman!\u00bb.<\/em>!<\/p>\n\n\n\n<p><em>\u00a1Oh, padres! \u00a1Ay!, si hab\u00e9is hecho todo lo posible por educar a vuestros hijos en la religi\u00f3n y la pr\u00e1ctica de la virtud, tambi\u00e9n a vosotros, en el umbral de la eternidad, resuenan estas palabras: ahora, descansad y dormid.<\/em>.<\/p>\n\n\n\n<p><em>Oh, ustedes, luchadores de la Iglesia de Dios, que han sacrificado tiempo y dinero, fuerza y coraje, esp\u00edritu y vida por la esposa de Cristo. \u00c9l les dice despu\u00e9s de esta lucha: descansa y duerme. El sacerdote de Cristo, que, como Mois\u00e9s, conduce al pueblo a la muerte, orando y sacrific\u00e1ndose por este valle de l\u00e1grimas, tambi\u00e9n para ustedes es esta palabra: descansa y duerme.<\/em><\/p>\n\n\n\n<p><em>El religioso que, como una vela encendida, se consume ante Dios, tambi\u00e9n te env\u00eda esta palabra: descansa y duerme.<\/em><\/p>\n\n\n\n<p><em>Oh misionero, que lo has dejado todo para conducir las almas a Dios, sobre todo sonar\u00e1 la dulce voz del Se\u00f1or: descanso y sue\u00f1o.<\/em><\/p>\n\n\n\n<p><em>Todo hombre que durante su vida luch\u00f3 contra el diablo, el mundo y la carne, cuando cierre los ojos para siempre, oir\u00e1 la Palabra del Se\u00f1or: descanso y sue\u00f1o.<\/em>.<\/p>\n\n\n\n<p><em>Despu\u00e9s de dar descanso a los ap\u00f3stoles, Jes\u00fas los despierta y les dice: \u201cVengan, porque el que me va a traicionar est\u00e1 aqu\u00ed. \u00a1Vengan!... \u00bfAd\u00f3nde vas, oh Jes\u00fas m\u00edo?\u00bb<\/em><br><br>\u2013 <em>Hijo m\u00edo, a los que sufren\u2026<\/em><br><em>\u00a1Por qui\u00e9n, mi Jes\u00fas!<\/em><br>\u2013 <em>\u00a1Para ti, hijo m\u00edo!\u2026<\/em><\/p>\n\n\n\n<p><em>Ahora veo claramente que Jes\u00fas quiso sufrir voluntariamente por amor a m\u00ed. Pudo haber huido, pero no lo hizo. Pudo haber esperado a sus verdugos, pero no, sali\u00f3 a su encuentro... como si fueran sus benefactores.<\/em><\/p>\n\n\n\n<p><em>Mil gracias, Jes\u00fas. Ll\u00e9vanos adonde nos has llamado.<\/em>.<\/p>\n\n\n\n<p><\/p>","protected":false},"excerpt":{"rendered":"<p>Na vida vivemos muitas lutas, sejam elas f\u00edsicas ou espirituais. Passamos por momentos dif\u00edceis, temos a f\u00e9 testada, temos as for\u00e7as esva\u00eddas. Buscamos o consolo nas atribui\u00e7\u00f5es, estendemos as m\u00e3os para os irm\u00e3os necessitados e continuamos na nossa caminhada de filhos de Deus. Mas diante de tanta luta, Padre Eust\u00e1quio nos traz uma palavra de consolo: \u201cdescansa e dorme\u201d. Leia o texto do Bem-aventurado sobre o assunto. Este escrito foi publicado no Boletim da Matriz Sagrados Cora\u00e7\u00f5es dos anos 1946\/1947 Sigamos um dos doze ap\u00f3stolos, que deixou a sala da \u00faltima ceia, com um sinistro plano em seu cora\u00e7\u00e3o. Sabe [&hellip;]<\/p>\n","protected":false},"author":2,"featured_media":7522,"comment_status":"open","ping_status":"closed","sticky":false,"template":"","format":"standard","meta":{"_acf_changed":false,"footnotes":""},"categories":[611],"tags":[],"class_list":["post-7521","post","type-post","status-publish","format-standard","has-post-thumbnail","hentry","category-noticias"],"acf":[],"yoast_head":"<!-- This site is optimized with the Yoast SEO plugin v27.2 - https:\/\/yoast.com\/product\/yoast-seo-wordpress\/ -->\n<title>Palavra do Padre Eust\u00e1quio: Descansa e dorme<\/title>\n<meta name=\"description\" content=\"Na vida vivemos muitas lutas, sejam elas f\u00edsicas ou espirituais. Passamos por momentos dif\u00edceis, temos a f\u00e9 testada, temos as for\u00e7as esva\u00eddas. Buscamos o consolo nas atribui\u00e7\u00f5es, estendemos as m\u00e3os para os irm\u00e3os necessitados e continuamos na nossa caminhada de filhos de Deus.\" \/>\n<meta name=\"robots\" content=\"index, follow, max-snippet:-1, max-image-preview:large, max-video-preview:-1\" \/>\n<link rel=\"canonical\" href=\"https:\/\/www.padreeustaquio.com.br\/es\/la-palabra-del-padre-eustace-descansar-y-dormir\/\" \/>\n<meta property=\"og:locale\" content=\"es_ES\" \/>\n<meta property=\"og:type\" content=\"article\" \/>\n<meta property=\"og:title\" content=\"Palavra do Padre Eust\u00e1quio: Descansa e dorme\" \/>\n<meta property=\"og:description\" content=\"Na vida vivemos muitas lutas, sejam elas f\u00edsicas ou espirituais. Passamos por momentos dif\u00edceis, temos a f\u00e9 testada, temos as for\u00e7as esva\u00eddas. Buscamos o consolo nas atribui\u00e7\u00f5es, estendemos as m\u00e3os para os irm\u00e3os necessitados e continuamos na nossa caminhada de filhos de Deus.\" \/>\n<meta property=\"og:url\" content=\"https:\/\/www.padreeustaquio.com.br\/es\/la-palabra-del-padre-eustace-descansar-y-dormir\/\" \/>\n<meta property=\"og:site_name\" content=\"Padre Eust\u00e1quio\" \/>\n<meta property=\"article:publisher\" content=\"https:\/\/www.facebook.com\/beatopadreeustaquio\/\" \/>\n<meta property=\"article:published_time\" content=\"2021-11-11T09:13:00+00:00\" \/>\n<meta property=\"og:image\" content=\"https:\/\/www.padreeustaquio.com.br\/wp-content\/uploads\/2021\/11\/Padre-eustaquio-em-itauna-palavras-de-um-beato-santo-escritos-e1636581680660.jpeg\" \/>\n\t<meta property=\"og:image:width\" content=\"1280\" \/>\n\t<meta property=\"og:image:height\" content=\"681\" \/>\n\t<meta property=\"og:image:type\" content=\"image\/jpeg\" \/>\n<meta name=\"author\" content=\"@sscc\" \/>\n<meta name=\"twitter:card\" content=\"summary_large_image\" \/>\n<meta name=\"twitter:creator\" content=\"@beatopeustaquio\" \/>\n<meta name=\"twitter:site\" content=\"@beatopeustaquio\" \/>\n<meta name=\"twitter:label1\" content=\"Escrito por\" \/>\n\t<meta name=\"twitter:data1\" content=\"@sscc\" \/>\n\t<meta name=\"twitter:label2\" content=\"Tiempo de lectura\" \/>\n\t<meta name=\"twitter:data2\" content=\"3 minutos\" \/>\n<script type=\"application\/ld+json\" class=\"yoast-schema-graph\">{\"@context\":\"https:\/\/schema.org\",\"@graph\":[{\"@type\":\"Article\",\"@id\":\"https:\/\/www.padreeustaquio.com.br\/palavra-do-padre-eustaquio-descansa-e-dorme\/#article\",\"isPartOf\":{\"@id\":\"https:\/\/www.padreeustaquio.com.br\/palavra-do-padre-eustaquio-descansa-e-dorme\/\"},\"author\":{\"name\":\"@sscc\",\"@id\":\"https:\/\/www.padreeustaquio.com.br\/#\/schema\/person\/a2a51db1d00f1a7af0204a0f1ddb1566\"},\"headline\":\"Palavra do Padre Eust\u00e1quio: Descansa e dorme\",\"datePublished\":\"2021-11-11T09:13:00+00:00\",\"mainEntityOfPage\":{\"@id\":\"https:\/\/www.padreeustaquio.com.br\/palavra-do-padre-eustaquio-descansa-e-dorme\/\"},\"wordCount\":546,\"commentCount\":0,\"publisher\":{\"@id\":\"https:\/\/www.padreeustaquio.com.br\/#organization\"},\"image\":{\"@id\":\"https:\/\/www.padreeustaquio.com.br\/palavra-do-padre-eustaquio-descansa-e-dorme\/#primaryimage\"},\"thumbnailUrl\":\"https:\/\/www.padreeustaquio.com.br\/wp-content\/uploads\/2021\/11\/Padre-eustaquio-em-itauna-palavras-de-um-beato-santo-escritos-e1636581680660.jpeg\",\"articleSection\":[\"Not\u00edcias\"],\"inLanguage\":\"es\",\"potentialAction\":[{\"@type\":\"CommentAction\",\"name\":\"Comment\",\"target\":[\"https:\/\/www.padreeustaquio.com.br\/palavra-do-padre-eustaquio-descansa-e-dorme\/#respond\"]}]},{\"@type\":\"WebPage\",\"@id\":\"https:\/\/www.padreeustaquio.com.br\/palavra-do-padre-eustaquio-descansa-e-dorme\/\",\"url\":\"https:\/\/www.padreeustaquio.com.br\/palavra-do-padre-eustaquio-descansa-e-dorme\/\",\"name\":\"Palavra do Padre Eust\u00e1quio: Descansa e dorme\",\"isPartOf\":{\"@id\":\"https:\/\/www.padreeustaquio.com.br\/#website\"},\"primaryImageOfPage\":{\"@id\":\"https:\/\/www.padreeustaquio.com.br\/palavra-do-padre-eustaquio-descansa-e-dorme\/#primaryimage\"},\"image\":{\"@id\":\"https:\/\/www.padreeustaquio.com.br\/palavra-do-padre-eustaquio-descansa-e-dorme\/#primaryimage\"},\"thumbnailUrl\":\"https:\/\/www.padreeustaquio.com.br\/wp-content\/uploads\/2021\/11\/Padre-eustaquio-em-itauna-palavras-de-um-beato-santo-escritos-e1636581680660.jpeg\",\"datePublished\":\"2021-11-11T09:13:00+00:00\",\"description\":\"Na vida vivemos muitas lutas, sejam elas f\u00edsicas ou espirituais. Passamos por momentos dif\u00edceis, temos a f\u00e9 testada, temos as for\u00e7as esva\u00eddas. Buscamos o consolo nas atribui\u00e7\u00f5es, estendemos as m\u00e3os para os irm\u00e3os necessitados e continuamos na nossa caminhada de filhos de Deus.\",\"breadcrumb\":{\"@id\":\"https:\/\/www.padreeustaquio.com.br\/palavra-do-padre-eustaquio-descansa-e-dorme\/#breadcrumb\"},\"inLanguage\":\"es\",\"potentialAction\":[{\"@type\":\"ReadAction\",\"target\":[\"https:\/\/www.padreeustaquio.com.br\/palavra-do-padre-eustaquio-descansa-e-dorme\/\"]}]},{\"@type\":\"ImageObject\",\"inLanguage\":\"es\",\"@id\":\"https:\/\/www.padreeustaquio.com.br\/palavra-do-padre-eustaquio-descansa-e-dorme\/#primaryimage\",\"url\":\"https:\/\/www.padreeustaquio.com.br\/wp-content\/uploads\/2021\/11\/Padre-eustaquio-em-itauna-palavras-de-um-beato-santo-escritos-e1636581680660.jpeg\",\"contentUrl\":\"https:\/\/www.padreeustaquio.com.br\/wp-content\/uploads\/2021\/11\/Padre-eustaquio-em-itauna-palavras-de-um-beato-santo-escritos-e1636581680660.jpeg\",\"width\":1280,\"height\":681},{\"@type\":\"BreadcrumbList\",\"@id\":\"https:\/\/www.padreeustaquio.com.br\/palavra-do-padre-eustaquio-descansa-e-dorme\/#breadcrumb\",\"itemListElement\":[{\"@type\":\"ListItem\",\"position\":1,\"name\":\"In\u00edcio\",\"item\":\"https:\/\/www.padreeustaquio.com.br\/\"},{\"@type\":\"ListItem\",\"position\":2,\"name\":\"Palavra do Padre Eust\u00e1quio: Descansa e dorme\"}]},{\"@type\":\"WebSite\",\"@id\":\"https:\/\/www.padreeustaquio.com.br\/#website\",\"url\":\"https:\/\/www.padreeustaquio.com.br\/\",\"name\":\"Padre Eust\u00e1quio\",\"description\":\"Sa\u00fade e Paz\",\"publisher\":{\"@id\":\"https:\/\/www.padreeustaquio.com.br\/#organization\"},\"potentialAction\":[{\"@type\":\"SearchAction\",\"target\":{\"@type\":\"EntryPoint\",\"urlTemplate\":\"https:\/\/www.padreeustaquio.com.br\/?s={search_term_string}\"},\"query-input\":{\"@type\":\"PropertyValueSpecification\",\"valueRequired\":true,\"valueName\":\"search_term_string\"}}],\"inLanguage\":\"es\"},{\"@type\":\"Organization\",\"@id\":\"https:\/\/www.padreeustaquio.com.br\/#organization\",\"name\":\"Padre Eust\u00e1quio\",\"url\":\"https:\/\/www.padreeustaquio.com.br\/\",\"logo\":{\"@type\":\"ImageObject\",\"inLanguage\":\"es\",\"@id\":\"https:\/\/www.padreeustaquio.com.br\/#\/schema\/logo\/image\/\",\"url\":\"https:\/\/www.padreeustaquio.com.br\/wp-content\/uploads\/2019\/08\/marca.png\",\"contentUrl\":\"https:\/\/www.padreeustaquio.com.br\/wp-content\/uploads\/2019\/08\/marca.png\",\"width\":350,\"height\":400,\"caption\":\"Padre Eust\u00e1quio\"},\"image\":{\"@id\":\"https:\/\/www.padreeustaquio.com.br\/#\/schema\/logo\/image\/\"},\"sameAs\":[\"https:\/\/www.facebook.com\/beatopadreeustaquio\/\",\"https:\/\/x.com\/beatopeustaquio\",\"https:\/\/www.instagram.com\/beatopadreeustaquio\/\",\"https:\/\/www.youtube.com\/channel\/UCRhw7vfabnajwLxb1ZXMeIw\"]},{\"@type\":\"Person\",\"@id\":\"https:\/\/www.padreeustaquio.com.br\/#\/schema\/person\/a2a51db1d00f1a7af0204a0f1ddb1566\",\"name\":\"@sscc\",\"image\":{\"@type\":\"ImageObject\",\"inLanguage\":\"es\",\"@id\":\"https:\/\/secure.gravatar.com\/avatar\/68cfafa5f44617fea54071e215026e0ff06be366c3d54a8425f04fdcb86f8c5f?s=96&d=mm&r=g\",\"url\":\"https:\/\/secure.gravatar.com\/avatar\/68cfafa5f44617fea54071e215026e0ff06be366c3d54a8425f04fdcb86f8c5f?s=96&d=mm&r=g\",\"contentUrl\":\"https:\/\/secure.gravatar.com\/avatar\/68cfafa5f44617fea54071e215026e0ff06be366c3d54a8425f04fdcb86f8c5f?s=96&d=mm&r=g\",\"caption\":\"@sscc\"},\"url\":\"https:\/\/www.padreeustaquio.com.br\/es\/author\/sscc\/\"}]}<\/script>\n<!-- \/ Yoast SEO plugin. -->","yoast_head_json":{"title":"Palabras del Padre Eust\u00e1quio: Descansa y duerme.","description":"En la vida, experimentamos muchas luchas, tanto f\u00edsicas como espirituales. Pasamos por momentos dif\u00edciles, nuestra fe se pone a prueba y nuestras fuerzas se agotan. Buscamos consuelo en nuestras responsabilidades, nos acercamos a nuestros hermanos y hermanas necesitados y continuamos nuestro camino como hijos de Dios.","robots":{"index":"index","follow":"follow","max-snippet":"max-snippet:-1","max-image-preview":"max-image-preview:large","max-video-preview":"max-video-preview:-1"},"canonical":"https:\/\/www.padreeustaquio.com.br\/es\/la-palabra-del-padre-eustace-descansar-y-dormir\/","og_locale":"es_ES","og_type":"article","og_title":"Palavra do Padre Eust\u00e1quio: Descansa e dorme","og_description":"Na vida vivemos muitas lutas, sejam elas f\u00edsicas ou espirituais. Passamos por momentos dif\u00edceis, temos a f\u00e9 testada, temos as for\u00e7as esva\u00eddas. Buscamos o consolo nas atribui\u00e7\u00f5es, estendemos as m\u00e3os para os irm\u00e3os necessitados e continuamos na nossa caminhada de filhos de Deus.","og_url":"https:\/\/www.padreeustaquio.com.br\/es\/la-palabra-del-padre-eustace-descansar-y-dormir\/","og_site_name":"Padre Eust\u00e1quio","article_publisher":"https:\/\/www.facebook.com\/beatopadreeustaquio\/","article_published_time":"2021-11-11T09:13:00+00:00","og_image":[{"width":1280,"height":681,"url":"https:\/\/www.padreeustaquio.com.br\/wp-content\/uploads\/2021\/11\/Padre-eustaquio-em-itauna-palavras-de-um-beato-santo-escritos-e1636581680660.jpeg","type":"image\/jpeg"}],"author":"@sscc","twitter_card":"summary_large_image","twitter_creator":"@beatopeustaquio","twitter_site":"@beatopeustaquio","twitter_misc":{"Escrito por":"@sscc","Tiempo de lectura":"3 minutos"},"schema":{"@context":"https:\/\/schema.org","@graph":[{"@type":"Article","@id":"https:\/\/www.padreeustaquio.com.br\/palavra-do-padre-eustaquio-descansa-e-dorme\/#article","isPartOf":{"@id":"https:\/\/www.padreeustaquio.com.br\/palavra-do-padre-eustaquio-descansa-e-dorme\/"},"author":{"name":"@sscc","@id":"https:\/\/www.padreeustaquio.com.br\/#\/schema\/person\/a2a51db1d00f1a7af0204a0f1ddb1566"},"headline":"Palavra do Padre Eust\u00e1quio: Descansa e dorme","datePublished":"2021-11-11T09:13:00+00:00","mainEntityOfPage":{"@id":"https:\/\/www.padreeustaquio.com.br\/palavra-do-padre-eustaquio-descansa-e-dorme\/"},"wordCount":546,"commentCount":0,"publisher":{"@id":"https:\/\/www.padreeustaquio.com.br\/#organization"},"image":{"@id":"https:\/\/www.padreeustaquio.com.br\/palavra-do-padre-eustaquio-descansa-e-dorme\/#primaryimage"},"thumbnailUrl":"https:\/\/www.padreeustaquio.com.br\/wp-content\/uploads\/2021\/11\/Padre-eustaquio-em-itauna-palavras-de-um-beato-santo-escritos-e1636581680660.jpeg","articleSection":["Not\u00edcias"],"inLanguage":"es","potentialAction":[{"@type":"CommentAction","name":"Comment","target":["https:\/\/www.padreeustaquio.com.br\/palavra-do-padre-eustaquio-descansa-e-dorme\/#respond"]}]},{"@type":"WebPage","@id":"https:\/\/www.padreeustaquio.com.br\/palavra-do-padre-eustaquio-descansa-e-dorme\/","url":"https:\/\/www.padreeustaquio.com.br\/palavra-do-padre-eustaquio-descansa-e-dorme\/","name":"Palabras del Padre Eust\u00e1quio: Descansa y duerme.","isPartOf":{"@id":"https:\/\/www.padreeustaquio.com.br\/#website"},"primaryImageOfPage":{"@id":"https:\/\/www.padreeustaquio.com.br\/palavra-do-padre-eustaquio-descansa-e-dorme\/#primaryimage"},"image":{"@id":"https:\/\/www.padreeustaquio.com.br\/palavra-do-padre-eustaquio-descansa-e-dorme\/#primaryimage"},"thumbnailUrl":"https:\/\/www.padreeustaquio.com.br\/wp-content\/uploads\/2021\/11\/Padre-eustaquio-em-itauna-palavras-de-um-beato-santo-escritos-e1636581680660.jpeg","datePublished":"2021-11-11T09:13:00+00:00","description":"En la vida, experimentamos muchas luchas, tanto f\u00edsicas como espirituales. Pasamos por momentos dif\u00edciles, nuestra fe se pone a prueba y nuestras fuerzas se agotan. Buscamos consuelo en nuestras responsabilidades, nos acercamos a nuestros hermanos y hermanas necesitados y continuamos nuestro camino como hijos de Dios.","breadcrumb":{"@id":"https:\/\/www.padreeustaquio.com.br\/palavra-do-padre-eustaquio-descansa-e-dorme\/#breadcrumb"},"inLanguage":"es","potentialAction":[{"@type":"ReadAction","target":["https:\/\/www.padreeustaquio.com.br\/palavra-do-padre-eustaquio-descansa-e-dorme\/"]}]},{"@type":"ImageObject","inLanguage":"es","@id":"https:\/\/www.padreeustaquio.com.br\/palavra-do-padre-eustaquio-descansa-e-dorme\/#primaryimage","url":"https:\/\/www.padreeustaquio.com.br\/wp-content\/uploads\/2021\/11\/Padre-eustaquio-em-itauna-palavras-de-um-beato-santo-escritos-e1636581680660.jpeg","contentUrl":"https:\/\/www.padreeustaquio.com.br\/wp-content\/uploads\/2021\/11\/Padre-eustaquio-em-itauna-palavras-de-um-beato-santo-escritos-e1636581680660.jpeg","width":1280,"height":681},{"@type":"BreadcrumbList","@id":"https:\/\/www.padreeustaquio.com.br\/palavra-do-padre-eustaquio-descansa-e-dorme\/#breadcrumb","itemListElement":[{"@type":"ListItem","position":1,"name":"In\u00edcio","item":"https:\/\/www.padreeustaquio.com.br\/"},{"@type":"ListItem","position":2,"name":"Palavra do Padre Eust\u00e1quio: Descansa e dorme"}]},{"@type":"WebSite","@id":"https:\/\/www.padreeustaquio.com.br\/#website","url":"https:\/\/www.padreeustaquio.com.br\/","name":"Padre Eustace","description":"Salud y Paz","publisher":{"@id":"https:\/\/www.padreeustaquio.com.br\/#organization"},"potentialAction":[{"@type":"SearchAction","target":{"@type":"EntryPoint","urlTemplate":"https:\/\/www.padreeustaquio.com.br\/?s={search_term_string}"},"query-input":{"@type":"PropertyValueSpecification","valueRequired":true,"valueName":"search_term_string"}}],"inLanguage":"es"},{"@type":"Organization","@id":"https:\/\/www.padreeustaquio.com.br\/#organization","name":"Padre Eustace","url":"https:\/\/www.padreeustaquio.com.br\/","logo":{"@type":"ImageObject","inLanguage":"es","@id":"https:\/\/www.padreeustaquio.com.br\/#\/schema\/logo\/image\/","url":"https:\/\/www.padreeustaquio.com.br\/wp-content\/uploads\/2019\/08\/marca.png","contentUrl":"https:\/\/www.padreeustaquio.com.br\/wp-content\/uploads\/2019\/08\/marca.png","width":350,"height":400,"caption":"Padre Eust\u00e1quio"},"image":{"@id":"https:\/\/www.padreeustaquio.com.br\/#\/schema\/logo\/image\/"},"sameAs":["https:\/\/www.facebook.com\/beatopadreeustaquio\/","https:\/\/x.com\/beatopeustaquio","https:\/\/www.instagram.com\/beatopadreeustaquio\/","https:\/\/www.youtube.com\/channel\/UCRhw7vfabnajwLxb1ZXMeIw"]},{"@type":"Person","@id":"https:\/\/www.padreeustaquio.com.br\/#\/schema\/person\/a2a51db1d00f1a7af0204a0f1ddb1566","name":"@sscc","image":{"@type":"ImageObject","inLanguage":"es","@id":"https:\/\/secure.gravatar.com\/avatar\/68cfafa5f44617fea54071e215026e0ff06be366c3d54a8425f04fdcb86f8c5f?s=96&d=mm&r=g","url":"https:\/\/secure.gravatar.com\/avatar\/68cfafa5f44617fea54071e215026e0ff06be366c3d54a8425f04fdcb86f8c5f?s=96&d=mm&r=g","contentUrl":"https:\/\/secure.gravatar.com\/avatar\/68cfafa5f44617fea54071e215026e0ff06be366c3d54a8425f04fdcb86f8c5f?s=96&d=mm&r=g","caption":"@sscc"},"url":"https:\/\/www.padreeustaquio.com.br\/es\/author\/sscc\/"}]}},"_links":{"self":[{"href":"https:\/\/www.padreeustaquio.com.br\/es\/wp-json\/wp\/v2\/posts\/7521","targetHints":{"allow":["GET"]}}],"collection":[{"href":"https:\/\/www.padreeustaquio.com.br\/es\/wp-json\/wp\/v2\/posts"}],"about":[{"href":"https:\/\/www.padreeustaquio.com.br\/es\/wp-json\/wp\/v2\/types\/post"}],"author":[{"embeddable":true,"href":"https:\/\/www.padreeustaquio.com.br\/es\/wp-json\/wp\/v2\/users\/2"}],"replies":[{"embeddable":true,"href":"https:\/\/www.padreeustaquio.com.br\/es\/wp-json\/wp\/v2\/comments?post=7521"}],"version-history":[{"count":0,"href":"https:\/\/www.padreeustaquio.com.br\/es\/wp-json\/wp\/v2\/posts\/7521\/revisions"}],"wp:featuredmedia":[{"embeddable":true,"href":"https:\/\/www.padreeustaquio.com.br\/es\/wp-json\/wp\/v2\/media\/7522"}],"wp:attachment":[{"href":"https:\/\/www.padreeustaquio.com.br\/es\/wp-json\/wp\/v2\/media?parent=7521"}],"wp:term":[{"taxonomy":"category","embeddable":true,"href":"https:\/\/www.padreeustaquio.com.br\/es\/wp-json\/wp\/v2\/categories?post=7521"},{"taxonomy":"post_tag","embeddable":true,"href":"https:\/\/www.padreeustaquio.com.br\/es\/wp-json\/wp\/v2\/tags?post=7521"}],"curies":[{"name":"wp","href":"https:\/\/api.w.org\/{rel}","templated":true}]}}